{"id":19028,"date":"2024-12-06T17:24:00","date_gmt":"2024-12-06T16:24:00","guid":{"rendered":"https:\/\/weisetech.dev\/fc-barcelona-noticias\/en\/hansi-flick-confirms-barca-first-winter-signing_309113_102\/"},"modified":"2024-12-06T17:24:00","modified_gmt":"2024-12-06T16:24:00","slug":"hansi-flick-confirms-barca-first-winter-signing_309113_102","status":"publish","type":"post","link":"https:\/\/www.fcbarcelonanoticias.com\/en\/fc-barcelona\/hansi-flick-confirms-barca-first-winter-signing_309113_102.html","title":{"rendered":"Hansi Flick confirms Bar\u00e7a&#8217;s first winter signing!"},"content":{"rendered":"<h2 class=\"wp-block-heading\">Hansi Flick appeared before the media ahead of Betis-Bar\u00e7a. The German ruled out Raphinha&#8217;s rotation and revealed Ara\u00fajo&#8217;s return date<\/h2>  \r\n<div class=\"article-addons\">\r\n    <a href=\"https:\/\/www.fcbarcelonanoticias.com\/en\/calendar-fc-barcelona.html\"\r\n       target=\"_self\"\r\n       title=\"Calendar of FC Barcelona\"\r\n       class=\"blue-gredient-btn\">\r\n       \r\n        Calendar of FC Barcelona    <\/a>\r\n<\/div>   <p><a data-external=\"0\" data-intl-links-en=\"https:\/\/www.fcbarcelonanoticias.com\/en\/calendar-fc-barcelona-in-laliga.html\" data-intl-links-es=\"https:\/\/www.fcbarcelonanoticias.com\/calendario-fcbarcelona-laliga.html\" href=\"https:\/\/www.fcbarcelonanoticias.com\/en\/calendar-fc-barcelona-in-laliga.html\" rel=\"follow\" target=\"_self\" title=\"Calendar FC Barcelona LaLiga\">FC Barcelona will visit the Benito Villamar\u00edn this Saturday, December 7, to face Real Betis<\/a> in the 16th round of <strong>LaLiga EA Sports 24\/25<\/strong>. A team that, in the press conference before the match, <strong>Hansi Flick<\/strong> defined as &#8220;very good and has experienced players. We already know what they are capable of at the end, they always press high and we have to be careful.&#8221;<\/p>  <p>After returning to winning ways in the league championship last Tuesday in Son Moix, the coach assured that &#8220;we must have the same mentality as in Mallorca. Next week we also have the Champions League, <strong>it is important that the team believes in its strengths<\/strong>, that is what this young team needs.&#8221;<\/p>  <h3>The reunion with Vitor Roque<\/h3>  <p>In Seville, <strong>Bar\u00e7a <\/strong>will meet again with <strong>Vitor Roque<\/strong>, who left Barcelona last summer due to the lack of opportunities that <strong>Flick <\/strong>promised him if he decided to continue with the team. A situation that the German has referred to in front of the media.<\/p>  <blockquote> <p>&#8220;We realised that when he arrived he was not in the best situation. I spoke to him and he was not completely happy, it was the best decision for him. It is very good for him that he feels better and is more positive&#8221;<\/p> <\/blockquote>  <p>&#8220;I am not worried, I trust my players. All teams have good footballers, the same with <strong>Betis<\/strong>. We must defend as well as possible. He is doing very well and is improving,&#8221; commented the Bar\u00e7a coach on the match against the Brazilian.<\/p>  <h3>Will Raphinha rotate against Betis?<\/h3>  <p>When asked about the possible rest of <strong>Raphinha <\/strong>against <strong>Betis<\/strong>, <strong>Flick <\/strong>flatly ruled out the rotation of the winger. &#8220;No, no. We are very convinced, we need Rapha in all the games. When he is available and OK he will play. If he works for the 90&#8242;, then he will play whole, if not less. <strong>Lewy is also a case and will be a starter tomorrow<\/strong>,&#8221; he revealed.<\/p>  <p>He also urged <strong>Lamine Yamal<\/strong> to continue showing his best level on the pitch to give credence to the myth of &#8216;Laminedependence&#8217;. &#8220;If the statistics are true, I hope to see him tomorrow,&#8221; said the coach forcefully.<\/p>  <h3>The return of Ara\u00fajo and the other injured players<\/h3>  <p>On the other hand, the German confessed that, although <strong>Ronald Ara\u00fajo<\/strong> will not be available in Seville, he could be at his command next Wednesday against <strong>Borussia Dortmund<\/strong>, although his return is scheduled for Sunday 15 against <strong>Legan\u00e9s<\/strong>.<\/p>  <blockquote> <p>&#8220;He will not be available tomorrow. Maybe he could play against Dortmund, but our objective is for him to be available for Legan\u00e9s&#8221;<\/p> <\/blockquote>  <p>&#8220;It is not easy to include him in all the games because the team is doing well. I am very happy, in today&#8217;s training we focused on tomorrow,&#8221; said the coach.<\/p>  <p>Regarding the recoveries of <strong>Andreas Christensen<\/strong> and <strong>Ansu Fati<\/strong>, <strong>Flick <\/strong>said that &#8220;I think that when you think about how many games we have from the beginning of the year next year, it is important to have rotation, so that the players recover. Of course I like that players are recovering, let&#8217;s hope that they can all recover before the end of the year.&#8221;<\/p>  <h3>Bar\u00e7a&#8217;s absence from the Club World Cup<\/h3>  <p><strong>Flick <\/strong>surprised those present at his appearance by saying that <strong>Bar\u00e7a&#8217;s <\/strong>absence from the Club World Cup could be positive. &#8220;I can&#8217;t change it. We&#8217;re not there and well, at the end of next season I also think about my players who already carry a lot of load. <strong>Maybe it&#8217;s also good for them to rest more<\/strong>. We&#8217;ll have a longer preseason to prepare them,&#8221; he said.<\/p>  <p>Finally, when asked if it would be better to have many more games at the <strong>Spotify Camp Nou <\/strong>in the second half of the season, the coach said: &#8220;It could be, I&#8217;m not entirely convinced because we have to play all the games. We already saw what happened last weekend. Let&#8217;s hope so, this morning I was talking to my assistant about it and we hope we can play on the new pitch.&#8221;<\/p> ","protected":false},"excerpt":{"rendered":"<p>Hansi Flick appeared before the media ahead of Betis-Bar\u00e7a. The German ruled out Raphinha&#8217;s rotation and revealed Ara\u00fajo&#8217;s return date FC Barcelona will visit the Benito Villamar\u00edn this Saturday, December 7, to face Real Betis in the 16th round of LaLiga EA Sports 24\/25. A team that, in the press conference before the match, Hansi [&hellip;]<\/p>\n","protected":false},"author":358,"featured_media":19037,"comment_status":"closed","ping_status":"open","sticky":false,"template":"","format":"standard","meta":{"_acf_changed":false,"inline_featured_image":false,"_nextfly_llmd_date_locked":false,"footnotes":""},"categories":[111],"tags":[47,87],"class_list":["post-19028","post","type-post","status-publish","format-standard","has-post-thumbnail","hentry","category-fc-barcelona","tag-fc-barcelona-vs-betis","tag-hansi-flick"],"acf":[],"yoast_head":"<!-- This site is optimized with the Yoast SEO plugin v27.3 - https:\/\/yoast.com\/product\/yoast-seo-wordpress\/ -->\n<title>Hansi Flick confirms Bar\u00e7a&#039;s first winter signing!<\/title>\n<meta name=\"description\" content=\"Hansi Flick appeared before the media ahead of Betis-Bar\u00e7a. The German ruled out Raphinha&#039;s rotation and revealed Ara\u00fajo&#039;s return date\" \/>\n<meta name=\"robots\" content=\"index, follow, max-snippet:-1, max-image-preview:large, max-video-preview:-1\" \/>\n<link rel=\"canonical\" href=\"https:\/\/www.fcbarcelonanoticias.com\/en\/fc-barcelona\/hansi-flick-confirms-barca-first-winter-signing_309113_102.html\" \/>\n<meta property=\"og:locale\" content=\"en_US\" \/>\n<meta property=\"og:type\" content=\"article\" \/>\n<meta property=\"og:title\" content=\"Hansi Flick confirms Bar\u00e7a&#039;s first winter signing!\" \/>\n<meta property=\"og:description\" content=\"Hansi Flick appeared before the media ahead of Betis-Bar\u00e7a. The German ruled out Raphinha&#039;s rotation and revealed Ara\u00fajo&#039;s return date\" \/>\n<meta property=\"og:url\" content=\"https:\/\/www.fcbarcelonanoticias.com\/en\/fc-barcelona\/hansi-flick-confirms-barca-first-winter-signing_309113_102.html\" \/>\n<meta property=\"og:site_name\" content=\"EN - FC Barcelona Noticias\" \/>\n<meta property=\"article:published_time\" content=\"2024-12-06T16:24:00+00:00\" \/>\n<meta property=\"og:image\" content=\"https:\/\/www.fcbarcelonanoticias.com\/en\/wp-content\/uploads\/sites\/2\/2024\/12\/hansi-flick-rdp-6.jpeg\" \/>\n\t<meta property=\"og:image:width\" content=\"1200\" \/>\n\t<meta property=\"og:image:height\" content=\"675\" \/>\n\t<meta property=\"og:image:type\" content=\"image\/jpeg\" \/>\n<meta name=\"author\" content=\"Juan Pablo Berdugo\" \/>\n<meta name=\"twitter:card\" content=\"summary_large_image\" \/>\n<meta name=\"twitter:label1\" content=\"Written by\" \/>\n\t<meta name=\"twitter:data1\" content=\"Juan Pablo Berdugo\" \/>\n\t<meta name=\"twitter:label2\" content=\"Est. reading time\" \/>\n\t<meta name=\"twitter:data2\" content=\"4 minutes\" \/>\n<script type=\"application\/ld+json\" class=\"yoast-schema-graph\">{\"@context\":\"https:\\\/\\\/schema.org\",\"@graph\":[{\"@type\":\"Article\",\"@id\":\"https:\\\/\\\/www.fcbarcelonanoticias.com\\\/en\\\/fc-barcelona\\\/hansi-flick-confirms-barca-first-winter-signing_309113_102.html#article\",\"isPartOf\":{\"@id\":\"https:\\\/\\\/www.fcbarcelonanoticias.com\\\/en\\\/fc-barcelona\\\/hansi-flick-confirms-barca-first-winter-signing_309113_102.html\"},\"author\":{\"name\":\"Juan Pablo Berdugo\",\"@id\":\"https:\\\/\\\/www.fcbarcelonanoticias.com\\\/en\\\/#\\\/schema\\\/person\\\/88d756918a0a1ae9fa593b5edddd1815\"},\"headline\":\"Hansi Flick confirms Bar\u00e7a&#8217;s first winter signing!\",\"datePublished\":\"2024-12-06T16:24:00+00:00\",\"mainEntityOfPage\":{\"@id\":\"https:\\\/\\\/www.fcbarcelonanoticias.com\\\/en\\\/fc-barcelona\\\/hansi-flick-confirms-barca-first-winter-signing_309113_102.html\"},\"wordCount\":723,\"image\":{\"@id\":\"https:\\\/\\\/www.fcbarcelonanoticias.com\\\/en\\\/fc-barcelona\\\/hansi-flick-confirms-barca-first-winter-signing_309113_102.html#primaryimage\"},\"thumbnailUrl\":\"https:\\\/\\\/www.fcbarcelonanoticias.com\\\/en\\\/wp-content\\\/uploads\\\/sites\\\/2\\\/2024\\\/12\\\/hansi-flick-rdp-6.jpeg\",\"keywords\":[\"FC Barcelona vs Betis\",\"Hansi Flick\"],\"articleSection\":[\"FC Barcelona\"],\"inLanguage\":\"en-US\"},{\"@type\":\"WebPage\",\"@id\":\"https:\\\/\\\/www.fcbarcelonanoticias.com\\\/en\\\/fc-barcelona\\\/hansi-flick-confirms-barca-first-winter-signing_309113_102.html\",\"url\":\"https:\\\/\\\/www.fcbarcelonanoticias.com\\\/en\\\/fc-barcelona\\\/hansi-flick-confirms-barca-first-winter-signing_309113_102.html\",\"name\":\"Hansi Flick confirms Bar\u00e7a's first winter signing!\",\"isPartOf\":{\"@id\":\"https:\\\/\\\/www.fcbarcelonanoticias.com\\\/en\\\/#website\"},\"primaryImageOfPage\":{\"@id\":\"https:\\\/\\\/www.fcbarcelonanoticias.com\\\/en\\\/fc-barcelona\\\/hansi-flick-confirms-barca-first-winter-signing_309113_102.html#primaryimage\"},\"image\":{\"@id\":\"https:\\\/\\\/www.fcbarcelonanoticias.com\\\/en\\\/fc-barcelona\\\/hansi-flick-confirms-barca-first-winter-signing_309113_102.html#primaryimage\"},\"thumbnailUrl\":\"https:\\\/\\\/www.fcbarcelonanoticias.com\\\/en\\\/wp-content\\\/uploads\\\/sites\\\/2\\\/2024\\\/12\\\/hansi-flick-rdp-6.jpeg\",\"datePublished\":\"2024-12-06T16:24:00+00:00\",\"author\":{\"@id\":\"https:\\\/\\\/www.fcbarcelonanoticias.com\\\/en\\\/#\\\/schema\\\/person\\\/88d756918a0a1ae9fa593b5edddd1815\"},\"description\":\"Hansi Flick appeared before the media ahead of Betis-Bar\u00e7a. The German ruled out Raphinha's rotation and revealed Ara\u00fajo's return date\",\"breadcrumb\":{\"@id\":\"https:\\\/\\\/www.fcbarcelonanoticias.com\\\/en\\\/fc-barcelona\\\/hansi-flick-confirms-barca-first-winter-signing_309113_102.html#breadcrumb\"},\"inLanguage\":\"en-US\",\"potentialAction\":[{\"@type\":\"ReadAction\",\"target\":[\"https:\\\/\\\/www.fcbarcelonanoticias.com\\\/en\\\/fc-barcelona\\\/hansi-flick-confirms-barca-first-winter-signing_309113_102.html\"]}]},{\"@type\":\"ImageObject\",\"inLanguage\":\"en-US\",\"@id\":\"https:\\\/\\\/www.fcbarcelonanoticias.com\\\/en\\\/fc-barcelona\\\/hansi-flick-confirms-barca-first-winter-signing_309113_102.html#primaryimage\",\"url\":\"https:\\\/\\\/www.fcbarcelonanoticias.com\\\/en\\\/wp-content\\\/uploads\\\/sites\\\/2\\\/2024\\\/12\\\/hansi-flick-rdp-6.jpeg\",\"contentUrl\":\"https:\\\/\\\/www.fcbarcelonanoticias.com\\\/en\\\/wp-content\\\/uploads\\\/sites\\\/2\\\/2024\\\/12\\\/hansi-flick-rdp-6.jpeg\",\"width\":1200,\"height\":675},{\"@type\":\"BreadcrumbList\",\"@id\":\"https:\\\/\\\/www.fcbarcelonanoticias.com\\\/en\\\/fc-barcelona\\\/hansi-flick-confirms-barca-first-winter-signing_309113_102.html#breadcrumb\",\"itemListElement\":[{\"@type\":\"ListItem\",\"position\":1,\"name\":\"Portada\",\"item\":\"https:\\\/\\\/www.fcbarcelonanoticias.com\\\/en\\\/\"},{\"@type\":\"ListItem\",\"position\":2,\"name\":\"Hansi Flick confirms Bar\u00e7a&#8217;s first winter signing!\"}]},{\"@type\":\"WebSite\",\"@id\":\"https:\\\/\\\/www.fcbarcelonanoticias.com\\\/en\\\/#website\",\"url\":\"https:\\\/\\\/www.fcbarcelonanoticias.com\\\/en\\\/\",\"name\":\"EN - FC Barcelona Noticias\",\"description\":\"\",\"potentialAction\":[{\"@type\":\"SearchAction\",\"target\":{\"@type\":\"EntryPoint\",\"urlTemplate\":\"https:\\\/\\\/www.fcbarcelonanoticias.com\\\/en\\\/?s={search_term_string}\"},\"query-input\":{\"@type\":\"PropertyValueSpecification\",\"valueRequired\":true,\"valueName\":\"search_term_string\"}}],\"inLanguage\":\"en-US\"},{\"@type\":\"Person\",\"@id\":\"https:\\\/\\\/www.fcbarcelonanoticias.com\\\/en\\\/#\\\/schema\\\/person\\\/88d756918a0a1ae9fa593b5edddd1815\",\"name\":\"Juan Pablo Berdugo\",\"image\":{\"@type\":\"ImageObject\",\"inLanguage\":\"en-US\",\"@id\":\"https:\\\/\\\/secure.gravatar.com\\\/avatar\\\/?s=96&d=mm&r=g\",\"url\":\"https:\\\/\\\/secure.gravatar.com\\\/avatar\\\/?s=96&d=mm&r=g\",\"contentUrl\":\"https:\\\/\\\/secure.gravatar.com\\\/avatar\\\/?s=96&d=mm&r=g\",\"caption\":\"Juan Pablo Berdugo\"},\"description\":\"Juan Pablo Berdugo es graduado en Periodismo. Colabora con FCBN como especialista en informaci\u00f3n del primer equipo del FC Barcelona, f\u00fatbol internacional y mercado de fichajes. Destaca por su enfoque anal\u00edtico, su rigor informativo y su capacidad para detectar tendencias emergentes en el f\u00fatbol global.\",\"url\":\"https:\\\/\\\/www.fcbarcelonanoticias.com\\\/en\\\/fc-barcelona\\\/juan-pablo-berdugo_18_115.html\"}]}<\/script>\n<!-- \/ Yoast SEO plugin. -->","yoast_head_json":{"title":"Hansi Flick confirms Bar\u00e7a's first winter signing!","description":"Hansi Flick appeared before the media ahead of Betis-Bar\u00e7a. The German ruled out Raphinha's rotation and revealed Ara\u00fajo's return date","robots":{"index":"index","follow":"follow","max-snippet":"max-snippet:-1","max-image-preview":"max-image-preview:large","max-video-preview":"max-video-preview:-1"},"canonical":"https:\/\/www.fcbarcelonanoticias.com\/en\/fc-barcelona\/hansi-flick-confirms-barca-first-winter-signing_309113_102.html","og_locale":"en_US","og_type":"article","og_title":"Hansi Flick confirms Bar\u00e7a's first winter signing!","og_description":"Hansi Flick appeared before the media ahead of Betis-Bar\u00e7a. The German ruled out Raphinha's rotation and revealed Ara\u00fajo's return date","og_url":"https:\/\/www.fcbarcelonanoticias.com\/en\/fc-barcelona\/hansi-flick-confirms-barca-first-winter-signing_309113_102.html","og_site_name":"EN - FC Barcelona Noticias","article_published_time":"2024-12-06T16:24:00+00:00","og_image":[{"width":1200,"height":675,"url":"https:\/\/www.fcbarcelonanoticias.com\/en\/wp-content\/uploads\/sites\/2\/2024\/12\/hansi-flick-rdp-6.jpeg","type":"image\/jpeg"}],"author":"Juan Pablo Berdugo","twitter_card":"summary_large_image","twitter_misc":{"Written by":"Juan Pablo Berdugo","Est. reading time":"4 minutes"},"schema":{"@context":"https:\/\/schema.org","@graph":[{"@type":"Article","@id":"https:\/\/www.fcbarcelonanoticias.com\/en\/fc-barcelona\/hansi-flick-confirms-barca-first-winter-signing_309113_102.html#article","isPartOf":{"@id":"https:\/\/www.fcbarcelonanoticias.com\/en\/fc-barcelona\/hansi-flick-confirms-barca-first-winter-signing_309113_102.html"},"author":{"name":"Juan Pablo Berdugo","@id":"https:\/\/www.fcbarcelonanoticias.com\/en\/#\/schema\/person\/88d756918a0a1ae9fa593b5edddd1815"},"headline":"Hansi Flick confirms Bar\u00e7a&#8217;s first winter signing!","datePublished":"2024-12-06T16:24:00+00:00","mainEntityOfPage":{"@id":"https:\/\/www.fcbarcelonanoticias.com\/en\/fc-barcelona\/hansi-flick-confirms-barca-first-winter-signing_309113_102.html"},"wordCount":723,"image":{"@id":"https:\/\/www.fcbarcelonanoticias.com\/en\/fc-barcelona\/hansi-flick-confirms-barca-first-winter-signing_309113_102.html#primaryimage"},"thumbnailUrl":"https:\/\/www.fcbarcelonanoticias.com\/en\/wp-content\/uploads\/sites\/2\/2024\/12\/hansi-flick-rdp-6.jpeg","keywords":["FC Barcelona vs Betis","Hansi Flick"],"articleSection":["FC Barcelona"],"inLanguage":"en-US"},{"@type":"WebPage","@id":"https:\/\/www.fcbarcelonanoticias.com\/en\/fc-barcelona\/hansi-flick-confirms-barca-first-winter-signing_309113_102.html","url":"https:\/\/www.fcbarcelonanoticias.com\/en\/fc-barcelona\/hansi-flick-confirms-barca-first-winter-signing_309113_102.html","name":"Hansi Flick confirms Bar\u00e7a's first winter signing!","isPartOf":{"@id":"https:\/\/www.fcbarcelonanoticias.com\/en\/#website"},"primaryImageOfPage":{"@id":"https:\/\/www.fcbarcelonanoticias.com\/en\/fc-barcelona\/hansi-flick-confirms-barca-first-winter-signing_309113_102.html#primaryimage"},"image":{"@id":"https:\/\/www.fcbarcelonanoticias.com\/en\/fc-barcelona\/hansi-flick-confirms-barca-first-winter-signing_309113_102.html#primaryimage"},"thumbnailUrl":"https:\/\/www.fcbarcelonanoticias.com\/en\/wp-content\/uploads\/sites\/2\/2024\/12\/hansi-flick-rdp-6.jpeg","datePublished":"2024-12-06T16:24:00+00:00","author":{"@id":"https:\/\/www.fcbarcelonanoticias.com\/en\/#\/schema\/person\/88d756918a0a1ae9fa593b5edddd1815"},"description":"Hansi Flick appeared before the media ahead of Betis-Bar\u00e7a. The German ruled out Raphinha's rotation and revealed Ara\u00fajo's return date","breadcrumb":{"@id":"https:\/\/www.fcbarcelonanoticias.com\/en\/fc-barcelona\/hansi-flick-confirms-barca-first-winter-signing_309113_102.html#breadcrumb"},"inLanguage":"en-US","potentialAction":[{"@type":"ReadAction","target":["https:\/\/www.fcbarcelonanoticias.com\/en\/fc-barcelona\/hansi-flick-confirms-barca-first-winter-signing_309113_102.html"]}]},{"@type":"ImageObject","inLanguage":"en-US","@id":"https:\/\/www.fcbarcelonanoticias.com\/en\/fc-barcelona\/hansi-flick-confirms-barca-first-winter-signing_309113_102.html#primaryimage","url":"https:\/\/www.fcbarcelonanoticias.com\/en\/wp-content\/uploads\/sites\/2\/2024\/12\/hansi-flick-rdp-6.jpeg","contentUrl":"https:\/\/www.fcbarcelonanoticias.com\/en\/wp-content\/uploads\/sites\/2\/2024\/12\/hansi-flick-rdp-6.jpeg","width":1200,"height":675},{"@type":"BreadcrumbList","@id":"https:\/\/www.fcbarcelonanoticias.com\/en\/fc-barcelona\/hansi-flick-confirms-barca-first-winter-signing_309113_102.html#breadcrumb","itemListElement":[{"@type":"ListItem","position":1,"name":"Portada","item":"https:\/\/www.fcbarcelonanoticias.com\/en\/"},{"@type":"ListItem","position":2,"name":"Hansi Flick confirms Bar\u00e7a&#8217;s first winter signing!"}]},{"@type":"WebSite","@id":"https:\/\/www.fcbarcelonanoticias.com\/en\/#website","url":"https:\/\/www.fcbarcelonanoticias.com\/en\/","name":"EN - FC Barcelona Noticias","description":"","potentialAction":[{"@type":"SearchAction","target":{"@type":"EntryPoint","urlTemplate":"https:\/\/www.fcbarcelonanoticias.com\/en\/?s={search_term_string}"},"query-input":{"@type":"PropertyValueSpecification","valueRequired":true,"valueName":"search_term_string"}}],"inLanguage":"en-US"},{"@type":"Person","@id":"https:\/\/www.fcbarcelonanoticias.com\/en\/#\/schema\/person\/88d756918a0a1ae9fa593b5edddd1815","name":"Juan Pablo Berdugo","image":{"@type":"ImageObject","inLanguage":"en-US","@id":"https:\/\/secure.gravatar.com\/avatar\/?s=96&d=mm&r=g","url":"https:\/\/secure.gravatar.com\/avatar\/?s=96&d=mm&r=g","contentUrl":"https:\/\/secure.gravatar.com\/avatar\/?s=96&d=mm&r=g","caption":"Juan Pablo Berdugo"},"description":"Juan Pablo Berdugo es graduado en Periodismo. Colabora con FCBN como especialista en informaci\u00f3n del primer equipo del FC Barcelona, f\u00fatbol internacional y mercado de fichajes. Destaca por su enfoque anal\u00edtico, su rigor informativo y su capacidad para detectar tendencias emergentes en el f\u00fatbol global.","url":"https:\/\/www.fcbarcelonanoticias.com\/en\/fc-barcelona\/juan-pablo-berdugo_18_115.html"}]}},"_links":{"self":[{"href":"https:\/\/www.fcbarcelonanoticias.com\/en\/wp-json\/wp\/v2\/posts\/19028","targetHints":{"allow":["GET"]}}],"collection":[{"href":"https:\/\/www.fcbarcelonanoticias.com\/en\/wp-json\/wp\/v2\/posts"}],"about":[{"href":"https:\/\/www.fcbarcelonanoticias.com\/en\/wp-json\/wp\/v2\/types\/post"}],"author":[{"embeddable":true,"href":"https:\/\/www.fcbarcelonanoticias.com\/en\/wp-json\/wp\/v2\/users\/358"}],"replies":[{"embeddable":true,"href":"https:\/\/www.fcbarcelonanoticias.com\/en\/wp-json\/wp\/v2\/comments?post=19028"}],"version-history":[{"count":1,"href":"https:\/\/www.fcbarcelonanoticias.com\/en\/wp-json\/wp\/v2\/posts\/19028\/revisions"}],"predecessor-version":[{"id":103617,"href":"https:\/\/www.fcbarcelonanoticias.com\/en\/wp-json\/wp\/v2\/posts\/19028\/revisions\/103617"}],"wp:featuredmedia":[{"embeddable":true,"href":"https:\/\/www.fcbarcelonanoticias.com\/en\/wp-json\/wp\/v2\/media\/19037"}],"wp:attachment":[{"href":"https:\/\/www.fcbarcelonanoticias.com\/en\/wp-json\/wp\/v2\/media?parent=19028"}],"wp:term":[{"taxonomy":"category","embeddable":true,"href":"https:\/\/www.fcbarcelonanoticias.com\/en\/wp-json\/wp\/v2\/categories?post=19028"},{"taxonomy":"post_tag","embeddable":true,"href":"https:\/\/www.fcbarcelonanoticias.com\/en\/wp-json\/wp\/v2\/tags?post=19028"}],"curies":[{"name":"wp","href":"https:\/\/api.w.org\/{rel}","templated":true}]}}