{"id":19038,"date":"2024-05-24T12:35:00","date_gmt":"2024-05-24T10:35:00","guid":{"rendered":"https:\/\/weisetech.dev\/fc-barcelona-noticias\/en\/fcbarcelona-shows-its-satisfaction-with-the-recent-resolution-of-the-negreira-case_303807_102\/"},"modified":"2024-05-24T12:35:00","modified_gmt":"2024-05-24T10:35:00","slug":"fcbarcelona-shows-its-satisfaction-with-the-recent-resolution-of-the-negreira-case_303807_102","status":"publish","type":"post","link":"https:\/\/www.fcbarcelonanoticias.com\/en\/fc-barcelona\/fcbarcelona-shows-its-satisfaction-with-the-recent-resolution-of-the-negreira-case_303807_102.html","title":{"rendered":"FC Barcelona shows its &#8220;satisfaction&#8221; with the recent resolution of the &#8216;Negreira case&#8217;"},"content":{"rendered":"<h2 class=\"wp-block-heading\">This Friday, very positive news arrived for FC Barcelona regarding the &#8216;Negreira case&#8217; and the Bar\u00e7a club itself wanted to express its satisfaction after the annulment of the possible crime of bribery.<\/h2>  \r\n<div class=\"article-addons\">\r\n    <a href=\"https:\/\/www.fcbarcelonanoticias.com\/en\/calendar-fc-barcelona.html\"\r\n       target=\"_self\"\r\n       title=\"Calendar of FC Barcelona\"\r\n       class=\"blue-gredient-btn\">\r\n       \r\n        Calendar of FC Barcelona    <\/a>\r\n<\/div>   <p><a data-external=\"0\" data-intl-links-en=\"https:\/\/www.fcbarcelonanoticias.com\/en\/fc-barcelona\/the-audience-in-accordance-with-the-barca-it-remains-cancelled-the-crime-of-cohecho-in-the-case-nbsp-negreira_303806_102.html\" data-intl-links-es=\"https:\/\/www.fcbarcelonanoticias.com\/fc-barcelona\/la-audiencia-acuerdo-con-barca-queda-anulado-delito-cohecho-en-caso-negreira_303806_102.html\" href=\"https:\/\/www.fcbarcelonanoticias.com\/en\/fc-barcelona\/the-audience-in-accordance-with-the-barca-it-remains-cancelled-the-crime-of-cohecho-in-the-case-nbsp-negreira_303806_102.html\" rel=\"follow\" target=\"_self\" title=\"\u00a1La Audiencia, de acuerdo con el Bar\u00e7a! Queda anulado el delito de cohecho en el 'caso&nbsp;Negreira'\">As we already inform this Friday<\/a>, the Audience of Barcelona refused the possible crime of cohecho that imputed him to the Barcelona president, Joan Laporta, and to other exdirectivos of the FC Barcelona, in a resolution impugned that awarded the consideration of public civil servant to Jos\u00e9 Mar\u00eda Enr\u00edquez Negreira. <strong>In first instance, the judge considered to the Federation like a public juridical entity, but finally the Catalan club has received the reason in his contrary posture.<\/strong><\/p>  <p>In front of this, the entity has not doubted in manifesting of official way after the verdict of the audience, leaving an official communiqu\u00e9 in his official channels. <strong>&#8220;The FC Barcelona shows his satisfaction with the sense of the resolution dictated today by the Audience of Barcelona in the measure that confirms the approach defended by the Club and refuses the hypothesis of the presumptive crime of bribe&#8221;,<\/strong> explains the start of the communiqu\u00e9 cul\u00e9.<\/p>  <h2>The Bar\u00e7a will follow trusting the Justice for the rest of the process<\/h2>  <p><strong>Besides, the club ensures that &#8220;we keep our conviction that through the Justice will be able to esclarecer definitively the facts object of complaint and accredit the absolute innocence of the Club&#8221;, sustains.<\/strong> It is important to highlight that after this decision, the Bar\u00e7a, Laporta, Negreira and the rest of imputed follow investigated by documentary falsity, corruption in the businesses and disloyal administration, by what it will be necessary to follow expecting news in this regard.<\/p>  <blockquote class=\"twitter-tweet\"> <p dir=\"ltr\" lang=\"es\">\u25b6 Communiqu\u00e9 of the FC Barcelona<br> \ud83d\udd17 <a href=\"https:\/\/t.co\/en\/PCmHJBa90w\">https:\/\/t.co\/pcmhjba90w<\/a> <a href=\"https:\/\/t.co\/en\/6x5RSgxjfA\">pic.twitter.com\/6x5rsgxjfa<\/a><\/p> \u2014 FC Barcelona (@FCBarcelona_is) <a href=\"https:\/\/twitter.com\/en\/FCBarcelona_es\/status\/1793947110879981703?ref_src=twsrc%5Etfw\">May 24, 2024<\/a> <\/blockquote> ","protected":false},"excerpt":{"rendered":"<p>This Friday, very positive news arrived for FC Barcelona regarding the &#8216;Negreira case&#8217; and the Bar\u00e7a club itself wanted to express its satisfaction after the annulment of the possible crime of bribery. As we already inform this Friday, the Audience of Barcelona refused the possible crime of cohecho that imputed him to the Barcelona president, [&hellip;]<\/p>\n","protected":false},"author":345,"featured_media":7026,"comment_status":"closed","ping_status":"open","sticky":false,"template":"","format":"standard","meta":{"_acf_changed":false,"inline_featured_image":false,"_nextfly_llmd_date_locked":false,"footnotes":""},"categories":[111],"tags":[270,158],"class_list":["post-19038","post","type-post","status-publish","format-standard","has-post-thumbnail","hentry","category-fc-barcelona","tag-case-negreira","tag-joan-laporta"],"acf":[],"yoast_head":"<!-- This site is optimized with the Yoast SEO plugin v27.3 - https:\/\/yoast.com\/product\/yoast-seo-wordpress\/ -->\n<title>FC Barcelona shows its &quot;satisfaction&quot; with the recent resolution of the &#039;Negreira case&#039;<\/title>\n<meta name=\"description\" content=\"This Friday, very positive news arrived for FC Barcelona regarding the &#039;Negreira case&#039; and the Bar\u00e7a club itself wanted to express its satisfaction after the annulment of the possible crime of bribery.\" \/>\n<meta name=\"robots\" content=\"index, follow, max-snippet:-1, max-image-preview:large, max-video-preview:-1\" \/>\n<link rel=\"canonical\" href=\"https:\/\/www.fcbarcelonanoticias.com\/en\/fc-barcelona\/fcbarcelona-shows-its-satisfaction-with-the-recent-resolution-of-the-negreira-case_303807_102.html\" \/>\n<meta property=\"og:locale\" content=\"en_US\" \/>\n<meta property=\"og:type\" content=\"article\" \/>\n<meta property=\"og:title\" content=\"FC Barcelona shows its &quot;satisfaction&quot; with the recent resolution of the &#039;Negreira case&#039;\" \/>\n<meta property=\"og:description\" content=\"This Friday, very positive news arrived for FC Barcelona regarding the &#039;Negreira case&#039; and the Bar\u00e7a club itself wanted to express its satisfaction after the annulment of the possible crime of bribery.\" \/>\n<meta property=\"og:url\" content=\"https:\/\/www.fcbarcelonanoticias.com\/en\/fc-barcelona\/fcbarcelona-shows-its-satisfaction-with-the-recent-resolution-of-the-negreira-case_303807_102.html\" \/>\n<meta property=\"og:site_name\" content=\"EN - FC Barcelona Noticias\" \/>\n<meta property=\"article:published_time\" content=\"2024-05-24T10:35:00+00:00\" \/>\n<meta property=\"og:image\" content=\"https:\/\/www.fcbarcelonanoticias.com\/en\/wp-content\/uploads\/sites\/2\/2023\/04\/fbl-esp-liga-barcelona-presser-4-1.jpeg\" \/>\n\t<meta property=\"og:image:width\" content=\"1200\" \/>\n\t<meta property=\"og:image:height\" content=\"698\" \/>\n\t<meta property=\"og:image:type\" content=\"image\/jpeg\" \/>\n<meta name=\"author\" content=\"Carlos Montenegro\" \/>\n<meta name=\"twitter:card\" content=\"summary_large_image\" \/>\n<meta name=\"twitter:label1\" content=\"Written by\" \/>\n\t<meta name=\"twitter:data1\" content=\"Carlos Montenegro\" \/>\n\t<meta name=\"twitter:label2\" content=\"Est. reading time\" \/>\n\t<meta name=\"twitter:data2\" content=\"1 minute\" \/>\n<script type=\"application\/ld+json\" class=\"yoast-schema-graph\">{\"@context\":\"https:\\\/\\\/schema.org\",\"@graph\":[{\"@type\":\"Article\",\"@id\":\"https:\\\/\\\/www.fcbarcelonanoticias.com\\\/en\\\/fc-barcelona\\\/fcbarcelona-shows-its-satisfaction-with-the-recent-resolution-of-the-negreira-case_303807_102.html#article\",\"isPartOf\":{\"@id\":\"https:\\\/\\\/www.fcbarcelonanoticias.com\\\/en\\\/fc-barcelona\\\/fcbarcelona-shows-its-satisfaction-with-the-recent-resolution-of-the-negreira-case_303807_102.html\"},\"author\":{\"name\":\"Carlos Montenegro\",\"@id\":\"https:\\\/\\\/www.fcbarcelonanoticias.com\\\/en\\\/#\\\/schema\\\/person\\\/aa1d038709c262cb247e240f6b39bbf5\"},\"headline\":\"FC Barcelona shows its &#8220;satisfaction&#8221; with the recent resolution of the &#8216;Negreira case&#8217;\",\"datePublished\":\"2024-05-24T10:35:00+00:00\",\"mainEntityOfPage\":{\"@id\":\"https:\\\/\\\/www.fcbarcelonanoticias.com\\\/en\\\/fc-barcelona\\\/fcbarcelona-shows-its-satisfaction-with-the-recent-resolution-of-the-negreira-case_303807_102.html\"},\"wordCount\":311,\"image\":{\"@id\":\"https:\\\/\\\/www.fcbarcelonanoticias.com\\\/en\\\/fc-barcelona\\\/fcbarcelona-shows-its-satisfaction-with-the-recent-resolution-of-the-negreira-case_303807_102.html#primaryimage\"},\"thumbnailUrl\":\"https:\\\/\\\/www.fcbarcelonanoticias.com\\\/en\\\/wp-content\\\/uploads\\\/sites\\\/2\\\/2023\\\/04\\\/fbl-esp-liga-barcelona-presser-4-1.jpeg\",\"keywords\":[\"Case Negreira\",\"Joan Laporta\"],\"articleSection\":[\"FC Barcelona\"],\"inLanguage\":\"en-US\"},{\"@type\":\"WebPage\",\"@id\":\"https:\\\/\\\/www.fcbarcelonanoticias.com\\\/en\\\/fc-barcelona\\\/fcbarcelona-shows-its-satisfaction-with-the-recent-resolution-of-the-negreira-case_303807_102.html\",\"url\":\"https:\\\/\\\/www.fcbarcelonanoticias.com\\\/en\\\/fc-barcelona\\\/fcbarcelona-shows-its-satisfaction-with-the-recent-resolution-of-the-negreira-case_303807_102.html\",\"name\":\"FC Barcelona shows its \\\"satisfaction\\\" with the recent resolution of the 'Negreira case'\",\"isPartOf\":{\"@id\":\"https:\\\/\\\/www.fcbarcelonanoticias.com\\\/en\\\/#website\"},\"primaryImageOfPage\":{\"@id\":\"https:\\\/\\\/www.fcbarcelonanoticias.com\\\/en\\\/fc-barcelona\\\/fcbarcelona-shows-its-satisfaction-with-the-recent-resolution-of-the-negreira-case_303807_102.html#primaryimage\"},\"image\":{\"@id\":\"https:\\\/\\\/www.fcbarcelonanoticias.com\\\/en\\\/fc-barcelona\\\/fcbarcelona-shows-its-satisfaction-with-the-recent-resolution-of-the-negreira-case_303807_102.html#primaryimage\"},\"thumbnailUrl\":\"https:\\\/\\\/www.fcbarcelonanoticias.com\\\/en\\\/wp-content\\\/uploads\\\/sites\\\/2\\\/2023\\\/04\\\/fbl-esp-liga-barcelona-presser-4-1.jpeg\",\"datePublished\":\"2024-05-24T10:35:00+00:00\",\"author\":{\"@id\":\"https:\\\/\\\/www.fcbarcelonanoticias.com\\\/en\\\/#\\\/schema\\\/person\\\/aa1d038709c262cb247e240f6b39bbf5\"},\"description\":\"This Friday, very positive news arrived for FC Barcelona regarding the 'Negreira case' and the Bar\u00e7a club itself wanted to express its satisfaction after the annulment of the possible crime of bribery.\",\"breadcrumb\":{\"@id\":\"https:\\\/\\\/www.fcbarcelonanoticias.com\\\/en\\\/fc-barcelona\\\/fcbarcelona-shows-its-satisfaction-with-the-recent-resolution-of-the-negreira-case_303807_102.html#breadcrumb\"},\"inLanguage\":\"en-US\",\"potentialAction\":[{\"@type\":\"ReadAction\",\"target\":[\"https:\\\/\\\/www.fcbarcelonanoticias.com\\\/en\\\/fc-barcelona\\\/fcbarcelona-shows-its-satisfaction-with-the-recent-resolution-of-the-negreira-case_303807_102.html\"]}]},{\"@type\":\"ImageObject\",\"inLanguage\":\"en-US\",\"@id\":\"https:\\\/\\\/www.fcbarcelonanoticias.com\\\/en\\\/fc-barcelona\\\/fcbarcelona-shows-its-satisfaction-with-the-recent-resolution-of-the-negreira-case_303807_102.html#primaryimage\",\"url\":\"https:\\\/\\\/www.fcbarcelonanoticias.com\\\/en\\\/wp-content\\\/uploads\\\/sites\\\/2\\\/2023\\\/04\\\/fbl-esp-liga-barcelona-presser-4-1.jpeg\",\"contentUrl\":\"https:\\\/\\\/www.fcbarcelonanoticias.com\\\/en\\\/wp-content\\\/uploads\\\/sites\\\/2\\\/2023\\\/04\\\/fbl-esp-liga-barcelona-presser-4-1.jpeg\",\"width\":1200,\"height\":698},{\"@type\":\"BreadcrumbList\",\"@id\":\"https:\\\/\\\/www.fcbarcelonanoticias.com\\\/en\\\/fc-barcelona\\\/fcbarcelona-shows-its-satisfaction-with-the-recent-resolution-of-the-negreira-case_303807_102.html#breadcrumb\",\"itemListElement\":[{\"@type\":\"ListItem\",\"position\":1,\"name\":\"Portada\",\"item\":\"https:\\\/\\\/www.fcbarcelonanoticias.com\\\/en\\\/\"},{\"@type\":\"ListItem\",\"position\":2,\"name\":\"FC Barcelona shows its &#8220;satisfaction&#8221; with the recent resolution of the &#8216;Negreira case&#8217;\"}]},{\"@type\":\"WebSite\",\"@id\":\"https:\\\/\\\/www.fcbarcelonanoticias.com\\\/en\\\/#website\",\"url\":\"https:\\\/\\\/www.fcbarcelonanoticias.com\\\/en\\\/\",\"name\":\"EN - FC Barcelona Noticias\",\"description\":\"\",\"potentialAction\":[{\"@type\":\"SearchAction\",\"target\":{\"@type\":\"EntryPoint\",\"urlTemplate\":\"https:\\\/\\\/www.fcbarcelonanoticias.com\\\/en\\\/?s={search_term_string}\"},\"query-input\":{\"@type\":\"PropertyValueSpecification\",\"valueRequired\":true,\"valueName\":\"search_term_string\"}}],\"inLanguage\":\"en-US\"},{\"@type\":\"Person\",\"@id\":\"https:\\\/\\\/www.fcbarcelonanoticias.com\\\/en\\\/#\\\/schema\\\/person\\\/aa1d038709c262cb247e240f6b39bbf5\",\"name\":\"Carlos Montenegro\",\"image\":{\"@type\":\"ImageObject\",\"inLanguage\":\"en-US\",\"@id\":\"https:\\\/\\\/secure.gravatar.com\\\/avatar\\\/?s=96&d=mm&r=g\",\"url\":\"https:\\\/\\\/secure.gravatar.com\\\/avatar\\\/?s=96&d=mm&r=g\",\"contentUrl\":\"https:\\\/\\\/secure.gravatar.com\\\/avatar\\\/?s=96&d=mm&r=g\",\"caption\":\"Carlos Montenegro\"},\"url\":\"https:\\\/\\\/www.fcbarcelonanoticias.com\\\/en\\\/carlos-montenegro_20_115.html\"}]}<\/script>\n<!-- \/ Yoast SEO plugin. -->","yoast_head_json":{"title":"FC Barcelona shows its \"satisfaction\" with the recent resolution of the 'Negreira case'","description":"This Friday, very positive news arrived for FC Barcelona regarding the 'Negreira case' and the Bar\u00e7a club itself wanted to express its satisfaction after the annulment of the possible crime of bribery.","robots":{"index":"index","follow":"follow","max-snippet":"max-snippet:-1","max-image-preview":"max-image-preview:large","max-video-preview":"max-video-preview:-1"},"canonical":"https:\/\/www.fcbarcelonanoticias.com\/en\/fc-barcelona\/fcbarcelona-shows-its-satisfaction-with-the-recent-resolution-of-the-negreira-case_303807_102.html","og_locale":"en_US","og_type":"article","og_title":"FC Barcelona shows its \"satisfaction\" with the recent resolution of the 'Negreira case'","og_description":"This Friday, very positive news arrived for FC Barcelona regarding the 'Negreira case' and the Bar\u00e7a club itself wanted to express its satisfaction after the annulment of the possible crime of bribery.","og_url":"https:\/\/www.fcbarcelonanoticias.com\/en\/fc-barcelona\/fcbarcelona-shows-its-satisfaction-with-the-recent-resolution-of-the-negreira-case_303807_102.html","og_site_name":"EN - FC Barcelona Noticias","article_published_time":"2024-05-24T10:35:00+00:00","og_image":[{"width":1200,"height":698,"url":"https:\/\/www.fcbarcelonanoticias.com\/en\/wp-content\/uploads\/sites\/2\/2023\/04\/fbl-esp-liga-barcelona-presser-4-1.jpeg","type":"image\/jpeg"}],"author":"Carlos Montenegro","twitter_card":"summary_large_image","twitter_misc":{"Written by":"Carlos Montenegro","Est. reading time":"1 minute"},"schema":{"@context":"https:\/\/schema.org","@graph":[{"@type":"Article","@id":"https:\/\/www.fcbarcelonanoticias.com\/en\/fc-barcelona\/fcbarcelona-shows-its-satisfaction-with-the-recent-resolution-of-the-negreira-case_303807_102.html#article","isPartOf":{"@id":"https:\/\/www.fcbarcelonanoticias.com\/en\/fc-barcelona\/fcbarcelona-shows-its-satisfaction-with-the-recent-resolution-of-the-negreira-case_303807_102.html"},"author":{"name":"Carlos Montenegro","@id":"https:\/\/www.fcbarcelonanoticias.com\/en\/#\/schema\/person\/aa1d038709c262cb247e240f6b39bbf5"},"headline":"FC Barcelona shows its &#8220;satisfaction&#8221; with the recent resolution of the &#8216;Negreira case&#8217;","datePublished":"2024-05-24T10:35:00+00:00","mainEntityOfPage":{"@id":"https:\/\/www.fcbarcelonanoticias.com\/en\/fc-barcelona\/fcbarcelona-shows-its-satisfaction-with-the-recent-resolution-of-the-negreira-case_303807_102.html"},"wordCount":311,"image":{"@id":"https:\/\/www.fcbarcelonanoticias.com\/en\/fc-barcelona\/fcbarcelona-shows-its-satisfaction-with-the-recent-resolution-of-the-negreira-case_303807_102.html#primaryimage"},"thumbnailUrl":"https:\/\/www.fcbarcelonanoticias.com\/en\/wp-content\/uploads\/sites\/2\/2023\/04\/fbl-esp-liga-barcelona-presser-4-1.jpeg","keywords":["Case Negreira","Joan Laporta"],"articleSection":["FC Barcelona"],"inLanguage":"en-US"},{"@type":"WebPage","@id":"https:\/\/www.fcbarcelonanoticias.com\/en\/fc-barcelona\/fcbarcelona-shows-its-satisfaction-with-the-recent-resolution-of-the-negreira-case_303807_102.html","url":"https:\/\/www.fcbarcelonanoticias.com\/en\/fc-barcelona\/fcbarcelona-shows-its-satisfaction-with-the-recent-resolution-of-the-negreira-case_303807_102.html","name":"FC Barcelona shows its \"satisfaction\" with the recent resolution of the 'Negreira case'","isPartOf":{"@id":"https:\/\/www.fcbarcelonanoticias.com\/en\/#website"},"primaryImageOfPage":{"@id":"https:\/\/www.fcbarcelonanoticias.com\/en\/fc-barcelona\/fcbarcelona-shows-its-satisfaction-with-the-recent-resolution-of-the-negreira-case_303807_102.html#primaryimage"},"image":{"@id":"https:\/\/www.fcbarcelonanoticias.com\/en\/fc-barcelona\/fcbarcelona-shows-its-satisfaction-with-the-recent-resolution-of-the-negreira-case_303807_102.html#primaryimage"},"thumbnailUrl":"https:\/\/www.fcbarcelonanoticias.com\/en\/wp-content\/uploads\/sites\/2\/2023\/04\/fbl-esp-liga-barcelona-presser-4-1.jpeg","datePublished":"2024-05-24T10:35:00+00:00","author":{"@id":"https:\/\/www.fcbarcelonanoticias.com\/en\/#\/schema\/person\/aa1d038709c262cb247e240f6b39bbf5"},"description":"This Friday, very positive news arrived for FC Barcelona regarding the 'Negreira case' and the Bar\u00e7a club itself wanted to express its satisfaction after the annulment of the possible crime of bribery.","breadcrumb":{"@id":"https:\/\/www.fcbarcelonanoticias.com\/en\/fc-barcelona\/fcbarcelona-shows-its-satisfaction-with-the-recent-resolution-of-the-negreira-case_303807_102.html#breadcrumb"},"inLanguage":"en-US","potentialAction":[{"@type":"ReadAction","target":["https:\/\/www.fcbarcelonanoticias.com\/en\/fc-barcelona\/fcbarcelona-shows-its-satisfaction-with-the-recent-resolution-of-the-negreira-case_303807_102.html"]}]},{"@type":"ImageObject","inLanguage":"en-US","@id":"https:\/\/www.fcbarcelonanoticias.com\/en\/fc-barcelona\/fcbarcelona-shows-its-satisfaction-with-the-recent-resolution-of-the-negreira-case_303807_102.html#primaryimage","url":"https:\/\/www.fcbarcelonanoticias.com\/en\/wp-content\/uploads\/sites\/2\/2023\/04\/fbl-esp-liga-barcelona-presser-4-1.jpeg","contentUrl":"https:\/\/www.fcbarcelonanoticias.com\/en\/wp-content\/uploads\/sites\/2\/2023\/04\/fbl-esp-liga-barcelona-presser-4-1.jpeg","width":1200,"height":698},{"@type":"BreadcrumbList","@id":"https:\/\/www.fcbarcelonanoticias.com\/en\/fc-barcelona\/fcbarcelona-shows-its-satisfaction-with-the-recent-resolution-of-the-negreira-case_303807_102.html#breadcrumb","itemListElement":[{"@type":"ListItem","position":1,"name":"Portada","item":"https:\/\/www.fcbarcelonanoticias.com\/en\/"},{"@type":"ListItem","position":2,"name":"FC Barcelona shows its &#8220;satisfaction&#8221; with the recent resolution of the &#8216;Negreira case&#8217;"}]},{"@type":"WebSite","@id":"https:\/\/www.fcbarcelonanoticias.com\/en\/#website","url":"https:\/\/www.fcbarcelonanoticias.com\/en\/","name":"EN - FC Barcelona Noticias","description":"","potentialAction":[{"@type":"SearchAction","target":{"@type":"EntryPoint","urlTemplate":"https:\/\/www.fcbarcelonanoticias.com\/en\/?s={search_term_string}"},"query-input":{"@type":"PropertyValueSpecification","valueRequired":true,"valueName":"search_term_string"}}],"inLanguage":"en-US"},{"@type":"Person","@id":"https:\/\/www.fcbarcelonanoticias.com\/en\/#\/schema\/person\/aa1d038709c262cb247e240f6b39bbf5","name":"Carlos Montenegro","image":{"@type":"ImageObject","inLanguage":"en-US","@id":"https:\/\/secure.gravatar.com\/avatar\/?s=96&d=mm&r=g","url":"https:\/\/secure.gravatar.com\/avatar\/?s=96&d=mm&r=g","contentUrl":"https:\/\/secure.gravatar.com\/avatar\/?s=96&d=mm&r=g","caption":"Carlos Montenegro"},"url":"https:\/\/www.fcbarcelonanoticias.com\/en\/carlos-montenegro_20_115.html"}]}},"_links":{"self":[{"href":"https:\/\/www.fcbarcelonanoticias.com\/en\/wp-json\/wp\/v2\/posts\/19038","targetHints":{"allow":["GET"]}}],"collection":[{"href":"https:\/\/www.fcbarcelonanoticias.com\/en\/wp-json\/wp\/v2\/posts"}],"about":[{"href":"https:\/\/www.fcbarcelonanoticias.com\/en\/wp-json\/wp\/v2\/types\/post"}],"author":[{"embeddable":true,"href":"https:\/\/www.fcbarcelonanoticias.com\/en\/wp-json\/wp\/v2\/users\/345"}],"replies":[{"embeddable":true,"href":"https:\/\/www.fcbarcelonanoticias.com\/en\/wp-json\/wp\/v2\/comments?post=19038"}],"version-history":[{"count":1,"href":"https:\/\/www.fcbarcelonanoticias.com\/en\/wp-json\/wp\/v2\/posts\/19038\/revisions"}],"predecessor-version":[{"id":105376,"href":"https:\/\/www.fcbarcelonanoticias.com\/en\/wp-json\/wp\/v2\/posts\/19038\/revisions\/105376"}],"wp:featuredmedia":[{"embeddable":true,"href":"https:\/\/www.fcbarcelonanoticias.com\/en\/wp-json\/wp\/v2\/media\/7026"}],"wp:attachment":[{"href":"https:\/\/www.fcbarcelonanoticias.com\/en\/wp-json\/wp\/v2\/media?parent=19038"}],"wp:term":[{"taxonomy":"category","embeddable":true,"href":"https:\/\/www.fcbarcelonanoticias.com\/en\/wp-json\/wp\/v2\/categories?post=19038"},{"taxonomy":"post_tag","embeddable":true,"href":"https:\/\/www.fcbarcelonanoticias.com\/en\/wp-json\/wp\/v2\/tags?post=19038"}],"curies":[{"name":"wp","href":"https:\/\/api.w.org\/{rel}","templated":true}]}}