{"id":19100,"date":"2024-12-04T17:29:00","date_gmt":"2024-12-04T16:29:00","guid":{"rendered":"https:\/\/weisetech.dev\/fc-barcelona-noticias\/en\/hansi-flick-decision-that-could-have-changed-everything-in-mallorca_309069_102\/"},"modified":"2024-12-05T03:10:00","modified_gmt":"2024-12-05T02:10:00","slug":"hansi-flick-decision-that-could-have-changed-everything-in-mallorca_309069_102","status":"publish","type":"post","link":"https:\/\/www.fcbarcelonanoticias.com\/en\/fc-barcelona\/hansi-flick-decision-that-could-have-changed-everything-in-mallorca_309069_102.html","title":{"rendered":"Hansi Flick&#8217;s decision that could have changed everything in Mallorca"},"content":{"rendered":"<h2 class=\"wp-block-heading\">Raphinha could have been a substitute in Mallorca. Hansi Flick considered leaving him on the bench, but the Brazilian ruled out rotating him<\/h2>  \r\n<div class=\"article-addons\">\r\n    <a href=\"https:\/\/www.fcbarcelonanoticias.com\/en\/calendar-fc-barcelona.html\"\r\n       target=\"_self\"\r\n       title=\"Calendar of FC Barcelona\"\r\n       class=\"blue-gredient-btn\">\r\n       \r\n        Calendar of FC Barcelona    <\/a>\r\n<\/div>   <p><a data-external=\"0\" data-intl-links-en=\"https:\/\/www.fcbarcelonanoticias.com\/en\/laliga\/barca-destroyed-mallorca-winning-streak-and-narrow-losing-streak_309060_102.html\" data-intl-links-es=\"https:\/\/www.fcbarcelonanoticias.com\/laliga\/barca-destrozo-racha-ganar-perder-por-minima-mallorca_309060_102.html\" href=\"https:\/\/www.fcbarcelonanoticias.com\/en\/laliga\/barca-destroyed-mallorca-winning-streak-and-narrow-losing-streak_309060_102.html\" rel=\"follow\" target=\"_self\" title=\"Bar\u00e7a destroyed Mallorca's winning streak and narrow losing streak\">FC Barcelona put an end to their &#8216;mini crisis&#8217; with a crushing thrashing of Mallorca (1-5)<\/a>, and did so with an unexpected surprise in the starting eleven. <strong>Robert Lewandowski<\/strong>, who until last Tuesday had played all this season as a starter in 20 consecutive games, was relegated to the bench by Hansi Flick to give him a well-deserved rest to face the final stretch of 2024 with renewed energy.<\/p>  <p>However, the German coach and his coaching staff also considered a change in the lineup that could have changed the outcome of the day for the Blaugranas. In the same vein as with the Pole, <strong>Flick <\/strong>considered substituting <strong>Raphinha <\/strong>to add &#8216;fresh&#8217; legs to the team.<\/p>  <h3>Raphinha &#8216;ruled out&#8217; his rest<\/h3>  <p>Despite this, and as confirmed by the Blaugrana coach himself in a press conference, the Brazilian &#8216;ruled out&#8217; coming off the bench at Son Moix. &#8220;We also thought about giving Rapha a rest. <strong>But we spoke to him and he told us he was fine<\/strong>. And the truth is that he proved it tonight (laughs),&#8221; Hansi commented.<\/p>  <p>A decision that ended up being the right one, since <strong>Raphinha <\/strong>ended up being the key figure in the victory over <strong>Mallorca<\/strong>, scoring a double and taking home the &#8216;MVP&#8217; of the match.<\/p>  <p>Now, <a data-external=\"0\" data-intl-links-en=\"https:\/\/www.fcbarcelonanoticias.com\/en\/calendar\/the-schedule-that-awaits-hansi-flick-fc-barcelona-in-december_308992_102.html\" data-intl-links-es=\"https:\/\/www.fcbarcelonanoticias.com\/calendario\/calendario-espera-en-diciembre-fc-barcelona-hansi-flick_308992_102.html\" href=\"https:\/\/www.fcbarcelonanoticias.com\/en\/calendar\/the-schedule-that-awaits-hansi-flick-fc-barcelona-in-december_308992_102.html\" rel=\"follow\" target=\"_self\" title=\"The schedule that awaits Hansi Flick's FC Barcelona in December\">and in view of the complicated schedule that Bar\u00e7a is facing (Betis and Dortmund as visitors)<\/a>, it seems difficult for the &#8217;11&#8217; to rotate. Although it seems that he does not need it, since night after night the winger continues to prove to be one of the most decisive pieces of the team.<\/p> ","protected":false},"excerpt":{"rendered":"<p>Raphinha could have been a substitute in Mallorca. Hansi Flick considered leaving him on the bench, but the Brazilian ruled out rotating him FC Barcelona put an end to their &#8216;mini crisis&#8217; with a crushing thrashing of Mallorca (1-5), and did so with an unexpected surprise in the starting eleven. Robert Lewandowski, who until last [&hellip;]<\/p>\n","protected":false},"author":358,"featured_media":19105,"comment_status":"closed","ping_status":"open","sticky":false,"template":"","format":"standard","meta":{"_acf_changed":false,"inline_featured_image":false,"_nextfly_llmd_date_locked":false,"footnotes":""},"categories":[111],"tags":[45,87],"class_list":["post-19100","post","type-post","status-publish","format-standard","has-post-thumbnail","hentry","category-fc-barcelona","tag-fc-barcelona-vs-mallorca","tag-hansi-flick"],"acf":[],"yoast_head":"<!-- This site is optimized with the Yoast SEO plugin v27.3 - https:\/\/yoast.com\/product\/yoast-seo-wordpress\/ -->\n<title>Hansi Flick&#039;s decision that could have changed everything in Mallorca<\/title>\n<meta name=\"description\" content=\"Raphinha could have been a substitute in Mallorca. Hansi Flick considered leaving him on the bench, but the Brazilian ruled out rotating him\" \/>\n<meta name=\"robots\" content=\"index, follow, max-snippet:-1, max-image-preview:large, max-video-preview:-1\" \/>\n<link rel=\"canonical\" href=\"https:\/\/www.fcbarcelonanoticias.com\/en\/fc-barcelona\/hansi-flick-decision-that-could-have-changed-everything-in-mallorca_309069_102.html\" \/>\n<meta property=\"og:locale\" content=\"en_US\" \/>\n<meta property=\"og:type\" content=\"article\" \/>\n<meta property=\"og:title\" content=\"Hansi Flick&#039;s decision that could have changed everything in Mallorca\" \/>\n<meta property=\"og:description\" content=\"Raphinha could have been a substitute in Mallorca. Hansi Flick considered leaving him on the bench, but the Brazilian ruled out rotating him\" \/>\n<meta property=\"og:url\" content=\"https:\/\/www.fcbarcelonanoticias.com\/en\/fc-barcelona\/hansi-flick-decision-that-could-have-changed-everything-in-mallorca_309069_102.html\" \/>\n<meta property=\"og:site_name\" content=\"EN - FC Barcelona Noticias\" \/>\n<meta property=\"article:published_time\" content=\"2024-12-04T16:29:00+00:00\" \/>\n<meta property=\"article:modified_time\" content=\"2024-12-05T02:10:00+00:00\" \/>\n<meta property=\"og:image\" content=\"https:\/\/www.fcbarcelonanoticias.com\/en\/wp-content\/uploads\/sites\/2\/2024\/12\/rcd-mallorca-v-fc-barcelona-la-liga-ea-sports-2-scaled.jpeg\" \/>\n\t<meta property=\"og:image:width\" content=\"2560\" \/>\n\t<meta property=\"og:image:height\" content=\"1707\" \/>\n\t<meta property=\"og:image:type\" content=\"image\/jpeg\" \/>\n<meta name=\"author\" content=\"Juan Pablo Berdugo\" \/>\n<meta name=\"twitter:card\" content=\"summary_large_image\" \/>\n<meta name=\"twitter:label1\" content=\"Written by\" \/>\n\t<meta name=\"twitter:data1\" content=\"Juan Pablo Berdugo\" \/>\n\t<meta name=\"twitter:label2\" content=\"Est. reading time\" \/>\n\t<meta name=\"twitter:data2\" content=\"1 minute\" \/>\n<script type=\"application\/ld+json\" class=\"yoast-schema-graph\">{\"@context\":\"https:\\\/\\\/schema.org\",\"@graph\":[{\"@type\":\"Article\",\"@id\":\"https:\\\/\\\/www.fcbarcelonanoticias.com\\\/en\\\/fc-barcelona\\\/hansi-flick-decision-that-could-have-changed-everything-in-mallorca_309069_102.html#article\",\"isPartOf\":{\"@id\":\"https:\\\/\\\/www.fcbarcelonanoticias.com\\\/en\\\/fc-barcelona\\\/hansi-flick-decision-that-could-have-changed-everything-in-mallorca_309069_102.html\"},\"author\":{\"name\":\"Juan Pablo Berdugo\",\"@id\":\"https:\\\/\\\/www.fcbarcelonanoticias.com\\\/en\\\/#\\\/schema\\\/person\\\/88d756918a0a1ae9fa593b5edddd1815\"},\"headline\":\"Hansi Flick&#8217;s decision that could have changed everything in Mallorca\",\"datePublished\":\"2024-12-04T16:29:00+00:00\",\"dateModified\":\"2024-12-05T02:10:00+00:00\",\"mainEntityOfPage\":{\"@id\":\"https:\\\/\\\/www.fcbarcelonanoticias.com\\\/en\\\/fc-barcelona\\\/hansi-flick-decision-that-could-have-changed-everything-in-mallorca_309069_102.html\"},\"wordCount\":296,\"image\":{\"@id\":\"https:\\\/\\\/www.fcbarcelonanoticias.com\\\/en\\\/fc-barcelona\\\/hansi-flick-decision-that-could-have-changed-everything-in-mallorca_309069_102.html#primaryimage\"},\"thumbnailUrl\":\"https:\\\/\\\/www.fcbarcelonanoticias.com\\\/en\\\/wp-content\\\/uploads\\\/sites\\\/2\\\/2024\\\/12\\\/rcd-mallorca-v-fc-barcelona-la-liga-ea-sports-2-scaled.jpeg\",\"keywords\":[\"FC Barcelona vs RCD Mallorca\",\"Hansi Flick\"],\"articleSection\":[\"FC Barcelona\"],\"inLanguage\":\"en-US\"},{\"@type\":\"WebPage\",\"@id\":\"https:\\\/\\\/www.fcbarcelonanoticias.com\\\/en\\\/fc-barcelona\\\/hansi-flick-decision-that-could-have-changed-everything-in-mallorca_309069_102.html\",\"url\":\"https:\\\/\\\/www.fcbarcelonanoticias.com\\\/en\\\/fc-barcelona\\\/hansi-flick-decision-that-could-have-changed-everything-in-mallorca_309069_102.html\",\"name\":\"Hansi Flick's decision that could have changed everything in Mallorca\",\"isPartOf\":{\"@id\":\"https:\\\/\\\/www.fcbarcelonanoticias.com\\\/en\\\/#website\"},\"primaryImageOfPage\":{\"@id\":\"https:\\\/\\\/www.fcbarcelonanoticias.com\\\/en\\\/fc-barcelona\\\/hansi-flick-decision-that-could-have-changed-everything-in-mallorca_309069_102.html#primaryimage\"},\"image\":{\"@id\":\"https:\\\/\\\/www.fcbarcelonanoticias.com\\\/en\\\/fc-barcelona\\\/hansi-flick-decision-that-could-have-changed-everything-in-mallorca_309069_102.html#primaryimage\"},\"thumbnailUrl\":\"https:\\\/\\\/www.fcbarcelonanoticias.com\\\/en\\\/wp-content\\\/uploads\\\/sites\\\/2\\\/2024\\\/12\\\/rcd-mallorca-v-fc-barcelona-la-liga-ea-sports-2-scaled.jpeg\",\"datePublished\":\"2024-12-04T16:29:00+00:00\",\"dateModified\":\"2024-12-05T02:10:00+00:00\",\"author\":{\"@id\":\"https:\\\/\\\/www.fcbarcelonanoticias.com\\\/en\\\/#\\\/schema\\\/person\\\/88d756918a0a1ae9fa593b5edddd1815\"},\"description\":\"Raphinha could have been a substitute in Mallorca. Hansi Flick considered leaving him on the bench, but the Brazilian ruled out rotating him\",\"breadcrumb\":{\"@id\":\"https:\\\/\\\/www.fcbarcelonanoticias.com\\\/en\\\/fc-barcelona\\\/hansi-flick-decision-that-could-have-changed-everything-in-mallorca_309069_102.html#breadcrumb\"},\"inLanguage\":\"en-US\",\"potentialAction\":[{\"@type\":\"ReadAction\",\"target\":[\"https:\\\/\\\/www.fcbarcelonanoticias.com\\\/en\\\/fc-barcelona\\\/hansi-flick-decision-that-could-have-changed-everything-in-mallorca_309069_102.html\"]}]},{\"@type\":\"ImageObject\",\"inLanguage\":\"en-US\",\"@id\":\"https:\\\/\\\/www.fcbarcelonanoticias.com\\\/en\\\/fc-barcelona\\\/hansi-flick-decision-that-could-have-changed-everything-in-mallorca_309069_102.html#primaryimage\",\"url\":\"https:\\\/\\\/www.fcbarcelonanoticias.com\\\/en\\\/wp-content\\\/uploads\\\/sites\\\/2\\\/2024\\\/12\\\/rcd-mallorca-v-fc-barcelona-la-liga-ea-sports-2-scaled.jpeg\",\"contentUrl\":\"https:\\\/\\\/www.fcbarcelonanoticias.com\\\/en\\\/wp-content\\\/uploads\\\/sites\\\/2\\\/2024\\\/12\\\/rcd-mallorca-v-fc-barcelona-la-liga-ea-sports-2-scaled.jpeg\",\"width\":2560,\"height\":1707},{\"@type\":\"BreadcrumbList\",\"@id\":\"https:\\\/\\\/www.fcbarcelonanoticias.com\\\/en\\\/fc-barcelona\\\/hansi-flick-decision-that-could-have-changed-everything-in-mallorca_309069_102.html#breadcrumb\",\"itemListElement\":[{\"@type\":\"ListItem\",\"position\":1,\"name\":\"Portada\",\"item\":\"https:\\\/\\\/www.fcbarcelonanoticias.com\\\/en\\\/\"},{\"@type\":\"ListItem\",\"position\":2,\"name\":\"Hansi Flick&#8217;s decision that could have changed everything in Mallorca\"}]},{\"@type\":\"WebSite\",\"@id\":\"https:\\\/\\\/www.fcbarcelonanoticias.com\\\/en\\\/#website\",\"url\":\"https:\\\/\\\/www.fcbarcelonanoticias.com\\\/en\\\/\",\"name\":\"EN - FC Barcelona Noticias\",\"description\":\"\",\"potentialAction\":[{\"@type\":\"SearchAction\",\"target\":{\"@type\":\"EntryPoint\",\"urlTemplate\":\"https:\\\/\\\/www.fcbarcelonanoticias.com\\\/en\\\/?s={search_term_string}\"},\"query-input\":{\"@type\":\"PropertyValueSpecification\",\"valueRequired\":true,\"valueName\":\"search_term_string\"}}],\"inLanguage\":\"en-US\"},{\"@type\":\"Person\",\"@id\":\"https:\\\/\\\/www.fcbarcelonanoticias.com\\\/en\\\/#\\\/schema\\\/person\\\/88d756918a0a1ae9fa593b5edddd1815\",\"name\":\"Juan Pablo Berdugo\",\"image\":{\"@type\":\"ImageObject\",\"inLanguage\":\"en-US\",\"@id\":\"https:\\\/\\\/secure.gravatar.com\\\/avatar\\\/?s=96&d=mm&r=g\",\"url\":\"https:\\\/\\\/secure.gravatar.com\\\/avatar\\\/?s=96&d=mm&r=g\",\"contentUrl\":\"https:\\\/\\\/secure.gravatar.com\\\/avatar\\\/?s=96&d=mm&r=g\",\"caption\":\"Juan Pablo Berdugo\"},\"description\":\"Juan Pablo Berdugo es graduado en Periodismo. Colabora con FCBN como especialista en informaci\u00f3n del primer equipo del FC Barcelona, f\u00fatbol internacional y mercado de fichajes. Destaca por su enfoque anal\u00edtico, su rigor informativo y su capacidad para detectar tendencias emergentes en el f\u00fatbol global.\",\"url\":\"https:\\\/\\\/www.fcbarcelonanoticias.com\\\/en\\\/fc-barcelona\\\/juan-pablo-berdugo_18_115.html\"}]}<\/script>\n<!-- \/ Yoast SEO plugin. -->","yoast_head_json":{"title":"Hansi Flick's decision that could have changed everything in Mallorca","description":"Raphinha could have been a substitute in Mallorca. Hansi Flick considered leaving him on the bench, but the Brazilian ruled out rotating him","robots":{"index":"index","follow":"follow","max-snippet":"max-snippet:-1","max-image-preview":"max-image-preview:large","max-video-preview":"max-video-preview:-1"},"canonical":"https:\/\/www.fcbarcelonanoticias.com\/en\/fc-barcelona\/hansi-flick-decision-that-could-have-changed-everything-in-mallorca_309069_102.html","og_locale":"en_US","og_type":"article","og_title":"Hansi Flick's decision that could have changed everything in Mallorca","og_description":"Raphinha could have been a substitute in Mallorca. Hansi Flick considered leaving him on the bench, but the Brazilian ruled out rotating him","og_url":"https:\/\/www.fcbarcelonanoticias.com\/en\/fc-barcelona\/hansi-flick-decision-that-could-have-changed-everything-in-mallorca_309069_102.html","og_site_name":"EN - FC Barcelona Noticias","article_published_time":"2024-12-04T16:29:00+00:00","article_modified_time":"2024-12-05T02:10:00+00:00","og_image":[{"width":2560,"height":1707,"url":"https:\/\/www.fcbarcelonanoticias.com\/en\/wp-content\/uploads\/sites\/2\/2024\/12\/rcd-mallorca-v-fc-barcelona-la-liga-ea-sports-2-scaled.jpeg","type":"image\/jpeg"}],"author":"Juan Pablo Berdugo","twitter_card":"summary_large_image","twitter_misc":{"Written by":"Juan Pablo Berdugo","Est. reading time":"1 minute"},"schema":{"@context":"https:\/\/schema.org","@graph":[{"@type":"Article","@id":"https:\/\/www.fcbarcelonanoticias.com\/en\/fc-barcelona\/hansi-flick-decision-that-could-have-changed-everything-in-mallorca_309069_102.html#article","isPartOf":{"@id":"https:\/\/www.fcbarcelonanoticias.com\/en\/fc-barcelona\/hansi-flick-decision-that-could-have-changed-everything-in-mallorca_309069_102.html"},"author":{"name":"Juan Pablo Berdugo","@id":"https:\/\/www.fcbarcelonanoticias.com\/en\/#\/schema\/person\/88d756918a0a1ae9fa593b5edddd1815"},"headline":"Hansi Flick&#8217;s decision that could have changed everything in Mallorca","datePublished":"2024-12-04T16:29:00+00:00","dateModified":"2024-12-05T02:10:00+00:00","mainEntityOfPage":{"@id":"https:\/\/www.fcbarcelonanoticias.com\/en\/fc-barcelona\/hansi-flick-decision-that-could-have-changed-everything-in-mallorca_309069_102.html"},"wordCount":296,"image":{"@id":"https:\/\/www.fcbarcelonanoticias.com\/en\/fc-barcelona\/hansi-flick-decision-that-could-have-changed-everything-in-mallorca_309069_102.html#primaryimage"},"thumbnailUrl":"https:\/\/www.fcbarcelonanoticias.com\/en\/wp-content\/uploads\/sites\/2\/2024\/12\/rcd-mallorca-v-fc-barcelona-la-liga-ea-sports-2-scaled.jpeg","keywords":["FC Barcelona vs RCD Mallorca","Hansi Flick"],"articleSection":["FC Barcelona"],"inLanguage":"en-US"},{"@type":"WebPage","@id":"https:\/\/www.fcbarcelonanoticias.com\/en\/fc-barcelona\/hansi-flick-decision-that-could-have-changed-everything-in-mallorca_309069_102.html","url":"https:\/\/www.fcbarcelonanoticias.com\/en\/fc-barcelona\/hansi-flick-decision-that-could-have-changed-everything-in-mallorca_309069_102.html","name":"Hansi Flick's decision that could have changed everything in Mallorca","isPartOf":{"@id":"https:\/\/www.fcbarcelonanoticias.com\/en\/#website"},"primaryImageOfPage":{"@id":"https:\/\/www.fcbarcelonanoticias.com\/en\/fc-barcelona\/hansi-flick-decision-that-could-have-changed-everything-in-mallorca_309069_102.html#primaryimage"},"image":{"@id":"https:\/\/www.fcbarcelonanoticias.com\/en\/fc-barcelona\/hansi-flick-decision-that-could-have-changed-everything-in-mallorca_309069_102.html#primaryimage"},"thumbnailUrl":"https:\/\/www.fcbarcelonanoticias.com\/en\/wp-content\/uploads\/sites\/2\/2024\/12\/rcd-mallorca-v-fc-barcelona-la-liga-ea-sports-2-scaled.jpeg","datePublished":"2024-12-04T16:29:00+00:00","dateModified":"2024-12-05T02:10:00+00:00","author":{"@id":"https:\/\/www.fcbarcelonanoticias.com\/en\/#\/schema\/person\/88d756918a0a1ae9fa593b5edddd1815"},"description":"Raphinha could have been a substitute in Mallorca. Hansi Flick considered leaving him on the bench, but the Brazilian ruled out rotating him","breadcrumb":{"@id":"https:\/\/www.fcbarcelonanoticias.com\/en\/fc-barcelona\/hansi-flick-decision-that-could-have-changed-everything-in-mallorca_309069_102.html#breadcrumb"},"inLanguage":"en-US","potentialAction":[{"@type":"ReadAction","target":["https:\/\/www.fcbarcelonanoticias.com\/en\/fc-barcelona\/hansi-flick-decision-that-could-have-changed-everything-in-mallorca_309069_102.html"]}]},{"@type":"ImageObject","inLanguage":"en-US","@id":"https:\/\/www.fcbarcelonanoticias.com\/en\/fc-barcelona\/hansi-flick-decision-that-could-have-changed-everything-in-mallorca_309069_102.html#primaryimage","url":"https:\/\/www.fcbarcelonanoticias.com\/en\/wp-content\/uploads\/sites\/2\/2024\/12\/rcd-mallorca-v-fc-barcelona-la-liga-ea-sports-2-scaled.jpeg","contentUrl":"https:\/\/www.fcbarcelonanoticias.com\/en\/wp-content\/uploads\/sites\/2\/2024\/12\/rcd-mallorca-v-fc-barcelona-la-liga-ea-sports-2-scaled.jpeg","width":2560,"height":1707},{"@type":"BreadcrumbList","@id":"https:\/\/www.fcbarcelonanoticias.com\/en\/fc-barcelona\/hansi-flick-decision-that-could-have-changed-everything-in-mallorca_309069_102.html#breadcrumb","itemListElement":[{"@type":"ListItem","position":1,"name":"Portada","item":"https:\/\/www.fcbarcelonanoticias.com\/en\/"},{"@type":"ListItem","position":2,"name":"Hansi Flick&#8217;s decision that could have changed everything in Mallorca"}]},{"@type":"WebSite","@id":"https:\/\/www.fcbarcelonanoticias.com\/en\/#website","url":"https:\/\/www.fcbarcelonanoticias.com\/en\/","name":"EN - FC Barcelona Noticias","description":"","potentialAction":[{"@type":"SearchAction","target":{"@type":"EntryPoint","urlTemplate":"https:\/\/www.fcbarcelonanoticias.com\/en\/?s={search_term_string}"},"query-input":{"@type":"PropertyValueSpecification","valueRequired":true,"valueName":"search_term_string"}}],"inLanguage":"en-US"},{"@type":"Person","@id":"https:\/\/www.fcbarcelonanoticias.com\/en\/#\/schema\/person\/88d756918a0a1ae9fa593b5edddd1815","name":"Juan Pablo Berdugo","image":{"@type":"ImageObject","inLanguage":"en-US","@id":"https:\/\/secure.gravatar.com\/avatar\/?s=96&d=mm&r=g","url":"https:\/\/secure.gravatar.com\/avatar\/?s=96&d=mm&r=g","contentUrl":"https:\/\/secure.gravatar.com\/avatar\/?s=96&d=mm&r=g","caption":"Juan Pablo Berdugo"},"description":"Juan Pablo Berdugo es graduado en Periodismo. Colabora con FCBN como especialista en informaci\u00f3n del primer equipo del FC Barcelona, f\u00fatbol internacional y mercado de fichajes. Destaca por su enfoque anal\u00edtico, su rigor informativo y su capacidad para detectar tendencias emergentes en el f\u00fatbol global.","url":"https:\/\/www.fcbarcelonanoticias.com\/en\/fc-barcelona\/juan-pablo-berdugo_18_115.html"}]}},"_links":{"self":[{"href":"https:\/\/www.fcbarcelonanoticias.com\/en\/wp-json\/wp\/v2\/posts\/19100","targetHints":{"allow":["GET"]}}],"collection":[{"href":"https:\/\/www.fcbarcelonanoticias.com\/en\/wp-json\/wp\/v2\/posts"}],"about":[{"href":"https:\/\/www.fcbarcelonanoticias.com\/en\/wp-json\/wp\/v2\/types\/post"}],"author":[{"embeddable":true,"href":"https:\/\/www.fcbarcelonanoticias.com\/en\/wp-json\/wp\/v2\/users\/358"}],"replies":[{"embeddable":true,"href":"https:\/\/www.fcbarcelonanoticias.com\/en\/wp-json\/wp\/v2\/comments?post=19100"}],"version-history":[{"count":1,"href":"https:\/\/www.fcbarcelonanoticias.com\/en\/wp-json\/wp\/v2\/posts\/19100\/revisions"}],"predecessor-version":[{"id":103699,"href":"https:\/\/www.fcbarcelonanoticias.com\/en\/wp-json\/wp\/v2\/posts\/19100\/revisions\/103699"}],"wp:featuredmedia":[{"embeddable":true,"href":"https:\/\/www.fcbarcelonanoticias.com\/en\/wp-json\/wp\/v2\/media\/19105"}],"wp:attachment":[{"href":"https:\/\/www.fcbarcelonanoticias.com\/en\/wp-json\/wp\/v2\/media?parent=19100"}],"wp:term":[{"taxonomy":"category","embeddable":true,"href":"https:\/\/www.fcbarcelonanoticias.com\/en\/wp-json\/wp\/v2\/categories?post=19100"},{"taxonomy":"post_tag","embeddable":true,"href":"https:\/\/www.fcbarcelonanoticias.com\/en\/wp-json\/wp\/v2\/tags?post=19100"}],"curies":[{"name":"wp","href":"https:\/\/api.w.org\/{rel}","templated":true}]}}