{"id":19144,"date":"2021-09-30T20:04:00","date_gmt":"2021-09-30T18:04:00","guid":{"rendered":"https:\/\/weisetech.dev\/fc-barcelona-noticias\/en\/xavi-is-the-future-the-barca-needs-solutions-no-patches_273244_102\/"},"modified":"2021-09-30T20:05:00","modified_gmt":"2021-09-30T18:05:00","slug":"xavi-is-the-future-the-barca-needs-solutions-no-patches_273244_102","status":"publish","type":"post","link":"https:\/\/www.fcbarcelonanoticias.com\/en\/fc-barcelona\/fc-barcelona\/xavi-is-the-future-the-barca-needs-solutions-no-patches_273244_102.html","title":{"rendered":"Xavi is the future: Bar\u00e7a needs solutions, not patches"},"content":{"rendered":"<h2 class=\"wp-block-heading\">All roads lead to Xavi Hern\u00e1ndez, despite the fact that Joan Laporta and company are reluctant to take the one from Terrasa home<\/h2>  \r\n<div class=\"article-addons\">\r\n    <a href=\"https:\/\/www.fcbarcelonanoticias.com\/en\/calendar-fc-barcelona.html\"\r\n       target=\"_self\"\r\n       title=\"Calendar of FC Barcelona\"\r\n       class=\"blue-gredient-btn\">\r\n       \r\n        Calendar of FC Barcelona    <\/a>\r\n<\/div>   <p><strong>All the ways drive to Xavi Hern\u00e1ndez<\/strong> for the <a data-external=\"0\" data-intl-links-en=\"https:\/\/www.fcbarcelonanoticias.com\/en\/fc-barcelona\" data-intl-links-es=\"https:\/\/www.fcbarcelonanoticias.com\/fc-barcelona\" href=\"https:\/\/www.fcbarcelonanoticias.com\/en\/football-soccer\/fc-barcelona.html\" rel=\"follow\" target=\"_self\" title=\"FC Barcelona\">FC Barcelona<\/a>, even when from the offices of the Camp Nou weigh more the fact that the ex footballer supported the candidature of V\u00edctor Font, that the need to begin from zero with a trainer that knows of foot to head the team, that has added experience in Catar and that causes the illusion in all the barcelonismo<strong>: if it was a hero in the field, also can be it from the bench<\/strong>. Only it does fault that give him the opportunity, that is expecting in any case.<\/p>  <p>This opportunity, in fact, have denied it to him in two occasions, more than which any one would expect. Instead, <strong>the club has opted by the &#8216;patches&#8217; <\/strong>and the result has finish being the same: disasters in Europe and also in Spain, because it seemed that they were focused in damaging the image of the Bar\u00e7a and that the club weaken year after year, even more if it can . It happened <strong>when destituyeron to Ernesto Valverde<\/strong>, to <strong>finish arriving Quique Seti\u00e9n <\/strong>and after the dismissal of east, Ronald Koeman. Without explaining the decision to keep to the Dutch in the summer.<\/p>  <p>Meanwhile, it has not existed sportive project, clear aspirations. <strong>A desprop\u00f3sito<\/strong>, in any case, that began Josep Mar\u00eda Bartomeu and that has continued <a data-external=\"0\" data-intl-links-en=\"https:\/\/www.fcbarcelonanoticias.com\/en\/tags\/joan-laporta\" data-intl-links-es=\"https:\/\/www.fcbarcelonanoticias.com\/tags\/joan-laporta\" href=\"https:\/\/www.fcbarcelonanoticias.com\/en\/tags\/joan-laporta.html\" rel=\"follow\" target=\"_self\" title=\"Joan Laporta\">Joan Laporta<\/a>, in spite of the one who weigh him. Because the reality is that &#8216;Jan&#8217; has remained like the president that &#8216;threw&#8217; to Leo Messi and the one who continues keeping to Koeman in his charge. <strong>The &#8220;nefasta inheritance&#8221;<\/strong> of which so much has complained conditions it too much, but go if it has looked for the solutions&#8230;<\/p>  <p>Now that the Dutch is on a tightrope, the name of Xavi goes back to the scene, but will be difficult that arrive. No because it does not deserve it, but because <strong>how fichar to a trainer that was used as &#8216;weapon&#8217; in another candidature in the elections? <\/strong>Once again and as always, placing in front the egos before the real needs of the club. It happened with the signings of this summer, with the exit (by the rear door) of Messi&#8230;<\/p>  <h3>Laporta, to fault of a call<\/h3>  <p>To the Bar\u00e7a him avecina, probably, a new patch. It has sounded Roberto Mart\u00ednez, Andrea Pirlo and even Gallardo, options very move# away of what needs the club, that is Xavi.<strong> The ex cul\u00e9 gathers the requirements to do with the charge: Barcelona DNA<\/strong>, the style of game that so much &#8216;demand&#8217; from the offices, the fans identifies with him and the players, also. It is all put on the table and Laporta has to do a call.<\/p>  <p>All what was not Xavi will be, probably, a new attempt to keep to a team that does not sustain , a new patch, a new failure&#8230; That ojal\u00e1 was not like this, but that &#8216;win&#8217; whole for this. The Bar\u00e7a, once and for all, needs and<strong>ncontrar the definite solution and stop to do contests, summer after summer<\/strong>, in research of a solution.<\/p> ","protected":false},"excerpt":{"rendered":"<p>All roads lead to Xavi Hern\u00e1ndez, despite the fact that Joan Laporta and company are reluctant to take the one from Terrasa home All the ways drive to Xavi Hern\u00e1ndez for the FC Barcelona, even when from the offices of the Camp Nou weigh more the fact that the ex footballer supported the candidature of [&hellip;]<\/p>\n","protected":false},"author":352,"featured_media":19148,"comment_status":"closed","ping_status":"open","sticky":false,"template":"","format":"standard","meta":{"_acf_changed":false,"inline_featured_image":false,"_nextfly_llmd_date_locked":false,"footnotes":""},"categories":[111],"tags":[158,48],"class_list":["post-19144","post","type-post","status-publish","format-standard","has-post-thumbnail","hentry","category-fc-barcelona","tag-joan-laporta","tag-xavi-hernandez"],"acf":[],"yoast_head":"<!-- This site is optimized with the Yoast SEO plugin v27.3 - https:\/\/yoast.com\/product\/yoast-seo-wordpress\/ -->\n<title>Xavi is the future: The Bar\u00e7a needs solutions, no patches<\/title>\n<meta name=\"description\" content=\"All the ways head to Xavi Hern\u00e1ndez, although Joan Laporta and company was reluctant to the option to carry home to the of Terrasa\" \/>\n<meta name=\"robots\" content=\"index, follow, max-snippet:-1, max-image-preview:large, max-video-preview:-1\" \/>\n<link rel=\"canonical\" href=\"https:\/\/www.fcbarcelonanoticias.com\/en\/fc-barcelona\/fc-barcelona\/xavi-is-the-future-the-barca-needs-solutions-no-patches_273244_102.html\" \/>\n<meta property=\"og:locale\" content=\"en_US\" \/>\n<meta property=\"og:type\" content=\"article\" \/>\n<meta property=\"og:title\" content=\"Xavi is the future: The Bar\u00e7a needs solutions, no patches\" \/>\n<meta property=\"og:description\" content=\"All the ways head to Xavi Hern\u00e1ndez, although Joan Laporta and company was reluctant to the option to carry home to the of Terrasa\" \/>\n<meta property=\"og:url\" content=\"https:\/\/www.fcbarcelonanoticias.com\/en\/fc-barcelona\/fc-barcelona\/xavi-is-the-future-the-barca-needs-solutions-no-patches_273244_102.html\" \/>\n<meta property=\"og:site_name\" content=\"EN - FC Barcelona Noticias\" \/>\n<meta property=\"article:published_time\" content=\"2021-09-30T18:04:00+00:00\" \/>\n<meta property=\"article:modified_time\" content=\"2021-09-30T18:05:00+00:00\" \/>\n<meta property=\"og:image\" content=\"https:\/\/www.fcbarcelonanoticias.com\/en\/wp-content\/uploads\/sites\/2\/2021\/09\/xavi-laporta.jpeg\" \/>\n\t<meta property=\"og:image:width\" content=\"1200\" \/>\n\t<meta property=\"og:image:height\" content=\"675\" \/>\n\t<meta property=\"og:image:type\" content=\"image\/jpeg\" \/>\n<meta name=\"author\" content=\"Paola Guevara\" \/>\n<meta name=\"twitter:card\" content=\"summary_large_image\" \/>\n<meta name=\"twitter:label1\" content=\"Written by\" \/>\n\t<meta name=\"twitter:data1\" content=\"Paola Guevara\" \/>\n\t<meta name=\"twitter:label2\" content=\"Est. reading time\" \/>\n\t<meta name=\"twitter:data2\" content=\"3 minutes\" \/>\n<script type=\"application\/ld+json\" class=\"yoast-schema-graph\">{\"@context\":\"https:\\\/\\\/schema.org\",\"@graph\":[{\"@type\":\"Article\",\"@id\":\"https:\\\/\\\/www.fcbarcelonanoticias.com\\\/en\\\/fc-barcelona\\\/fc-barcelona\\\/xavi-is-the-future-the-barca-needs-solutions-no-patches_273244_102.html#article\",\"isPartOf\":{\"@id\":\"https:\\\/\\\/www.fcbarcelonanoticias.com\\\/en\\\/fc-barcelona\\\/fc-barcelona\\\/xavi-is-the-future-the-barca-needs-solutions-no-patches_273244_102.html\"},\"author\":{\"name\":\"Paola Guevara\",\"@id\":\"https:\\\/\\\/www.fcbarcelonanoticias.com\\\/en\\\/#\\\/schema\\\/person\\\/3b408513ee236e64c3043ec901f019ee\"},\"headline\":\"Xavi is the future: Bar\u00e7a needs solutions, not patches\",\"datePublished\":\"2021-09-30T18:04:00+00:00\",\"dateModified\":\"2021-09-30T18:05:00+00:00\",\"mainEntityOfPage\":{\"@id\":\"https:\\\/\\\/www.fcbarcelonanoticias.com\\\/en\\\/fc-barcelona\\\/fc-barcelona\\\/xavi-is-the-future-the-barca-needs-solutions-no-patches_273244_102.html\"},\"wordCount\":551,\"image\":{\"@id\":\"https:\\\/\\\/www.fcbarcelonanoticias.com\\\/en\\\/fc-barcelona\\\/fc-barcelona\\\/xavi-is-the-future-the-barca-needs-solutions-no-patches_273244_102.html#primaryimage\"},\"thumbnailUrl\":\"https:\\\/\\\/www.fcbarcelonanoticias.com\\\/en\\\/wp-content\\\/uploads\\\/sites\\\/2\\\/2021\\\/09\\\/xavi-laporta.jpeg\",\"keywords\":[\"Joan Laporta\",\"Xavi Hern\u00e1ndez\"],\"articleSection\":[\"FC Barcelona\"],\"inLanguage\":\"en-US\"},{\"@type\":\"WebPage\",\"@id\":\"https:\\\/\\\/www.fcbarcelonanoticias.com\\\/en\\\/fc-barcelona\\\/fc-barcelona\\\/xavi-is-the-future-the-barca-needs-solutions-no-patches_273244_102.html\",\"url\":\"https:\\\/\\\/www.fcbarcelonanoticias.com\\\/en\\\/fc-barcelona\\\/fc-barcelona\\\/xavi-is-the-future-the-barca-needs-solutions-no-patches_273244_102.html\",\"name\":\"Xavi is the future: The Bar\u00e7a needs solutions, no patches\",\"isPartOf\":{\"@id\":\"https:\\\/\\\/www.fcbarcelonanoticias.com\\\/en\\\/#website\"},\"primaryImageOfPage\":{\"@id\":\"https:\\\/\\\/www.fcbarcelonanoticias.com\\\/en\\\/fc-barcelona\\\/fc-barcelona\\\/xavi-is-the-future-the-barca-needs-solutions-no-patches_273244_102.html#primaryimage\"},\"image\":{\"@id\":\"https:\\\/\\\/www.fcbarcelonanoticias.com\\\/en\\\/fc-barcelona\\\/fc-barcelona\\\/xavi-is-the-future-the-barca-needs-solutions-no-patches_273244_102.html#primaryimage\"},\"thumbnailUrl\":\"https:\\\/\\\/www.fcbarcelonanoticias.com\\\/en\\\/wp-content\\\/uploads\\\/sites\\\/2\\\/2021\\\/09\\\/xavi-laporta.jpeg\",\"datePublished\":\"2021-09-30T18:04:00+00:00\",\"dateModified\":\"2021-09-30T18:05:00+00:00\",\"author\":{\"@id\":\"https:\\\/\\\/www.fcbarcelonanoticias.com\\\/en\\\/#\\\/schema\\\/person\\\/3b408513ee236e64c3043ec901f019ee\"},\"description\":\"All the ways head to Xavi Hern\u00e1ndez, although Joan Laporta and company was reluctant to the option to carry home to the of Terrasa\",\"breadcrumb\":{\"@id\":\"https:\\\/\\\/www.fcbarcelonanoticias.com\\\/en\\\/fc-barcelona\\\/fc-barcelona\\\/xavi-is-the-future-the-barca-needs-solutions-no-patches_273244_102.html#breadcrumb\"},\"inLanguage\":\"en-US\",\"potentialAction\":[{\"@type\":\"ReadAction\",\"target\":[\"https:\\\/\\\/www.fcbarcelonanoticias.com\\\/en\\\/fc-barcelona\\\/fc-barcelona\\\/xavi-is-the-future-the-barca-needs-solutions-no-patches_273244_102.html\"]}]},{\"@type\":\"ImageObject\",\"inLanguage\":\"en-US\",\"@id\":\"https:\\\/\\\/www.fcbarcelonanoticias.com\\\/en\\\/fc-barcelona\\\/fc-barcelona\\\/xavi-is-the-future-the-barca-needs-solutions-no-patches_273244_102.html#primaryimage\",\"url\":\"https:\\\/\\\/www.fcbarcelonanoticias.com\\\/en\\\/wp-content\\\/uploads\\\/sites\\\/2\\\/2021\\\/09\\\/xavi-laporta.jpeg\",\"contentUrl\":\"https:\\\/\\\/www.fcbarcelonanoticias.com\\\/en\\\/wp-content\\\/uploads\\\/sites\\\/2\\\/2021\\\/09\\\/xavi-laporta.jpeg\",\"width\":1200,\"height\":675},{\"@type\":\"BreadcrumbList\",\"@id\":\"https:\\\/\\\/www.fcbarcelonanoticias.com\\\/en\\\/fc-barcelona\\\/fc-barcelona\\\/xavi-is-the-future-the-barca-needs-solutions-no-patches_273244_102.html#breadcrumb\",\"itemListElement\":[{\"@type\":\"ListItem\",\"position\":1,\"name\":\"Portada\",\"item\":\"https:\\\/\\\/www.fcbarcelonanoticias.com\\\/en\\\/\"},{\"@type\":\"ListItem\",\"position\":2,\"name\":\"Xavi is the future: Bar\u00e7a needs solutions, not patches\"}]},{\"@type\":\"WebSite\",\"@id\":\"https:\\\/\\\/www.fcbarcelonanoticias.com\\\/en\\\/#website\",\"url\":\"https:\\\/\\\/www.fcbarcelonanoticias.com\\\/en\\\/\",\"name\":\"EN - FC Barcelona Noticias\",\"description\":\"\",\"potentialAction\":[{\"@type\":\"SearchAction\",\"target\":{\"@type\":\"EntryPoint\",\"urlTemplate\":\"https:\\\/\\\/www.fcbarcelonanoticias.com\\\/en\\\/?s={search_term_string}\"},\"query-input\":{\"@type\":\"PropertyValueSpecification\",\"valueRequired\":true,\"valueName\":\"search_term_string\"}}],\"inLanguage\":\"en-US\"},{\"@type\":\"Person\",\"@id\":\"https:\\\/\\\/www.fcbarcelonanoticias.com\\\/en\\\/#\\\/schema\\\/person\\\/3b408513ee236e64c3043ec901f019ee\",\"name\":\"Paola Guevara\",\"image\":{\"@type\":\"ImageObject\",\"inLanguage\":\"en-US\",\"@id\":\"https:\\\/\\\/secure.gravatar.com\\\/avatar\\\/?s=96&d=mm&r=g\",\"url\":\"https:\\\/\\\/secure.gravatar.com\\\/avatar\\\/?s=96&d=mm&r=g\",\"contentUrl\":\"https:\\\/\\\/secure.gravatar.com\\\/avatar\\\/?s=96&d=mm&r=g\",\"caption\":\"Paola Guevara\"},\"url\":\"https:\\\/\\\/www.fcbarcelonanoticias.com\\\/en\\\/fc-barcelona\\\/paola-guevara_9_115.html\"}]}<\/script>\n<!-- \/ Yoast SEO plugin. -->","yoast_head_json":{"title":"Xavi is the future: The Bar\u00e7a needs solutions, no patches","description":"All the ways head to Xavi Hern\u00e1ndez, although Joan Laporta and company was reluctant to the option to carry home to the of Terrasa","robots":{"index":"index","follow":"follow","max-snippet":"max-snippet:-1","max-image-preview":"max-image-preview:large","max-video-preview":"max-video-preview:-1"},"canonical":"https:\/\/www.fcbarcelonanoticias.com\/en\/fc-barcelona\/fc-barcelona\/xavi-is-the-future-the-barca-needs-solutions-no-patches_273244_102.html","og_locale":"en_US","og_type":"article","og_title":"Xavi is the future: The Bar\u00e7a needs solutions, no patches","og_description":"All the ways head to Xavi Hern\u00e1ndez, although Joan Laporta and company was reluctant to the option to carry home to the of Terrasa","og_url":"https:\/\/www.fcbarcelonanoticias.com\/en\/fc-barcelona\/fc-barcelona\/xavi-is-the-future-the-barca-needs-solutions-no-patches_273244_102.html","og_site_name":"EN - FC Barcelona Noticias","article_published_time":"2021-09-30T18:04:00+00:00","article_modified_time":"2021-09-30T18:05:00+00:00","og_image":[{"width":1200,"height":675,"url":"https:\/\/www.fcbarcelonanoticias.com\/en\/wp-content\/uploads\/sites\/2\/2021\/09\/xavi-laporta.jpeg","type":"image\/jpeg"}],"author":"Paola Guevara","twitter_card":"summary_large_image","twitter_misc":{"Written by":"Paola Guevara","Est. reading time":"3 minutes"},"schema":{"@context":"https:\/\/schema.org","@graph":[{"@type":"Article","@id":"https:\/\/www.fcbarcelonanoticias.com\/en\/fc-barcelona\/fc-barcelona\/xavi-is-the-future-the-barca-needs-solutions-no-patches_273244_102.html#article","isPartOf":{"@id":"https:\/\/www.fcbarcelonanoticias.com\/en\/fc-barcelona\/fc-barcelona\/xavi-is-the-future-the-barca-needs-solutions-no-patches_273244_102.html"},"author":{"name":"Paola Guevara","@id":"https:\/\/www.fcbarcelonanoticias.com\/en\/#\/schema\/person\/3b408513ee236e64c3043ec901f019ee"},"headline":"Xavi is the future: Bar\u00e7a needs solutions, not patches","datePublished":"2021-09-30T18:04:00+00:00","dateModified":"2021-09-30T18:05:00+00:00","mainEntityOfPage":{"@id":"https:\/\/www.fcbarcelonanoticias.com\/en\/fc-barcelona\/fc-barcelona\/xavi-is-the-future-the-barca-needs-solutions-no-patches_273244_102.html"},"wordCount":551,"image":{"@id":"https:\/\/www.fcbarcelonanoticias.com\/en\/fc-barcelona\/fc-barcelona\/xavi-is-the-future-the-barca-needs-solutions-no-patches_273244_102.html#primaryimage"},"thumbnailUrl":"https:\/\/www.fcbarcelonanoticias.com\/en\/wp-content\/uploads\/sites\/2\/2021\/09\/xavi-laporta.jpeg","keywords":["Joan Laporta","Xavi Hern\u00e1ndez"],"articleSection":["FC Barcelona"],"inLanguage":"en-US"},{"@type":"WebPage","@id":"https:\/\/www.fcbarcelonanoticias.com\/en\/fc-barcelona\/fc-barcelona\/xavi-is-the-future-the-barca-needs-solutions-no-patches_273244_102.html","url":"https:\/\/www.fcbarcelonanoticias.com\/en\/fc-barcelona\/fc-barcelona\/xavi-is-the-future-the-barca-needs-solutions-no-patches_273244_102.html","name":"Xavi is the future: The Bar\u00e7a needs solutions, no patches","isPartOf":{"@id":"https:\/\/www.fcbarcelonanoticias.com\/en\/#website"},"primaryImageOfPage":{"@id":"https:\/\/www.fcbarcelonanoticias.com\/en\/fc-barcelona\/fc-barcelona\/xavi-is-the-future-the-barca-needs-solutions-no-patches_273244_102.html#primaryimage"},"image":{"@id":"https:\/\/www.fcbarcelonanoticias.com\/en\/fc-barcelona\/fc-barcelona\/xavi-is-the-future-the-barca-needs-solutions-no-patches_273244_102.html#primaryimage"},"thumbnailUrl":"https:\/\/www.fcbarcelonanoticias.com\/en\/wp-content\/uploads\/sites\/2\/2021\/09\/xavi-laporta.jpeg","datePublished":"2021-09-30T18:04:00+00:00","dateModified":"2021-09-30T18:05:00+00:00","author":{"@id":"https:\/\/www.fcbarcelonanoticias.com\/en\/#\/schema\/person\/3b408513ee236e64c3043ec901f019ee"},"description":"All the ways head to Xavi Hern\u00e1ndez, although Joan Laporta and company was reluctant to the option to carry home to the of Terrasa","breadcrumb":{"@id":"https:\/\/www.fcbarcelonanoticias.com\/en\/fc-barcelona\/fc-barcelona\/xavi-is-the-future-the-barca-needs-solutions-no-patches_273244_102.html#breadcrumb"},"inLanguage":"en-US","potentialAction":[{"@type":"ReadAction","target":["https:\/\/www.fcbarcelonanoticias.com\/en\/fc-barcelona\/fc-barcelona\/xavi-is-the-future-the-barca-needs-solutions-no-patches_273244_102.html"]}]},{"@type":"ImageObject","inLanguage":"en-US","@id":"https:\/\/www.fcbarcelonanoticias.com\/en\/fc-barcelona\/fc-barcelona\/xavi-is-the-future-the-barca-needs-solutions-no-patches_273244_102.html#primaryimage","url":"https:\/\/www.fcbarcelonanoticias.com\/en\/wp-content\/uploads\/sites\/2\/2021\/09\/xavi-laporta.jpeg","contentUrl":"https:\/\/www.fcbarcelonanoticias.com\/en\/wp-content\/uploads\/sites\/2\/2021\/09\/xavi-laporta.jpeg","width":1200,"height":675},{"@type":"BreadcrumbList","@id":"https:\/\/www.fcbarcelonanoticias.com\/en\/fc-barcelona\/fc-barcelona\/xavi-is-the-future-the-barca-needs-solutions-no-patches_273244_102.html#breadcrumb","itemListElement":[{"@type":"ListItem","position":1,"name":"Portada","item":"https:\/\/www.fcbarcelonanoticias.com\/en\/"},{"@type":"ListItem","position":2,"name":"Xavi is the future: Bar\u00e7a needs solutions, not patches"}]},{"@type":"WebSite","@id":"https:\/\/www.fcbarcelonanoticias.com\/en\/#website","url":"https:\/\/www.fcbarcelonanoticias.com\/en\/","name":"EN - FC Barcelona Noticias","description":"","potentialAction":[{"@type":"SearchAction","target":{"@type":"EntryPoint","urlTemplate":"https:\/\/www.fcbarcelonanoticias.com\/en\/?s={search_term_string}"},"query-input":{"@type":"PropertyValueSpecification","valueRequired":true,"valueName":"search_term_string"}}],"inLanguage":"en-US"},{"@type":"Person","@id":"https:\/\/www.fcbarcelonanoticias.com\/en\/#\/schema\/person\/3b408513ee236e64c3043ec901f019ee","name":"Paola Guevara","image":{"@type":"ImageObject","inLanguage":"en-US","@id":"https:\/\/secure.gravatar.com\/avatar\/?s=96&d=mm&r=g","url":"https:\/\/secure.gravatar.com\/avatar\/?s=96&d=mm&r=g","contentUrl":"https:\/\/secure.gravatar.com\/avatar\/?s=96&d=mm&r=g","caption":"Paola Guevara"},"url":"https:\/\/www.fcbarcelonanoticias.com\/en\/fc-barcelona\/paola-guevara_9_115.html"}]}},"_links":{"self":[{"href":"https:\/\/www.fcbarcelonanoticias.com\/en\/wp-json\/wp\/v2\/posts\/19144","targetHints":{"allow":["GET"]}}],"collection":[{"href":"https:\/\/www.fcbarcelonanoticias.com\/en\/wp-json\/wp\/v2\/posts"}],"about":[{"href":"https:\/\/www.fcbarcelonanoticias.com\/en\/wp-json\/wp\/v2\/types\/post"}],"author":[{"embeddable":true,"href":"https:\/\/www.fcbarcelonanoticias.com\/en\/wp-json\/wp\/v2\/users\/352"}],"replies":[{"embeddable":true,"href":"https:\/\/www.fcbarcelonanoticias.com\/en\/wp-json\/wp\/v2\/comments?post=19144"}],"version-history":[{"count":1,"href":"https:\/\/www.fcbarcelonanoticias.com\/en\/wp-json\/wp\/v2\/posts\/19144\/revisions"}],"predecessor-version":[{"id":19145,"href":"https:\/\/www.fcbarcelonanoticias.com\/en\/wp-json\/wp\/v2\/posts\/19144\/revisions\/19145"}],"wp:featuredmedia":[{"embeddable":true,"href":"https:\/\/www.fcbarcelonanoticias.com\/en\/wp-json\/wp\/v2\/media\/19148"}],"wp:attachment":[{"href":"https:\/\/www.fcbarcelonanoticias.com\/en\/wp-json\/wp\/v2\/media?parent=19144"}],"wp:term":[{"taxonomy":"category","embeddable":true,"href":"https:\/\/www.fcbarcelonanoticias.com\/en\/wp-json\/wp\/v2\/categories?post=19144"},{"taxonomy":"post_tag","embeddable":true,"href":"https:\/\/www.fcbarcelonanoticias.com\/en\/wp-json\/wp\/v2\/tags?post=19144"}],"curies":[{"name":"wp","href":"https:\/\/api.w.org\/{rel}","templated":true}]}}