{"id":19214,"date":"2025-03-15T14:25:00","date_gmt":"2025-03-15T13:25:00","guid":{"rendered":"https:\/\/weisetech.dev\/fc-barcelona-noticias\/en\/hansi-flick-no-filters-his-stance-on-jong-alvarez-penalty-and-more_311495_102\/"},"modified":"2025-03-15T14:25:00","modified_gmt":"2025-03-15T13:25:00","slug":"hansi-flick-no-filters-his-stance-on-jong-alvarez-penalty-and-more_311495_102","status":"publish","type":"post","link":"https:\/\/www.fcbarcelonanoticias.com\/en\/fc-barcelona\/hansi-flick-no-filters-his-stance-on-jong-alvarez-penalty-and-more_311495_102.html","title":{"rendered":"Hansi Flick, no filters: his stance on De Jong, \u00c1lvarez&#8217;s penalty, and more"},"content":{"rendered":"<h2 class=\"wp-block-heading\">Hansi Flick appeared before the press ahead of the match between Atl\u00e9tico de Madrid and Bar\u00e7a. The German spoke out about the controversy surrounding \u00c1lvarez&#8217;s penalty and De Jong&#8217;s future at the club<\/h2>  \r\n<div class=\"article-addons\">\r\n    <a href=\"https:\/\/www.fcbarcelonanoticias.com\/en\/calendar-fc-barcelona.html\"\r\n       target=\"_self\"\r\n       title=\"Calendar of FC Barcelona\"\r\n       class=\"blue-gredient-btn\">\r\n       \r\n        Calendar of FC Barcelona    <\/a>\r\n<\/div>   <p>The <strong>FC Barcelona<\/strong> will face a true test this coming Sunday, March 16, against <strong>Atl\u00e9tico de Madrid<\/strong> at the Riyadh Air Metropolitano. In the lead-up to the match, <a data-external=\"0\" data-intl-links-en=\"https:\/\/www.fcbarcelonanoticias.com\/en\/laliga\/barcelona-seeks-lethal-blow-to-laliga-against-crisis-stricken-atletico_311471_102.html\" data-intl-links-es=\"https:\/\/www.fcbarcelonanoticias.com\/laliga\/barcelona-puede-dar-golpe-definitivo-laliga-atletico-desgastado_311471_102.html\" href=\"https:\/\/www.fcbarcelonanoticias.com\/en\/laliga\/barcelona-seeks-lethal-blow-to-laliga-against-crisis-stricken-atletico_311471_102.html\" rel=\"follow\" target=\"_self\" title=\"Bar\u00e7a can deliver a decisive blow to LaLiga against a worn-out Atl\u00e9tico\">which will be key for the team&#8217;s aspirations in LaLiga<\/a>, <strong>Hansi Flick<\/strong> addressed the media in a press conference and made clear the importance of the clash against the colchoneros.<\/p>  <p>&#8220;I see the team very focused for tomorrow. We are looking forward to the match. It\u2019s difficult, there are always things we can learn from and help us improve. <strong>Tomorrow will be tough, but we are prepared<\/strong>&#8220;, began the German, who admitted to believing that the fatigue of the rojiblancos against <strong>Real Madrid<\/strong> in the Champions League &#8220;will not be a problem. They are in great shape, they have experience and I don\u2019t think it will affect them much&#8221;.<\/p>  <blockquote> <p>&#8220;<strong>If you make mistakes, Atl\u00e9tico will make you pay for them<\/strong>&#8220;<\/p> <\/blockquote>  <p>The clash against &#8216;Cholo&#8217; Simeone&#8217;s side will be a challenge for the cul\u00e9s, who have yet to defeat them this season. &#8220;I think we played two great matches and we need to be focused from start to finish. At the end of the first match, we weren\u2019t as focused as we wanted. <strong>In the second, it happened to us both at the beginning and at the end, and we need to take care of those details<\/strong>. If you make mistakes, Atl\u00e9tico will make you pay for them,&#8221; the coach stated.<\/p>  <p>When asked if Sunday\u2019s match will be key to winning LaLiga, <strong>Flick<\/strong> assured that &#8220;there is still a long way to go. It\u2019s just one match, that\u2019s all. Of course, if we win, we will gain confidence. It\u2019s Atl\u00e9tico, one of the best in the league, fantastic teams. I always say that teams in the league know how to play, and it\u2019s not easy to win against any of them. We are in a very good situation right now, maintaining a good level. <strong>If we focus, we have many options and enormous potential to win<\/strong>&#8220;.<\/p>  <h2>\u00c1lvarez&#8217;s penalty and the match against Borussia Dortmund<\/h2>  <p>The match against Atleti comes just days after the <a data-external=\"0\" data-intl-links-en=\"https:\/\/www.fcbarcelonanoticias.com\/en\/champions-league\/uefa-clarifies-controversy-why-was-julian-alvarez-penalty-against-atletico-canceled_311457_102.html\" data-intl-links-es=\"https:\/\/www.fcbarcelonanoticias.com\/champions-league\/uefa-aclara-polemica-por-que-anulo-penalti-julian-alvarez-atletico_311457_102.html\" href=\"https:\/\/www.fcbarcelonanoticias.com\/en\/champions-league\/uefa-clarifies-controversy-why-was-julian-alvarez-penalty-against-atletico-canceled_311457_102.html\" rel=\"follow\" target=\"_self\" title=\"UEFA responds: Why was Juli\u00e1n \u00c1lvarez's penalty against Atl\u00e9tico canceled?\">controversial penalty canceled for Juli\u00e1n \u00c1lvarez against Real Madrid<\/a> in the Champions League, so the topic came up during Flick&#8217;s appearance. &#8220;What do you want me to say? It was a very unfortunate situation. I really feel bad for him. Juli\u00e1n is very good, one of the best at the moment. <strong>I feel bad for him, but I have nothing to comment on<\/strong>, I did not make that decision,&#8221; the coach limited himself to saying.<\/p>  <p>Regarding the clash against Borussia Dortmund in the quarter-finals of the continental championship and his reunion with Niko Kovac, his predecessor at Bayern Munich, the German stated that &#8220;<strong>I have a good relationship with Niko Kovac, he\u2019s a good guy. But I don\u2019t want to talk about that match, there\u2019s still a lot to come<\/strong>. We have many matches before that. Dortmund is a great team, they already showed that when we played against them. In the quarter-finals, there are good teams, we are very eager. But now it\u2019s time for Atl\u00e9tico.&#8221;<\/p>  <h2>The &#8216;no&#8217; call-up of Gavi and De Jong&#8217;s renewal<\/h2>  <p>When asked about Gavi&#8217;s &#8216;no&#8217; call-up with Spain, the coach praised the Andalusian and assured that &#8220;it\u2019s Gavi, what can I say about him? He has come back from a very serious injury and has needed time to recover. He is one of the best players, he is doing very well. He will play for many years at Barcelona and will be a superstar here. He can improve and he will. His attitude is incredible. <strong>He and I are very happy. I\u2019m sure he will be at the World Cup<\/strong>&#8220;.<\/p>  <blockquote> <p>&#8220;(Gavi) will <strong>play for many years at Barcelona and will be a superstar here<\/strong>&#8220;<\/p> <\/blockquote>  <p>When asked if justice was done with the call-up of <strong>I\u00f1igo Mart\u00ednez<\/strong> to the national team, the German commented that &#8220;why should I think it\u2019s unfair? My opinion is that he is playing very well, but it\u2019s not my decision whether he goes or not with the national team. That\u2019s up to the coach, and he is doing very well. <strong>He also sees how I\u00f1igo is doing, with his attitude, his mentality, it\u2019s very good for the team<\/strong>&#8220;.<\/p>  <p>Regarding the renewal of <strong>Frenkie de Jong<\/strong>, <strong>Flick<\/strong> responded firmly that &#8220;<strong>it will depend on the club and him<\/strong>. He has improved a lot after a serious injury, he was out for a long time. He is playing very well, he gives us many options with the ball, possession increases with him. I am very happy to have him&#8221;.<\/p>  <h2>Lamine Yamal&#8217;s lack of goals and Balde&#8217;s present<\/h2>  <p>The blaugrana coach also spoke about the &#8216;drought&#8217; of <strong>Lamine Yamal<\/strong> in <strong>LaLiga<\/strong> and the impact his goal against Benfica could have, downplaying the situation by stating that &#8220;I see him the same as always. He has always had confidence with the ball, scoring of course helps a lot. He also provided the assist for the first goal. <strong>He is playing very well, his performance is excellent. I don\u2019t think that goal has changed anything<\/strong>&#8220;.<\/p>  <p>Finally, regarding <strong>Balde<\/strong>&#8216;s outstanding performance in the second half of the season, Flick stated that his season has been &#8220;very good. He has improved a lot. <strong>He is at the level of the best left-backs in the world<\/strong>. A fantastic player. And I believe he has a lot of potential, he wants to learn and improve every day. Step by step. That is very good&#8221;.<\/p> ","protected":false},"excerpt":{"rendered":"<p>Hansi Flick appeared before the press ahead of the match between Atl\u00e9tico de Madrid and Bar\u00e7a. The German spoke out about the controversy surrounding \u00c1lvarez&#8217;s penalty and De Jong&#8217;s future at the club The FC Barcelona will face a true test this coming Sunday, March 16, against Atl\u00e9tico de Madrid at the Riyadh Air Metropolitano. [&hellip;]<\/p>\n","protected":false},"author":358,"featured_media":19225,"comment_status":"closed","ping_status":"open","sticky":false,"template":"","format":"standard","meta":{"_acf_changed":false,"inline_featured_image":false,"_nextfly_llmd_date_locked":false,"footnotes":""},"categories":[111],"tags":[58,87],"class_list":["post-19214","post","type-post","status-publish","format-standard","has-post-thumbnail","hentry","category-fc-barcelona","tag-fc-barcelona-vs-atletico-madrid-latest-match-news","tag-hansi-flick"],"acf":[],"yoast_head":"<!-- This site is optimized with the Yoast SEO plugin v27.3 - https:\/\/yoast.com\/product\/yoast-seo-wordpress\/ -->\n<title>Hansi Flick, no filters: his stance on De Jong, \u00c1lvarez&#039;s penalty, and more<\/title>\n<meta name=\"description\" content=\"Hansi Flick appeared before the press ahead of the match between Atl\u00e9tico de Madrid and Bar\u00e7a. The German spoke out about the controversy surrounding \u00c1lv...\" \/>\n<meta name=\"robots\" content=\"index, follow, max-snippet:-1, max-image-preview:large, max-video-preview:-1\" \/>\n<link rel=\"canonical\" href=\"https:\/\/www.fcbarcelonanoticias.com\/en\/fc-barcelona\/hansi-flick-no-filters-his-stance-on-jong-alvarez-penalty-and-more_311495_102.html\" \/>\n<meta property=\"og:locale\" content=\"en_US\" \/>\n<meta property=\"og:type\" content=\"article\" \/>\n<meta property=\"og:title\" content=\"Hansi Flick, no filters: his stance on De Jong, \u00c1lvarez&#039;s penalty, and more\" \/>\n<meta property=\"og:description\" content=\"Hansi Flick appeared before the press ahead of the match between Atl\u00e9tico de Madrid and Bar\u00e7a. The German spoke out about the controversy surrounding \u00c1lv...\" \/>\n<meta property=\"og:url\" content=\"https:\/\/www.fcbarcelonanoticias.com\/en\/fc-barcelona\/hansi-flick-no-filters-his-stance-on-jong-alvarez-penalty-and-more_311495_102.html\" \/>\n<meta property=\"og:site_name\" content=\"EN - FC Barcelona Noticias\" \/>\n<meta property=\"article:published_time\" content=\"2025-03-15T13:25:00+00:00\" \/>\n<meta property=\"og:image\" content=\"https:\/\/www.fcbarcelonanoticias.com\/en\/wp-content\/uploads\/sites\/2\/2025\/03\/hansi-flick-rueda-de-prensa-3.jpeg\" \/>\n\t<meta property=\"og:image:width\" content=\"1200\" \/>\n\t<meta property=\"og:image:height\" content=\"675\" \/>\n\t<meta property=\"og:image:type\" content=\"image\/jpeg\" \/>\n<meta name=\"author\" content=\"Juan Pablo Berdugo\" \/>\n<meta name=\"twitter:card\" content=\"summary_large_image\" \/>\n<meta name=\"twitter:label1\" content=\"Written by\" \/>\n\t<meta name=\"twitter:data1\" content=\"Juan Pablo Berdugo\" \/>\n\t<meta name=\"twitter:label2\" content=\"Est. reading time\" \/>\n\t<meta name=\"twitter:data2\" content=\"5 minutes\" \/>\n<script type=\"application\/ld+json\" class=\"yoast-schema-graph\">{\"@context\":\"https:\\\/\\\/schema.org\",\"@graph\":[{\"@type\":\"Article\",\"@id\":\"https:\\\/\\\/www.fcbarcelonanoticias.com\\\/en\\\/fc-barcelona\\\/hansi-flick-no-filters-his-stance-on-jong-alvarez-penalty-and-more_311495_102.html#article\",\"isPartOf\":{\"@id\":\"https:\\\/\\\/www.fcbarcelonanoticias.com\\\/en\\\/fc-barcelona\\\/hansi-flick-no-filters-his-stance-on-jong-alvarez-penalty-and-more_311495_102.html\"},\"author\":{\"name\":\"Juan Pablo Berdugo\",\"@id\":\"https:\\\/\\\/www.fcbarcelonanoticias.com\\\/en\\\/#\\\/schema\\\/person\\\/88d756918a0a1ae9fa593b5edddd1815\"},\"headline\":\"Hansi Flick, no filters: his stance on De Jong, \u00c1lvarez&#8217;s penalty, and more\",\"datePublished\":\"2025-03-15T13:25:00+00:00\",\"mainEntityOfPage\":{\"@id\":\"https:\\\/\\\/www.fcbarcelonanoticias.com\\\/en\\\/fc-barcelona\\\/hansi-flick-no-filters-his-stance-on-jong-alvarez-penalty-and-more_311495_102.html\"},\"wordCount\":1004,\"image\":{\"@id\":\"https:\\\/\\\/www.fcbarcelonanoticias.com\\\/en\\\/fc-barcelona\\\/hansi-flick-no-filters-his-stance-on-jong-alvarez-penalty-and-more_311495_102.html#primaryimage\"},\"thumbnailUrl\":\"https:\\\/\\\/www.fcbarcelonanoticias.com\\\/en\\\/wp-content\\\/uploads\\\/sites\\\/2\\\/2025\\\/03\\\/hansi-flick-rueda-de-prensa-3.jpeg\",\"keywords\":[\"FC Barcelona vs Atl\u00e9tico Madrid\",\"Hansi Flick\"],\"articleSection\":[\"FC Barcelona\"],\"inLanguage\":\"en-US\"},{\"@type\":\"WebPage\",\"@id\":\"https:\\\/\\\/www.fcbarcelonanoticias.com\\\/en\\\/fc-barcelona\\\/hansi-flick-no-filters-his-stance-on-jong-alvarez-penalty-and-more_311495_102.html\",\"url\":\"https:\\\/\\\/www.fcbarcelonanoticias.com\\\/en\\\/fc-barcelona\\\/hansi-flick-no-filters-his-stance-on-jong-alvarez-penalty-and-more_311495_102.html\",\"name\":\"Hansi Flick, no filters: his stance on De Jong, \u00c1lvarez's penalty, and more\",\"isPartOf\":{\"@id\":\"https:\\\/\\\/www.fcbarcelonanoticias.com\\\/en\\\/#website\"},\"primaryImageOfPage\":{\"@id\":\"https:\\\/\\\/www.fcbarcelonanoticias.com\\\/en\\\/fc-barcelona\\\/hansi-flick-no-filters-his-stance-on-jong-alvarez-penalty-and-more_311495_102.html#primaryimage\"},\"image\":{\"@id\":\"https:\\\/\\\/www.fcbarcelonanoticias.com\\\/en\\\/fc-barcelona\\\/hansi-flick-no-filters-his-stance-on-jong-alvarez-penalty-and-more_311495_102.html#primaryimage\"},\"thumbnailUrl\":\"https:\\\/\\\/www.fcbarcelonanoticias.com\\\/en\\\/wp-content\\\/uploads\\\/sites\\\/2\\\/2025\\\/03\\\/hansi-flick-rueda-de-prensa-3.jpeg\",\"datePublished\":\"2025-03-15T13:25:00+00:00\",\"author\":{\"@id\":\"https:\\\/\\\/www.fcbarcelonanoticias.com\\\/en\\\/#\\\/schema\\\/person\\\/88d756918a0a1ae9fa593b5edddd1815\"},\"description\":\"Hansi Flick appeared before the press ahead of the match between Atl\u00e9tico de Madrid and Bar\u00e7a. The German spoke out about the controversy surrounding \u00c1lv...\",\"breadcrumb\":{\"@id\":\"https:\\\/\\\/www.fcbarcelonanoticias.com\\\/en\\\/fc-barcelona\\\/hansi-flick-no-filters-his-stance-on-jong-alvarez-penalty-and-more_311495_102.html#breadcrumb\"},\"inLanguage\":\"en-US\",\"potentialAction\":[{\"@type\":\"ReadAction\",\"target\":[\"https:\\\/\\\/www.fcbarcelonanoticias.com\\\/en\\\/fc-barcelona\\\/hansi-flick-no-filters-his-stance-on-jong-alvarez-penalty-and-more_311495_102.html\"]}]},{\"@type\":\"ImageObject\",\"inLanguage\":\"en-US\",\"@id\":\"https:\\\/\\\/www.fcbarcelonanoticias.com\\\/en\\\/fc-barcelona\\\/hansi-flick-no-filters-his-stance-on-jong-alvarez-penalty-and-more_311495_102.html#primaryimage\",\"url\":\"https:\\\/\\\/www.fcbarcelonanoticias.com\\\/en\\\/wp-content\\\/uploads\\\/sites\\\/2\\\/2025\\\/03\\\/hansi-flick-rueda-de-prensa-3.jpeg\",\"contentUrl\":\"https:\\\/\\\/www.fcbarcelonanoticias.com\\\/en\\\/wp-content\\\/uploads\\\/sites\\\/2\\\/2025\\\/03\\\/hansi-flick-rueda-de-prensa-3.jpeg\",\"width\":1200,\"height\":675},{\"@type\":\"BreadcrumbList\",\"@id\":\"https:\\\/\\\/www.fcbarcelonanoticias.com\\\/en\\\/fc-barcelona\\\/hansi-flick-no-filters-his-stance-on-jong-alvarez-penalty-and-more_311495_102.html#breadcrumb\",\"itemListElement\":[{\"@type\":\"ListItem\",\"position\":1,\"name\":\"Portada\",\"item\":\"https:\\\/\\\/www.fcbarcelonanoticias.com\\\/en\\\/\"},{\"@type\":\"ListItem\",\"position\":2,\"name\":\"Hansi Flick, no filters: his stance on De Jong, \u00c1lvarez&#8217;s penalty, and more\"}]},{\"@type\":\"WebSite\",\"@id\":\"https:\\\/\\\/www.fcbarcelonanoticias.com\\\/en\\\/#website\",\"url\":\"https:\\\/\\\/www.fcbarcelonanoticias.com\\\/en\\\/\",\"name\":\"EN - FC Barcelona Noticias\",\"description\":\"\",\"potentialAction\":[{\"@type\":\"SearchAction\",\"target\":{\"@type\":\"EntryPoint\",\"urlTemplate\":\"https:\\\/\\\/www.fcbarcelonanoticias.com\\\/en\\\/?s={search_term_string}\"},\"query-input\":{\"@type\":\"PropertyValueSpecification\",\"valueRequired\":true,\"valueName\":\"search_term_string\"}}],\"inLanguage\":\"en-US\"},{\"@type\":\"Person\",\"@id\":\"https:\\\/\\\/www.fcbarcelonanoticias.com\\\/en\\\/#\\\/schema\\\/person\\\/88d756918a0a1ae9fa593b5edddd1815\",\"name\":\"Juan Pablo Berdugo\",\"image\":{\"@type\":\"ImageObject\",\"inLanguage\":\"en-US\",\"@id\":\"https:\\\/\\\/secure.gravatar.com\\\/avatar\\\/?s=96&d=mm&r=g\",\"url\":\"https:\\\/\\\/secure.gravatar.com\\\/avatar\\\/?s=96&d=mm&r=g\",\"contentUrl\":\"https:\\\/\\\/secure.gravatar.com\\\/avatar\\\/?s=96&d=mm&r=g\",\"caption\":\"Juan Pablo Berdugo\"},\"description\":\"Juan Pablo Berdugo es graduado en Periodismo. Colabora con FCBN como especialista en informaci\u00f3n del primer equipo del FC Barcelona, f\u00fatbol internacional y mercado de fichajes. Destaca por su enfoque anal\u00edtico, su rigor informativo y su capacidad para detectar tendencias emergentes en el f\u00fatbol global.\",\"url\":\"https:\\\/\\\/www.fcbarcelonanoticias.com\\\/en\\\/fc-barcelona\\\/juan-pablo-berdugo_18_115.html\"}]}<\/script>\n<!-- \/ Yoast SEO plugin. -->","yoast_head_json":{"title":"Hansi Flick, no filters: his stance on De Jong, \u00c1lvarez's penalty, and more","description":"Hansi Flick appeared before the press ahead of the match between Atl\u00e9tico de Madrid and Bar\u00e7a. The German spoke out about the controversy surrounding \u00c1lv...","robots":{"index":"index","follow":"follow","max-snippet":"max-snippet:-1","max-image-preview":"max-image-preview:large","max-video-preview":"max-video-preview:-1"},"canonical":"https:\/\/www.fcbarcelonanoticias.com\/en\/fc-barcelona\/hansi-flick-no-filters-his-stance-on-jong-alvarez-penalty-and-more_311495_102.html","og_locale":"en_US","og_type":"article","og_title":"Hansi Flick, no filters: his stance on De Jong, \u00c1lvarez's penalty, and more","og_description":"Hansi Flick appeared before the press ahead of the match between Atl\u00e9tico de Madrid and Bar\u00e7a. The German spoke out about the controversy surrounding \u00c1lv...","og_url":"https:\/\/www.fcbarcelonanoticias.com\/en\/fc-barcelona\/hansi-flick-no-filters-his-stance-on-jong-alvarez-penalty-and-more_311495_102.html","og_site_name":"EN - FC Barcelona Noticias","article_published_time":"2025-03-15T13:25:00+00:00","og_image":[{"width":1200,"height":675,"url":"https:\/\/www.fcbarcelonanoticias.com\/en\/wp-content\/uploads\/sites\/2\/2025\/03\/hansi-flick-rueda-de-prensa-3.jpeg","type":"image\/jpeg"}],"author":"Juan Pablo Berdugo","twitter_card":"summary_large_image","twitter_misc":{"Written by":"Juan Pablo Berdugo","Est. reading time":"5 minutes"},"schema":{"@context":"https:\/\/schema.org","@graph":[{"@type":"Article","@id":"https:\/\/www.fcbarcelonanoticias.com\/en\/fc-barcelona\/hansi-flick-no-filters-his-stance-on-jong-alvarez-penalty-and-more_311495_102.html#article","isPartOf":{"@id":"https:\/\/www.fcbarcelonanoticias.com\/en\/fc-barcelona\/hansi-flick-no-filters-his-stance-on-jong-alvarez-penalty-and-more_311495_102.html"},"author":{"name":"Juan Pablo Berdugo","@id":"https:\/\/www.fcbarcelonanoticias.com\/en\/#\/schema\/person\/88d756918a0a1ae9fa593b5edddd1815"},"headline":"Hansi Flick, no filters: his stance on De Jong, \u00c1lvarez&#8217;s penalty, and more","datePublished":"2025-03-15T13:25:00+00:00","mainEntityOfPage":{"@id":"https:\/\/www.fcbarcelonanoticias.com\/en\/fc-barcelona\/hansi-flick-no-filters-his-stance-on-jong-alvarez-penalty-and-more_311495_102.html"},"wordCount":1004,"image":{"@id":"https:\/\/www.fcbarcelonanoticias.com\/en\/fc-barcelona\/hansi-flick-no-filters-his-stance-on-jong-alvarez-penalty-and-more_311495_102.html#primaryimage"},"thumbnailUrl":"https:\/\/www.fcbarcelonanoticias.com\/en\/wp-content\/uploads\/sites\/2\/2025\/03\/hansi-flick-rueda-de-prensa-3.jpeg","keywords":["FC Barcelona vs Atl\u00e9tico Madrid","Hansi Flick"],"articleSection":["FC Barcelona"],"inLanguage":"en-US"},{"@type":"WebPage","@id":"https:\/\/www.fcbarcelonanoticias.com\/en\/fc-barcelona\/hansi-flick-no-filters-his-stance-on-jong-alvarez-penalty-and-more_311495_102.html","url":"https:\/\/www.fcbarcelonanoticias.com\/en\/fc-barcelona\/hansi-flick-no-filters-his-stance-on-jong-alvarez-penalty-and-more_311495_102.html","name":"Hansi Flick, no filters: his stance on De Jong, \u00c1lvarez's penalty, and more","isPartOf":{"@id":"https:\/\/www.fcbarcelonanoticias.com\/en\/#website"},"primaryImageOfPage":{"@id":"https:\/\/www.fcbarcelonanoticias.com\/en\/fc-barcelona\/hansi-flick-no-filters-his-stance-on-jong-alvarez-penalty-and-more_311495_102.html#primaryimage"},"image":{"@id":"https:\/\/www.fcbarcelonanoticias.com\/en\/fc-barcelona\/hansi-flick-no-filters-his-stance-on-jong-alvarez-penalty-and-more_311495_102.html#primaryimage"},"thumbnailUrl":"https:\/\/www.fcbarcelonanoticias.com\/en\/wp-content\/uploads\/sites\/2\/2025\/03\/hansi-flick-rueda-de-prensa-3.jpeg","datePublished":"2025-03-15T13:25:00+00:00","author":{"@id":"https:\/\/www.fcbarcelonanoticias.com\/en\/#\/schema\/person\/88d756918a0a1ae9fa593b5edddd1815"},"description":"Hansi Flick appeared before the press ahead of the match between Atl\u00e9tico de Madrid and Bar\u00e7a. The German spoke out about the controversy surrounding \u00c1lv...","breadcrumb":{"@id":"https:\/\/www.fcbarcelonanoticias.com\/en\/fc-barcelona\/hansi-flick-no-filters-his-stance-on-jong-alvarez-penalty-and-more_311495_102.html#breadcrumb"},"inLanguage":"en-US","potentialAction":[{"@type":"ReadAction","target":["https:\/\/www.fcbarcelonanoticias.com\/en\/fc-barcelona\/hansi-flick-no-filters-his-stance-on-jong-alvarez-penalty-and-more_311495_102.html"]}]},{"@type":"ImageObject","inLanguage":"en-US","@id":"https:\/\/www.fcbarcelonanoticias.com\/en\/fc-barcelona\/hansi-flick-no-filters-his-stance-on-jong-alvarez-penalty-and-more_311495_102.html#primaryimage","url":"https:\/\/www.fcbarcelonanoticias.com\/en\/wp-content\/uploads\/sites\/2\/2025\/03\/hansi-flick-rueda-de-prensa-3.jpeg","contentUrl":"https:\/\/www.fcbarcelonanoticias.com\/en\/wp-content\/uploads\/sites\/2\/2025\/03\/hansi-flick-rueda-de-prensa-3.jpeg","width":1200,"height":675},{"@type":"BreadcrumbList","@id":"https:\/\/www.fcbarcelonanoticias.com\/en\/fc-barcelona\/hansi-flick-no-filters-his-stance-on-jong-alvarez-penalty-and-more_311495_102.html#breadcrumb","itemListElement":[{"@type":"ListItem","position":1,"name":"Portada","item":"https:\/\/www.fcbarcelonanoticias.com\/en\/"},{"@type":"ListItem","position":2,"name":"Hansi Flick, no filters: his stance on De Jong, \u00c1lvarez&#8217;s penalty, and more"}]},{"@type":"WebSite","@id":"https:\/\/www.fcbarcelonanoticias.com\/en\/#website","url":"https:\/\/www.fcbarcelonanoticias.com\/en\/","name":"EN - FC Barcelona Noticias","description":"","potentialAction":[{"@type":"SearchAction","target":{"@type":"EntryPoint","urlTemplate":"https:\/\/www.fcbarcelonanoticias.com\/en\/?s={search_term_string}"},"query-input":{"@type":"PropertyValueSpecification","valueRequired":true,"valueName":"search_term_string"}}],"inLanguage":"en-US"},{"@type":"Person","@id":"https:\/\/www.fcbarcelonanoticias.com\/en\/#\/schema\/person\/88d756918a0a1ae9fa593b5edddd1815","name":"Juan Pablo Berdugo","image":{"@type":"ImageObject","inLanguage":"en-US","@id":"https:\/\/secure.gravatar.com\/avatar\/?s=96&d=mm&r=g","url":"https:\/\/secure.gravatar.com\/avatar\/?s=96&d=mm&r=g","contentUrl":"https:\/\/secure.gravatar.com\/avatar\/?s=96&d=mm&r=g","caption":"Juan Pablo Berdugo"},"description":"Juan Pablo Berdugo es graduado en Periodismo. Colabora con FCBN como especialista en informaci\u00f3n del primer equipo del FC Barcelona, f\u00fatbol internacional y mercado de fichajes. Destaca por su enfoque anal\u00edtico, su rigor informativo y su capacidad para detectar tendencias emergentes en el f\u00fatbol global.","url":"https:\/\/www.fcbarcelonanoticias.com\/en\/fc-barcelona\/juan-pablo-berdugo_18_115.html"}]}},"_links":{"self":[{"href":"https:\/\/www.fcbarcelonanoticias.com\/en\/wp-json\/wp\/v2\/posts\/19214","targetHints":{"allow":["GET"]}}],"collection":[{"href":"https:\/\/www.fcbarcelonanoticias.com\/en\/wp-json\/wp\/v2\/posts"}],"about":[{"href":"https:\/\/www.fcbarcelonanoticias.com\/en\/wp-json\/wp\/v2\/types\/post"}],"author":[{"embeddable":true,"href":"https:\/\/www.fcbarcelonanoticias.com\/en\/wp-json\/wp\/v2\/users\/358"}],"replies":[{"embeddable":true,"href":"https:\/\/www.fcbarcelonanoticias.com\/en\/wp-json\/wp\/v2\/comments?post=19214"}],"version-history":[{"count":1,"href":"https:\/\/www.fcbarcelonanoticias.com\/en\/wp-json\/wp\/v2\/posts\/19214\/revisions"}],"predecessor-version":[{"id":103759,"href":"https:\/\/www.fcbarcelonanoticias.com\/en\/wp-json\/wp\/v2\/posts\/19214\/revisions\/103759"}],"wp:featuredmedia":[{"embeddable":true,"href":"https:\/\/www.fcbarcelonanoticias.com\/en\/wp-json\/wp\/v2\/media\/19225"}],"wp:attachment":[{"href":"https:\/\/www.fcbarcelonanoticias.com\/en\/wp-json\/wp\/v2\/media?parent=19214"}],"wp:term":[{"taxonomy":"category","embeddable":true,"href":"https:\/\/www.fcbarcelonanoticias.com\/en\/wp-json\/wp\/v2\/categories?post=19214"},{"taxonomy":"post_tag","embeddable":true,"href":"https:\/\/www.fcbarcelonanoticias.com\/en\/wp-json\/wp\/v2\/tags?post=19214"}],"curies":[{"name":"wp","href":"https:\/\/api.w.org\/{rel}","templated":true}]}}