{"id":19310,"date":"2025-12-03T18:11:00","date_gmt":"2025-12-03T17:11:00","guid":{"rendered":"https:\/\/weisetech.dev\/fc-barcelona-noticias\/en\/fermin-accelerates-to-reach-barca-eintracht-in-champions-league_315410_102\/"},"modified":"2025-12-03T18:11:00","modified_gmt":"2025-12-03T17:11:00","slug":"fermin-accelerates-to-reach-barca-eintracht-in-champions-league_315410_102","status":"publish","type":"post","link":"https:\/\/www.fcbarcelonanoticias.com\/en\/fc-barcelona\/fermin-accelerates-to-reach-barca-eintracht-in-champions-league_315410_102.html","title":{"rendered":"Good news: Ferm\u00edn L\u00f3pez could return for Bar\u00e7a-Eintracht"},"content":{"rendered":"<h2 class=\"wp-block-heading\">Ferm\u00edn L\u00f3pez is making satisfactory progress in his recovery from the right soleus injury he sustained against Chelsea. The Huelva native will not be available against Betis, but perhaps against Eintracht<\/h2>  \r\n<div class=\"article-addons\">\r\n    <a href=\"https:\/\/www.fcbarcelonanoticias.com\/en\/calendar-fc-barcelona.html\"\r\n       target=\"_self\"\r\n       title=\"Calendar of FC Barcelona\"\r\n       class=\"blue-gredient-btn\">\r\n       \r\n        Calendar of FC Barcelona    <\/a>\r\n<\/div>   <p><strong>Ferm\u00edn L\u00f3pez<\/strong> could return sooner than expected with <strong>FC Barcelona<\/strong>. Once the injury to <a data-external=\"0\" data-intl-links-en=\"https:\/\/www.fcbarcelonanoticias.com\/en\/fc-barcelona\/barcelona-confirms-dani-olmo-injury-and-time-off_315409_102.html\" data-intl-links-es=\"https:\/\/www.fcbarcelonanoticias.com\/fc-barcelona\/barcelona-confirma-lesion-tiempo-baja-dani-olmo_315409_102.html\" href=\"https:\/\/www.fcbarcelonanoticias.com\/en\/fc-barcelona\/barcelona-confirms-dani-olmo-injury-and-time-off_315409_102.html\" rel=\"follow\" target=\"_self\" title=\"El Barcelona confirma la lesi\u00f3n y el tiempo de baja de Dani Olmo\">Dani Olmo<\/a> (dislocation of the left shoulder) was confirmed, the club is working on the recovery of the player from Huelva, who had been a starter in the last seven games for Hansi Flick&#8217;s team, performing at a notable level.<\/p>  <p>&#8220;The player has a minor injury to the soleus muscle in his right leg and <strong>the estimated recovery time will be two weeks<\/strong>,&#8221; detailed the medical report issued by the club on November 27.<\/p>  <p>In that regard, the &#8217;16&#8217; was expected to be medically cleared before the <a data-external=\"0\" data-intl-links-en=\"https:\/\/www.fcbarcelonanoticias.com\/en\/laliga\/schedule-and-tv-for-barcelona-osasuna-laliga-2025-26-md16_315259_102.html\" data-intl-links-es=\"https:\/\/www.fcbarcelonanoticias.com\/laliga\/horario-tv-barcelona-osasuna-laliga-2025-26-j16_315259_102.html\" href=\"https:\/\/www.fcbarcelonanoticias.com\/en\/laliga\/schedule-and-tv-for-barcelona-osasuna-laliga-2025-26-md16_315259_102.html\" rel=\"follow\" target=\"_self\" title=\"Horario y TV del Barcelona - Osasuna: LaLiga 2025\/26 J16\">Bar\u00e7a-Osasuna matchday 16 of La Liga<\/a>, but it is not ruled out that the Spanish international could shorten his recovery and be available to host <strong>Eintracht Frankfurt<\/strong>, for matchday 6 of the Champions League group stage<\/p>  <h2>Flick will wait until the weekend to decide on Ferm\u00edn&#8217;s return<\/h2>  <p>Everything will depend, of course, on whether Ferm\u00edn manages to train normally from Sunday onwards. The 22-year-old player has already missed 4 games this season due to <a data-external=\"0\" data-intl-links-en=\"https:\/\/www.fcbarcelonanoticias.com\/en\/fc-barcelona\/fermin-lopez-ko-how-long-will-midfielder-be-out_314785_102.html\" data-intl-links-es=\"https:\/\/www.fcbarcelonanoticias.com\/fc-barcelona\/fermin-lopez-ko-barcelona-confirma-tiempo-baja-mediapunta_314785_102.html\" href=\"https:\/\/www.fcbarcelonanoticias.com\/en\/fc-barcelona\/fermin-lopez-ko-how-long-will-midfielder-be-out_314785_102.html\" rel=\"follow\" target=\"_self\" title=\"Ferm\u00edn L\u00f3pez KO: el Barcelona confirma el tiempo de baja del mediapunta\">a hip flexor injury<\/a> and the coaching staff will not rush his return&nbsp;<\/p>  <p>The precedent set by <strong>Raphinha<\/strong>, who relapsed from a right thigh injury in October when he tried to return to play ahead of schedule, led the Bar\u00e7a coaching staff and medical team to reinforce the care for every player suffering from a muscular problem.<\/p>  <p>However, as it is a minor injury, the player from El Campillo has a good chance of shortening the recovery time to receive medical clearance. **Pedri Gonz\u00e1lez** also returned ahead of schedule last week, despite suffering a tear in his left thigh after the Cl\u00e1sico in matchday 10 of La Liga against Real Madrid<\/p>  <h2>Bar\u00e7a confident of Ferm\u00edn L\u00f3pez&#8217;s return next week<\/h2>  <p>Before getting injured in London, <strong>Ferm\u00edn L\u00f3pez scored 7 goals and provided 4 assists in 13 games for Bar\u00e7a (880 minutes)<\/strong>. The player from Huelva became a starter at the end of October, taking advantage of a dip in performance from <strong>Dani Olmo<\/strong> who, due to Pedri&#8217;s absence and some absences from <strong>Frenkie de Jong and Marc Casad\u00f3<\/strong>, had to help out as a midfielder.<\/p>  <p>The player from Terrassa had taken a step forward in the last two league matches, with a couple of goals against Alav\u00e9s and another against Atl\u00e9tico. However, just after scoring against the &#8216;colchoneros&#8217;, he injured his shoulder and will not play for the rest of the year.<\/p>  <p>In that regard, <strong>Hansi Flick will have to try Raphinha or Pedri as attacking midfielders against <a data-external=\"0\" data-intl-links-en=\"https:\/\/www.fcbarcelonanoticias.com\/en\/laliga\/betis-barcelona-schedule-and-tv-laliga-2025-26-md15_315187_102.html\" data-intl-links-es=\"https:\/\/www.fcbarcelonanoticias.com\/laliga\/horario-tv-betis-barcelona-laliga-2025-26-j15_315187_102.html\" href=\"https:\/\/www.fcbarcelonanoticias.com\/en\/laliga\/betis-barcelona-schedule-and-tv-laliga-2025-26-md15_315187_102.html\" rel=\"follow\" target=\"_self\" title=\"Horario y TV del Betis - Barcelona: LaLiga 2025\/26 J15\">Betis<\/a><\/strong>, hoping to have Ferm\u00edn available for the last Champions League match this 2025.<\/p>  <p>Bar\u00e7a needs to secure all three points at home against Eintracht to get closer to the TOP-8 and keep alive the possibility of avoiding playing in the round of 16 playoffs in February. The presence of the Huelva-born player would be key, as he scored a &#8216;hat-trick&#8217; against Olympiacos and provided a couple of assists in Bruges, although he didn&#8217;t have his best night against Chelsea<\/p>  <ul> <li>\ud83d\udc49Consult more news about current Bar\u00e7a affairs in our section dedicated to&nbsp;<strong><a data-external=\"0\" data-intl-links-en=\"https:\/\/www.fcbarcelonanoticias.com\/en\/fc-barcelona\" data-intl-links-es=\"https:\/\/www.fcbarcelonanoticias.com\/fc-barcelona\" href=\"https:\/\/www.fcbarcelonanoticias.com\/en\/football-soccer\/fc-barcelona.html\" rel=\"follow\" target=\"_self\" title=\"FC Barcelona\">Football Club Barcelona<\/a><\/strong>.<\/li> <\/ul> ","protected":false},"excerpt":{"rendered":"<p>Ferm\u00edn L\u00f3pez is making satisfactory progress in his recovery from the right soleus injury he sustained against Chelsea. The Huelva native will not be available against Betis, but perhaps against Eintracht Ferm\u00edn L\u00f3pez could return sooner than expected with FC Barcelona. Once the injury to Dani Olmo (dislocation of the left shoulder) was confirmed, the [&hellip;]<\/p>\n","protected":false},"author":347,"featured_media":19312,"comment_status":"closed","ping_status":"open","sticky":false,"template":"","format":"standard","meta":{"_acf_changed":false,"inline_featured_image":false,"_nextfly_llmd_date_locked":false,"footnotes":""},"categories":[111],"tags":[202,266,87,136],"class_list":["post-19310","post","type-post","status-publish","format-standard","has-post-thumbnail","hentry","category-fc-barcelona","tag-eintracht-frankfurt","tag-fermin-lopez","tag-hansi-flick","tag-injured"],"acf":[],"yoast_head":"<!-- This site is optimized with the Yoast SEO plugin v27.3 - https:\/\/yoast.com\/product\/yoast-seo-wordpress\/ -->\n<title>Ferm\u00edn accelerates to reach the Bar\u00e7a-Eintracht in the Champions League<\/title>\n<meta name=\"description\" content=\"Ferm\u00edn L\u00f3pez is recovering satisfactorily from the right soleus injury he sustained against Chelsea. When will he return to play\" \/>\n<meta name=\"robots\" content=\"index, follow, max-snippet:-1, max-image-preview:large, max-video-preview:-1\" \/>\n<link rel=\"canonical\" href=\"https:\/\/www.fcbarcelonanoticias.com\/en\/fc-barcelona\/fermin-accelerates-to-reach-barca-eintracht-in-champions-league_315410_102.html\" \/>\n<meta property=\"og:locale\" content=\"en_US\" \/>\n<meta property=\"og:type\" content=\"article\" \/>\n<meta property=\"og:title\" content=\"Ferm\u00edn accelerates to reach the Bar\u00e7a-Eintracht in the Champions League\" \/>\n<meta property=\"og:description\" content=\"Ferm\u00edn L\u00f3pez is recovering satisfactorily from the right soleus injury he sustained against Chelsea. When will he return to play\" \/>\n<meta property=\"og:url\" content=\"https:\/\/www.fcbarcelonanoticias.com\/en\/fc-barcelona\/fermin-accelerates-to-reach-barca-eintracht-in-champions-league_315410_102.html\" \/>\n<meta property=\"og:site_name\" content=\"EN - FC Barcelona Noticias\" \/>\n<meta property=\"article:published_time\" content=\"2025-12-03T17:11:00+00:00\" \/>\n<meta property=\"og:image\" content=\"https:\/\/www.fcbarcelonanoticias.com\/en\/wp-content\/uploads\/sites\/2\/2025\/12\/fermin-lopez-v-celta-laliga-25-26.jpeg\" \/>\n\t<meta property=\"og:image:width\" content=\"1200\" \/>\n\t<meta property=\"og:image:height\" content=\"675\" \/>\n\t<meta property=\"og:image:type\" content=\"image\/jpeg\" \/>\n<meta name=\"author\" content=\"Andr\u00e9s Quiroz\" \/>\n<meta name=\"twitter:card\" content=\"summary_large_image\" \/>\n<meta name=\"twitter:label1\" content=\"Written by\" \/>\n\t<meta name=\"twitter:data1\" content=\"Andr\u00e9s Quiroz\" \/>\n\t<meta name=\"twitter:label2\" content=\"Est. reading time\" \/>\n\t<meta name=\"twitter:data2\" content=\"3 minutes\" \/>\n<script type=\"application\/ld+json\" class=\"yoast-schema-graph\">{\"@context\":\"https:\\\/\\\/schema.org\",\"@graph\":[{\"@type\":\"Article\",\"@id\":\"https:\\\/\\\/www.fcbarcelonanoticias.com\\\/en\\\/fc-barcelona\\\/fermin-accelerates-to-reach-barca-eintracht-in-champions-league_315410_102.html#article\",\"isPartOf\":{\"@id\":\"https:\\\/\\\/www.fcbarcelonanoticias.com\\\/en\\\/fc-barcelona\\\/fermin-accelerates-to-reach-barca-eintracht-in-champions-league_315410_102.html\"},\"author\":{\"name\":\"Andr\u00e9s Quiroz\",\"@id\":\"https:\\\/\\\/www.fcbarcelonanoticias.com\\\/en\\\/#\\\/schema\\\/person\\\/c2cd9f6fa1af5c0d0eccd0fefa575c88\"},\"headline\":\"Good news: Ferm\u00edn L\u00f3pez could return for Bar\u00e7a-Eintracht\",\"datePublished\":\"2025-12-03T17:11:00+00:00\",\"mainEntityOfPage\":{\"@id\":\"https:\\\/\\\/www.fcbarcelonanoticias.com\\\/en\\\/fc-barcelona\\\/fermin-accelerates-to-reach-barca-eintracht-in-champions-league_315410_102.html\"},\"wordCount\":575,\"image\":{\"@id\":\"https:\\\/\\\/www.fcbarcelonanoticias.com\\\/en\\\/fc-barcelona\\\/fermin-accelerates-to-reach-barca-eintracht-in-champions-league_315410_102.html#primaryimage\"},\"thumbnailUrl\":\"https:\\\/\\\/www.fcbarcelonanoticias.com\\\/en\\\/wp-content\\\/uploads\\\/sites\\\/2\\\/2025\\\/12\\\/fermin-lopez-v-celta-laliga-25-26.jpeg\",\"keywords\":[\"Eintracht Frankfurt\",\"Ferm\u00edn L\u00f3pez\",\"Hansi Flick\",\"injured\"],\"articleSection\":[\"FC Barcelona\"],\"inLanguage\":\"en-US\"},{\"@type\":\"WebPage\",\"@id\":\"https:\\\/\\\/www.fcbarcelonanoticias.com\\\/en\\\/fc-barcelona\\\/fermin-accelerates-to-reach-barca-eintracht-in-champions-league_315410_102.html\",\"url\":\"https:\\\/\\\/www.fcbarcelonanoticias.com\\\/en\\\/fc-barcelona\\\/fermin-accelerates-to-reach-barca-eintracht-in-champions-league_315410_102.html\",\"name\":\"Ferm\u00edn accelerates to reach the Bar\u00e7a-Eintracht in the Champions League\",\"isPartOf\":{\"@id\":\"https:\\\/\\\/www.fcbarcelonanoticias.com\\\/en\\\/#website\"},\"primaryImageOfPage\":{\"@id\":\"https:\\\/\\\/www.fcbarcelonanoticias.com\\\/en\\\/fc-barcelona\\\/fermin-accelerates-to-reach-barca-eintracht-in-champions-league_315410_102.html#primaryimage\"},\"image\":{\"@id\":\"https:\\\/\\\/www.fcbarcelonanoticias.com\\\/en\\\/fc-barcelona\\\/fermin-accelerates-to-reach-barca-eintracht-in-champions-league_315410_102.html#primaryimage\"},\"thumbnailUrl\":\"https:\\\/\\\/www.fcbarcelonanoticias.com\\\/en\\\/wp-content\\\/uploads\\\/sites\\\/2\\\/2025\\\/12\\\/fermin-lopez-v-celta-laliga-25-26.jpeg\",\"datePublished\":\"2025-12-03T17:11:00+00:00\",\"author\":{\"@id\":\"https:\\\/\\\/www.fcbarcelonanoticias.com\\\/en\\\/#\\\/schema\\\/person\\\/c2cd9f6fa1af5c0d0eccd0fefa575c88\"},\"description\":\"Ferm\u00edn L\u00f3pez is recovering satisfactorily from the right soleus injury he sustained against Chelsea. When will he return to play\",\"breadcrumb\":{\"@id\":\"https:\\\/\\\/www.fcbarcelonanoticias.com\\\/en\\\/fc-barcelona\\\/fermin-accelerates-to-reach-barca-eintracht-in-champions-league_315410_102.html#breadcrumb\"},\"inLanguage\":\"en-US\",\"potentialAction\":[{\"@type\":\"ReadAction\",\"target\":[\"https:\\\/\\\/www.fcbarcelonanoticias.com\\\/en\\\/fc-barcelona\\\/fermin-accelerates-to-reach-barca-eintracht-in-champions-league_315410_102.html\"]}]},{\"@type\":\"ImageObject\",\"inLanguage\":\"en-US\",\"@id\":\"https:\\\/\\\/www.fcbarcelonanoticias.com\\\/en\\\/fc-barcelona\\\/fermin-accelerates-to-reach-barca-eintracht-in-champions-league_315410_102.html#primaryimage\",\"url\":\"https:\\\/\\\/www.fcbarcelonanoticias.com\\\/en\\\/wp-content\\\/uploads\\\/sites\\\/2\\\/2025\\\/12\\\/fermin-lopez-v-celta-laliga-25-26.jpeg\",\"contentUrl\":\"https:\\\/\\\/www.fcbarcelonanoticias.com\\\/en\\\/wp-content\\\/uploads\\\/sites\\\/2\\\/2025\\\/12\\\/fermin-lopez-v-celta-laliga-25-26.jpeg\",\"width\":1200,\"height\":675},{\"@type\":\"BreadcrumbList\",\"@id\":\"https:\\\/\\\/www.fcbarcelonanoticias.com\\\/en\\\/fc-barcelona\\\/fermin-accelerates-to-reach-barca-eintracht-in-champions-league_315410_102.html#breadcrumb\",\"itemListElement\":[{\"@type\":\"ListItem\",\"position\":1,\"name\":\"Portada\",\"item\":\"https:\\\/\\\/www.fcbarcelonanoticias.com\\\/en\\\/\"},{\"@type\":\"ListItem\",\"position\":2,\"name\":\"Good news: Ferm\u00edn L\u00f3pez could return for Bar\u00e7a-Eintracht\"}]},{\"@type\":\"WebSite\",\"@id\":\"https:\\\/\\\/www.fcbarcelonanoticias.com\\\/en\\\/#website\",\"url\":\"https:\\\/\\\/www.fcbarcelonanoticias.com\\\/en\\\/\",\"name\":\"EN - FC Barcelona Noticias\",\"description\":\"\",\"potentialAction\":[{\"@type\":\"SearchAction\",\"target\":{\"@type\":\"EntryPoint\",\"urlTemplate\":\"https:\\\/\\\/www.fcbarcelonanoticias.com\\\/en\\\/?s={search_term_string}\"},\"query-input\":{\"@type\":\"PropertyValueSpecification\",\"valueRequired\":true,\"valueName\":\"search_term_string\"}}],\"inLanguage\":\"en-US\"},{\"@type\":\"Person\",\"@id\":\"https:\\\/\\\/www.fcbarcelonanoticias.com\\\/en\\\/#\\\/schema\\\/person\\\/c2cd9f6fa1af5c0d0eccd0fefa575c88\",\"name\":\"Andr\u00e9s Quiroz\",\"image\":{\"@type\":\"ImageObject\",\"inLanguage\":\"en-US\",\"@id\":\"https:\\\/\\\/secure.gravatar.com\\\/avatar\\\/?s=96&d=mm&r=g\",\"url\":\"https:\\\/\\\/secure.gravatar.com\\\/avatar\\\/?s=96&d=mm&r=g\",\"contentUrl\":\"https:\\\/\\\/secure.gravatar.com\\\/avatar\\\/?s=96&d=mm&r=g\",\"caption\":\"Andr\u00e9s Quiroz\"},\"description\":\"Licenciado en Periodismo por la Universidad de los Andes. Me encargo de analizar y compartir los contenidos m\u00e1s destacados de la\u00a0actualidad del F\u00fatbol Club Barcelona, Mercado de Fichajes y F\u00fatbol Internacional en FCBN. La informaci\u00f3n es poder, pero tambi\u00e9n conocimiento.\",\"url\":\"https:\\\/\\\/www.fcbarcelonanoticias.com\\\/en\\\/fc-barcelona\\\/andres-quiroz_17_115.html\"}]}<\/script>\n<!-- \/ Yoast SEO plugin. -->","yoast_head_json":{"title":"Ferm\u00edn accelerates to reach the Bar\u00e7a-Eintracht in the Champions League","description":"Ferm\u00edn L\u00f3pez is recovering satisfactorily from the right soleus injury he sustained against Chelsea. When will he return to play","robots":{"index":"index","follow":"follow","max-snippet":"max-snippet:-1","max-image-preview":"max-image-preview:large","max-video-preview":"max-video-preview:-1"},"canonical":"https:\/\/www.fcbarcelonanoticias.com\/en\/fc-barcelona\/fermin-accelerates-to-reach-barca-eintracht-in-champions-league_315410_102.html","og_locale":"en_US","og_type":"article","og_title":"Ferm\u00edn accelerates to reach the Bar\u00e7a-Eintracht in the Champions League","og_description":"Ferm\u00edn L\u00f3pez is recovering satisfactorily from the right soleus injury he sustained against Chelsea. When will he return to play","og_url":"https:\/\/www.fcbarcelonanoticias.com\/en\/fc-barcelona\/fermin-accelerates-to-reach-barca-eintracht-in-champions-league_315410_102.html","og_site_name":"EN - FC Barcelona Noticias","article_published_time":"2025-12-03T17:11:00+00:00","og_image":[{"width":1200,"height":675,"url":"https:\/\/www.fcbarcelonanoticias.com\/en\/wp-content\/uploads\/sites\/2\/2025\/12\/fermin-lopez-v-celta-laliga-25-26.jpeg","type":"image\/jpeg"}],"author":"Andr\u00e9s Quiroz","twitter_card":"summary_large_image","twitter_misc":{"Written by":"Andr\u00e9s Quiroz","Est. reading time":"3 minutes"},"schema":{"@context":"https:\/\/schema.org","@graph":[{"@type":"Article","@id":"https:\/\/www.fcbarcelonanoticias.com\/en\/fc-barcelona\/fermin-accelerates-to-reach-barca-eintracht-in-champions-league_315410_102.html#article","isPartOf":{"@id":"https:\/\/www.fcbarcelonanoticias.com\/en\/fc-barcelona\/fermin-accelerates-to-reach-barca-eintracht-in-champions-league_315410_102.html"},"author":{"name":"Andr\u00e9s Quiroz","@id":"https:\/\/www.fcbarcelonanoticias.com\/en\/#\/schema\/person\/c2cd9f6fa1af5c0d0eccd0fefa575c88"},"headline":"Good news: Ferm\u00edn L\u00f3pez could return for Bar\u00e7a-Eintracht","datePublished":"2025-12-03T17:11:00+00:00","mainEntityOfPage":{"@id":"https:\/\/www.fcbarcelonanoticias.com\/en\/fc-barcelona\/fermin-accelerates-to-reach-barca-eintracht-in-champions-league_315410_102.html"},"wordCount":575,"image":{"@id":"https:\/\/www.fcbarcelonanoticias.com\/en\/fc-barcelona\/fermin-accelerates-to-reach-barca-eintracht-in-champions-league_315410_102.html#primaryimage"},"thumbnailUrl":"https:\/\/www.fcbarcelonanoticias.com\/en\/wp-content\/uploads\/sites\/2\/2025\/12\/fermin-lopez-v-celta-laliga-25-26.jpeg","keywords":["Eintracht Frankfurt","Ferm\u00edn L\u00f3pez","Hansi Flick","injured"],"articleSection":["FC Barcelona"],"inLanguage":"en-US"},{"@type":"WebPage","@id":"https:\/\/www.fcbarcelonanoticias.com\/en\/fc-barcelona\/fermin-accelerates-to-reach-barca-eintracht-in-champions-league_315410_102.html","url":"https:\/\/www.fcbarcelonanoticias.com\/en\/fc-barcelona\/fermin-accelerates-to-reach-barca-eintracht-in-champions-league_315410_102.html","name":"Ferm\u00edn accelerates to reach the Bar\u00e7a-Eintracht in the Champions League","isPartOf":{"@id":"https:\/\/www.fcbarcelonanoticias.com\/en\/#website"},"primaryImageOfPage":{"@id":"https:\/\/www.fcbarcelonanoticias.com\/en\/fc-barcelona\/fermin-accelerates-to-reach-barca-eintracht-in-champions-league_315410_102.html#primaryimage"},"image":{"@id":"https:\/\/www.fcbarcelonanoticias.com\/en\/fc-barcelona\/fermin-accelerates-to-reach-barca-eintracht-in-champions-league_315410_102.html#primaryimage"},"thumbnailUrl":"https:\/\/www.fcbarcelonanoticias.com\/en\/wp-content\/uploads\/sites\/2\/2025\/12\/fermin-lopez-v-celta-laliga-25-26.jpeg","datePublished":"2025-12-03T17:11:00+00:00","author":{"@id":"https:\/\/www.fcbarcelonanoticias.com\/en\/#\/schema\/person\/c2cd9f6fa1af5c0d0eccd0fefa575c88"},"description":"Ferm\u00edn L\u00f3pez is recovering satisfactorily from the right soleus injury he sustained against Chelsea. When will he return to play","breadcrumb":{"@id":"https:\/\/www.fcbarcelonanoticias.com\/en\/fc-barcelona\/fermin-accelerates-to-reach-barca-eintracht-in-champions-league_315410_102.html#breadcrumb"},"inLanguage":"en-US","potentialAction":[{"@type":"ReadAction","target":["https:\/\/www.fcbarcelonanoticias.com\/en\/fc-barcelona\/fermin-accelerates-to-reach-barca-eintracht-in-champions-league_315410_102.html"]}]},{"@type":"ImageObject","inLanguage":"en-US","@id":"https:\/\/www.fcbarcelonanoticias.com\/en\/fc-barcelona\/fermin-accelerates-to-reach-barca-eintracht-in-champions-league_315410_102.html#primaryimage","url":"https:\/\/www.fcbarcelonanoticias.com\/en\/wp-content\/uploads\/sites\/2\/2025\/12\/fermin-lopez-v-celta-laliga-25-26.jpeg","contentUrl":"https:\/\/www.fcbarcelonanoticias.com\/en\/wp-content\/uploads\/sites\/2\/2025\/12\/fermin-lopez-v-celta-laliga-25-26.jpeg","width":1200,"height":675},{"@type":"BreadcrumbList","@id":"https:\/\/www.fcbarcelonanoticias.com\/en\/fc-barcelona\/fermin-accelerates-to-reach-barca-eintracht-in-champions-league_315410_102.html#breadcrumb","itemListElement":[{"@type":"ListItem","position":1,"name":"Portada","item":"https:\/\/www.fcbarcelonanoticias.com\/en\/"},{"@type":"ListItem","position":2,"name":"Good news: Ferm\u00edn L\u00f3pez could return for Bar\u00e7a-Eintracht"}]},{"@type":"WebSite","@id":"https:\/\/www.fcbarcelonanoticias.com\/en\/#website","url":"https:\/\/www.fcbarcelonanoticias.com\/en\/","name":"EN - FC Barcelona Noticias","description":"","potentialAction":[{"@type":"SearchAction","target":{"@type":"EntryPoint","urlTemplate":"https:\/\/www.fcbarcelonanoticias.com\/en\/?s={search_term_string}"},"query-input":{"@type":"PropertyValueSpecification","valueRequired":true,"valueName":"search_term_string"}}],"inLanguage":"en-US"},{"@type":"Person","@id":"https:\/\/www.fcbarcelonanoticias.com\/en\/#\/schema\/person\/c2cd9f6fa1af5c0d0eccd0fefa575c88","name":"Andr\u00e9s Quiroz","image":{"@type":"ImageObject","inLanguage":"en-US","@id":"https:\/\/secure.gravatar.com\/avatar\/?s=96&d=mm&r=g","url":"https:\/\/secure.gravatar.com\/avatar\/?s=96&d=mm&r=g","contentUrl":"https:\/\/secure.gravatar.com\/avatar\/?s=96&d=mm&r=g","caption":"Andr\u00e9s Quiroz"},"description":"Licenciado en Periodismo por la Universidad de los Andes. Me encargo de analizar y compartir los contenidos m\u00e1s destacados de la\u00a0actualidad del F\u00fatbol Club Barcelona, Mercado de Fichajes y F\u00fatbol Internacional en FCBN. La informaci\u00f3n es poder, pero tambi\u00e9n conocimiento.","url":"https:\/\/www.fcbarcelonanoticias.com\/en\/fc-barcelona\/andres-quiroz_17_115.html"}]}},"_links":{"self":[{"href":"https:\/\/www.fcbarcelonanoticias.com\/en\/wp-json\/wp\/v2\/posts\/19310","targetHints":{"allow":["GET"]}}],"collection":[{"href":"https:\/\/www.fcbarcelonanoticias.com\/en\/wp-json\/wp\/v2\/posts"}],"about":[{"href":"https:\/\/www.fcbarcelonanoticias.com\/en\/wp-json\/wp\/v2\/types\/post"}],"author":[{"embeddable":true,"href":"https:\/\/www.fcbarcelonanoticias.com\/en\/wp-json\/wp\/v2\/users\/347"}],"replies":[{"embeddable":true,"href":"https:\/\/www.fcbarcelonanoticias.com\/en\/wp-json\/wp\/v2\/comments?post=19310"}],"version-history":[{"count":1,"href":"https:\/\/www.fcbarcelonanoticias.com\/en\/wp-json\/wp\/v2\/posts\/19310\/revisions"}],"predecessor-version":[{"id":105560,"href":"https:\/\/www.fcbarcelonanoticias.com\/en\/wp-json\/wp\/v2\/posts\/19310\/revisions\/105560"}],"wp:featuredmedia":[{"embeddable":true,"href":"https:\/\/www.fcbarcelonanoticias.com\/en\/wp-json\/wp\/v2\/media\/19312"}],"wp:attachment":[{"href":"https:\/\/www.fcbarcelonanoticias.com\/en\/wp-json\/wp\/v2\/media?parent=19310"}],"wp:term":[{"taxonomy":"category","embeddable":true,"href":"https:\/\/www.fcbarcelonanoticias.com\/en\/wp-json\/wp\/v2\/categories?post=19310"},{"taxonomy":"post_tag","embeddable":true,"href":"https:\/\/www.fcbarcelonanoticias.com\/en\/wp-json\/wp\/v2\/tags?post=19310"}],"curies":[{"name":"wp","href":"https:\/\/api.w.org\/{rel}","templated":true}]}}