{"id":19325,"date":"2024-03-04T14:57:00","date_gmt":"2024-03-04T13:57:00","guid":{"rendered":"https:\/\/weisetech.dev\/fc-barcelona-noticias\/en\/fermin-joao-felix-romeu-xavis-candidates-to-replace-pedri-and-de-jong-in-barcas-xi_301391_102\/"},"modified":"2024-03-04T18:50:00","modified_gmt":"2024-03-04T17:50:00","slug":"fermin-joao-felix-romeu-xavis-candidates-to-replace-pedri-and-de-jong-in-barcas-xi_301391_102","status":"publish","type":"post","link":"https:\/\/www.fcbarcelonanoticias.com\/en\/fc-barcelona\/fermin-joao-felix-romeu-xavis-candidates-to-replace-pedri-and-de-jong-in-barcas-xi_301391_102.html","title":{"rendered":"Ferm\u00edn, Joao F\u00e9lix, Romeu&#8230; Xavi&#8217;s candidates to replace Pedri and De Jong in Bar\u00e7a&#8217;s XI"},"content":{"rendered":"<h2 class=\"wp-block-heading\">The immediate future of Bar\u00e7a&#8217;s midfield is to have to put together a new trident for the next 4 weeks, barring any surprises. That opens up the possibility for at least two names to fight for a place in the XI<\/h2>  \r\n<div class=\"article-addons\">\r\n    <a href=\"https:\/\/www.fcbarcelonanoticias.com\/en\/calendar-fc-barcelona.html\"\r\n       target=\"_self\"\r\n       title=\"Calendar of FC Barcelona\"\r\n       class=\"blue-gredient-btn\">\r\n       \r\n        Calendar of FC Barcelona    <\/a>\r\n<\/div>   <p><a data-external=\"0\" data-intl-links-en=\"https:\/\/www.fcbarcelonanoticias.com\/en\/laliga\/it-was-missing-ambition-the-barca-desaprovecho-his-best-moment-of-the-season-in-saint-mames_301378_102.html\" data-intl-links-es=\"https:\/\/www.fcbarcelonanoticias.com\/laliga\/falto-ambicion-barca-desaprovecho-su-mejor-momento-temporada-en-san-mames_301378_102.html\" href=\"https:\/\/www.fcbarcelonanoticias.com\/en\/laliga\/it-was-missing-ambition-the-barca-desaprovecho-his-best-moment-of-the-season-in-saint-mames_301378_102.html\" rel=\"follow\" target=\"_self\" title=\"\u00a1Falt\u00f3 ambici\u00f3n! El FC Barcelona desaprovecha su mejor momento de la temporada en San Mam\u00e9s\">The FC Barcelona<\/a> did official this Monday <a data-external=\"0\" data-intl-links-en=\"https:\/\/www.fcbarcelonanoticias.com\/en\/players\/official-frenkie-de-jong-has-sprain-and-is-serious-doubt-against-napoli_301389_102.html\" data-intl-links-es=\"https:\/\/www.fcbarcelonanoticias.com\/jugadores\/oficial-frenkie-jong-tiene-esguince-es-seria-duda-ante-el-napoles_301389_102.html\" href=\"https:\/\/www.fcbarcelonanoticias.com\/en\/players\/official-frenkie-de-jong-has-sprain-and-is-serious-doubt-against-napoli_301389_102.html\" rel=\"follow\" target=\"_self\" title=\"\u00a1OFICIAL! Frenkie de Jong tiene un esguince y est\u00e1 casi descartado para enfrentar al&nbsp;N\u00e1poles\">the drops of Frenkie of Jong<\/a> and Pedri, and although it has not determined the time of absence of both mediocampistas, everything seems to indicate that once it finished the Athletic Club-FC Barcelona of this Sunday, <strong>Xavi Hern\u00e1ndez his technical body began to think in the way to replace to two so important players in the game of construction of the team. <\/strong><\/p>  <p>Without both, to Xavi remain him available four natural midfield players: Oriol Romeu, G\u00fcndogan, Ferm\u00edn and Sergi Roberto, to which adds Andreas Christensen, from does half weeks centre title of the Bar\u00e7a. <strong>From there, and understanding that so much Christensen like G\u00fcndogan are fixed right now, everything aims to that Ferm\u00edn has all the numbers to be headline.<\/strong><\/p>  <h2>Xavi could see forced to return to his &#8216;origins&#8217;<\/h2>  <p>The canterano already was the elected by the egarense in Bilbao when lesion\u00f3 Of Jong. <strong>To them three, would have to join Sergi Roberto or Oriol Romeu, although it also is on the table that Xavi return of way &#8216;definite&#8217; to the 4-3-3,<\/strong> something that already sucedi\u00f3 when had few mediocampistas to his disposal in September, October and November of the past year.<\/p>  <p>In this stage the names would be Joao F\u00e9lix, mainly, as well as Lamine Yamal and Raphinha. <strong>First, the Portuguese fulfils perfectly with this role of left extreme that a mediocampista hardly that it was not Pedri could fulfil better that he. <\/strong>In the second case are the two right extremes of the team, those who could be together in the XI and try alternate the bands along the parties.<\/p>  <h2>The Masia, another big ally for Xavi during this month of March<\/h2>  <p>Besides, the one of Terrassa will have the option to look to the filial, as it has done in other occasions. Names like the ones of Marc Casad\u00f3, that has not debuted in LaLiga in spite of being an usual in the announcements, could be an alternative to the already mentioned Romeu and Sergi Roberto. <strong>Also they will be Unai Hern\u00e1ndez, Pau Prim and Marc Bernal like options, highlighting that these two last do not form part of the list B that the Bar\u00e7a facilitated to the UEFA, but yes fulfil the requirements to be able to be against the Naples the next 12 March. <\/strong><\/p> ","protected":false},"excerpt":{"rendered":"<p>The immediate future of Bar\u00e7a&#8217;s midfield is to have to put together a new trident for the next 4 weeks, barring any surprises. That opens up the possibility for at least two names to fight for a place in the XI The FC Barcelona did official this Monday the drops of Frenkie of Jong and [&hellip;]<\/p>\n","protected":false},"author":345,"featured_media":19327,"comment_status":"closed","ping_status":"open","sticky":false,"template":"","format":"standard","meta":{"_acf_changed":false,"inline_featured_image":false,"_nextfly_llmd_date_locked":false,"footnotes":""},"categories":[111],"tags":[201,136,239,242,240],"class_list":["post-19325","post","type-post","status-publish","format-standard","has-post-thumbnail","hentry","category-fc-barcelona","tag-lineups","tag-injured","tag-joao-felix","tag-oriol-romeu","tag-sergi-roberto"],"acf":[],"yoast_head":"<!-- This site is optimized with the Yoast SEO plugin v27.3 - https:\/\/yoast.com\/product\/yoast-seo-wordpress\/ -->\n<title>Ferm\u00edn, Joao F\u00e9lix, Romeu... Xavi&#039;s candidates to replace Pedri and De Jong in Bar\u00e7a&#039;s XI<\/title>\n<meta name=\"description\" content=\"The immediate future of Bar\u00e7a&#039;s midfield is to have to put together a new trident for the next 4 weeks, barring any surprises. That opens up the possibility for at least two names to fight for a place in the XI\" \/>\n<meta name=\"robots\" content=\"index, follow, max-snippet:-1, max-image-preview:large, max-video-preview:-1\" \/>\n<link rel=\"canonical\" href=\"https:\/\/www.fcbarcelonanoticias.com\/en\/fc-barcelona\/fermin-joao-felix-romeu-xavis-candidates-to-replace-pedri-and-de-jong-in-barcas-xi_301391_102.html\" \/>\n<meta property=\"og:locale\" content=\"en_US\" \/>\n<meta property=\"og:type\" content=\"article\" \/>\n<meta property=\"og:title\" content=\"Ferm\u00edn, Joao F\u00e9lix, Romeu... Xavi&#039;s candidates to replace Pedri and De Jong in Bar\u00e7a&#039;s XI\" \/>\n<meta property=\"og:description\" content=\"The immediate future of Bar\u00e7a&#039;s midfield is to have to put together a new trident for the next 4 weeks, barring any surprises. That opens up the possibility for at least two names to fight for a place in the XI\" \/>\n<meta property=\"og:url\" content=\"https:\/\/www.fcbarcelonanoticias.com\/en\/fc-barcelona\/fermin-joao-felix-romeu-xavis-candidates-to-replace-pedri-and-de-jong-in-barcas-xi_301391_102.html\" \/>\n<meta property=\"og:site_name\" content=\"EN - FC Barcelona Noticias\" \/>\n<meta property=\"article:published_time\" content=\"2024-03-04T13:57:00+00:00\" \/>\n<meta property=\"article:modified_time\" content=\"2024-03-04T17:50:00+00:00\" \/>\n<meta property=\"og:image\" content=\"https:\/\/www.fcbarcelonanoticias.com\/en\/wp-content\/uploads\/sites\/2\/2024\/03\/fermin-oriol-romeu.jpeg\" \/>\n\t<meta property=\"og:image:width\" content=\"1300\" \/>\n\t<meta property=\"og:image:height\" content=\"733\" \/>\n\t<meta property=\"og:image:type\" content=\"image\/jpeg\" \/>\n<meta name=\"author\" content=\"Carlos Montenegro\" \/>\n<meta name=\"twitter:card\" content=\"summary_large_image\" \/>\n<meta name=\"twitter:label1\" content=\"Written by\" \/>\n\t<meta name=\"twitter:data1\" content=\"Carlos Montenegro\" \/>\n\t<meta name=\"twitter:label2\" content=\"Est. reading time\" \/>\n\t<meta name=\"twitter:data2\" content=\"2 minutes\" \/>\n<script type=\"application\/ld+json\" class=\"yoast-schema-graph\">{\"@context\":\"https:\\\/\\\/schema.org\",\"@graph\":[{\"@type\":\"Article\",\"@id\":\"https:\\\/\\\/www.fcbarcelonanoticias.com\\\/en\\\/fc-barcelona\\\/fermin-joao-felix-romeu-xavis-candidates-to-replace-pedri-and-de-jong-in-barcas-xi_301391_102.html#article\",\"isPartOf\":{\"@id\":\"https:\\\/\\\/www.fcbarcelonanoticias.com\\\/en\\\/fc-barcelona\\\/fermin-joao-felix-romeu-xavis-candidates-to-replace-pedri-and-de-jong-in-barcas-xi_301391_102.html\"},\"author\":{\"name\":\"Carlos Montenegro\",\"@id\":\"https:\\\/\\\/www.fcbarcelonanoticias.com\\\/en\\\/#\\\/schema\\\/person\\\/aa1d038709c262cb247e240f6b39bbf5\"},\"headline\":\"Ferm\u00edn, Joao F\u00e9lix, Romeu&#8230; Xavi&#8217;s candidates to replace Pedri and De Jong in Bar\u00e7a&#8217;s XI\",\"datePublished\":\"2024-03-04T13:57:00+00:00\",\"dateModified\":\"2024-03-04T17:50:00+00:00\",\"mainEntityOfPage\":{\"@id\":\"https:\\\/\\\/www.fcbarcelonanoticias.com\\\/en\\\/fc-barcelona\\\/fermin-joao-felix-romeu-xavis-candidates-to-replace-pedri-and-de-jong-in-barcas-xi_301391_102.html\"},\"wordCount\":457,\"image\":{\"@id\":\"https:\\\/\\\/www.fcbarcelonanoticias.com\\\/en\\\/fc-barcelona\\\/fermin-joao-felix-romeu-xavis-candidates-to-replace-pedri-and-de-jong-in-barcas-xi_301391_102.html#primaryimage\"},\"thumbnailUrl\":\"https:\\\/\\\/www.fcbarcelonanoticias.com\\\/en\\\/wp-content\\\/uploads\\\/sites\\\/2\\\/2024\\\/03\\\/fermin-oriol-romeu.jpeg\",\"keywords\":[\"FC Barcelona Lineups\",\"injured\",\"Joao F\u00e9lix\",\"Oriol Romeu\",\"Sergi Roberto\"],\"articleSection\":[\"FC Barcelona\"],\"inLanguage\":\"en-US\"},{\"@type\":\"WebPage\",\"@id\":\"https:\\\/\\\/www.fcbarcelonanoticias.com\\\/en\\\/fc-barcelona\\\/fermin-joao-felix-romeu-xavis-candidates-to-replace-pedri-and-de-jong-in-barcas-xi_301391_102.html\",\"url\":\"https:\\\/\\\/www.fcbarcelonanoticias.com\\\/en\\\/fc-barcelona\\\/fermin-joao-felix-romeu-xavis-candidates-to-replace-pedri-and-de-jong-in-barcas-xi_301391_102.html\",\"name\":\"Ferm\u00edn, Joao F\u00e9lix, Romeu... Xavi's candidates to replace Pedri and De Jong in Bar\u00e7a's XI\",\"isPartOf\":{\"@id\":\"https:\\\/\\\/www.fcbarcelonanoticias.com\\\/en\\\/#website\"},\"primaryImageOfPage\":{\"@id\":\"https:\\\/\\\/www.fcbarcelonanoticias.com\\\/en\\\/fc-barcelona\\\/fermin-joao-felix-romeu-xavis-candidates-to-replace-pedri-and-de-jong-in-barcas-xi_301391_102.html#primaryimage\"},\"image\":{\"@id\":\"https:\\\/\\\/www.fcbarcelonanoticias.com\\\/en\\\/fc-barcelona\\\/fermin-joao-felix-romeu-xavis-candidates-to-replace-pedri-and-de-jong-in-barcas-xi_301391_102.html#primaryimage\"},\"thumbnailUrl\":\"https:\\\/\\\/www.fcbarcelonanoticias.com\\\/en\\\/wp-content\\\/uploads\\\/sites\\\/2\\\/2024\\\/03\\\/fermin-oriol-romeu.jpeg\",\"datePublished\":\"2024-03-04T13:57:00+00:00\",\"dateModified\":\"2024-03-04T17:50:00+00:00\",\"author\":{\"@id\":\"https:\\\/\\\/www.fcbarcelonanoticias.com\\\/en\\\/#\\\/schema\\\/person\\\/aa1d038709c262cb247e240f6b39bbf5\"},\"description\":\"The immediate future of Bar\u00e7a's midfield is to have to put together a new trident for the next 4 weeks, barring any surprises. That opens up the possibility for at least two names to fight for a place in the XI\",\"breadcrumb\":{\"@id\":\"https:\\\/\\\/www.fcbarcelonanoticias.com\\\/en\\\/fc-barcelona\\\/fermin-joao-felix-romeu-xavis-candidates-to-replace-pedri-and-de-jong-in-barcas-xi_301391_102.html#breadcrumb\"},\"inLanguage\":\"en-US\",\"potentialAction\":[{\"@type\":\"ReadAction\",\"target\":[\"https:\\\/\\\/www.fcbarcelonanoticias.com\\\/en\\\/fc-barcelona\\\/fermin-joao-felix-romeu-xavis-candidates-to-replace-pedri-and-de-jong-in-barcas-xi_301391_102.html\"]}]},{\"@type\":\"ImageObject\",\"inLanguage\":\"en-US\",\"@id\":\"https:\\\/\\\/www.fcbarcelonanoticias.com\\\/en\\\/fc-barcelona\\\/fermin-joao-felix-romeu-xavis-candidates-to-replace-pedri-and-de-jong-in-barcas-xi_301391_102.html#primaryimage\",\"url\":\"https:\\\/\\\/www.fcbarcelonanoticias.com\\\/en\\\/wp-content\\\/uploads\\\/sites\\\/2\\\/2024\\\/03\\\/fermin-oriol-romeu.jpeg\",\"contentUrl\":\"https:\\\/\\\/www.fcbarcelonanoticias.com\\\/en\\\/wp-content\\\/uploads\\\/sites\\\/2\\\/2024\\\/03\\\/fermin-oriol-romeu.jpeg\",\"width\":1300,\"height\":733},{\"@type\":\"BreadcrumbList\",\"@id\":\"https:\\\/\\\/www.fcbarcelonanoticias.com\\\/en\\\/fc-barcelona\\\/fermin-joao-felix-romeu-xavis-candidates-to-replace-pedri-and-de-jong-in-barcas-xi_301391_102.html#breadcrumb\",\"itemListElement\":[{\"@type\":\"ListItem\",\"position\":1,\"name\":\"Portada\",\"item\":\"https:\\\/\\\/www.fcbarcelonanoticias.com\\\/en\\\/\"},{\"@type\":\"ListItem\",\"position\":2,\"name\":\"Ferm\u00edn, Joao F\u00e9lix, Romeu&#8230; Xavi&#8217;s candidates to replace Pedri and De Jong in Bar\u00e7a&#8217;s XI\"}]},{\"@type\":\"WebSite\",\"@id\":\"https:\\\/\\\/www.fcbarcelonanoticias.com\\\/en\\\/#website\",\"url\":\"https:\\\/\\\/www.fcbarcelonanoticias.com\\\/en\\\/\",\"name\":\"EN - FC Barcelona Noticias\",\"description\":\"\",\"potentialAction\":[{\"@type\":\"SearchAction\",\"target\":{\"@type\":\"EntryPoint\",\"urlTemplate\":\"https:\\\/\\\/www.fcbarcelonanoticias.com\\\/en\\\/?s={search_term_string}\"},\"query-input\":{\"@type\":\"PropertyValueSpecification\",\"valueRequired\":true,\"valueName\":\"search_term_string\"}}],\"inLanguage\":\"en-US\"},{\"@type\":\"Person\",\"@id\":\"https:\\\/\\\/www.fcbarcelonanoticias.com\\\/en\\\/#\\\/schema\\\/person\\\/aa1d038709c262cb247e240f6b39bbf5\",\"name\":\"Carlos Montenegro\",\"image\":{\"@type\":\"ImageObject\",\"inLanguage\":\"en-US\",\"@id\":\"https:\\\/\\\/secure.gravatar.com\\\/avatar\\\/?s=96&d=mm&r=g\",\"url\":\"https:\\\/\\\/secure.gravatar.com\\\/avatar\\\/?s=96&d=mm&r=g\",\"contentUrl\":\"https:\\\/\\\/secure.gravatar.com\\\/avatar\\\/?s=96&d=mm&r=g\",\"caption\":\"Carlos Montenegro\"},\"url\":\"https:\\\/\\\/www.fcbarcelonanoticias.com\\\/en\\\/carlos-montenegro_20_115.html\"}]}<\/script>\n<!-- \/ Yoast SEO plugin. -->","yoast_head_json":{"title":"Ferm\u00edn, Joao F\u00e9lix, Romeu... Xavi's candidates to replace Pedri and De Jong in Bar\u00e7a's XI","description":"The immediate future of Bar\u00e7a's midfield is to have to put together a new trident for the next 4 weeks, barring any surprises. That opens up the possibility for at least two names to fight for a place in the XI","robots":{"index":"index","follow":"follow","max-snippet":"max-snippet:-1","max-image-preview":"max-image-preview:large","max-video-preview":"max-video-preview:-1"},"canonical":"https:\/\/www.fcbarcelonanoticias.com\/en\/fc-barcelona\/fermin-joao-felix-romeu-xavis-candidates-to-replace-pedri-and-de-jong-in-barcas-xi_301391_102.html","og_locale":"en_US","og_type":"article","og_title":"Ferm\u00edn, Joao F\u00e9lix, Romeu... Xavi's candidates to replace Pedri and De Jong in Bar\u00e7a's XI","og_description":"The immediate future of Bar\u00e7a's midfield is to have to put together a new trident for the next 4 weeks, barring any surprises. That opens up the possibility for at least two names to fight for a place in the XI","og_url":"https:\/\/www.fcbarcelonanoticias.com\/en\/fc-barcelona\/fermin-joao-felix-romeu-xavis-candidates-to-replace-pedri-and-de-jong-in-barcas-xi_301391_102.html","og_site_name":"EN - FC Barcelona Noticias","article_published_time":"2024-03-04T13:57:00+00:00","article_modified_time":"2024-03-04T17:50:00+00:00","og_image":[{"width":1300,"height":733,"url":"https:\/\/www.fcbarcelonanoticias.com\/en\/wp-content\/uploads\/sites\/2\/2024\/03\/fermin-oriol-romeu.jpeg","type":"image\/jpeg"}],"author":"Carlos Montenegro","twitter_card":"summary_large_image","twitter_misc":{"Written by":"Carlos Montenegro","Est. reading time":"2 minutes"},"schema":{"@context":"https:\/\/schema.org","@graph":[{"@type":"Article","@id":"https:\/\/www.fcbarcelonanoticias.com\/en\/fc-barcelona\/fermin-joao-felix-romeu-xavis-candidates-to-replace-pedri-and-de-jong-in-barcas-xi_301391_102.html#article","isPartOf":{"@id":"https:\/\/www.fcbarcelonanoticias.com\/en\/fc-barcelona\/fermin-joao-felix-romeu-xavis-candidates-to-replace-pedri-and-de-jong-in-barcas-xi_301391_102.html"},"author":{"name":"Carlos Montenegro","@id":"https:\/\/www.fcbarcelonanoticias.com\/en\/#\/schema\/person\/aa1d038709c262cb247e240f6b39bbf5"},"headline":"Ferm\u00edn, Joao F\u00e9lix, Romeu&#8230; Xavi&#8217;s candidates to replace Pedri and De Jong in Bar\u00e7a&#8217;s XI","datePublished":"2024-03-04T13:57:00+00:00","dateModified":"2024-03-04T17:50:00+00:00","mainEntityOfPage":{"@id":"https:\/\/www.fcbarcelonanoticias.com\/en\/fc-barcelona\/fermin-joao-felix-romeu-xavis-candidates-to-replace-pedri-and-de-jong-in-barcas-xi_301391_102.html"},"wordCount":457,"image":{"@id":"https:\/\/www.fcbarcelonanoticias.com\/en\/fc-barcelona\/fermin-joao-felix-romeu-xavis-candidates-to-replace-pedri-and-de-jong-in-barcas-xi_301391_102.html#primaryimage"},"thumbnailUrl":"https:\/\/www.fcbarcelonanoticias.com\/en\/wp-content\/uploads\/sites\/2\/2024\/03\/fermin-oriol-romeu.jpeg","keywords":["FC Barcelona Lineups","injured","Joao F\u00e9lix","Oriol Romeu","Sergi Roberto"],"articleSection":["FC Barcelona"],"inLanguage":"en-US"},{"@type":"WebPage","@id":"https:\/\/www.fcbarcelonanoticias.com\/en\/fc-barcelona\/fermin-joao-felix-romeu-xavis-candidates-to-replace-pedri-and-de-jong-in-barcas-xi_301391_102.html","url":"https:\/\/www.fcbarcelonanoticias.com\/en\/fc-barcelona\/fermin-joao-felix-romeu-xavis-candidates-to-replace-pedri-and-de-jong-in-barcas-xi_301391_102.html","name":"Ferm\u00edn, Joao F\u00e9lix, Romeu... Xavi's candidates to replace Pedri and De Jong in Bar\u00e7a's XI","isPartOf":{"@id":"https:\/\/www.fcbarcelonanoticias.com\/en\/#website"},"primaryImageOfPage":{"@id":"https:\/\/www.fcbarcelonanoticias.com\/en\/fc-barcelona\/fermin-joao-felix-romeu-xavis-candidates-to-replace-pedri-and-de-jong-in-barcas-xi_301391_102.html#primaryimage"},"image":{"@id":"https:\/\/www.fcbarcelonanoticias.com\/en\/fc-barcelona\/fermin-joao-felix-romeu-xavis-candidates-to-replace-pedri-and-de-jong-in-barcas-xi_301391_102.html#primaryimage"},"thumbnailUrl":"https:\/\/www.fcbarcelonanoticias.com\/en\/wp-content\/uploads\/sites\/2\/2024\/03\/fermin-oriol-romeu.jpeg","datePublished":"2024-03-04T13:57:00+00:00","dateModified":"2024-03-04T17:50:00+00:00","author":{"@id":"https:\/\/www.fcbarcelonanoticias.com\/en\/#\/schema\/person\/aa1d038709c262cb247e240f6b39bbf5"},"description":"The immediate future of Bar\u00e7a's midfield is to have to put together a new trident for the next 4 weeks, barring any surprises. That opens up the possibility for at least two names to fight for a place in the XI","breadcrumb":{"@id":"https:\/\/www.fcbarcelonanoticias.com\/en\/fc-barcelona\/fermin-joao-felix-romeu-xavis-candidates-to-replace-pedri-and-de-jong-in-barcas-xi_301391_102.html#breadcrumb"},"inLanguage":"en-US","potentialAction":[{"@type":"ReadAction","target":["https:\/\/www.fcbarcelonanoticias.com\/en\/fc-barcelona\/fermin-joao-felix-romeu-xavis-candidates-to-replace-pedri-and-de-jong-in-barcas-xi_301391_102.html"]}]},{"@type":"ImageObject","inLanguage":"en-US","@id":"https:\/\/www.fcbarcelonanoticias.com\/en\/fc-barcelona\/fermin-joao-felix-romeu-xavis-candidates-to-replace-pedri-and-de-jong-in-barcas-xi_301391_102.html#primaryimage","url":"https:\/\/www.fcbarcelonanoticias.com\/en\/wp-content\/uploads\/sites\/2\/2024\/03\/fermin-oriol-romeu.jpeg","contentUrl":"https:\/\/www.fcbarcelonanoticias.com\/en\/wp-content\/uploads\/sites\/2\/2024\/03\/fermin-oriol-romeu.jpeg","width":1300,"height":733},{"@type":"BreadcrumbList","@id":"https:\/\/www.fcbarcelonanoticias.com\/en\/fc-barcelona\/fermin-joao-felix-romeu-xavis-candidates-to-replace-pedri-and-de-jong-in-barcas-xi_301391_102.html#breadcrumb","itemListElement":[{"@type":"ListItem","position":1,"name":"Portada","item":"https:\/\/www.fcbarcelonanoticias.com\/en\/"},{"@type":"ListItem","position":2,"name":"Ferm\u00edn, Joao F\u00e9lix, Romeu&#8230; Xavi&#8217;s candidates to replace Pedri and De Jong in Bar\u00e7a&#8217;s XI"}]},{"@type":"WebSite","@id":"https:\/\/www.fcbarcelonanoticias.com\/en\/#website","url":"https:\/\/www.fcbarcelonanoticias.com\/en\/","name":"EN - FC Barcelona Noticias","description":"","potentialAction":[{"@type":"SearchAction","target":{"@type":"EntryPoint","urlTemplate":"https:\/\/www.fcbarcelonanoticias.com\/en\/?s={search_term_string}"},"query-input":{"@type":"PropertyValueSpecification","valueRequired":true,"valueName":"search_term_string"}}],"inLanguage":"en-US"},{"@type":"Person","@id":"https:\/\/www.fcbarcelonanoticias.com\/en\/#\/schema\/person\/aa1d038709c262cb247e240f6b39bbf5","name":"Carlos Montenegro","image":{"@type":"ImageObject","inLanguage":"en-US","@id":"https:\/\/secure.gravatar.com\/avatar\/?s=96&d=mm&r=g","url":"https:\/\/secure.gravatar.com\/avatar\/?s=96&d=mm&r=g","contentUrl":"https:\/\/secure.gravatar.com\/avatar\/?s=96&d=mm&r=g","caption":"Carlos Montenegro"},"url":"https:\/\/www.fcbarcelonanoticias.com\/en\/carlos-montenegro_20_115.html"}]}},"_links":{"self":[{"href":"https:\/\/www.fcbarcelonanoticias.com\/en\/wp-json\/wp\/v2\/posts\/19325","targetHints":{"allow":["GET"]}}],"collection":[{"href":"https:\/\/www.fcbarcelonanoticias.com\/en\/wp-json\/wp\/v2\/posts"}],"about":[{"href":"https:\/\/www.fcbarcelonanoticias.com\/en\/wp-json\/wp\/v2\/types\/post"}],"author":[{"embeddable":true,"href":"https:\/\/www.fcbarcelonanoticias.com\/en\/wp-json\/wp\/v2\/users\/345"}],"replies":[{"embeddable":true,"href":"https:\/\/www.fcbarcelonanoticias.com\/en\/wp-json\/wp\/v2\/comments?post=19325"}],"version-history":[{"count":1,"href":"https:\/\/www.fcbarcelonanoticias.com\/en\/wp-json\/wp\/v2\/posts\/19325\/revisions"}],"predecessor-version":[{"id":19326,"href":"https:\/\/www.fcbarcelonanoticias.com\/en\/wp-json\/wp\/v2\/posts\/19325\/revisions\/19326"}],"wp:featuredmedia":[{"embeddable":true,"href":"https:\/\/www.fcbarcelonanoticias.com\/en\/wp-json\/wp\/v2\/media\/19327"}],"wp:attachment":[{"href":"https:\/\/www.fcbarcelonanoticias.com\/en\/wp-json\/wp\/v2\/media?parent=19325"}],"wp:term":[{"taxonomy":"category","embeddable":true,"href":"https:\/\/www.fcbarcelonanoticias.com\/en\/wp-json\/wp\/v2\/categories?post=19325"},{"taxonomy":"post_tag","embeddable":true,"href":"https:\/\/www.fcbarcelonanoticias.com\/en\/wp-json\/wp\/v2\/tags?post=19325"}],"curies":[{"name":"wp","href":"https:\/\/api.w.org\/{rel}","templated":true}]}}