{"id":19415,"date":"2024-03-19T15:22:00","date_gmt":"2024-03-19T14:22:00","guid":{"rendered":"https:\/\/weisetech.dev\/fc-barcelona-noticias\/en\/fermin-opens-up-about-impact-of-xavis-departure-from-barca_301856_102\/"},"modified":"2024-03-19T18:39:00","modified_gmt":"2024-03-19T17:39:00","slug":"fermin-opens-up-about-impact-of-xavis-departure-from-barca_301856_102","status":"publish","type":"post","link":"https:\/\/www.fcbarcelonanoticias.com\/en\/fc-barcelona\/fermin-opens-up-about-impact-of-xavis-departure-from-barca_301856_102.html","title":{"rendered":"Fermin opens up about the impact of Xavi&#8217;s departure from Bar\u00e7a"},"content":{"rendered":"<h2 class=\"wp-block-heading\">Fermin&#8217;s football has grown a lot in the last 8 months, and Xavi is largely responsible for that. Surely for this reason the midfielder wanted to make clear the impact of the departure to Bar\u00e7a of the Egarense<\/h2>  \r\n<div class=\"article-addons\">\r\n    <a href=\"https:\/\/www.fcbarcelonanoticias.com\/en\/calendar-fc-barcelona.html\"\r\n       target=\"_self\"\r\n       title=\"Calendar of FC Barcelona\"\r\n       class=\"blue-gredient-btn\">\r\n       \r\n        Calendar of FC Barcelona    <\/a>\r\n<\/div>   <p><a data-external=\"0\" data-intl-links-en=\"https:\/\/www.fcbarcelonanoticias.com\/en\/laliga\/fermin-lopez-went-back-to-shine-and-already-is-the-maximum-chamber-goleador-nbsp-of-the-nbsp-barca_301807_102.html\" data-intl-links-es=\"https:\/\/www.fcbarcelonanoticias.com\/laliga\/fermin-lopez-volvio-brillar-ya-es-cuarto-maximo-goleador-del-barca_301807_102.html\" href=\"https:\/\/www.fcbarcelonanoticias.com\/en\/laliga\/fermin-lopez-went-back-to-shine-and-already-is-the-maximum-chamber-goleador-nbsp-of-the-nbsp-barca_301807_102.html\" rel=\"follow\" target=\"_self\" title=\"Ferm\u00edn L\u00f3pez volvi\u00f3 a brillar y ya es el cuarto m\u00e1ximo goleador&nbsp;del&nbsp;Bar\u00e7a\">Ferm\u00edn L\u00f3pez<\/a> has remained in Barcelona in the first stop of selections of the year, a moment that it can take advantage of to make specific works of face to the last two months of the season, but also has taken the time to make an interview. <strong>In conversation with &#8216;Sport&#8217;, the canterano of the Bar\u00e7a wanted to review his actuality and the one of the team, one that knows that it will change of trainer in summer, except surprise of last hour.<\/strong><\/p>  <p>Precisely on the impact of the more than possible <a data-external=\"0\" data-intl-links-en=\"https:\/\/www.fcbarcelonanoticias.com\/en\/transfers\/the-new-deadlines-set-by-laporta-and-deco-to-choose-to-the-next-barca-coach_301854_102.html\" data-intl-links-es=\"https:\/\/www.fcbarcelonanoticias.com\/fichajes\/nuevos-plazos-se-ponen-laporta-deco-elegir-proximo-entrenador-del-barca_301854_102.html\" href=\"https:\/\/www.fcbarcelonanoticias.com\/en\/transfers\/the-new-deadlines-set-by-laporta-and-deco-to-choose-to-the-next-barca-coach_301854_102.html\" rel=\"follow\" target=\"_self\" title=\"Los nuevos plazos que se ponen Laporta y Deco para elegir al pr\u00f3ximo entrenador&nbsp;del&nbsp;Bar\u00e7a\">exit of Xavi Hern\u00e1ndez<\/a>, Ferm\u00edn wanted to leave clear that the staff will miss to the egarense, trying besides explain it from his case in particular.<strong> &#8220;To me almost it has given it to me all here in the club because, since I came of the cession, is the person that more has trusted me&#8221;, explained the mediocampista,<\/strong> remembering that the past pre-season won a place thanks to the interest of Xavi to see him train from the first day after his positive cession in First RFEF.<\/p>  <h2>Ferm\u00edn has clear that Xavi has been key for his development<\/h2>  <p>&#8220;Always it has given me this confidence, the opportunity to be player of the first team, and will miss him, obviously&#8221;, sustained the footballer of 20 years, <strong>the one who in this opportunity has remained without being summoned by the Spanish selection Sub-21, surely by his reduction of minutes in this 2024.<\/strong> Precisely on this sincer\u00f3 Ferm\u00edn, ensuring that &#8220;to all the world likes him play and do it well, happened a series in which it did not feel me so well as at the beginning, but are processes that live along the season&#8221;, commented.<\/p>  <p>&#8220;I am young, touches me learn, learn of my mates, the m\u00edster helps me a lot and now again find me well&#8221;, commented, <strong>adding besides that Xavi has been an important factor to the hour to handle him. &#8220;That it was calm, that all arrive&#8221;, explained Ferm\u00edn on what commented him the trainer in front of his few minutes in this second half of the season,<\/strong> adding besides that &#8220;he always helps me a lot in all the senses&#8221;, puntualiz\u00f3.<\/p>  <h2>The series in front of the PSG, a challenge that causes a lot of illusion for the Bar\u00e7a<\/h2>  <p>Another point that has analysed Ferm\u00edn has been the draw of the quarter-finals of the Champions League, in which they will measure to Paris Saint-Germain of Luis Enrique. <strong>&#8220;The truth is that it will be a big party, a difficult party because they are a big team, but any one that touched us went to be difficult and went us to cost. We will try to do our game and happen to semis&#8221;,<\/strong> sustained the midfield player cul\u00e9, adding besides that &#8220;at the end yes favours us that we play the turn home, this yes, but already any one that touch you\u2026&#8221;, mentioned in front of some possible semifinals also.<\/p> ","protected":false},"excerpt":{"rendered":"<p>Fermin&#8217;s football has grown a lot in the last 8 months, and Xavi is largely responsible for that. Surely for this reason the midfielder wanted to make clear the impact of the departure to Bar\u00e7a of the Egarense Ferm\u00edn L\u00f3pez has remained in Barcelona in the first stop of selections of the year, a moment [&hellip;]<\/p>\n","protected":false},"author":345,"featured_media":19418,"comment_status":"closed","ping_status":"open","sticky":false,"template":"","format":"standard","meta":{"_acf_changed":false,"inline_featured_image":false,"_nextfly_llmd_date_locked":false,"footnotes":""},"categories":[111],"tags":[181,48],"class_list":["post-19415","post","type-post","status-publish","format-standard","has-post-thumbnail","hentry","category-fc-barcelona","tag-the-masia","tag-xavi-hernandez"],"acf":[],"yoast_head":"<!-- This site is optimized with the Yoast SEO plugin v27.3 - https:\/\/yoast.com\/product\/yoast-seo-wordpress\/ -->\n<title>Fermin opens up about the impact of Xavi&#039;s departure from Bar\u00e7a<\/title>\n<meta name=\"description\" content=\"Fermin&#039;s football has grown a lot in the last 8 months, and Xavi is largely responsible for that. Surely for this reason the midfielder wanted to make clear the impact of the departure to Bar\u00e7a of the Egarense\" \/>\n<meta name=\"robots\" content=\"index, follow, max-snippet:-1, max-image-preview:large, max-video-preview:-1\" \/>\n<link rel=\"canonical\" href=\"https:\/\/www.fcbarcelonanoticias.com\/en\/fc-barcelona\/fermin-opens-up-about-impact-of-xavis-departure-from-barca_301856_102.html\" \/>\n<meta property=\"og:locale\" content=\"en_US\" \/>\n<meta property=\"og:type\" content=\"article\" \/>\n<meta property=\"og:title\" content=\"Fermin opens up about the impact of Xavi&#039;s departure from Bar\u00e7a\" \/>\n<meta property=\"og:description\" content=\"Fermin&#039;s football has grown a lot in the last 8 months, and Xavi is largely responsible for that. Surely for this reason the midfielder wanted to make clear the impact of the departure to Bar\u00e7a of the Egarense\" \/>\n<meta property=\"og:url\" content=\"https:\/\/www.fcbarcelonanoticias.com\/en\/fc-barcelona\/fermin-opens-up-about-impact-of-xavis-departure-from-barca_301856_102.html\" \/>\n<meta property=\"og:site_name\" content=\"EN - FC Barcelona Noticias\" \/>\n<meta property=\"article:published_time\" content=\"2024-03-19T14:22:00+00:00\" \/>\n<meta property=\"article:modified_time\" content=\"2024-03-19T17:39:00+00:00\" \/>\n<meta property=\"og:image\" content=\"https:\/\/www.fcbarcelonanoticias.com\/en\/wp-content\/uploads\/sites\/2\/2024\/03\/fermin-xavi-partido.jpeg\" \/>\n\t<meta property=\"og:image:width\" content=\"1300\" \/>\n\t<meta property=\"og:image:height\" content=\"735\" \/>\n\t<meta property=\"og:image:type\" content=\"image\/jpeg\" \/>\n<meta name=\"author\" content=\"Carlos Montenegro\" \/>\n<meta name=\"twitter:card\" content=\"summary_large_image\" \/>\n<meta name=\"twitter:label1\" content=\"Written by\" \/>\n\t<meta name=\"twitter:data1\" content=\"Carlos Montenegro\" \/>\n\t<meta name=\"twitter:label2\" content=\"Est. reading time\" \/>\n\t<meta name=\"twitter:data2\" content=\"3 minutes\" \/>\n<script type=\"application\/ld+json\" class=\"yoast-schema-graph\">{\"@context\":\"https:\\\/\\\/schema.org\",\"@graph\":[{\"@type\":\"Article\",\"@id\":\"https:\\\/\\\/www.fcbarcelonanoticias.com\\\/en\\\/fc-barcelona\\\/fermin-opens-up-about-impact-of-xavis-departure-from-barca_301856_102.html#article\",\"isPartOf\":{\"@id\":\"https:\\\/\\\/www.fcbarcelonanoticias.com\\\/en\\\/fc-barcelona\\\/fermin-opens-up-about-impact-of-xavis-departure-from-barca_301856_102.html\"},\"author\":{\"name\":\"Carlos Montenegro\",\"@id\":\"https:\\\/\\\/www.fcbarcelonanoticias.com\\\/en\\\/#\\\/schema\\\/person\\\/aa1d038709c262cb247e240f6b39bbf5\"},\"headline\":\"Fermin opens up about the impact of Xavi&#8217;s departure from Bar\u00e7a\",\"datePublished\":\"2024-03-19T14:22:00+00:00\",\"dateModified\":\"2024-03-19T17:39:00+00:00\",\"mainEntityOfPage\":{\"@id\":\"https:\\\/\\\/www.fcbarcelonanoticias.com\\\/en\\\/fc-barcelona\\\/fermin-opens-up-about-impact-of-xavis-departure-from-barca_301856_102.html\"},\"wordCount\":554,\"image\":{\"@id\":\"https:\\\/\\\/www.fcbarcelonanoticias.com\\\/en\\\/fc-barcelona\\\/fermin-opens-up-about-impact-of-xavis-departure-from-barca_301856_102.html#primaryimage\"},\"thumbnailUrl\":\"https:\\\/\\\/www.fcbarcelonanoticias.com\\\/en\\\/wp-content\\\/uploads\\\/sites\\\/2\\\/2024\\\/03\\\/fermin-xavi-partido.jpeg\",\"keywords\":[\"The Masia\",\"Xavi Hern\u00e1ndez\"],\"articleSection\":[\"FC Barcelona\"],\"inLanguage\":\"en-US\"},{\"@type\":\"WebPage\",\"@id\":\"https:\\\/\\\/www.fcbarcelonanoticias.com\\\/en\\\/fc-barcelona\\\/fermin-opens-up-about-impact-of-xavis-departure-from-barca_301856_102.html\",\"url\":\"https:\\\/\\\/www.fcbarcelonanoticias.com\\\/en\\\/fc-barcelona\\\/fermin-opens-up-about-impact-of-xavis-departure-from-barca_301856_102.html\",\"name\":\"Fermin opens up about the impact of Xavi's departure from Bar\u00e7a\",\"isPartOf\":{\"@id\":\"https:\\\/\\\/www.fcbarcelonanoticias.com\\\/en\\\/#website\"},\"primaryImageOfPage\":{\"@id\":\"https:\\\/\\\/www.fcbarcelonanoticias.com\\\/en\\\/fc-barcelona\\\/fermin-opens-up-about-impact-of-xavis-departure-from-barca_301856_102.html#primaryimage\"},\"image\":{\"@id\":\"https:\\\/\\\/www.fcbarcelonanoticias.com\\\/en\\\/fc-barcelona\\\/fermin-opens-up-about-impact-of-xavis-departure-from-barca_301856_102.html#primaryimage\"},\"thumbnailUrl\":\"https:\\\/\\\/www.fcbarcelonanoticias.com\\\/en\\\/wp-content\\\/uploads\\\/sites\\\/2\\\/2024\\\/03\\\/fermin-xavi-partido.jpeg\",\"datePublished\":\"2024-03-19T14:22:00+00:00\",\"dateModified\":\"2024-03-19T17:39:00+00:00\",\"author\":{\"@id\":\"https:\\\/\\\/www.fcbarcelonanoticias.com\\\/en\\\/#\\\/schema\\\/person\\\/aa1d038709c262cb247e240f6b39bbf5\"},\"description\":\"Fermin's football has grown a lot in the last 8 months, and Xavi is largely responsible for that. Surely for this reason the midfielder wanted to make clear the impact of the departure to Bar\u00e7a of the Egarense\",\"breadcrumb\":{\"@id\":\"https:\\\/\\\/www.fcbarcelonanoticias.com\\\/en\\\/fc-barcelona\\\/fermin-opens-up-about-impact-of-xavis-departure-from-barca_301856_102.html#breadcrumb\"},\"inLanguage\":\"en-US\",\"potentialAction\":[{\"@type\":\"ReadAction\",\"target\":[\"https:\\\/\\\/www.fcbarcelonanoticias.com\\\/en\\\/fc-barcelona\\\/fermin-opens-up-about-impact-of-xavis-departure-from-barca_301856_102.html\"]}]},{\"@type\":\"ImageObject\",\"inLanguage\":\"en-US\",\"@id\":\"https:\\\/\\\/www.fcbarcelonanoticias.com\\\/en\\\/fc-barcelona\\\/fermin-opens-up-about-impact-of-xavis-departure-from-barca_301856_102.html#primaryimage\",\"url\":\"https:\\\/\\\/www.fcbarcelonanoticias.com\\\/en\\\/wp-content\\\/uploads\\\/sites\\\/2\\\/2024\\\/03\\\/fermin-xavi-partido.jpeg\",\"contentUrl\":\"https:\\\/\\\/www.fcbarcelonanoticias.com\\\/en\\\/wp-content\\\/uploads\\\/sites\\\/2\\\/2024\\\/03\\\/fermin-xavi-partido.jpeg\",\"width\":1300,\"height\":735},{\"@type\":\"BreadcrumbList\",\"@id\":\"https:\\\/\\\/www.fcbarcelonanoticias.com\\\/en\\\/fc-barcelona\\\/fermin-opens-up-about-impact-of-xavis-departure-from-barca_301856_102.html#breadcrumb\",\"itemListElement\":[{\"@type\":\"ListItem\",\"position\":1,\"name\":\"Portada\",\"item\":\"https:\\\/\\\/www.fcbarcelonanoticias.com\\\/en\\\/\"},{\"@type\":\"ListItem\",\"position\":2,\"name\":\"Fermin opens up about the impact of Xavi&#8217;s departure from Bar\u00e7a\"}]},{\"@type\":\"WebSite\",\"@id\":\"https:\\\/\\\/www.fcbarcelonanoticias.com\\\/en\\\/#website\",\"url\":\"https:\\\/\\\/www.fcbarcelonanoticias.com\\\/en\\\/\",\"name\":\"EN - FC Barcelona Noticias\",\"description\":\"\",\"potentialAction\":[{\"@type\":\"SearchAction\",\"target\":{\"@type\":\"EntryPoint\",\"urlTemplate\":\"https:\\\/\\\/www.fcbarcelonanoticias.com\\\/en\\\/?s={search_term_string}\"},\"query-input\":{\"@type\":\"PropertyValueSpecification\",\"valueRequired\":true,\"valueName\":\"search_term_string\"}}],\"inLanguage\":\"en-US\"},{\"@type\":\"Person\",\"@id\":\"https:\\\/\\\/www.fcbarcelonanoticias.com\\\/en\\\/#\\\/schema\\\/person\\\/aa1d038709c262cb247e240f6b39bbf5\",\"name\":\"Carlos Montenegro\",\"image\":{\"@type\":\"ImageObject\",\"inLanguage\":\"en-US\",\"@id\":\"https:\\\/\\\/secure.gravatar.com\\\/avatar\\\/?s=96&d=mm&r=g\",\"url\":\"https:\\\/\\\/secure.gravatar.com\\\/avatar\\\/?s=96&d=mm&r=g\",\"contentUrl\":\"https:\\\/\\\/secure.gravatar.com\\\/avatar\\\/?s=96&d=mm&r=g\",\"caption\":\"Carlos Montenegro\"},\"url\":\"https:\\\/\\\/www.fcbarcelonanoticias.com\\\/en\\\/carlos-montenegro_20_115.html\"}]}<\/script>\n<!-- \/ Yoast SEO plugin. -->","yoast_head_json":{"title":"Fermin opens up about the impact of Xavi's departure from Bar\u00e7a","description":"Fermin's football has grown a lot in the last 8 months, and Xavi is largely responsible for that. Surely for this reason the midfielder wanted to make clear the impact of the departure to Bar\u00e7a of the Egarense","robots":{"index":"index","follow":"follow","max-snippet":"max-snippet:-1","max-image-preview":"max-image-preview:large","max-video-preview":"max-video-preview:-1"},"canonical":"https:\/\/www.fcbarcelonanoticias.com\/en\/fc-barcelona\/fermin-opens-up-about-impact-of-xavis-departure-from-barca_301856_102.html","og_locale":"en_US","og_type":"article","og_title":"Fermin opens up about the impact of Xavi's departure from Bar\u00e7a","og_description":"Fermin's football has grown a lot in the last 8 months, and Xavi is largely responsible for that. Surely for this reason the midfielder wanted to make clear the impact of the departure to Bar\u00e7a of the Egarense","og_url":"https:\/\/www.fcbarcelonanoticias.com\/en\/fc-barcelona\/fermin-opens-up-about-impact-of-xavis-departure-from-barca_301856_102.html","og_site_name":"EN - FC Barcelona Noticias","article_published_time":"2024-03-19T14:22:00+00:00","article_modified_time":"2024-03-19T17:39:00+00:00","og_image":[{"width":1300,"height":735,"url":"https:\/\/www.fcbarcelonanoticias.com\/en\/wp-content\/uploads\/sites\/2\/2024\/03\/fermin-xavi-partido.jpeg","type":"image\/jpeg"}],"author":"Carlos Montenegro","twitter_card":"summary_large_image","twitter_misc":{"Written by":"Carlos Montenegro","Est. reading time":"3 minutes"},"schema":{"@context":"https:\/\/schema.org","@graph":[{"@type":"Article","@id":"https:\/\/www.fcbarcelonanoticias.com\/en\/fc-barcelona\/fermin-opens-up-about-impact-of-xavis-departure-from-barca_301856_102.html#article","isPartOf":{"@id":"https:\/\/www.fcbarcelonanoticias.com\/en\/fc-barcelona\/fermin-opens-up-about-impact-of-xavis-departure-from-barca_301856_102.html"},"author":{"name":"Carlos Montenegro","@id":"https:\/\/www.fcbarcelonanoticias.com\/en\/#\/schema\/person\/aa1d038709c262cb247e240f6b39bbf5"},"headline":"Fermin opens up about the impact of Xavi&#8217;s departure from Bar\u00e7a","datePublished":"2024-03-19T14:22:00+00:00","dateModified":"2024-03-19T17:39:00+00:00","mainEntityOfPage":{"@id":"https:\/\/www.fcbarcelonanoticias.com\/en\/fc-barcelona\/fermin-opens-up-about-impact-of-xavis-departure-from-barca_301856_102.html"},"wordCount":554,"image":{"@id":"https:\/\/www.fcbarcelonanoticias.com\/en\/fc-barcelona\/fermin-opens-up-about-impact-of-xavis-departure-from-barca_301856_102.html#primaryimage"},"thumbnailUrl":"https:\/\/www.fcbarcelonanoticias.com\/en\/wp-content\/uploads\/sites\/2\/2024\/03\/fermin-xavi-partido.jpeg","keywords":["The Masia","Xavi Hern\u00e1ndez"],"articleSection":["FC Barcelona"],"inLanguage":"en-US"},{"@type":"WebPage","@id":"https:\/\/www.fcbarcelonanoticias.com\/en\/fc-barcelona\/fermin-opens-up-about-impact-of-xavis-departure-from-barca_301856_102.html","url":"https:\/\/www.fcbarcelonanoticias.com\/en\/fc-barcelona\/fermin-opens-up-about-impact-of-xavis-departure-from-barca_301856_102.html","name":"Fermin opens up about the impact of Xavi's departure from Bar\u00e7a","isPartOf":{"@id":"https:\/\/www.fcbarcelonanoticias.com\/en\/#website"},"primaryImageOfPage":{"@id":"https:\/\/www.fcbarcelonanoticias.com\/en\/fc-barcelona\/fermin-opens-up-about-impact-of-xavis-departure-from-barca_301856_102.html#primaryimage"},"image":{"@id":"https:\/\/www.fcbarcelonanoticias.com\/en\/fc-barcelona\/fermin-opens-up-about-impact-of-xavis-departure-from-barca_301856_102.html#primaryimage"},"thumbnailUrl":"https:\/\/www.fcbarcelonanoticias.com\/en\/wp-content\/uploads\/sites\/2\/2024\/03\/fermin-xavi-partido.jpeg","datePublished":"2024-03-19T14:22:00+00:00","dateModified":"2024-03-19T17:39:00+00:00","author":{"@id":"https:\/\/www.fcbarcelonanoticias.com\/en\/#\/schema\/person\/aa1d038709c262cb247e240f6b39bbf5"},"description":"Fermin's football has grown a lot in the last 8 months, and Xavi is largely responsible for that. Surely for this reason the midfielder wanted to make clear the impact of the departure to Bar\u00e7a of the Egarense","breadcrumb":{"@id":"https:\/\/www.fcbarcelonanoticias.com\/en\/fc-barcelona\/fermin-opens-up-about-impact-of-xavis-departure-from-barca_301856_102.html#breadcrumb"},"inLanguage":"en-US","potentialAction":[{"@type":"ReadAction","target":["https:\/\/www.fcbarcelonanoticias.com\/en\/fc-barcelona\/fermin-opens-up-about-impact-of-xavis-departure-from-barca_301856_102.html"]}]},{"@type":"ImageObject","inLanguage":"en-US","@id":"https:\/\/www.fcbarcelonanoticias.com\/en\/fc-barcelona\/fermin-opens-up-about-impact-of-xavis-departure-from-barca_301856_102.html#primaryimage","url":"https:\/\/www.fcbarcelonanoticias.com\/en\/wp-content\/uploads\/sites\/2\/2024\/03\/fermin-xavi-partido.jpeg","contentUrl":"https:\/\/www.fcbarcelonanoticias.com\/en\/wp-content\/uploads\/sites\/2\/2024\/03\/fermin-xavi-partido.jpeg","width":1300,"height":735},{"@type":"BreadcrumbList","@id":"https:\/\/www.fcbarcelonanoticias.com\/en\/fc-barcelona\/fermin-opens-up-about-impact-of-xavis-departure-from-barca_301856_102.html#breadcrumb","itemListElement":[{"@type":"ListItem","position":1,"name":"Portada","item":"https:\/\/www.fcbarcelonanoticias.com\/en\/"},{"@type":"ListItem","position":2,"name":"Fermin opens up about the impact of Xavi&#8217;s departure from Bar\u00e7a"}]},{"@type":"WebSite","@id":"https:\/\/www.fcbarcelonanoticias.com\/en\/#website","url":"https:\/\/www.fcbarcelonanoticias.com\/en\/","name":"EN - FC Barcelona Noticias","description":"","potentialAction":[{"@type":"SearchAction","target":{"@type":"EntryPoint","urlTemplate":"https:\/\/www.fcbarcelonanoticias.com\/en\/?s={search_term_string}"},"query-input":{"@type":"PropertyValueSpecification","valueRequired":true,"valueName":"search_term_string"}}],"inLanguage":"en-US"},{"@type":"Person","@id":"https:\/\/www.fcbarcelonanoticias.com\/en\/#\/schema\/person\/aa1d038709c262cb247e240f6b39bbf5","name":"Carlos Montenegro","image":{"@type":"ImageObject","inLanguage":"en-US","@id":"https:\/\/secure.gravatar.com\/avatar\/?s=96&d=mm&r=g","url":"https:\/\/secure.gravatar.com\/avatar\/?s=96&d=mm&r=g","contentUrl":"https:\/\/secure.gravatar.com\/avatar\/?s=96&d=mm&r=g","caption":"Carlos Montenegro"},"url":"https:\/\/www.fcbarcelonanoticias.com\/en\/carlos-montenegro_20_115.html"}]}},"_links":{"self":[{"href":"https:\/\/www.fcbarcelonanoticias.com\/en\/wp-json\/wp\/v2\/posts\/19415","targetHints":{"allow":["GET"]}}],"collection":[{"href":"https:\/\/www.fcbarcelonanoticias.com\/en\/wp-json\/wp\/v2\/posts"}],"about":[{"href":"https:\/\/www.fcbarcelonanoticias.com\/en\/wp-json\/wp\/v2\/types\/post"}],"author":[{"embeddable":true,"href":"https:\/\/www.fcbarcelonanoticias.com\/en\/wp-json\/wp\/v2\/users\/345"}],"replies":[{"embeddable":true,"href":"https:\/\/www.fcbarcelonanoticias.com\/en\/wp-json\/wp\/v2\/comments?post=19415"}],"version-history":[{"count":1,"href":"https:\/\/www.fcbarcelonanoticias.com\/en\/wp-json\/wp\/v2\/posts\/19415\/revisions"}],"predecessor-version":[{"id":19416,"href":"https:\/\/www.fcbarcelonanoticias.com\/en\/wp-json\/wp\/v2\/posts\/19415\/revisions\/19416"}],"wp:featuredmedia":[{"embeddable":true,"href":"https:\/\/www.fcbarcelonanoticias.com\/en\/wp-json\/wp\/v2\/media\/19418"}],"wp:attachment":[{"href":"https:\/\/www.fcbarcelonanoticias.com\/en\/wp-json\/wp\/v2\/media?parent=19415"}],"wp:term":[{"taxonomy":"category","embeddable":true,"href":"https:\/\/www.fcbarcelonanoticias.com\/en\/wp-json\/wp\/v2\/categories?post=19415"},{"taxonomy":"post_tag","embeddable":true,"href":"https:\/\/www.fcbarcelonanoticias.com\/en\/wp-json\/wp\/v2\/tags?post=19415"}],"curies":[{"name":"wp","href":"https:\/\/api.w.org\/{rel}","templated":true}]}}