{"id":19494,"date":"2017-09-16T17:11:00","date_gmt":"2017-09-16T15:11:00","guid":{"rendered":"https:\/\/weisetech.dev\/fc-barcelona-noticias\/en\/first-assessment-of-the-injury-of-dembele-3-or-4-weeks_204451_102\/"},"modified":"2026-04-16T09:30:57","modified_gmt":"2026-04-16T07:30:57","slug":"first-assessment-of-the-injury-of-dembele-3-or-4-weeks_204451_102","status":"publish","type":"post","link":"https:\/\/www.fcbarcelonanoticias.com\/en\/fc-barcelona\/first-assessment-of-the-injury-of-dembele-3-or-4-weeks_204451_102.html","title":{"rendered":"First assessment of the injury of Demb\u00e9l\u00e9: 3 or 4 weeks!"},"content":{"rendered":"<h2 class=\"wp-block-heading\">After Ousmane Demb\u00e9l\u00e9  lesionase in the Getafe-Bar\u00e7a, in &#8216;BeIN Sports&#8217; Patrick Kluivert, commentator and ex player of the Bar\u00e7a among others clubs, ensured that this type of muscular injuries are used to to last between three and four weeks<\/h2>  \r\n<div class=\"article-addons\">\r\n    <a href=\"https:\/\/www.fcbarcelonanoticias.com\/en\/calendar-fc-barcelona.html\"\r\n       target=\"_self\"\r\n       title=\"Calendar of FC Barcelona\"\r\n       class=\"blue-gredient-btn\">\r\n       \r\n        Calendar of FC Barcelona    <\/a>\r\n<\/div>   <p>The ex player of the FC Barcelona among others a lot of clubs and now commentator in &#8216;BeIN Sports&#8217;, <strong>Patrick Kluivert<\/strong>, went one of the first in giving an assessment of <a href=\"https:\/\/www.fcbarcelonanoticias.com\/jugadores\/contratiempo-ousmane-dembele-se-lesiona-y-pide-el-cambio_204450_102.html\"><strong>the injury of Ousmane Demb\u00e9l\u00e9 against the Getafe<\/strong><\/a> in the Coliseum Alfonso P\u00e9rez.<\/p> <p>The ex Dutch forward threw of experience when ensuring that this type of muscular injuries, as the one of Ousmane Demb\u00e9l\u00e9, <strong>are used to to take in sanar between three and four weeks<\/strong>, by what the FC Barcelona could remain the six next parties <strong>without being able to range to <a href=\"https:\/\/www.fcbarcelonanoticias.com\/fc-barcelona\/fichajes.html\">his signing<\/a> crashes of the season 2017-18<\/strong>, is possible even that until after the stop of selections of October.<\/p> <p>The case is that<strong> Demb\u00e9l\u00e9 left  cabizbajo and walking very slowly<\/strong> to the bench after the muscular injury that suffers in the isquiotibiales, and during the next hours will have to carry out the corresponding medical proofs in the installations cul\u00e9s to evaluate the physical state of the player.<\/p> <h2>Serious setback for the FC Barcelona<\/h2> <p>Bad luck as for Demb\u00e9l\u00e9, that <strong>this Saturday debuted like titling in party <a href=\"https:\/\/www.fcbarcelonanoticias.com\/en\/laliga-calendario.html\">of League Santander 2017-18<\/a><\/strong> with the FC Barcelona, but that could not complete it and seems that it will have to remain several weeks recovering of the injury.<\/p> <p>On the other hand, it treats  of an opportunity inmejorable for <strong>Gerard Deulofeu that it can recover the stray terrain<\/strong> and utlizar the minutes that will have from now in the alignments blaugrana to go back to convince to Ernesto Valverde that it can be headline in the flank of attack. Time to the time, but for the moment <a href=\"https:\/\/www.fcbarcelonanoticias.com\/en\/tags\/dembele-567\"><strong>Demb\u00e9l\u00e9<\/strong><\/a> already causes an important drop in the plans of the trainer.<\/p> ","protected":false},"excerpt":{"rendered":"<p>After Ousmane Demb\u00e9l\u00e9 lesionase in the Getafe-Bar\u00e7a, in &#8216;BeIN Sports&#8217; Patrick Kluivert, commentator and ex player of the Bar\u00e7a among others clubs, ensured that this type of muscular injuries are used to to last between three and four weeks The ex player of the FC Barcelona among others a lot of clubs and now commentator [&hellip;]<\/p>\n","protected":false},"author":366,"featured_media":19500,"comment_status":"closed","ping_status":"open","sticky":false,"template":"","format":"standard","meta":{"_acf_changed":false,"inline_featured_image":false,"_nextfly_llmd_date_locked":false,"footnotes":""},"categories":[111],"tags":[146,96,136],"class_list":["post-19494","post","type-post","status-publish","format-standard","has-post-thumbnail","hentry","category-fc-barcelona","tag-dembele","tag-getafe-cf","tag-injured"],"acf":[],"yoast_head":"<!-- This site is optimized with the Yoast SEO plugin v27.3 - https:\/\/yoast.com\/product\/yoast-seo-wordpress\/ -->\n<title>First assessment of the injury of Demb\u00e9l\u00e9: 3 or 4 weeks!<\/title>\n<meta name=\"description\" content=\"After Ousmane Demb\u00e9l\u00e9 lesionase in the Getafe-Bar\u00e7a, in &#039;BeIN Sports&#039; Patrick Kluivert, commentator and ex player of the Bar\u00e7a go in...\" \/>\n<meta name=\"robots\" content=\"index, follow, max-snippet:-1, max-image-preview:large, max-video-preview:-1\" \/>\n<link rel=\"canonical\" href=\"https:\/\/www.fcbarcelonanoticias.com\/en\/fc-barcelona\/first-assessment-of-the-injury-of-dembele-3-or-4-weeks_204451_102.html\" \/>\n<meta property=\"og:locale\" content=\"en_US\" \/>\n<meta property=\"og:type\" content=\"article\" \/>\n<meta property=\"og:title\" content=\"First assessment of the injury of Demb\u00e9l\u00e9: 3 or 4 weeks!\" \/>\n<meta property=\"og:description\" content=\"After Ousmane Demb\u00e9l\u00e9 lesionase in the Getafe-Bar\u00e7a, in &#039;BeIN Sports&#039; Patrick Kluivert, commentator and ex player of the Bar\u00e7a go in...\" \/>\n<meta property=\"og:url\" content=\"https:\/\/www.fcbarcelonanoticias.com\/en\/fc-barcelona\/first-assessment-of-the-injury-of-dembele-3-or-4-weeks_204451_102.html\" \/>\n<meta property=\"og:site_name\" content=\"EN - FC Barcelona Noticias\" \/>\n<meta property=\"article:published_time\" content=\"2017-09-16T15:11:00+00:00\" \/>\n<meta property=\"article:modified_time\" content=\"2026-04-16T07:30:57+00:00\" \/>\n<meta property=\"og:image\" content=\"https:\/\/www.fcbarcelonanoticias.com\/en\/wp-content\/uploads\/sites\/2\/2017\/09\/dembele-228197-1.jpeg\" \/>\n\t<meta property=\"og:image:width\" content=\"760\" \/>\n\t<meta property=\"og:image:height\" content=\"428\" \/>\n\t<meta property=\"og:image:type\" content=\"image\/jpeg\" \/>\n<meta name=\"author\" content=\"Carlos Dom\u00ednguez\" \/>\n<meta name=\"twitter:card\" content=\"summary_large_image\" \/>\n<meta name=\"twitter:label1\" content=\"Written by\" \/>\n\t<meta name=\"twitter:data1\" content=\"Carlos Dom\u00ednguez\" \/>\n\t<meta name=\"twitter:label2\" content=\"Est. reading time\" \/>\n\t<meta name=\"twitter:data2\" content=\"2 minutes\" \/>\n<script type=\"application\/ld+json\" class=\"yoast-schema-graph\">{\"@context\":\"https:\\\/\\\/schema.org\",\"@graph\":[{\"@type\":\"Article\",\"@id\":\"https:\\\/\\\/www.fcbarcelonanoticias.com\\\/en\\\/fc-barcelona\\\/first-assessment-of-the-injury-of-dembele-3-or-4-weeks_204451_102.html#article\",\"isPartOf\":{\"@id\":\"https:\\\/\\\/www.fcbarcelonanoticias.com\\\/en\\\/fc-barcelona\\\/first-assessment-of-the-injury-of-dembele-3-or-4-weeks_204451_102.html\"},\"author\":{\"name\":\"Carlos Dom\u00ednguez\",\"@id\":\"https:\\\/\\\/www.fcbarcelonanoticias.com\\\/en\\\/#\\\/schema\\\/person\\\/888e29b17b79c70d1c617d8a7bc9b8c6\"},\"headline\":\"First assessment of the injury of Demb\u00e9l\u00e9: 3 or 4 weeks!\",\"datePublished\":\"2017-09-16T15:11:00+00:00\",\"dateModified\":\"2026-04-16T07:30:57+00:00\",\"mainEntityOfPage\":{\"@id\":\"https:\\\/\\\/www.fcbarcelonanoticias.com\\\/en\\\/fc-barcelona\\\/first-assessment-of-the-injury-of-dembele-3-or-4-weeks_204451_102.html\"},\"wordCount\":339,\"image\":{\"@id\":\"https:\\\/\\\/www.fcbarcelonanoticias.com\\\/en\\\/fc-barcelona\\\/first-assessment-of-the-injury-of-dembele-3-or-4-weeks_204451_102.html#primaryimage\"},\"thumbnailUrl\":\"https:\\\/\\\/www.fcbarcelonanoticias.com\\\/en\\\/wp-content\\\/uploads\\\/sites\\\/2\\\/2017\\\/09\\\/dembele-228197-1.jpeg\",\"keywords\":[\"Demb\u00e9l\u00e9\",\"Getafe CF\",\"injured\"],\"articleSection\":[\"FC Barcelona\"],\"inLanguage\":\"en-US\"},{\"@type\":\"WebPage\",\"@id\":\"https:\\\/\\\/www.fcbarcelonanoticias.com\\\/en\\\/fc-barcelona\\\/first-assessment-of-the-injury-of-dembele-3-or-4-weeks_204451_102.html\",\"url\":\"https:\\\/\\\/www.fcbarcelonanoticias.com\\\/en\\\/fc-barcelona\\\/first-assessment-of-the-injury-of-dembele-3-or-4-weeks_204451_102.html\",\"name\":\"First assessment of the injury of Demb\u00e9l\u00e9: 3 or 4 weeks!\",\"isPartOf\":{\"@id\":\"https:\\\/\\\/www.fcbarcelonanoticias.com\\\/en\\\/#website\"},\"primaryImageOfPage\":{\"@id\":\"https:\\\/\\\/www.fcbarcelonanoticias.com\\\/en\\\/fc-barcelona\\\/first-assessment-of-the-injury-of-dembele-3-or-4-weeks_204451_102.html#primaryimage\"},\"image\":{\"@id\":\"https:\\\/\\\/www.fcbarcelonanoticias.com\\\/en\\\/fc-barcelona\\\/first-assessment-of-the-injury-of-dembele-3-or-4-weeks_204451_102.html#primaryimage\"},\"thumbnailUrl\":\"https:\\\/\\\/www.fcbarcelonanoticias.com\\\/en\\\/wp-content\\\/uploads\\\/sites\\\/2\\\/2017\\\/09\\\/dembele-228197-1.jpeg\",\"datePublished\":\"2017-09-16T15:11:00+00:00\",\"dateModified\":\"2026-04-16T07:30:57+00:00\",\"author\":{\"@id\":\"https:\\\/\\\/www.fcbarcelonanoticias.com\\\/en\\\/#\\\/schema\\\/person\\\/888e29b17b79c70d1c617d8a7bc9b8c6\"},\"description\":\"After Ousmane Demb\u00e9l\u00e9 lesionase in the Getafe-Bar\u00e7a, in 'BeIN Sports' Patrick Kluivert, commentator and ex player of the Bar\u00e7a go in...\",\"breadcrumb\":{\"@id\":\"https:\\\/\\\/www.fcbarcelonanoticias.com\\\/en\\\/fc-barcelona\\\/first-assessment-of-the-injury-of-dembele-3-or-4-weeks_204451_102.html#breadcrumb\"},\"inLanguage\":\"en-US\",\"potentialAction\":[{\"@type\":\"ReadAction\",\"target\":[\"https:\\\/\\\/www.fcbarcelonanoticias.com\\\/en\\\/fc-barcelona\\\/first-assessment-of-the-injury-of-dembele-3-or-4-weeks_204451_102.html\"]}]},{\"@type\":\"ImageObject\",\"inLanguage\":\"en-US\",\"@id\":\"https:\\\/\\\/www.fcbarcelonanoticias.com\\\/en\\\/fc-barcelona\\\/first-assessment-of-the-injury-of-dembele-3-or-4-weeks_204451_102.html#primaryimage\",\"url\":\"https:\\\/\\\/www.fcbarcelonanoticias.com\\\/en\\\/wp-content\\\/uploads\\\/sites\\\/2\\\/2017\\\/09\\\/dembele-228197-1.jpeg\",\"contentUrl\":\"https:\\\/\\\/www.fcbarcelonanoticias.com\\\/en\\\/wp-content\\\/uploads\\\/sites\\\/2\\\/2017\\\/09\\\/dembele-228197-1.jpeg\",\"width\":760,\"height\":428},{\"@type\":\"BreadcrumbList\",\"@id\":\"https:\\\/\\\/www.fcbarcelonanoticias.com\\\/en\\\/fc-barcelona\\\/first-assessment-of-the-injury-of-dembele-3-or-4-weeks_204451_102.html#breadcrumb\",\"itemListElement\":[{\"@type\":\"ListItem\",\"position\":1,\"name\":\"Portada\",\"item\":\"https:\\\/\\\/www.fcbarcelonanoticias.com\\\/en\\\/\"},{\"@type\":\"ListItem\",\"position\":2,\"name\":\"First assessment of the injury of Demb\u00e9l\u00e9: 3 or 4 weeks!\"}]},{\"@type\":\"WebSite\",\"@id\":\"https:\\\/\\\/www.fcbarcelonanoticias.com\\\/en\\\/#website\",\"url\":\"https:\\\/\\\/www.fcbarcelonanoticias.com\\\/en\\\/\",\"name\":\"EN - FC Barcelona Noticias\",\"description\":\"\",\"potentialAction\":[{\"@type\":\"SearchAction\",\"target\":{\"@type\":\"EntryPoint\",\"urlTemplate\":\"https:\\\/\\\/www.fcbarcelonanoticias.com\\\/en\\\/?s={search_term_string}\"},\"query-input\":{\"@type\":\"PropertyValueSpecification\",\"valueRequired\":true,\"valueName\":\"search_term_string\"}}],\"inLanguage\":\"en-US\"},{\"@type\":\"Person\",\"@id\":\"https:\\\/\\\/www.fcbarcelonanoticias.com\\\/en\\\/#\\\/schema\\\/person\\\/888e29b17b79c70d1c617d8a7bc9b8c6\",\"name\":\"Carlos Dom\u00ednguez\",\"image\":{\"@type\":\"ImageObject\",\"inLanguage\":\"en-US\",\"@id\":\"https:\\\/\\\/secure.gravatar.com\\\/avatar\\\/?s=96&d=mm&r=g\",\"url\":\"https:\\\/\\\/secure.gravatar.com\\\/avatar\\\/?s=96&d=mm&r=g\",\"contentUrl\":\"https:\\\/\\\/secure.gravatar.com\\\/avatar\\\/?s=96&d=mm&r=g\",\"caption\":\"Carlos Dom\u00ednguez\"},\"url\":\"https:\\\/\\\/www.fcbarcelonanoticias.com\\\/en\\\/carlos-dominguez_2_115.html\"}]}<\/script>\n<!-- \/ Yoast SEO plugin. -->","yoast_head_json":{"title":"First assessment of the injury of Demb\u00e9l\u00e9: 3 or 4 weeks!","description":"After Ousmane Demb\u00e9l\u00e9 lesionase in the Getafe-Bar\u00e7a, in 'BeIN Sports' Patrick Kluivert, commentator and ex player of the Bar\u00e7a go in...","robots":{"index":"index","follow":"follow","max-snippet":"max-snippet:-1","max-image-preview":"max-image-preview:large","max-video-preview":"max-video-preview:-1"},"canonical":"https:\/\/www.fcbarcelonanoticias.com\/en\/fc-barcelona\/first-assessment-of-the-injury-of-dembele-3-or-4-weeks_204451_102.html","og_locale":"en_US","og_type":"article","og_title":"First assessment of the injury of Demb\u00e9l\u00e9: 3 or 4 weeks!","og_description":"After Ousmane Demb\u00e9l\u00e9 lesionase in the Getafe-Bar\u00e7a, in 'BeIN Sports' Patrick Kluivert, commentator and ex player of the Bar\u00e7a go in...","og_url":"https:\/\/www.fcbarcelonanoticias.com\/en\/fc-barcelona\/first-assessment-of-the-injury-of-dembele-3-or-4-weeks_204451_102.html","og_site_name":"EN - FC Barcelona Noticias","article_published_time":"2017-09-16T15:11:00+00:00","article_modified_time":"2026-04-16T07:30:57+00:00","og_image":[{"width":760,"height":428,"url":"https:\/\/www.fcbarcelonanoticias.com\/en\/wp-content\/uploads\/sites\/2\/2017\/09\/dembele-228197-1.jpeg","type":"image\/jpeg"}],"author":"Carlos Dom\u00ednguez","twitter_card":"summary_large_image","twitter_misc":{"Written by":"Carlos Dom\u00ednguez","Est. reading time":"2 minutes"},"schema":{"@context":"https:\/\/schema.org","@graph":[{"@type":"Article","@id":"https:\/\/www.fcbarcelonanoticias.com\/en\/fc-barcelona\/first-assessment-of-the-injury-of-dembele-3-or-4-weeks_204451_102.html#article","isPartOf":{"@id":"https:\/\/www.fcbarcelonanoticias.com\/en\/fc-barcelona\/first-assessment-of-the-injury-of-dembele-3-or-4-weeks_204451_102.html"},"author":{"name":"Carlos Dom\u00ednguez","@id":"https:\/\/www.fcbarcelonanoticias.com\/en\/#\/schema\/person\/888e29b17b79c70d1c617d8a7bc9b8c6"},"headline":"First assessment of the injury of Demb\u00e9l\u00e9: 3 or 4 weeks!","datePublished":"2017-09-16T15:11:00+00:00","dateModified":"2026-04-16T07:30:57+00:00","mainEntityOfPage":{"@id":"https:\/\/www.fcbarcelonanoticias.com\/en\/fc-barcelona\/first-assessment-of-the-injury-of-dembele-3-or-4-weeks_204451_102.html"},"wordCount":339,"image":{"@id":"https:\/\/www.fcbarcelonanoticias.com\/en\/fc-barcelona\/first-assessment-of-the-injury-of-dembele-3-or-4-weeks_204451_102.html#primaryimage"},"thumbnailUrl":"https:\/\/www.fcbarcelonanoticias.com\/en\/wp-content\/uploads\/sites\/2\/2017\/09\/dembele-228197-1.jpeg","keywords":["Demb\u00e9l\u00e9","Getafe CF","injured"],"articleSection":["FC Barcelona"],"inLanguage":"en-US"},{"@type":"WebPage","@id":"https:\/\/www.fcbarcelonanoticias.com\/en\/fc-barcelona\/first-assessment-of-the-injury-of-dembele-3-or-4-weeks_204451_102.html","url":"https:\/\/www.fcbarcelonanoticias.com\/en\/fc-barcelona\/first-assessment-of-the-injury-of-dembele-3-or-4-weeks_204451_102.html","name":"First assessment of the injury of Demb\u00e9l\u00e9: 3 or 4 weeks!","isPartOf":{"@id":"https:\/\/www.fcbarcelonanoticias.com\/en\/#website"},"primaryImageOfPage":{"@id":"https:\/\/www.fcbarcelonanoticias.com\/en\/fc-barcelona\/first-assessment-of-the-injury-of-dembele-3-or-4-weeks_204451_102.html#primaryimage"},"image":{"@id":"https:\/\/www.fcbarcelonanoticias.com\/en\/fc-barcelona\/first-assessment-of-the-injury-of-dembele-3-or-4-weeks_204451_102.html#primaryimage"},"thumbnailUrl":"https:\/\/www.fcbarcelonanoticias.com\/en\/wp-content\/uploads\/sites\/2\/2017\/09\/dembele-228197-1.jpeg","datePublished":"2017-09-16T15:11:00+00:00","dateModified":"2026-04-16T07:30:57+00:00","author":{"@id":"https:\/\/www.fcbarcelonanoticias.com\/en\/#\/schema\/person\/888e29b17b79c70d1c617d8a7bc9b8c6"},"description":"After Ousmane Demb\u00e9l\u00e9 lesionase in the Getafe-Bar\u00e7a, in 'BeIN Sports' Patrick Kluivert, commentator and ex player of the Bar\u00e7a go in...","breadcrumb":{"@id":"https:\/\/www.fcbarcelonanoticias.com\/en\/fc-barcelona\/first-assessment-of-the-injury-of-dembele-3-or-4-weeks_204451_102.html#breadcrumb"},"inLanguage":"en-US","potentialAction":[{"@type":"ReadAction","target":["https:\/\/www.fcbarcelonanoticias.com\/en\/fc-barcelona\/first-assessment-of-the-injury-of-dembele-3-or-4-weeks_204451_102.html"]}]},{"@type":"ImageObject","inLanguage":"en-US","@id":"https:\/\/www.fcbarcelonanoticias.com\/en\/fc-barcelona\/first-assessment-of-the-injury-of-dembele-3-or-4-weeks_204451_102.html#primaryimage","url":"https:\/\/www.fcbarcelonanoticias.com\/en\/wp-content\/uploads\/sites\/2\/2017\/09\/dembele-228197-1.jpeg","contentUrl":"https:\/\/www.fcbarcelonanoticias.com\/en\/wp-content\/uploads\/sites\/2\/2017\/09\/dembele-228197-1.jpeg","width":760,"height":428},{"@type":"BreadcrumbList","@id":"https:\/\/www.fcbarcelonanoticias.com\/en\/fc-barcelona\/first-assessment-of-the-injury-of-dembele-3-or-4-weeks_204451_102.html#breadcrumb","itemListElement":[{"@type":"ListItem","position":1,"name":"Portada","item":"https:\/\/www.fcbarcelonanoticias.com\/en\/"},{"@type":"ListItem","position":2,"name":"First assessment of the injury of Demb\u00e9l\u00e9: 3 or 4 weeks!"}]},{"@type":"WebSite","@id":"https:\/\/www.fcbarcelonanoticias.com\/en\/#website","url":"https:\/\/www.fcbarcelonanoticias.com\/en\/","name":"EN - FC Barcelona Noticias","description":"","potentialAction":[{"@type":"SearchAction","target":{"@type":"EntryPoint","urlTemplate":"https:\/\/www.fcbarcelonanoticias.com\/en\/?s={search_term_string}"},"query-input":{"@type":"PropertyValueSpecification","valueRequired":true,"valueName":"search_term_string"}}],"inLanguage":"en-US"},{"@type":"Person","@id":"https:\/\/www.fcbarcelonanoticias.com\/en\/#\/schema\/person\/888e29b17b79c70d1c617d8a7bc9b8c6","name":"Carlos Dom\u00ednguez","image":{"@type":"ImageObject","inLanguage":"en-US","@id":"https:\/\/secure.gravatar.com\/avatar\/?s=96&d=mm&r=g","url":"https:\/\/secure.gravatar.com\/avatar\/?s=96&d=mm&r=g","contentUrl":"https:\/\/secure.gravatar.com\/avatar\/?s=96&d=mm&r=g","caption":"Carlos Dom\u00ednguez"},"url":"https:\/\/www.fcbarcelonanoticias.com\/en\/carlos-dominguez_2_115.html"}]}},"_links":{"self":[{"href":"https:\/\/www.fcbarcelonanoticias.com\/en\/wp-json\/wp\/v2\/posts\/19494","targetHints":{"allow":["GET"]}}],"collection":[{"href":"https:\/\/www.fcbarcelonanoticias.com\/en\/wp-json\/wp\/v2\/posts"}],"about":[{"href":"https:\/\/www.fcbarcelonanoticias.com\/en\/wp-json\/wp\/v2\/types\/post"}],"author":[{"embeddable":true,"href":"https:\/\/www.fcbarcelonanoticias.com\/en\/wp-json\/wp\/v2\/users\/366"}],"replies":[{"embeddable":true,"href":"https:\/\/www.fcbarcelonanoticias.com\/en\/wp-json\/wp\/v2\/comments?post=19494"}],"version-history":[{"count":3,"href":"https:\/\/www.fcbarcelonanoticias.com\/en\/wp-json\/wp\/v2\/posts\/19494\/revisions"}],"predecessor-version":[{"id":175728,"href":"https:\/\/www.fcbarcelonanoticias.com\/en\/wp-json\/wp\/v2\/posts\/19494\/revisions\/175728"}],"wp:featuredmedia":[{"embeddable":true,"href":"https:\/\/www.fcbarcelonanoticias.com\/en\/wp-json\/wp\/v2\/media\/19500"}],"wp:attachment":[{"href":"https:\/\/www.fcbarcelonanoticias.com\/en\/wp-json\/wp\/v2\/media?parent=19494"}],"wp:term":[{"taxonomy":"category","embeddable":true,"href":"https:\/\/www.fcbarcelonanoticias.com\/en\/wp-json\/wp\/v2\/categories?post=19494"},{"taxonomy":"post_tag","embeddable":true,"href":"https:\/\/www.fcbarcelonanoticias.com\/en\/wp-json\/wp\/v2\/tags?post=19494"}],"curies":[{"name":"wp","href":"https:\/\/api.w.org\/{rel}","templated":true}]}}