{"id":19614,"date":"2025-01-28T15:46:00","date_gmt":"2025-01-28T14:46:00","guid":{"rendered":"https:\/\/weisetech.dev\/fc-barcelona-noticias\/en\/hansi-flick-settles-the-debate-on-barca-goalkeeping-for-now-szczesny-will-play_310439_102\/"},"modified":"2025-01-28T15:46:00","modified_gmt":"2025-01-28T14:46:00","slug":"hansi-flick-settles-the-debate-on-barca-goalkeeping-for-now-szczesny-will-play_310439_102","status":"publish","type":"post","link":"https:\/\/www.fcbarcelonanoticias.com\/en\/fc-barcelona\/hansi-flick-settles-the-debate-on-barca-goalkeeping-for-now-szczesny-will-play_310439_102.html","title":{"rendered":"Hansi Flick settles the debate on Bar\u00e7a&#8217;s goalkeeping: &#8220;For now, Szczesny will play&#8221;"},"content":{"rendered":"<h2 class=\"wp-block-heading\">Hansi Flick appeared before the press ahead of the Bar\u00e7a-Atalanta match. The German confirmed Szczesny as the starter and played coy about the arrival of possible reinforcements<\/h2>  \r\n<div class=\"article-addons\">\r\n    <a href=\"https:\/\/www.fcbarcelonanoticias.com\/en\/calendar-fc-barcelona.html\"\r\n       target=\"_self\"\r\n       title=\"Calendar of FC Barcelona\"\r\n       class=\"blue-gredient-btn\">\r\n       \r\n        Calendar of FC Barcelona    <\/a>\r\n<\/div>   <p>The <strong>FC Barcelona<\/strong> will conclude its participation in the group stage of the <strong>Champions League<\/strong> this coming Wednesday against <strong>Atalanta<\/strong> at the Estadi Ol\u00edmpic Llu\u00eds Companys. In the lead-up to a match that could be decisive for the aspirations of the cul\u00e9s to finish as leaders of the standings, <strong>Hansi Flick<\/strong> addressed the media in a press conference.<\/p>  <p>Regarding the duel with &#8216;La Dea&#8217;, the German stated that &#8220;<strong>I have great respect for Gasperini and his work at Atalanta<\/strong>. He has been there for many years and what he has done is incredible. I admire his way of playing because it is unique in Europe. They play very well, score a lot&#8230; they have courage. We will have to play with tension&#8221;.<\/p>  <p>&#8220;They play one-on-one all over the field. It is not easy to play that way; you are under pressure. And then they run quickly in transitions. We have to be prepared for that. I have been talking to the players about it <strong>and I hope they are able to make good decisions<\/strong>&#8220;, added the coach about what awaits his Bar\u00e7a against the Italians.<\/p>  <p>Furthermore, he maintained that the absence of <strong>Ademola Lookman<\/strong> could be felt by the &#8216;nerazzurri&#8217;. &#8220;When you miss such an important player, it affects. But Gasperini knows his team very well and I don&#8217;t think he will change his style much. He has very well-trained automatons <strong>and I don&#8217;t think he will change his plan much<\/strong>&#8220;, he stated.<\/p>  <h3>Szczesny is the starter for Bar\u00e7a<\/h3>  <p>However, the most significant moment of <strong>Flick&#8217;s<\/strong> appearance came when he finally &#8216;settled&#8217; the debate on the blue-and-claret goalkeeping position. &#8220;<strong>We have decided on Tek for the match against Atalanta.<\/strong> I always try to look for the best for the team and I think this is it for now, despite I\u00f1aki Pe\u00f1a having done very well&#8221;, the cul\u00e9 coach began.<\/p>  <blockquote> <p><strong>&#8220;It&#8217;s football and for now, Tek will play&#8221;<\/strong><\/p> <\/blockquote>  <p>&#8220;The goalkeeper is a special position in all teams and it has been a very difficult decision, but I am here to make decisions and I have done so. <strong>It&#8217;s football and for now, Tek will play<\/strong>&#8220;, continued the German, who also wanted to highlight the good performance shown by I\u00f1aki Pe\u00f1a during the time he has played.<\/p>  <p>&#8220;<strong>I know that when I say something good about Tek, it seems like I undermine I\u00f1aki Pe\u00f1a, and that is not the case<\/strong>. I don&#8217;t like that. Both are very good goalkeepers. We are lucky to have two great goalkeepers and I have to decide because it is my job and that is what I have done&#8221;, he expressed.<\/p>  <h3>The renewal of Frenkie de Jong and possible signings<\/h3>  <p>When asked about <a data-external=\"0\" data-intl-links-en=\"https:\/\/www.fcbarcelonanoticias.com\/en\/transfers\/frenkie-jong-defines-his-future-at-barca-the-decision-that-changes-everything_310418_102.html\" data-intl-links-es=\"https:\/\/www.fcbarcelonanoticias.com\/fichajes\/frenkie-jong-define-su-futuro-en-barca-decision-cambia-todo_310418_102.html\" href=\"https:\/\/www.fcbarcelonanoticias.com\/en\/transfers\/frenkie-jong-defines-his-future-at-barca-the-decision-that-changes-everything_310418_102.html\" rel=\"follow\" target=\"_self\" title=\"Frenkie de Jong defines his future at Bar\u00e7a: the decision that changes everything\">the situation of Frenkie de Jong and his possible renewal with Bar\u00e7a<\/a>, Flick commented that &#8220;we are working on what is happening now. The other is Deco&#8217;s job. I am happy with him, <strong>what I want from him is for his performance to be good and I think he is doing well now<\/strong>&#8220;.<\/p>  <p>Additionally, he deflected questions after being asked about the possible arrival of reinforcements before the closing of the winter transfer window on February 3. &#8220;<strong>I think you know better than I do how the market is<\/strong>. I am happy with the team, the atmosphere, the quality of the players&#8230; I believe that with this squad we can achieve many successes&#8221;, he commented.<\/p>  <h3>The return to Camp Nou and Bar\u00e7a&#8217;s main objective this season<\/h3>  <p><a data-external=\"0\" data-intl-links-en=\"https:\/\/www.fcbarcelonanoticias.com\/en\/fc-barcelona\/camp-nou-barca-directive-begins-to-see-how-certainty-the-return-to-the-stadium-cule-in-may_310437_102.html\" data-intl-links-es=\"https:\/\/www.fcbarcelonanoticias.com\/fc-barcelona\/camp-nou-directiva-barca-empieza-ver-como-certeza-regreso-estadio-cule-en-mayo_310437_102.html\" href=\"https:\/\/www.fcbarcelonanoticias.com\/en\/fc-barcelona\/camp-nou-barca-directive-begins-to-see-how-certainty-the-return-to-the-stadium-cule-in-may_310437_102.html\" rel=\"follow\" target=\"_self\" title=\"CAMP NOU: Bar\u00e7a's board begins to see the return to the cul\u00e9 stadium in May as a certainty\">Flick also spoke about the possible return to Spotify Camp Nou this season<\/a>, as in recent hours information has emerged that the blaugrana board is confident of returning next month of May. &#8220;I haven&#8217;t paid attention, to be honest. <strong>They will tell me when we move<\/strong>. For now, we are in Montju\u00efc. This is our situation&#8221;, the coach limited himself to saying.<\/p>  <blockquote> <p><strong>&#8220;We want to win this Wednesday to finish second&#8221;<\/strong><\/p> <\/blockquote>  <p>Finally, the German made it clear what the main objective of <strong>Bar\u00e7a<\/strong> this season is, surprising by stating that he hopes to finish the group stage of the <strong>Champions<\/strong> in second place. &#8220;<strong>For me, the league is the most important to win in a complete season<\/strong>. The Champions is the toughest competition to win. We want to win this Wednesday to finish second, which would leave us in a good position for the next phase&#8221;, he concluded.<\/p> ","protected":false},"excerpt":{"rendered":"<p>Hansi Flick appeared before the press ahead of the Bar\u00e7a-Atalanta match. The German confirmed Szczesny as the starter and played coy about the arrival of possible reinforcements The FC Barcelona will conclude its participation in the group stage of the Champions League this coming Wednesday against Atalanta at the Estadi Ol\u00edmpic Llu\u00eds Companys. In the [&hellip;]<\/p>\n","protected":false},"author":358,"featured_media":19623,"comment_status":"closed","ping_status":"open","sticky":false,"template":"","format":"standard","meta":{"_acf_changed":false,"inline_featured_image":false,"_nextfly_llmd_date_locked":false,"footnotes":""},"categories":[111],"tags":[],"class_list":["post-19614","post","type-post","status-publish","format-standard","has-post-thumbnail","hentry","category-fc-barcelona"],"acf":[],"yoast_head":"<!-- This site is optimized with the Yoast SEO plugin v27.3 - https:\/\/yoast.com\/product\/yoast-seo-wordpress\/ -->\n<title>Hansi Flick settles the debate on Bar\u00e7a&#039;s goalkeeping: &quot;For now, Szczesny will play&quot;<\/title>\n<meta name=\"description\" content=\"Hansi Flick appeared before the press ahead of the Bar\u00e7a-Atalanta match. The German confirmed Szczesny as the starter and played coy about the arrival of possible reinforcements\" \/>\n<meta name=\"robots\" content=\"index, follow, max-snippet:-1, max-image-preview:large, max-video-preview:-1\" \/>\n<link rel=\"canonical\" href=\"https:\/\/www.fcbarcelonanoticias.com\/en\/fc-barcelona\/hansi-flick-settles-the-debate-on-barca-goalkeeping-for-now-szczesny-will-play_310439_102.html\" \/>\n<meta property=\"og:locale\" content=\"en_US\" \/>\n<meta property=\"og:type\" content=\"article\" \/>\n<meta property=\"og:title\" content=\"Hansi Flick settles the debate on Bar\u00e7a&#039;s goalkeeping: &quot;For now, Szczesny will play&quot;\" \/>\n<meta property=\"og:description\" content=\"Hansi Flick appeared before the press ahead of the Bar\u00e7a-Atalanta match. The German confirmed Szczesny as the starter and played coy about the arrival of possible reinforcements\" \/>\n<meta property=\"og:url\" content=\"https:\/\/www.fcbarcelonanoticias.com\/en\/fc-barcelona\/hansi-flick-settles-the-debate-on-barca-goalkeeping-for-now-szczesny-will-play_310439_102.html\" \/>\n<meta property=\"og:site_name\" content=\"EN - FC Barcelona Noticias\" \/>\n<meta property=\"article:published_time\" content=\"2025-01-28T14:46:00+00:00\" \/>\n<meta property=\"og:image\" content=\"https:\/\/www.fcbarcelonanoticias.com\/en\/wp-content\/uploads\/sites\/2\/2025\/01\/whatsapp-image-2025-01-28-at-8-23-58-am.jpeg\" \/>\n\t<meta property=\"og:image:width\" content=\"1200\" \/>\n\t<meta property=\"og:image:height\" content=\"675\" \/>\n\t<meta property=\"og:image:type\" content=\"image\/jpeg\" \/>\n<meta name=\"author\" content=\"Juan Pablo Berdugo\" \/>\n<meta name=\"twitter:card\" content=\"summary_large_image\" \/>\n<meta name=\"twitter:label1\" content=\"Written by\" \/>\n\t<meta name=\"twitter:data1\" content=\"Juan Pablo Berdugo\" \/>\n\t<meta name=\"twitter:label2\" content=\"Est. reading time\" \/>\n\t<meta name=\"twitter:data2\" content=\"4 minutes\" \/>\n<script type=\"application\/ld+json\" class=\"yoast-schema-graph\">{\"@context\":\"https:\\\/\\\/schema.org\",\"@graph\":[{\"@type\":\"Article\",\"@id\":\"https:\\\/\\\/www.fcbarcelonanoticias.com\\\/en\\\/fc-barcelona\\\/hansi-flick-settles-the-debate-on-barca-goalkeeping-for-now-szczesny-will-play_310439_102.html#article\",\"isPartOf\":{\"@id\":\"https:\\\/\\\/www.fcbarcelonanoticias.com\\\/en\\\/fc-barcelona\\\/hansi-flick-settles-the-debate-on-barca-goalkeeping-for-now-szczesny-will-play_310439_102.html\"},\"author\":{\"name\":\"Juan Pablo Berdugo\",\"@id\":\"https:\\\/\\\/www.fcbarcelonanoticias.com\\\/en\\\/#\\\/schema\\\/person\\\/88d756918a0a1ae9fa593b5edddd1815\"},\"headline\":\"Hansi Flick settles the debate on Bar\u00e7a&#8217;s goalkeeping: &#8220;For now, Szczesny will play&#8221;\",\"datePublished\":\"2025-01-28T14:46:00+00:00\",\"mainEntityOfPage\":{\"@id\":\"https:\\\/\\\/www.fcbarcelonanoticias.com\\\/en\\\/fc-barcelona\\\/hansi-flick-settles-the-debate-on-barca-goalkeeping-for-now-szczesny-will-play_310439_102.html\"},\"wordCount\":786,\"image\":{\"@id\":\"https:\\\/\\\/www.fcbarcelonanoticias.com\\\/en\\\/fc-barcelona\\\/hansi-flick-settles-the-debate-on-barca-goalkeeping-for-now-szczesny-will-play_310439_102.html#primaryimage\"},\"thumbnailUrl\":\"https:\\\/\\\/www.fcbarcelonanoticias.com\\\/en\\\/wp-content\\\/uploads\\\/sites\\\/2\\\/2025\\\/01\\\/whatsapp-image-2025-01-28-at-8-23-58-am.jpeg\",\"articleSection\":[\"FC Barcelona\"],\"inLanguage\":\"en-US\"},{\"@type\":\"WebPage\",\"@id\":\"https:\\\/\\\/www.fcbarcelonanoticias.com\\\/en\\\/fc-barcelona\\\/hansi-flick-settles-the-debate-on-barca-goalkeeping-for-now-szczesny-will-play_310439_102.html\",\"url\":\"https:\\\/\\\/www.fcbarcelonanoticias.com\\\/en\\\/fc-barcelona\\\/hansi-flick-settles-the-debate-on-barca-goalkeeping-for-now-szczesny-will-play_310439_102.html\",\"name\":\"Hansi Flick settles the debate on Bar\u00e7a's goalkeeping: \\\"For now, Szczesny will play\\\"\",\"isPartOf\":{\"@id\":\"https:\\\/\\\/www.fcbarcelonanoticias.com\\\/en\\\/#website\"},\"primaryImageOfPage\":{\"@id\":\"https:\\\/\\\/www.fcbarcelonanoticias.com\\\/en\\\/fc-barcelona\\\/hansi-flick-settles-the-debate-on-barca-goalkeeping-for-now-szczesny-will-play_310439_102.html#primaryimage\"},\"image\":{\"@id\":\"https:\\\/\\\/www.fcbarcelonanoticias.com\\\/en\\\/fc-barcelona\\\/hansi-flick-settles-the-debate-on-barca-goalkeeping-for-now-szczesny-will-play_310439_102.html#primaryimage\"},\"thumbnailUrl\":\"https:\\\/\\\/www.fcbarcelonanoticias.com\\\/en\\\/wp-content\\\/uploads\\\/sites\\\/2\\\/2025\\\/01\\\/whatsapp-image-2025-01-28-at-8-23-58-am.jpeg\",\"datePublished\":\"2025-01-28T14:46:00+00:00\",\"author\":{\"@id\":\"https:\\\/\\\/www.fcbarcelonanoticias.com\\\/en\\\/#\\\/schema\\\/person\\\/88d756918a0a1ae9fa593b5edddd1815\"},\"description\":\"Hansi Flick appeared before the press ahead of the Bar\u00e7a-Atalanta match. The German confirmed Szczesny as the starter and played coy about the arrival of possible reinforcements\",\"breadcrumb\":{\"@id\":\"https:\\\/\\\/www.fcbarcelonanoticias.com\\\/en\\\/fc-barcelona\\\/hansi-flick-settles-the-debate-on-barca-goalkeeping-for-now-szczesny-will-play_310439_102.html#breadcrumb\"},\"inLanguage\":\"en-US\",\"potentialAction\":[{\"@type\":\"ReadAction\",\"target\":[\"https:\\\/\\\/www.fcbarcelonanoticias.com\\\/en\\\/fc-barcelona\\\/hansi-flick-settles-the-debate-on-barca-goalkeeping-for-now-szczesny-will-play_310439_102.html\"]}]},{\"@type\":\"ImageObject\",\"inLanguage\":\"en-US\",\"@id\":\"https:\\\/\\\/www.fcbarcelonanoticias.com\\\/en\\\/fc-barcelona\\\/hansi-flick-settles-the-debate-on-barca-goalkeeping-for-now-szczesny-will-play_310439_102.html#primaryimage\",\"url\":\"https:\\\/\\\/www.fcbarcelonanoticias.com\\\/en\\\/wp-content\\\/uploads\\\/sites\\\/2\\\/2025\\\/01\\\/whatsapp-image-2025-01-28-at-8-23-58-am.jpeg\",\"contentUrl\":\"https:\\\/\\\/www.fcbarcelonanoticias.com\\\/en\\\/wp-content\\\/uploads\\\/sites\\\/2\\\/2025\\\/01\\\/whatsapp-image-2025-01-28-at-8-23-58-am.jpeg\",\"width\":1200,\"height\":675},{\"@type\":\"BreadcrumbList\",\"@id\":\"https:\\\/\\\/www.fcbarcelonanoticias.com\\\/en\\\/fc-barcelona\\\/hansi-flick-settles-the-debate-on-barca-goalkeeping-for-now-szczesny-will-play_310439_102.html#breadcrumb\",\"itemListElement\":[{\"@type\":\"ListItem\",\"position\":1,\"name\":\"Portada\",\"item\":\"https:\\\/\\\/www.fcbarcelonanoticias.com\\\/en\\\/\"},{\"@type\":\"ListItem\",\"position\":2,\"name\":\"Hansi Flick settles the debate on Bar\u00e7a&#8217;s goalkeeping: &#8220;For now, Szczesny will play&#8221;\"}]},{\"@type\":\"WebSite\",\"@id\":\"https:\\\/\\\/www.fcbarcelonanoticias.com\\\/en\\\/#website\",\"url\":\"https:\\\/\\\/www.fcbarcelonanoticias.com\\\/en\\\/\",\"name\":\"EN - FC Barcelona Noticias\",\"description\":\"\",\"potentialAction\":[{\"@type\":\"SearchAction\",\"target\":{\"@type\":\"EntryPoint\",\"urlTemplate\":\"https:\\\/\\\/www.fcbarcelonanoticias.com\\\/en\\\/?s={search_term_string}\"},\"query-input\":{\"@type\":\"PropertyValueSpecification\",\"valueRequired\":true,\"valueName\":\"search_term_string\"}}],\"inLanguage\":\"en-US\"},{\"@type\":\"Person\",\"@id\":\"https:\\\/\\\/www.fcbarcelonanoticias.com\\\/en\\\/#\\\/schema\\\/person\\\/88d756918a0a1ae9fa593b5edddd1815\",\"name\":\"Juan Pablo Berdugo\",\"image\":{\"@type\":\"ImageObject\",\"inLanguage\":\"en-US\",\"@id\":\"https:\\\/\\\/secure.gravatar.com\\\/avatar\\\/?s=96&d=mm&r=g\",\"url\":\"https:\\\/\\\/secure.gravatar.com\\\/avatar\\\/?s=96&d=mm&r=g\",\"contentUrl\":\"https:\\\/\\\/secure.gravatar.com\\\/avatar\\\/?s=96&d=mm&r=g\",\"caption\":\"Juan Pablo Berdugo\"},\"description\":\"Juan Pablo Berdugo es graduado en Periodismo. Colabora con FCBN como especialista en informaci\u00f3n del primer equipo del FC Barcelona, f\u00fatbol internacional y mercado de fichajes. Destaca por su enfoque anal\u00edtico, su rigor informativo y su capacidad para detectar tendencias emergentes en el f\u00fatbol global.\",\"url\":\"https:\\\/\\\/www.fcbarcelonanoticias.com\\\/en\\\/fc-barcelona\\\/juan-pablo-berdugo_18_115.html\"}]}<\/script>\n<!-- \/ Yoast SEO plugin. -->","yoast_head_json":{"title":"Hansi Flick settles the debate on Bar\u00e7a's goalkeeping: \"For now, Szczesny will play\"","description":"Hansi Flick appeared before the press ahead of the Bar\u00e7a-Atalanta match. The German confirmed Szczesny as the starter and played coy about the arrival of possible reinforcements","robots":{"index":"index","follow":"follow","max-snippet":"max-snippet:-1","max-image-preview":"max-image-preview:large","max-video-preview":"max-video-preview:-1"},"canonical":"https:\/\/www.fcbarcelonanoticias.com\/en\/fc-barcelona\/hansi-flick-settles-the-debate-on-barca-goalkeeping-for-now-szczesny-will-play_310439_102.html","og_locale":"en_US","og_type":"article","og_title":"Hansi Flick settles the debate on Bar\u00e7a's goalkeeping: \"For now, Szczesny will play\"","og_description":"Hansi Flick appeared before the press ahead of the Bar\u00e7a-Atalanta match. The German confirmed Szczesny as the starter and played coy about the arrival of possible reinforcements","og_url":"https:\/\/www.fcbarcelonanoticias.com\/en\/fc-barcelona\/hansi-flick-settles-the-debate-on-barca-goalkeeping-for-now-szczesny-will-play_310439_102.html","og_site_name":"EN - FC Barcelona Noticias","article_published_time":"2025-01-28T14:46:00+00:00","og_image":[{"width":1200,"height":675,"url":"https:\/\/www.fcbarcelonanoticias.com\/en\/wp-content\/uploads\/sites\/2\/2025\/01\/whatsapp-image-2025-01-28-at-8-23-58-am.jpeg","type":"image\/jpeg"}],"author":"Juan Pablo Berdugo","twitter_card":"summary_large_image","twitter_misc":{"Written by":"Juan Pablo Berdugo","Est. reading time":"4 minutes"},"schema":{"@context":"https:\/\/schema.org","@graph":[{"@type":"Article","@id":"https:\/\/www.fcbarcelonanoticias.com\/en\/fc-barcelona\/hansi-flick-settles-the-debate-on-barca-goalkeeping-for-now-szczesny-will-play_310439_102.html#article","isPartOf":{"@id":"https:\/\/www.fcbarcelonanoticias.com\/en\/fc-barcelona\/hansi-flick-settles-the-debate-on-barca-goalkeeping-for-now-szczesny-will-play_310439_102.html"},"author":{"name":"Juan Pablo Berdugo","@id":"https:\/\/www.fcbarcelonanoticias.com\/en\/#\/schema\/person\/88d756918a0a1ae9fa593b5edddd1815"},"headline":"Hansi Flick settles the debate on Bar\u00e7a&#8217;s goalkeeping: &#8220;For now, Szczesny will play&#8221;","datePublished":"2025-01-28T14:46:00+00:00","mainEntityOfPage":{"@id":"https:\/\/www.fcbarcelonanoticias.com\/en\/fc-barcelona\/hansi-flick-settles-the-debate-on-barca-goalkeeping-for-now-szczesny-will-play_310439_102.html"},"wordCount":786,"image":{"@id":"https:\/\/www.fcbarcelonanoticias.com\/en\/fc-barcelona\/hansi-flick-settles-the-debate-on-barca-goalkeeping-for-now-szczesny-will-play_310439_102.html#primaryimage"},"thumbnailUrl":"https:\/\/www.fcbarcelonanoticias.com\/en\/wp-content\/uploads\/sites\/2\/2025\/01\/whatsapp-image-2025-01-28-at-8-23-58-am.jpeg","articleSection":["FC Barcelona"],"inLanguage":"en-US"},{"@type":"WebPage","@id":"https:\/\/www.fcbarcelonanoticias.com\/en\/fc-barcelona\/hansi-flick-settles-the-debate-on-barca-goalkeeping-for-now-szczesny-will-play_310439_102.html","url":"https:\/\/www.fcbarcelonanoticias.com\/en\/fc-barcelona\/hansi-flick-settles-the-debate-on-barca-goalkeeping-for-now-szczesny-will-play_310439_102.html","name":"Hansi Flick settles the debate on Bar\u00e7a's goalkeeping: \"For now, Szczesny will play\"","isPartOf":{"@id":"https:\/\/www.fcbarcelonanoticias.com\/en\/#website"},"primaryImageOfPage":{"@id":"https:\/\/www.fcbarcelonanoticias.com\/en\/fc-barcelona\/hansi-flick-settles-the-debate-on-barca-goalkeeping-for-now-szczesny-will-play_310439_102.html#primaryimage"},"image":{"@id":"https:\/\/www.fcbarcelonanoticias.com\/en\/fc-barcelona\/hansi-flick-settles-the-debate-on-barca-goalkeeping-for-now-szczesny-will-play_310439_102.html#primaryimage"},"thumbnailUrl":"https:\/\/www.fcbarcelonanoticias.com\/en\/wp-content\/uploads\/sites\/2\/2025\/01\/whatsapp-image-2025-01-28-at-8-23-58-am.jpeg","datePublished":"2025-01-28T14:46:00+00:00","author":{"@id":"https:\/\/www.fcbarcelonanoticias.com\/en\/#\/schema\/person\/88d756918a0a1ae9fa593b5edddd1815"},"description":"Hansi Flick appeared before the press ahead of the Bar\u00e7a-Atalanta match. The German confirmed Szczesny as the starter and played coy about the arrival of possible reinforcements","breadcrumb":{"@id":"https:\/\/www.fcbarcelonanoticias.com\/en\/fc-barcelona\/hansi-flick-settles-the-debate-on-barca-goalkeeping-for-now-szczesny-will-play_310439_102.html#breadcrumb"},"inLanguage":"en-US","potentialAction":[{"@type":"ReadAction","target":["https:\/\/www.fcbarcelonanoticias.com\/en\/fc-barcelona\/hansi-flick-settles-the-debate-on-barca-goalkeeping-for-now-szczesny-will-play_310439_102.html"]}]},{"@type":"ImageObject","inLanguage":"en-US","@id":"https:\/\/www.fcbarcelonanoticias.com\/en\/fc-barcelona\/hansi-flick-settles-the-debate-on-barca-goalkeeping-for-now-szczesny-will-play_310439_102.html#primaryimage","url":"https:\/\/www.fcbarcelonanoticias.com\/en\/wp-content\/uploads\/sites\/2\/2025\/01\/whatsapp-image-2025-01-28-at-8-23-58-am.jpeg","contentUrl":"https:\/\/www.fcbarcelonanoticias.com\/en\/wp-content\/uploads\/sites\/2\/2025\/01\/whatsapp-image-2025-01-28-at-8-23-58-am.jpeg","width":1200,"height":675},{"@type":"BreadcrumbList","@id":"https:\/\/www.fcbarcelonanoticias.com\/en\/fc-barcelona\/hansi-flick-settles-the-debate-on-barca-goalkeeping-for-now-szczesny-will-play_310439_102.html#breadcrumb","itemListElement":[{"@type":"ListItem","position":1,"name":"Portada","item":"https:\/\/www.fcbarcelonanoticias.com\/en\/"},{"@type":"ListItem","position":2,"name":"Hansi Flick settles the debate on Bar\u00e7a&#8217;s goalkeeping: &#8220;For now, Szczesny will play&#8221;"}]},{"@type":"WebSite","@id":"https:\/\/www.fcbarcelonanoticias.com\/en\/#website","url":"https:\/\/www.fcbarcelonanoticias.com\/en\/","name":"EN - FC Barcelona Noticias","description":"","potentialAction":[{"@type":"SearchAction","target":{"@type":"EntryPoint","urlTemplate":"https:\/\/www.fcbarcelonanoticias.com\/en\/?s={search_term_string}"},"query-input":{"@type":"PropertyValueSpecification","valueRequired":true,"valueName":"search_term_string"}}],"inLanguage":"en-US"},{"@type":"Person","@id":"https:\/\/www.fcbarcelonanoticias.com\/en\/#\/schema\/person\/88d756918a0a1ae9fa593b5edddd1815","name":"Juan Pablo Berdugo","image":{"@type":"ImageObject","inLanguage":"en-US","@id":"https:\/\/secure.gravatar.com\/avatar\/?s=96&d=mm&r=g","url":"https:\/\/secure.gravatar.com\/avatar\/?s=96&d=mm&r=g","contentUrl":"https:\/\/secure.gravatar.com\/avatar\/?s=96&d=mm&r=g","caption":"Juan Pablo Berdugo"},"description":"Juan Pablo Berdugo es graduado en Periodismo. Colabora con FCBN como especialista en informaci\u00f3n del primer equipo del FC Barcelona, f\u00fatbol internacional y mercado de fichajes. Destaca por su enfoque anal\u00edtico, su rigor informativo y su capacidad para detectar tendencias emergentes en el f\u00fatbol global.","url":"https:\/\/www.fcbarcelonanoticias.com\/en\/fc-barcelona\/juan-pablo-berdugo_18_115.html"}]}},"_links":{"self":[{"href":"https:\/\/www.fcbarcelonanoticias.com\/en\/wp-json\/wp\/v2\/posts\/19614","targetHints":{"allow":["GET"]}}],"collection":[{"href":"https:\/\/www.fcbarcelonanoticias.com\/en\/wp-json\/wp\/v2\/posts"}],"about":[{"href":"https:\/\/www.fcbarcelonanoticias.com\/en\/wp-json\/wp\/v2\/types\/post"}],"author":[{"embeddable":true,"href":"https:\/\/www.fcbarcelonanoticias.com\/en\/wp-json\/wp\/v2\/users\/358"}],"replies":[{"embeddable":true,"href":"https:\/\/www.fcbarcelonanoticias.com\/en\/wp-json\/wp\/v2\/comments?post=19614"}],"version-history":[{"count":1,"href":"https:\/\/www.fcbarcelonanoticias.com\/en\/wp-json\/wp\/v2\/posts\/19614\/revisions"}],"predecessor-version":[{"id":104031,"href":"https:\/\/www.fcbarcelonanoticias.com\/en\/wp-json\/wp\/v2\/posts\/19614\/revisions\/104031"}],"wp:featuredmedia":[{"embeddable":true,"href":"https:\/\/www.fcbarcelonanoticias.com\/en\/wp-json\/wp\/v2\/media\/19623"}],"wp:attachment":[{"href":"https:\/\/www.fcbarcelonanoticias.com\/en\/wp-json\/wp\/v2\/media?parent=19614"}],"wp:term":[{"taxonomy":"category","embeddable":true,"href":"https:\/\/www.fcbarcelonanoticias.com\/en\/wp-json\/wp\/v2\/categories?post=19614"},{"taxonomy":"post_tag","embeddable":true,"href":"https:\/\/www.fcbarcelonanoticias.com\/en\/wp-json\/wp\/v2\/tags?post=19614"}],"curies":[{"name":"wp","href":"https:\/\/api.w.org\/{rel}","templated":true}]}}