{"id":19618,"date":"2020-12-21T16:28:00","date_gmt":"2020-12-21T15:28:00","guid":{"rendered":"https:\/\/weisetech.dev\/fc-barcelona-noticias\/en\/koeman-sergio-ramos-9-each-10-people-had-signalled-penalty_263415_102\/"},"modified":"2020-12-21T17:10:00","modified_gmt":"2020-12-21T16:10:00","slug":"koeman-sergio-ramos-9-each-10-people-had-signalled-penalty_263415_102","status":"publish","type":"post","link":"https:\/\/www.fcbarcelonanoticias.com\/en\/fc-barcelona\/koeman-sergio-ramos-9-each-10-people-had-signalled-penalty_263415_102.html","title":{"rendered":"Koeman: &#8220;Sergio Ramos? 9 of each 10 people would have signalled penalty&#8221;"},"content":{"rendered":"<h2 class=\"wp-block-heading\">Ronald Koeman didn&#8217;t hide and, when being asked after the controversial hands of Sergio Ramos against the Eibar, that weren&#8217;t signalled as a penalty, expressed his opinion<\/h2>  \r\n<div class=\"article-addons\">\r\n    <a href=\"https:\/\/www.fcbarcelonanoticias.com\/en\/calendar-fc-barcelona.html\"\r\n       target=\"_self\"\r\n       title=\"Calendar of FC Barcelona\"\r\n       class=\"blue-gredient-btn\">\r\n       \r\n        Calendar of FC Barcelona    <\/a>\r\n<\/div>   <p>If something have learnt of <strong><a data-external=\"0\" data-intl-links-en=\"https:\/\/www.fcbarcelonanoticias.com\/en\/tags\/ronald-koeman\" data-intl-links-es=\"https:\/\/www.fcbarcelonanoticias.com\/tags\/ronald-koeman\" href=\"https:\/\/www.fcbarcelonanoticias.com\/en\/tags\/ronald-koeman.html\" rel=\"follow\" target=\"_self\" title=\"Ronald Koeman\">Ronald Koeman<\/a><\/strong> along these last months, is that never it hides . The Dutch technician appeared this Monday in front of the media of face to the previous of the Valladolid-Bar\u00e7a of LaLiga Santander 2020-21, and was asked as it was to expect by <strong>the controversy played that it gave this Sunday in Ipur\u00faa<\/strong>, with <strong><a data-external=\"0\" data-intl-links-en=\"https:\/\/www.fcbarcelonanoticias.com\/en\/real-madrid\/until-sergio-bouquets-thought-that-his-hand-inside-the-area-was-penal_263404_102.html\" data-intl-links-es=\"https:\/\/www.fcbarcelonanoticias.com\/real-madrid\/hasta-sergio-ramos-penso-su-mano-dentro-area-fue-penal_263404_102.html\" href=\"https:\/\/www.fcbarcelonanoticias.com\/en\/real-madrid\/until-sergio-bouquets-thought-that-his-hand-inside-the-area-was-penal_263404_102.html\" rel=\"follow\" target=\"_self\" title=\"\u00a1Hasta Sergio Ramos pens\u00f3 que su mano dentro del \u00e1rea fue penal!\">a clear penalti by hands of Sergio Bouquets<\/a><\/strong> that the referee <strong>Munuera Montero neither the VAR signalled<\/strong>.<\/p>  <p><strong>&#8220;I do not understand it<\/strong>. As I already said that day against the Madrid, do not want to repeat it. <strong>9 of each 10 people had pitado penalti, but no the referee. Already we know&#8221;<\/strong>, it left in the air the Dutch trainer, without biting the tongue and speaking in no uncertain terms. They asked him if the referees are favouring to the <strong><a data-external=\"0\" data-intl-links-en=\"https:\/\/www.fcbarcelonanoticias.com\/en\/real-madrid\" data-intl-links-es=\"https:\/\/www.fcbarcelonanoticias.com\/real-madrid\" href=\"https:\/\/www.fcbarcelonanoticias.com\/en\/football-soccer\/real-madrid.html\" rel=\"follow\" target=\"_self\" title=\"Real Madrid\">Real Madrid<\/a><\/strong> this season 2020-21, and limited to remember the played of this Sunday during the Eibar-Madrid.<\/p>  <blockquote> <p>&#8220;We are a team that has changed things, with people younger, and this causes a bit of irregularity&#8221;<\/p> <\/blockquote>  <p><strong>&#8220;On my part I think that it is penalti, but do not want to say more<\/strong>. The referee and his team of the VAR decided the contrary and respect it. If to me they ask me, it is penalti&#8221;, remarked Koeman, that thinks that would have to unify the referee&#8217;s criterion so that they did not give constantly this type of controversies in LaLiga Santander, that the only that achieve is to boost the crispaci\u00f3n between the teams with the estamento referee&#8217;s.<\/p>  <p><strong>&#8220;It is an appearance complicated for all in the football. Many do not understand when is or no penalti<\/strong>, is a situation complicated for the referee. It is difficult to understand&#8221;, thought Koeman, doing upsetting later in the importance to win to the Valladolid this Tuesday in Pucela, as long as the Bar\u00e7a want to follow aspiring to do with the title suspender belt.<\/p>  <h3>The Bar\u00e7a does not want to descolgarse even more<\/h3>  <p>&#8220;Each party that do not win is a step backwards. <strong>Still I think that there are a lot of parties by in front, in which they can happen a lot of things<\/strong>. We have lost quite a lot of parties out of house and can not fail. It is a pressure for the team, it is necessary to win for recortar distances&#8221;, manifested. <strong>&#8220;It is necessary to do a more regular party, being better with balloon and improving things without balloon<\/strong>. We have to have the maximum of concentration during the party&#8221;.<\/p>  <p>And it thinks that it is normal that, after so many changes that has experienced the team and the club in so little time, there is a bit of irregularity in the sportive appearance and of results. <strong>&#8220;We are a team that has changed things, with people younger, and this causes a bit of irregularity<\/strong>. For the future is well, but in the Bar\u00e7a it is necessary to win titles. It is a situation complicated and need time, but are the Bar\u00e7a and want to win&#8221;, recalc\u00f3.<\/p>  <p>In this sense, one of the keys not to lose so many points will be to improve in the unemployed balloon and the strategy, where there is a black hole this season. <strong>&#8220;Always we analyse the balloon stopped to defend well<\/strong>. Sometimes our contrary have people higher. We have to have more concentration in the labelings&#8221;, asever\u00f3 Koeman, always clear.<\/p> ","protected":false},"excerpt":{"rendered":"<p>Ronald Koeman didn&#8217;t hide and, when being asked after the controversial hands of Sergio Ramos against the Eibar, that weren&#8217;t signalled as a penalty, expressed his opinion If something have learnt of Ronald Koeman along these last months, is that never it hides . The Dutch technician appeared this Monday in front of the media [&hellip;]<\/p>\n","protected":false},"author":366,"featured_media":8027,"comment_status":"closed","ping_status":"open","sticky":false,"template":"","format":"standard","meta":{"_acf_changed":false,"inline_featured_image":false,"_nextfly_llmd_date_locked":false,"footnotes":""},"categories":[111],"tags":[318,209,313],"class_list":["post-19618","post","type-post","status-publish","format-standard","has-post-thumbnail","hentry","category-fc-barcelona","tag-eibar","tag-ronald-koeman","tag-sergio-bouquets"],"acf":[],"yoast_head":"<!-- This site is optimized with the Yoast SEO plugin v27.3 - https:\/\/yoast.com\/product\/yoast-seo-wordpress\/ -->\n<title>Koeman: &quot;Sergio Ramos? 9 of each 10 people would have signalled penalty&quot;<\/title>\n<meta name=\"description\" content=\"Ronald Koeman didn&#039;t hide and, when being asked after the controversial hands of Sergio Ramos against the Eibar, that weren&#039;t signalled as a penalty, expressed his opinion\" \/>\n<meta name=\"robots\" content=\"index, follow, max-snippet:-1, max-image-preview:large, max-video-preview:-1\" \/>\n<link rel=\"canonical\" href=\"https:\/\/www.fcbarcelonanoticias.com\/en\/fc-barcelona\/koeman-sergio-ramos-9-each-10-people-had-signalled-penalty_263415_102.html\" \/>\n<meta property=\"og:locale\" content=\"en_US\" \/>\n<meta property=\"og:type\" content=\"article\" \/>\n<meta property=\"og:title\" content=\"Koeman: &quot;Sergio Ramos? 9 of each 10 people would have signalled penalty&quot;\" \/>\n<meta property=\"og:description\" content=\"Ronald Koeman didn&#039;t hide and, when being asked after the controversial hands of Sergio Ramos against the Eibar, that weren&#039;t signalled as a penalty, expressed his opinion\" \/>\n<meta property=\"og:url\" content=\"https:\/\/www.fcbarcelonanoticias.com\/en\/fc-barcelona\/koeman-sergio-ramos-9-each-10-people-had-signalled-penalty_263415_102.html\" \/>\n<meta property=\"og:site_name\" content=\"EN - FC Barcelona Noticias\" \/>\n<meta property=\"article:published_time\" content=\"2020-12-21T15:28:00+00:00\" \/>\n<meta property=\"article:modified_time\" content=\"2020-12-21T16:10:00+00:00\" \/>\n<meta property=\"og:image\" content=\"https:\/\/www.fcbarcelonanoticias.com\/en\/wp-content\/uploads\/sites\/2\/2021\/02\/koeman-press.jpeg\" \/>\n\t<meta property=\"og:image:width\" content=\"1200\" \/>\n\t<meta property=\"og:image:height\" content=\"697\" \/>\n\t<meta property=\"og:image:type\" content=\"image\/jpeg\" \/>\n<meta name=\"author\" content=\"Carlos Dom\u00ednguez\" \/>\n<meta name=\"twitter:card\" content=\"summary_large_image\" \/>\n<meta name=\"twitter:label1\" content=\"Written by\" \/>\n\t<meta name=\"twitter:data1\" content=\"Carlos Dom\u00ednguez\" \/>\n\t<meta name=\"twitter:label2\" content=\"Est. reading time\" \/>\n\t<meta name=\"twitter:data2\" content=\"3 minutes\" \/>\n<script type=\"application\/ld+json\" class=\"yoast-schema-graph\">{\"@context\":\"https:\\\/\\\/schema.org\",\"@graph\":[{\"@type\":\"Article\",\"@id\":\"https:\\\/\\\/www.fcbarcelonanoticias.com\\\/en\\\/fc-barcelona\\\/koeman-sergio-ramos-9-each-10-people-had-signalled-penalty_263415_102.html#article\",\"isPartOf\":{\"@id\":\"https:\\\/\\\/www.fcbarcelonanoticias.com\\\/en\\\/fc-barcelona\\\/koeman-sergio-ramos-9-each-10-people-had-signalled-penalty_263415_102.html\"},\"author\":{\"name\":\"Carlos Dom\u00ednguez\",\"@id\":\"https:\\\/\\\/www.fcbarcelonanoticias.com\\\/en\\\/#\\\/schema\\\/person\\\/888e29b17b79c70d1c617d8a7bc9b8c6\"},\"headline\":\"Koeman: &#8220;Sergio Ramos? 9 of each 10 people would have signalled penalty&#8221;\",\"datePublished\":\"2020-12-21T15:28:00+00:00\",\"dateModified\":\"2020-12-21T16:10:00+00:00\",\"mainEntityOfPage\":{\"@id\":\"https:\\\/\\\/www.fcbarcelonanoticias.com\\\/en\\\/fc-barcelona\\\/koeman-sergio-ramos-9-each-10-people-had-signalled-penalty_263415_102.html\"},\"wordCount\":614,\"image\":{\"@id\":\"https:\\\/\\\/www.fcbarcelonanoticias.com\\\/en\\\/fc-barcelona\\\/koeman-sergio-ramos-9-each-10-people-had-signalled-penalty_263415_102.html#primaryimage\"},\"thumbnailUrl\":\"https:\\\/\\\/www.fcbarcelonanoticias.com\\\/en\\\/wp-content\\\/uploads\\\/sites\\\/2\\\/2021\\\/02\\\/koeman-press.jpeg\",\"keywords\":[\"Eibar\",\"Ronald Koeman\",\"Sergio Bouquets\"],\"articleSection\":[\"FC Barcelona\"],\"inLanguage\":\"en-US\"},{\"@type\":\"WebPage\",\"@id\":\"https:\\\/\\\/www.fcbarcelonanoticias.com\\\/en\\\/fc-barcelona\\\/koeman-sergio-ramos-9-each-10-people-had-signalled-penalty_263415_102.html\",\"url\":\"https:\\\/\\\/www.fcbarcelonanoticias.com\\\/en\\\/fc-barcelona\\\/koeman-sergio-ramos-9-each-10-people-had-signalled-penalty_263415_102.html\",\"name\":\"Koeman: \\\"Sergio Ramos? 9 of each 10 people would have signalled penalty\\\"\",\"isPartOf\":{\"@id\":\"https:\\\/\\\/www.fcbarcelonanoticias.com\\\/en\\\/#website\"},\"primaryImageOfPage\":{\"@id\":\"https:\\\/\\\/www.fcbarcelonanoticias.com\\\/en\\\/fc-barcelona\\\/koeman-sergio-ramos-9-each-10-people-had-signalled-penalty_263415_102.html#primaryimage\"},\"image\":{\"@id\":\"https:\\\/\\\/www.fcbarcelonanoticias.com\\\/en\\\/fc-barcelona\\\/koeman-sergio-ramos-9-each-10-people-had-signalled-penalty_263415_102.html#primaryimage\"},\"thumbnailUrl\":\"https:\\\/\\\/www.fcbarcelonanoticias.com\\\/en\\\/wp-content\\\/uploads\\\/sites\\\/2\\\/2021\\\/02\\\/koeman-press.jpeg\",\"datePublished\":\"2020-12-21T15:28:00+00:00\",\"dateModified\":\"2020-12-21T16:10:00+00:00\",\"author\":{\"@id\":\"https:\\\/\\\/www.fcbarcelonanoticias.com\\\/en\\\/#\\\/schema\\\/person\\\/888e29b17b79c70d1c617d8a7bc9b8c6\"},\"description\":\"Ronald Koeman didn't hide and, when being asked after the controversial hands of Sergio Ramos against the Eibar, that weren't signalled as a penalty, expressed his opinion\",\"breadcrumb\":{\"@id\":\"https:\\\/\\\/www.fcbarcelonanoticias.com\\\/en\\\/fc-barcelona\\\/koeman-sergio-ramos-9-each-10-people-had-signalled-penalty_263415_102.html#breadcrumb\"},\"inLanguage\":\"en-US\",\"potentialAction\":[{\"@type\":\"ReadAction\",\"target\":[\"https:\\\/\\\/www.fcbarcelonanoticias.com\\\/en\\\/fc-barcelona\\\/koeman-sergio-ramos-9-each-10-people-had-signalled-penalty_263415_102.html\"]}]},{\"@type\":\"ImageObject\",\"inLanguage\":\"en-US\",\"@id\":\"https:\\\/\\\/www.fcbarcelonanoticias.com\\\/en\\\/fc-barcelona\\\/koeman-sergio-ramos-9-each-10-people-had-signalled-penalty_263415_102.html#primaryimage\",\"url\":\"https:\\\/\\\/www.fcbarcelonanoticias.com\\\/en\\\/wp-content\\\/uploads\\\/sites\\\/2\\\/2021\\\/02\\\/koeman-press.jpeg\",\"contentUrl\":\"https:\\\/\\\/www.fcbarcelonanoticias.com\\\/en\\\/wp-content\\\/uploads\\\/sites\\\/2\\\/2021\\\/02\\\/koeman-press.jpeg\",\"width\":1200,\"height\":697},{\"@type\":\"BreadcrumbList\",\"@id\":\"https:\\\/\\\/www.fcbarcelonanoticias.com\\\/en\\\/fc-barcelona\\\/koeman-sergio-ramos-9-each-10-people-had-signalled-penalty_263415_102.html#breadcrumb\",\"itemListElement\":[{\"@type\":\"ListItem\",\"position\":1,\"name\":\"Portada\",\"item\":\"https:\\\/\\\/www.fcbarcelonanoticias.com\\\/en\\\/\"},{\"@type\":\"ListItem\",\"position\":2,\"name\":\"Koeman: &#8220;Sergio Ramos? 9 of each 10 people would have signalled penalty&#8221;\"}]},{\"@type\":\"WebSite\",\"@id\":\"https:\\\/\\\/www.fcbarcelonanoticias.com\\\/en\\\/#website\",\"url\":\"https:\\\/\\\/www.fcbarcelonanoticias.com\\\/en\\\/\",\"name\":\"EN - FC Barcelona Noticias\",\"description\":\"\",\"potentialAction\":[{\"@type\":\"SearchAction\",\"target\":{\"@type\":\"EntryPoint\",\"urlTemplate\":\"https:\\\/\\\/www.fcbarcelonanoticias.com\\\/en\\\/?s={search_term_string}\"},\"query-input\":{\"@type\":\"PropertyValueSpecification\",\"valueRequired\":true,\"valueName\":\"search_term_string\"}}],\"inLanguage\":\"en-US\"},{\"@type\":\"Person\",\"@id\":\"https:\\\/\\\/www.fcbarcelonanoticias.com\\\/en\\\/#\\\/schema\\\/person\\\/888e29b17b79c70d1c617d8a7bc9b8c6\",\"name\":\"Carlos Dom\u00ednguez\",\"image\":{\"@type\":\"ImageObject\",\"inLanguage\":\"en-US\",\"@id\":\"https:\\\/\\\/secure.gravatar.com\\\/avatar\\\/?s=96&d=mm&r=g\",\"url\":\"https:\\\/\\\/secure.gravatar.com\\\/avatar\\\/?s=96&d=mm&r=g\",\"contentUrl\":\"https:\\\/\\\/secure.gravatar.com\\\/avatar\\\/?s=96&d=mm&r=g\",\"caption\":\"Carlos Dom\u00ednguez\"},\"url\":\"https:\\\/\\\/www.fcbarcelonanoticias.com\\\/en\\\/carlos-dominguez_2_115.html\"}]}<\/script>\n<!-- \/ Yoast SEO plugin. -->","yoast_head_json":{"title":"Koeman: \"Sergio Ramos? 9 of each 10 people would have signalled penalty\"","description":"Ronald Koeman didn't hide and, when being asked after the controversial hands of Sergio Ramos against the Eibar, that weren't signalled as a penalty, expressed his opinion","robots":{"index":"index","follow":"follow","max-snippet":"max-snippet:-1","max-image-preview":"max-image-preview:large","max-video-preview":"max-video-preview:-1"},"canonical":"https:\/\/www.fcbarcelonanoticias.com\/en\/fc-barcelona\/koeman-sergio-ramos-9-each-10-people-had-signalled-penalty_263415_102.html","og_locale":"en_US","og_type":"article","og_title":"Koeman: \"Sergio Ramos? 9 of each 10 people would have signalled penalty\"","og_description":"Ronald Koeman didn't hide and, when being asked after the controversial hands of Sergio Ramos against the Eibar, that weren't signalled as a penalty, expressed his opinion","og_url":"https:\/\/www.fcbarcelonanoticias.com\/en\/fc-barcelona\/koeman-sergio-ramos-9-each-10-people-had-signalled-penalty_263415_102.html","og_site_name":"EN - FC Barcelona Noticias","article_published_time":"2020-12-21T15:28:00+00:00","article_modified_time":"2020-12-21T16:10:00+00:00","og_image":[{"width":1200,"height":697,"url":"https:\/\/www.fcbarcelonanoticias.com\/en\/wp-content\/uploads\/sites\/2\/2021\/02\/koeman-press.jpeg","type":"image\/jpeg"}],"author":"Carlos Dom\u00ednguez","twitter_card":"summary_large_image","twitter_misc":{"Written by":"Carlos Dom\u00ednguez","Est. reading time":"3 minutes"},"schema":{"@context":"https:\/\/schema.org","@graph":[{"@type":"Article","@id":"https:\/\/www.fcbarcelonanoticias.com\/en\/fc-barcelona\/koeman-sergio-ramos-9-each-10-people-had-signalled-penalty_263415_102.html#article","isPartOf":{"@id":"https:\/\/www.fcbarcelonanoticias.com\/en\/fc-barcelona\/koeman-sergio-ramos-9-each-10-people-had-signalled-penalty_263415_102.html"},"author":{"name":"Carlos Dom\u00ednguez","@id":"https:\/\/www.fcbarcelonanoticias.com\/en\/#\/schema\/person\/888e29b17b79c70d1c617d8a7bc9b8c6"},"headline":"Koeman: &#8220;Sergio Ramos? 9 of each 10 people would have signalled penalty&#8221;","datePublished":"2020-12-21T15:28:00+00:00","dateModified":"2020-12-21T16:10:00+00:00","mainEntityOfPage":{"@id":"https:\/\/www.fcbarcelonanoticias.com\/en\/fc-barcelona\/koeman-sergio-ramos-9-each-10-people-had-signalled-penalty_263415_102.html"},"wordCount":614,"image":{"@id":"https:\/\/www.fcbarcelonanoticias.com\/en\/fc-barcelona\/koeman-sergio-ramos-9-each-10-people-had-signalled-penalty_263415_102.html#primaryimage"},"thumbnailUrl":"https:\/\/www.fcbarcelonanoticias.com\/en\/wp-content\/uploads\/sites\/2\/2021\/02\/koeman-press.jpeg","keywords":["Eibar","Ronald Koeman","Sergio Bouquets"],"articleSection":["FC Barcelona"],"inLanguage":"en-US"},{"@type":"WebPage","@id":"https:\/\/www.fcbarcelonanoticias.com\/en\/fc-barcelona\/koeman-sergio-ramos-9-each-10-people-had-signalled-penalty_263415_102.html","url":"https:\/\/www.fcbarcelonanoticias.com\/en\/fc-barcelona\/koeman-sergio-ramos-9-each-10-people-had-signalled-penalty_263415_102.html","name":"Koeman: \"Sergio Ramos? 9 of each 10 people would have signalled penalty\"","isPartOf":{"@id":"https:\/\/www.fcbarcelonanoticias.com\/en\/#website"},"primaryImageOfPage":{"@id":"https:\/\/www.fcbarcelonanoticias.com\/en\/fc-barcelona\/koeman-sergio-ramos-9-each-10-people-had-signalled-penalty_263415_102.html#primaryimage"},"image":{"@id":"https:\/\/www.fcbarcelonanoticias.com\/en\/fc-barcelona\/koeman-sergio-ramos-9-each-10-people-had-signalled-penalty_263415_102.html#primaryimage"},"thumbnailUrl":"https:\/\/www.fcbarcelonanoticias.com\/en\/wp-content\/uploads\/sites\/2\/2021\/02\/koeman-press.jpeg","datePublished":"2020-12-21T15:28:00+00:00","dateModified":"2020-12-21T16:10:00+00:00","author":{"@id":"https:\/\/www.fcbarcelonanoticias.com\/en\/#\/schema\/person\/888e29b17b79c70d1c617d8a7bc9b8c6"},"description":"Ronald Koeman didn't hide and, when being asked after the controversial hands of Sergio Ramos against the Eibar, that weren't signalled as a penalty, expressed his opinion","breadcrumb":{"@id":"https:\/\/www.fcbarcelonanoticias.com\/en\/fc-barcelona\/koeman-sergio-ramos-9-each-10-people-had-signalled-penalty_263415_102.html#breadcrumb"},"inLanguage":"en-US","potentialAction":[{"@type":"ReadAction","target":["https:\/\/www.fcbarcelonanoticias.com\/en\/fc-barcelona\/koeman-sergio-ramos-9-each-10-people-had-signalled-penalty_263415_102.html"]}]},{"@type":"ImageObject","inLanguage":"en-US","@id":"https:\/\/www.fcbarcelonanoticias.com\/en\/fc-barcelona\/koeman-sergio-ramos-9-each-10-people-had-signalled-penalty_263415_102.html#primaryimage","url":"https:\/\/www.fcbarcelonanoticias.com\/en\/wp-content\/uploads\/sites\/2\/2021\/02\/koeman-press.jpeg","contentUrl":"https:\/\/www.fcbarcelonanoticias.com\/en\/wp-content\/uploads\/sites\/2\/2021\/02\/koeman-press.jpeg","width":1200,"height":697},{"@type":"BreadcrumbList","@id":"https:\/\/www.fcbarcelonanoticias.com\/en\/fc-barcelona\/koeman-sergio-ramos-9-each-10-people-had-signalled-penalty_263415_102.html#breadcrumb","itemListElement":[{"@type":"ListItem","position":1,"name":"Portada","item":"https:\/\/www.fcbarcelonanoticias.com\/en\/"},{"@type":"ListItem","position":2,"name":"Koeman: &#8220;Sergio Ramos? 9 of each 10 people would have signalled penalty&#8221;"}]},{"@type":"WebSite","@id":"https:\/\/www.fcbarcelonanoticias.com\/en\/#website","url":"https:\/\/www.fcbarcelonanoticias.com\/en\/","name":"EN - FC Barcelona Noticias","description":"","potentialAction":[{"@type":"SearchAction","target":{"@type":"EntryPoint","urlTemplate":"https:\/\/www.fcbarcelonanoticias.com\/en\/?s={search_term_string}"},"query-input":{"@type":"PropertyValueSpecification","valueRequired":true,"valueName":"search_term_string"}}],"inLanguage":"en-US"},{"@type":"Person","@id":"https:\/\/www.fcbarcelonanoticias.com\/en\/#\/schema\/person\/888e29b17b79c70d1c617d8a7bc9b8c6","name":"Carlos Dom\u00ednguez","image":{"@type":"ImageObject","inLanguage":"en-US","@id":"https:\/\/secure.gravatar.com\/avatar\/?s=96&d=mm&r=g","url":"https:\/\/secure.gravatar.com\/avatar\/?s=96&d=mm&r=g","contentUrl":"https:\/\/secure.gravatar.com\/avatar\/?s=96&d=mm&r=g","caption":"Carlos Dom\u00ednguez"},"url":"https:\/\/www.fcbarcelonanoticias.com\/en\/carlos-dominguez_2_115.html"}]}},"_links":{"self":[{"href":"https:\/\/www.fcbarcelonanoticias.com\/en\/wp-json\/wp\/v2\/posts\/19618","targetHints":{"allow":["GET"]}}],"collection":[{"href":"https:\/\/www.fcbarcelonanoticias.com\/en\/wp-json\/wp\/v2\/posts"}],"about":[{"href":"https:\/\/www.fcbarcelonanoticias.com\/en\/wp-json\/wp\/v2\/types\/post"}],"author":[{"embeddable":true,"href":"https:\/\/www.fcbarcelonanoticias.com\/en\/wp-json\/wp\/v2\/users\/366"}],"replies":[{"embeddable":true,"href":"https:\/\/www.fcbarcelonanoticias.com\/en\/wp-json\/wp\/v2\/comments?post=19618"}],"version-history":[{"count":1,"href":"https:\/\/www.fcbarcelonanoticias.com\/en\/wp-json\/wp\/v2\/posts\/19618\/revisions"}],"predecessor-version":[{"id":22987,"href":"https:\/\/www.fcbarcelonanoticias.com\/en\/wp-json\/wp\/v2\/posts\/19618\/revisions\/22987"}],"wp:featuredmedia":[{"embeddable":true,"href":"https:\/\/www.fcbarcelonanoticias.com\/en\/wp-json\/wp\/v2\/media\/8027"}],"wp:attachment":[{"href":"https:\/\/www.fcbarcelonanoticias.com\/en\/wp-json\/wp\/v2\/media?parent=19618"}],"wp:term":[{"taxonomy":"category","embeddable":true,"href":"https:\/\/www.fcbarcelonanoticias.com\/en\/wp-json\/wp\/v2\/categories?post=19618"},{"taxonomy":"post_tag","embeddable":true,"href":"https:\/\/www.fcbarcelonanoticias.com\/en\/wp-json\/wp\/v2\/tags?post=19618"}],"curies":[{"name":"wp","href":"https:\/\/api.w.org\/{rel}","templated":true}]}}