{"id":19672,"date":"2024-11-15T15:44:00","date_gmt":"2024-11-15T14:44:00","guid":{"rendered":"https:\/\/weisetech.dev\/fc-barcelona-noticias\/en\/he-going-like-bull-barca-shows-how-ronald-araujo-recovery-is-going_308630_102\/"},"modified":"2024-11-15T15:46:00","modified_gmt":"2024-11-15T14:46:00","slug":"he-going-like-bull-barca-shows-how-ronald-araujo-recovery-is-going_308630_102","status":"publish","type":"post","link":"https:\/\/www.fcbarcelonanoticias.com\/en\/fc-barcelona\/he-going-like-bull-barca-shows-how-ronald-araujo-recovery-is-going_308630_102.html","title":{"rendered":"He&#8217;s going like a bull! Bar\u00e7a shows how Ronald Ara\u00fajo&#8217;s recovery is going"},"content":{"rendered":"<h2 class=\"wp-block-heading\">Bar\u00e7a has used its different social media to show the progress in Ronald Ara\u00fajo&#8217;s recovery, which generated good prospects when observing the Uruguayan&#8217;s notable physical condition<\/h2>  \r\n<div class=\"article-addons\">\r\n    <a href=\"https:\/\/www.fcbarcelonanoticias.com\/en\/calendar-fc-barcelona.html\"\r\n       target=\"_self\"\r\n       title=\"Calendar of FC Barcelona\"\r\n       class=\"blue-gredient-btn\">\r\n       \r\n        Calendar of FC Barcelona    <\/a>\r\n<\/div>   <p>The <strong>FC Barcelona<\/strong> is starting to see better prospects regarding the return of one of its injured players. Recently, <a data-external=\"0\" data-intl-links-en=\"https:\/\/www.fcbarcelonanoticias.com\/en\/fc-barcelona\/one-of-the-injured-barca-players-takes-another-step-in-his-recovery_308611_102.html\" data-intl-links-es=\"https:\/\/www.fcbarcelonanoticias.com\/fc-barcelona\/lesionados-barca-da-paso-mas-en-su-recuperacion_308611_102.html\" href=\"https:\/\/www.fcbarcelonanoticias.com\/fc-barcelona\/lesionados-barca-da-paso-mas-en-su-recuperacion_308611_102.html\" rel=\"follow\" target=\"_self\" title=\"One of the injured Bar\u00e7a players takes another step in his recovery\">images of Ferran Torres&#8217; recovery have been released<\/a> and the efforts he is making for his return. Similarly, the Blaugrana team has used their various social media platforms to inform about the progress of one of their most anticipated assets: <strong>Ronald Ara\u00fajo<\/strong>.<\/p>  <p>The 25-year-old Uruguayan <strong>defender<\/strong> is recovering from an injury sustained on July 7 during the quarter-finals of the 2024 Copa America between the Uruguayan national team and Brazil, where he <strong>&#8216;felt a twinge&#8217; in the back of his right leg<\/strong>. After the necessary medical examinations, it was determined that he needed surgery, which took place on July 22 in Finland, successfully performed by Dr. Lasse Lempainen.<\/p>  <p>Following the operation, it was estimated that <strong>Ronald Ara\u00fajo<\/strong> would require <strong><a data-external=\"0\" data-intl-links-en=\"https:\/\/www.fcbarcelonanoticias.com\/en\/fc-barcelona\/ronald-araujo-has-already-undergone-surgery-for-his-injury-and-will-be-out-for-several-months_305698_102.html\" data-intl-links-es=\"https:\/\/www.fcbarcelonanoticias.com\/fc-barcelona\/oficial-ronald-araujo-ya-ha-sido-intervenido-su-lesion-estara-baja-varios-meses_305698_102.html\" href=\"https:\/\/www.fcbarcelonanoticias.com\/fc-barcelona\/oficial-ronald-araujo-ya-ha-sido-intervenido-su-lesion-estara-baja-varios-meses_305698_102.html\" rel=\"follow\" target=\"_self\" title=\"OFFICIAL! Ronald Ara\u00fajo has already undergone surgery for his injury and will be out for several months\">approximately three to four months of recovery<\/a><\/strong>. This period is nearing completion and appears to be progressing effectively as demonstrated by Ara\u00fajo&#8217;s <strong>intensive individual training sessions<\/strong>, performing various exercises with and without the ball.<\/p>  <h3>Barcelona shows new progress in Ronald Ara\u00fajo&#8217;s recovery<\/h3>  <p>The positive signs regarding <strong>Ronald Ara\u00fajo&#8217;s<\/strong> recovery are evident in the recently shared images by <strong>FC Barcelona<\/strong>, where he can be seen doing sprints and other ball exercises regularly. Additionally, he appears to be in excellent physical shape, suggesting that his return could be sooner than expected.<\/p>  <blockquote class=\"twitter-tweet\" data-media-max-width=\"560\"> <p dir=\"ltr\" lang=\"es\">\ud83e\udd8d\ud83e\udd75 Araujo in recovery mode: <a href=\"https:\/\/t.co\/en\/2aZTA4t6qn\">pic.com\/2aZTA4t6qn<\/a><\/p> \u2014 FC Barcelona (@FCBarcelona_es) <a href=\"https:\/\/twitter.com\/en\/FCBarcelona_es\/status\/1857378270204862496?ref_src=twsrc%5Etfw\">November 15, 2024<\/a> <\/blockquote> <p>It is now expected that <strong>Ronald Ara\u00fajo&#8217;s<\/strong> return will be confirmed for the match against <strong>Celta de Vigo<\/strong> after the November FIFA break, scheduled for November 23 at Bala\u00eddos. If not this match, his next appearance would be on November 26 in the game at Montju\u00efc against <strong>Stade Brestois<\/strong>, valid for matchday 5 of the UEFA Champions League.<\/p>  <p>Considering this, <strong>Ara\u00fajo<\/strong>, <a data-external=\"0\" data-intl-links-en=\"https:\/\/www.fcbarcelonanoticias.com\/en\/fc-barcelona\/ronald-araujo-makes-it-clear-that-he-will-return-better-than-before-his-injury-am-going-to-return-like-bull_307854_102.html\" data-intl-links-es=\"https:\/\/www.fcbarcelonanoticias.com\/fc-barcelona\/ronald-araujo-deja-claro-regresara-mejor-antes-su-lesion-voy-volver-como-toro_307854_102.html\" href=\"https:\/\/www.fcbarcelonanoticias.com\/fc-barcelona\/ronald-araujo-deja-claro-regresara-mejor-antes-su-lesion-voy-volver-como-toro_307854_102.html\" rel=\"follow\" target=\"_self\" title=\"Ronald Ara\u00fajo makes it clear that he will return better than before his injury: &quot;I'm going to return like a bull&quot;\">who once vowed to return &#8220;like a bull&#8221;<\/a>, would be back for a crucial phase of the season. His return will add depth to an area where <strong>Barcelona<\/strong> already has two essential pillars, like <strong>Pau Cubars\u00ed and I\u00f1igo Mart\u00ednez<\/strong>, who are key players in <strong>Hansi Flick&#8217;s<\/strong> starting XI.<\/p>  <p>However, Ronald&#8217;s presence when fully fit <strong>ensures one of the best central defenders in the world<\/strong>. The &#8216;4&#8217; <strong>brings leadership<\/strong> and security in the defensive line, qualities that <strong>Barcelona<\/strong> would undoubtedly appreciate having back in their sporting project.<\/p> ","protected":false},"excerpt":{"rendered":"<p>Bar\u00e7a has used its different social media to show the progress in Ronald Ara\u00fajo&#8217;s recovery, which generated good prospects when observing the Uruguayan&#8217;s notable physical condition The FC Barcelona is starting to see better prospects regarding the return of one of its injured players. Recently, images of Ferran Torres&#8217; recovery have been released and the [&hellip;]<\/p>\n","protected":false},"author":355,"featured_media":19679,"comment_status":"closed","ping_status":"open","sticky":false,"template":"","format":"standard","meta":{"_acf_changed":false,"inline_featured_image":false,"_nextfly_llmd_date_locked":false,"footnotes":""},"categories":[111],"tags":[],"class_list":["post-19672","post","type-post","status-publish","format-standard","has-post-thumbnail","hentry","category-fc-barcelona"],"acf":[],"yoast_head":"<!-- This site is optimized with the Yoast SEO plugin v27.3 - https:\/\/yoast.com\/product\/yoast-seo-wordpress\/ -->\n<title>He&#039;s going like a bull! Bar\u00e7a shows how Ronald Ara\u00fajo&#039;s recovery is going<\/title>\n<meta name=\"description\" content=\"Bar\u00e7a has used its different social media to show the progress in Ronald Ara\u00fajo&#039;s recovery, which generated good prospects when observing the Uruguayan&#039;s notable physical condition\" \/>\n<meta name=\"robots\" content=\"index, follow, max-snippet:-1, max-image-preview:large, max-video-preview:-1\" \/>\n<link rel=\"canonical\" href=\"https:\/\/www.fcbarcelonanoticias.com\/en\/fc-barcelona\/he-going-like-bull-barca-shows-how-ronald-araujo-recovery-is-going_308630_102.html\" \/>\n<meta property=\"og:locale\" content=\"en_US\" \/>\n<meta property=\"og:type\" content=\"article\" \/>\n<meta property=\"og:title\" content=\"He&#039;s going like a bull! Bar\u00e7a shows how Ronald Ara\u00fajo&#039;s recovery is going\" \/>\n<meta property=\"og:description\" content=\"Bar\u00e7a has used its different social media to show the progress in Ronald Ara\u00fajo&#039;s recovery, which generated good prospects when observing the Uruguayan&#039;s notable physical condition\" \/>\n<meta property=\"og:url\" content=\"https:\/\/www.fcbarcelonanoticias.com\/en\/fc-barcelona\/he-going-like-bull-barca-shows-how-ronald-araujo-recovery-is-going_308630_102.html\" \/>\n<meta property=\"og:site_name\" content=\"EN - FC Barcelona Noticias\" \/>\n<meta property=\"article:published_time\" content=\"2024-11-15T14:44:00+00:00\" \/>\n<meta property=\"article:modified_time\" content=\"2024-11-15T14:46:00+00:00\" \/>\n<meta property=\"og:image\" content=\"https:\/\/www.fcbarcelonanoticias.com\/en\/wp-content\/uploads\/sites\/2\/2024\/11\/ronald-araujo-haciendo-un-ejercicio-de-recuperacion-en-la-ciudad-deportiva-del-barcelona-foto-cortesia-de-la-web-del-fc-barcelona-german-parga.jpeg\" \/>\n\t<meta property=\"og:image:width\" content=\"1300\" \/>\n\t<meta property=\"og:image:height\" content=\"732\" \/>\n\t<meta property=\"og:image:type\" content=\"image\/jpeg\" \/>\n<meta name=\"author\" content=\"Kevin G\u00f3mez\" \/>\n<meta name=\"twitter:card\" content=\"summary_large_image\" \/>\n<meta name=\"twitter:label1\" content=\"Written by\" \/>\n\t<meta name=\"twitter:data1\" content=\"Kevin G\u00f3mez\" \/>\n\t<meta name=\"twitter:label2\" content=\"Est. reading time\" \/>\n\t<meta name=\"twitter:data2\" content=\"2 minutes\" \/>\n<script type=\"application\/ld+json\" class=\"yoast-schema-graph\">{\"@context\":\"https:\\\/\\\/schema.org\",\"@graph\":[{\"@type\":\"Article\",\"@id\":\"https:\\\/\\\/www.fcbarcelonanoticias.com\\\/en\\\/fc-barcelona\\\/he-going-like-bull-barca-shows-how-ronald-araujo-recovery-is-going_308630_102.html#article\",\"isPartOf\":{\"@id\":\"https:\\\/\\\/www.fcbarcelonanoticias.com\\\/en\\\/fc-barcelona\\\/he-going-like-bull-barca-shows-how-ronald-araujo-recovery-is-going_308630_102.html\"},\"author\":{\"name\":\"Kevin G\u00f3mez\",\"@id\":\"https:\\\/\\\/www.fcbarcelonanoticias.com\\\/en\\\/#\\\/schema\\\/person\\\/991443f134df9a64c6874f96ff984c9d\"},\"headline\":\"He&#8217;s going like a bull! Bar\u00e7a shows how Ronald Ara\u00fajo&#8217;s recovery is going\",\"datePublished\":\"2024-11-15T14:44:00+00:00\",\"dateModified\":\"2024-11-15T14:46:00+00:00\",\"mainEntityOfPage\":{\"@id\":\"https:\\\/\\\/www.fcbarcelonanoticias.com\\\/en\\\/fc-barcelona\\\/he-going-like-bull-barca-shows-how-ronald-araujo-recovery-is-going_308630_102.html\"},\"wordCount\":445,\"image\":{\"@id\":\"https:\\\/\\\/www.fcbarcelonanoticias.com\\\/en\\\/fc-barcelona\\\/he-going-like-bull-barca-shows-how-ronald-araujo-recovery-is-going_308630_102.html#primaryimage\"},\"thumbnailUrl\":\"https:\\\/\\\/www.fcbarcelonanoticias.com\\\/en\\\/wp-content\\\/uploads\\\/sites\\\/2\\\/2024\\\/11\\\/ronald-araujo-haciendo-un-ejercicio-de-recuperacion-en-la-ciudad-deportiva-del-barcelona-foto-cortesia-de-la-web-del-fc-barcelona-german-parga.jpeg\",\"articleSection\":[\"FC Barcelona\"],\"inLanguage\":\"en-US\"},{\"@type\":\"WebPage\",\"@id\":\"https:\\\/\\\/www.fcbarcelonanoticias.com\\\/en\\\/fc-barcelona\\\/he-going-like-bull-barca-shows-how-ronald-araujo-recovery-is-going_308630_102.html\",\"url\":\"https:\\\/\\\/www.fcbarcelonanoticias.com\\\/en\\\/fc-barcelona\\\/he-going-like-bull-barca-shows-how-ronald-araujo-recovery-is-going_308630_102.html\",\"name\":\"He's going like a bull! Bar\u00e7a shows how Ronald Ara\u00fajo's recovery is going\",\"isPartOf\":{\"@id\":\"https:\\\/\\\/www.fcbarcelonanoticias.com\\\/en\\\/#website\"},\"primaryImageOfPage\":{\"@id\":\"https:\\\/\\\/www.fcbarcelonanoticias.com\\\/en\\\/fc-barcelona\\\/he-going-like-bull-barca-shows-how-ronald-araujo-recovery-is-going_308630_102.html#primaryimage\"},\"image\":{\"@id\":\"https:\\\/\\\/www.fcbarcelonanoticias.com\\\/en\\\/fc-barcelona\\\/he-going-like-bull-barca-shows-how-ronald-araujo-recovery-is-going_308630_102.html#primaryimage\"},\"thumbnailUrl\":\"https:\\\/\\\/www.fcbarcelonanoticias.com\\\/en\\\/wp-content\\\/uploads\\\/sites\\\/2\\\/2024\\\/11\\\/ronald-araujo-haciendo-un-ejercicio-de-recuperacion-en-la-ciudad-deportiva-del-barcelona-foto-cortesia-de-la-web-del-fc-barcelona-german-parga.jpeg\",\"datePublished\":\"2024-11-15T14:44:00+00:00\",\"dateModified\":\"2024-11-15T14:46:00+00:00\",\"author\":{\"@id\":\"https:\\\/\\\/www.fcbarcelonanoticias.com\\\/en\\\/#\\\/schema\\\/person\\\/991443f134df9a64c6874f96ff984c9d\"},\"description\":\"Bar\u00e7a has used its different social media to show the progress in Ronald Ara\u00fajo's recovery, which generated good prospects when observing the Uruguayan's notable physical condition\",\"breadcrumb\":{\"@id\":\"https:\\\/\\\/www.fcbarcelonanoticias.com\\\/en\\\/fc-barcelona\\\/he-going-like-bull-barca-shows-how-ronald-araujo-recovery-is-going_308630_102.html#breadcrumb\"},\"inLanguage\":\"en-US\",\"potentialAction\":[{\"@type\":\"ReadAction\",\"target\":[\"https:\\\/\\\/www.fcbarcelonanoticias.com\\\/en\\\/fc-barcelona\\\/he-going-like-bull-barca-shows-how-ronald-araujo-recovery-is-going_308630_102.html\"]}]},{\"@type\":\"ImageObject\",\"inLanguage\":\"en-US\",\"@id\":\"https:\\\/\\\/www.fcbarcelonanoticias.com\\\/en\\\/fc-barcelona\\\/he-going-like-bull-barca-shows-how-ronald-araujo-recovery-is-going_308630_102.html#primaryimage\",\"url\":\"https:\\\/\\\/www.fcbarcelonanoticias.com\\\/en\\\/wp-content\\\/uploads\\\/sites\\\/2\\\/2024\\\/11\\\/ronald-araujo-haciendo-un-ejercicio-de-recuperacion-en-la-ciudad-deportiva-del-barcelona-foto-cortesia-de-la-web-del-fc-barcelona-german-parga.jpeg\",\"contentUrl\":\"https:\\\/\\\/www.fcbarcelonanoticias.com\\\/en\\\/wp-content\\\/uploads\\\/sites\\\/2\\\/2024\\\/11\\\/ronald-araujo-haciendo-un-ejercicio-de-recuperacion-en-la-ciudad-deportiva-del-barcelona-foto-cortesia-de-la-web-del-fc-barcelona-german-parga.jpeg\",\"width\":1300,\"height\":732},{\"@type\":\"BreadcrumbList\",\"@id\":\"https:\\\/\\\/www.fcbarcelonanoticias.com\\\/en\\\/fc-barcelona\\\/he-going-like-bull-barca-shows-how-ronald-araujo-recovery-is-going_308630_102.html#breadcrumb\",\"itemListElement\":[{\"@type\":\"ListItem\",\"position\":1,\"name\":\"Portada\",\"item\":\"https:\\\/\\\/www.fcbarcelonanoticias.com\\\/en\\\/\"},{\"@type\":\"ListItem\",\"position\":2,\"name\":\"He&#8217;s going like a bull! Bar\u00e7a shows how Ronald Ara\u00fajo&#8217;s recovery is going\"}]},{\"@type\":\"WebSite\",\"@id\":\"https:\\\/\\\/www.fcbarcelonanoticias.com\\\/en\\\/#website\",\"url\":\"https:\\\/\\\/www.fcbarcelonanoticias.com\\\/en\\\/\",\"name\":\"EN - FC Barcelona Noticias\",\"description\":\"\",\"potentialAction\":[{\"@type\":\"SearchAction\",\"target\":{\"@type\":\"EntryPoint\",\"urlTemplate\":\"https:\\\/\\\/www.fcbarcelonanoticias.com\\\/en\\\/?s={search_term_string}\"},\"query-input\":{\"@type\":\"PropertyValueSpecification\",\"valueRequired\":true,\"valueName\":\"search_term_string\"}}],\"inLanguage\":\"en-US\"},{\"@type\":\"Person\",\"@id\":\"https:\\\/\\\/www.fcbarcelonanoticias.com\\\/en\\\/#\\\/schema\\\/person\\\/991443f134df9a64c6874f96ff984c9d\",\"name\":\"Kevin G\u00f3mez\",\"image\":{\"@type\":\"ImageObject\",\"inLanguage\":\"en-US\",\"@id\":\"https:\\\/\\\/secure.gravatar.com\\\/avatar\\\/?s=96&d=mm&r=g\",\"url\":\"https:\\\/\\\/secure.gravatar.com\\\/avatar\\\/?s=96&d=mm&r=g\",\"contentUrl\":\"https:\\\/\\\/secure.gravatar.com\\\/avatar\\\/?s=96&d=mm&r=g\",\"caption\":\"Kevin G\u00f3mez\"},\"description\":\"Licenciado\u00a0en Periodismo y Comunicaci\u00f3n Audiovisual. Redactor en FCBN responsable de cubrir toda\u00a0la informaci\u00f3n del FC Barcelona y las principales competiciones de\u00a0f\u00fatbol.\",\"url\":\"https:\\\/\\\/www.fcbarcelonanoticias.com\\\/en\\\/jugadores\\\/kevin-gomez_23_115.html\"}]}<\/script>\n<!-- \/ Yoast SEO plugin. -->","yoast_head_json":{"title":"He's going like a bull! Bar\u00e7a shows how Ronald Ara\u00fajo's recovery is going","description":"Bar\u00e7a has used its different social media to show the progress in Ronald Ara\u00fajo's recovery, which generated good prospects when observing the Uruguayan's notable physical condition","robots":{"index":"index","follow":"follow","max-snippet":"max-snippet:-1","max-image-preview":"max-image-preview:large","max-video-preview":"max-video-preview:-1"},"canonical":"https:\/\/www.fcbarcelonanoticias.com\/en\/fc-barcelona\/he-going-like-bull-barca-shows-how-ronald-araujo-recovery-is-going_308630_102.html","og_locale":"en_US","og_type":"article","og_title":"He's going like a bull! Bar\u00e7a shows how Ronald Ara\u00fajo's recovery is going","og_description":"Bar\u00e7a has used its different social media to show the progress in Ronald Ara\u00fajo's recovery, which generated good prospects when observing the Uruguayan's notable physical condition","og_url":"https:\/\/www.fcbarcelonanoticias.com\/en\/fc-barcelona\/he-going-like-bull-barca-shows-how-ronald-araujo-recovery-is-going_308630_102.html","og_site_name":"EN - FC Barcelona Noticias","article_published_time":"2024-11-15T14:44:00+00:00","article_modified_time":"2024-11-15T14:46:00+00:00","og_image":[{"width":1300,"height":732,"url":"https:\/\/www.fcbarcelonanoticias.com\/en\/wp-content\/uploads\/sites\/2\/2024\/11\/ronald-araujo-haciendo-un-ejercicio-de-recuperacion-en-la-ciudad-deportiva-del-barcelona-foto-cortesia-de-la-web-del-fc-barcelona-german-parga.jpeg","type":"image\/jpeg"}],"author":"Kevin G\u00f3mez","twitter_card":"summary_large_image","twitter_misc":{"Written by":"Kevin G\u00f3mez","Est. reading time":"2 minutes"},"schema":{"@context":"https:\/\/schema.org","@graph":[{"@type":"Article","@id":"https:\/\/www.fcbarcelonanoticias.com\/en\/fc-barcelona\/he-going-like-bull-barca-shows-how-ronald-araujo-recovery-is-going_308630_102.html#article","isPartOf":{"@id":"https:\/\/www.fcbarcelonanoticias.com\/en\/fc-barcelona\/he-going-like-bull-barca-shows-how-ronald-araujo-recovery-is-going_308630_102.html"},"author":{"name":"Kevin G\u00f3mez","@id":"https:\/\/www.fcbarcelonanoticias.com\/en\/#\/schema\/person\/991443f134df9a64c6874f96ff984c9d"},"headline":"He&#8217;s going like a bull! Bar\u00e7a shows how Ronald Ara\u00fajo&#8217;s recovery is going","datePublished":"2024-11-15T14:44:00+00:00","dateModified":"2024-11-15T14:46:00+00:00","mainEntityOfPage":{"@id":"https:\/\/www.fcbarcelonanoticias.com\/en\/fc-barcelona\/he-going-like-bull-barca-shows-how-ronald-araujo-recovery-is-going_308630_102.html"},"wordCount":445,"image":{"@id":"https:\/\/www.fcbarcelonanoticias.com\/en\/fc-barcelona\/he-going-like-bull-barca-shows-how-ronald-araujo-recovery-is-going_308630_102.html#primaryimage"},"thumbnailUrl":"https:\/\/www.fcbarcelonanoticias.com\/en\/wp-content\/uploads\/sites\/2\/2024\/11\/ronald-araujo-haciendo-un-ejercicio-de-recuperacion-en-la-ciudad-deportiva-del-barcelona-foto-cortesia-de-la-web-del-fc-barcelona-german-parga.jpeg","articleSection":["FC Barcelona"],"inLanguage":"en-US"},{"@type":"WebPage","@id":"https:\/\/www.fcbarcelonanoticias.com\/en\/fc-barcelona\/he-going-like-bull-barca-shows-how-ronald-araujo-recovery-is-going_308630_102.html","url":"https:\/\/www.fcbarcelonanoticias.com\/en\/fc-barcelona\/he-going-like-bull-barca-shows-how-ronald-araujo-recovery-is-going_308630_102.html","name":"He's going like a bull! Bar\u00e7a shows how Ronald Ara\u00fajo's recovery is going","isPartOf":{"@id":"https:\/\/www.fcbarcelonanoticias.com\/en\/#website"},"primaryImageOfPage":{"@id":"https:\/\/www.fcbarcelonanoticias.com\/en\/fc-barcelona\/he-going-like-bull-barca-shows-how-ronald-araujo-recovery-is-going_308630_102.html#primaryimage"},"image":{"@id":"https:\/\/www.fcbarcelonanoticias.com\/en\/fc-barcelona\/he-going-like-bull-barca-shows-how-ronald-araujo-recovery-is-going_308630_102.html#primaryimage"},"thumbnailUrl":"https:\/\/www.fcbarcelonanoticias.com\/en\/wp-content\/uploads\/sites\/2\/2024\/11\/ronald-araujo-haciendo-un-ejercicio-de-recuperacion-en-la-ciudad-deportiva-del-barcelona-foto-cortesia-de-la-web-del-fc-barcelona-german-parga.jpeg","datePublished":"2024-11-15T14:44:00+00:00","dateModified":"2024-11-15T14:46:00+00:00","author":{"@id":"https:\/\/www.fcbarcelonanoticias.com\/en\/#\/schema\/person\/991443f134df9a64c6874f96ff984c9d"},"description":"Bar\u00e7a has used its different social media to show the progress in Ronald Ara\u00fajo's recovery, which generated good prospects when observing the Uruguayan's notable physical condition","breadcrumb":{"@id":"https:\/\/www.fcbarcelonanoticias.com\/en\/fc-barcelona\/he-going-like-bull-barca-shows-how-ronald-araujo-recovery-is-going_308630_102.html#breadcrumb"},"inLanguage":"en-US","potentialAction":[{"@type":"ReadAction","target":["https:\/\/www.fcbarcelonanoticias.com\/en\/fc-barcelona\/he-going-like-bull-barca-shows-how-ronald-araujo-recovery-is-going_308630_102.html"]}]},{"@type":"ImageObject","inLanguage":"en-US","@id":"https:\/\/www.fcbarcelonanoticias.com\/en\/fc-barcelona\/he-going-like-bull-barca-shows-how-ronald-araujo-recovery-is-going_308630_102.html#primaryimage","url":"https:\/\/www.fcbarcelonanoticias.com\/en\/wp-content\/uploads\/sites\/2\/2024\/11\/ronald-araujo-haciendo-un-ejercicio-de-recuperacion-en-la-ciudad-deportiva-del-barcelona-foto-cortesia-de-la-web-del-fc-barcelona-german-parga.jpeg","contentUrl":"https:\/\/www.fcbarcelonanoticias.com\/en\/wp-content\/uploads\/sites\/2\/2024\/11\/ronald-araujo-haciendo-un-ejercicio-de-recuperacion-en-la-ciudad-deportiva-del-barcelona-foto-cortesia-de-la-web-del-fc-barcelona-german-parga.jpeg","width":1300,"height":732},{"@type":"BreadcrumbList","@id":"https:\/\/www.fcbarcelonanoticias.com\/en\/fc-barcelona\/he-going-like-bull-barca-shows-how-ronald-araujo-recovery-is-going_308630_102.html#breadcrumb","itemListElement":[{"@type":"ListItem","position":1,"name":"Portada","item":"https:\/\/www.fcbarcelonanoticias.com\/en\/"},{"@type":"ListItem","position":2,"name":"He&#8217;s going like a bull! Bar\u00e7a shows how Ronald Ara\u00fajo&#8217;s recovery is going"}]},{"@type":"WebSite","@id":"https:\/\/www.fcbarcelonanoticias.com\/en\/#website","url":"https:\/\/www.fcbarcelonanoticias.com\/en\/","name":"EN - FC Barcelona Noticias","description":"","potentialAction":[{"@type":"SearchAction","target":{"@type":"EntryPoint","urlTemplate":"https:\/\/www.fcbarcelonanoticias.com\/en\/?s={search_term_string}"},"query-input":{"@type":"PropertyValueSpecification","valueRequired":true,"valueName":"search_term_string"}}],"inLanguage":"en-US"},{"@type":"Person","@id":"https:\/\/www.fcbarcelonanoticias.com\/en\/#\/schema\/person\/991443f134df9a64c6874f96ff984c9d","name":"Kevin G\u00f3mez","image":{"@type":"ImageObject","inLanguage":"en-US","@id":"https:\/\/secure.gravatar.com\/avatar\/?s=96&d=mm&r=g","url":"https:\/\/secure.gravatar.com\/avatar\/?s=96&d=mm&r=g","contentUrl":"https:\/\/secure.gravatar.com\/avatar\/?s=96&d=mm&r=g","caption":"Kevin G\u00f3mez"},"description":"Licenciado\u00a0en Periodismo y Comunicaci\u00f3n Audiovisual. Redactor en FCBN responsable de cubrir toda\u00a0la informaci\u00f3n del FC Barcelona y las principales competiciones de\u00a0f\u00fatbol.","url":"https:\/\/www.fcbarcelonanoticias.com\/en\/jugadores\/kevin-gomez_23_115.html"}]}},"_links":{"self":[{"href":"https:\/\/www.fcbarcelonanoticias.com\/en\/wp-json\/wp\/v2\/posts\/19672","targetHints":{"allow":["GET"]}}],"collection":[{"href":"https:\/\/www.fcbarcelonanoticias.com\/en\/wp-json\/wp\/v2\/posts"}],"about":[{"href":"https:\/\/www.fcbarcelonanoticias.com\/en\/wp-json\/wp\/v2\/types\/post"}],"author":[{"embeddable":true,"href":"https:\/\/www.fcbarcelonanoticias.com\/en\/wp-json\/wp\/v2\/users\/355"}],"replies":[{"embeddable":true,"href":"https:\/\/www.fcbarcelonanoticias.com\/en\/wp-json\/wp\/v2\/comments?post=19672"}],"version-history":[{"count":1,"href":"https:\/\/www.fcbarcelonanoticias.com\/en\/wp-json\/wp\/v2\/posts\/19672\/revisions"}],"predecessor-version":[{"id":103935,"href":"https:\/\/www.fcbarcelonanoticias.com\/en\/wp-json\/wp\/v2\/posts\/19672\/revisions\/103935"}],"wp:featuredmedia":[{"embeddable":true,"href":"https:\/\/www.fcbarcelonanoticias.com\/en\/wp-json\/wp\/v2\/media\/19679"}],"wp:attachment":[{"href":"https:\/\/www.fcbarcelonanoticias.com\/en\/wp-json\/wp\/v2\/media?parent=19672"}],"wp:term":[{"taxonomy":"category","embeddable":true,"href":"https:\/\/www.fcbarcelonanoticias.com\/en\/wp-json\/wp\/v2\/categories?post=19672"},{"taxonomy":"post_tag","embeddable":true,"href":"https:\/\/www.fcbarcelonanoticias.com\/en\/wp-json\/wp\/v2\/tags?post=19672"}],"curies":[{"name":"wp","href":"https:\/\/api.w.org\/{rel}","templated":true}]}}