{"id":19722,"date":"2025-11-07T21:03:00","date_gmt":"2025-11-07T20:03:00","guid":{"rendered":"https:\/\/weisetech.dev\/fc-barcelona-noticias\/en\/first-barca-training-session-at-spotify-camp-nou_315210_102\/"},"modified":"2025-11-07T21:03:00","modified_gmt":"2025-11-07T20:03:00","slug":"first-barca-training-session-at-spotify-camp-nou_315210_102","status":"publish","type":"post","link":"https:\/\/www.fcbarcelonanoticias.com\/en\/fc-barcelona\/first-barca-training-session-at-spotify-camp-nou_315210_102.html","title":{"rendered":"Spotify Camp Nou: Bar\u00e7a&#8217;s first training session in front of over 22,000 fans"},"content":{"rendered":"<h2 class=\"wp-block-heading\">FC Barcelona experienced a historic day this Friday with its first training session at the new Spotify Camp Nou, in front of 22,280 Bar\u00e7a fans<\/h2>  \r\n<div class=\"article-addons\">\r\n    <a href=\"https:\/\/www.fcbarcelonanoticias.com\/en\/calendar-fc-barcelona.html\"\r\n       target=\"_self\"\r\n       title=\"Calendar of FC Barcelona\"\r\n       class=\"blue-gredient-btn\">\r\n       \r\n        Calendar of FC Barcelona    <\/a>\r\n<\/div>   <p><strong>Futbol Club Barcelona<\/strong> is back home. This Friday, <strong>Hansi Flick<\/strong>&#8216;s team starred in a <strong><a data-external=\"0\" data-intl-links-en=\"https:\/\/www.fcbarcelonanoticias.com\/en\/tags\/camp-nou\" data-intl-links-es=\"https:\/\/www.fcbarcelonanoticias.com\/tags\/camp-nou\" href=\"https:\/\/www.fcbarcelonanoticias.com\/en\/tags\/camp-nou.html\" rel=\"follow\" target=\"_self\" title=\"Camp Nou\">historic training session at Spotify Camp Nou<\/a><\/strong>, watched by 22,280 fans who didn&#8217;t want to miss the return to the Barcelona stadium.<\/p>  <p>The club opened the doors of the blaugrana colossus at 9:30 AM to hold an operational session that served as a dress rehearsal before the official return to matches at the cul\u00e9 temple. The players arrived from the <strong>Ciutat Esportiva Joan Gamper<\/strong>, already dressed in their training kits, ready to experience a symbolic and highly anticipated moment.<\/p>  <h2>Historic session at the new Camp Nou<\/h2>  <p>Before starting the physical and tactical work, the entire squad took to the pitch together for a group photo that will remain a memento. Among those present were the <strong><a data-external=\"0\" data-intl-links-en=\"https:\/\/www.fcbarcelonanoticias.com\/en\/tags\/injured\" data-intl-links-es=\"https:\/\/www.fcbarcelonanoticias.com\/tags\/lesionados\" href=\"https:\/\/www.fcbarcelonanoticias.com\/en\/tags\/injured.html\" rel=\"follow\" target=\"_self\" title=\"Injured\">injured footballers<\/a><\/strong>, who did not want to miss such a special occasion. The training session, which lasted approximately one hour, allowed <strong>Flick<\/strong> to check the condition of the pitch and the functionality of the stadium&#8217;s new facilities<\/p>  <p>The German coach had all first-team players available, with the exception of <strong>Jules Kound\u00e9<\/strong>, who did not train with the group. One of the notable points was the presence of <strong>Eric Garc\u00eda<\/strong>, who appeared with a protective mask after the nasal fracture suffered in the match against Bruges.<\/p>  <h2>Six talents from the reserve team accompany Bar\u00e7a&#8217;s first team<\/h2>  <p>The technical staff completed the call-up with six <strong>players from Bar\u00e7a Atl\u00e8tic: Xavi Espart, Diego Kochen, Eder Aller, Jofre Torrents, Dro Fern\u00e1ndez, and Toni Fern\u00e1ndez<\/strong>. All of them actively participated in the session, showing their commitment and enthusiasm to the crowd that filled a good part of the stands of the renovated <strong>Spotify Camp Nou<\/strong>.<\/p>  <p>The atmosphere was one of pure celebration. The fans cheered throughout the session, chanting the names of their idols and enjoying the return to the stadium that is part of the Blaugrana identity.<\/p>  <h2>Next objective: visit to Vigo<\/h2>  <p>After completing this first test in their stadium, <strong>FC Barcelona<\/strong> is already thinking about their next challenge: the <strong><a data-external=\"0\" data-intl-links-en=\"https:\/\/www.fcbarcelonanoticias.com\/en\/calendar-fc-barcelona.html\" data-intl-links-es=\"https:\/\/www.fcbarcelonanoticias.com\/calendario-fcbarcelona.html\" href=\"https:\/\/www.fcbarcelonanoticias.com\/en\/calendar-fc-barcelona.html\" rel=\"follow\" target=\"_self\" title=\"Calendario FC Barcelona\">match against Celta de Vigo at Bala\u00eddos<\/a><\/strong>, corresponding to matchday 12 of LaLiga EA Sports. The game will be played this <strong>Sunday at 9:00 PM<\/strong> and will be the last before the November international break<\/p>  <p>With morale high and the unconditional support of the fans, Hansi Flick&#8217;s team will seek to maintain their good momentum before the international break, with the firm intention of continuing to climb positions in the standings.<\/p>  <h3>A long-awaited return for all Bar\u00e7a fans<\/h3>  <p>This <strong>first training session at Spotify Camp Nou<\/strong> marks the beginning of a new era in the club&#8217;s recent history. After months of construction work and matches at the Estadi Ol\u00edmpic Llu\u00eds Companys, <strong>Bar\u00e7a<\/strong> is progressively returning home, where magical Champions League nights and great LaLiga duels will soon resume<\/p>  <p>The event has also served as a functional test for all stadium services, from public access to the new stands and press areas, confirming that the official return is getting closer and closer.<\/p> ","protected":false},"excerpt":{"rendered":"<p>FC Barcelona experienced a historic day this Friday with its first training session at the new Spotify Camp Nou, in front of 22,280 Bar\u00e7a fans Futbol Club Barcelona is back home. This Friday, Hansi Flick&#8216;s team starred in a historic training session at Spotify Camp Nou, watched by 22,280 fans who didn&#8217;t want to miss [&hellip;]<\/p>\n","protected":false},"author":353,"featured_media":19726,"comment_status":"closed","ping_status":"open","sticky":false,"template":"","format":"standard","meta":{"_acf_changed":false,"inline_featured_image":false,"_nextfly_llmd_date_locked":false,"footnotes":""},"categories":[111],"tags":[169,82],"class_list":["post-19722","post","type-post","status-publish","format-standard","has-post-thumbnail","hentry","category-fc-barcelona","tag-barca-football","tag-camp-nou"],"acf":[],"yoast_head":"<!-- This site is optimized with the Yoast SEO plugin v27.3 - https:\/\/yoast.com\/product\/yoast-seo-wordpress\/ -->\n<title>First Bar\u00e7a training session at Spotify Camp Nou<\/title>\n<meta name=\"description\" content=\"Bar\u00e7a trained for the first time at Spotify Camp Nou in front of 21,795 fans. Hansi Flick led a historic session\" \/>\n<meta name=\"robots\" content=\"index, follow, max-snippet:-1, max-image-preview:large, max-video-preview:-1\" \/>\n<link rel=\"canonical\" href=\"https:\/\/www.fcbarcelonanoticias.com\/en\/fc-barcelona\/first-barca-training-session-at-spotify-camp-nou_315210_102.html\" \/>\n<meta property=\"og:locale\" content=\"en_US\" \/>\n<meta property=\"og:type\" content=\"article\" \/>\n<meta property=\"og:title\" content=\"First Bar\u00e7a training session at Spotify Camp Nou\" \/>\n<meta property=\"og:description\" content=\"Bar\u00e7a trained for the first time at Spotify Camp Nou in front of 21,795 fans. Hansi Flick led a historic session\" \/>\n<meta property=\"og:url\" content=\"https:\/\/www.fcbarcelonanoticias.com\/en\/fc-barcelona\/first-barca-training-session-at-spotify-camp-nou_315210_102.html\" \/>\n<meta property=\"og:site_name\" content=\"EN - FC Barcelona Noticias\" \/>\n<meta property=\"article:published_time\" content=\"2025-11-07T20:03:00+00:00\" \/>\n<meta property=\"og:image\" content=\"https:\/\/www.fcbarcelonanoticias.com\/en\/wp-content\/uploads\/sites\/2\/2025\/11\/primer-entrenamiento-del-barc-a-en-el-camp-nou.webp\" \/>\n\t<meta property=\"og:image:width\" content=\"1200\" \/>\n\t<meta property=\"og:image:height\" content=\"675\" \/>\n\t<meta property=\"og:image:type\" content=\"image\/webp\" \/>\n<meta name=\"author\" content=\"FC Barcelona Noticias\" \/>\n<meta name=\"twitter:card\" content=\"summary_large_image\" \/>\n<meta name=\"twitter:label1\" content=\"Written by\" \/>\n\t<meta name=\"twitter:data1\" content=\"FC Barcelona Noticias\" \/>\n\t<meta name=\"twitter:label2\" content=\"Est. reading time\" \/>\n\t<meta name=\"twitter:data2\" content=\"3 minutes\" \/>\n<script type=\"application\/ld+json\" class=\"yoast-schema-graph\">{\"@context\":\"https:\\\/\\\/schema.org\",\"@graph\":[{\"@type\":\"Article\",\"@id\":\"https:\\\/\\\/www.fcbarcelonanoticias.com\\\/en\\\/fc-barcelona\\\/first-barca-training-session-at-spotify-camp-nou_315210_102.html#article\",\"isPartOf\":{\"@id\":\"https:\\\/\\\/www.fcbarcelonanoticias.com\\\/en\\\/fc-barcelona\\\/first-barca-training-session-at-spotify-camp-nou_315210_102.html\"},\"author\":{\"name\":\"FC Barcelona Noticias\",\"@id\":\"https:\\\/\\\/www.fcbarcelonanoticias.com\\\/en\\\/#\\\/schema\\\/person\\\/0f2810101d27606974cdb8edb54fa54b\"},\"headline\":\"Spotify Camp Nou: Bar\u00e7a&#8217;s first training session in front of over 22,000 fans\",\"datePublished\":\"2025-11-07T20:03:00+00:00\",\"mainEntityOfPage\":{\"@id\":\"https:\\\/\\\/www.fcbarcelonanoticias.com\\\/en\\\/fc-barcelona\\\/first-barca-training-session-at-spotify-camp-nou_315210_102.html\"},\"wordCount\":548,\"image\":{\"@id\":\"https:\\\/\\\/www.fcbarcelonanoticias.com\\\/en\\\/fc-barcelona\\\/first-barca-training-session-at-spotify-camp-nou_315210_102.html#primaryimage\"},\"thumbnailUrl\":\"https:\\\/\\\/www.fcbarcelonanoticias.com\\\/en\\\/wp-content\\\/uploads\\\/sites\\\/2\\\/2025\\\/11\\\/primer-entrenamiento-del-barc-a-en-el-camp-nou.webp\",\"keywords\":[\"Bar\u00e7a\",\"Camp Nou\"],\"articleSection\":[\"FC Barcelona\"],\"inLanguage\":\"en-US\"},{\"@type\":\"WebPage\",\"@id\":\"https:\\\/\\\/www.fcbarcelonanoticias.com\\\/en\\\/fc-barcelona\\\/first-barca-training-session-at-spotify-camp-nou_315210_102.html\",\"url\":\"https:\\\/\\\/www.fcbarcelonanoticias.com\\\/en\\\/fc-barcelona\\\/first-barca-training-session-at-spotify-camp-nou_315210_102.html\",\"name\":\"First Bar\u00e7a training session at Spotify Camp Nou\",\"isPartOf\":{\"@id\":\"https:\\\/\\\/www.fcbarcelonanoticias.com\\\/en\\\/#website\"},\"primaryImageOfPage\":{\"@id\":\"https:\\\/\\\/www.fcbarcelonanoticias.com\\\/en\\\/fc-barcelona\\\/first-barca-training-session-at-spotify-camp-nou_315210_102.html#primaryimage\"},\"image\":{\"@id\":\"https:\\\/\\\/www.fcbarcelonanoticias.com\\\/en\\\/fc-barcelona\\\/first-barca-training-session-at-spotify-camp-nou_315210_102.html#primaryimage\"},\"thumbnailUrl\":\"https:\\\/\\\/www.fcbarcelonanoticias.com\\\/en\\\/wp-content\\\/uploads\\\/sites\\\/2\\\/2025\\\/11\\\/primer-entrenamiento-del-barc-a-en-el-camp-nou.webp\",\"datePublished\":\"2025-11-07T20:03:00+00:00\",\"author\":{\"@id\":\"https:\\\/\\\/www.fcbarcelonanoticias.com\\\/en\\\/#\\\/schema\\\/person\\\/0f2810101d27606974cdb8edb54fa54b\"},\"description\":\"Bar\u00e7a trained for the first time at Spotify Camp Nou in front of 21,795 fans. Hansi Flick led a historic session\",\"breadcrumb\":{\"@id\":\"https:\\\/\\\/www.fcbarcelonanoticias.com\\\/en\\\/fc-barcelona\\\/first-barca-training-session-at-spotify-camp-nou_315210_102.html#breadcrumb\"},\"inLanguage\":\"en-US\",\"potentialAction\":[{\"@type\":\"ReadAction\",\"target\":[\"https:\\\/\\\/www.fcbarcelonanoticias.com\\\/en\\\/fc-barcelona\\\/first-barca-training-session-at-spotify-camp-nou_315210_102.html\"]}]},{\"@type\":\"ImageObject\",\"inLanguage\":\"en-US\",\"@id\":\"https:\\\/\\\/www.fcbarcelonanoticias.com\\\/en\\\/fc-barcelona\\\/first-barca-training-session-at-spotify-camp-nou_315210_102.html#primaryimage\",\"url\":\"https:\\\/\\\/www.fcbarcelonanoticias.com\\\/en\\\/wp-content\\\/uploads\\\/sites\\\/2\\\/2025\\\/11\\\/primer-entrenamiento-del-barc-a-en-el-camp-nou.webp\",\"contentUrl\":\"https:\\\/\\\/www.fcbarcelonanoticias.com\\\/en\\\/wp-content\\\/uploads\\\/sites\\\/2\\\/2025\\\/11\\\/primer-entrenamiento-del-barc-a-en-el-camp-nou.webp\",\"width\":1200,\"height\":675},{\"@type\":\"BreadcrumbList\",\"@id\":\"https:\\\/\\\/www.fcbarcelonanoticias.com\\\/en\\\/fc-barcelona\\\/first-barca-training-session-at-spotify-camp-nou_315210_102.html#breadcrumb\",\"itemListElement\":[{\"@type\":\"ListItem\",\"position\":1,\"name\":\"Portada\",\"item\":\"https:\\\/\\\/www.fcbarcelonanoticias.com\\\/en\\\/\"},{\"@type\":\"ListItem\",\"position\":2,\"name\":\"Spotify Camp Nou: Bar\u00e7a&#8217;s first training session in front of over 22,000 fans\"}]},{\"@type\":\"WebSite\",\"@id\":\"https:\\\/\\\/www.fcbarcelonanoticias.com\\\/en\\\/#website\",\"url\":\"https:\\\/\\\/www.fcbarcelonanoticias.com\\\/en\\\/\",\"name\":\"EN - FC Barcelona Noticias\",\"description\":\"\",\"potentialAction\":[{\"@type\":\"SearchAction\",\"target\":{\"@type\":\"EntryPoint\",\"urlTemplate\":\"https:\\\/\\\/www.fcbarcelonanoticias.com\\\/en\\\/?s={search_term_string}\"},\"query-input\":{\"@type\":\"PropertyValueSpecification\",\"valueRequired\":true,\"valueName\":\"search_term_string\"}}],\"inLanguage\":\"en-US\"},{\"@type\":\"Person\",\"@id\":\"https:\\\/\\\/www.fcbarcelonanoticias.com\\\/en\\\/#\\\/schema\\\/person\\\/0f2810101d27606974cdb8edb54fa54b\",\"name\":\"FC Barcelona Noticias\",\"image\":{\"@type\":\"ImageObject\",\"inLanguage\":\"en-US\",\"@id\":\"https:\\\/\\\/secure.gravatar.com\\\/avatar\\\/?s=96&d=mm&r=g\",\"url\":\"https:\\\/\\\/secure.gravatar.com\\\/avatar\\\/?s=96&d=mm&r=g\",\"contentUrl\":\"https:\\\/\\\/secure.gravatar.com\\\/avatar\\\/?s=96&d=mm&r=g\",\"caption\":\"FC Barcelona Noticias\"},\"url\":\"https:\\\/\\\/www.fcbarcelonanoticias.com\\\/en\\\/fc-barcelona\\\/fcbn-writing-fc-barcelona-news_6_115.html\"}]}<\/script>\n<!-- \/ Yoast SEO plugin. -->","yoast_head_json":{"title":"First Bar\u00e7a training session at Spotify Camp Nou","description":"Bar\u00e7a trained for the first time at Spotify Camp Nou in front of 21,795 fans. Hansi Flick led a historic session","robots":{"index":"index","follow":"follow","max-snippet":"max-snippet:-1","max-image-preview":"max-image-preview:large","max-video-preview":"max-video-preview:-1"},"canonical":"https:\/\/www.fcbarcelonanoticias.com\/en\/fc-barcelona\/first-barca-training-session-at-spotify-camp-nou_315210_102.html","og_locale":"en_US","og_type":"article","og_title":"First Bar\u00e7a training session at Spotify Camp Nou","og_description":"Bar\u00e7a trained for the first time at Spotify Camp Nou in front of 21,795 fans. Hansi Flick led a historic session","og_url":"https:\/\/www.fcbarcelonanoticias.com\/en\/fc-barcelona\/first-barca-training-session-at-spotify-camp-nou_315210_102.html","og_site_name":"EN - FC Barcelona Noticias","article_published_time":"2025-11-07T20:03:00+00:00","og_image":[{"width":1200,"height":675,"url":"https:\/\/www.fcbarcelonanoticias.com\/en\/wp-content\/uploads\/sites\/2\/2025\/11\/primer-entrenamiento-del-barc-a-en-el-camp-nou.webp","type":"image\/webp"}],"author":"FC Barcelona Noticias","twitter_card":"summary_large_image","twitter_misc":{"Written by":"FC Barcelona Noticias","Est. reading time":"3 minutes"},"schema":{"@context":"https:\/\/schema.org","@graph":[{"@type":"Article","@id":"https:\/\/www.fcbarcelonanoticias.com\/en\/fc-barcelona\/first-barca-training-session-at-spotify-camp-nou_315210_102.html#article","isPartOf":{"@id":"https:\/\/www.fcbarcelonanoticias.com\/en\/fc-barcelona\/first-barca-training-session-at-spotify-camp-nou_315210_102.html"},"author":{"name":"FC Barcelona Noticias","@id":"https:\/\/www.fcbarcelonanoticias.com\/en\/#\/schema\/person\/0f2810101d27606974cdb8edb54fa54b"},"headline":"Spotify Camp Nou: Bar\u00e7a&#8217;s first training session in front of over 22,000 fans","datePublished":"2025-11-07T20:03:00+00:00","mainEntityOfPage":{"@id":"https:\/\/www.fcbarcelonanoticias.com\/en\/fc-barcelona\/first-barca-training-session-at-spotify-camp-nou_315210_102.html"},"wordCount":548,"image":{"@id":"https:\/\/www.fcbarcelonanoticias.com\/en\/fc-barcelona\/first-barca-training-session-at-spotify-camp-nou_315210_102.html#primaryimage"},"thumbnailUrl":"https:\/\/www.fcbarcelonanoticias.com\/en\/wp-content\/uploads\/sites\/2\/2025\/11\/primer-entrenamiento-del-barc-a-en-el-camp-nou.webp","keywords":["Bar\u00e7a","Camp Nou"],"articleSection":["FC Barcelona"],"inLanguage":"en-US"},{"@type":"WebPage","@id":"https:\/\/www.fcbarcelonanoticias.com\/en\/fc-barcelona\/first-barca-training-session-at-spotify-camp-nou_315210_102.html","url":"https:\/\/www.fcbarcelonanoticias.com\/en\/fc-barcelona\/first-barca-training-session-at-spotify-camp-nou_315210_102.html","name":"First Bar\u00e7a training session at Spotify Camp Nou","isPartOf":{"@id":"https:\/\/www.fcbarcelonanoticias.com\/en\/#website"},"primaryImageOfPage":{"@id":"https:\/\/www.fcbarcelonanoticias.com\/en\/fc-barcelona\/first-barca-training-session-at-spotify-camp-nou_315210_102.html#primaryimage"},"image":{"@id":"https:\/\/www.fcbarcelonanoticias.com\/en\/fc-barcelona\/first-barca-training-session-at-spotify-camp-nou_315210_102.html#primaryimage"},"thumbnailUrl":"https:\/\/www.fcbarcelonanoticias.com\/en\/wp-content\/uploads\/sites\/2\/2025\/11\/primer-entrenamiento-del-barc-a-en-el-camp-nou.webp","datePublished":"2025-11-07T20:03:00+00:00","author":{"@id":"https:\/\/www.fcbarcelonanoticias.com\/en\/#\/schema\/person\/0f2810101d27606974cdb8edb54fa54b"},"description":"Bar\u00e7a trained for the first time at Spotify Camp Nou in front of 21,795 fans. Hansi Flick led a historic session","breadcrumb":{"@id":"https:\/\/www.fcbarcelonanoticias.com\/en\/fc-barcelona\/first-barca-training-session-at-spotify-camp-nou_315210_102.html#breadcrumb"},"inLanguage":"en-US","potentialAction":[{"@type":"ReadAction","target":["https:\/\/www.fcbarcelonanoticias.com\/en\/fc-barcelona\/first-barca-training-session-at-spotify-camp-nou_315210_102.html"]}]},{"@type":"ImageObject","inLanguage":"en-US","@id":"https:\/\/www.fcbarcelonanoticias.com\/en\/fc-barcelona\/first-barca-training-session-at-spotify-camp-nou_315210_102.html#primaryimage","url":"https:\/\/www.fcbarcelonanoticias.com\/en\/wp-content\/uploads\/sites\/2\/2025\/11\/primer-entrenamiento-del-barc-a-en-el-camp-nou.webp","contentUrl":"https:\/\/www.fcbarcelonanoticias.com\/en\/wp-content\/uploads\/sites\/2\/2025\/11\/primer-entrenamiento-del-barc-a-en-el-camp-nou.webp","width":1200,"height":675},{"@type":"BreadcrumbList","@id":"https:\/\/www.fcbarcelonanoticias.com\/en\/fc-barcelona\/first-barca-training-session-at-spotify-camp-nou_315210_102.html#breadcrumb","itemListElement":[{"@type":"ListItem","position":1,"name":"Portada","item":"https:\/\/www.fcbarcelonanoticias.com\/en\/"},{"@type":"ListItem","position":2,"name":"Spotify Camp Nou: Bar\u00e7a&#8217;s first training session in front of over 22,000 fans"}]},{"@type":"WebSite","@id":"https:\/\/www.fcbarcelonanoticias.com\/en\/#website","url":"https:\/\/www.fcbarcelonanoticias.com\/en\/","name":"EN - FC Barcelona Noticias","description":"","potentialAction":[{"@type":"SearchAction","target":{"@type":"EntryPoint","urlTemplate":"https:\/\/www.fcbarcelonanoticias.com\/en\/?s={search_term_string}"},"query-input":{"@type":"PropertyValueSpecification","valueRequired":true,"valueName":"search_term_string"}}],"inLanguage":"en-US"},{"@type":"Person","@id":"https:\/\/www.fcbarcelonanoticias.com\/en\/#\/schema\/person\/0f2810101d27606974cdb8edb54fa54b","name":"FC Barcelona Noticias","image":{"@type":"ImageObject","inLanguage":"en-US","@id":"https:\/\/secure.gravatar.com\/avatar\/?s=96&d=mm&r=g","url":"https:\/\/secure.gravatar.com\/avatar\/?s=96&d=mm&r=g","contentUrl":"https:\/\/secure.gravatar.com\/avatar\/?s=96&d=mm&r=g","caption":"FC Barcelona Noticias"},"url":"https:\/\/www.fcbarcelonanoticias.com\/en\/fc-barcelona\/fcbn-writing-fc-barcelona-news_6_115.html"}]}},"_links":{"self":[{"href":"https:\/\/www.fcbarcelonanoticias.com\/en\/wp-json\/wp\/v2\/posts\/19722","targetHints":{"allow":["GET"]}}],"collection":[{"href":"https:\/\/www.fcbarcelonanoticias.com\/en\/wp-json\/wp\/v2\/posts"}],"about":[{"href":"https:\/\/www.fcbarcelonanoticias.com\/en\/wp-json\/wp\/v2\/types\/post"}],"author":[{"embeddable":true,"href":"https:\/\/www.fcbarcelonanoticias.com\/en\/wp-json\/wp\/v2\/users\/353"}],"replies":[{"embeddable":true,"href":"https:\/\/www.fcbarcelonanoticias.com\/en\/wp-json\/wp\/v2\/comments?post=19722"}],"version-history":[{"count":1,"href":"https:\/\/www.fcbarcelonanoticias.com\/en\/wp-json\/wp\/v2\/posts\/19722\/revisions"}],"predecessor-version":[{"id":105604,"href":"https:\/\/www.fcbarcelonanoticias.com\/en\/wp-json\/wp\/v2\/posts\/19722\/revisions\/105604"}],"wp:featuredmedia":[{"embeddable":true,"href":"https:\/\/www.fcbarcelonanoticias.com\/en\/wp-json\/wp\/v2\/media\/19726"}],"wp:attachment":[{"href":"https:\/\/www.fcbarcelonanoticias.com\/en\/wp-json\/wp\/v2\/media?parent=19722"}],"wp:term":[{"taxonomy":"category","embeddable":true,"href":"https:\/\/www.fcbarcelonanoticias.com\/en\/wp-json\/wp\/v2\/categories?post=19722"},{"taxonomy":"post_tag","embeddable":true,"href":"https:\/\/www.fcbarcelonanoticias.com\/en\/wp-json\/wp\/v2\/tags?post=19722"}],"curies":[{"name":"wp","href":"https:\/\/api.w.org\/{rel}","templated":true}]}}