{"id":19861,"date":"2025-08-24T18:01:00","date_gmt":"2025-08-24T16:01:00","guid":{"rendered":"https:\/\/weisetech.dev\/fc-barcelona-noticias\/en\/flick-promise-to-marc-bernal-after-the-break-will-he-return_314362_102\/"},"modified":"2026-04-16T09:46:24","modified_gmt":"2026-04-16T07:46:24","slug":"flick-promise-to-marc-bernal-after-the-break-will-he-return_314362_102","status":"publish","type":"post","link":"https:\/\/www.fcbarcelonanoticias.com\/en\/fc-barcelona\/flick-promise-to-marc-bernal-after-the-break-will-he-return_314362_102.html","title":{"rendered":"Flick has a plan for Marc Bernal after the break: Will he make his debut?"},"content":{"rendered":"<h2 class=\"wp-block-heading\">Hansi Flick is waiting for the September FIFA deadline to pass before giving Marc Bernal playing time. The German coach is confident in the young Bar\u00e7a star.<\/h2>  \r\n<div class=\"article-addons\">\r\n    <a href=\"https:\/\/www.fcbarcelonanoticias.com\/en\/calendar-fc-barcelona.html\"\r\n       target=\"_self\"\r\n       title=\"Calendar of FC Barcelona\"\r\n       class=\"blue-gredient-btn\">\r\n       \r\n        Calendar of FC Barcelona    <\/a>\r\n<\/div>   <p><strong>Marc Bernal <\/strong>is now in the final phase of his recovery.<strong> September 9 will mark one year since his surgery,<\/strong> the timeframe estimated by the doctors, and he will be available after the FIFA international break. Hansi Flick hopes to give him a new opportunity with the first team.<\/p>  <p>The Berga native <a data-external=\"0\" data-intl-links-en=\"https:\/\/www.fcbarcelonanoticias.com\/en\/fc-barcelona\/good-news-marc-bernal-receives-medical-discharge-with-barcelona_314028_102.html\" data-intl-links-es=\"https:\/\/www.fcbarcelonanoticias.com\/fc-barcelona\/buenas-noticias-marc-bernal-recibe-alta-medica-con-barcelona_314028_102.html\" href=\"https:\/\/www.fcbarcelonanoticias.com\/fc-barcelona\/buenas-noticias-marc-bernal-recibe-alta-medica-con-barcelona_314028_102.html\" rel=\"follow\" target=\"_self\" title=\"Good news! Marc Bernal receives medical clearance with Bar\u00e7a\">received medical clearance this past August 10, prior to the Joan Gamper Trophy<\/a>. The <strong>Bar\u00e7a<\/strong> medical staff has described his rehabilitation process as positive and satisfactory. However, Flick considered that he should wait for the stipulated rest period after suffering a tear of the anterior cruciate ligament in his left knee and an associated injury to the external meniscus on matchday 3 of LaLiga 24\/25 against Rayo Vallecano.<\/p>  <h2>Flick to Bernal: &#8220;I want you for 15 years, not for one friendly&#8221;<\/h2>  <p><strong>Hansi Flick<\/strong> is well aware of the talent that Bernal possesses, and even offered him some very sensible words: &#8220;I want you for 15 years, not for one friendly.&#8221;<\/p>  <p>The number &#8217;28&#8217; for the cul\u00e9s is one of the players from La Masia that the German coach has given a debut to; the midfielder played 244 minutes in his first three games as a first-team player. The Berga native is anxious to return to the playing field, but is aware that he must do so progressively.<\/p>  <p>Once his recovery is complete, he will have to earn a spot amidst the great competition in the midfield with <strong>Frenkie de Jong, Marc Casad\u00f3, Gavi, Dani Olmo, and Ferm\u00edn L\u00f3pez.<\/strong><\/p>  <h2>Bar\u00e7a plans to renew Marc Bernal&#8217;s contract<\/h2>  <p>Marc Bernal is considered one of the most promising players in the Bar\u00e7a squad. For that reason, Deco held a meeting with the representatives of the Berga native to reaffirm the club&#8217;s confidence in him.<\/p>  <p>Both parties finalized the details of his renewal. <a data-external=\"0\" data-intl-links-en=\"https:\/\/www.fcbarcelonanoticias.com\/en\/fc-barcelona\/total-confidence-barcelona-is-on-track-to-renew-marc-bernal_314297_102.html\" data-intl-links-es=\"https:\/\/www.fcbarcelonanoticias.com\/fc-barcelona\/confianza-total-barcelona-encamina-renovacion-marc-bernal_314297_102.html\" href=\"https:\/\/www.fcbarcelonanoticias.com\/fc-barcelona\/confianza-total-barcelona-encamina-renovacion-marc-bernal_314297_102.html\" rel=\"follow\" target=\"_self\" title=\"Total confidence: Barcelona on track to renew Marc Bernal\">Initially, the azulgrana&#8217;s link with Bernal will extend until 2029 <\/a>and the release clause will be 1 billion euros. It is expected to be made official in the coming days.<\/p>  <p>If there are no setbacks, the return of the number &#8217;28&#8217; should occur on matchday 4 of LaLiga EA Sports against Valencia on the weekend of September 13 and 14.<\/p> ","protected":false},"excerpt":{"rendered":"<p>Hansi Flick is waiting for the September FIFA deadline to pass before giving Marc Bernal playing time. The German coach is confident in the young Bar\u00e7a star. Marc Bernal is now in the final phase of his recovery. September 9 will mark one year since his surgery, the timeframe estimated by the doctors, and he [&hellip;]<\/p>\n","protected":false},"author":362,"featured_media":19863,"comment_status":"closed","ping_status":"open","sticky":false,"template":"","format":"standard","meta":{"_acf_changed":false,"inline_featured_image":false,"_nextfly_llmd_date_locked":false,"footnotes":""},"categories":[111],"tags":[388,459],"class_list":["post-19861","post","type-post","status-publish","format-standard","has-post-thumbnail","hentry","category-fc-barcelona","tag-marc-bernal","tag-marc-bernal-2"],"acf":[],"yoast_head":"<!-- This site is optimized with the Yoast SEO plugin v27.3 - https:\/\/yoast.com\/product\/yoast-seo-wordpress\/ -->\n<title>Flick&#039;s promise to Marc Bernal after the break: Will he return?<\/title>\n<meta name=\"description\" content=\"Hansi Flick is waiting for the September FIFA deadline to pass before giving Marc Bernal playing time. The German coach is confident in the young Bar\u00e7a star.\" \/>\n<meta name=\"robots\" content=\"index, follow, max-snippet:-1, max-image-preview:large, max-video-preview:-1\" \/>\n<link rel=\"canonical\" href=\"https:\/\/www.fcbarcelonanoticias.com\/en\/fc-barcelona\/flick-promise-to-marc-bernal-after-the-break-will-he-return_314362_102.html\" \/>\n<meta property=\"og:locale\" content=\"en_US\" \/>\n<meta property=\"og:type\" content=\"article\" \/>\n<meta property=\"og:title\" content=\"Flick&#039;s promise to Marc Bernal after the break: Will he return?\" \/>\n<meta property=\"og:description\" content=\"Hansi Flick is waiting for the September FIFA deadline to pass before giving Marc Bernal playing time. The German coach is confident in the young Bar\u00e7a star.\" \/>\n<meta property=\"og:url\" content=\"https:\/\/www.fcbarcelonanoticias.com\/en\/fc-barcelona\/flick-promise-to-marc-bernal-after-the-break-will-he-return_314362_102.html\" \/>\n<meta property=\"og:site_name\" content=\"EN - FC Barcelona Noticias\" \/>\n<meta property=\"article:published_time\" content=\"2025-08-24T16:01:00+00:00\" \/>\n<meta property=\"article:modified_time\" content=\"2026-04-16T07:46:24+00:00\" \/>\n<meta property=\"og:image\" content=\"https:\/\/www.fcbarcelonanoticias.com\/en\/wp-content\/uploads\/sites\/2\/2025\/08\/marc-bernal-entrenamiento-2025.webp\" \/>\n\t<meta property=\"og:image:width\" content=\"1200\" \/>\n\t<meta property=\"og:image:height\" content=\"675\" \/>\n\t<meta property=\"og:image:type\" content=\"image\/webp\" \/>\n<meta name=\"author\" content=\"Reinaldo David\" \/>\n<meta name=\"twitter:card\" content=\"summary_large_image\" \/>\n<meta name=\"twitter:label1\" content=\"Written by\" \/>\n\t<meta name=\"twitter:data1\" content=\"Reinaldo David\" \/>\n\t<meta name=\"twitter:label2\" content=\"Est. reading time\" \/>\n\t<meta name=\"twitter:data2\" content=\"2 minutes\" \/>\n<script type=\"application\/ld+json\" class=\"yoast-schema-graph\">{\"@context\":\"https:\\\/\\\/schema.org\",\"@graph\":[{\"@type\":\"Article\",\"@id\":\"https:\\\/\\\/www.fcbarcelonanoticias.com\\\/en\\\/fc-barcelona\\\/flick-promise-to-marc-bernal-after-the-break-will-he-return_314362_102.html#article\",\"isPartOf\":{\"@id\":\"https:\\\/\\\/www.fcbarcelonanoticias.com\\\/en\\\/fc-barcelona\\\/flick-promise-to-marc-bernal-after-the-break-will-he-return_314362_102.html\"},\"author\":{\"name\":\"Reinaldo David\",\"@id\":\"https:\\\/\\\/www.fcbarcelonanoticias.com\\\/en\\\/#\\\/schema\\\/person\\\/f7c2a90edfe1134cfd813911ba5c0178\"},\"headline\":\"Flick has a plan for Marc Bernal after the break: Will he make his debut?\",\"datePublished\":\"2025-08-24T16:01:00+00:00\",\"dateModified\":\"2026-04-16T07:46:24+00:00\",\"mainEntityOfPage\":{\"@id\":\"https:\\\/\\\/www.fcbarcelonanoticias.com\\\/en\\\/fc-barcelona\\\/flick-promise-to-marc-bernal-after-the-break-will-he-return_314362_102.html\"},\"wordCount\":398,\"image\":{\"@id\":\"https:\\\/\\\/www.fcbarcelonanoticias.com\\\/en\\\/fc-barcelona\\\/flick-promise-to-marc-bernal-after-the-break-will-he-return_314362_102.html#primaryimage\"},\"thumbnailUrl\":\"https:\\\/\\\/www.fcbarcelonanoticias.com\\\/en\\\/wp-content\\\/uploads\\\/sites\\\/2\\\/2025\\\/08\\\/marc-bernal-entrenamiento-2025.webp\",\"keywords\":[\"Marc Bernal\",\"Marc Bernal\"],\"articleSection\":[\"FC Barcelona\"],\"inLanguage\":\"en-US\"},{\"@type\":\"WebPage\",\"@id\":\"https:\\\/\\\/www.fcbarcelonanoticias.com\\\/en\\\/fc-barcelona\\\/flick-promise-to-marc-bernal-after-the-break-will-he-return_314362_102.html\",\"url\":\"https:\\\/\\\/www.fcbarcelonanoticias.com\\\/en\\\/fc-barcelona\\\/flick-promise-to-marc-bernal-after-the-break-will-he-return_314362_102.html\",\"name\":\"Flick's promise to Marc Bernal after the break: Will he return?\",\"isPartOf\":{\"@id\":\"https:\\\/\\\/www.fcbarcelonanoticias.com\\\/en\\\/#website\"},\"primaryImageOfPage\":{\"@id\":\"https:\\\/\\\/www.fcbarcelonanoticias.com\\\/en\\\/fc-barcelona\\\/flick-promise-to-marc-bernal-after-the-break-will-he-return_314362_102.html#primaryimage\"},\"image\":{\"@id\":\"https:\\\/\\\/www.fcbarcelonanoticias.com\\\/en\\\/fc-barcelona\\\/flick-promise-to-marc-bernal-after-the-break-will-he-return_314362_102.html#primaryimage\"},\"thumbnailUrl\":\"https:\\\/\\\/www.fcbarcelonanoticias.com\\\/en\\\/wp-content\\\/uploads\\\/sites\\\/2\\\/2025\\\/08\\\/marc-bernal-entrenamiento-2025.webp\",\"datePublished\":\"2025-08-24T16:01:00+00:00\",\"dateModified\":\"2026-04-16T07:46:24+00:00\",\"author\":{\"@id\":\"https:\\\/\\\/www.fcbarcelonanoticias.com\\\/en\\\/#\\\/schema\\\/person\\\/f7c2a90edfe1134cfd813911ba5c0178\"},\"description\":\"Hansi Flick is waiting for the September FIFA deadline to pass before giving Marc Bernal playing time. The German coach is confident in the young Bar\u00e7a star.\",\"breadcrumb\":{\"@id\":\"https:\\\/\\\/www.fcbarcelonanoticias.com\\\/en\\\/fc-barcelona\\\/flick-promise-to-marc-bernal-after-the-break-will-he-return_314362_102.html#breadcrumb\"},\"inLanguage\":\"en-US\",\"potentialAction\":[{\"@type\":\"ReadAction\",\"target\":[\"https:\\\/\\\/www.fcbarcelonanoticias.com\\\/en\\\/fc-barcelona\\\/flick-promise-to-marc-bernal-after-the-break-will-he-return_314362_102.html\"]}]},{\"@type\":\"ImageObject\",\"inLanguage\":\"en-US\",\"@id\":\"https:\\\/\\\/www.fcbarcelonanoticias.com\\\/en\\\/fc-barcelona\\\/flick-promise-to-marc-bernal-after-the-break-will-he-return_314362_102.html#primaryimage\",\"url\":\"https:\\\/\\\/www.fcbarcelonanoticias.com\\\/en\\\/wp-content\\\/uploads\\\/sites\\\/2\\\/2025\\\/08\\\/marc-bernal-entrenamiento-2025.webp\",\"contentUrl\":\"https:\\\/\\\/www.fcbarcelonanoticias.com\\\/en\\\/wp-content\\\/uploads\\\/sites\\\/2\\\/2025\\\/08\\\/marc-bernal-entrenamiento-2025.webp\",\"width\":1200,\"height\":675},{\"@type\":\"BreadcrumbList\",\"@id\":\"https:\\\/\\\/www.fcbarcelonanoticias.com\\\/en\\\/fc-barcelona\\\/flick-promise-to-marc-bernal-after-the-break-will-he-return_314362_102.html#breadcrumb\",\"itemListElement\":[{\"@type\":\"ListItem\",\"position\":1,\"name\":\"Portada\",\"item\":\"https:\\\/\\\/www.fcbarcelonanoticias.com\\\/en\\\/\"},{\"@type\":\"ListItem\",\"position\":2,\"name\":\"Flick has a plan for Marc Bernal after the break: Will he make his debut?\"}]},{\"@type\":\"WebSite\",\"@id\":\"https:\\\/\\\/www.fcbarcelonanoticias.com\\\/en\\\/#website\",\"url\":\"https:\\\/\\\/www.fcbarcelonanoticias.com\\\/en\\\/\",\"name\":\"EN - FC Barcelona Noticias\",\"description\":\"\",\"potentialAction\":[{\"@type\":\"SearchAction\",\"target\":{\"@type\":\"EntryPoint\",\"urlTemplate\":\"https:\\\/\\\/www.fcbarcelonanoticias.com\\\/en\\\/?s={search_term_string}\"},\"query-input\":{\"@type\":\"PropertyValueSpecification\",\"valueRequired\":true,\"valueName\":\"search_term_string\"}}],\"inLanguage\":\"en-US\"},{\"@type\":\"Person\",\"@id\":\"https:\\\/\\\/www.fcbarcelonanoticias.com\\\/en\\\/#\\\/schema\\\/person\\\/f7c2a90edfe1134cfd813911ba5c0178\",\"name\":\"Reinaldo David\",\"image\":{\"@type\":\"ImageObject\",\"inLanguage\":\"en-US\",\"@id\":\"https:\\\/\\\/secure.gravatar.com\\\/avatar\\\/?s=96&d=mm&r=g\",\"url\":\"https:\\\/\\\/secure.gravatar.com\\\/avatar\\\/?s=96&d=mm&r=g\",\"contentUrl\":\"https:\\\/\\\/secure.gravatar.com\\\/avatar\\\/?s=96&d=mm&r=g\",\"caption\":\"Reinaldo David\"},\"description\":\"Licenciado en Periodismo y redactor en\u00a0FCBN. Encargado de traerte todos los d\u00edas\u00a0la \u00faltima hora del Bar\u00e7a y del mercado de traspasos. Analista de LaLiga, la Champions, la Copa del Rey tambi\u00e9n de las principales ligas y competiciones europeas.\",\"url\":\"https:\\\/\\\/www.fcbarcelonanoticias.com\\\/en\\\/reinaldo-david_37_115.html\"}]}<\/script>\n<!-- \/ Yoast SEO plugin. -->","yoast_head_json":{"title":"Flick's promise to Marc Bernal after the break: Will he return?","description":"Hansi Flick is waiting for the September FIFA deadline to pass before giving Marc Bernal playing time. The German coach is confident in the young Bar\u00e7a star.","robots":{"index":"index","follow":"follow","max-snippet":"max-snippet:-1","max-image-preview":"max-image-preview:large","max-video-preview":"max-video-preview:-1"},"canonical":"https:\/\/www.fcbarcelonanoticias.com\/en\/fc-barcelona\/flick-promise-to-marc-bernal-after-the-break-will-he-return_314362_102.html","og_locale":"en_US","og_type":"article","og_title":"Flick's promise to Marc Bernal after the break: Will he return?","og_description":"Hansi Flick is waiting for the September FIFA deadline to pass before giving Marc Bernal playing time. The German coach is confident in the young Bar\u00e7a star.","og_url":"https:\/\/www.fcbarcelonanoticias.com\/en\/fc-barcelona\/flick-promise-to-marc-bernal-after-the-break-will-he-return_314362_102.html","og_site_name":"EN - FC Barcelona Noticias","article_published_time":"2025-08-24T16:01:00+00:00","article_modified_time":"2026-04-16T07:46:24+00:00","og_image":[{"width":1200,"height":675,"url":"https:\/\/www.fcbarcelonanoticias.com\/en\/wp-content\/uploads\/sites\/2\/2025\/08\/marc-bernal-entrenamiento-2025.webp","type":"image\/webp"}],"author":"Reinaldo David","twitter_card":"summary_large_image","twitter_misc":{"Written by":"Reinaldo David","Est. reading time":"2 minutes"},"schema":{"@context":"https:\/\/schema.org","@graph":[{"@type":"Article","@id":"https:\/\/www.fcbarcelonanoticias.com\/en\/fc-barcelona\/flick-promise-to-marc-bernal-after-the-break-will-he-return_314362_102.html#article","isPartOf":{"@id":"https:\/\/www.fcbarcelonanoticias.com\/en\/fc-barcelona\/flick-promise-to-marc-bernal-after-the-break-will-he-return_314362_102.html"},"author":{"name":"Reinaldo David","@id":"https:\/\/www.fcbarcelonanoticias.com\/en\/#\/schema\/person\/f7c2a90edfe1134cfd813911ba5c0178"},"headline":"Flick has a plan for Marc Bernal after the break: Will he make his debut?","datePublished":"2025-08-24T16:01:00+00:00","dateModified":"2026-04-16T07:46:24+00:00","mainEntityOfPage":{"@id":"https:\/\/www.fcbarcelonanoticias.com\/en\/fc-barcelona\/flick-promise-to-marc-bernal-after-the-break-will-he-return_314362_102.html"},"wordCount":398,"image":{"@id":"https:\/\/www.fcbarcelonanoticias.com\/en\/fc-barcelona\/flick-promise-to-marc-bernal-after-the-break-will-he-return_314362_102.html#primaryimage"},"thumbnailUrl":"https:\/\/www.fcbarcelonanoticias.com\/en\/wp-content\/uploads\/sites\/2\/2025\/08\/marc-bernal-entrenamiento-2025.webp","keywords":["Marc Bernal","Marc Bernal"],"articleSection":["FC Barcelona"],"inLanguage":"en-US"},{"@type":"WebPage","@id":"https:\/\/www.fcbarcelonanoticias.com\/en\/fc-barcelona\/flick-promise-to-marc-bernal-after-the-break-will-he-return_314362_102.html","url":"https:\/\/www.fcbarcelonanoticias.com\/en\/fc-barcelona\/flick-promise-to-marc-bernal-after-the-break-will-he-return_314362_102.html","name":"Flick's promise to Marc Bernal after the break: Will he return?","isPartOf":{"@id":"https:\/\/www.fcbarcelonanoticias.com\/en\/#website"},"primaryImageOfPage":{"@id":"https:\/\/www.fcbarcelonanoticias.com\/en\/fc-barcelona\/flick-promise-to-marc-bernal-after-the-break-will-he-return_314362_102.html#primaryimage"},"image":{"@id":"https:\/\/www.fcbarcelonanoticias.com\/en\/fc-barcelona\/flick-promise-to-marc-bernal-after-the-break-will-he-return_314362_102.html#primaryimage"},"thumbnailUrl":"https:\/\/www.fcbarcelonanoticias.com\/en\/wp-content\/uploads\/sites\/2\/2025\/08\/marc-bernal-entrenamiento-2025.webp","datePublished":"2025-08-24T16:01:00+00:00","dateModified":"2026-04-16T07:46:24+00:00","author":{"@id":"https:\/\/www.fcbarcelonanoticias.com\/en\/#\/schema\/person\/f7c2a90edfe1134cfd813911ba5c0178"},"description":"Hansi Flick is waiting for the September FIFA deadline to pass before giving Marc Bernal playing time. The German coach is confident in the young Bar\u00e7a star.","breadcrumb":{"@id":"https:\/\/www.fcbarcelonanoticias.com\/en\/fc-barcelona\/flick-promise-to-marc-bernal-after-the-break-will-he-return_314362_102.html#breadcrumb"},"inLanguage":"en-US","potentialAction":[{"@type":"ReadAction","target":["https:\/\/www.fcbarcelonanoticias.com\/en\/fc-barcelona\/flick-promise-to-marc-bernal-after-the-break-will-he-return_314362_102.html"]}]},{"@type":"ImageObject","inLanguage":"en-US","@id":"https:\/\/www.fcbarcelonanoticias.com\/en\/fc-barcelona\/flick-promise-to-marc-bernal-after-the-break-will-he-return_314362_102.html#primaryimage","url":"https:\/\/www.fcbarcelonanoticias.com\/en\/wp-content\/uploads\/sites\/2\/2025\/08\/marc-bernal-entrenamiento-2025.webp","contentUrl":"https:\/\/www.fcbarcelonanoticias.com\/en\/wp-content\/uploads\/sites\/2\/2025\/08\/marc-bernal-entrenamiento-2025.webp","width":1200,"height":675},{"@type":"BreadcrumbList","@id":"https:\/\/www.fcbarcelonanoticias.com\/en\/fc-barcelona\/flick-promise-to-marc-bernal-after-the-break-will-he-return_314362_102.html#breadcrumb","itemListElement":[{"@type":"ListItem","position":1,"name":"Portada","item":"https:\/\/www.fcbarcelonanoticias.com\/en\/"},{"@type":"ListItem","position":2,"name":"Flick has a plan for Marc Bernal after the break: Will he make his debut?"}]},{"@type":"WebSite","@id":"https:\/\/www.fcbarcelonanoticias.com\/en\/#website","url":"https:\/\/www.fcbarcelonanoticias.com\/en\/","name":"EN - FC Barcelona Noticias","description":"","potentialAction":[{"@type":"SearchAction","target":{"@type":"EntryPoint","urlTemplate":"https:\/\/www.fcbarcelonanoticias.com\/en\/?s={search_term_string}"},"query-input":{"@type":"PropertyValueSpecification","valueRequired":true,"valueName":"search_term_string"}}],"inLanguage":"en-US"},{"@type":"Person","@id":"https:\/\/www.fcbarcelonanoticias.com\/en\/#\/schema\/person\/f7c2a90edfe1134cfd813911ba5c0178","name":"Reinaldo David","image":{"@type":"ImageObject","inLanguage":"en-US","@id":"https:\/\/secure.gravatar.com\/avatar\/?s=96&d=mm&r=g","url":"https:\/\/secure.gravatar.com\/avatar\/?s=96&d=mm&r=g","contentUrl":"https:\/\/secure.gravatar.com\/avatar\/?s=96&d=mm&r=g","caption":"Reinaldo David"},"description":"Licenciado en Periodismo y redactor en\u00a0FCBN. Encargado de traerte todos los d\u00edas\u00a0la \u00faltima hora del Bar\u00e7a y del mercado de traspasos. Analista de LaLiga, la Champions, la Copa del Rey tambi\u00e9n de las principales ligas y competiciones europeas.","url":"https:\/\/www.fcbarcelonanoticias.com\/en\/reinaldo-david_37_115.html"}]}},"_links":{"self":[{"href":"https:\/\/www.fcbarcelonanoticias.com\/en\/wp-json\/wp\/v2\/posts\/19861","targetHints":{"allow":["GET"]}}],"collection":[{"href":"https:\/\/www.fcbarcelonanoticias.com\/en\/wp-json\/wp\/v2\/posts"}],"about":[{"href":"https:\/\/www.fcbarcelonanoticias.com\/en\/wp-json\/wp\/v2\/types\/post"}],"author":[{"embeddable":true,"href":"https:\/\/www.fcbarcelonanoticias.com\/en\/wp-json\/wp\/v2\/users\/362"}],"replies":[{"embeddable":true,"href":"https:\/\/www.fcbarcelonanoticias.com\/en\/wp-json\/wp\/v2\/comments?post=19861"}],"version-history":[{"count":3,"href":"https:\/\/www.fcbarcelonanoticias.com\/en\/wp-json\/wp\/v2\/posts\/19861\/revisions"}],"predecessor-version":[{"id":179932,"href":"https:\/\/www.fcbarcelonanoticias.com\/en\/wp-json\/wp\/v2\/posts\/19861\/revisions\/179932"}],"wp:featuredmedia":[{"embeddable":true,"href":"https:\/\/www.fcbarcelonanoticias.com\/en\/wp-json\/wp\/v2\/media\/19863"}],"wp:attachment":[{"href":"https:\/\/www.fcbarcelonanoticias.com\/en\/wp-json\/wp\/v2\/media?parent=19861"}],"wp:term":[{"taxonomy":"category","embeddable":true,"href":"https:\/\/www.fcbarcelonanoticias.com\/en\/wp-json\/wp\/v2\/categories?post=19861"},{"taxonomy":"post_tag","embeddable":true,"href":"https:\/\/www.fcbarcelonanoticias.com\/en\/wp-json\/wp\/v2\/tags?post=19861"}],"curies":[{"name":"wp","href":"https:\/\/api.w.org\/{rel}","templated":true}]}}