{"id":19884,"date":"2025-03-22T14:57:00","date_gmt":"2025-03-22T13:57:00","guid":{"rendered":"https:\/\/weisetech.dev\/fc-barcelona-noticias\/en\/how-long-will-pau-cubarsi-be-out-details-of-his-injury_311653_102\/"},"modified":"2025-03-22T14:57:00","modified_gmt":"2025-03-22T13:57:00","slug":"how-long-will-pau-cubarsi-be-out-details-of-his-injury_311653_102","status":"publish","type":"post","link":"https:\/\/www.fcbarcelonanoticias.com\/en\/fc-barcelona\/how-long-will-pau-cubarsi-be-out-details-of-his-injury_311653_102.html","title":{"rendered":"Medical report on Cubars\u00ed: the center-back could play in Bar\u00e7a-Osasuna"},"content":{"rendered":"<h2 class=\"wp-block-heading\">Pau Cubars\u00ed gets injured: How long could he be out?<\/h2>  \r\n<div class=\"article-addons\">\r\n    <a href=\"https:\/\/www.fcbarcelonanoticias.com\/en\/calendar-fc-barcelona.html\"\r\n       target=\"_self\"\r\n       title=\"Calendar of FC Barcelona\"\r\n       class=\"blue-gredient-btn\">\r\n       \r\n        Calendar of FC Barcelona    <\/a>\r\n<\/div>   <p>The initial tests conducted on Saturday on Pau Cubars\u00ed identified <strong>a&nbsp;strain of the anterior tibiofibular ligament in the right ankle<\/strong>, sustained during the first half of the match between Spain and the Netherlands held on Thursday in Rotterdam. The FC Barcelona center-back left the field in the 40th minute due to a strong tackle from former Bar\u00e7a forward, Memphis Depay.<\/p>  <p>Initially, Luis de la Fuente and the medical staff of the National Team considered it to be just a bruise, but <a data-external=\"0\" data-intl-links-en=\"https:\/\/www.fcbarcelonanoticias.com\/en\/fc-barcelona\/hansi-flick-and-fc-barcelona-celebrate-pau-cubarsi-has-no-serious-injury_311636_102.html\" data-intl-links-es=\"https:\/\/www.fcbarcelonanoticias.com\/fc-barcelona\/alivio-hansi-flick-barca-pau-cubarsi-no-tendria-ninguna-lesion-gravedad_311636_102.html\" href=\"https:\/\/www.fcbarcelonanoticias.com\/en\/fc-barcelona\/hansi-flick-and-fc-barcelona-celebrate-pau-cubarsi-has-no-serious-injury_311636_102.html\" rel=\"follow\" target=\"_self\" title=\"Attention, FC Barcelona: Pau Cubars\u00ed leaves Spain's camp due to ankle discomfort\">Barcelona requested the Federation for the return of the 18-year-old defender as a precaution<\/a>, which finally happened on Friday. However, the coaching staff of La Roja believed that Pau could be available for the rematch against the Netherlands this Sunday.<\/p>  <div data-oembed-url=\"https:\/\/x.com\/FCBarcelona_es\/status\/1903409247041278416\"> <blockquote align=\"center\" class=\"twitter-tweet\" data-dnt=\"true\"> <p dir=\"ltr\" lang=\"es\">\ud83d\udea8 \ud835\udc0c\ud835\udc04\ud835\udc03\ud835\udc08\ud835\udc02\ud835\udc00\ud835\udc0b \ud835\udc02\ud835\udc0e\ud835\udc0c\ud835\udc0c\ud835\udc14\ud835\udc0d\ud835\udc08\ud835\udc10\ud835\udc14\ud835\udc04 \ud83d\udea8<br><br> The tests conducted this morning at the Joan Gamper Sports City have shown that first team player \ud835\udc0f\ud835\udc1a\ud835\udc2e \ud835\udc02\ud835\udc2e\ud835\udc1b\ud835\udc1a\ud835\udc2b\ud835\udc2c\ud835\udc22\u0301 has a strain of the anterior tibiofibular ligament in the right ankle. He will continue treatment\u2026 <a href=\"https:\/\/t.co\/en\/IbzLXxS82B\">pic.twitter.com\/IbzLXxS82B<\/a><\/p> \u2014 FC Barcelona (@FCBarcelona_es) <a href=\"https:\/\/twitter.com\/en\/FCBarcelona_es\/status\/1903409247041278416?ref_src=twsrc%5Etfw\">March 22, 2025<\/a> <\/blockquote>  <\/div>  <h2>How long could Pau Cubars\u00ed be out?<\/h2>  <p>Finally, the tests conducted by the Bar\u00e7a doctors identified an injury whose recovery time cannot yet be specified, as it will depend on how the player responds to conservative treatment. Generally, <strong>strains in the tibiofibular ligament usually require rest of 1 to 3 weeks, as long as they are mild<\/strong>. If the strain is moderate, the recovery time doubles, from 3 to 6 weeks.<\/p>  <p>On the other hand, if it is a severe problem that leads to a partial tear of the ligament, the player could be out for 6 to 12 weeks. <strong>In Cubars\u00ed&#8217;s case, all signs point to it being a mild injury<\/strong>, so his presence in <a data-external=\"0\" data-intl-links-en=\"https:\/\/www.fcbarcelonanoticias.com\/en\/laliga\/injuries-at-barcelona-inigo-martinez-and-his-possible-return-against-osasuna_311646_102.html\" data-intl-links-es=\"https:\/\/www.fcbarcelonanoticias.com\/laliga\/lesiones-barcelona-inigo-martinez-posible-regreso-osasuna_311646_102.html\" href=\"https:\/\/www.fcbarcelonanoticias.com\/en\/laliga\/injuries-at-barcelona-inigo-martinez-and-his-possible-return-against-osasuna_311646_102.html\" rel=\"follow\" target=\"_self\" title=\"Injuries at Bar\u00e7a: I\u00f1igo Mart\u00ednez and his possible return against Osasuna\">the rescheduled match of matchday 27 of La Liga against Osasuna<\/a> is not yet ruled out. That day, the center-back will have completed a week since suffering the ankle blow, so the inflammation in the area should have subsided by then.<\/p>  <h2>Barcelona, cautious about Pau Cubars\u00ed&#8217;s return<\/h2>  <p>Beyond that, the club will conduct further tests 48 hours later (on Monday) to determine the extent of the injury and the actual recovery time. <strong>Cubars\u00ed has accumulated 3,195 minutes of action spread over 42 matches this season<\/strong> and has only missed the return leg of the Champions League round of 16 against Benfica due to suspension.<\/p>  <p>In the rest of the competitions (La Liga, Cup, and Supercup) <strong>he has played minutes in all matches contested by the team managed by Hansi Flick<\/strong>. However, the coach will not take any risks with the player from Estanyol and is likely to reserve him for the match on Sunday the 30th against Girona (La Liga) or, alternatively, for the return leg of the Cup semifinals against Atl\u00e9tico de Madrid, on Wednesday, April 2 at the Metropolitano.<\/p> ","protected":false},"excerpt":{"rendered":"<p>Pau Cubars\u00ed gets injured: How long could he be out? The initial tests conducted on Saturday on Pau Cubars\u00ed identified a&nbsp;strain of the anterior tibiofibular ligament in the right ankle, sustained during the first half of the match between Spain and the Netherlands held on Thursday in Rotterdam. The FC Barcelona center-back left the field [&hellip;]<\/p>\n","protected":false},"author":347,"featured_media":5865,"comment_status":"closed","ping_status":"open","sticky":false,"template":"","format":"standard","meta":{"_acf_changed":false,"inline_featured_image":false,"_nextfly_llmd_date_locked":false,"footnotes":""},"categories":[111],"tags":[136],"class_list":["post-19884","post","type-post","status-publish","format-standard","has-post-thumbnail","hentry","category-fc-barcelona","tag-injured"],"acf":[],"yoast_head":"<!-- This site is optimized with the Yoast SEO plugin v27.3 - https:\/\/yoast.com\/product\/yoast-seo-wordpress\/ -->\n<title>How long will Pau Cubars\u00ed be out? Details of his injury<\/title>\n<meta name=\"description\" content=\"How long will Pau Cubars\u00ed be out? Learn the details of his injury.\" \/>\n<meta name=\"robots\" content=\"index, follow, max-snippet:-1, max-image-preview:large, max-video-preview:-1\" \/>\n<link rel=\"canonical\" href=\"https:\/\/www.fcbarcelonanoticias.com\/en\/fc-barcelona\/how-long-will-pau-cubarsi-be-out-details-of-his-injury_311653_102.html\" \/>\n<meta property=\"og:locale\" content=\"en_US\" \/>\n<meta property=\"og:type\" content=\"article\" \/>\n<meta property=\"og:title\" content=\"How long will Pau Cubars\u00ed be out? Details of his injury\" \/>\n<meta property=\"og:description\" content=\"How long will Pau Cubars\u00ed be out? Learn the details of his injury.\" \/>\n<meta property=\"og:url\" content=\"https:\/\/www.fcbarcelonanoticias.com\/en\/fc-barcelona\/how-long-will-pau-cubarsi-be-out-details-of-his-injury_311653_102.html\" \/>\n<meta property=\"og:site_name\" content=\"EN - FC Barcelona Noticias\" \/>\n<meta property=\"article:published_time\" content=\"2025-03-22T13:57:00+00:00\" \/>\n<meta property=\"og:image\" content=\"https:\/\/www.fcbarcelonanoticias.com\/en\/wp-content\/uploads\/sites\/2\/2025\/03\/pau-cubarsi-v-benfica.jpeg\" \/>\n\t<meta property=\"og:image:width\" content=\"1200\" \/>\n\t<meta property=\"og:image:height\" content=\"675\" \/>\n\t<meta property=\"og:image:type\" content=\"image\/jpeg\" \/>\n<meta name=\"author\" content=\"Andr\u00e9s Quiroz\" \/>\n<meta name=\"twitter:card\" content=\"summary_large_image\" \/>\n<meta name=\"twitter:label1\" content=\"Written by\" \/>\n\t<meta name=\"twitter:data1\" content=\"Andr\u00e9s Quiroz\" \/>\n\t<meta name=\"twitter:label2\" content=\"Est. reading time\" \/>\n\t<meta name=\"twitter:data2\" content=\"2 minutes\" \/>\n<script type=\"application\/ld+json\" class=\"yoast-schema-graph\">{\"@context\":\"https:\\\/\\\/schema.org\",\"@graph\":[{\"@type\":\"Article\",\"@id\":\"https:\\\/\\\/www.fcbarcelonanoticias.com\\\/en\\\/fc-barcelona\\\/how-long-will-pau-cubarsi-be-out-details-of-his-injury_311653_102.html#article\",\"isPartOf\":{\"@id\":\"https:\\\/\\\/www.fcbarcelonanoticias.com\\\/en\\\/fc-barcelona\\\/how-long-will-pau-cubarsi-be-out-details-of-his-injury_311653_102.html\"},\"author\":{\"name\":\"Andr\u00e9s Quiroz\",\"@id\":\"https:\\\/\\\/www.fcbarcelonanoticias.com\\\/en\\\/#\\\/schema\\\/person\\\/c2cd9f6fa1af5c0d0eccd0fefa575c88\"},\"headline\":\"Medical report on Cubars\u00ed: the center-back could play in Bar\u00e7a-Osasuna\",\"datePublished\":\"2025-03-22T13:57:00+00:00\",\"mainEntityOfPage\":{\"@id\":\"https:\\\/\\\/www.fcbarcelonanoticias.com\\\/en\\\/fc-barcelona\\\/how-long-will-pau-cubarsi-be-out-details-of-his-injury_311653_102.html\"},\"wordCount\":477,\"image\":{\"@id\":\"https:\\\/\\\/www.fcbarcelonanoticias.com\\\/en\\\/fc-barcelona\\\/how-long-will-pau-cubarsi-be-out-details-of-his-injury_311653_102.html#primaryimage\"},\"thumbnailUrl\":\"https:\\\/\\\/www.fcbarcelonanoticias.com\\\/en\\\/wp-content\\\/uploads\\\/sites\\\/2\\\/2025\\\/03\\\/pau-cubarsi-v-benfica.jpeg\",\"keywords\":[\"injured\"],\"articleSection\":[\"FC Barcelona\"],\"inLanguage\":\"en-US\"},{\"@type\":\"WebPage\",\"@id\":\"https:\\\/\\\/www.fcbarcelonanoticias.com\\\/en\\\/fc-barcelona\\\/how-long-will-pau-cubarsi-be-out-details-of-his-injury_311653_102.html\",\"url\":\"https:\\\/\\\/www.fcbarcelonanoticias.com\\\/en\\\/fc-barcelona\\\/how-long-will-pau-cubarsi-be-out-details-of-his-injury_311653_102.html\",\"name\":\"How long will Pau Cubars\u00ed be out? Details of his injury\",\"isPartOf\":{\"@id\":\"https:\\\/\\\/www.fcbarcelonanoticias.com\\\/en\\\/#website\"},\"primaryImageOfPage\":{\"@id\":\"https:\\\/\\\/www.fcbarcelonanoticias.com\\\/en\\\/fc-barcelona\\\/how-long-will-pau-cubarsi-be-out-details-of-his-injury_311653_102.html#primaryimage\"},\"image\":{\"@id\":\"https:\\\/\\\/www.fcbarcelonanoticias.com\\\/en\\\/fc-barcelona\\\/how-long-will-pau-cubarsi-be-out-details-of-his-injury_311653_102.html#primaryimage\"},\"thumbnailUrl\":\"https:\\\/\\\/www.fcbarcelonanoticias.com\\\/en\\\/wp-content\\\/uploads\\\/sites\\\/2\\\/2025\\\/03\\\/pau-cubarsi-v-benfica.jpeg\",\"datePublished\":\"2025-03-22T13:57:00+00:00\",\"author\":{\"@id\":\"https:\\\/\\\/www.fcbarcelonanoticias.com\\\/en\\\/#\\\/schema\\\/person\\\/c2cd9f6fa1af5c0d0eccd0fefa575c88\"},\"description\":\"How long will Pau Cubars\u00ed be out? Learn the details of his injury.\",\"breadcrumb\":{\"@id\":\"https:\\\/\\\/www.fcbarcelonanoticias.com\\\/en\\\/fc-barcelona\\\/how-long-will-pau-cubarsi-be-out-details-of-his-injury_311653_102.html#breadcrumb\"},\"inLanguage\":\"en-US\",\"potentialAction\":[{\"@type\":\"ReadAction\",\"target\":[\"https:\\\/\\\/www.fcbarcelonanoticias.com\\\/en\\\/fc-barcelona\\\/how-long-will-pau-cubarsi-be-out-details-of-his-injury_311653_102.html\"]}]},{\"@type\":\"ImageObject\",\"inLanguage\":\"en-US\",\"@id\":\"https:\\\/\\\/www.fcbarcelonanoticias.com\\\/en\\\/fc-barcelona\\\/how-long-will-pau-cubarsi-be-out-details-of-his-injury_311653_102.html#primaryimage\",\"url\":\"https:\\\/\\\/www.fcbarcelonanoticias.com\\\/en\\\/wp-content\\\/uploads\\\/sites\\\/2\\\/2025\\\/03\\\/pau-cubarsi-v-benfica.jpeg\",\"contentUrl\":\"https:\\\/\\\/www.fcbarcelonanoticias.com\\\/en\\\/wp-content\\\/uploads\\\/sites\\\/2\\\/2025\\\/03\\\/pau-cubarsi-v-benfica.jpeg\",\"width\":1200,\"height\":675},{\"@type\":\"BreadcrumbList\",\"@id\":\"https:\\\/\\\/www.fcbarcelonanoticias.com\\\/en\\\/fc-barcelona\\\/how-long-will-pau-cubarsi-be-out-details-of-his-injury_311653_102.html#breadcrumb\",\"itemListElement\":[{\"@type\":\"ListItem\",\"position\":1,\"name\":\"Portada\",\"item\":\"https:\\\/\\\/www.fcbarcelonanoticias.com\\\/en\\\/\"},{\"@type\":\"ListItem\",\"position\":2,\"name\":\"Medical report on Cubars\u00ed: the center-back could play in Bar\u00e7a-Osasuna\"}]},{\"@type\":\"WebSite\",\"@id\":\"https:\\\/\\\/www.fcbarcelonanoticias.com\\\/en\\\/#website\",\"url\":\"https:\\\/\\\/www.fcbarcelonanoticias.com\\\/en\\\/\",\"name\":\"EN - FC Barcelona Noticias\",\"description\":\"\",\"potentialAction\":[{\"@type\":\"SearchAction\",\"target\":{\"@type\":\"EntryPoint\",\"urlTemplate\":\"https:\\\/\\\/www.fcbarcelonanoticias.com\\\/en\\\/?s={search_term_string}\"},\"query-input\":{\"@type\":\"PropertyValueSpecification\",\"valueRequired\":true,\"valueName\":\"search_term_string\"}}],\"inLanguage\":\"en-US\"},{\"@type\":\"Person\",\"@id\":\"https:\\\/\\\/www.fcbarcelonanoticias.com\\\/en\\\/#\\\/schema\\\/person\\\/c2cd9f6fa1af5c0d0eccd0fefa575c88\",\"name\":\"Andr\u00e9s Quiroz\",\"image\":{\"@type\":\"ImageObject\",\"inLanguage\":\"en-US\",\"@id\":\"https:\\\/\\\/secure.gravatar.com\\\/avatar\\\/?s=96&d=mm&r=g\",\"url\":\"https:\\\/\\\/secure.gravatar.com\\\/avatar\\\/?s=96&d=mm&r=g\",\"contentUrl\":\"https:\\\/\\\/secure.gravatar.com\\\/avatar\\\/?s=96&d=mm&r=g\",\"caption\":\"Andr\u00e9s Quiroz\"},\"description\":\"Licenciado en Periodismo por la Universidad de los Andes. Me encargo de analizar y compartir los contenidos m\u00e1s destacados de la\u00a0actualidad del F\u00fatbol Club Barcelona, Mercado de Fichajes y F\u00fatbol Internacional en FCBN. La informaci\u00f3n es poder, pero tambi\u00e9n conocimiento.\",\"url\":\"https:\\\/\\\/www.fcbarcelonanoticias.com\\\/en\\\/fc-barcelona\\\/andres-quiroz_17_115.html\"}]}<\/script>\n<!-- \/ Yoast SEO plugin. -->","yoast_head_json":{"title":"How long will Pau Cubars\u00ed be out? Details of his injury","description":"How long will Pau Cubars\u00ed be out? Learn the details of his injury.","robots":{"index":"index","follow":"follow","max-snippet":"max-snippet:-1","max-image-preview":"max-image-preview:large","max-video-preview":"max-video-preview:-1"},"canonical":"https:\/\/www.fcbarcelonanoticias.com\/en\/fc-barcelona\/how-long-will-pau-cubarsi-be-out-details-of-his-injury_311653_102.html","og_locale":"en_US","og_type":"article","og_title":"How long will Pau Cubars\u00ed be out? Details of his injury","og_description":"How long will Pau Cubars\u00ed be out? Learn the details of his injury.","og_url":"https:\/\/www.fcbarcelonanoticias.com\/en\/fc-barcelona\/how-long-will-pau-cubarsi-be-out-details-of-his-injury_311653_102.html","og_site_name":"EN - FC Barcelona Noticias","article_published_time":"2025-03-22T13:57:00+00:00","og_image":[{"width":1200,"height":675,"url":"https:\/\/www.fcbarcelonanoticias.com\/en\/wp-content\/uploads\/sites\/2\/2025\/03\/pau-cubarsi-v-benfica.jpeg","type":"image\/jpeg"}],"author":"Andr\u00e9s Quiroz","twitter_card":"summary_large_image","twitter_misc":{"Written by":"Andr\u00e9s Quiroz","Est. reading time":"2 minutes"},"schema":{"@context":"https:\/\/schema.org","@graph":[{"@type":"Article","@id":"https:\/\/www.fcbarcelonanoticias.com\/en\/fc-barcelona\/how-long-will-pau-cubarsi-be-out-details-of-his-injury_311653_102.html#article","isPartOf":{"@id":"https:\/\/www.fcbarcelonanoticias.com\/en\/fc-barcelona\/how-long-will-pau-cubarsi-be-out-details-of-his-injury_311653_102.html"},"author":{"name":"Andr\u00e9s Quiroz","@id":"https:\/\/www.fcbarcelonanoticias.com\/en\/#\/schema\/person\/c2cd9f6fa1af5c0d0eccd0fefa575c88"},"headline":"Medical report on Cubars\u00ed: the center-back could play in Bar\u00e7a-Osasuna","datePublished":"2025-03-22T13:57:00+00:00","mainEntityOfPage":{"@id":"https:\/\/www.fcbarcelonanoticias.com\/en\/fc-barcelona\/how-long-will-pau-cubarsi-be-out-details-of-his-injury_311653_102.html"},"wordCount":477,"image":{"@id":"https:\/\/www.fcbarcelonanoticias.com\/en\/fc-barcelona\/how-long-will-pau-cubarsi-be-out-details-of-his-injury_311653_102.html#primaryimage"},"thumbnailUrl":"https:\/\/www.fcbarcelonanoticias.com\/en\/wp-content\/uploads\/sites\/2\/2025\/03\/pau-cubarsi-v-benfica.jpeg","keywords":["injured"],"articleSection":["FC Barcelona"],"inLanguage":"en-US"},{"@type":"WebPage","@id":"https:\/\/www.fcbarcelonanoticias.com\/en\/fc-barcelona\/how-long-will-pau-cubarsi-be-out-details-of-his-injury_311653_102.html","url":"https:\/\/www.fcbarcelonanoticias.com\/en\/fc-barcelona\/how-long-will-pau-cubarsi-be-out-details-of-his-injury_311653_102.html","name":"How long will Pau Cubars\u00ed be out? Details of his injury","isPartOf":{"@id":"https:\/\/www.fcbarcelonanoticias.com\/en\/#website"},"primaryImageOfPage":{"@id":"https:\/\/www.fcbarcelonanoticias.com\/en\/fc-barcelona\/how-long-will-pau-cubarsi-be-out-details-of-his-injury_311653_102.html#primaryimage"},"image":{"@id":"https:\/\/www.fcbarcelonanoticias.com\/en\/fc-barcelona\/how-long-will-pau-cubarsi-be-out-details-of-his-injury_311653_102.html#primaryimage"},"thumbnailUrl":"https:\/\/www.fcbarcelonanoticias.com\/en\/wp-content\/uploads\/sites\/2\/2025\/03\/pau-cubarsi-v-benfica.jpeg","datePublished":"2025-03-22T13:57:00+00:00","author":{"@id":"https:\/\/www.fcbarcelonanoticias.com\/en\/#\/schema\/person\/c2cd9f6fa1af5c0d0eccd0fefa575c88"},"description":"How long will Pau Cubars\u00ed be out? Learn the details of his injury.","breadcrumb":{"@id":"https:\/\/www.fcbarcelonanoticias.com\/en\/fc-barcelona\/how-long-will-pau-cubarsi-be-out-details-of-his-injury_311653_102.html#breadcrumb"},"inLanguage":"en-US","potentialAction":[{"@type":"ReadAction","target":["https:\/\/www.fcbarcelonanoticias.com\/en\/fc-barcelona\/how-long-will-pau-cubarsi-be-out-details-of-his-injury_311653_102.html"]}]},{"@type":"ImageObject","inLanguage":"en-US","@id":"https:\/\/www.fcbarcelonanoticias.com\/en\/fc-barcelona\/how-long-will-pau-cubarsi-be-out-details-of-his-injury_311653_102.html#primaryimage","url":"https:\/\/www.fcbarcelonanoticias.com\/en\/wp-content\/uploads\/sites\/2\/2025\/03\/pau-cubarsi-v-benfica.jpeg","contentUrl":"https:\/\/www.fcbarcelonanoticias.com\/en\/wp-content\/uploads\/sites\/2\/2025\/03\/pau-cubarsi-v-benfica.jpeg","width":1200,"height":675},{"@type":"BreadcrumbList","@id":"https:\/\/www.fcbarcelonanoticias.com\/en\/fc-barcelona\/how-long-will-pau-cubarsi-be-out-details-of-his-injury_311653_102.html#breadcrumb","itemListElement":[{"@type":"ListItem","position":1,"name":"Portada","item":"https:\/\/www.fcbarcelonanoticias.com\/en\/"},{"@type":"ListItem","position":2,"name":"Medical report on Cubars\u00ed: the center-back could play in Bar\u00e7a-Osasuna"}]},{"@type":"WebSite","@id":"https:\/\/www.fcbarcelonanoticias.com\/en\/#website","url":"https:\/\/www.fcbarcelonanoticias.com\/en\/","name":"EN - FC Barcelona Noticias","description":"","potentialAction":[{"@type":"SearchAction","target":{"@type":"EntryPoint","urlTemplate":"https:\/\/www.fcbarcelonanoticias.com\/en\/?s={search_term_string}"},"query-input":{"@type":"PropertyValueSpecification","valueRequired":true,"valueName":"search_term_string"}}],"inLanguage":"en-US"},{"@type":"Person","@id":"https:\/\/www.fcbarcelonanoticias.com\/en\/#\/schema\/person\/c2cd9f6fa1af5c0d0eccd0fefa575c88","name":"Andr\u00e9s Quiroz","image":{"@type":"ImageObject","inLanguage":"en-US","@id":"https:\/\/secure.gravatar.com\/avatar\/?s=96&d=mm&r=g","url":"https:\/\/secure.gravatar.com\/avatar\/?s=96&d=mm&r=g","contentUrl":"https:\/\/secure.gravatar.com\/avatar\/?s=96&d=mm&r=g","caption":"Andr\u00e9s Quiroz"},"description":"Licenciado en Periodismo por la Universidad de los Andes. Me encargo de analizar y compartir los contenidos m\u00e1s destacados de la\u00a0actualidad del F\u00fatbol Club Barcelona, Mercado de Fichajes y F\u00fatbol Internacional en FCBN. La informaci\u00f3n es poder, pero tambi\u00e9n conocimiento.","url":"https:\/\/www.fcbarcelonanoticias.com\/en\/fc-barcelona\/andres-quiroz_17_115.html"}]}},"_links":{"self":[{"href":"https:\/\/www.fcbarcelonanoticias.com\/en\/wp-json\/wp\/v2\/posts\/19884","targetHints":{"allow":["GET"]}}],"collection":[{"href":"https:\/\/www.fcbarcelonanoticias.com\/en\/wp-json\/wp\/v2\/posts"}],"about":[{"href":"https:\/\/www.fcbarcelonanoticias.com\/en\/wp-json\/wp\/v2\/types\/post"}],"author":[{"embeddable":true,"href":"https:\/\/www.fcbarcelonanoticias.com\/en\/wp-json\/wp\/v2\/users\/347"}],"replies":[{"embeddable":true,"href":"https:\/\/www.fcbarcelonanoticias.com\/en\/wp-json\/wp\/v2\/comments?post=19884"}],"version-history":[{"count":1,"href":"https:\/\/www.fcbarcelonanoticias.com\/en\/wp-json\/wp\/v2\/posts\/19884\/revisions"}],"predecessor-version":[{"id":104257,"href":"https:\/\/www.fcbarcelonanoticias.com\/en\/wp-json\/wp\/v2\/posts\/19884\/revisions\/104257"}],"wp:featuredmedia":[{"embeddable":true,"href":"https:\/\/www.fcbarcelonanoticias.com\/en\/wp-json\/wp\/v2\/media\/5865"}],"wp:attachment":[{"href":"https:\/\/www.fcbarcelonanoticias.com\/en\/wp-json\/wp\/v2\/media?parent=19884"}],"wp:term":[{"taxonomy":"category","embeddable":true,"href":"https:\/\/www.fcbarcelonanoticias.com\/en\/wp-json\/wp\/v2\/categories?post=19884"},{"taxonomy":"post_tag","embeddable":true,"href":"https:\/\/www.fcbarcelonanoticias.com\/en\/wp-json\/wp\/v2\/tags?post=19884"}],"curies":[{"name":"wp","href":"https:\/\/api.w.org\/{rel}","templated":true}]}}