{"id":19936,"date":"2024-09-27T18:14:00","date_gmt":"2024-09-27T16:14:00","guid":{"rendered":"https:\/\/weisetech.dev\/fc-barcelona-noticias\/en\/flick-clears-up-doubts-about-inaki-pena-role-after-rumors-of-the-possible-signing-of-szcz-sny_307539_102\/"},"modified":"2024-09-28T17:23:00","modified_gmt":"2024-09-28T15:23:00","slug":"flick-clears-up-doubts-about-inaki-pena-role-after-rumors-of-the-possible-signing-of-szcz-sny_307539_102","status":"publish","type":"post","link":"https:\/\/www.fcbarcelonanoticias.com\/en\/fc-barcelona\/flick-clears-up-doubts-about-inaki-pena-role-after-rumors-of-the-possible-signing-of-szcz-sny_307539_102.html","title":{"rendered":"Flick clears up doubts about I\u00f1aki Pe\u00f1a&#8217;s role after rumors of the possible signing of Szcz\u0119sny"},"content":{"rendered":"<h2 class=\"wp-block-heading\">I\u00f1aki Pe\u00f1a&#8217;s role at FC Barcelona after Ter Stegen&#8217;s injury has been the subject of intense debates. However, Hansi Flick has come on stage to dispel any rumors about the Alicante-born player&#8217;s role in the team<\/h2>  \r\n<div class=\"article-addons\">\r\n    <a href=\"https:\/\/www.fcbarcelonanoticias.com\/en\/calendar-fc-barcelona.html\"\r\n       target=\"_self\"\r\n       title=\"Calendar of FC Barcelona\"\r\n       class=\"blue-gredient-btn\">\r\n       \r\n        Calendar of FC Barcelona    <\/a>\r\n<\/div>   <p>The injury to <strong>Marc-Andr\u00e9 ter Stegen<\/strong>, in addition to representing a very tough blow for <strong>FC Barcelona<\/strong>, both due to the severity of his physical setback (complete rupture of the patellar tendon in the right knee) and its prolonged duration (seven to eight months), has posed a real dilemma for the Barcelona sports management. Why?<\/p>  <p>Now, from <strong>Bar\u00e7a<\/strong>, they must consider whether to opt for searching the free agent market, an option that is increasingly seeming more feasible with <strong>Wojciech Szcz\u0119sny<\/strong> as the leading candidate. However, another option is also looming in the air: to rely solely on <strong>I\u00f1aki Pe\u00f1a<\/strong> as the starting goalkeeper, backed by <strong>Ander Astralaga<\/strong> and <strong>Diego Kochen<\/strong>.<\/p>  <p>The latter option seems to be the least popular, why? Apparently, there is no clear reason, but there is a feeling that a sector of the Bar\u00e7a fans does not fully trust the goalkeeper from Alicante. This might be due to his performance last season when he replaced <strong>Marc-Andr\u00e9 ter Stegen<\/strong> in 17 matches. Despite having standout performances, he also showed certain weaknesses and a lack of confidence, which was reflected in <strong>32 goals conceded and three clean sheets<\/strong> in those games.<\/p>  <p>However, everything indicates that although the arrival of an experienced goalkeeper like Szcz\u0119sny is quite likely, and even though he could eventually secure the starting position due to his experience and performance, it is not a foregone conclusion. <strong>I\u00f1aki Pe\u00f1a<\/strong> will have the opportunity to compete for the starting role on equal terms with the Pole.<\/p>  <h2>I\u00f1aki Pe\u00f1a continues to feature in Hansi Flick&#8217;s plans<\/h2>  <p>Recently, <strong>Hansi Flick<\/strong> stated in the press conference before the FC Barcelona match against CA Osasuna that <strong>I\u00f1aki Pe\u00f1a<\/strong> does have the chance to be the starting goalkeeper for the Bar\u00e7a team for the remainder of the 2024\/25 season. &#8220;Yes, he can be (a starter for the entire season). He is working well. <strong>The confidence he can have from game to game is very good.<\/strong> We have to wait,&#8221; he concluded.<\/p>  <p>Furthermore, <strong>Flick<\/strong> also emphasized that the Alicante-born player has been involved in all meetings and has shown a good performance in training, positioning him as a serious contender for the goalkeeper position. &#8220;<strong>I\u00f1aki Pe\u00f1a<\/strong> has been involved in all the meetings and all the work we have done. <strong>In the last match, a very good connection was seen between I\u00f1aki and his teammates.<\/strong> He is here to improve, and tomorrow is another step forward,&#8221; he concluded.<\/p>  <p>It will be interesting to see how the dynamics of the Bar\u00e7a goalkeepers unfold if Szcz\u0119sny arrives. While it is acknowledged that the Pole, in his best form, is a top-level goalkeeper and a clear candidate for the starting position, <strong>it is clear that I\u00f1aki Pe\u00f1a could also be an important support<\/strong> if he continues to get regular playing opportunities, fostering intense competition for the Bar\u00e7a goal.<\/p> ","protected":false},"excerpt":{"rendered":"<p>I\u00f1aki Pe\u00f1a&#8217;s role at FC Barcelona after Ter Stegen&#8217;s injury has been the subject of intense debates. However, Hansi Flick has come on stage to dispel any rumors about the Alicante-born player&#8217;s role in the team The injury to Marc-Andr\u00e9 ter Stegen, in addition to representing a very tough blow for FC Barcelona, both due [&hellip;]<\/p>\n","protected":false},"author":355,"featured_media":105674,"comment_status":"closed","ping_status":"open","sticky":false,"template":"","format":"standard","meta":{"_acf_changed":false,"inline_featured_image":false,"_nextfly_llmd_date_locked":false,"footnotes":""},"categories":[111],"tags":[87],"class_list":["post-19936","post","type-post","status-publish","format-standard","has-post-thumbnail","hentry","category-fc-barcelona","tag-hansi-flick"],"acf":[],"yoast_head":"<!-- This site is optimized with the Yoast SEO plugin v27.3 - https:\/\/yoast.com\/product\/yoast-seo-wordpress\/ -->\n<title>Flick clears up doubts about I\u00f1aki Pe\u00f1a&#039;s role after rumors of the possible signing of Szcz\u0119sny<\/title>\n<meta name=\"description\" content=\"I\u00f1aki Pe\u00f1a&#039;s role at FC Barcelona after Ter Stegen&#039;s injury has been the subject of intense debates. However, Hansi Flick has come on stage to dispel any rumors about the Alicante-born player&#039;s role in the team\" \/>\n<meta name=\"robots\" content=\"index, follow, max-snippet:-1, max-image-preview:large, max-video-preview:-1\" \/>\n<link rel=\"canonical\" href=\"https:\/\/www.fcbarcelonanoticias.com\/en\/fc-barcelona\/flick-clears-up-doubts-about-inaki-pena-role-after-rumors-of-the-possible-signing-of-szcz-sny_307539_102.html\" \/>\n<meta property=\"og:locale\" content=\"en_US\" \/>\n<meta property=\"og:type\" content=\"article\" \/>\n<meta property=\"og:title\" content=\"Flick clears up doubts about I\u00f1aki Pe\u00f1a&#039;s role after rumors of the possible signing of Szcz\u0119sny\" \/>\n<meta property=\"og:description\" content=\"I\u00f1aki Pe\u00f1a&#039;s role at FC Barcelona after Ter Stegen&#039;s injury has been the subject of intense debates. However, Hansi Flick has come on stage to dispel any rumors about the Alicante-born player&#039;s role in the team\" \/>\n<meta property=\"og:url\" content=\"https:\/\/www.fcbarcelonanoticias.com\/en\/fc-barcelona\/flick-clears-up-doubts-about-inaki-pena-role-after-rumors-of-the-possible-signing-of-szcz-sny_307539_102.html\" \/>\n<meta property=\"og:site_name\" content=\"EN - FC Barcelona Noticias\" \/>\n<meta property=\"article:published_time\" content=\"2024-09-27T16:14:00+00:00\" \/>\n<meta property=\"article:modified_time\" content=\"2024-09-28T15:23:00+00:00\" \/>\n<meta property=\"og:image\" content=\"https:\/\/www.fcbarcelonanoticias.com\/en\/wp-content\/uploads\/sites\/2\/2024\/09\/inaki-pena-con-el-fc-barcelona-1.jpeg\" \/>\n\t<meta property=\"og:image:width\" content=\"1300\" \/>\n\t<meta property=\"og:image:height\" content=\"732\" \/>\n\t<meta property=\"og:image:type\" content=\"image\/jpeg\" \/>\n<meta name=\"author\" content=\"Kevin G\u00f3mez\" \/>\n<meta name=\"twitter:card\" content=\"summary_large_image\" \/>\n<meta name=\"twitter:label1\" content=\"Written by\" \/>\n\t<meta name=\"twitter:data1\" content=\"Kevin G\u00f3mez\" \/>\n\t<meta name=\"twitter:label2\" content=\"Est. reading time\" \/>\n\t<meta name=\"twitter:data2\" content=\"3 minutes\" \/>\n<script type=\"application\/ld+json\" class=\"yoast-schema-graph\">{\"@context\":\"https:\\\/\\\/schema.org\",\"@graph\":[{\"@type\":\"Article\",\"@id\":\"https:\\\/\\\/www.fcbarcelonanoticias.com\\\/en\\\/fc-barcelona\\\/flick-clears-up-doubts-about-inaki-pena-role-after-rumors-of-the-possible-signing-of-szcz-sny_307539_102.html#article\",\"isPartOf\":{\"@id\":\"https:\\\/\\\/www.fcbarcelonanoticias.com\\\/en\\\/fc-barcelona\\\/flick-clears-up-doubts-about-inaki-pena-role-after-rumors-of-the-possible-signing-of-szcz-sny_307539_102.html\"},\"author\":{\"name\":\"Kevin G\u00f3mez\",\"@id\":\"https:\\\/\\\/www.fcbarcelonanoticias.com\\\/en\\\/#\\\/schema\\\/person\\\/991443f134df9a64c6874f96ff984c9d\"},\"headline\":\"Flick clears up doubts about I\u00f1aki Pe\u00f1a&#8217;s role after rumors of the possible signing of Szcz\u0119sny\",\"datePublished\":\"2024-09-27T16:14:00+00:00\",\"dateModified\":\"2024-09-28T15:23:00+00:00\",\"mainEntityOfPage\":{\"@id\":\"https:\\\/\\\/www.fcbarcelonanoticias.com\\\/en\\\/fc-barcelona\\\/flick-clears-up-doubts-about-inaki-pena-role-after-rumors-of-the-possible-signing-of-szcz-sny_307539_102.html\"},\"wordCount\":552,\"image\":{\"@id\":\"https:\\\/\\\/www.fcbarcelonanoticias.com\\\/en\\\/fc-barcelona\\\/flick-clears-up-doubts-about-inaki-pena-role-after-rumors-of-the-possible-signing-of-szcz-sny_307539_102.html#primaryimage\"},\"thumbnailUrl\":\"https:\\\/\\\/www.fcbarcelonanoticias.com\\\/en\\\/wp-content\\\/uploads\\\/sites\\\/2\\\/2024\\\/09\\\/inaki-pena-con-el-fc-barcelona-1.jpeg\",\"keywords\":[\"Hansi Flick\"],\"articleSection\":[\"FC Barcelona\"],\"inLanguage\":\"en-US\"},{\"@type\":\"WebPage\",\"@id\":\"https:\\\/\\\/www.fcbarcelonanoticias.com\\\/en\\\/fc-barcelona\\\/flick-clears-up-doubts-about-inaki-pena-role-after-rumors-of-the-possible-signing-of-szcz-sny_307539_102.html\",\"url\":\"https:\\\/\\\/www.fcbarcelonanoticias.com\\\/en\\\/fc-barcelona\\\/flick-clears-up-doubts-about-inaki-pena-role-after-rumors-of-the-possible-signing-of-szcz-sny_307539_102.html\",\"name\":\"Flick clears up doubts about I\u00f1aki Pe\u00f1a's role after rumors of the possible signing of Szcz\u0119sny\",\"isPartOf\":{\"@id\":\"https:\\\/\\\/www.fcbarcelonanoticias.com\\\/en\\\/#website\"},\"primaryImageOfPage\":{\"@id\":\"https:\\\/\\\/www.fcbarcelonanoticias.com\\\/en\\\/fc-barcelona\\\/flick-clears-up-doubts-about-inaki-pena-role-after-rumors-of-the-possible-signing-of-szcz-sny_307539_102.html#primaryimage\"},\"image\":{\"@id\":\"https:\\\/\\\/www.fcbarcelonanoticias.com\\\/en\\\/fc-barcelona\\\/flick-clears-up-doubts-about-inaki-pena-role-after-rumors-of-the-possible-signing-of-szcz-sny_307539_102.html#primaryimage\"},\"thumbnailUrl\":\"https:\\\/\\\/www.fcbarcelonanoticias.com\\\/en\\\/wp-content\\\/uploads\\\/sites\\\/2\\\/2024\\\/09\\\/inaki-pena-con-el-fc-barcelona-1.jpeg\",\"datePublished\":\"2024-09-27T16:14:00+00:00\",\"dateModified\":\"2024-09-28T15:23:00+00:00\",\"author\":{\"@id\":\"https:\\\/\\\/www.fcbarcelonanoticias.com\\\/en\\\/#\\\/schema\\\/person\\\/991443f134df9a64c6874f96ff984c9d\"},\"description\":\"I\u00f1aki Pe\u00f1a's role at FC Barcelona after Ter Stegen's injury has been the subject of intense debates. However, Hansi Flick has come on stage to dispel any rumors about the Alicante-born player's role in the team\",\"breadcrumb\":{\"@id\":\"https:\\\/\\\/www.fcbarcelonanoticias.com\\\/en\\\/fc-barcelona\\\/flick-clears-up-doubts-about-inaki-pena-role-after-rumors-of-the-possible-signing-of-szcz-sny_307539_102.html#breadcrumb\"},\"inLanguage\":\"en-US\",\"potentialAction\":[{\"@type\":\"ReadAction\",\"target\":[\"https:\\\/\\\/www.fcbarcelonanoticias.com\\\/en\\\/fc-barcelona\\\/flick-clears-up-doubts-about-inaki-pena-role-after-rumors-of-the-possible-signing-of-szcz-sny_307539_102.html\"]}]},{\"@type\":\"ImageObject\",\"inLanguage\":\"en-US\",\"@id\":\"https:\\\/\\\/www.fcbarcelonanoticias.com\\\/en\\\/fc-barcelona\\\/flick-clears-up-doubts-about-inaki-pena-role-after-rumors-of-the-possible-signing-of-szcz-sny_307539_102.html#primaryimage\",\"url\":\"https:\\\/\\\/www.fcbarcelonanoticias.com\\\/en\\\/wp-content\\\/uploads\\\/sites\\\/2\\\/2024\\\/09\\\/inaki-pena-con-el-fc-barcelona-1.jpeg\",\"contentUrl\":\"https:\\\/\\\/www.fcbarcelonanoticias.com\\\/en\\\/wp-content\\\/uploads\\\/sites\\\/2\\\/2024\\\/09\\\/inaki-pena-con-el-fc-barcelona-1.jpeg\",\"width\":1300,\"height\":732},{\"@type\":\"BreadcrumbList\",\"@id\":\"https:\\\/\\\/www.fcbarcelonanoticias.com\\\/en\\\/fc-barcelona\\\/flick-clears-up-doubts-about-inaki-pena-role-after-rumors-of-the-possible-signing-of-szcz-sny_307539_102.html#breadcrumb\",\"itemListElement\":[{\"@type\":\"ListItem\",\"position\":1,\"name\":\"Portada\",\"item\":\"https:\\\/\\\/www.fcbarcelonanoticias.com\\\/en\\\/\"},{\"@type\":\"ListItem\",\"position\":2,\"name\":\"Flick clears up doubts about I\u00f1aki Pe\u00f1a&#8217;s role after rumors of the possible signing of Szcz\u0119sny\"}]},{\"@type\":\"WebSite\",\"@id\":\"https:\\\/\\\/www.fcbarcelonanoticias.com\\\/en\\\/#website\",\"url\":\"https:\\\/\\\/www.fcbarcelonanoticias.com\\\/en\\\/\",\"name\":\"EN - FC Barcelona Noticias\",\"description\":\"\",\"potentialAction\":[{\"@type\":\"SearchAction\",\"target\":{\"@type\":\"EntryPoint\",\"urlTemplate\":\"https:\\\/\\\/www.fcbarcelonanoticias.com\\\/en\\\/?s={search_term_string}\"},\"query-input\":{\"@type\":\"PropertyValueSpecification\",\"valueRequired\":true,\"valueName\":\"search_term_string\"}}],\"inLanguage\":\"en-US\"},{\"@type\":\"Person\",\"@id\":\"https:\\\/\\\/www.fcbarcelonanoticias.com\\\/en\\\/#\\\/schema\\\/person\\\/991443f134df9a64c6874f96ff984c9d\",\"name\":\"Kevin G\u00f3mez\",\"image\":{\"@type\":\"ImageObject\",\"inLanguage\":\"en-US\",\"@id\":\"https:\\\/\\\/secure.gravatar.com\\\/avatar\\\/?s=96&d=mm&r=g\",\"url\":\"https:\\\/\\\/secure.gravatar.com\\\/avatar\\\/?s=96&d=mm&r=g\",\"contentUrl\":\"https:\\\/\\\/secure.gravatar.com\\\/avatar\\\/?s=96&d=mm&r=g\",\"caption\":\"Kevin G\u00f3mez\"},\"description\":\"Licenciado\u00a0en Periodismo y Comunicaci\u00f3n Audiovisual. Redactor en FCBN responsable de cubrir toda\u00a0la informaci\u00f3n del FC Barcelona y las principales competiciones de\u00a0f\u00fatbol.\",\"url\":\"https:\\\/\\\/www.fcbarcelonanoticias.com\\\/en\\\/jugadores\\\/kevin-gomez_23_115.html\"}]}<\/script>\n<!-- \/ Yoast SEO plugin. -->","yoast_head_json":{"title":"Flick clears up doubts about I\u00f1aki Pe\u00f1a's role after rumors of the possible signing of Szcz\u0119sny","description":"I\u00f1aki Pe\u00f1a's role at FC Barcelona after Ter Stegen's injury has been the subject of intense debates. However, Hansi Flick has come on stage to dispel any rumors about the Alicante-born player's role in the team","robots":{"index":"index","follow":"follow","max-snippet":"max-snippet:-1","max-image-preview":"max-image-preview:large","max-video-preview":"max-video-preview:-1"},"canonical":"https:\/\/www.fcbarcelonanoticias.com\/en\/fc-barcelona\/flick-clears-up-doubts-about-inaki-pena-role-after-rumors-of-the-possible-signing-of-szcz-sny_307539_102.html","og_locale":"en_US","og_type":"article","og_title":"Flick clears up doubts about I\u00f1aki Pe\u00f1a's role after rumors of the possible signing of Szcz\u0119sny","og_description":"I\u00f1aki Pe\u00f1a's role at FC Barcelona after Ter Stegen's injury has been the subject of intense debates. However, Hansi Flick has come on stage to dispel any rumors about the Alicante-born player's role in the team","og_url":"https:\/\/www.fcbarcelonanoticias.com\/en\/fc-barcelona\/flick-clears-up-doubts-about-inaki-pena-role-after-rumors-of-the-possible-signing-of-szcz-sny_307539_102.html","og_site_name":"EN - FC Barcelona Noticias","article_published_time":"2024-09-27T16:14:00+00:00","article_modified_time":"2024-09-28T15:23:00+00:00","og_image":[{"width":1300,"height":732,"url":"https:\/\/www.fcbarcelonanoticias.com\/en\/wp-content\/uploads\/sites\/2\/2024\/09\/inaki-pena-con-el-fc-barcelona-1.jpeg","type":"image\/jpeg"}],"author":"Kevin G\u00f3mez","twitter_card":"summary_large_image","twitter_misc":{"Written by":"Kevin G\u00f3mez","Est. reading time":"3 minutes"},"schema":{"@context":"https:\/\/schema.org","@graph":[{"@type":"Article","@id":"https:\/\/www.fcbarcelonanoticias.com\/en\/fc-barcelona\/flick-clears-up-doubts-about-inaki-pena-role-after-rumors-of-the-possible-signing-of-szcz-sny_307539_102.html#article","isPartOf":{"@id":"https:\/\/www.fcbarcelonanoticias.com\/en\/fc-barcelona\/flick-clears-up-doubts-about-inaki-pena-role-after-rumors-of-the-possible-signing-of-szcz-sny_307539_102.html"},"author":{"name":"Kevin G\u00f3mez","@id":"https:\/\/www.fcbarcelonanoticias.com\/en\/#\/schema\/person\/991443f134df9a64c6874f96ff984c9d"},"headline":"Flick clears up doubts about I\u00f1aki Pe\u00f1a&#8217;s role after rumors of the possible signing of Szcz\u0119sny","datePublished":"2024-09-27T16:14:00+00:00","dateModified":"2024-09-28T15:23:00+00:00","mainEntityOfPage":{"@id":"https:\/\/www.fcbarcelonanoticias.com\/en\/fc-barcelona\/flick-clears-up-doubts-about-inaki-pena-role-after-rumors-of-the-possible-signing-of-szcz-sny_307539_102.html"},"wordCount":552,"image":{"@id":"https:\/\/www.fcbarcelonanoticias.com\/en\/fc-barcelona\/flick-clears-up-doubts-about-inaki-pena-role-after-rumors-of-the-possible-signing-of-szcz-sny_307539_102.html#primaryimage"},"thumbnailUrl":"https:\/\/www.fcbarcelonanoticias.com\/en\/wp-content\/uploads\/sites\/2\/2024\/09\/inaki-pena-con-el-fc-barcelona-1.jpeg","keywords":["Hansi Flick"],"articleSection":["FC Barcelona"],"inLanguage":"en-US"},{"@type":"WebPage","@id":"https:\/\/www.fcbarcelonanoticias.com\/en\/fc-barcelona\/flick-clears-up-doubts-about-inaki-pena-role-after-rumors-of-the-possible-signing-of-szcz-sny_307539_102.html","url":"https:\/\/www.fcbarcelonanoticias.com\/en\/fc-barcelona\/flick-clears-up-doubts-about-inaki-pena-role-after-rumors-of-the-possible-signing-of-szcz-sny_307539_102.html","name":"Flick clears up doubts about I\u00f1aki Pe\u00f1a's role after rumors of the possible signing of Szcz\u0119sny","isPartOf":{"@id":"https:\/\/www.fcbarcelonanoticias.com\/en\/#website"},"primaryImageOfPage":{"@id":"https:\/\/www.fcbarcelonanoticias.com\/en\/fc-barcelona\/flick-clears-up-doubts-about-inaki-pena-role-after-rumors-of-the-possible-signing-of-szcz-sny_307539_102.html#primaryimage"},"image":{"@id":"https:\/\/www.fcbarcelonanoticias.com\/en\/fc-barcelona\/flick-clears-up-doubts-about-inaki-pena-role-after-rumors-of-the-possible-signing-of-szcz-sny_307539_102.html#primaryimage"},"thumbnailUrl":"https:\/\/www.fcbarcelonanoticias.com\/en\/wp-content\/uploads\/sites\/2\/2024\/09\/inaki-pena-con-el-fc-barcelona-1.jpeg","datePublished":"2024-09-27T16:14:00+00:00","dateModified":"2024-09-28T15:23:00+00:00","author":{"@id":"https:\/\/www.fcbarcelonanoticias.com\/en\/#\/schema\/person\/991443f134df9a64c6874f96ff984c9d"},"description":"I\u00f1aki Pe\u00f1a's role at FC Barcelona after Ter Stegen's injury has been the subject of intense debates. However, Hansi Flick has come on stage to dispel any rumors about the Alicante-born player's role in the team","breadcrumb":{"@id":"https:\/\/www.fcbarcelonanoticias.com\/en\/fc-barcelona\/flick-clears-up-doubts-about-inaki-pena-role-after-rumors-of-the-possible-signing-of-szcz-sny_307539_102.html#breadcrumb"},"inLanguage":"en-US","potentialAction":[{"@type":"ReadAction","target":["https:\/\/www.fcbarcelonanoticias.com\/en\/fc-barcelona\/flick-clears-up-doubts-about-inaki-pena-role-after-rumors-of-the-possible-signing-of-szcz-sny_307539_102.html"]}]},{"@type":"ImageObject","inLanguage":"en-US","@id":"https:\/\/www.fcbarcelonanoticias.com\/en\/fc-barcelona\/flick-clears-up-doubts-about-inaki-pena-role-after-rumors-of-the-possible-signing-of-szcz-sny_307539_102.html#primaryimage","url":"https:\/\/www.fcbarcelonanoticias.com\/en\/wp-content\/uploads\/sites\/2\/2024\/09\/inaki-pena-con-el-fc-barcelona-1.jpeg","contentUrl":"https:\/\/www.fcbarcelonanoticias.com\/en\/wp-content\/uploads\/sites\/2\/2024\/09\/inaki-pena-con-el-fc-barcelona-1.jpeg","width":1300,"height":732},{"@type":"BreadcrumbList","@id":"https:\/\/www.fcbarcelonanoticias.com\/en\/fc-barcelona\/flick-clears-up-doubts-about-inaki-pena-role-after-rumors-of-the-possible-signing-of-szcz-sny_307539_102.html#breadcrumb","itemListElement":[{"@type":"ListItem","position":1,"name":"Portada","item":"https:\/\/www.fcbarcelonanoticias.com\/en\/"},{"@type":"ListItem","position":2,"name":"Flick clears up doubts about I\u00f1aki Pe\u00f1a&#8217;s role after rumors of the possible signing of Szcz\u0119sny"}]},{"@type":"WebSite","@id":"https:\/\/www.fcbarcelonanoticias.com\/en\/#website","url":"https:\/\/www.fcbarcelonanoticias.com\/en\/","name":"EN - FC Barcelona Noticias","description":"","potentialAction":[{"@type":"SearchAction","target":{"@type":"EntryPoint","urlTemplate":"https:\/\/www.fcbarcelonanoticias.com\/en\/?s={search_term_string}"},"query-input":{"@type":"PropertyValueSpecification","valueRequired":true,"valueName":"search_term_string"}}],"inLanguage":"en-US"},{"@type":"Person","@id":"https:\/\/www.fcbarcelonanoticias.com\/en\/#\/schema\/person\/991443f134df9a64c6874f96ff984c9d","name":"Kevin G\u00f3mez","image":{"@type":"ImageObject","inLanguage":"en-US","@id":"https:\/\/secure.gravatar.com\/avatar\/?s=96&d=mm&r=g","url":"https:\/\/secure.gravatar.com\/avatar\/?s=96&d=mm&r=g","contentUrl":"https:\/\/secure.gravatar.com\/avatar\/?s=96&d=mm&r=g","caption":"Kevin G\u00f3mez"},"description":"Licenciado\u00a0en Periodismo y Comunicaci\u00f3n Audiovisual. Redactor en FCBN responsable de cubrir toda\u00a0la informaci\u00f3n del FC Barcelona y las principales competiciones de\u00a0f\u00fatbol.","url":"https:\/\/www.fcbarcelonanoticias.com\/en\/jugadores\/kevin-gomez_23_115.html"}]}},"_links":{"self":[{"href":"https:\/\/www.fcbarcelonanoticias.com\/en\/wp-json\/wp\/v2\/posts\/19936","targetHints":{"allow":["GET"]}}],"collection":[{"href":"https:\/\/www.fcbarcelonanoticias.com\/en\/wp-json\/wp\/v2\/posts"}],"about":[{"href":"https:\/\/www.fcbarcelonanoticias.com\/en\/wp-json\/wp\/v2\/types\/post"}],"author":[{"embeddable":true,"href":"https:\/\/www.fcbarcelonanoticias.com\/en\/wp-json\/wp\/v2\/users\/355"}],"replies":[{"embeddable":true,"href":"https:\/\/www.fcbarcelonanoticias.com\/en\/wp-json\/wp\/v2\/comments?post=19936"}],"version-history":[{"count":1,"href":"https:\/\/www.fcbarcelonanoticias.com\/en\/wp-json\/wp\/v2\/posts\/19936\/revisions"}],"predecessor-version":[{"id":105673,"href":"https:\/\/www.fcbarcelonanoticias.com\/en\/wp-json\/wp\/v2\/posts\/19936\/revisions\/105673"}],"wp:featuredmedia":[{"embeddable":true,"href":"https:\/\/www.fcbarcelonanoticias.com\/en\/wp-json\/wp\/v2\/media\/105674"}],"wp:attachment":[{"href":"https:\/\/www.fcbarcelonanoticias.com\/en\/wp-json\/wp\/v2\/media?parent=19936"}],"wp:term":[{"taxonomy":"category","embeddable":true,"href":"https:\/\/www.fcbarcelonanoticias.com\/en\/wp-json\/wp\/v2\/categories?post=19936"},{"taxonomy":"post_tag","embeddable":true,"href":"https:\/\/www.fcbarcelonanoticias.com\/en\/wp-json\/wp\/v2\/tags?post=19936"}],"curies":[{"name":"wp","href":"https:\/\/api.w.org\/{rel}","templated":true}]}}