{"id":19977,"date":"2025-08-21T17:16:00","date_gmt":"2025-08-21T15:16:00","guid":{"rendered":"https:\/\/weisetech.dev\/fc-barcelona-noticias\/en\/kounde-vs-eric-garcia-fight-for-cule-right-back-position_314285_102\/"},"modified":"2026-04-06T20:19:33","modified_gmt":"2026-04-06T18:19:33","slug":"kounde-vs-eric-garcia-fight-for-cule-right-back-position_314285_102","status":"publish","type":"post","link":"https:\/\/www.fcbarcelonanoticias.com\/en\/fc-barcelona\/kounde-vs-eric-garcia-fight-for-cule-right-back-position_314285_102.html","title":{"rendered":"Jules Kound\u00e9 talks about the competition with Eric Garc\u00eda: more pressure for the Frenchman?"},"content":{"rendered":"<h2 class=\"wp-block-heading\">Jules Kound\u00e9 renewed with Bar\u00e7a until 2030 at a time when, for the first time since the arrival of Hansi Flick, his place in the starting lineup is being questioned. What does the Frenchman think about Eric Garc\u00eda?<\/h2>  \r\n<div class=\"article-addons\">\r\n    <a href=\"https:\/\/www.fcbarcelonanoticias.com\/en\/calendar-fc-barcelona.html\"\r\n       target=\"_self\"\r\n       title=\"Calendar of FC Barcelona\"\r\n       class=\"blue-gredient-btn\">\r\n       \r\n        Calendar of FC Barcelona    <\/a>\r\n<\/div>   <p><a data-external=\"0\" data-intl-links-en=\"https:\/\/www.fcbarcelonanoticias.com\/en\/transfers\/kounde-signs-his-renewal-with-barca-until-2030-this-was-the-official-ceremony_314282_102.html\" data-intl-links-es=\"https:\/\/www.fcbarcelonanoticias.com\/fichajes\/kounde-firma-su-renovacion-con-barca-hasta-2030-fue-acto-oficial_314282_102.html\" href=\"https:\/\/www.fcbarcelonanoticias.com\/en\/transfers\/kounde-signs-his-renewal-with-barca-until-2030-this-was-the-official-ceremony_314282_102.html\" rel=\"follow\" target=\"_self\" title=\"Kound\u00e9 signs his renewal with Bar\u00e7a until 2030: this was the official ceremony\">FC Barcelona held the renewal ceremony for Jules Kound\u00e9 this Thursday<\/a>, a couple of days before the second matchday of <strong>LaLiga<\/strong> at <strong>Levante<\/strong>&#8216;s ground. The Parisian player was a substitute in the <strong>Gamper<\/strong> and against <strong>Mallorca<\/strong>, as <strong>Hansi Flick<\/strong> has opted for <strong>Eric Garc\u00eda<\/strong> as the starting right-back in both matches.<\/p>  <p>Although, for the first time since the arrival of the German coach to Bar\u00e7a, his place in the starting lineup seems compromised, the &#8217;23&#8217; is confident that he can take advantage of greater competition to improve his level. In the 24\/25 season, <strong>Jules was untouchable in the backline until he was injured in the first leg of the Champions League &#8216;semi-finals&#8217; against Inter<\/strong>, at the end of April.<\/p>  <h2>Kound\u00e9, delighted to compete with Eric Garc\u00eda for a starting spot<\/h2>  <p>The French international missed the last month of competition due to an injury in his left thigh. <strong>Garc\u00eda took over in his place, completing good performances in Liga and Champions League<\/strong> that allowed the &#8216;cul\u00e9s&#8217; to lift the First Division trophy and come close to the final of the top European competition.<\/p>  <p>In that sense, far from feeling pressured by the good form of the &#8217;24&#8217;, <strong>Kound\u00e9 praised his teammate<\/strong>. Like the Frenchman, the player from Martorell is a natural centre-back, but with versatility to adapt to other positions.<\/p>  <p>&#8220;I see him very well, I like the competition. <strong>Eric is a great player. I feel very good and although we are starting the season I can&#8217;t say that I will be as I hope to be later on<\/strong>. I am very demanding with myself and I work to be better every year&#8221;, argued the 26-year-old defender.<\/p>  <p>In the 24\/25 season, Jules scored 4 goals and provided 8 assists in 53 appearances with Bar\u00e7a. <strong>Despite missing the last month of the season, he reached 4,423 minutes of action<\/strong>. In the 2025 pre-season, he reappeared, completing 180 minutes in the four summer friendlies, starting against Seoul (3-7) and Daegu (0-5).<\/p>  <h2>The Champions League is not an obsession for Kound\u00e9<\/h2>  <p>In the 25\/26 season, however, Kound\u00e9 could alternate between starting and substitute appearances more often. Flick will be very careful with the management of the minutes of the <a data-external=\"0\" data-intl-links-en=\"https:\/\/www.fcbarcelonanoticias.com\/en\/fc-barcelona-squad.html\" data-intl-links-es=\"https:\/\/www.fcbarcelonanoticias.com\/jugadores-fcbarcelona.html\" href=\"https:\/\/www.fcbarcelonanoticias.com\/en\/fc-barcelona-squad.html\" rel=\"follow\" target=\"_self\" title=\"FC Barcelona 2025-26 Squad\">squad<\/a>, ensuring that the whole team reaches the decisive stretch (April-May) in top physical condition. In principle, Bar\u00e7a can exceed 60 matches played if they hope to fight for the treble.<\/p>  <p>In this regard, the French defender did not hesitate to point to the <a data-external=\"0\" data-intl-links-en=\"https:\/\/www.fcbarcelonanoticias.com\/en\/champions-league\" data-intl-links-es=\"https:\/\/www.fcbarcelonanoticias.com\/champions-league\" href=\"https:\/\/www.fcbarcelonanoticias.com\/en\/football\/champions-league.html\" rel=\"follow\" target=\"_self\" title=\"Champions League\">Champions League<\/a> as the main objective for this season, although he is clear that it will be the most difficult trophy to lift. Although <strong>he does not consider it an obsession or a &#8220;danger&#8221;<\/strong>, he sees the competition as a priority objective.<\/p>  <p>&#8220;<strong>Anything that is not winning it is not a failure, but our goal is to win it, of course. It is the competition that generates the most excitement<\/strong>. Not only at Bar\u00e7a. It is the tournament that generates the most relevance. And we all dream of winning it&#8221;, pointed out Jules Kound\u00e9.&nbsp;<\/p>  <p>The Frenchman has been in Barcelona for three years and has secured his permanence at the club for four more seasons. A renewal that, in addition, allows the club to secure the future of one of its most valuable defenders. <strong>The &#8217;23&#8217; is valued at around 65 million on Transfermarkt<\/strong> and his release clause remains at 1,000 &#8216;kilos&#8217;.&nbsp;<\/p> ","protected":false},"excerpt":{"rendered":"<p>Jules Kound\u00e9 renewed with Bar\u00e7a until 2030 at a time when, for the first time since the arrival of Hansi Flick, his place in the starting lineup is being questioned. What does the Frenchman think about Eric Garc\u00eda? FC Barcelona held the renewal ceremony for Jules Kound\u00e9 this Thursday, a couple of days before the [&hellip;]<\/p>\n","protected":false},"author":347,"featured_media":19980,"comment_status":"closed","ping_status":"open","sticky":false,"template":"","format":"standard","meta":{"_acf_changed":false,"inline_featured_image":false,"_nextfly_llmd_date_locked":false,"footnotes":""},"categories":[437,111,443],"tags":[295,87,248],"class_list":["post-19977","post","type-post","status-publish","format-standard","has-post-thumbnail","hentry","category-eric-garcia","category-fc-barcelona","category-jules-kounde","tag-eric-garcia","tag-hansi-flick","tag-jules-kounde"],"acf":[],"yoast_head":"<!-- This site is optimized with the Yoast SEO plugin v27.3 - https:\/\/yoast.com\/product\/yoast-seo-wordpress\/ -->\n<title>Kound\u00e9 vs. Eric Garc\u00eda: the fight for the &#039;cul\u00e9&#039; right-back position<\/title>\n<meta name=\"description\" content=\"Jules Kound\u00e9, for the first time since the arrival of Hansi Flick, sees his place in the starting lineup at risk. What does the Frenchman think about Eric Garc\u00eda?\" \/>\n<meta name=\"robots\" content=\"index, follow, max-snippet:-1, max-image-preview:large, max-video-preview:-1\" \/>\n<link rel=\"canonical\" href=\"https:\/\/www.fcbarcelonanoticias.com\/en\/fc-barcelona\/kounde-vs-eric-garcia-fight-for-cule-right-back-position_314285_102.html\" \/>\n<meta property=\"og:locale\" content=\"en_US\" \/>\n<meta property=\"og:type\" content=\"article\" \/>\n<meta property=\"og:title\" content=\"Kound\u00e9 vs. Eric Garc\u00eda: the fight for the &#039;cul\u00e9&#039; right-back position\" \/>\n<meta property=\"og:description\" content=\"Jules Kound\u00e9, for the first time since the arrival of Hansi Flick, sees his place in the starting lineup at risk. What does the Frenchman think about Eric Garc\u00eda?\" \/>\n<meta property=\"og:url\" content=\"https:\/\/www.fcbarcelonanoticias.com\/en\/fc-barcelona\/kounde-vs-eric-garcia-fight-for-cule-right-back-position_314285_102.html\" \/>\n<meta property=\"og:site_name\" content=\"EN - FC Barcelona Noticias\" \/>\n<meta property=\"article:published_time\" content=\"2025-08-21T15:16:00+00:00\" \/>\n<meta property=\"article:modified_time\" content=\"2026-04-06T18:19:33+00:00\" \/>\n<meta property=\"og:image\" content=\"https:\/\/www.fcbarcelonanoticias.com\/en\/wp-content\/uploads\/sites\/2\/2025\/08\/jules-kounde-entrenamiento-fc-barcelona.webp\" \/>\n\t<meta property=\"og:image:width\" content=\"1200\" \/>\n\t<meta property=\"og:image:height\" content=\"675\" \/>\n\t<meta property=\"og:image:type\" content=\"image\/webp\" \/>\n<meta name=\"author\" content=\"Andr\u00e9s Quiroz\" \/>\n<meta name=\"twitter:card\" content=\"summary_large_image\" \/>\n<meta name=\"twitter:label1\" content=\"Written by\" \/>\n\t<meta name=\"twitter:data1\" content=\"Andr\u00e9s Quiroz\" \/>\n\t<meta name=\"twitter:label2\" content=\"Est. reading time\" \/>\n\t<meta name=\"twitter:data2\" content=\"3 minutes\" \/>\n<script type=\"application\/ld+json\" class=\"yoast-schema-graph\">{\"@context\":\"https:\\\/\\\/schema.org\",\"@graph\":[{\"@type\":\"Article\",\"@id\":\"https:\\\/\\\/www.fcbarcelonanoticias.com\\\/en\\\/fc-barcelona\\\/kounde-vs-eric-garcia-fight-for-cule-right-back-position_314285_102.html#article\",\"isPartOf\":{\"@id\":\"https:\\\/\\\/www.fcbarcelonanoticias.com\\\/en\\\/fc-barcelona\\\/kounde-vs-eric-garcia-fight-for-cule-right-back-position_314285_102.html\"},\"author\":{\"name\":\"Andr\u00e9s Quiroz\",\"@id\":\"https:\\\/\\\/www.fcbarcelonanoticias.com\\\/en\\\/#\\\/schema\\\/person\\\/c2cd9f6fa1af5c0d0eccd0fefa575c88\"},\"headline\":\"Jules Kound\u00e9 talks about the competition with Eric Garc\u00eda: more pressure for the Frenchman?\",\"datePublished\":\"2025-08-21T15:16:00+00:00\",\"dateModified\":\"2026-04-06T18:19:33+00:00\",\"mainEntityOfPage\":{\"@id\":\"https:\\\/\\\/www.fcbarcelonanoticias.com\\\/en\\\/fc-barcelona\\\/kounde-vs-eric-garcia-fight-for-cule-right-back-position_314285_102.html\"},\"wordCount\":612,\"image\":{\"@id\":\"https:\\\/\\\/www.fcbarcelonanoticias.com\\\/en\\\/fc-barcelona\\\/kounde-vs-eric-garcia-fight-for-cule-right-back-position_314285_102.html#primaryimage\"},\"thumbnailUrl\":\"https:\\\/\\\/www.fcbarcelonanoticias.com\\\/en\\\/wp-content\\\/uploads\\\/sites\\\/2\\\/2025\\\/08\\\/jules-kounde-entrenamiento-fc-barcelona.webp\",\"keywords\":[\"Eric Garc\u00eda\",\"Hansi Flick\",\"Jules Kound\u00e9\"],\"articleSection\":[\"Eric Garc\u00eda\",\"FC Barcelona\",\"Jules Kound\u00e9\"],\"inLanguage\":\"en-US\"},{\"@type\":\"WebPage\",\"@id\":\"https:\\\/\\\/www.fcbarcelonanoticias.com\\\/en\\\/fc-barcelona\\\/kounde-vs-eric-garcia-fight-for-cule-right-back-position_314285_102.html\",\"url\":\"https:\\\/\\\/www.fcbarcelonanoticias.com\\\/en\\\/fc-barcelona\\\/kounde-vs-eric-garcia-fight-for-cule-right-back-position_314285_102.html\",\"name\":\"Kound\u00e9 vs. Eric Garc\u00eda: the fight for the 'cul\u00e9' right-back position\",\"isPartOf\":{\"@id\":\"https:\\\/\\\/www.fcbarcelonanoticias.com\\\/en\\\/#website\"},\"primaryImageOfPage\":{\"@id\":\"https:\\\/\\\/www.fcbarcelonanoticias.com\\\/en\\\/fc-barcelona\\\/kounde-vs-eric-garcia-fight-for-cule-right-back-position_314285_102.html#primaryimage\"},\"image\":{\"@id\":\"https:\\\/\\\/www.fcbarcelonanoticias.com\\\/en\\\/fc-barcelona\\\/kounde-vs-eric-garcia-fight-for-cule-right-back-position_314285_102.html#primaryimage\"},\"thumbnailUrl\":\"https:\\\/\\\/www.fcbarcelonanoticias.com\\\/en\\\/wp-content\\\/uploads\\\/sites\\\/2\\\/2025\\\/08\\\/jules-kounde-entrenamiento-fc-barcelona.webp\",\"datePublished\":\"2025-08-21T15:16:00+00:00\",\"dateModified\":\"2026-04-06T18:19:33+00:00\",\"author\":{\"@id\":\"https:\\\/\\\/www.fcbarcelonanoticias.com\\\/en\\\/#\\\/schema\\\/person\\\/c2cd9f6fa1af5c0d0eccd0fefa575c88\"},\"description\":\"Jules Kound\u00e9, for the first time since the arrival of Hansi Flick, sees his place in the starting lineup at risk. What does the Frenchman think about Eric Garc\u00eda?\",\"breadcrumb\":{\"@id\":\"https:\\\/\\\/www.fcbarcelonanoticias.com\\\/en\\\/fc-barcelona\\\/kounde-vs-eric-garcia-fight-for-cule-right-back-position_314285_102.html#breadcrumb\"},\"inLanguage\":\"en-US\",\"potentialAction\":[{\"@type\":\"ReadAction\",\"target\":[\"https:\\\/\\\/www.fcbarcelonanoticias.com\\\/en\\\/fc-barcelona\\\/kounde-vs-eric-garcia-fight-for-cule-right-back-position_314285_102.html\"]}]},{\"@type\":\"ImageObject\",\"inLanguage\":\"en-US\",\"@id\":\"https:\\\/\\\/www.fcbarcelonanoticias.com\\\/en\\\/fc-barcelona\\\/kounde-vs-eric-garcia-fight-for-cule-right-back-position_314285_102.html#primaryimage\",\"url\":\"https:\\\/\\\/www.fcbarcelonanoticias.com\\\/en\\\/wp-content\\\/uploads\\\/sites\\\/2\\\/2025\\\/08\\\/jules-kounde-entrenamiento-fc-barcelona.webp\",\"contentUrl\":\"https:\\\/\\\/www.fcbarcelonanoticias.com\\\/en\\\/wp-content\\\/uploads\\\/sites\\\/2\\\/2025\\\/08\\\/jules-kounde-entrenamiento-fc-barcelona.webp\",\"width\":1200,\"height\":675},{\"@type\":\"BreadcrumbList\",\"@id\":\"https:\\\/\\\/www.fcbarcelonanoticias.com\\\/en\\\/fc-barcelona\\\/kounde-vs-eric-garcia-fight-for-cule-right-back-position_314285_102.html#breadcrumb\",\"itemListElement\":[{\"@type\":\"ListItem\",\"position\":1,\"name\":\"Portada\",\"item\":\"https:\\\/\\\/www.fcbarcelonanoticias.com\\\/en\\\/\"},{\"@type\":\"ListItem\",\"position\":2,\"name\":\"Jules Kound\u00e9 talks about the competition with Eric Garc\u00eda: more pressure for the Frenchman?\"}]},{\"@type\":\"WebSite\",\"@id\":\"https:\\\/\\\/www.fcbarcelonanoticias.com\\\/en\\\/#website\",\"url\":\"https:\\\/\\\/www.fcbarcelonanoticias.com\\\/en\\\/\",\"name\":\"EN - FC Barcelona Noticias\",\"description\":\"\",\"potentialAction\":[{\"@type\":\"SearchAction\",\"target\":{\"@type\":\"EntryPoint\",\"urlTemplate\":\"https:\\\/\\\/www.fcbarcelonanoticias.com\\\/en\\\/?s={search_term_string}\"},\"query-input\":{\"@type\":\"PropertyValueSpecification\",\"valueRequired\":true,\"valueName\":\"search_term_string\"}}],\"inLanguage\":\"en-US\"},{\"@type\":\"Person\",\"@id\":\"https:\\\/\\\/www.fcbarcelonanoticias.com\\\/en\\\/#\\\/schema\\\/person\\\/c2cd9f6fa1af5c0d0eccd0fefa575c88\",\"name\":\"Andr\u00e9s Quiroz\",\"image\":{\"@type\":\"ImageObject\",\"inLanguage\":\"en-US\",\"@id\":\"https:\\\/\\\/secure.gravatar.com\\\/avatar\\\/?s=96&d=mm&r=g\",\"url\":\"https:\\\/\\\/secure.gravatar.com\\\/avatar\\\/?s=96&d=mm&r=g\",\"contentUrl\":\"https:\\\/\\\/secure.gravatar.com\\\/avatar\\\/?s=96&d=mm&r=g\",\"caption\":\"Andr\u00e9s Quiroz\"},\"description\":\"Licenciado en Periodismo por la Universidad de los Andes. Me encargo de analizar y compartir los contenidos m\u00e1s destacados de la\u00a0actualidad del F\u00fatbol Club Barcelona, Mercado de Fichajes y F\u00fatbol Internacional en FCBN. La informaci\u00f3n es poder, pero tambi\u00e9n conocimiento.\",\"url\":\"https:\\\/\\\/www.fcbarcelonanoticias.com\\\/en\\\/fc-barcelona\\\/andres-quiroz_17_115.html\"}]}<\/script>\n<!-- \/ Yoast SEO plugin. -->","yoast_head_json":{"title":"Kound\u00e9 vs. Eric Garc\u00eda: the fight for the 'cul\u00e9' right-back position","description":"Jules Kound\u00e9, for the first time since the arrival of Hansi Flick, sees his place in the starting lineup at risk. What does the Frenchman think about Eric Garc\u00eda?","robots":{"index":"index","follow":"follow","max-snippet":"max-snippet:-1","max-image-preview":"max-image-preview:large","max-video-preview":"max-video-preview:-1"},"canonical":"https:\/\/www.fcbarcelonanoticias.com\/en\/fc-barcelona\/kounde-vs-eric-garcia-fight-for-cule-right-back-position_314285_102.html","og_locale":"en_US","og_type":"article","og_title":"Kound\u00e9 vs. Eric Garc\u00eda: the fight for the 'cul\u00e9' right-back position","og_description":"Jules Kound\u00e9, for the first time since the arrival of Hansi Flick, sees his place in the starting lineup at risk. What does the Frenchman think about Eric Garc\u00eda?","og_url":"https:\/\/www.fcbarcelonanoticias.com\/en\/fc-barcelona\/kounde-vs-eric-garcia-fight-for-cule-right-back-position_314285_102.html","og_site_name":"EN - FC Barcelona Noticias","article_published_time":"2025-08-21T15:16:00+00:00","article_modified_time":"2026-04-06T18:19:33+00:00","og_image":[{"width":1200,"height":675,"url":"https:\/\/www.fcbarcelonanoticias.com\/en\/wp-content\/uploads\/sites\/2\/2025\/08\/jules-kounde-entrenamiento-fc-barcelona.webp","type":"image\/webp"}],"author":"Andr\u00e9s Quiroz","twitter_card":"summary_large_image","twitter_misc":{"Written by":"Andr\u00e9s Quiroz","Est. reading time":"3 minutes"},"schema":{"@context":"https:\/\/schema.org","@graph":[{"@type":"Article","@id":"https:\/\/www.fcbarcelonanoticias.com\/en\/fc-barcelona\/kounde-vs-eric-garcia-fight-for-cule-right-back-position_314285_102.html#article","isPartOf":{"@id":"https:\/\/www.fcbarcelonanoticias.com\/en\/fc-barcelona\/kounde-vs-eric-garcia-fight-for-cule-right-back-position_314285_102.html"},"author":{"name":"Andr\u00e9s Quiroz","@id":"https:\/\/www.fcbarcelonanoticias.com\/en\/#\/schema\/person\/c2cd9f6fa1af5c0d0eccd0fefa575c88"},"headline":"Jules Kound\u00e9 talks about the competition with Eric Garc\u00eda: more pressure for the Frenchman?","datePublished":"2025-08-21T15:16:00+00:00","dateModified":"2026-04-06T18:19:33+00:00","mainEntityOfPage":{"@id":"https:\/\/www.fcbarcelonanoticias.com\/en\/fc-barcelona\/kounde-vs-eric-garcia-fight-for-cule-right-back-position_314285_102.html"},"wordCount":612,"image":{"@id":"https:\/\/www.fcbarcelonanoticias.com\/en\/fc-barcelona\/kounde-vs-eric-garcia-fight-for-cule-right-back-position_314285_102.html#primaryimage"},"thumbnailUrl":"https:\/\/www.fcbarcelonanoticias.com\/en\/wp-content\/uploads\/sites\/2\/2025\/08\/jules-kounde-entrenamiento-fc-barcelona.webp","keywords":["Eric Garc\u00eda","Hansi Flick","Jules Kound\u00e9"],"articleSection":["Eric Garc\u00eda","FC Barcelona","Jules Kound\u00e9"],"inLanguage":"en-US"},{"@type":"WebPage","@id":"https:\/\/www.fcbarcelonanoticias.com\/en\/fc-barcelona\/kounde-vs-eric-garcia-fight-for-cule-right-back-position_314285_102.html","url":"https:\/\/www.fcbarcelonanoticias.com\/en\/fc-barcelona\/kounde-vs-eric-garcia-fight-for-cule-right-back-position_314285_102.html","name":"Kound\u00e9 vs. Eric Garc\u00eda: the fight for the 'cul\u00e9' right-back position","isPartOf":{"@id":"https:\/\/www.fcbarcelonanoticias.com\/en\/#website"},"primaryImageOfPage":{"@id":"https:\/\/www.fcbarcelonanoticias.com\/en\/fc-barcelona\/kounde-vs-eric-garcia-fight-for-cule-right-back-position_314285_102.html#primaryimage"},"image":{"@id":"https:\/\/www.fcbarcelonanoticias.com\/en\/fc-barcelona\/kounde-vs-eric-garcia-fight-for-cule-right-back-position_314285_102.html#primaryimage"},"thumbnailUrl":"https:\/\/www.fcbarcelonanoticias.com\/en\/wp-content\/uploads\/sites\/2\/2025\/08\/jules-kounde-entrenamiento-fc-barcelona.webp","datePublished":"2025-08-21T15:16:00+00:00","dateModified":"2026-04-06T18:19:33+00:00","author":{"@id":"https:\/\/www.fcbarcelonanoticias.com\/en\/#\/schema\/person\/c2cd9f6fa1af5c0d0eccd0fefa575c88"},"description":"Jules Kound\u00e9, for the first time since the arrival of Hansi Flick, sees his place in the starting lineup at risk. What does the Frenchman think about Eric Garc\u00eda?","breadcrumb":{"@id":"https:\/\/www.fcbarcelonanoticias.com\/en\/fc-barcelona\/kounde-vs-eric-garcia-fight-for-cule-right-back-position_314285_102.html#breadcrumb"},"inLanguage":"en-US","potentialAction":[{"@type":"ReadAction","target":["https:\/\/www.fcbarcelonanoticias.com\/en\/fc-barcelona\/kounde-vs-eric-garcia-fight-for-cule-right-back-position_314285_102.html"]}]},{"@type":"ImageObject","inLanguage":"en-US","@id":"https:\/\/www.fcbarcelonanoticias.com\/en\/fc-barcelona\/kounde-vs-eric-garcia-fight-for-cule-right-back-position_314285_102.html#primaryimage","url":"https:\/\/www.fcbarcelonanoticias.com\/en\/wp-content\/uploads\/sites\/2\/2025\/08\/jules-kounde-entrenamiento-fc-barcelona.webp","contentUrl":"https:\/\/www.fcbarcelonanoticias.com\/en\/wp-content\/uploads\/sites\/2\/2025\/08\/jules-kounde-entrenamiento-fc-barcelona.webp","width":1200,"height":675},{"@type":"BreadcrumbList","@id":"https:\/\/www.fcbarcelonanoticias.com\/en\/fc-barcelona\/kounde-vs-eric-garcia-fight-for-cule-right-back-position_314285_102.html#breadcrumb","itemListElement":[{"@type":"ListItem","position":1,"name":"Portada","item":"https:\/\/www.fcbarcelonanoticias.com\/en\/"},{"@type":"ListItem","position":2,"name":"Jules Kound\u00e9 talks about the competition with Eric Garc\u00eda: more pressure for the Frenchman?"}]},{"@type":"WebSite","@id":"https:\/\/www.fcbarcelonanoticias.com\/en\/#website","url":"https:\/\/www.fcbarcelonanoticias.com\/en\/","name":"EN - FC Barcelona Noticias","description":"","potentialAction":[{"@type":"SearchAction","target":{"@type":"EntryPoint","urlTemplate":"https:\/\/www.fcbarcelonanoticias.com\/en\/?s={search_term_string}"},"query-input":{"@type":"PropertyValueSpecification","valueRequired":true,"valueName":"search_term_string"}}],"inLanguage":"en-US"},{"@type":"Person","@id":"https:\/\/www.fcbarcelonanoticias.com\/en\/#\/schema\/person\/c2cd9f6fa1af5c0d0eccd0fefa575c88","name":"Andr\u00e9s Quiroz","image":{"@type":"ImageObject","inLanguage":"en-US","@id":"https:\/\/secure.gravatar.com\/avatar\/?s=96&d=mm&r=g","url":"https:\/\/secure.gravatar.com\/avatar\/?s=96&d=mm&r=g","contentUrl":"https:\/\/secure.gravatar.com\/avatar\/?s=96&d=mm&r=g","caption":"Andr\u00e9s Quiroz"},"description":"Licenciado en Periodismo por la Universidad de los Andes. Me encargo de analizar y compartir los contenidos m\u00e1s destacados de la\u00a0actualidad del F\u00fatbol Club Barcelona, Mercado de Fichajes y F\u00fatbol Internacional en FCBN. La informaci\u00f3n es poder, pero tambi\u00e9n conocimiento.","url":"https:\/\/www.fcbarcelonanoticias.com\/en\/fc-barcelona\/andres-quiroz_17_115.html"}]}},"_links":{"self":[{"href":"https:\/\/www.fcbarcelonanoticias.com\/en\/wp-json\/wp\/v2\/posts\/19977","targetHints":{"allow":["GET"]}}],"collection":[{"href":"https:\/\/www.fcbarcelonanoticias.com\/en\/wp-json\/wp\/v2\/posts"}],"about":[{"href":"https:\/\/www.fcbarcelonanoticias.com\/en\/wp-json\/wp\/v2\/types\/post"}],"author":[{"embeddable":true,"href":"https:\/\/www.fcbarcelonanoticias.com\/en\/wp-json\/wp\/v2\/users\/347"}],"replies":[{"embeddable":true,"href":"https:\/\/www.fcbarcelonanoticias.com\/en\/wp-json\/wp\/v2\/comments?post=19977"}],"version-history":[{"count":3,"href":"https:\/\/www.fcbarcelonanoticias.com\/en\/wp-json\/wp\/v2\/posts\/19977\/revisions"}],"predecessor-version":[{"id":23050,"href":"https:\/\/www.fcbarcelonanoticias.com\/en\/wp-json\/wp\/v2\/posts\/19977\/revisions\/23050"}],"wp:featuredmedia":[{"embeddable":true,"href":"https:\/\/www.fcbarcelonanoticias.com\/en\/wp-json\/wp\/v2\/media\/19980"}],"wp:attachment":[{"href":"https:\/\/www.fcbarcelonanoticias.com\/en\/wp-json\/wp\/v2\/media?parent=19977"}],"wp:term":[{"taxonomy":"category","embeddable":true,"href":"https:\/\/www.fcbarcelonanoticias.com\/en\/wp-json\/wp\/v2\/categories?post=19977"},{"taxonomy":"post_tag","embeddable":true,"href":"https:\/\/www.fcbarcelonanoticias.com\/en\/wp-json\/wp\/v2\/tags?post=19977"}],"curies":[{"name":"wp","href":"https:\/\/api.w.org\/{rel}","templated":true}]}}