{"id":20157,"date":"2025-01-19T01:16:00","date_gmt":"2025-01-19T00:16:00","guid":{"rendered":"https:\/\/weisetech.dev\/fc-barcelona-noticias\/en\/kounde-on-roll-three-goals-in-season-with-barcelona-for-the-first-time_310193_102\/"},"modified":"2025-01-19T05:16:00","modified_gmt":"2025-01-19T04:16:00","slug":"kounde-on-roll-three-goals-in-season-with-barcelona-for-the-first-time_310193_102","status":"publish","type":"post","link":"https:\/\/www.fcbarcelonanoticias.com\/en\/fc-barcelona\/kounde-on-roll-three-goals-in-season-with-barcelona-for-the-first-time_310193_102.html","title":{"rendered":"Kound\u00e9, on a roll: three goals in a season with Barcelona for the first time"},"content":{"rendered":"<h2 class=\"wp-block-heading\">Jules Kound\u00e9 was the author of Bar\u00e7a&#8217;s goal in the draw against Getafe. The Frenchman has already scored 3 goals this season, his best tally as a Bar\u00e7a player<\/h2>  \r\n<div class=\"article-addons\">\r\n    <a href=\"https:\/\/www.fcbarcelonanoticias.com\/en\/calendar-fc-barcelona.html\"\r\n       target=\"_self\"\r\n       title=\"Calendar of FC Barcelona\"\r\n       class=\"blue-gredient-btn\">\r\n       \r\n        Calendar of FC Barcelona    <\/a>\r\n<\/div>   <p>On a complicated night for <strong>FC Barcelona<\/strong>, <strong>Jules Kound\u00e9<\/strong> was one of the best news for <strong>Hansi Flick<\/strong> and the blue and garnet team. The Frenchman has started 2025 on a &#8216;sweet&#8217; note, being a starter in all five matches played by the club this year and celebrating two goals.<\/p>  <p>The latest of these came this Saturday at the Coliseum, when the defender opened the scoring against <strong>Getafe<\/strong> with the only goal scored by the cul\u00e9s against the azulones. The Parisian received a spectacular assist from <strong>Pedri<\/strong> in the &#8216;Geta&#8217; area and, after his first shot was saved by <strong>David Soria<\/strong>, he picked up the rebound as if he were a pure &#8216;9&#8217; and scored for the second consecutive match.<\/p>  <p>And Kound\u00e9 arrived at the clash against <strong>Jos\u00e9 Bordal\u00e1s<\/strong> after being one of the main protagonists of the cul\u00e9s&#8217; victory over <strong>Betis<\/strong> in the Copa del Rey, <a data-external=\"0\" data-intl-links-en=\"https:\/\/www.fcbarcelonanoticias.com\/en\/football-soccer\/copa-del-rey\/jules-kounde-best-right-back-in-world-destroys-betis-with-stunning-goal_310121_102.html\" data-intl-links-es=\"https:\/\/www.fcbarcelonanoticias.com\/futbol\/copa-del-rey\/jules-kounde-mejor-lateral-derecho-mundo-destroza-betis-con-golazo_310121_102.html\" href=\"https:\/\/www.fcbarcelonanoticias.com\/en\/football-soccer\/copa-del-rey\/jules-kounde-best-right-back-in-world-destroys-betis-with-stunning-goal_310121_102.html\" rel=\"follow\" target=\"_self\" title=\"Jules Kound\u00e9: The best right-back in the world destroys Betis with a stunning goal\">scoring one of the goals in the 5-1 victory of Bar\u00e7a against the verdiblancos<\/a>. Now, with the goal scored this Saturday, the right-back has already accumulated 3 goals this season, just 1 away from matching his best scoring record in a season (4 goals with Sevilla in 2020-21).<\/p>  <h3>A Kound\u00e9 of records<\/h3>  <p>These 3 goals (against <strong>Valladolid, Betis<\/strong>, and <strong>Getafe<\/strong>), along with the 7 assists he has provided in all competitions, make him the first defender in Spanish football with <strong>10 direct goal contributions this season<\/strong>, highlighting that his impact is not limited solely to the defensive area.<\/p>  <p>Moreover, with his goal against <strong>Getafe<\/strong>, <a data-external=\"0\" data-intl-links-en=\"https:\/\/www.fcbarcelonanoticias.com\/en\/football-soccer\/laliga\/goooal-in-getafe-barcelona-had-gone-4-consecutive-leagues-without-scoring-at-coliseum_310191_102.html\" data-intl-links-es=\"https:\/\/www.fcbarcelonanoticias.com\/futbol\/laliga\/goool-getafe-barcelona-llevaba-4-ligas-consecutivas-sin-marcar-coliseum_310191_102.html\" href=\"https:\/\/www.fcbarcelonanoticias.com\/en\/football-soccer\/laliga\/goooal-in-getafe-barcelona-had-gone-4-consecutive-leagues-without-scoring-at-coliseum_310191_102.html\" rel=\"follow\" target=\"_self\" title=\"\u00a1GOOOL EN GETAFE! Barcelona had gone 4 consecutive leagues without scoring at the Coliseum\">Jules ended a streak of four seasons where Bar\u00e7a had not scored at the Coliseum<\/a>. The last goal by the Catalans at the azul\u00f3n field was celebrated by <strong>Junior Firpo<\/strong> just over 5 years ago, on September 28, 2019. Since then, the cul\u00e9s had made 4 visits without breaking the local&#8217;s goal, until the best right-back in the world managed to end the drought. A night of records with a bittersweet taste for <strong>Kound\u00e9<\/strong>.<\/p> ","protected":false},"excerpt":{"rendered":"<p>Jules Kound\u00e9 was the author of Bar\u00e7a&#8217;s goal in the draw against Getafe. The Frenchman has already scored 3 goals this season, his best tally as a Bar\u00e7a player On a complicated night for FC Barcelona, Jules Kound\u00e9 was one of the best news for Hansi Flick and the blue and garnet team. The Frenchman [&hellip;]<\/p>\n","protected":false},"author":358,"featured_media":20161,"comment_status":"closed","ping_status":"open","sticky":false,"template":"","format":"standard","meta":{"_acf_changed":false,"inline_featured_image":false,"_nextfly_llmd_date_locked":false,"footnotes":""},"categories":[111],"tags":[],"class_list":["post-20157","post","type-post","status-publish","format-standard","has-post-thumbnail","hentry","category-fc-barcelona"],"acf":[],"yoast_head":"<!-- This site is optimized with the Yoast SEO plugin v27.3 - https:\/\/yoast.com\/product\/yoast-seo-wordpress\/ -->\n<title>Kound\u00e9, on a roll: three goals in a season with Barcelona for the first time<\/title>\n<meta name=\"description\" content=\"Jules Kound\u00e9 was the author of Bar\u00e7a&#039;s goal in the draw against Getafe. The Frenchman has already scored 3 goals this season, his best tally as a Bar\u00e7a player\" \/>\n<meta name=\"robots\" content=\"index, follow, max-snippet:-1, max-image-preview:large, max-video-preview:-1\" \/>\n<link rel=\"canonical\" href=\"https:\/\/www.fcbarcelonanoticias.com\/en\/fc-barcelona\/kounde-on-roll-three-goals-in-season-with-barcelona-for-the-first-time_310193_102.html\" \/>\n<meta property=\"og:locale\" content=\"en_US\" \/>\n<meta property=\"og:type\" content=\"article\" \/>\n<meta property=\"og:title\" content=\"Kound\u00e9, on a roll: three goals in a season with Barcelona for the first time\" \/>\n<meta property=\"og:description\" content=\"Jules Kound\u00e9 was the author of Bar\u00e7a&#039;s goal in the draw against Getafe. The Frenchman has already scored 3 goals this season, his best tally as a Bar\u00e7a player\" \/>\n<meta property=\"og:url\" content=\"https:\/\/www.fcbarcelonanoticias.com\/en\/fc-barcelona\/kounde-on-roll-three-goals-in-season-with-barcelona-for-the-first-time_310193_102.html\" \/>\n<meta property=\"og:site_name\" content=\"EN - FC Barcelona Noticias\" \/>\n<meta property=\"article:published_time\" content=\"2025-01-19T00:16:00+00:00\" \/>\n<meta property=\"article:modified_time\" content=\"2025-01-19T04:16:00+00:00\" \/>\n<meta property=\"og:image\" content=\"https:\/\/www.fcbarcelonanoticias.com\/en\/wp-content\/uploads\/sites\/2\/2025\/01\/whatsapp-image-2025-01-18-at-6-43-33-pm-1.jpeg\" \/>\n\t<meta property=\"og:image:width\" content=\"1200\" \/>\n\t<meta property=\"og:image:height\" content=\"675\" \/>\n\t<meta property=\"og:image:type\" content=\"image\/jpeg\" \/>\n<meta name=\"author\" content=\"Juan Pablo Berdugo\" \/>\n<meta name=\"twitter:card\" content=\"summary_large_image\" \/>\n<meta name=\"twitter:label1\" content=\"Written by\" \/>\n\t<meta name=\"twitter:data1\" content=\"Juan Pablo Berdugo\" \/>\n\t<meta name=\"twitter:label2\" content=\"Est. reading time\" \/>\n\t<meta name=\"twitter:data2\" content=\"2 minutes\" \/>\n<script type=\"application\/ld+json\" class=\"yoast-schema-graph\">{\"@context\":\"https:\\\/\\\/schema.org\",\"@graph\":[{\"@type\":\"Article\",\"@id\":\"https:\\\/\\\/www.fcbarcelonanoticias.com\\\/en\\\/fc-barcelona\\\/kounde-on-roll-three-goals-in-season-with-barcelona-for-the-first-time_310193_102.html#article\",\"isPartOf\":{\"@id\":\"https:\\\/\\\/www.fcbarcelonanoticias.com\\\/en\\\/fc-barcelona\\\/kounde-on-roll-three-goals-in-season-with-barcelona-for-the-first-time_310193_102.html\"},\"author\":{\"name\":\"Juan Pablo Berdugo\",\"@id\":\"https:\\\/\\\/www.fcbarcelonanoticias.com\\\/en\\\/#\\\/schema\\\/person\\\/88d756918a0a1ae9fa593b5edddd1815\"},\"headline\":\"Kound\u00e9, on a roll: three goals in a season with Barcelona for the first time\",\"datePublished\":\"2025-01-19T00:16:00+00:00\",\"dateModified\":\"2025-01-19T04:16:00+00:00\",\"mainEntityOfPage\":{\"@id\":\"https:\\\/\\\/www.fcbarcelonanoticias.com\\\/en\\\/fc-barcelona\\\/kounde-on-roll-three-goals-in-season-with-barcelona-for-the-first-time_310193_102.html\"},\"wordCount\":367,\"image\":{\"@id\":\"https:\\\/\\\/www.fcbarcelonanoticias.com\\\/en\\\/fc-barcelona\\\/kounde-on-roll-three-goals-in-season-with-barcelona-for-the-first-time_310193_102.html#primaryimage\"},\"thumbnailUrl\":\"https:\\\/\\\/www.fcbarcelonanoticias.com\\\/en\\\/wp-content\\\/uploads\\\/sites\\\/2\\\/2025\\\/01\\\/whatsapp-image-2025-01-18-at-6-43-33-pm-1.jpeg\",\"articleSection\":[\"FC Barcelona\"],\"inLanguage\":\"en-US\"},{\"@type\":\"WebPage\",\"@id\":\"https:\\\/\\\/www.fcbarcelonanoticias.com\\\/en\\\/fc-barcelona\\\/kounde-on-roll-three-goals-in-season-with-barcelona-for-the-first-time_310193_102.html\",\"url\":\"https:\\\/\\\/www.fcbarcelonanoticias.com\\\/en\\\/fc-barcelona\\\/kounde-on-roll-three-goals-in-season-with-barcelona-for-the-first-time_310193_102.html\",\"name\":\"Kound\u00e9, on a roll: three goals in a season with Barcelona for the first time\",\"isPartOf\":{\"@id\":\"https:\\\/\\\/www.fcbarcelonanoticias.com\\\/en\\\/#website\"},\"primaryImageOfPage\":{\"@id\":\"https:\\\/\\\/www.fcbarcelonanoticias.com\\\/en\\\/fc-barcelona\\\/kounde-on-roll-three-goals-in-season-with-barcelona-for-the-first-time_310193_102.html#primaryimage\"},\"image\":{\"@id\":\"https:\\\/\\\/www.fcbarcelonanoticias.com\\\/en\\\/fc-barcelona\\\/kounde-on-roll-three-goals-in-season-with-barcelona-for-the-first-time_310193_102.html#primaryimage\"},\"thumbnailUrl\":\"https:\\\/\\\/www.fcbarcelonanoticias.com\\\/en\\\/wp-content\\\/uploads\\\/sites\\\/2\\\/2025\\\/01\\\/whatsapp-image-2025-01-18-at-6-43-33-pm-1.jpeg\",\"datePublished\":\"2025-01-19T00:16:00+00:00\",\"dateModified\":\"2025-01-19T04:16:00+00:00\",\"author\":{\"@id\":\"https:\\\/\\\/www.fcbarcelonanoticias.com\\\/en\\\/#\\\/schema\\\/person\\\/88d756918a0a1ae9fa593b5edddd1815\"},\"description\":\"Jules Kound\u00e9 was the author of Bar\u00e7a's goal in the draw against Getafe. The Frenchman has already scored 3 goals this season, his best tally as a Bar\u00e7a player\",\"breadcrumb\":{\"@id\":\"https:\\\/\\\/www.fcbarcelonanoticias.com\\\/en\\\/fc-barcelona\\\/kounde-on-roll-three-goals-in-season-with-barcelona-for-the-first-time_310193_102.html#breadcrumb\"},\"inLanguage\":\"en-US\",\"potentialAction\":[{\"@type\":\"ReadAction\",\"target\":[\"https:\\\/\\\/www.fcbarcelonanoticias.com\\\/en\\\/fc-barcelona\\\/kounde-on-roll-three-goals-in-season-with-barcelona-for-the-first-time_310193_102.html\"]}]},{\"@type\":\"ImageObject\",\"inLanguage\":\"en-US\",\"@id\":\"https:\\\/\\\/www.fcbarcelonanoticias.com\\\/en\\\/fc-barcelona\\\/kounde-on-roll-three-goals-in-season-with-barcelona-for-the-first-time_310193_102.html#primaryimage\",\"url\":\"https:\\\/\\\/www.fcbarcelonanoticias.com\\\/en\\\/wp-content\\\/uploads\\\/sites\\\/2\\\/2025\\\/01\\\/whatsapp-image-2025-01-18-at-6-43-33-pm-1.jpeg\",\"contentUrl\":\"https:\\\/\\\/www.fcbarcelonanoticias.com\\\/en\\\/wp-content\\\/uploads\\\/sites\\\/2\\\/2025\\\/01\\\/whatsapp-image-2025-01-18-at-6-43-33-pm-1.jpeg\",\"width\":1200,\"height\":675},{\"@type\":\"BreadcrumbList\",\"@id\":\"https:\\\/\\\/www.fcbarcelonanoticias.com\\\/en\\\/fc-barcelona\\\/kounde-on-roll-three-goals-in-season-with-barcelona-for-the-first-time_310193_102.html#breadcrumb\",\"itemListElement\":[{\"@type\":\"ListItem\",\"position\":1,\"name\":\"Portada\",\"item\":\"https:\\\/\\\/www.fcbarcelonanoticias.com\\\/en\\\/\"},{\"@type\":\"ListItem\",\"position\":2,\"name\":\"Kound\u00e9, on a roll: three goals in a season with Barcelona for the first time\"}]},{\"@type\":\"WebSite\",\"@id\":\"https:\\\/\\\/www.fcbarcelonanoticias.com\\\/en\\\/#website\",\"url\":\"https:\\\/\\\/www.fcbarcelonanoticias.com\\\/en\\\/\",\"name\":\"EN - FC Barcelona Noticias\",\"description\":\"\",\"potentialAction\":[{\"@type\":\"SearchAction\",\"target\":{\"@type\":\"EntryPoint\",\"urlTemplate\":\"https:\\\/\\\/www.fcbarcelonanoticias.com\\\/en\\\/?s={search_term_string}\"},\"query-input\":{\"@type\":\"PropertyValueSpecification\",\"valueRequired\":true,\"valueName\":\"search_term_string\"}}],\"inLanguage\":\"en-US\"},{\"@type\":\"Person\",\"@id\":\"https:\\\/\\\/www.fcbarcelonanoticias.com\\\/en\\\/#\\\/schema\\\/person\\\/88d756918a0a1ae9fa593b5edddd1815\",\"name\":\"Juan Pablo Berdugo\",\"image\":{\"@type\":\"ImageObject\",\"inLanguage\":\"en-US\",\"@id\":\"https:\\\/\\\/secure.gravatar.com\\\/avatar\\\/?s=96&d=mm&r=g\",\"url\":\"https:\\\/\\\/secure.gravatar.com\\\/avatar\\\/?s=96&d=mm&r=g\",\"contentUrl\":\"https:\\\/\\\/secure.gravatar.com\\\/avatar\\\/?s=96&d=mm&r=g\",\"caption\":\"Juan Pablo Berdugo\"},\"description\":\"Juan Pablo Berdugo es graduado en Periodismo. Colabora con FCBN como especialista en informaci\u00f3n del primer equipo del FC Barcelona, f\u00fatbol internacional y mercado de fichajes. Destaca por su enfoque anal\u00edtico, su rigor informativo y su capacidad para detectar tendencias emergentes en el f\u00fatbol global.\",\"url\":\"https:\\\/\\\/www.fcbarcelonanoticias.com\\\/en\\\/fc-barcelona\\\/juan-pablo-berdugo_18_115.html\"}]}<\/script>\n<!-- \/ Yoast SEO plugin. -->","yoast_head_json":{"title":"Kound\u00e9, on a roll: three goals in a season with Barcelona for the first time","description":"Jules Kound\u00e9 was the author of Bar\u00e7a's goal in the draw against Getafe. The Frenchman has already scored 3 goals this season, his best tally as a Bar\u00e7a player","robots":{"index":"index","follow":"follow","max-snippet":"max-snippet:-1","max-image-preview":"max-image-preview:large","max-video-preview":"max-video-preview:-1"},"canonical":"https:\/\/www.fcbarcelonanoticias.com\/en\/fc-barcelona\/kounde-on-roll-three-goals-in-season-with-barcelona-for-the-first-time_310193_102.html","og_locale":"en_US","og_type":"article","og_title":"Kound\u00e9, on a roll: three goals in a season with Barcelona for the first time","og_description":"Jules Kound\u00e9 was the author of Bar\u00e7a's goal in the draw against Getafe. The Frenchman has already scored 3 goals this season, his best tally as a Bar\u00e7a player","og_url":"https:\/\/www.fcbarcelonanoticias.com\/en\/fc-barcelona\/kounde-on-roll-three-goals-in-season-with-barcelona-for-the-first-time_310193_102.html","og_site_name":"EN - FC Barcelona Noticias","article_published_time":"2025-01-19T00:16:00+00:00","article_modified_time":"2025-01-19T04:16:00+00:00","og_image":[{"width":1200,"height":675,"url":"https:\/\/www.fcbarcelonanoticias.com\/en\/wp-content\/uploads\/sites\/2\/2025\/01\/whatsapp-image-2025-01-18-at-6-43-33-pm-1.jpeg","type":"image\/jpeg"}],"author":"Juan Pablo Berdugo","twitter_card":"summary_large_image","twitter_misc":{"Written by":"Juan Pablo Berdugo","Est. reading time":"2 minutes"},"schema":{"@context":"https:\/\/schema.org","@graph":[{"@type":"Article","@id":"https:\/\/www.fcbarcelonanoticias.com\/en\/fc-barcelona\/kounde-on-roll-three-goals-in-season-with-barcelona-for-the-first-time_310193_102.html#article","isPartOf":{"@id":"https:\/\/www.fcbarcelonanoticias.com\/en\/fc-barcelona\/kounde-on-roll-three-goals-in-season-with-barcelona-for-the-first-time_310193_102.html"},"author":{"name":"Juan Pablo Berdugo","@id":"https:\/\/www.fcbarcelonanoticias.com\/en\/#\/schema\/person\/88d756918a0a1ae9fa593b5edddd1815"},"headline":"Kound\u00e9, on a roll: three goals in a season with Barcelona for the first time","datePublished":"2025-01-19T00:16:00+00:00","dateModified":"2025-01-19T04:16:00+00:00","mainEntityOfPage":{"@id":"https:\/\/www.fcbarcelonanoticias.com\/en\/fc-barcelona\/kounde-on-roll-three-goals-in-season-with-barcelona-for-the-first-time_310193_102.html"},"wordCount":367,"image":{"@id":"https:\/\/www.fcbarcelonanoticias.com\/en\/fc-barcelona\/kounde-on-roll-three-goals-in-season-with-barcelona-for-the-first-time_310193_102.html#primaryimage"},"thumbnailUrl":"https:\/\/www.fcbarcelonanoticias.com\/en\/wp-content\/uploads\/sites\/2\/2025\/01\/whatsapp-image-2025-01-18-at-6-43-33-pm-1.jpeg","articleSection":["FC Barcelona"],"inLanguage":"en-US"},{"@type":"WebPage","@id":"https:\/\/www.fcbarcelonanoticias.com\/en\/fc-barcelona\/kounde-on-roll-three-goals-in-season-with-barcelona-for-the-first-time_310193_102.html","url":"https:\/\/www.fcbarcelonanoticias.com\/en\/fc-barcelona\/kounde-on-roll-three-goals-in-season-with-barcelona-for-the-first-time_310193_102.html","name":"Kound\u00e9, on a roll: three goals in a season with Barcelona for the first time","isPartOf":{"@id":"https:\/\/www.fcbarcelonanoticias.com\/en\/#website"},"primaryImageOfPage":{"@id":"https:\/\/www.fcbarcelonanoticias.com\/en\/fc-barcelona\/kounde-on-roll-three-goals-in-season-with-barcelona-for-the-first-time_310193_102.html#primaryimage"},"image":{"@id":"https:\/\/www.fcbarcelonanoticias.com\/en\/fc-barcelona\/kounde-on-roll-three-goals-in-season-with-barcelona-for-the-first-time_310193_102.html#primaryimage"},"thumbnailUrl":"https:\/\/www.fcbarcelonanoticias.com\/en\/wp-content\/uploads\/sites\/2\/2025\/01\/whatsapp-image-2025-01-18-at-6-43-33-pm-1.jpeg","datePublished":"2025-01-19T00:16:00+00:00","dateModified":"2025-01-19T04:16:00+00:00","author":{"@id":"https:\/\/www.fcbarcelonanoticias.com\/en\/#\/schema\/person\/88d756918a0a1ae9fa593b5edddd1815"},"description":"Jules Kound\u00e9 was the author of Bar\u00e7a's goal in the draw against Getafe. The Frenchman has already scored 3 goals this season, his best tally as a Bar\u00e7a player","breadcrumb":{"@id":"https:\/\/www.fcbarcelonanoticias.com\/en\/fc-barcelona\/kounde-on-roll-three-goals-in-season-with-barcelona-for-the-first-time_310193_102.html#breadcrumb"},"inLanguage":"en-US","potentialAction":[{"@type":"ReadAction","target":["https:\/\/www.fcbarcelonanoticias.com\/en\/fc-barcelona\/kounde-on-roll-three-goals-in-season-with-barcelona-for-the-first-time_310193_102.html"]}]},{"@type":"ImageObject","inLanguage":"en-US","@id":"https:\/\/www.fcbarcelonanoticias.com\/en\/fc-barcelona\/kounde-on-roll-three-goals-in-season-with-barcelona-for-the-first-time_310193_102.html#primaryimage","url":"https:\/\/www.fcbarcelonanoticias.com\/en\/wp-content\/uploads\/sites\/2\/2025\/01\/whatsapp-image-2025-01-18-at-6-43-33-pm-1.jpeg","contentUrl":"https:\/\/www.fcbarcelonanoticias.com\/en\/wp-content\/uploads\/sites\/2\/2025\/01\/whatsapp-image-2025-01-18-at-6-43-33-pm-1.jpeg","width":1200,"height":675},{"@type":"BreadcrumbList","@id":"https:\/\/www.fcbarcelonanoticias.com\/en\/fc-barcelona\/kounde-on-roll-three-goals-in-season-with-barcelona-for-the-first-time_310193_102.html#breadcrumb","itemListElement":[{"@type":"ListItem","position":1,"name":"Portada","item":"https:\/\/www.fcbarcelonanoticias.com\/en\/"},{"@type":"ListItem","position":2,"name":"Kound\u00e9, on a roll: three goals in a season with Barcelona for the first time"}]},{"@type":"WebSite","@id":"https:\/\/www.fcbarcelonanoticias.com\/en\/#website","url":"https:\/\/www.fcbarcelonanoticias.com\/en\/","name":"EN - FC Barcelona Noticias","description":"","potentialAction":[{"@type":"SearchAction","target":{"@type":"EntryPoint","urlTemplate":"https:\/\/www.fcbarcelonanoticias.com\/en\/?s={search_term_string}"},"query-input":{"@type":"PropertyValueSpecification","valueRequired":true,"valueName":"search_term_string"}}],"inLanguage":"en-US"},{"@type":"Person","@id":"https:\/\/www.fcbarcelonanoticias.com\/en\/#\/schema\/person\/88d756918a0a1ae9fa593b5edddd1815","name":"Juan Pablo Berdugo","image":{"@type":"ImageObject","inLanguage":"en-US","@id":"https:\/\/secure.gravatar.com\/avatar\/?s=96&d=mm&r=g","url":"https:\/\/secure.gravatar.com\/avatar\/?s=96&d=mm&r=g","contentUrl":"https:\/\/secure.gravatar.com\/avatar\/?s=96&d=mm&r=g","caption":"Juan Pablo Berdugo"},"description":"Juan Pablo Berdugo es graduado en Periodismo. Colabora con FCBN como especialista en informaci\u00f3n del primer equipo del FC Barcelona, f\u00fatbol internacional y mercado de fichajes. Destaca por su enfoque anal\u00edtico, su rigor informativo y su capacidad para detectar tendencias emergentes en el f\u00fatbol global.","url":"https:\/\/www.fcbarcelonanoticias.com\/en\/fc-barcelona\/juan-pablo-berdugo_18_115.html"}]}},"_links":{"self":[{"href":"https:\/\/www.fcbarcelonanoticias.com\/en\/wp-json\/wp\/v2\/posts\/20157","targetHints":{"allow":["GET"]}}],"collection":[{"href":"https:\/\/www.fcbarcelonanoticias.com\/en\/wp-json\/wp\/v2\/posts"}],"about":[{"href":"https:\/\/www.fcbarcelonanoticias.com\/en\/wp-json\/wp\/v2\/types\/post"}],"author":[{"embeddable":true,"href":"https:\/\/www.fcbarcelonanoticias.com\/en\/wp-json\/wp\/v2\/users\/358"}],"replies":[{"embeddable":true,"href":"https:\/\/www.fcbarcelonanoticias.com\/en\/wp-json\/wp\/v2\/comments?post=20157"}],"version-history":[{"count":1,"href":"https:\/\/www.fcbarcelonanoticias.com\/en\/wp-json\/wp\/v2\/posts\/20157\/revisions"}],"predecessor-version":[{"id":23091,"href":"https:\/\/www.fcbarcelonanoticias.com\/en\/wp-json\/wp\/v2\/posts\/20157\/revisions\/23091"}],"wp:featuredmedia":[{"embeddable":true,"href":"https:\/\/www.fcbarcelonanoticias.com\/en\/wp-json\/wp\/v2\/media\/20161"}],"wp:attachment":[{"href":"https:\/\/www.fcbarcelonanoticias.com\/en\/wp-json\/wp\/v2\/media?parent=20157"}],"wp:term":[{"taxonomy":"category","embeddable":true,"href":"https:\/\/www.fcbarcelonanoticias.com\/en\/wp-json\/wp\/v2\/categories?post=20157"},{"taxonomy":"post_tag","embeddable":true,"href":"https:\/\/www.fcbarcelonanoticias.com\/en\/wp-json\/wp\/v2\/tags?post=20157"}],"curies":[{"name":"wp","href":"https:\/\/api.w.org\/{rel}","templated":true}]}}