{"id":20167,"date":"2025-04-22T23:20:00","date_gmt":"2025-04-22T21:20:00","guid":{"rendered":"https:\/\/weisetech.dev\/fc-barcelona-noticias\/en\/kounde-the-iron-man-of-barca-who-breaks-records_312234_102\/"},"modified":"2026-04-16T09:49:55","modified_gmt":"2026-04-16T07:49:55","slug":"kounde-the-iron-man-of-barca-who-breaks-records_312234_102","status":"publish","type":"post","link":"https:\/\/www.fcbarcelonanoticias.com\/en\/fc-barcelona\/kounde-the-iron-man-of-barca-who-breaks-records_312234_102.html","title":{"rendered":"End of Kound\u00e9&#8217;s incredible run with Bar\u00e7a: A record that defies the impossible"},"content":{"rendered":"<h2 class=\"wp-block-heading\">Against Mallorca, Jules Kound\u00e9 ended the spectacular run of 86 consecutive matches for Barcelona. The French player had played every game since November 25, 2023.<\/h2>  \r\n<div class=\"article-addons\">\r\n    <a href=\"https:\/\/www.fcbarcelonanoticias.com\/en\/calendar-fc-barcelona.html\"\r\n       target=\"_self\"\r\n       title=\"Calendar of FC Barcelona\"\r\n       class=\"blue-gredient-btn\">\r\n       \r\n        Calendar of FC Barcelona    <\/a>\r\n<\/div>   <p><strong><a data-external=\"0\" data-intl-links-en=\"https:\/\/www.fcbarcelonanoticias.com\/en\/tags\/jules-kounde\" data-intl-links-es=\"https:\/\/www.fcbarcelonanoticias.com\/tags\/jules-kounde\" href=\"https:\/\/www.fcbarcelonanoticias.com\/jugador\/jules-kounde.html\" rel=\"follow\" target=\"_self\" title=\"Jules Kound\u00e9 - Todas las noticias\">Jules Kound\u00e9<\/a><\/strong> has established himself as a fundamental and resilient pillar in the <strong>FC Barcelona defense<\/strong>, reaching an impressive figure of <strong>86 consecutive official matches played<\/strong>. This record underlines not only his exceptional physical condition but also the unwavering trust that the coaches have always placed in the French player. Want to discover his secret?<\/p>  <p>Until his <strong><a data-external=\"0\" data-intl-links-en=\"https:\/\/www.fcbarcelonanoticias.com\/en\/laliga\/barcelona-vs-mallorca-confirmed-lineups-laliga_312263_102.html\" data-intl-links-es=\"https:\/\/www.fcbarcelonanoticias.com\/laliga\/fc-barcelona-vs-mallorca-alineaciones-confirmadas-laliga_312263_102.html\" href=\"https:\/\/www.fcbarcelonanoticias.com\/laliga\/fc-barcelona-vs-mallorca-alineaciones-confirmadas-laliga_312263_102.html\" rel=\"follow\" target=\"_self\" title=\"\u00a1Un XI in\u00e9dito! FC Barcelona vs Mallorca: Alineaciones confirmadas - LaLiga 24\/25\">absence in the match against Mallorca<\/a><\/strong> on April 22, 2025, <strong>Kound\u00e9 had played all of Bar\u00e7a&#8217;s official matches<\/strong> (since November 28, 2023), <strong>totaling 86 consecutive matches<\/strong>.<\/p>  <div class=\"media media-image\" data-ck-asset-wrapper=\"\"> <div class=\"media-item\"> <img loading=\"lazy\" decoding=\"async\" alt=\"Alineacion titular del FC Barcelona v Mallorca de LaLiga 24\/25\" data-id=\"1488380\" data-resize=\"9\" height=\"563\" src=\"https:\/\/www.fcbarcelonanoticias.com\/wp-content\/uploads\/sites\/2\/2025\/05\/fcbn-9644ffd58f1f5fe1b0d196d03edba45d.jpeg\" title=\"Alineacion titular del FC Barcelona v Mallorca de LaLiga 24\/25\" width=\"1000\"><div class=\"media-title\" style=\"text-align: center;\"><strong>Starting Lineup of FC Barcelona v Mallorca in LaLiga 24\/25<\/strong><\/div> <\/div> <\/div>  <p>In the 2023\/24 season, he played 39 official matches after that date (24 in LaLiga, 6 in Champions League, 3 in Copa, 2 in Supercopa, 4 with France). <strong>In the 2024\/25 season, he had played 51 official matches with Bar\u00e7a<\/strong>, until April 19 (Bar\u00e7a 4-3 Celta).<\/p>  <h2>Here we review the most relevant data and statistics of Kound\u00e9<\/h2>  <p><strong>Jules Kounde was born in Paris on November 12, 1998<\/strong>, into a family of Beninese origin. Although he started playing football in small clubs around the city of Bordeaux, in southwestern France, it wasn&#8217;t until he was 14 years old that he passed the trials and joined the youth academy of a professional team, in this case, Girondins de Bordeaux.<\/p>  <ol> <li> <strong>Age: <\/strong>26 years old (born 11\/12\/1998)<\/li> \t<li> <strong>Height:<\/strong> 1.80 m (approx. 5&#8217;11&#8221;)<\/li> \t<li> <strong>Weight:<\/strong> 75 kg (approx. 165 lbs)<\/li> \t<li> <strong>Jersey Number:<\/strong> 23 for Barcelona and the national team<\/li> <\/ol> <p>\ud83d\udcca&nbsp;<strong>Individual Statistics (2024\/25 season)<\/strong><\/p>  <ol> <li> <strong>Matches played:<\/strong> 51 (entire season)<\/li> \t<li> <strong>Minutes played:<\/strong> 4261<\/li> \t<li> <strong>Goals:<\/strong> 3<\/li> \t<li> <strong>Assists:<\/strong> 8<\/li> \t<li> <strong>Yellow cards:<\/strong> 5<\/li> \t<li> <strong>Red cards:<\/strong> 0<\/li> <\/ol> <p>\ud83d\udcca&nbsp;<strong>By Competitions (2024\/25, until April 22)<\/strong><\/p>  <ol> <li> <strong>LaLiga:<\/strong> 32 matches, 2 goals, 4 yellow cards<\/li> \t<li> <strong>Champions League:<\/strong> 12 matches, 0 goals, 1 yellow card<\/li> \t<li> <strong>Copa del Rey:<\/strong> 5 matches, 1 goal, 0 yellow cards<\/li> \t<li> <strong>Supercopa de Espa\u00f1a:<\/strong> 2 matches, 0 goals, 0 yellow cards<\/li> <\/ol> <h2>Kound\u00e9, Untouchable with Xavi, Hansi Flick, and Deschamps<\/h2>  <div class=\"media media-image\" data-ck-asset-wrapper=\"\"> <div class=\"media-item\"> <img loading=\"lazy\" decoding=\"async\" alt=\"Jules Kound\u00e9 y Didier Deschamps durante un entrenamiento con Francia\" data-id=\"1405633\" data-resize=\"9\" height=\"563\" src=\"https:\/\/www.fcbarcelonanoticias.com\/wp-content\/uploads\/sites\/2\/2025\/05\/fcbn-03a334962a532a8675bd6bac82ddaac6.jpeg\" title=\"Jules Kound\u00e9 y Didier Deschamps durante un entrenamiento con Francia\" width=\"1000\"><div class=\"media-title\" style=\"text-align: center;\"><strong>Jules Kound\u00e9 and Didier Deschamps during a training session with France<\/strong><\/div> <\/div> <\/div>  <p>Currently, <strong>Kound\u00e9 is the most used footballer by the coaching staff<\/strong>, accumulating more minutes than any other player on the team in the 2024-2025 season. His consistency and physical condition have been key to maintaining this streak, and he has played both as a center-back and right-back, adapting to the needs of the team and showing great versatility.<\/p>  <p><strong>Although he started as a center-back, <a data-external=\"0\" data-intl-links-en=\"https:\/\/www.fcbarcelonanoticias.com\/en\/tags\/fc-barcelona-lineups\" data-intl-links-es=\"https:\/\/www.fcbarcelonanoticias.com\/tags\/alineaciones-fc-barcelona\" href=\"https:\/\/www.fcbarcelonanoticias.com\/en\/tags\/alineaciones-fc-barcelona\" rel=\"follow\" target=\"_self\" title=\"Alineaciones FC Barcelona 2024\/25\">Kound\u00e9 has established himself as the starting right-back<\/a><\/strong>, adapting perfectly to the team&#8217;s needs. This versatility has allowed him to be indispensable for his coaches, both at the club and in the national team.<\/p>  <p>Both <strong>Xavi Hern\u00e1ndez<\/strong> and <strong>Hansi Flick<\/strong> at Bar\u00e7a, and <strong>Didier Deschamps<\/strong> in France, have placed full confidence in him, making him a starter or giving him minutes in practically all recent official matches.<\/p>  <p>His streak includes <strong>matches with both Bar\u00e7a and the French national team, adding more than 100 consecutive appearances between the two,<\/strong> demonstrating his consistency and reliability at the international level.<\/p>  <h2>What is Kound\u00e9&#8217;s secret to maintaining his physical performance?<\/h2>  <p><strong>Jules Kound\u00e9<\/strong> maintains his elite physical performance thanks to a combination of personalized training, intensive strength and jumping work, professional discipline, optimal rest and recovery management, and a high degree of commitment to the team.<\/p>  <p>All of this is complemented by a mentality focused on constant effort and continuous improvement.<\/p>  <p>\u2705&nbsp;<strong>Personalized training and intensive physical work<\/strong><\/p>  <p>Kound\u00e9 has a personal trainer who works with him specifically, even with experience in the NFL, and who travels monthly to Barcelona to conduct exhaustive and personalized training focused especially on strength. It is common to see him training in the gym before and after sessions with the group, and he usually participates in additional exercises with the substitutes, which are more intense than those of the starters.<\/p>  <p>\u2705&nbsp;<strong>Post-match gym routines<\/strong><\/p>  <p>After the matches, Kound\u00e9 has the habit of going to the gym to do dumbbell repetitions, showing a tireless work ethic and a strong personal discipline.<\/p>  <p>\u2705&nbsp;<strong>Discipline and professional mentality<\/strong><\/p>  <p>He is described as a player &#8220;eager&#8221; to play everything and with a privileged nature, but above all as a great professional who takes great care of himself. Kound\u00e9 has stated that he identifies with the idea that hard work and discipline are a form of talent, and he recognizes that his success is due more to constant effort than to overflowing talent.<\/p>  <p>\u2705&nbsp;<strong>Specific physical preparation<\/strong><\/p>  <p>Kound\u00e9 works on strength and jumping exercises, such as box jumps, to compensate for height differences against taller forwards and improve his aerial game. This type of training is inspired by his love of basketball and is fundamental to his defensive performance.<\/p>  <p>\u2705&nbsp;<strong>Rest and recovery management<\/strong><\/p>  <p>He carefully adjusts rest and recovery times, combining physical work with healthy habits and moments of disconnection with family and friends, which favors his management of stress and pressure. Nutrition and rest are essential components in his routine, as well as the confidence he feels from the coaches and the manager.<\/p>  <p>\u2705&nbsp;<strong>Commitment and anticipation<\/strong><\/p>  <p>Kound\u00e9 has demonstrated his commitment by advancing his return to training after vacations or international competitions, showing great responsibility and a desire to always be available for the team.<\/p>  <h2>The historical record of Bar\u00e7a is 136 consecutive matches<\/h2>  <p>Although the absolute record of consecutive official matches in the history of the club was still far off (belonging to <strong>Antonio Torres, with 136 consecutive matches between 1969 and 1972<\/strong>), Kound\u00e9 has come close to that historical mark.<\/p>  <p>His professionalism, physical care and the coaches&#8217; trust have been fundamental to sustain this level of demand and continuity. <strong>Will Kound\u00e9 repeat such a streak?<\/strong><\/p> ","protected":false},"excerpt":{"rendered":"<p>Against Mallorca, Jules Kound\u00e9 ended the spectacular run of 86 consecutive matches for Barcelona. The French player had played every game since November 25, 2023. Jules Kound\u00e9 has established himself as a fundamental and resilient pillar in the FC Barcelona defense, reaching an impressive figure of 86 consecutive official matches played. This record underlines not [&hellip;]<\/p>\n","protected":false},"author":361,"featured_media":20171,"comment_status":"closed","ping_status":"open","sticky":false,"template":"","format":"standard","meta":{"_acf_changed":false,"inline_featured_image":false,"_nextfly_llmd_date_locked":false,"footnotes":""},"categories":[111],"tags":[157],"class_list":["post-20167","post","type-post","status-publish","format-standard","has-post-thumbnail","hentry","category-fc-barcelona","tag-statistics"],"acf":[],"yoast_head":"<!-- This site is optimized with the Yoast SEO plugin v27.3 - https:\/\/yoast.com\/product\/yoast-seo-wordpress\/ -->\n<title>Brutal: Kound\u00e9 hasn&#039;t played for Bar\u00e7a after 86 matches!<\/title>\n<meta name=\"description\" content=\"End of Kound\u00e9&#039;s incredible run with Bar\u00e7a: A record that defies the impossible\" \/>\n<meta name=\"robots\" content=\"index, follow, max-snippet:-1, max-image-preview:large, max-video-preview:-1\" \/>\n<link rel=\"canonical\" href=\"https:\/\/www.fcbarcelonanoticias.com\/en\/fc-barcelona\/kounde-the-iron-man-of-barca-who-breaks-records_312234_102.html\" \/>\n<meta property=\"og:locale\" content=\"en_US\" \/>\n<meta property=\"og:type\" content=\"article\" \/>\n<meta property=\"og:title\" content=\"Brutal: Kound\u00e9 hasn&#039;t played for Bar\u00e7a after 86 matches!\" \/>\n<meta property=\"og:description\" content=\"End of Kound\u00e9&#039;s incredible run with Bar\u00e7a: A record that defies the impossible\" \/>\n<meta property=\"og:url\" content=\"https:\/\/www.fcbarcelonanoticias.com\/en\/fc-barcelona\/kounde-the-iron-man-of-barca-who-breaks-records_312234_102.html\" \/>\n<meta property=\"og:site_name\" content=\"EN - FC Barcelona Noticias\" \/>\n<meta property=\"article:published_time\" content=\"2025-04-22T21:20:00+00:00\" \/>\n<meta property=\"article:modified_time\" content=\"2026-04-16T07:49:55+00:00\" \/>\n<meta property=\"og:image\" content=\"https:\/\/www.fcbarcelonanoticias.com\/en\/wp-content\/uploads\/sites\/2\/2025\/04\/kounde-fc-barcelona-benfica-champions-league.jpeg\" \/>\n\t<meta property=\"og:image:width\" content=\"1200\" \/>\n\t<meta property=\"og:image:height\" content=\"800\" \/>\n\t<meta property=\"og:image:type\" content=\"image\/jpeg\" \/>\n<meta name=\"author\" content=\"Martina Dom\u00ednguez\" \/>\n<meta name=\"twitter:card\" content=\"summary_large_image\" \/>\n<meta name=\"twitter:label1\" content=\"Written by\" \/>\n\t<meta name=\"twitter:data1\" content=\"Martina Dom\u00ednguez\" \/>\n\t<meta name=\"twitter:label2\" content=\"Est. reading time\" \/>\n\t<meta name=\"twitter:data2\" content=\"5 minutes\" \/>\n<script type=\"application\/ld+json\" class=\"yoast-schema-graph\">{\"@context\":\"https:\\\/\\\/schema.org\",\"@graph\":[{\"@type\":\"Article\",\"@id\":\"https:\\\/\\\/www.fcbarcelonanoticias.com\\\/en\\\/fc-barcelona\\\/kounde-the-iron-man-of-barca-who-breaks-records_312234_102.html#article\",\"isPartOf\":{\"@id\":\"https:\\\/\\\/www.fcbarcelonanoticias.com\\\/en\\\/fc-barcelona\\\/kounde-the-iron-man-of-barca-who-breaks-records_312234_102.html\"},\"author\":{\"name\":\"Martina Dom\u00ednguez\",\"@id\":\"https:\\\/\\\/www.fcbarcelonanoticias.com\\\/en\\\/#\\\/schema\\\/person\\\/39761ea2391570375f2432c5a3f475e6\"},\"headline\":\"End of Kound\u00e9&#8217;s incredible run with Bar\u00e7a: A record that defies the impossible\",\"datePublished\":\"2025-04-22T21:20:00+00:00\",\"dateModified\":\"2026-04-16T07:49:55+00:00\",\"mainEntityOfPage\":{\"@id\":\"https:\\\/\\\/www.fcbarcelonanoticias.com\\\/en\\\/fc-barcelona\\\/kounde-the-iron-man-of-barca-who-breaks-records_312234_102.html\"},\"wordCount\":918,\"image\":{\"@id\":\"https:\\\/\\\/www.fcbarcelonanoticias.com\\\/en\\\/fc-barcelona\\\/kounde-the-iron-man-of-barca-who-breaks-records_312234_102.html#primaryimage\"},\"thumbnailUrl\":\"https:\\\/\\\/www.fcbarcelonanoticias.com\\\/en\\\/wp-content\\\/uploads\\\/sites\\\/2\\\/2025\\\/04\\\/kounde-fc-barcelona-benfica-champions-league.jpeg\",\"keywords\":[\"Statistics\"],\"articleSection\":[\"FC Barcelona\"],\"inLanguage\":\"en-US\"},{\"@type\":\"WebPage\",\"@id\":\"https:\\\/\\\/www.fcbarcelonanoticias.com\\\/en\\\/fc-barcelona\\\/kounde-the-iron-man-of-barca-who-breaks-records_312234_102.html\",\"url\":\"https:\\\/\\\/www.fcbarcelonanoticias.com\\\/en\\\/fc-barcelona\\\/kounde-the-iron-man-of-barca-who-breaks-records_312234_102.html\",\"name\":\"Brutal: Kound\u00e9 hasn't played for Bar\u00e7a after 86 matches!\",\"isPartOf\":{\"@id\":\"https:\\\/\\\/www.fcbarcelonanoticias.com\\\/en\\\/#website\"},\"primaryImageOfPage\":{\"@id\":\"https:\\\/\\\/www.fcbarcelonanoticias.com\\\/en\\\/fc-barcelona\\\/kounde-the-iron-man-of-barca-who-breaks-records_312234_102.html#primaryimage\"},\"image\":{\"@id\":\"https:\\\/\\\/www.fcbarcelonanoticias.com\\\/en\\\/fc-barcelona\\\/kounde-the-iron-man-of-barca-who-breaks-records_312234_102.html#primaryimage\"},\"thumbnailUrl\":\"https:\\\/\\\/www.fcbarcelonanoticias.com\\\/en\\\/wp-content\\\/uploads\\\/sites\\\/2\\\/2025\\\/04\\\/kounde-fc-barcelona-benfica-champions-league.jpeg\",\"datePublished\":\"2025-04-22T21:20:00+00:00\",\"dateModified\":\"2026-04-16T07:49:55+00:00\",\"author\":{\"@id\":\"https:\\\/\\\/www.fcbarcelonanoticias.com\\\/en\\\/#\\\/schema\\\/person\\\/39761ea2391570375f2432c5a3f475e6\"},\"description\":\"End of Kound\u00e9's incredible run with Bar\u00e7a: A record that defies the impossible\",\"breadcrumb\":{\"@id\":\"https:\\\/\\\/www.fcbarcelonanoticias.com\\\/en\\\/fc-barcelona\\\/kounde-the-iron-man-of-barca-who-breaks-records_312234_102.html#breadcrumb\"},\"inLanguage\":\"en-US\",\"potentialAction\":[{\"@type\":\"ReadAction\",\"target\":[\"https:\\\/\\\/www.fcbarcelonanoticias.com\\\/en\\\/fc-barcelona\\\/kounde-the-iron-man-of-barca-who-breaks-records_312234_102.html\"]}]},{\"@type\":\"ImageObject\",\"inLanguage\":\"en-US\",\"@id\":\"https:\\\/\\\/www.fcbarcelonanoticias.com\\\/en\\\/fc-barcelona\\\/kounde-the-iron-man-of-barca-who-breaks-records_312234_102.html#primaryimage\",\"url\":\"https:\\\/\\\/www.fcbarcelonanoticias.com\\\/en\\\/wp-content\\\/uploads\\\/sites\\\/2\\\/2025\\\/04\\\/kounde-fc-barcelona-benfica-champions-league.jpeg\",\"contentUrl\":\"https:\\\/\\\/www.fcbarcelonanoticias.com\\\/en\\\/wp-content\\\/uploads\\\/sites\\\/2\\\/2025\\\/04\\\/kounde-fc-barcelona-benfica-champions-league.jpeg\",\"width\":1200,\"height\":800},{\"@type\":\"BreadcrumbList\",\"@id\":\"https:\\\/\\\/www.fcbarcelonanoticias.com\\\/en\\\/fc-barcelona\\\/kounde-the-iron-man-of-barca-who-breaks-records_312234_102.html#breadcrumb\",\"itemListElement\":[{\"@type\":\"ListItem\",\"position\":1,\"name\":\"Portada\",\"item\":\"https:\\\/\\\/www.fcbarcelonanoticias.com\\\/en\\\/\"},{\"@type\":\"ListItem\",\"position\":2,\"name\":\"End of Kound\u00e9&#8217;s incredible run with Bar\u00e7a: A record that defies the impossible\"}]},{\"@type\":\"WebSite\",\"@id\":\"https:\\\/\\\/www.fcbarcelonanoticias.com\\\/en\\\/#website\",\"url\":\"https:\\\/\\\/www.fcbarcelonanoticias.com\\\/en\\\/\",\"name\":\"EN - FC Barcelona Noticias\",\"description\":\"\",\"potentialAction\":[{\"@type\":\"SearchAction\",\"target\":{\"@type\":\"EntryPoint\",\"urlTemplate\":\"https:\\\/\\\/www.fcbarcelonanoticias.com\\\/en\\\/?s={search_term_string}\"},\"query-input\":{\"@type\":\"PropertyValueSpecification\",\"valueRequired\":true,\"valueName\":\"search_term_string\"}}],\"inLanguage\":\"en-US\"},{\"@type\":\"Person\",\"@id\":\"https:\\\/\\\/www.fcbarcelonanoticias.com\\\/en\\\/#\\\/schema\\\/person\\\/39761ea2391570375f2432c5a3f475e6\",\"name\":\"Martina Dom\u00ednguez\",\"image\":{\"@type\":\"ImageObject\",\"inLanguage\":\"en-US\",\"@id\":\"https:\\\/\\\/secure.gravatar.com\\\/avatar\\\/?s=96&d=mm&r=g\",\"url\":\"https:\\\/\\\/secure.gravatar.com\\\/avatar\\\/?s=96&d=mm&r=g\",\"contentUrl\":\"https:\\\/\\\/secure.gravatar.com\\\/avatar\\\/?s=96&d=mm&r=g\",\"caption\":\"Martina Dom\u00ednguez\"},\"description\":\"Martina cubre\u00a0la actualidad del FC Barcelona, con especial atenci\u00f3n al f\u00fatbol femenino\u00a0y al mercado de fichajes. Su estilo es din\u00e1mico, cercano y con gran sensibilidad.\",\"url\":\"https:\\\/\\\/www.fcbarcelonanoticias.com\\\/en\\\/fc-barcelona\\\/martina-dominguez_31_115.html\"}]}<\/script>\n<!-- \/ Yoast SEO plugin. -->","yoast_head_json":{"title":"Brutal: Kound\u00e9 hasn't played for Bar\u00e7a after 86 matches!","description":"End of Kound\u00e9's incredible run with Bar\u00e7a: A record that defies the impossible","robots":{"index":"index","follow":"follow","max-snippet":"max-snippet:-1","max-image-preview":"max-image-preview:large","max-video-preview":"max-video-preview:-1"},"canonical":"https:\/\/www.fcbarcelonanoticias.com\/en\/fc-barcelona\/kounde-the-iron-man-of-barca-who-breaks-records_312234_102.html","og_locale":"en_US","og_type":"article","og_title":"Brutal: Kound\u00e9 hasn't played for Bar\u00e7a after 86 matches!","og_description":"End of Kound\u00e9's incredible run with Bar\u00e7a: A record that defies the impossible","og_url":"https:\/\/www.fcbarcelonanoticias.com\/en\/fc-barcelona\/kounde-the-iron-man-of-barca-who-breaks-records_312234_102.html","og_site_name":"EN - FC Barcelona Noticias","article_published_time":"2025-04-22T21:20:00+00:00","article_modified_time":"2026-04-16T07:49:55+00:00","og_image":[{"width":1200,"height":800,"url":"https:\/\/www.fcbarcelonanoticias.com\/en\/wp-content\/uploads\/sites\/2\/2025\/04\/kounde-fc-barcelona-benfica-champions-league.jpeg","type":"image\/jpeg"}],"author":"Martina Dom\u00ednguez","twitter_card":"summary_large_image","twitter_misc":{"Written by":"Martina Dom\u00ednguez","Est. reading time":"5 minutes"},"schema":{"@context":"https:\/\/schema.org","@graph":[{"@type":"Article","@id":"https:\/\/www.fcbarcelonanoticias.com\/en\/fc-barcelona\/kounde-the-iron-man-of-barca-who-breaks-records_312234_102.html#article","isPartOf":{"@id":"https:\/\/www.fcbarcelonanoticias.com\/en\/fc-barcelona\/kounde-the-iron-man-of-barca-who-breaks-records_312234_102.html"},"author":{"name":"Martina Dom\u00ednguez","@id":"https:\/\/www.fcbarcelonanoticias.com\/en\/#\/schema\/person\/39761ea2391570375f2432c5a3f475e6"},"headline":"End of Kound\u00e9&#8217;s incredible run with Bar\u00e7a: A record that defies the impossible","datePublished":"2025-04-22T21:20:00+00:00","dateModified":"2026-04-16T07:49:55+00:00","mainEntityOfPage":{"@id":"https:\/\/www.fcbarcelonanoticias.com\/en\/fc-barcelona\/kounde-the-iron-man-of-barca-who-breaks-records_312234_102.html"},"wordCount":918,"image":{"@id":"https:\/\/www.fcbarcelonanoticias.com\/en\/fc-barcelona\/kounde-the-iron-man-of-barca-who-breaks-records_312234_102.html#primaryimage"},"thumbnailUrl":"https:\/\/www.fcbarcelonanoticias.com\/en\/wp-content\/uploads\/sites\/2\/2025\/04\/kounde-fc-barcelona-benfica-champions-league.jpeg","keywords":["Statistics"],"articleSection":["FC Barcelona"],"inLanguage":"en-US"},{"@type":"WebPage","@id":"https:\/\/www.fcbarcelonanoticias.com\/en\/fc-barcelona\/kounde-the-iron-man-of-barca-who-breaks-records_312234_102.html","url":"https:\/\/www.fcbarcelonanoticias.com\/en\/fc-barcelona\/kounde-the-iron-man-of-barca-who-breaks-records_312234_102.html","name":"Brutal: Kound\u00e9 hasn't played for Bar\u00e7a after 86 matches!","isPartOf":{"@id":"https:\/\/www.fcbarcelonanoticias.com\/en\/#website"},"primaryImageOfPage":{"@id":"https:\/\/www.fcbarcelonanoticias.com\/en\/fc-barcelona\/kounde-the-iron-man-of-barca-who-breaks-records_312234_102.html#primaryimage"},"image":{"@id":"https:\/\/www.fcbarcelonanoticias.com\/en\/fc-barcelona\/kounde-the-iron-man-of-barca-who-breaks-records_312234_102.html#primaryimage"},"thumbnailUrl":"https:\/\/www.fcbarcelonanoticias.com\/en\/wp-content\/uploads\/sites\/2\/2025\/04\/kounde-fc-barcelona-benfica-champions-league.jpeg","datePublished":"2025-04-22T21:20:00+00:00","dateModified":"2026-04-16T07:49:55+00:00","author":{"@id":"https:\/\/www.fcbarcelonanoticias.com\/en\/#\/schema\/person\/39761ea2391570375f2432c5a3f475e6"},"description":"End of Kound\u00e9's incredible run with Bar\u00e7a: A record that defies the impossible","breadcrumb":{"@id":"https:\/\/www.fcbarcelonanoticias.com\/en\/fc-barcelona\/kounde-the-iron-man-of-barca-who-breaks-records_312234_102.html#breadcrumb"},"inLanguage":"en-US","potentialAction":[{"@type":"ReadAction","target":["https:\/\/www.fcbarcelonanoticias.com\/en\/fc-barcelona\/kounde-the-iron-man-of-barca-who-breaks-records_312234_102.html"]}]},{"@type":"ImageObject","inLanguage":"en-US","@id":"https:\/\/www.fcbarcelonanoticias.com\/en\/fc-barcelona\/kounde-the-iron-man-of-barca-who-breaks-records_312234_102.html#primaryimage","url":"https:\/\/www.fcbarcelonanoticias.com\/en\/wp-content\/uploads\/sites\/2\/2025\/04\/kounde-fc-barcelona-benfica-champions-league.jpeg","contentUrl":"https:\/\/www.fcbarcelonanoticias.com\/en\/wp-content\/uploads\/sites\/2\/2025\/04\/kounde-fc-barcelona-benfica-champions-league.jpeg","width":1200,"height":800},{"@type":"BreadcrumbList","@id":"https:\/\/www.fcbarcelonanoticias.com\/en\/fc-barcelona\/kounde-the-iron-man-of-barca-who-breaks-records_312234_102.html#breadcrumb","itemListElement":[{"@type":"ListItem","position":1,"name":"Portada","item":"https:\/\/www.fcbarcelonanoticias.com\/en\/"},{"@type":"ListItem","position":2,"name":"End of Kound\u00e9&#8217;s incredible run with Bar\u00e7a: A record that defies the impossible"}]},{"@type":"WebSite","@id":"https:\/\/www.fcbarcelonanoticias.com\/en\/#website","url":"https:\/\/www.fcbarcelonanoticias.com\/en\/","name":"EN - FC Barcelona Noticias","description":"","potentialAction":[{"@type":"SearchAction","target":{"@type":"EntryPoint","urlTemplate":"https:\/\/www.fcbarcelonanoticias.com\/en\/?s={search_term_string}"},"query-input":{"@type":"PropertyValueSpecification","valueRequired":true,"valueName":"search_term_string"}}],"inLanguage":"en-US"},{"@type":"Person","@id":"https:\/\/www.fcbarcelonanoticias.com\/en\/#\/schema\/person\/39761ea2391570375f2432c5a3f475e6","name":"Martina Dom\u00ednguez","image":{"@type":"ImageObject","inLanguage":"en-US","@id":"https:\/\/secure.gravatar.com\/avatar\/?s=96&d=mm&r=g","url":"https:\/\/secure.gravatar.com\/avatar\/?s=96&d=mm&r=g","contentUrl":"https:\/\/secure.gravatar.com\/avatar\/?s=96&d=mm&r=g","caption":"Martina Dom\u00ednguez"},"description":"Martina cubre\u00a0la actualidad del FC Barcelona, con especial atenci\u00f3n al f\u00fatbol femenino\u00a0y al mercado de fichajes. Su estilo es din\u00e1mico, cercano y con gran sensibilidad.","url":"https:\/\/www.fcbarcelonanoticias.com\/en\/fc-barcelona\/martina-dominguez_31_115.html"}]}},"_links":{"self":[{"href":"https:\/\/www.fcbarcelonanoticias.com\/en\/wp-json\/wp\/v2\/posts\/20167","targetHints":{"allow":["GET"]}}],"collection":[{"href":"https:\/\/www.fcbarcelonanoticias.com\/en\/wp-json\/wp\/v2\/posts"}],"about":[{"href":"https:\/\/www.fcbarcelonanoticias.com\/en\/wp-json\/wp\/v2\/types\/post"}],"author":[{"embeddable":true,"href":"https:\/\/www.fcbarcelonanoticias.com\/en\/wp-json\/wp\/v2\/users\/361"}],"replies":[{"embeddable":true,"href":"https:\/\/www.fcbarcelonanoticias.com\/en\/wp-json\/wp\/v2\/comments?post=20167"}],"version-history":[{"count":6,"href":"https:\/\/www.fcbarcelonanoticias.com\/en\/wp-json\/wp\/v2\/posts\/20167\/revisions"}],"predecessor-version":[{"id":180889,"href":"https:\/\/www.fcbarcelonanoticias.com\/en\/wp-json\/wp\/v2\/posts\/20167\/revisions\/180889"}],"wp:featuredmedia":[{"embeddable":true,"href":"https:\/\/www.fcbarcelonanoticias.com\/en\/wp-json\/wp\/v2\/media\/20171"}],"wp:attachment":[{"href":"https:\/\/www.fcbarcelonanoticias.com\/en\/wp-json\/wp\/v2\/media?parent=20167"}],"wp:term":[{"taxonomy":"category","embeddable":true,"href":"https:\/\/www.fcbarcelonanoticias.com\/en\/wp-json\/wp\/v2\/categories?post=20167"},{"taxonomy":"post_tag","embeddable":true,"href":"https:\/\/www.fcbarcelonanoticias.com\/en\/wp-json\/wp\/v2\/tags?post=20167"}],"curies":[{"name":"wp","href":"https:\/\/api.w.org\/{rel}","templated":true}]}}