{"id":20210,"date":"2024-10-06T22:09:00","date_gmt":"2024-10-06T20:09:00","guid":{"rendered":"https:\/\/weisetech.dev\/fc-barcelona-noticias\/en\/fc-barcelona-defines-the-deadlines-to-return-to-the-spotify-camp-nou-this-season_307758_102\/"},"modified":"2026-04-02T12:32:40","modified_gmt":"2026-04-02T10:32:40","slug":"fc-barcelona-defines-the-deadlines-to-return-to-the-spotify-camp-nou-this-season_307758_102","status":"publish","type":"post","link":"https:\/\/www.fcbarcelonanoticias.com\/en\/fc-barcelona\/football-barca\/fc-barcelona-defines-the-deadlines-to-return-to-the-spotify-camp-nou-this-season_307758_102.html","title":{"rendered":"FC Barcelona defines the deadlines to return to the Spotify Camp Nou this season"},"content":{"rendered":"<h2>Bar\u00e7a has drawn up the roadmap to say goodbye to Montju\u00efc and return to the Spotify Camp Nou in 2025. The return could take place in February<\/h2>\n\n\r\n<div class=\"article-addons\">\r\n    <a href=\"https:\/\/www.fcbarcelonanoticias.com\/calendario-fcbarcelona.html\"\r\n       target=\"_self\"\r\n       title=\"Calendar of FC Barcelona\"\r\n       class=\"blue-gredient-btn\">\r\n       \r\n        Calendar of FC Barcelona    <\/a>\r\n<\/div>\n\n<p><strong>FC Barcelona<\/strong> will make public on Monday, October 7, the roadmap they have designed to return in a staggered manner to the <strong>Spotify Camp Nou<\/strong> in this 2024\/25 season. The announcement will be made at a press conference that will take place at the Auditori 1899, carried out by the vice president of the Institutional Area of \u200b\u200bthe club and head of the Espai Ba\u00e7a, Elena Fort.<\/p>\n<p>According to the newspaper &#8216;SPORT&#8217;, the club will not reveal the specific dates of the return to the Blaugrana fiefdom, but it will reveal the plan for the return to the stadium for members in detail until 2026, when the venue is fully operational. In principle, <strong>the idea of \u200b\u200bthe entity is to return at the end of January or beginning of February<\/strong>.<\/p>\n<h2>The scenarios Bar\u00e7a is considering<\/h2>\n<p><strong>Bar\u00e7a <\/strong>will only play one LaLiga EA Sports match at home in January, <strong>against Valencia on 25-26 of that month<\/strong>, this being the first tentative date of the return to the <strong>Camp Nou<\/strong>. However, on Wednesday 29 January, the Catalans close the group stage of the <strong>Champions League <\/strong>at home against Atalanta, and <strong>UEFA <\/strong>requires them to play this entire round of the competition in the same stadium, so they will have to play that match at <strong>Montju\u00efc<\/strong>.<\/p>\n<p>For this reason, at<strong> Can Bar\u00e7a<\/strong> they are analysing the idea <strong>of \u200b\u200bextending the return to February<\/strong> and completing the month of January at the <strong>Estadi Olimpic Llu\u00eds Companys<\/strong>, culminating this stage in the last match of the league phase of the Champions League. In any case, the truth is that the return to the <strong>Spotify Camp Nou<\/strong> will take place 100% this season, since the contract with<strong> Ajuntament de Barcelona<\/strong> expires on 31 March.<\/p>","protected":false},"excerpt":{"rendered":"<p>Bar\u00e7a has drawn up the roadmap to say goodbye to Montju\u00efc and return to the Spotify Camp Nou in 2025. The return could take place in February FC Barcelona will make public on Monday, October 7, the roadmap they have designed to return in a staggered manner to the Spotify Camp Nou in this 2024\/25 [&hellip;]<\/p>\n","protected":false},"author":358,"featured_media":20218,"comment_status":"closed","ping_status":"open","sticky":false,"template":"","format":"standard","meta":{"_acf_changed":false,"inline_featured_image":false,"_nextfly_llmd_date_locked":false,"footnotes":""},"categories":[436],"tags":[82,158],"class_list":["post-20210","post","type-post","status-publish","format-standard","has-post-thumbnail","hentry","category-futbol","tag-camp-nou","tag-joan-laporta"],"acf":[],"yoast_head":"<!-- This site is optimized with the Yoast SEO plugin v27.3 - https:\/\/yoast.com\/product\/yoast-seo-wordpress\/ -->\n<title>FC Barcelona defines the deadlines to return to the Spotify Camp Nou this season<\/title>\n<meta name=\"description\" content=\"Bar\u00e7a has drawn up the roadmap to say goodbye to Montju\u00efc and return to the Spotify Camp Nou in 2025. The return could take place in February\" \/>\n<meta name=\"robots\" content=\"index, follow, max-snippet:-1, max-image-preview:large, max-video-preview:-1\" \/>\n<link rel=\"canonical\" href=\"https:\/\/www.fcbarcelonanoticias.com\/en\/fc-barcelona\/football-barca\/fc-barcelona-defines-the-deadlines-to-return-to-the-spotify-camp-nou-this-season_307758_102.html\" \/>\n<meta property=\"og:locale\" content=\"en_US\" \/>\n<meta property=\"og:type\" content=\"article\" \/>\n<meta property=\"og:title\" content=\"FC Barcelona defines the deadlines to return to the Spotify Camp Nou this season\" \/>\n<meta property=\"og:description\" content=\"Bar\u00e7a has drawn up the roadmap to say goodbye to Montju\u00efc and return to the Spotify Camp Nou in 2025. The return could take place in February\" \/>\n<meta property=\"og:url\" content=\"https:\/\/www.fcbarcelonanoticias.com\/en\/fc-barcelona\/football-barca\/fc-barcelona-defines-the-deadlines-to-return-to-the-spotify-camp-nou-this-season_307758_102.html\" \/>\n<meta property=\"og:site_name\" content=\"EN - FC Barcelona Noticias\" \/>\n<meta property=\"article:published_time\" content=\"2024-10-06T20:09:00+00:00\" \/>\n<meta property=\"article:modified_time\" content=\"2026-04-02T10:32:40+00:00\" \/>\n<meta property=\"og:image\" content=\"https:\/\/www.fcbarcelonanoticias.com\/en\/wp-content\/uploads\/sites\/2\/2024\/10\/laporta-camp-nou.jpeg\" \/>\n\t<meta property=\"og:image:width\" content=\"1250\" \/>\n\t<meta property=\"og:image:height\" content=\"730\" \/>\n\t<meta property=\"og:image:type\" content=\"image\/jpeg\" \/>\n<meta name=\"author\" content=\"Juan Pablo Berdugo\" \/>\n<meta name=\"twitter:card\" content=\"summary_large_image\" \/>\n<meta name=\"twitter:label1\" content=\"Written by\" \/>\n\t<meta name=\"twitter:data1\" content=\"Juan Pablo Berdugo\" \/>\n\t<meta name=\"twitter:label2\" content=\"Est. reading time\" \/>\n\t<meta name=\"twitter:data2\" content=\"2 minutes\" \/>\n<script type=\"application\/ld+json\" class=\"yoast-schema-graph\">{\"@context\":\"https:\\\/\\\/schema.org\",\"@graph\":[{\"@type\":\"Article\",\"@id\":\"https:\\\/\\\/www.fcbarcelonanoticias.com\\\/en\\\/fc-barcelona\\\/football-barca\\\/fc-barcelona-defines-the-deadlines-to-return-to-the-spotify-camp-nou-this-season_307758_102.html#article\",\"isPartOf\":{\"@id\":\"https:\\\/\\\/www.fcbarcelonanoticias.com\\\/en\\\/fc-barcelona\\\/football-barca\\\/fc-barcelona-defines-the-deadlines-to-return-to-the-spotify-camp-nou-this-season_307758_102.html\"},\"author\":{\"name\":\"Juan Pablo Berdugo\",\"@id\":\"https:\\\/\\\/www.fcbarcelonanoticias.com\\\/en\\\/#\\\/schema\\\/person\\\/88d756918a0a1ae9fa593b5edddd1815\"},\"headline\":\"FC Barcelona defines the deadlines to return to the Spotify Camp Nou this season\",\"datePublished\":\"2024-10-06T20:09:00+00:00\",\"dateModified\":\"2026-04-02T10:32:40+00:00\",\"mainEntityOfPage\":{\"@id\":\"https:\\\/\\\/www.fcbarcelonanoticias.com\\\/en\\\/fc-barcelona\\\/football-barca\\\/fc-barcelona-defines-the-deadlines-to-return-to-the-spotify-camp-nou-this-season_307758_102.html\"},\"wordCount\":329,\"image\":{\"@id\":\"https:\\\/\\\/www.fcbarcelonanoticias.com\\\/en\\\/fc-barcelona\\\/football-barca\\\/fc-barcelona-defines-the-deadlines-to-return-to-the-spotify-camp-nou-this-season_307758_102.html#primaryimage\"},\"thumbnailUrl\":\"https:\\\/\\\/www.fcbarcelonanoticias.com\\\/en\\\/wp-content\\\/uploads\\\/sites\\\/2\\\/2024\\\/10\\\/laporta-camp-nou.jpeg\",\"keywords\":[\"Camp Nou\",\"Joan Laporta\"],\"articleSection\":[\"futbol\"],\"inLanguage\":\"en-US\"},{\"@type\":\"WebPage\",\"@id\":\"https:\\\/\\\/www.fcbarcelonanoticias.com\\\/en\\\/fc-barcelona\\\/football-barca\\\/fc-barcelona-defines-the-deadlines-to-return-to-the-spotify-camp-nou-this-season_307758_102.html\",\"url\":\"https:\\\/\\\/www.fcbarcelonanoticias.com\\\/en\\\/fc-barcelona\\\/football-barca\\\/fc-barcelona-defines-the-deadlines-to-return-to-the-spotify-camp-nou-this-season_307758_102.html\",\"name\":\"FC Barcelona defines the deadlines to return to the Spotify Camp Nou this season\",\"isPartOf\":{\"@id\":\"https:\\\/\\\/www.fcbarcelonanoticias.com\\\/en\\\/#website\"},\"primaryImageOfPage\":{\"@id\":\"https:\\\/\\\/www.fcbarcelonanoticias.com\\\/en\\\/fc-barcelona\\\/football-barca\\\/fc-barcelona-defines-the-deadlines-to-return-to-the-spotify-camp-nou-this-season_307758_102.html#primaryimage\"},\"image\":{\"@id\":\"https:\\\/\\\/www.fcbarcelonanoticias.com\\\/en\\\/fc-barcelona\\\/football-barca\\\/fc-barcelona-defines-the-deadlines-to-return-to-the-spotify-camp-nou-this-season_307758_102.html#primaryimage\"},\"thumbnailUrl\":\"https:\\\/\\\/www.fcbarcelonanoticias.com\\\/en\\\/wp-content\\\/uploads\\\/sites\\\/2\\\/2024\\\/10\\\/laporta-camp-nou.jpeg\",\"datePublished\":\"2024-10-06T20:09:00+00:00\",\"dateModified\":\"2026-04-02T10:32:40+00:00\",\"author\":{\"@id\":\"https:\\\/\\\/www.fcbarcelonanoticias.com\\\/en\\\/#\\\/schema\\\/person\\\/88d756918a0a1ae9fa593b5edddd1815\"},\"description\":\"Bar\u00e7a has drawn up the roadmap to say goodbye to Montju\u00efc and return to the Spotify Camp Nou in 2025. The return could take place in February\",\"breadcrumb\":{\"@id\":\"https:\\\/\\\/www.fcbarcelonanoticias.com\\\/en\\\/fc-barcelona\\\/football-barca\\\/fc-barcelona-defines-the-deadlines-to-return-to-the-spotify-camp-nou-this-season_307758_102.html#breadcrumb\"},\"inLanguage\":\"en-US\",\"potentialAction\":[{\"@type\":\"ReadAction\",\"target\":[\"https:\\\/\\\/www.fcbarcelonanoticias.com\\\/en\\\/fc-barcelona\\\/football-barca\\\/fc-barcelona-defines-the-deadlines-to-return-to-the-spotify-camp-nou-this-season_307758_102.html\"]}]},{\"@type\":\"ImageObject\",\"inLanguage\":\"en-US\",\"@id\":\"https:\\\/\\\/www.fcbarcelonanoticias.com\\\/en\\\/fc-barcelona\\\/football-barca\\\/fc-barcelona-defines-the-deadlines-to-return-to-the-spotify-camp-nou-this-season_307758_102.html#primaryimage\",\"url\":\"https:\\\/\\\/www.fcbarcelonanoticias.com\\\/en\\\/wp-content\\\/uploads\\\/sites\\\/2\\\/2024\\\/10\\\/laporta-camp-nou.jpeg\",\"contentUrl\":\"https:\\\/\\\/www.fcbarcelonanoticias.com\\\/en\\\/wp-content\\\/uploads\\\/sites\\\/2\\\/2024\\\/10\\\/laporta-camp-nou.jpeg\",\"width\":1250,\"height\":730},{\"@type\":\"BreadcrumbList\",\"@id\":\"https:\\\/\\\/www.fcbarcelonanoticias.com\\\/en\\\/fc-barcelona\\\/football-barca\\\/fc-barcelona-defines-the-deadlines-to-return-to-the-spotify-camp-nou-this-season_307758_102.html#breadcrumb\",\"itemListElement\":[{\"@type\":\"ListItem\",\"position\":1,\"name\":\"Portada\",\"item\":\"https:\\\/\\\/www.fcbarcelonanoticias.com\\\/en\\\/\"},{\"@type\":\"ListItem\",\"position\":2,\"name\":\"FC Barcelona defines the deadlines to return to the Spotify Camp Nou this season\"}]},{\"@type\":\"WebSite\",\"@id\":\"https:\\\/\\\/www.fcbarcelonanoticias.com\\\/en\\\/#website\",\"url\":\"https:\\\/\\\/www.fcbarcelonanoticias.com\\\/en\\\/\",\"name\":\"EN - FC Barcelona Noticias\",\"description\":\"\",\"potentialAction\":[{\"@type\":\"SearchAction\",\"target\":{\"@type\":\"EntryPoint\",\"urlTemplate\":\"https:\\\/\\\/www.fcbarcelonanoticias.com\\\/en\\\/?s={search_term_string}\"},\"query-input\":{\"@type\":\"PropertyValueSpecification\",\"valueRequired\":true,\"valueName\":\"search_term_string\"}}],\"inLanguage\":\"en-US\"},{\"@type\":\"Person\",\"@id\":\"https:\\\/\\\/www.fcbarcelonanoticias.com\\\/en\\\/#\\\/schema\\\/person\\\/88d756918a0a1ae9fa593b5edddd1815\",\"name\":\"Juan Pablo Berdugo\",\"image\":{\"@type\":\"ImageObject\",\"inLanguage\":\"en-US\",\"@id\":\"https:\\\/\\\/secure.gravatar.com\\\/avatar\\\/?s=96&d=mm&r=g\",\"url\":\"https:\\\/\\\/secure.gravatar.com\\\/avatar\\\/?s=96&d=mm&r=g\",\"contentUrl\":\"https:\\\/\\\/secure.gravatar.com\\\/avatar\\\/?s=96&d=mm&r=g\",\"caption\":\"Juan Pablo Berdugo\"},\"description\":\"Juan Pablo Berdugo es graduado en Periodismo. Colabora con FCBN como especialista en informaci\u00f3n del primer equipo del FC Barcelona, f\u00fatbol internacional y mercado de fichajes. Destaca por su enfoque anal\u00edtico, su rigor informativo y su capacidad para detectar tendencias emergentes en el f\u00fatbol global.\",\"url\":\"https:\\\/\\\/www.fcbarcelonanoticias.com\\\/en\\\/fc-barcelona\\\/juan-pablo-berdugo_18_115.html\"}]}<\/script>\n<!-- \/ Yoast SEO plugin. -->","yoast_head_json":{"title":"FC Barcelona defines the deadlines to return to the Spotify Camp Nou this season","description":"Bar\u00e7a has drawn up the roadmap to say goodbye to Montju\u00efc and return to the Spotify Camp Nou in 2025. The return could take place in February","robots":{"index":"index","follow":"follow","max-snippet":"max-snippet:-1","max-image-preview":"max-image-preview:large","max-video-preview":"max-video-preview:-1"},"canonical":"https:\/\/www.fcbarcelonanoticias.com\/en\/fc-barcelona\/football-barca\/fc-barcelona-defines-the-deadlines-to-return-to-the-spotify-camp-nou-this-season_307758_102.html","og_locale":"en_US","og_type":"article","og_title":"FC Barcelona defines the deadlines to return to the Spotify Camp Nou this season","og_description":"Bar\u00e7a has drawn up the roadmap to say goodbye to Montju\u00efc and return to the Spotify Camp Nou in 2025. The return could take place in February","og_url":"https:\/\/www.fcbarcelonanoticias.com\/en\/fc-barcelona\/football-barca\/fc-barcelona-defines-the-deadlines-to-return-to-the-spotify-camp-nou-this-season_307758_102.html","og_site_name":"EN - FC Barcelona Noticias","article_published_time":"2024-10-06T20:09:00+00:00","article_modified_time":"2026-04-02T10:32:40+00:00","og_image":[{"width":1250,"height":730,"url":"https:\/\/www.fcbarcelonanoticias.com\/en\/wp-content\/uploads\/sites\/2\/2024\/10\/laporta-camp-nou.jpeg","type":"image\/jpeg"}],"author":"Juan Pablo Berdugo","twitter_card":"summary_large_image","twitter_misc":{"Written by":"Juan Pablo Berdugo","Est. reading time":"2 minutes"},"schema":{"@context":"https:\/\/schema.org","@graph":[{"@type":"Article","@id":"https:\/\/www.fcbarcelonanoticias.com\/en\/fc-barcelona\/football-barca\/fc-barcelona-defines-the-deadlines-to-return-to-the-spotify-camp-nou-this-season_307758_102.html#article","isPartOf":{"@id":"https:\/\/www.fcbarcelonanoticias.com\/en\/fc-barcelona\/football-barca\/fc-barcelona-defines-the-deadlines-to-return-to-the-spotify-camp-nou-this-season_307758_102.html"},"author":{"name":"Juan Pablo Berdugo","@id":"https:\/\/www.fcbarcelonanoticias.com\/en\/#\/schema\/person\/88d756918a0a1ae9fa593b5edddd1815"},"headline":"FC Barcelona defines the deadlines to return to the Spotify Camp Nou this season","datePublished":"2024-10-06T20:09:00+00:00","dateModified":"2026-04-02T10:32:40+00:00","mainEntityOfPage":{"@id":"https:\/\/www.fcbarcelonanoticias.com\/en\/fc-barcelona\/football-barca\/fc-barcelona-defines-the-deadlines-to-return-to-the-spotify-camp-nou-this-season_307758_102.html"},"wordCount":329,"image":{"@id":"https:\/\/www.fcbarcelonanoticias.com\/en\/fc-barcelona\/football-barca\/fc-barcelona-defines-the-deadlines-to-return-to-the-spotify-camp-nou-this-season_307758_102.html#primaryimage"},"thumbnailUrl":"https:\/\/www.fcbarcelonanoticias.com\/en\/wp-content\/uploads\/sites\/2\/2024\/10\/laporta-camp-nou.jpeg","keywords":["Camp Nou","Joan Laporta"],"articleSection":["futbol"],"inLanguage":"en-US"},{"@type":"WebPage","@id":"https:\/\/www.fcbarcelonanoticias.com\/en\/fc-barcelona\/football-barca\/fc-barcelona-defines-the-deadlines-to-return-to-the-spotify-camp-nou-this-season_307758_102.html","url":"https:\/\/www.fcbarcelonanoticias.com\/en\/fc-barcelona\/football-barca\/fc-barcelona-defines-the-deadlines-to-return-to-the-spotify-camp-nou-this-season_307758_102.html","name":"FC Barcelona defines the deadlines to return to the Spotify Camp Nou this season","isPartOf":{"@id":"https:\/\/www.fcbarcelonanoticias.com\/en\/#website"},"primaryImageOfPage":{"@id":"https:\/\/www.fcbarcelonanoticias.com\/en\/fc-barcelona\/football-barca\/fc-barcelona-defines-the-deadlines-to-return-to-the-spotify-camp-nou-this-season_307758_102.html#primaryimage"},"image":{"@id":"https:\/\/www.fcbarcelonanoticias.com\/en\/fc-barcelona\/football-barca\/fc-barcelona-defines-the-deadlines-to-return-to-the-spotify-camp-nou-this-season_307758_102.html#primaryimage"},"thumbnailUrl":"https:\/\/www.fcbarcelonanoticias.com\/en\/wp-content\/uploads\/sites\/2\/2024\/10\/laporta-camp-nou.jpeg","datePublished":"2024-10-06T20:09:00+00:00","dateModified":"2026-04-02T10:32:40+00:00","author":{"@id":"https:\/\/www.fcbarcelonanoticias.com\/en\/#\/schema\/person\/88d756918a0a1ae9fa593b5edddd1815"},"description":"Bar\u00e7a has drawn up the roadmap to say goodbye to Montju\u00efc and return to the Spotify Camp Nou in 2025. The return could take place in February","breadcrumb":{"@id":"https:\/\/www.fcbarcelonanoticias.com\/en\/fc-barcelona\/football-barca\/fc-barcelona-defines-the-deadlines-to-return-to-the-spotify-camp-nou-this-season_307758_102.html#breadcrumb"},"inLanguage":"en-US","potentialAction":[{"@type":"ReadAction","target":["https:\/\/www.fcbarcelonanoticias.com\/en\/fc-barcelona\/football-barca\/fc-barcelona-defines-the-deadlines-to-return-to-the-spotify-camp-nou-this-season_307758_102.html"]}]},{"@type":"ImageObject","inLanguage":"en-US","@id":"https:\/\/www.fcbarcelonanoticias.com\/en\/fc-barcelona\/football-barca\/fc-barcelona-defines-the-deadlines-to-return-to-the-spotify-camp-nou-this-season_307758_102.html#primaryimage","url":"https:\/\/www.fcbarcelonanoticias.com\/en\/wp-content\/uploads\/sites\/2\/2024\/10\/laporta-camp-nou.jpeg","contentUrl":"https:\/\/www.fcbarcelonanoticias.com\/en\/wp-content\/uploads\/sites\/2\/2024\/10\/laporta-camp-nou.jpeg","width":1250,"height":730},{"@type":"BreadcrumbList","@id":"https:\/\/www.fcbarcelonanoticias.com\/en\/fc-barcelona\/football-barca\/fc-barcelona-defines-the-deadlines-to-return-to-the-spotify-camp-nou-this-season_307758_102.html#breadcrumb","itemListElement":[{"@type":"ListItem","position":1,"name":"Portada","item":"https:\/\/www.fcbarcelonanoticias.com\/en\/"},{"@type":"ListItem","position":2,"name":"FC Barcelona defines the deadlines to return to the Spotify Camp Nou this season"}]},{"@type":"WebSite","@id":"https:\/\/www.fcbarcelonanoticias.com\/en\/#website","url":"https:\/\/www.fcbarcelonanoticias.com\/en\/","name":"EN - FC Barcelona Noticias","description":"","potentialAction":[{"@type":"SearchAction","target":{"@type":"EntryPoint","urlTemplate":"https:\/\/www.fcbarcelonanoticias.com\/en\/?s={search_term_string}"},"query-input":{"@type":"PropertyValueSpecification","valueRequired":true,"valueName":"search_term_string"}}],"inLanguage":"en-US"},{"@type":"Person","@id":"https:\/\/www.fcbarcelonanoticias.com\/en\/#\/schema\/person\/88d756918a0a1ae9fa593b5edddd1815","name":"Juan Pablo Berdugo","image":{"@type":"ImageObject","inLanguage":"en-US","@id":"https:\/\/secure.gravatar.com\/avatar\/?s=96&d=mm&r=g","url":"https:\/\/secure.gravatar.com\/avatar\/?s=96&d=mm&r=g","contentUrl":"https:\/\/secure.gravatar.com\/avatar\/?s=96&d=mm&r=g","caption":"Juan Pablo Berdugo"},"description":"Juan Pablo Berdugo es graduado en Periodismo. Colabora con FCBN como especialista en informaci\u00f3n del primer equipo del FC Barcelona, f\u00fatbol internacional y mercado de fichajes. Destaca por su enfoque anal\u00edtico, su rigor informativo y su capacidad para detectar tendencias emergentes en el f\u00fatbol global.","url":"https:\/\/www.fcbarcelonanoticias.com\/en\/fc-barcelona\/juan-pablo-berdugo_18_115.html"}]}},"_links":{"self":[{"href":"https:\/\/www.fcbarcelonanoticias.com\/en\/wp-json\/wp\/v2\/posts\/20210","targetHints":{"allow":["GET"]}}],"collection":[{"href":"https:\/\/www.fcbarcelonanoticias.com\/en\/wp-json\/wp\/v2\/posts"}],"about":[{"href":"https:\/\/www.fcbarcelonanoticias.com\/en\/wp-json\/wp\/v2\/types\/post"}],"author":[{"embeddable":true,"href":"https:\/\/www.fcbarcelonanoticias.com\/en\/wp-json\/wp\/v2\/users\/358"}],"replies":[{"embeddable":true,"href":"https:\/\/www.fcbarcelonanoticias.com\/en\/wp-json\/wp\/v2\/comments?post=20210"}],"version-history":[{"count":5,"href":"https:\/\/www.fcbarcelonanoticias.com\/en\/wp-json\/wp\/v2\/posts\/20210\/revisions"}],"predecessor-version":[{"id":163181,"href":"https:\/\/www.fcbarcelonanoticias.com\/en\/wp-json\/wp\/v2\/posts\/20210\/revisions\/163181"}],"wp:featuredmedia":[{"embeddable":true,"href":"https:\/\/www.fcbarcelonanoticias.com\/en\/wp-json\/wp\/v2\/media\/20218"}],"wp:attachment":[{"href":"https:\/\/www.fcbarcelonanoticias.com\/en\/wp-json\/wp\/v2\/media?parent=20210"}],"wp:term":[{"taxonomy":"category","embeddable":true,"href":"https:\/\/www.fcbarcelonanoticias.com\/en\/wp-json\/wp\/v2\/categories?post=20210"},{"taxonomy":"post_tag","embeddable":true,"href":"https:\/\/www.fcbarcelonanoticias.com\/en\/wp-json\/wp\/v2\/tags?post=20210"}],"curies":[{"name":"wp","href":"https:\/\/api.w.org\/{rel}","templated":true}]}}