{"id":20237,"date":"2022-05-02T15:57:00","date_gmt":"2022-05-02T13:57:00","guid":{"rendered":"https:\/\/weisetech.dev\/fc-barcelona-noticias\/en\/how-to-fit-xavi-front-parts-with-ansu-fati-back_279935_102\/"},"modified":"2022-05-02T19:38:00","modified_gmt":"2022-05-02T17:38:00","slug":"how-to-fit-xavi-front-parts-with-ansu-fati-back_279935_102","status":"publish","type":"post","link":"https:\/\/www.fcbarcelonanoticias.com\/en\/fc-barcelona\/how-to-fit-xavi-front-parts-with-ansu-fati-back_279935_102.html","title":{"rendered":"How will Xavi fit the pieces of the forward with the return of Ansu Fati?"},"content":{"rendered":"<h2 class=\"wp-block-heading\">There are three positions in attack and a few alternatives up front for FC Barcelona. Ansu Fati has been the last to join and triggers doubts about who will be the three starting attackers of Xavi Hern\u00e1ndez<\/h2>  \r\n<div class=\"article-addons\">\r\n    <a href=\"https:\/\/www.fcbarcelonanoticias.com\/en\/calendar-fc-barcelona.html\"\r\n       target=\"_self\"\r\n       title=\"Calendar of FC Barcelona\"\r\n       class=\"blue-gredient-btn\">\r\n       \r\n        Calendar of FC Barcelona    <\/a>\r\n<\/div>   <p><strong>Ansu Fati Reappeared this Sunday in the Camp Nou after <\/strong><a data-external=\"0\" data-intl-links-en=\"https:\/\/www.fcbarcelonanoticias.com\/en\/fc-barcelona\/returns-illusion-ansu-fati-returned-to-play-with-barcelona-101-days-low_279916_102.html\" data-intl-links-es=\"https:\/\/www.fcbarcelonanoticias.com\/fc-barcelona\/regresa-ilusion-ansu-fati-volvio-jugar-con-barcelona-101-dias-baja_279916_102.html\" href=\"https:\/\/www.fcbarcelonanoticias.com\/en\/fc-barcelona\/returns-illusion-ansu-fati-returned-to-play-with-barcelona-101-days-low_279916_102.html\" rel=\"follow\" target=\"_self\" title=\"Regresa la ilusi\u00f3n: Ansu Fati volvi\u00f3 a jugar con el Bar\u00e7a tras 101 d\u00edas de baja\">101 days in the infirmary<\/a> recovering of a muscular injury in the biceps femoral of the left thigh. It played fifteen minutes in the victory of the FC Barcelona on the RCD Mallorca (2-1) as leading centre. Xavi already warned that it wants it near of the rival goal.<\/p>  <p>The &#8217;10&#8217; Barcelona is the big illusion of the Bar\u00e7a to average and long term, but will go little by little and will not risk at all. Against the Majorcans played the <a data-external=\"0\" data-intl-links-en=\"https:\/\/www.fcbarcelonanoticias.com\/en\/fc-barcelona\/returns-illusion-ansu-fati-returned-to-play-with-barcelona-101-days-low_279916_102.html\" data-intl-links-es=\"https:\/\/www.fcbarcelonanoticias.com\/fc-barcelona\/regresa-ilusion-ansu-fati-volvio-jugar-con-barcelona-101-dias-baja_279916_102.html\" href=\"https:\/\/www.fcbarcelonanoticias.com\/en\/fc-barcelona\/returns-illusion-ansu-fati-returned-to-play-with-barcelona-101-days-low_279916_102.html\" rel=\"follow\" target=\"_self\" title=\"Regresa la ilusi\u00f3n: Ansu Fati volvi\u00f3 a jugar con el Bar\u00e7a tras 101 d\u00edas de baja\">last chamber of hour of party<\/a> and foresees that it will go adding more minutes with the happen of the weeks whereas it recovers the rhythm and achieves his best level. <strong>The next four parties, last of the course, will be keys to see how is Ansu. <\/strong><\/p>  <p>It is unlikely that the canterano was headline in what it subtracts of season, but yes that it is true that will condition the leading headline, that up to now comes being <strong>Ousmane Demb\u00e9l\u00e9 in the right, Ferran Torres by the left and Pierre-Emerick Aubameyang<\/strong> in the centre of the attack. Adama Traor\u00e9, unlike what had showed when it arrived to the Camp Nou, seem to have erased of the map and Xavi already &#8216;raisin&#8217; of him.<\/p>  <p>To the equation it is necessary to add to Memphis Depay, the one who has left clear against the RCD Mallorca that it wants to form part of the plans of the trainer of Terrassa in this final stretch of the season, in addition to a Luuk of Jong that <strong>always is to disposal from the bench<\/strong>. Martin Braithwaite, finally, is &#8216;sentenced&#8217; in the group cul\u00e9.<\/p>  <p>Like this then , there are six players and three available positions. Everything seems to indicate that Pierre-Emerick Aubameyang will be the more &#8216;prejudiced&#8217; and <strong>will go in in rotation so that Ansu Fati see minutes, because for the moment Demb\u00e9l\u00e9 and Ferran Torres seem intocables.<\/strong> The key gave it Xavi in press conference after the victory in the Camp Nou, desvelando his intentions with Ansu Fati in this final stretch of the season.<\/p>  <h3>The key of Xavi<\/h3>  <p><strong>&#8220;I have<\/strong> <strong>tested to Ansu of <em>9<\/em> because I think that has to be near of area. It is necessary to go with feet of lead, caution.<\/strong> It is a special player, has goal&#8221;, stood out, aiming besides that &#8220;they fall him without wanting to and mark. It has to be in the area. It goes back of an injury and see him more than <em>9<\/em> that in band. It is not with rhythm neither physical capacity, but happy&#8221;&#8230; Hinting that the change Aubameyang-Ansu will produce in all the parties.<\/p>  <p>In the left also can have movements. Memphis Depay Also is in conditions to play and against the Mallorca went much more decisive that Ferran Torres, by<strong> what the one of Foios could go in in rotation if no &#8216;espabila&#8217; sooner that late.<\/strong><\/p> ","protected":false},"excerpt":{"rendered":"<p>There are three positions in attack and a few alternatives up front for FC Barcelona. Ansu Fati has been the last to join and triggers doubts about who will be the three starting attackers of Xavi Hern\u00e1ndez Ansu Fati Reappeared this Sunday in the Camp Nou after 101 days in the infirmary recovering of a [&hellip;]<\/p>\n","protected":false},"author":352,"featured_media":20242,"comment_status":"closed","ping_status":"open","sticky":false,"template":"","format":"standard","meta":{"_acf_changed":false,"inline_featured_image":false,"_nextfly_llmd_date_locked":false,"footnotes":""},"categories":[111],"tags":[230,142],"class_list":["post-20237","post","type-post","status-publish","format-standard","has-post-thumbnail","hentry","category-fc-barcelona","tag-aubameyang","tag-memphis-depay"],"acf":[],"yoast_head":"<!-- This site is optimized with the Yoast SEO plugin v27.3 - https:\/\/yoast.com\/product\/yoast-seo-wordpress\/ -->\n<title>How it will fit the pieces of the forward Xavi with the turn of Ansu Fati?<\/title>\n<meta name=\"description\" content=\"There are three positions in the attack and a few alternatives in the forward of the FC Barcelona. Ansu Fati Has been the last in adding and shoots the doubts sob...\" \/>\n<meta name=\"robots\" content=\"index, follow, max-snippet:-1, max-image-preview:large, max-video-preview:-1\" \/>\n<link rel=\"canonical\" href=\"https:\/\/www.fcbarcelonanoticias.com\/en\/fc-barcelona\/how-to-fit-xavi-front-parts-with-ansu-fati-back_279935_102.html\" \/>\n<meta property=\"og:locale\" content=\"en_US\" \/>\n<meta property=\"og:type\" content=\"article\" \/>\n<meta property=\"og:title\" content=\"How it will fit the pieces of the forward Xavi with the turn of Ansu Fati?\" \/>\n<meta property=\"og:description\" content=\"There are three positions in the attack and a few alternatives in the forward of the FC Barcelona. Ansu Fati Has been the last in adding and shoots the doubts sob...\" \/>\n<meta property=\"og:url\" content=\"https:\/\/www.fcbarcelonanoticias.com\/en\/fc-barcelona\/how-to-fit-xavi-front-parts-with-ansu-fati-back_279935_102.html\" \/>\n<meta property=\"og:site_name\" content=\"EN - FC Barcelona Noticias\" \/>\n<meta property=\"article:published_time\" content=\"2022-05-02T13:57:00+00:00\" \/>\n<meta property=\"article:modified_time\" content=\"2022-05-02T17:38:00+00:00\" \/>\n<meta property=\"og:image\" content=\"https:\/\/www.fcbarcelonanoticias.com\/en\/wp-content\/uploads\/sites\/2\/2022\/05\/ansu-fati-durante-el-barc-a-mallorca-de-laliga-1.jpeg\" \/>\n\t<meta property=\"og:image:width\" content=\"1200\" \/>\n\t<meta property=\"og:image:height\" content=\"675\" \/>\n\t<meta property=\"og:image:type\" content=\"image\/jpeg\" \/>\n<meta name=\"author\" content=\"Paola Guevara\" \/>\n<meta name=\"twitter:card\" content=\"summary_large_image\" \/>\n<meta name=\"twitter:label1\" content=\"Written by\" \/>\n\t<meta name=\"twitter:data1\" content=\"Paola Guevara\" \/>\n\t<meta name=\"twitter:label2\" content=\"Est. reading time\" \/>\n\t<meta name=\"twitter:data2\" content=\"3 minutes\" \/>\n<script type=\"application\/ld+json\" class=\"yoast-schema-graph\">{\"@context\":\"https:\\\/\\\/schema.org\",\"@graph\":[{\"@type\":\"Article\",\"@id\":\"https:\\\/\\\/www.fcbarcelonanoticias.com\\\/en\\\/fc-barcelona\\\/how-to-fit-xavi-front-parts-with-ansu-fati-back_279935_102.html#article\",\"isPartOf\":{\"@id\":\"https:\\\/\\\/www.fcbarcelonanoticias.com\\\/en\\\/fc-barcelona\\\/how-to-fit-xavi-front-parts-with-ansu-fati-back_279935_102.html\"},\"author\":{\"name\":\"Paola Guevara\",\"@id\":\"https:\\\/\\\/www.fcbarcelonanoticias.com\\\/en\\\/#\\\/schema\\\/person\\\/3b408513ee236e64c3043ec901f019ee\"},\"headline\":\"How will Xavi fit the pieces of the forward with the return of Ansu Fati?\",\"datePublished\":\"2022-05-02T13:57:00+00:00\",\"dateModified\":\"2022-05-02T17:38:00+00:00\",\"mainEntityOfPage\":{\"@id\":\"https:\\\/\\\/www.fcbarcelonanoticias.com\\\/en\\\/fc-barcelona\\\/how-to-fit-xavi-front-parts-with-ansu-fati-back_279935_102.html\"},\"wordCount\":543,\"image\":{\"@id\":\"https:\\\/\\\/www.fcbarcelonanoticias.com\\\/en\\\/fc-barcelona\\\/how-to-fit-xavi-front-parts-with-ansu-fati-back_279935_102.html#primaryimage\"},\"thumbnailUrl\":\"https:\\\/\\\/www.fcbarcelonanoticias.com\\\/en\\\/wp-content\\\/uploads\\\/sites\\\/2\\\/2022\\\/05\\\/ansu-fati-durante-el-barc-a-mallorca-de-laliga-1.jpeg\",\"keywords\":[\"Aubameyang\",\"Memphis Depay\"],\"articleSection\":[\"FC Barcelona\"],\"inLanguage\":\"en-US\"},{\"@type\":\"WebPage\",\"@id\":\"https:\\\/\\\/www.fcbarcelonanoticias.com\\\/en\\\/fc-barcelona\\\/how-to-fit-xavi-front-parts-with-ansu-fati-back_279935_102.html\",\"url\":\"https:\\\/\\\/www.fcbarcelonanoticias.com\\\/en\\\/fc-barcelona\\\/how-to-fit-xavi-front-parts-with-ansu-fati-back_279935_102.html\",\"name\":\"How it will fit the pieces of the forward Xavi with the turn of Ansu Fati?\",\"isPartOf\":{\"@id\":\"https:\\\/\\\/www.fcbarcelonanoticias.com\\\/en\\\/#website\"},\"primaryImageOfPage\":{\"@id\":\"https:\\\/\\\/www.fcbarcelonanoticias.com\\\/en\\\/fc-barcelona\\\/how-to-fit-xavi-front-parts-with-ansu-fati-back_279935_102.html#primaryimage\"},\"image\":{\"@id\":\"https:\\\/\\\/www.fcbarcelonanoticias.com\\\/en\\\/fc-barcelona\\\/how-to-fit-xavi-front-parts-with-ansu-fati-back_279935_102.html#primaryimage\"},\"thumbnailUrl\":\"https:\\\/\\\/www.fcbarcelonanoticias.com\\\/en\\\/wp-content\\\/uploads\\\/sites\\\/2\\\/2022\\\/05\\\/ansu-fati-durante-el-barc-a-mallorca-de-laliga-1.jpeg\",\"datePublished\":\"2022-05-02T13:57:00+00:00\",\"dateModified\":\"2022-05-02T17:38:00+00:00\",\"author\":{\"@id\":\"https:\\\/\\\/www.fcbarcelonanoticias.com\\\/en\\\/#\\\/schema\\\/person\\\/3b408513ee236e64c3043ec901f019ee\"},\"description\":\"There are three positions in the attack and a few alternatives in the forward of the FC Barcelona. Ansu Fati Has been the last in adding and shoots the doubts sob...\",\"breadcrumb\":{\"@id\":\"https:\\\/\\\/www.fcbarcelonanoticias.com\\\/en\\\/fc-barcelona\\\/how-to-fit-xavi-front-parts-with-ansu-fati-back_279935_102.html#breadcrumb\"},\"inLanguage\":\"en-US\",\"potentialAction\":[{\"@type\":\"ReadAction\",\"target\":[\"https:\\\/\\\/www.fcbarcelonanoticias.com\\\/en\\\/fc-barcelona\\\/how-to-fit-xavi-front-parts-with-ansu-fati-back_279935_102.html\"]}]},{\"@type\":\"ImageObject\",\"inLanguage\":\"en-US\",\"@id\":\"https:\\\/\\\/www.fcbarcelonanoticias.com\\\/en\\\/fc-barcelona\\\/how-to-fit-xavi-front-parts-with-ansu-fati-back_279935_102.html#primaryimage\",\"url\":\"https:\\\/\\\/www.fcbarcelonanoticias.com\\\/en\\\/wp-content\\\/uploads\\\/sites\\\/2\\\/2022\\\/05\\\/ansu-fati-durante-el-barc-a-mallorca-de-laliga-1.jpeg\",\"contentUrl\":\"https:\\\/\\\/www.fcbarcelonanoticias.com\\\/en\\\/wp-content\\\/uploads\\\/sites\\\/2\\\/2022\\\/05\\\/ansu-fati-durante-el-barc-a-mallorca-de-laliga-1.jpeg\",\"width\":1200,\"height\":675},{\"@type\":\"BreadcrumbList\",\"@id\":\"https:\\\/\\\/www.fcbarcelonanoticias.com\\\/en\\\/fc-barcelona\\\/how-to-fit-xavi-front-parts-with-ansu-fati-back_279935_102.html#breadcrumb\",\"itemListElement\":[{\"@type\":\"ListItem\",\"position\":1,\"name\":\"Portada\",\"item\":\"https:\\\/\\\/www.fcbarcelonanoticias.com\\\/en\\\/\"},{\"@type\":\"ListItem\",\"position\":2,\"name\":\"How will Xavi fit the pieces of the forward with the return of Ansu Fati?\"}]},{\"@type\":\"WebSite\",\"@id\":\"https:\\\/\\\/www.fcbarcelonanoticias.com\\\/en\\\/#website\",\"url\":\"https:\\\/\\\/www.fcbarcelonanoticias.com\\\/en\\\/\",\"name\":\"EN - FC Barcelona Noticias\",\"description\":\"\",\"potentialAction\":[{\"@type\":\"SearchAction\",\"target\":{\"@type\":\"EntryPoint\",\"urlTemplate\":\"https:\\\/\\\/www.fcbarcelonanoticias.com\\\/en\\\/?s={search_term_string}\"},\"query-input\":{\"@type\":\"PropertyValueSpecification\",\"valueRequired\":true,\"valueName\":\"search_term_string\"}}],\"inLanguage\":\"en-US\"},{\"@type\":\"Person\",\"@id\":\"https:\\\/\\\/www.fcbarcelonanoticias.com\\\/en\\\/#\\\/schema\\\/person\\\/3b408513ee236e64c3043ec901f019ee\",\"name\":\"Paola Guevara\",\"image\":{\"@type\":\"ImageObject\",\"inLanguage\":\"en-US\",\"@id\":\"https:\\\/\\\/secure.gravatar.com\\\/avatar\\\/?s=96&d=mm&r=g\",\"url\":\"https:\\\/\\\/secure.gravatar.com\\\/avatar\\\/?s=96&d=mm&r=g\",\"contentUrl\":\"https:\\\/\\\/secure.gravatar.com\\\/avatar\\\/?s=96&d=mm&r=g\",\"caption\":\"Paola Guevara\"},\"url\":\"https:\\\/\\\/www.fcbarcelonanoticias.com\\\/en\\\/fc-barcelona\\\/paola-guevara_9_115.html\"}]}<\/script>\n<!-- \/ Yoast SEO plugin. -->","yoast_head_json":{"title":"How it will fit the pieces of the forward Xavi with the turn of Ansu Fati?","description":"There are three positions in the attack and a few alternatives in the forward of the FC Barcelona. Ansu Fati Has been the last in adding and shoots the doubts sob...","robots":{"index":"index","follow":"follow","max-snippet":"max-snippet:-1","max-image-preview":"max-image-preview:large","max-video-preview":"max-video-preview:-1"},"canonical":"https:\/\/www.fcbarcelonanoticias.com\/en\/fc-barcelona\/how-to-fit-xavi-front-parts-with-ansu-fati-back_279935_102.html","og_locale":"en_US","og_type":"article","og_title":"How it will fit the pieces of the forward Xavi with the turn of Ansu Fati?","og_description":"There are three positions in the attack and a few alternatives in the forward of the FC Barcelona. Ansu Fati Has been the last in adding and shoots the doubts sob...","og_url":"https:\/\/www.fcbarcelonanoticias.com\/en\/fc-barcelona\/how-to-fit-xavi-front-parts-with-ansu-fati-back_279935_102.html","og_site_name":"EN - FC Barcelona Noticias","article_published_time":"2022-05-02T13:57:00+00:00","article_modified_time":"2022-05-02T17:38:00+00:00","og_image":[{"width":1200,"height":675,"url":"https:\/\/www.fcbarcelonanoticias.com\/en\/wp-content\/uploads\/sites\/2\/2022\/05\/ansu-fati-durante-el-barc-a-mallorca-de-laliga-1.jpeg","type":"image\/jpeg"}],"author":"Paola Guevara","twitter_card":"summary_large_image","twitter_misc":{"Written by":"Paola Guevara","Est. reading time":"3 minutes"},"schema":{"@context":"https:\/\/schema.org","@graph":[{"@type":"Article","@id":"https:\/\/www.fcbarcelonanoticias.com\/en\/fc-barcelona\/how-to-fit-xavi-front-parts-with-ansu-fati-back_279935_102.html#article","isPartOf":{"@id":"https:\/\/www.fcbarcelonanoticias.com\/en\/fc-barcelona\/how-to-fit-xavi-front-parts-with-ansu-fati-back_279935_102.html"},"author":{"name":"Paola Guevara","@id":"https:\/\/www.fcbarcelonanoticias.com\/en\/#\/schema\/person\/3b408513ee236e64c3043ec901f019ee"},"headline":"How will Xavi fit the pieces of the forward with the return of Ansu Fati?","datePublished":"2022-05-02T13:57:00+00:00","dateModified":"2022-05-02T17:38:00+00:00","mainEntityOfPage":{"@id":"https:\/\/www.fcbarcelonanoticias.com\/en\/fc-barcelona\/how-to-fit-xavi-front-parts-with-ansu-fati-back_279935_102.html"},"wordCount":543,"image":{"@id":"https:\/\/www.fcbarcelonanoticias.com\/en\/fc-barcelona\/how-to-fit-xavi-front-parts-with-ansu-fati-back_279935_102.html#primaryimage"},"thumbnailUrl":"https:\/\/www.fcbarcelonanoticias.com\/en\/wp-content\/uploads\/sites\/2\/2022\/05\/ansu-fati-durante-el-barc-a-mallorca-de-laliga-1.jpeg","keywords":["Aubameyang","Memphis Depay"],"articleSection":["FC Barcelona"],"inLanguage":"en-US"},{"@type":"WebPage","@id":"https:\/\/www.fcbarcelonanoticias.com\/en\/fc-barcelona\/how-to-fit-xavi-front-parts-with-ansu-fati-back_279935_102.html","url":"https:\/\/www.fcbarcelonanoticias.com\/en\/fc-barcelona\/how-to-fit-xavi-front-parts-with-ansu-fati-back_279935_102.html","name":"How it will fit the pieces of the forward Xavi with the turn of Ansu Fati?","isPartOf":{"@id":"https:\/\/www.fcbarcelonanoticias.com\/en\/#website"},"primaryImageOfPage":{"@id":"https:\/\/www.fcbarcelonanoticias.com\/en\/fc-barcelona\/how-to-fit-xavi-front-parts-with-ansu-fati-back_279935_102.html#primaryimage"},"image":{"@id":"https:\/\/www.fcbarcelonanoticias.com\/en\/fc-barcelona\/how-to-fit-xavi-front-parts-with-ansu-fati-back_279935_102.html#primaryimage"},"thumbnailUrl":"https:\/\/www.fcbarcelonanoticias.com\/en\/wp-content\/uploads\/sites\/2\/2022\/05\/ansu-fati-durante-el-barc-a-mallorca-de-laliga-1.jpeg","datePublished":"2022-05-02T13:57:00+00:00","dateModified":"2022-05-02T17:38:00+00:00","author":{"@id":"https:\/\/www.fcbarcelonanoticias.com\/en\/#\/schema\/person\/3b408513ee236e64c3043ec901f019ee"},"description":"There are three positions in the attack and a few alternatives in the forward of the FC Barcelona. Ansu Fati Has been the last in adding and shoots the doubts sob...","breadcrumb":{"@id":"https:\/\/www.fcbarcelonanoticias.com\/en\/fc-barcelona\/how-to-fit-xavi-front-parts-with-ansu-fati-back_279935_102.html#breadcrumb"},"inLanguage":"en-US","potentialAction":[{"@type":"ReadAction","target":["https:\/\/www.fcbarcelonanoticias.com\/en\/fc-barcelona\/how-to-fit-xavi-front-parts-with-ansu-fati-back_279935_102.html"]}]},{"@type":"ImageObject","inLanguage":"en-US","@id":"https:\/\/www.fcbarcelonanoticias.com\/en\/fc-barcelona\/how-to-fit-xavi-front-parts-with-ansu-fati-back_279935_102.html#primaryimage","url":"https:\/\/www.fcbarcelonanoticias.com\/en\/wp-content\/uploads\/sites\/2\/2022\/05\/ansu-fati-durante-el-barc-a-mallorca-de-laliga-1.jpeg","contentUrl":"https:\/\/www.fcbarcelonanoticias.com\/en\/wp-content\/uploads\/sites\/2\/2022\/05\/ansu-fati-durante-el-barc-a-mallorca-de-laliga-1.jpeg","width":1200,"height":675},{"@type":"BreadcrumbList","@id":"https:\/\/www.fcbarcelonanoticias.com\/en\/fc-barcelona\/how-to-fit-xavi-front-parts-with-ansu-fati-back_279935_102.html#breadcrumb","itemListElement":[{"@type":"ListItem","position":1,"name":"Portada","item":"https:\/\/www.fcbarcelonanoticias.com\/en\/"},{"@type":"ListItem","position":2,"name":"How will Xavi fit the pieces of the forward with the return of Ansu Fati?"}]},{"@type":"WebSite","@id":"https:\/\/www.fcbarcelonanoticias.com\/en\/#website","url":"https:\/\/www.fcbarcelonanoticias.com\/en\/","name":"EN - FC Barcelona Noticias","description":"","potentialAction":[{"@type":"SearchAction","target":{"@type":"EntryPoint","urlTemplate":"https:\/\/www.fcbarcelonanoticias.com\/en\/?s={search_term_string}"},"query-input":{"@type":"PropertyValueSpecification","valueRequired":true,"valueName":"search_term_string"}}],"inLanguage":"en-US"},{"@type":"Person","@id":"https:\/\/www.fcbarcelonanoticias.com\/en\/#\/schema\/person\/3b408513ee236e64c3043ec901f019ee","name":"Paola Guevara","image":{"@type":"ImageObject","inLanguage":"en-US","@id":"https:\/\/secure.gravatar.com\/avatar\/?s=96&d=mm&r=g","url":"https:\/\/secure.gravatar.com\/avatar\/?s=96&d=mm&r=g","contentUrl":"https:\/\/secure.gravatar.com\/avatar\/?s=96&d=mm&r=g","caption":"Paola Guevara"},"url":"https:\/\/www.fcbarcelonanoticias.com\/en\/fc-barcelona\/paola-guevara_9_115.html"}]}},"_links":{"self":[{"href":"https:\/\/www.fcbarcelonanoticias.com\/en\/wp-json\/wp\/v2\/posts\/20237","targetHints":{"allow":["GET"]}}],"collection":[{"href":"https:\/\/www.fcbarcelonanoticias.com\/en\/wp-json\/wp\/v2\/posts"}],"about":[{"href":"https:\/\/www.fcbarcelonanoticias.com\/en\/wp-json\/wp\/v2\/types\/post"}],"author":[{"embeddable":true,"href":"https:\/\/www.fcbarcelonanoticias.com\/en\/wp-json\/wp\/v2\/users\/352"}],"replies":[{"embeddable":true,"href":"https:\/\/www.fcbarcelonanoticias.com\/en\/wp-json\/wp\/v2\/comments?post=20237"}],"version-history":[{"count":1,"href":"https:\/\/www.fcbarcelonanoticias.com\/en\/wp-json\/wp\/v2\/posts\/20237\/revisions"}],"predecessor-version":[{"id":20239,"href":"https:\/\/www.fcbarcelonanoticias.com\/en\/wp-json\/wp\/v2\/posts\/20237\/revisions\/20239"}],"wp:featuredmedia":[{"embeddable":true,"href":"https:\/\/www.fcbarcelonanoticias.com\/en\/wp-json\/wp\/v2\/media\/20242"}],"wp:attachment":[{"href":"https:\/\/www.fcbarcelonanoticias.com\/en\/wp-json\/wp\/v2\/media?parent=20237"}],"wp:term":[{"taxonomy":"category","embeddable":true,"href":"https:\/\/www.fcbarcelonanoticias.com\/en\/wp-json\/wp\/v2\/categories?post=20237"},{"taxonomy":"post_tag","embeddable":true,"href":"https:\/\/www.fcbarcelonanoticias.com\/en\/wp-json\/wp\/v2\/tags?post=20237"}],"curies":[{"name":"wp","href":"https:\/\/api.w.org\/{rel}","templated":true}]}}