{"id":20446,"date":"2024-09-21T19:08:00","date_gmt":"2024-09-21T17:08:00","guid":{"rendered":"https:\/\/weisetech.dev\/fc-barcelona-noticias\/en\/the-position-of-joan-laporta-and-deco-after-fc-barcelona-defeat-in-monaco_307407_102\/"},"modified":"2026-04-16T09:35:31","modified_gmt":"2026-04-16T07:35:31","slug":"the-position-of-joan-laporta-and-deco-after-fc-barcelona-defeat-in-monaco_307407_102","status":"publish","type":"post","link":"https:\/\/www.fcbarcelonanoticias.com\/en\/fc-barcelona\/football-barca\/the-position-of-joan-laporta-and-deco-after-fc-barcelona-defeat-in-monaco_307407_102.html","title":{"rendered":"The position of Joan Laporta and Deco after FC Barcelona&#8217;s defeat in Monaco"},"content":{"rendered":"<h2 class=\"wp-block-heading\">Laporta, Deco and Flick held a meeting at the Bar\u00e7a hotel in the Monegasque capital after the Champions League defeat. The directors played down the &#8216;stumble&#8217; and gave the coach their utmost confidence<\/h2>  \r\n<div class=\"article-addons\">\r\n    <a href=\"https:\/\/www.fcbarcelonanoticias.com\/en\/calendar-fc-barcelona.html\"\r\n       target=\"_self\"\r\n       title=\"Calendar of FC Barcelona\"\r\n       class=\"blue-gredient-btn\">\r\n       \r\n        Calendar of FC Barcelona    <\/a>\r\n<\/div>   <p>The &#8216;blow&#8217; received in <strong>Monaco <\/strong>in the first match of the <strong>Champions League<\/strong> is now a thing of the past at <strong>FC Barcelona<\/strong>. Confidence in <strong>Hansi Flick<\/strong>&#8216;s project and in the work of the Barcelona dressing room continues to be at its highest level at the Blaugrana club, and this was conveyed to the German coach by <strong>Joan Laporta<\/strong> and <strong>Deco <\/strong>in a meeting held at the team hotel after the match.<\/p>  <p>The president, the sporting director and the Blaugrana coach analysed the defeat calmly and agreed to downplay it. According to &#8216;Mundo Deportivo&#8217;, the Catalans opted to take note of the mistakes made so as not to make them again, especially in <strong>Europe<\/strong>, where the margin for error is minimal compared to La Liga despite still having 7 games ahead. The balance of the start of the season is more than positive and the &#8216;stumble&#8217; at the Stade Louis II does not tarnish the good feelings generated in the club with the perfect start in the local championship.<\/p>  <h2>Flick&#8217;s message to the dressing room<\/h2>  <p>The message from the directors was very similar to the one that <strong>Flick <\/strong>communicated to the dressing room. The German maintained his confidence in the players and made them aware of his satisfaction with the attitude shown in the match, although he did not omit self-criticism and invited them to analyse their highs and lows in the defeat. For the coach, it is positive that the next match comes soon, since it is a more than favourable scenario to reverse the situation and make a statement against a <strong>Villarreal <\/strong>that has not yet known defeat in the Spanish tournament.<\/p>  <p>On the flight back to Barcelona, \u200b\u200b<strong>Hansi&#8217;s <\/strong>staff carefully reviewed the match against Monaco and detailed the aspects to improve in the team for this Sunday&#8217;s match at <strong>La Cer\u00e1mica<\/strong>. The calm remains at <strong>Can Bar\u00e7a<\/strong>, where they are sure that they will not stumble over the same &#8216;stone&#8217; again.<\/p>  <div class=\"cke-element cke-element--102\"><section class=\"c-related-article\"><figure class=\"c-image__fig\"><a href=\"https:\/\/www.fcbarcelonanoticias.com\/laliga\/villarreal-barcelona-directo-tv-online-cuando-donde-ver-partido-gratis_307395_102.html\" title=\"horarios barcelona villarreal\" class=\"c-image__imglink\"><picture><img decoding=\"async\" src=\"https:\/\/www.fcbarcelonanoticias.com\/wp-content\/uploads\/sites\/2\/2024\/09\/fcbn-f26cfe19aebb619084b88cf02c82afad.jpeg\" alt=\"horarios barcelona villarreal\" title=\"horarios barcelona villarreal\" class=\"c-image__img\" width=\"1250\" height=\"730\" loading=\"lazy\"><\/picture><\/a>     <\/figure><div class=\"c-related-article__wrapper\">         <p class=\"c-related-article__avantitle\">Related<\/p>         <h4 class=\"c-related-article__title\">             <a href=\"https:\/\/www.fcbarcelonanoticias.com\/laliga\/villarreal-barcelona-directo-tv-online-cuando-donde-ver-partido-gratis_307395_102.html\" title=\"Villarreal vs FC Barcelona live and online: When and where to watch the LaLiga match on TV\" class=\"c-related-article__link\">                 Villarreal vs FC Barcelona live and online: When and where to watch the LaLiga match on TV             <\/a>         <\/h4>     <\/div> <\/section><\/div> ","protected":false},"excerpt":{"rendered":"<p>Laporta, Deco and Flick held a meeting at the Bar\u00e7a hotel in the Monegasque capital after the Champions League defeat. The directors played down the &#8216;stumble&#8217; and gave the coach their utmost confidence The &#8216;blow&#8217; received in Monaco in the first match of the Champions League is now a thing of the past at FC [&hellip;]<\/p>\n","protected":false},"author":358,"featured_media":20450,"comment_status":"closed","ping_status":"open","sticky":false,"template":"","format":"standard","meta":{"_acf_changed":false,"inline_featured_image":false,"_nextfly_llmd_date_locked":false,"footnotes":""},"categories":[447,112],"tags":[335,98,87,158],"class_list":["post-20446","post","type-post","status-publish","format-standard","has-post-thumbnail","hentry","category-champions-league-2","category-champions-league","tag-deco","tag-fc-barcelona-vs-monaco","tag-hansi-flick","tag-joan-laporta"],"acf":[],"yoast_head":"<!-- This site is optimized with the Yoast SEO plugin v27.3 - https:\/\/yoast.com\/product\/yoast-seo-wordpress\/ -->\n<title>The position of Joan Laporta and Deco after FC Barcelona&#039;s defeat in Monaco<\/title>\n<meta name=\"description\" content=\"Laporta, Deco and Flick held a meeting at the Bar\u00e7a hotel in the Monegasque capital after the Champions League defeat. The directors played down the &#039;stumble&#039; and gave the coach their utmost confidence\" \/>\n<meta name=\"robots\" content=\"index, follow, max-snippet:-1, max-image-preview:large, max-video-preview:-1\" \/>\n<link rel=\"canonical\" href=\"https:\/\/www.fcbarcelonanoticias.com\/en\/fc-barcelona\/football-barca\/the-position-of-joan-laporta-and-deco-after-fc-barcelona-defeat-in-monaco_307407_102.html\" \/>\n<meta property=\"og:locale\" content=\"en_US\" \/>\n<meta property=\"og:type\" content=\"article\" \/>\n<meta property=\"og:title\" content=\"The position of Joan Laporta and Deco after FC Barcelona&#039;s defeat in Monaco\" \/>\n<meta property=\"og:description\" content=\"Laporta, Deco and Flick held a meeting at the Bar\u00e7a hotel in the Monegasque capital after the Champions League defeat. The directors played down the &#039;stumble&#039; and gave the coach their utmost confidence\" \/>\n<meta property=\"og:url\" content=\"https:\/\/www.fcbarcelonanoticias.com\/en\/fc-barcelona\/football-barca\/the-position-of-joan-laporta-and-deco-after-fc-barcelona-defeat-in-monaco_307407_102.html\" \/>\n<meta property=\"og:site_name\" content=\"EN - FC Barcelona Noticias\" \/>\n<meta property=\"article:published_time\" content=\"2024-09-21T17:08:00+00:00\" \/>\n<meta property=\"article:modified_time\" content=\"2026-04-16T07:35:31+00:00\" \/>\n<meta property=\"og:image\" content=\"https:\/\/www.fcbarcelonanoticias.com\/en\/wp-content\/uploads\/sites\/2\/2024\/09\/laporta-flick-barcelona.jpeg\" \/>\n\t<meta property=\"og:image:width\" content=\"1250\" \/>\n\t<meta property=\"og:image:height\" content=\"730\" \/>\n\t<meta property=\"og:image:type\" content=\"image\/jpeg\" \/>\n<meta name=\"author\" content=\"Juan Pablo Berdugo\" \/>\n<meta name=\"twitter:card\" content=\"summary_large_image\" \/>\n<meta name=\"twitter:label1\" content=\"Written by\" \/>\n\t<meta name=\"twitter:data1\" content=\"Juan Pablo Berdugo\" \/>\n\t<meta name=\"twitter:label2\" content=\"Est. reading time\" \/>\n\t<meta name=\"twitter:data2\" content=\"2 minutes\" \/>\n<script type=\"application\/ld+json\" class=\"yoast-schema-graph\">{\"@context\":\"https:\\\/\\\/schema.org\",\"@graph\":[{\"@type\":\"Article\",\"@id\":\"https:\\\/\\\/www.fcbarcelonanoticias.com\\\/en\\\/fc-barcelona\\\/football-barca\\\/the-position-of-joan-laporta-and-deco-after-fc-barcelona-defeat-in-monaco_307407_102.html#article\",\"isPartOf\":{\"@id\":\"https:\\\/\\\/www.fcbarcelonanoticias.com\\\/en\\\/fc-barcelona\\\/football-barca\\\/the-position-of-joan-laporta-and-deco-after-fc-barcelona-defeat-in-monaco_307407_102.html\"},\"author\":{\"name\":\"Juan Pablo Berdugo\",\"@id\":\"https:\\\/\\\/www.fcbarcelonanoticias.com\\\/en\\\/#\\\/schema\\\/person\\\/88d756918a0a1ae9fa593b5edddd1815\"},\"headline\":\"The position of Joan Laporta and Deco after FC Barcelona&#8217;s defeat in Monaco\",\"datePublished\":\"2024-09-21T17:08:00+00:00\",\"dateModified\":\"2026-04-16T07:35:31+00:00\",\"mainEntityOfPage\":{\"@id\":\"https:\\\/\\\/www.fcbarcelonanoticias.com\\\/en\\\/fc-barcelona\\\/football-barca\\\/the-position-of-joan-laporta-and-deco-after-fc-barcelona-defeat-in-monaco_307407_102.html\"},\"wordCount\":395,\"image\":{\"@id\":\"https:\\\/\\\/www.fcbarcelonanoticias.com\\\/en\\\/fc-barcelona\\\/football-barca\\\/the-position-of-joan-laporta-and-deco-after-fc-barcelona-defeat-in-monaco_307407_102.html#primaryimage\"},\"thumbnailUrl\":\"https:\\\/\\\/www.fcbarcelonanoticias.com\\\/en\\\/wp-content\\\/uploads\\\/sites\\\/2\\\/2024\\\/09\\\/laporta-flick-barcelona.jpeg\",\"keywords\":[\"Deco\",\"FC Barcelona vs AS Monaco\",\"Hansi Flick\",\"Joan Laporta\"],\"articleSection\":[\"Champions League\",\"Champions League\"],\"inLanguage\":\"en-US\"},{\"@type\":\"WebPage\",\"@id\":\"https:\\\/\\\/www.fcbarcelonanoticias.com\\\/en\\\/fc-barcelona\\\/football-barca\\\/the-position-of-joan-laporta-and-deco-after-fc-barcelona-defeat-in-monaco_307407_102.html\",\"url\":\"https:\\\/\\\/www.fcbarcelonanoticias.com\\\/en\\\/fc-barcelona\\\/football-barca\\\/the-position-of-joan-laporta-and-deco-after-fc-barcelona-defeat-in-monaco_307407_102.html\",\"name\":\"The position of Joan Laporta and Deco after FC Barcelona's defeat in Monaco\",\"isPartOf\":{\"@id\":\"https:\\\/\\\/www.fcbarcelonanoticias.com\\\/en\\\/#website\"},\"primaryImageOfPage\":{\"@id\":\"https:\\\/\\\/www.fcbarcelonanoticias.com\\\/en\\\/fc-barcelona\\\/football-barca\\\/the-position-of-joan-laporta-and-deco-after-fc-barcelona-defeat-in-monaco_307407_102.html#primaryimage\"},\"image\":{\"@id\":\"https:\\\/\\\/www.fcbarcelonanoticias.com\\\/en\\\/fc-barcelona\\\/football-barca\\\/the-position-of-joan-laporta-and-deco-after-fc-barcelona-defeat-in-monaco_307407_102.html#primaryimage\"},\"thumbnailUrl\":\"https:\\\/\\\/www.fcbarcelonanoticias.com\\\/en\\\/wp-content\\\/uploads\\\/sites\\\/2\\\/2024\\\/09\\\/laporta-flick-barcelona.jpeg\",\"datePublished\":\"2024-09-21T17:08:00+00:00\",\"dateModified\":\"2026-04-16T07:35:31+00:00\",\"author\":{\"@id\":\"https:\\\/\\\/www.fcbarcelonanoticias.com\\\/en\\\/#\\\/schema\\\/person\\\/88d756918a0a1ae9fa593b5edddd1815\"},\"description\":\"Laporta, Deco and Flick held a meeting at the Bar\u00e7a hotel in the Monegasque capital after the Champions League defeat. The directors played down the 'stumble' and gave the coach their utmost confidence\",\"breadcrumb\":{\"@id\":\"https:\\\/\\\/www.fcbarcelonanoticias.com\\\/en\\\/fc-barcelona\\\/football-barca\\\/the-position-of-joan-laporta-and-deco-after-fc-barcelona-defeat-in-monaco_307407_102.html#breadcrumb\"},\"inLanguage\":\"en-US\",\"potentialAction\":[{\"@type\":\"ReadAction\",\"target\":[\"https:\\\/\\\/www.fcbarcelonanoticias.com\\\/en\\\/fc-barcelona\\\/football-barca\\\/the-position-of-joan-laporta-and-deco-after-fc-barcelona-defeat-in-monaco_307407_102.html\"]}]},{\"@type\":\"ImageObject\",\"inLanguage\":\"en-US\",\"@id\":\"https:\\\/\\\/www.fcbarcelonanoticias.com\\\/en\\\/fc-barcelona\\\/football-barca\\\/the-position-of-joan-laporta-and-deco-after-fc-barcelona-defeat-in-monaco_307407_102.html#primaryimage\",\"url\":\"https:\\\/\\\/www.fcbarcelonanoticias.com\\\/en\\\/wp-content\\\/uploads\\\/sites\\\/2\\\/2024\\\/09\\\/laporta-flick-barcelona.jpeg\",\"contentUrl\":\"https:\\\/\\\/www.fcbarcelonanoticias.com\\\/en\\\/wp-content\\\/uploads\\\/sites\\\/2\\\/2024\\\/09\\\/laporta-flick-barcelona.jpeg\",\"width\":1250,\"height\":730},{\"@type\":\"BreadcrumbList\",\"@id\":\"https:\\\/\\\/www.fcbarcelonanoticias.com\\\/en\\\/fc-barcelona\\\/football-barca\\\/the-position-of-joan-laporta-and-deco-after-fc-barcelona-defeat-in-monaco_307407_102.html#breadcrumb\",\"itemListElement\":[{\"@type\":\"ListItem\",\"position\":1,\"name\":\"Portada\",\"item\":\"https:\\\/\\\/www.fcbarcelonanoticias.com\\\/en\\\/\"},{\"@type\":\"ListItem\",\"position\":2,\"name\":\"The position of Joan Laporta and Deco after FC Barcelona&#8217;s defeat in Monaco\"}]},{\"@type\":\"WebSite\",\"@id\":\"https:\\\/\\\/www.fcbarcelonanoticias.com\\\/en\\\/#website\",\"url\":\"https:\\\/\\\/www.fcbarcelonanoticias.com\\\/en\\\/\",\"name\":\"EN - FC Barcelona Noticias\",\"description\":\"\",\"potentialAction\":[{\"@type\":\"SearchAction\",\"target\":{\"@type\":\"EntryPoint\",\"urlTemplate\":\"https:\\\/\\\/www.fcbarcelonanoticias.com\\\/en\\\/?s={search_term_string}\"},\"query-input\":{\"@type\":\"PropertyValueSpecification\",\"valueRequired\":true,\"valueName\":\"search_term_string\"}}],\"inLanguage\":\"en-US\"},{\"@type\":\"Person\",\"@id\":\"https:\\\/\\\/www.fcbarcelonanoticias.com\\\/en\\\/#\\\/schema\\\/person\\\/88d756918a0a1ae9fa593b5edddd1815\",\"name\":\"Juan Pablo Berdugo\",\"image\":{\"@type\":\"ImageObject\",\"inLanguage\":\"en-US\",\"@id\":\"https:\\\/\\\/secure.gravatar.com\\\/avatar\\\/?s=96&d=mm&r=g\",\"url\":\"https:\\\/\\\/secure.gravatar.com\\\/avatar\\\/?s=96&d=mm&r=g\",\"contentUrl\":\"https:\\\/\\\/secure.gravatar.com\\\/avatar\\\/?s=96&d=mm&r=g\",\"caption\":\"Juan Pablo Berdugo\"},\"description\":\"Juan Pablo Berdugo es graduado en Periodismo. Colabora con FCBN como especialista en informaci\u00f3n del primer equipo del FC Barcelona, f\u00fatbol internacional y mercado de fichajes. Destaca por su enfoque anal\u00edtico, su rigor informativo y su capacidad para detectar tendencias emergentes en el f\u00fatbol global.\",\"url\":\"https:\\\/\\\/www.fcbarcelonanoticias.com\\\/en\\\/fc-barcelona\\\/juan-pablo-berdugo_18_115.html\"}]}<\/script>\n<!-- \/ Yoast SEO plugin. -->","yoast_head_json":{"title":"The position of Joan Laporta and Deco after FC Barcelona's defeat in Monaco","description":"Laporta, Deco and Flick held a meeting at the Bar\u00e7a hotel in the Monegasque capital after the Champions League defeat. The directors played down the 'stumble' and gave the coach their utmost confidence","robots":{"index":"index","follow":"follow","max-snippet":"max-snippet:-1","max-image-preview":"max-image-preview:large","max-video-preview":"max-video-preview:-1"},"canonical":"https:\/\/www.fcbarcelonanoticias.com\/en\/fc-barcelona\/football-barca\/the-position-of-joan-laporta-and-deco-after-fc-barcelona-defeat-in-monaco_307407_102.html","og_locale":"en_US","og_type":"article","og_title":"The position of Joan Laporta and Deco after FC Barcelona's defeat in Monaco","og_description":"Laporta, Deco and Flick held a meeting at the Bar\u00e7a hotel in the Monegasque capital after the Champions League defeat. The directors played down the 'stumble' and gave the coach their utmost confidence","og_url":"https:\/\/www.fcbarcelonanoticias.com\/en\/fc-barcelona\/football-barca\/the-position-of-joan-laporta-and-deco-after-fc-barcelona-defeat-in-monaco_307407_102.html","og_site_name":"EN - FC Barcelona Noticias","article_published_time":"2024-09-21T17:08:00+00:00","article_modified_time":"2026-04-16T07:35:31+00:00","og_image":[{"width":1250,"height":730,"url":"https:\/\/www.fcbarcelonanoticias.com\/en\/wp-content\/uploads\/sites\/2\/2024\/09\/laporta-flick-barcelona.jpeg","type":"image\/jpeg"}],"author":"Juan Pablo Berdugo","twitter_card":"summary_large_image","twitter_misc":{"Written by":"Juan Pablo Berdugo","Est. reading time":"2 minutes"},"schema":{"@context":"https:\/\/schema.org","@graph":[{"@type":"Article","@id":"https:\/\/www.fcbarcelonanoticias.com\/en\/fc-barcelona\/football-barca\/the-position-of-joan-laporta-and-deco-after-fc-barcelona-defeat-in-monaco_307407_102.html#article","isPartOf":{"@id":"https:\/\/www.fcbarcelonanoticias.com\/en\/fc-barcelona\/football-barca\/the-position-of-joan-laporta-and-deco-after-fc-barcelona-defeat-in-monaco_307407_102.html"},"author":{"name":"Juan Pablo Berdugo","@id":"https:\/\/www.fcbarcelonanoticias.com\/en\/#\/schema\/person\/88d756918a0a1ae9fa593b5edddd1815"},"headline":"The position of Joan Laporta and Deco after FC Barcelona&#8217;s defeat in Monaco","datePublished":"2024-09-21T17:08:00+00:00","dateModified":"2026-04-16T07:35:31+00:00","mainEntityOfPage":{"@id":"https:\/\/www.fcbarcelonanoticias.com\/en\/fc-barcelona\/football-barca\/the-position-of-joan-laporta-and-deco-after-fc-barcelona-defeat-in-monaco_307407_102.html"},"wordCount":395,"image":{"@id":"https:\/\/www.fcbarcelonanoticias.com\/en\/fc-barcelona\/football-barca\/the-position-of-joan-laporta-and-deco-after-fc-barcelona-defeat-in-monaco_307407_102.html#primaryimage"},"thumbnailUrl":"https:\/\/www.fcbarcelonanoticias.com\/en\/wp-content\/uploads\/sites\/2\/2024\/09\/laporta-flick-barcelona.jpeg","keywords":["Deco","FC Barcelona vs AS Monaco","Hansi Flick","Joan Laporta"],"articleSection":["Champions League","Champions League"],"inLanguage":"en-US"},{"@type":"WebPage","@id":"https:\/\/www.fcbarcelonanoticias.com\/en\/fc-barcelona\/football-barca\/the-position-of-joan-laporta-and-deco-after-fc-barcelona-defeat-in-monaco_307407_102.html","url":"https:\/\/www.fcbarcelonanoticias.com\/en\/fc-barcelona\/football-barca\/the-position-of-joan-laporta-and-deco-after-fc-barcelona-defeat-in-monaco_307407_102.html","name":"The position of Joan Laporta and Deco after FC Barcelona's defeat in Monaco","isPartOf":{"@id":"https:\/\/www.fcbarcelonanoticias.com\/en\/#website"},"primaryImageOfPage":{"@id":"https:\/\/www.fcbarcelonanoticias.com\/en\/fc-barcelona\/football-barca\/the-position-of-joan-laporta-and-deco-after-fc-barcelona-defeat-in-monaco_307407_102.html#primaryimage"},"image":{"@id":"https:\/\/www.fcbarcelonanoticias.com\/en\/fc-barcelona\/football-barca\/the-position-of-joan-laporta-and-deco-after-fc-barcelona-defeat-in-monaco_307407_102.html#primaryimage"},"thumbnailUrl":"https:\/\/www.fcbarcelonanoticias.com\/en\/wp-content\/uploads\/sites\/2\/2024\/09\/laporta-flick-barcelona.jpeg","datePublished":"2024-09-21T17:08:00+00:00","dateModified":"2026-04-16T07:35:31+00:00","author":{"@id":"https:\/\/www.fcbarcelonanoticias.com\/en\/#\/schema\/person\/88d756918a0a1ae9fa593b5edddd1815"},"description":"Laporta, Deco and Flick held a meeting at the Bar\u00e7a hotel in the Monegasque capital after the Champions League defeat. The directors played down the 'stumble' and gave the coach their utmost confidence","breadcrumb":{"@id":"https:\/\/www.fcbarcelonanoticias.com\/en\/fc-barcelona\/football-barca\/the-position-of-joan-laporta-and-deco-after-fc-barcelona-defeat-in-monaco_307407_102.html#breadcrumb"},"inLanguage":"en-US","potentialAction":[{"@type":"ReadAction","target":["https:\/\/www.fcbarcelonanoticias.com\/en\/fc-barcelona\/football-barca\/the-position-of-joan-laporta-and-deco-after-fc-barcelona-defeat-in-monaco_307407_102.html"]}]},{"@type":"ImageObject","inLanguage":"en-US","@id":"https:\/\/www.fcbarcelonanoticias.com\/en\/fc-barcelona\/football-barca\/the-position-of-joan-laporta-and-deco-after-fc-barcelona-defeat-in-monaco_307407_102.html#primaryimage","url":"https:\/\/www.fcbarcelonanoticias.com\/en\/wp-content\/uploads\/sites\/2\/2024\/09\/laporta-flick-barcelona.jpeg","contentUrl":"https:\/\/www.fcbarcelonanoticias.com\/en\/wp-content\/uploads\/sites\/2\/2024\/09\/laporta-flick-barcelona.jpeg","width":1250,"height":730},{"@type":"BreadcrumbList","@id":"https:\/\/www.fcbarcelonanoticias.com\/en\/fc-barcelona\/football-barca\/the-position-of-joan-laporta-and-deco-after-fc-barcelona-defeat-in-monaco_307407_102.html#breadcrumb","itemListElement":[{"@type":"ListItem","position":1,"name":"Portada","item":"https:\/\/www.fcbarcelonanoticias.com\/en\/"},{"@type":"ListItem","position":2,"name":"The position of Joan Laporta and Deco after FC Barcelona&#8217;s defeat in Monaco"}]},{"@type":"WebSite","@id":"https:\/\/www.fcbarcelonanoticias.com\/en\/#website","url":"https:\/\/www.fcbarcelonanoticias.com\/en\/","name":"EN - FC Barcelona Noticias","description":"","potentialAction":[{"@type":"SearchAction","target":{"@type":"EntryPoint","urlTemplate":"https:\/\/www.fcbarcelonanoticias.com\/en\/?s={search_term_string}"},"query-input":{"@type":"PropertyValueSpecification","valueRequired":true,"valueName":"search_term_string"}}],"inLanguage":"en-US"},{"@type":"Person","@id":"https:\/\/www.fcbarcelonanoticias.com\/en\/#\/schema\/person\/88d756918a0a1ae9fa593b5edddd1815","name":"Juan Pablo Berdugo","image":{"@type":"ImageObject","inLanguage":"en-US","@id":"https:\/\/secure.gravatar.com\/avatar\/?s=96&d=mm&r=g","url":"https:\/\/secure.gravatar.com\/avatar\/?s=96&d=mm&r=g","contentUrl":"https:\/\/secure.gravatar.com\/avatar\/?s=96&d=mm&r=g","caption":"Juan Pablo Berdugo"},"description":"Juan Pablo Berdugo es graduado en Periodismo. Colabora con FCBN como especialista en informaci\u00f3n del primer equipo del FC Barcelona, f\u00fatbol internacional y mercado de fichajes. Destaca por su enfoque anal\u00edtico, su rigor informativo y su capacidad para detectar tendencias emergentes en el f\u00fatbol global.","url":"https:\/\/www.fcbarcelonanoticias.com\/en\/fc-barcelona\/juan-pablo-berdugo_18_115.html"}]}},"_links":{"self":[{"href":"https:\/\/www.fcbarcelonanoticias.com\/en\/wp-json\/wp\/v2\/posts\/20446","targetHints":{"allow":["GET"]}}],"collection":[{"href":"https:\/\/www.fcbarcelonanoticias.com\/en\/wp-json\/wp\/v2\/posts"}],"about":[{"href":"https:\/\/www.fcbarcelonanoticias.com\/en\/wp-json\/wp\/v2\/types\/post"}],"author":[{"embeddable":true,"href":"https:\/\/www.fcbarcelonanoticias.com\/en\/wp-json\/wp\/v2\/users\/358"}],"replies":[{"embeddable":true,"href":"https:\/\/www.fcbarcelonanoticias.com\/en\/wp-json\/wp\/v2\/comments?post=20446"}],"version-history":[{"count":3,"href":"https:\/\/www.fcbarcelonanoticias.com\/en\/wp-json\/wp\/v2\/posts\/20446\/revisions"}],"predecessor-version":[{"id":177045,"href":"https:\/\/www.fcbarcelonanoticias.com\/en\/wp-json\/wp\/v2\/posts\/20446\/revisions\/177045"}],"wp:featuredmedia":[{"embeddable":true,"href":"https:\/\/www.fcbarcelonanoticias.com\/en\/wp-json\/wp\/v2\/media\/20450"}],"wp:attachment":[{"href":"https:\/\/www.fcbarcelonanoticias.com\/en\/wp-json\/wp\/v2\/media?parent=20446"}],"wp:term":[{"taxonomy":"category","embeddable":true,"href":"https:\/\/www.fcbarcelonanoticias.com\/en\/wp-json\/wp\/v2\/categories?post=20446"},{"taxonomy":"post_tag","embeddable":true,"href":"https:\/\/www.fcbarcelonanoticias.com\/en\/wp-json\/wp\/v2\/tags?post=20446"}],"curies":[{"name":"wp","href":"https:\/\/api.w.org\/{rel}","templated":true}]}}