{"id":20511,"date":"2025-12-02T00:27:00","date_gmt":"2025-12-01T23:27:00","guid":{"rendered":"https:\/\/weisetech.dev\/fc-barcelona-noticias\/en\/lamine-yamal-confesses-spain-the-world-cup-leo-messi_315395_102\/"},"modified":"2026-03-27T11:30:24","modified_gmt":"2026-03-27T10:30:24","slug":"lamine-yamal-confesses-spain-the-world-cup-leo-messi_315395_102","status":"publish","type":"post","link":"https:\/\/www.fcbarcelonanoticias.com\/en\/fc-barcelona\/lamine-yamal-confesses-spain-the-world-cup-leo-messi_315395_102.html","title":{"rendered":"Lamine Yamal confesses: his playing style, comparisons with Messi, and more"},"content":{"rendered":"<h2 class=\"wp-block-heading\">Lamine Yamal gave an interview to the program &#8217;60 Minutes&#8217; on &#8216;CBS News&#8217; where he revealed how he deals with stardom at 18 years old. The Bar\u00e7a &#8217;10&#8217; expressed his admiration for Leo Messi, but he is clear about his objectives<\/h2>  \r\n<div class=\"article-addons\">\r\n    <a href=\"https:\/\/www.fcbarcelonanoticias.com\/en\/calendar-fc-barcelona.html\"\r\n       target=\"_self\"\r\n       title=\"Calendar of FC Barcelona\"\r\n       class=\"blue-gredient-btn\">\r\n       \r\n        Calendar of FC Barcelona    <\/a>\r\n<\/div>   <p>Since his explosion at Euro 2024, <strong>Lamine Yamal<\/strong> has become one of the most high-profile athletes on the planet. His meteoric rise to stardom, however, has not changed his way of seeing and understanding football. Nor his mentality, beyond the pressure of being the main figure of <strong><a data-external=\"0\" data-intl-links-en=\"https:\/\/www.fcbarcelonanoticias.com\/en\/fc-barcelona\" data-intl-links-es=\"https:\/\/www.fcbarcelonanoticias.com\/fc-barcelona\" href=\"https:\/\/www.fcbarcelonanoticias.com\/en\/football-soccer\/fc-barcelona.html\" rel=\"follow\" target=\"_self\" title=\"FC Barcelona\">FC Barcelona<\/a><\/strong>.&nbsp;<\/p>  <p>In an interview for CBS News&#8217; &#8217;60 Minutes&#8217; program, the blaugrana &#8217;10&#8217; made it clear that he prefers **not to focus on specific expectations**. Nor on the pressure on and off the field, as for him football is fun and passion: his goal is always to win and entertain the public.<\/p>  <p>&#8220;The pressure is what each person puts on themselves. Like expectations. There are people who have expectations and I don&#8217;t have any. <strong>Expectations are bad. When you meet them, you&#8217;re left without goals, and when you don&#8217;t meet them, you can fall apart<\/strong>. I have the confidence in myself that I can achieve whatever I want,&#8221; said the Matar\u00f3 native.<\/p>  <blockquote> <p>&#8220;Pressure is something mental. It&#8217;s something everyone has inside. I&#8217;ve never felt it and I don&#8217;t know if I ever will. I don&#8217;t have that feeling inside. I never have&#8221;<\/p> <\/blockquote>  <h2>Lamine Yamal defines his playing style<\/h2>  <p>Regarding his playing style, Lamine defines himself as &#8220;fun,&#8221; as he always tries to enjoy himself on the field. Likewise, he is clear that football goes far beyond records and statistics&#8221;<strong>I am an athlete who entertains<\/strong> and whose objective is not to break all the world records, score a million goals, or make a million dribbles. <strong>I want to enjoy myself and for children to want to be like me. Obviously, if I score many goals, even better<\/strong>, but I believe football goes beyond that,&#8221; argued the Spanish international.<\/p>  <p>Similarly, he warns that his game involves always facing opponents, trusting in his talent. &#8220;I would be a different player if I passed every time I saw two or three opponents in front of me. <strong>I think about resolving it as best as possible and, within that spectacle, doing the best for the team<\/strong>,&#8221; Yamal explained.<\/p>  <ul> <li><strong>Discover more records, statistics, and curiosities in our&nbsp;<a data-external=\"0\" data-intl-links-en=\"https:\/\/www.fcbarcelonanoticias.com\/en\/lamine-yamal-fc-barcelona-player.html\" data-intl-links-es=\"https:\/\/www.fcbarcelonanoticias.com\/lamine-yamal.html\" href=\"https:\/\/www.fcbarcelonanoticias.com\/en\/lamine-yamal-fc-barcelona-player.html\" rel=\"follow\" target=\"_self\" title=\"Lamine Yamal 2025\/26 - Records and statistics\">Lamine Yamal Data Center<\/a>, a unique space to follow the evolution of Barcelona&#8217;s star<\/strong><\/li> <\/ul> <h2>Comparisons with Leo Messi<\/h2>  <div class=\"media media-image\" data-ck-asset-wrapper=\"\"> <div class=\"media-item\"> <img loading=\"lazy\" decoding=\"async\" alt=\"Lamine Yamal: ambitious message about Montju\u00efc and Spotify Camp Nou\" data-id=\"1531077\" data-resize=\"9\" height=\"563\" src=\"https:\/\/www.fcbarcelonanoticias.com\/wp-content\/uploads\/sites\/2\/2025\/12\/fcbn-92f7126820cb6d31a4527e5442f67577.webp\" title=\"Lamine Yamal: ambitious message about Montju\u00efc and Spotify Camp Nou\" width=\"1000\"><div class=\"media-title\">Lamine Yamal: ambitious message about Montju\u00efc and Spotify Camp Nou<\/div> <\/div> <\/div>  <p>On the other hand, Lamine Yamal was asked about the inevitable comparisons with Leo Messi. The Catalan forward does not hesitate to refer to &#8216;La Pulga&#8217; as the best footballer in history, as well as expressing his total respect and admiration for him. However, he wants to forge his own path, and both he and Leo himself understand this.<\/p>  <p>&#8220;<strong>We both also know that I don&#8217;t want to be Messi and Messi knows that I don&#8217;t want to be him, I want to follow my own path<\/strong>. I have no intention of playing like him, nor of wearing the number 10 that Messi wore, or anything like that,&#8221; the new Bar\u00e7a &#8217;10&#8217; detailed.<\/p>  <blockquote> <p>&#8220;Football is the first love of my life and always will be. My friends, my father, my mother, I are in love with football. It is everything in my life. It will always be with me&#8221;<\/p> <\/blockquote>  <h2>The World Cup and other objectives<\/h2>  <p><\/p>  <p>In addition to the desire to win the <strong><a data-external=\"0\" data-intl-links-en=\"https:\/\/www.fcbarcelonanoticias.com\/en\/champions-league\/lamine-yamla-and-his-debut-as-barcelona-10-in-champions-league_314916_102.html\" data-intl-links-es=\"https:\/\/www.fcbarcelonanoticias.com\/champions-league\/lamine-yamal-fue-estreno-como-10-barcelona-champions_314916_102.html\" href=\"https:\/\/www.fcbarcelonanoticias.com\/en\/champions-league\/lamine-yamla-and-his-debut-as-barcelona-10-in-champions-league_314916_102.html\" rel=\"follow\" target=\"_self\" title=\"Lamine Yamal: as\u00ed fue su estreno como '10' del Bar\u00e7a en la Champions\">Champions League<\/a><\/strong> with Bar\u00e7a, Lamine also expressed the excitement he feels about playing his first World Cup with Spain. After fulfilling the dream of lifting the <strong><a data-external=\"0\" data-intl-links-en=\"https:\/\/www.fcbarcelonanoticias.com\/en\/euro-2024-football-news-matches-results\/legend-at-only-17-years-old-the-impressive-records-that-lamine-yamal-has-broken-at-euro-2024_305449_102.html\" data-intl-links-es=\"https:\/\/www.fcbarcelonanoticias.com\/eurocopa-2024\/leyenda-con-solo-17-anos-impresionantes-records-ha-roto-lamine-yamal-en-eurocopa-2024_305449_102.html\" href=\"https:\/\/www.fcbarcelonanoticias.com\/en\/euro-2024-football-news-matches-results\/legend-at-only-17-years-old-the-impressive-records-that-lamine-yamal-has-broken-at-euro-2024_305449_102.html\" rel=\"follow\" target=\"_self\" title=\"Los 8 r\u00e9cords que ha roto Lamine Yamal en la Eurocopa 2024\">Euro 2024<\/a><\/strong>, the Rocafonda native has no doubts about Spain&#8217;s chances of winning their second World Cup<\/p>  <p>&#8220;<strong>I see the country excited, I am very excited and I believe the World Cup could not have arrived at a better time<\/strong>. I feel important, I feel good and I am very eager for it to start. <strong>I am going to enjoy it immensely. We will win it<\/strong>,&#8221; concluded the Bar\u00e7a forward.<\/p>  <p>In that regard, he recalled that, beyond the affection he feels for **Morocco**, he never had doubts about the possibility of playing with Spain. Yamal grew up in Barcelona and feels fully identified with the country, its people, and his neighborhood&#8221;I&#8217;ve always wanted to play in a European Championship and I think European football is watched more; I grew up in Spain and I also feel it&#8217;s my country,&#8221; added the 18-year-old player.<\/p>  <blockquote> <p>&#8220;My favorite goals?: The one I scored against France in the Euros. I also really liked the one I scored against Bruges&#8221;<\/p> <\/blockquote>  <h2>Lamine&#8217;s Mentality for Dealing with Stardom<\/h2>  <p>Regarding his rapid rise to global football stardom, Lamine was blunt in admitting that he enjoys being a star. Although this means he will never be a normal young person, his mindset allows him to handle everything that comes with being such a media figure.&#8221;My personality has helped me survive. When I&#8217;m at my worst, I think about the good things. That helps me not to get down almost ever. That&#8217;s the most important thing in football. I&#8217;ve never gone to bed feeling down or sad,&#8221; the Bar\u00e7a &#8216;star&#8217; pointed out<\/p>  <blockquote> <p>&#8220;If you have a job and they tell you you want to be the boss, what would you say? Yes or no, am I going too fast? Well, there&#8217;s my answer&#8221;<\/p> <\/blockquote> ","protected":false},"excerpt":{"rendered":"<p>Lamine Yamal gave an interview to the program &#8217;60 Minutes&#8217; on &#8216;CBS News&#8217; where he revealed how he deals with stardom at 18 years old. The Bar\u00e7a &#8217;10&#8217; expressed his admiration for Leo Messi, but he is clear about his objectives Since his explosion at Euro 2024, Lamine Yamal has become one of the most [&hellip;]<\/p>\n","protected":false},"author":347,"featured_media":20515,"comment_status":"closed","ping_status":"open","sticky":false,"template":"","format":"standard","meta":{"_acf_changed":false,"inline_featured_image":false,"_nextfly_llmd_date_locked":false,"footnotes":""},"categories":[111],"tags":[147,465],"class_list":["post-20511","post","type-post","status-publish","format-standard","has-post-thumbnail","hentry","category-fc-barcelona","tag-lamine-yamal","tag-lamine-yamal-2"],"acf":[],"yoast_head":"<!-- This site is optimized with the Yoast SEO plugin v27.3 - https:\/\/yoast.com\/product\/yoast-seo-wordpress\/ -->\n<title>Lamine Yamal confesses: Spain, the World Cup, Leo Messi...<\/title>\n<meta name=\"description\" content=\"Lamine Yamal gave an interview to the program &#039;60 Minutes&#039; on &#039;CBS News&#039; where he revealed how he manages stardom\" \/>\n<meta name=\"robots\" content=\"index, follow, max-snippet:-1, max-image-preview:large, max-video-preview:-1\" \/>\n<link rel=\"canonical\" href=\"https:\/\/www.fcbarcelonanoticias.com\/en\/fc-barcelona\/lamine-yamal-confesses-spain-the-world-cup-leo-messi_315395_102.html\" \/>\n<meta property=\"og:locale\" content=\"en_US\" \/>\n<meta property=\"og:type\" content=\"article\" \/>\n<meta property=\"og:title\" content=\"Lamine Yamal confesses: Spain, the World Cup, Leo Messi...\" \/>\n<meta property=\"og:description\" content=\"Lamine Yamal gave an interview to the program &#039;60 Minutes&#039; on &#039;CBS News&#039; where he revealed how he manages stardom\" \/>\n<meta property=\"og:url\" content=\"https:\/\/www.fcbarcelonanoticias.com\/en\/fc-barcelona\/lamine-yamal-confesses-spain-the-world-cup-leo-messi_315395_102.html\" \/>\n<meta property=\"og:site_name\" content=\"EN - FC Barcelona Noticias\" \/>\n<meta property=\"article:published_time\" content=\"2025-12-01T23:27:00+00:00\" \/>\n<meta property=\"article:modified_time\" content=\"2026-03-27T10:30:24+00:00\" \/>\n<meta property=\"og:image\" content=\"https:\/\/www.fcbarcelonanoticias.com\/en\/wp-content\/uploads\/sites\/2\/2025\/12\/lamine-yamal-v-alaves-laliga-25-26.webp\" \/>\n\t<meta property=\"og:image:width\" content=\"1200\" \/>\n\t<meta property=\"og:image:height\" content=\"675\" \/>\n\t<meta property=\"og:image:type\" content=\"image\/webp\" \/>\n<meta name=\"author\" content=\"Andr\u00e9s Quiroz\" \/>\n<meta name=\"twitter:card\" content=\"summary_large_image\" \/>\n<meta name=\"twitter:label1\" content=\"Written by\" \/>\n\t<meta name=\"twitter:data1\" content=\"Andr\u00e9s Quiroz\" \/>\n\t<meta name=\"twitter:label2\" content=\"Est. reading time\" \/>\n\t<meta name=\"twitter:data2\" content=\"5 minutes\" \/>\n<script type=\"application\/ld+json\" class=\"yoast-schema-graph\">{\"@context\":\"https:\\\/\\\/schema.org\",\"@graph\":[{\"@type\":\"Article\",\"@id\":\"https:\\\/\\\/www.fcbarcelonanoticias.com\\\/en\\\/fc-barcelona\\\/lamine-yamal-confesses-spain-the-world-cup-leo-messi_315395_102.html#article\",\"isPartOf\":{\"@id\":\"https:\\\/\\\/www.fcbarcelonanoticias.com\\\/en\\\/fc-barcelona\\\/lamine-yamal-confesses-spain-the-world-cup-leo-messi_315395_102.html\"},\"author\":{\"name\":\"Andr\u00e9s Quiroz\",\"@id\":\"https:\\\/\\\/www.fcbarcelonanoticias.com\\\/en\\\/#\\\/schema\\\/person\\\/c2cd9f6fa1af5c0d0eccd0fefa575c88\"},\"headline\":\"Lamine Yamal confesses: his playing style, comparisons with Messi, and more\",\"datePublished\":\"2025-12-01T23:27:00+00:00\",\"dateModified\":\"2026-03-27T10:30:24+00:00\",\"mainEntityOfPage\":{\"@id\":\"https:\\\/\\\/www.fcbarcelonanoticias.com\\\/en\\\/fc-barcelona\\\/lamine-yamal-confesses-spain-the-world-cup-leo-messi_315395_102.html\"},\"wordCount\":931,\"image\":{\"@id\":\"https:\\\/\\\/www.fcbarcelonanoticias.com\\\/en\\\/fc-barcelona\\\/lamine-yamal-confesses-spain-the-world-cup-leo-messi_315395_102.html#primaryimage\"},\"thumbnailUrl\":\"https:\\\/\\\/www.fcbarcelonanoticias.com\\\/en\\\/wp-content\\\/uploads\\\/sites\\\/2\\\/2025\\\/12\\\/lamine-yamal-v-alaves-laliga-25-26.webp\",\"keywords\":[\"Lamine Yamal\",\"Lamine Yamal\"],\"articleSection\":[\"FC Barcelona\"],\"inLanguage\":\"en-US\"},{\"@type\":\"WebPage\",\"@id\":\"https:\\\/\\\/www.fcbarcelonanoticias.com\\\/en\\\/fc-barcelona\\\/lamine-yamal-confesses-spain-the-world-cup-leo-messi_315395_102.html\",\"url\":\"https:\\\/\\\/www.fcbarcelonanoticias.com\\\/en\\\/fc-barcelona\\\/lamine-yamal-confesses-spain-the-world-cup-leo-messi_315395_102.html\",\"name\":\"Lamine Yamal confesses: Spain, the World Cup, Leo Messi...\",\"isPartOf\":{\"@id\":\"https:\\\/\\\/www.fcbarcelonanoticias.com\\\/en\\\/#website\"},\"primaryImageOfPage\":{\"@id\":\"https:\\\/\\\/www.fcbarcelonanoticias.com\\\/en\\\/fc-barcelona\\\/lamine-yamal-confesses-spain-the-world-cup-leo-messi_315395_102.html#primaryimage\"},\"image\":{\"@id\":\"https:\\\/\\\/www.fcbarcelonanoticias.com\\\/en\\\/fc-barcelona\\\/lamine-yamal-confesses-spain-the-world-cup-leo-messi_315395_102.html#primaryimage\"},\"thumbnailUrl\":\"https:\\\/\\\/www.fcbarcelonanoticias.com\\\/en\\\/wp-content\\\/uploads\\\/sites\\\/2\\\/2025\\\/12\\\/lamine-yamal-v-alaves-laliga-25-26.webp\",\"datePublished\":\"2025-12-01T23:27:00+00:00\",\"dateModified\":\"2026-03-27T10:30:24+00:00\",\"author\":{\"@id\":\"https:\\\/\\\/www.fcbarcelonanoticias.com\\\/en\\\/#\\\/schema\\\/person\\\/c2cd9f6fa1af5c0d0eccd0fefa575c88\"},\"description\":\"Lamine Yamal gave an interview to the program '60 Minutes' on 'CBS News' where he revealed how he manages stardom\",\"breadcrumb\":{\"@id\":\"https:\\\/\\\/www.fcbarcelonanoticias.com\\\/en\\\/fc-barcelona\\\/lamine-yamal-confesses-spain-the-world-cup-leo-messi_315395_102.html#breadcrumb\"},\"inLanguage\":\"en-US\",\"potentialAction\":[{\"@type\":\"ReadAction\",\"target\":[\"https:\\\/\\\/www.fcbarcelonanoticias.com\\\/en\\\/fc-barcelona\\\/lamine-yamal-confesses-spain-the-world-cup-leo-messi_315395_102.html\"]}]},{\"@type\":\"ImageObject\",\"inLanguage\":\"en-US\",\"@id\":\"https:\\\/\\\/www.fcbarcelonanoticias.com\\\/en\\\/fc-barcelona\\\/lamine-yamal-confesses-spain-the-world-cup-leo-messi_315395_102.html#primaryimage\",\"url\":\"https:\\\/\\\/www.fcbarcelonanoticias.com\\\/en\\\/wp-content\\\/uploads\\\/sites\\\/2\\\/2025\\\/12\\\/lamine-yamal-v-alaves-laliga-25-26.webp\",\"contentUrl\":\"https:\\\/\\\/www.fcbarcelonanoticias.com\\\/en\\\/wp-content\\\/uploads\\\/sites\\\/2\\\/2025\\\/12\\\/lamine-yamal-v-alaves-laliga-25-26.webp\",\"width\":1200,\"height\":675},{\"@type\":\"BreadcrumbList\",\"@id\":\"https:\\\/\\\/www.fcbarcelonanoticias.com\\\/en\\\/fc-barcelona\\\/lamine-yamal-confesses-spain-the-world-cup-leo-messi_315395_102.html#breadcrumb\",\"itemListElement\":[{\"@type\":\"ListItem\",\"position\":1,\"name\":\"Portada\",\"item\":\"https:\\\/\\\/www.fcbarcelonanoticias.com\\\/en\\\/\"},{\"@type\":\"ListItem\",\"position\":2,\"name\":\"Lamine Yamal confesses: his playing style, comparisons with Messi, and more\"}]},{\"@type\":\"WebSite\",\"@id\":\"https:\\\/\\\/www.fcbarcelonanoticias.com\\\/en\\\/#website\",\"url\":\"https:\\\/\\\/www.fcbarcelonanoticias.com\\\/en\\\/\",\"name\":\"EN - FC Barcelona Noticias\",\"description\":\"\",\"potentialAction\":[{\"@type\":\"SearchAction\",\"target\":{\"@type\":\"EntryPoint\",\"urlTemplate\":\"https:\\\/\\\/www.fcbarcelonanoticias.com\\\/en\\\/?s={search_term_string}\"},\"query-input\":{\"@type\":\"PropertyValueSpecification\",\"valueRequired\":true,\"valueName\":\"search_term_string\"}}],\"inLanguage\":\"en-US\"},{\"@type\":\"Person\",\"@id\":\"https:\\\/\\\/www.fcbarcelonanoticias.com\\\/en\\\/#\\\/schema\\\/person\\\/c2cd9f6fa1af5c0d0eccd0fefa575c88\",\"name\":\"Andr\u00e9s Quiroz\",\"image\":{\"@type\":\"ImageObject\",\"inLanguage\":\"en-US\",\"@id\":\"https:\\\/\\\/secure.gravatar.com\\\/avatar\\\/?s=96&d=mm&r=g\",\"url\":\"https:\\\/\\\/secure.gravatar.com\\\/avatar\\\/?s=96&d=mm&r=g\",\"contentUrl\":\"https:\\\/\\\/secure.gravatar.com\\\/avatar\\\/?s=96&d=mm&r=g\",\"caption\":\"Andr\u00e9s Quiroz\"},\"description\":\"Licenciado en Periodismo por la Universidad de los Andes. Me encargo de analizar y compartir los contenidos m\u00e1s destacados de la\u00a0actualidad del F\u00fatbol Club Barcelona, Mercado de Fichajes y F\u00fatbol Internacional en FCBN. La informaci\u00f3n es poder, pero tambi\u00e9n conocimiento.\",\"url\":\"https:\\\/\\\/www.fcbarcelonanoticias.com\\\/en\\\/fc-barcelona\\\/andres-quiroz_17_115.html\"}]}<\/script>\n<!-- \/ Yoast SEO plugin. -->","yoast_head_json":{"title":"Lamine Yamal confesses: Spain, the World Cup, Leo Messi...","description":"Lamine Yamal gave an interview to the program '60 Minutes' on 'CBS News' where he revealed how he manages stardom","robots":{"index":"index","follow":"follow","max-snippet":"max-snippet:-1","max-image-preview":"max-image-preview:large","max-video-preview":"max-video-preview:-1"},"canonical":"https:\/\/www.fcbarcelonanoticias.com\/en\/fc-barcelona\/lamine-yamal-confesses-spain-the-world-cup-leo-messi_315395_102.html","og_locale":"en_US","og_type":"article","og_title":"Lamine Yamal confesses: Spain, the World Cup, Leo Messi...","og_description":"Lamine Yamal gave an interview to the program '60 Minutes' on 'CBS News' where he revealed how he manages stardom","og_url":"https:\/\/www.fcbarcelonanoticias.com\/en\/fc-barcelona\/lamine-yamal-confesses-spain-the-world-cup-leo-messi_315395_102.html","og_site_name":"EN - FC Barcelona Noticias","article_published_time":"2025-12-01T23:27:00+00:00","article_modified_time":"2026-03-27T10:30:24+00:00","og_image":[{"width":1200,"height":675,"url":"https:\/\/www.fcbarcelonanoticias.com\/en\/wp-content\/uploads\/sites\/2\/2025\/12\/lamine-yamal-v-alaves-laliga-25-26.webp","type":"image\/webp"}],"author":"Andr\u00e9s Quiroz","twitter_card":"summary_large_image","twitter_misc":{"Written by":"Andr\u00e9s Quiroz","Est. reading time":"5 minutes"},"schema":{"@context":"https:\/\/schema.org","@graph":[{"@type":"Article","@id":"https:\/\/www.fcbarcelonanoticias.com\/en\/fc-barcelona\/lamine-yamal-confesses-spain-the-world-cup-leo-messi_315395_102.html#article","isPartOf":{"@id":"https:\/\/www.fcbarcelonanoticias.com\/en\/fc-barcelona\/lamine-yamal-confesses-spain-the-world-cup-leo-messi_315395_102.html"},"author":{"name":"Andr\u00e9s Quiroz","@id":"https:\/\/www.fcbarcelonanoticias.com\/en\/#\/schema\/person\/c2cd9f6fa1af5c0d0eccd0fefa575c88"},"headline":"Lamine Yamal confesses: his playing style, comparisons with Messi, and more","datePublished":"2025-12-01T23:27:00+00:00","dateModified":"2026-03-27T10:30:24+00:00","mainEntityOfPage":{"@id":"https:\/\/www.fcbarcelonanoticias.com\/en\/fc-barcelona\/lamine-yamal-confesses-spain-the-world-cup-leo-messi_315395_102.html"},"wordCount":931,"image":{"@id":"https:\/\/www.fcbarcelonanoticias.com\/en\/fc-barcelona\/lamine-yamal-confesses-spain-the-world-cup-leo-messi_315395_102.html#primaryimage"},"thumbnailUrl":"https:\/\/www.fcbarcelonanoticias.com\/en\/wp-content\/uploads\/sites\/2\/2025\/12\/lamine-yamal-v-alaves-laliga-25-26.webp","keywords":["Lamine Yamal","Lamine Yamal"],"articleSection":["FC Barcelona"],"inLanguage":"en-US"},{"@type":"WebPage","@id":"https:\/\/www.fcbarcelonanoticias.com\/en\/fc-barcelona\/lamine-yamal-confesses-spain-the-world-cup-leo-messi_315395_102.html","url":"https:\/\/www.fcbarcelonanoticias.com\/en\/fc-barcelona\/lamine-yamal-confesses-spain-the-world-cup-leo-messi_315395_102.html","name":"Lamine Yamal confesses: Spain, the World Cup, Leo Messi...","isPartOf":{"@id":"https:\/\/www.fcbarcelonanoticias.com\/en\/#website"},"primaryImageOfPage":{"@id":"https:\/\/www.fcbarcelonanoticias.com\/en\/fc-barcelona\/lamine-yamal-confesses-spain-the-world-cup-leo-messi_315395_102.html#primaryimage"},"image":{"@id":"https:\/\/www.fcbarcelonanoticias.com\/en\/fc-barcelona\/lamine-yamal-confesses-spain-the-world-cup-leo-messi_315395_102.html#primaryimage"},"thumbnailUrl":"https:\/\/www.fcbarcelonanoticias.com\/en\/wp-content\/uploads\/sites\/2\/2025\/12\/lamine-yamal-v-alaves-laliga-25-26.webp","datePublished":"2025-12-01T23:27:00+00:00","dateModified":"2026-03-27T10:30:24+00:00","author":{"@id":"https:\/\/www.fcbarcelonanoticias.com\/en\/#\/schema\/person\/c2cd9f6fa1af5c0d0eccd0fefa575c88"},"description":"Lamine Yamal gave an interview to the program '60 Minutes' on 'CBS News' where he revealed how he manages stardom","breadcrumb":{"@id":"https:\/\/www.fcbarcelonanoticias.com\/en\/fc-barcelona\/lamine-yamal-confesses-spain-the-world-cup-leo-messi_315395_102.html#breadcrumb"},"inLanguage":"en-US","potentialAction":[{"@type":"ReadAction","target":["https:\/\/www.fcbarcelonanoticias.com\/en\/fc-barcelona\/lamine-yamal-confesses-spain-the-world-cup-leo-messi_315395_102.html"]}]},{"@type":"ImageObject","inLanguage":"en-US","@id":"https:\/\/www.fcbarcelonanoticias.com\/en\/fc-barcelona\/lamine-yamal-confesses-spain-the-world-cup-leo-messi_315395_102.html#primaryimage","url":"https:\/\/www.fcbarcelonanoticias.com\/en\/wp-content\/uploads\/sites\/2\/2025\/12\/lamine-yamal-v-alaves-laliga-25-26.webp","contentUrl":"https:\/\/www.fcbarcelonanoticias.com\/en\/wp-content\/uploads\/sites\/2\/2025\/12\/lamine-yamal-v-alaves-laliga-25-26.webp","width":1200,"height":675},{"@type":"BreadcrumbList","@id":"https:\/\/www.fcbarcelonanoticias.com\/en\/fc-barcelona\/lamine-yamal-confesses-spain-the-world-cup-leo-messi_315395_102.html#breadcrumb","itemListElement":[{"@type":"ListItem","position":1,"name":"Portada","item":"https:\/\/www.fcbarcelonanoticias.com\/en\/"},{"@type":"ListItem","position":2,"name":"Lamine Yamal confesses: his playing style, comparisons with Messi, and more"}]},{"@type":"WebSite","@id":"https:\/\/www.fcbarcelonanoticias.com\/en\/#website","url":"https:\/\/www.fcbarcelonanoticias.com\/en\/","name":"EN - FC Barcelona Noticias","description":"","potentialAction":[{"@type":"SearchAction","target":{"@type":"EntryPoint","urlTemplate":"https:\/\/www.fcbarcelonanoticias.com\/en\/?s={search_term_string}"},"query-input":{"@type":"PropertyValueSpecification","valueRequired":true,"valueName":"search_term_string"}}],"inLanguage":"en-US"},{"@type":"Person","@id":"https:\/\/www.fcbarcelonanoticias.com\/en\/#\/schema\/person\/c2cd9f6fa1af5c0d0eccd0fefa575c88","name":"Andr\u00e9s Quiroz","image":{"@type":"ImageObject","inLanguage":"en-US","@id":"https:\/\/secure.gravatar.com\/avatar\/?s=96&d=mm&r=g","url":"https:\/\/secure.gravatar.com\/avatar\/?s=96&d=mm&r=g","contentUrl":"https:\/\/secure.gravatar.com\/avatar\/?s=96&d=mm&r=g","caption":"Andr\u00e9s Quiroz"},"description":"Licenciado en Periodismo por la Universidad de los Andes. Me encargo de analizar y compartir los contenidos m\u00e1s destacados de la\u00a0actualidad del F\u00fatbol Club Barcelona, Mercado de Fichajes y F\u00fatbol Internacional en FCBN. La informaci\u00f3n es poder, pero tambi\u00e9n conocimiento.","url":"https:\/\/www.fcbarcelonanoticias.com\/en\/fc-barcelona\/andres-quiroz_17_115.html"}]}},"_links":{"self":[{"href":"https:\/\/www.fcbarcelonanoticias.com\/en\/wp-json\/wp\/v2\/posts\/20511","targetHints":{"allow":["GET"]}}],"collection":[{"href":"https:\/\/www.fcbarcelonanoticias.com\/en\/wp-json\/wp\/v2\/posts"}],"about":[{"href":"https:\/\/www.fcbarcelonanoticias.com\/en\/wp-json\/wp\/v2\/types\/post"}],"author":[{"embeddable":true,"href":"https:\/\/www.fcbarcelonanoticias.com\/en\/wp-json\/wp\/v2\/users\/347"}],"replies":[{"embeddable":true,"href":"https:\/\/www.fcbarcelonanoticias.com\/en\/wp-json\/wp\/v2\/comments?post=20511"}],"version-history":[{"count":5,"href":"https:\/\/www.fcbarcelonanoticias.com\/en\/wp-json\/wp\/v2\/posts\/20511\/revisions"}],"predecessor-version":[{"id":158437,"href":"https:\/\/www.fcbarcelonanoticias.com\/en\/wp-json\/wp\/v2\/posts\/20511\/revisions\/158437"}],"wp:featuredmedia":[{"embeddable":true,"href":"https:\/\/www.fcbarcelonanoticias.com\/en\/wp-json\/wp\/v2\/media\/20515"}],"wp:attachment":[{"href":"https:\/\/www.fcbarcelonanoticias.com\/en\/wp-json\/wp\/v2\/media?parent=20511"}],"wp:term":[{"taxonomy":"category","embeddable":true,"href":"https:\/\/www.fcbarcelonanoticias.com\/en\/wp-json\/wp\/v2\/categories?post=20511"},{"taxonomy":"post_tag","embeddable":true,"href":"https:\/\/www.fcbarcelonanoticias.com\/en\/wp-json\/wp\/v2\/tags?post=20511"}],"curies":[{"name":"wp","href":"https:\/\/api.w.org\/{rel}","templated":true}]}}