{"id":20634,"date":"2024-06-08T18:02:00","date_gmt":"2024-06-08T16:02:00","guid":{"rendered":"https:\/\/weisetech.dev\/fc-barcelona-noticias\/en\/if-you-are-not-prepared-gundogan-remembers-the-controversy-with-ronald-araujo_304291_102\/"},"modified":"2024-09-12T10:15:00","modified_gmt":"2024-09-12T08:15:00","slug":"if-you-are-not-prepared-gundogan-remembers-the-controversy-with-ronald-araujo_304291_102","status":"publish","type":"post","link":"https:\/\/www.fcbarcelonanoticias.com\/en\/fc-barcelona\/if-you-are-not-prepared-gundogan-remembers-the-controversy-with-ronald-araujo_304291_102.html","title":{"rendered":"&#8220;If you are not ready&#8230;&#8221;: G\u00fcndogan recalls the controversy with Ronald Ara\u00fajo"},"content":{"rendered":"<h2 class=\"wp-block-heading\">From Germany&#8217;s Euro 2019 training camp, \u00cdlkay G\u00fcndogan has spoken about the &#8216;clash&#8217; he had with Ara\u00fajo over his statements about the Uruguayan&#8217;s mistake in the Champions League tie against Paris Saint-Germain<\/h2>  \r\n<div class=\"article-addons\">\r\n    <a href=\"https:\/\/www.fcbarcelonanoticias.com\/en\/calendar-fc-barcelona.html\"\r\n       target=\"_self\"\r\n       title=\"Calendar of FC Barcelona\"\r\n       class=\"blue-gredient-btn\">\r\n       \r\n        Calendar of FC Barcelona    <\/a>\r\n<\/div>   <p><strong>The month of April was one of the hardest for the FC Barcelona during the season 2023\/2024.<\/strong> After a feeling of relief between February and March, the team &#8216;fell&#8217; of the fight by the Champions League and lost his last opportunity of &#8216;contest him&#8217; the title of LaLiga to the Real Madrid. It was the month of the disappointments&#8230; And one in which, also, the changing room broke .<\/p>  <p>One of the most taut moments was the one of the eliminatory of quarter-finals against Paris Saint-Germain. The Bar\u00e7a had a goal of advantage, after winning 2-3 in Paris, and did not take in advancing in Montju\u00efc. Everything seemed that it went to break , finally, the &#8216;maleficio&#8217; of the Barcelona in Europe, but an eror of Ronald Ara\u00fajo, that &#8216;autoexpuls\u00f3&#8217; to the half hour of party, changed the history. In this moment, G\u00fcndogan was very critical and highlighted that &#8220;in these so crucial moments have to be sure if you go to by the balloon<strong>. I do not know if it touches the balloon or no&#8230; I prefer to concede a goal or even allow a one against one. I do not know if it arrived to the balloon or no, but give him to the goalkeeper the opportunity to stop it, or even give them the goal&#8221;.<\/strong><\/p>  <h2>G\u00fcndogan Goes back to speak on the controversy with Ara\u00fajo<\/h2>  <p>The true is that it was a subject that remained there, without much more scope. Ara\u00fajo Retorted that it did not go to speak in this regard because had some &#8220;values&#8221; and the changing room finish joining to finish the season in the best possible conditions (between what could ), but in the last hours G\u00fcndogan, <strong>from the concentration of Germany for the Eurocopa of this summer, has spoken in this regard in no uncertain terms.<\/strong><\/p>  <p>The ex of the Manchester City, in a message generalised for all the staff, indicated that if it is not in the capacity to admit failures and errors, neither can triumph. It stood out, in concrete, that<strong> &#8220;spoke of us like team, no only of Ronald. You will see it if you review my statements to the complete. I also commit errors and admit them. If you are not prepared to admit errors, can not succeed&#8221;.<\/strong><\/p>  <h2>The &#8216;responsibility&#8217; of the trainer<\/h2>  <p>Another key point of the statements of the midfield player Teutonic has been his opinion on the degree of responsibility that have the trainers for the well and bad of his teams: &#8220;Between a 70 and 80%. The trainers create the complete model that follows his team<strong>. A trainer really well can do that a team project and do that a player was bigger of what already is<\/strong>. In the Bayer Leverkusen, Xabi Alonso converted to Grimaldo in a player of first level. Anybody fixed in him before this season&#8221;, sentenced.<\/p> ","protected":false},"excerpt":{"rendered":"<p>From Germany&#8217;s Euro 2019 training camp, \u00cdlkay G\u00fcndogan has spoken about the &#8216;clash&#8217; he had with Ara\u00fajo over his statements about the Uruguayan&#8217;s mistake in the Champions League tie against Paris Saint-Germain The month of April was one of the hardest for the FC Barcelona during the season 2023\/2024. After a feeling of relief between [&hellip;]<\/p>\n","protected":false},"author":0,"featured_media":20641,"comment_status":"closed","ping_status":"open","sticky":false,"template":"","format":"standard","meta":{"_acf_changed":false,"inline_featured_image":false,"_nextfly_llmd_date_locked":false,"footnotes":""},"categories":[111],"tags":[170],"class_list":["post-20634","post","type-post","status-publish","format-standard","has-post-thumbnail","hentry","category-fc-barcelona","tag-ilkay-gundogan"],"acf":[],"yoast_head":"<!-- This site is optimized with the Yoast SEO plugin v27.3 - https:\/\/yoast.com\/product\/yoast-seo-wordpress\/ -->\n<title>&quot;If you are not prepared...&quot;: G\u00fcndogan Remembers the controversy with Ronald Ara\u00fajo<\/title>\n<meta name=\"description\" content=\"From the concentration of Germany for the Eurocopa, \u00cdlkay G\u00fcndogan has spoken on the &#039;brush&#039; that had with Ara\u00fajo by his statements on the error of the charr\u00faa in the eliminatory of Champions League against Paris Saint-Germain\" \/>\n<meta name=\"robots\" content=\"index, follow, max-snippet:-1, max-image-preview:large, max-video-preview:-1\" \/>\n<link rel=\"canonical\" href=\"https:\/\/www.fcbarcelonanoticias.com\/en\/fc-barcelona\/if-you-are-not-prepared-gundogan-remembers-the-controversy-with-ronald-araujo_304291_102.html\" \/>\n<meta property=\"og:locale\" content=\"en_US\" \/>\n<meta property=\"og:type\" content=\"article\" \/>\n<meta property=\"og:title\" content=\"&quot;If you are not prepared...&quot;: G\u00fcndogan Remembers the controversy with Ronald Ara\u00fajo\" \/>\n<meta property=\"og:description\" content=\"From the concentration of Germany for the Eurocopa, \u00cdlkay G\u00fcndogan has spoken on the &#039;brush&#039; that had with Ara\u00fajo by his statements on the error of the charr\u00faa in the eliminatory of Champions League against Paris Saint-Germain\" \/>\n<meta property=\"og:url\" content=\"https:\/\/www.fcbarcelonanoticias.com\/en\/fc-barcelona\/if-you-are-not-prepared-gundogan-remembers-the-controversy-with-ronald-araujo_304291_102.html\" \/>\n<meta property=\"og:site_name\" content=\"EN - FC Barcelona Noticias\" \/>\n<meta property=\"article:published_time\" content=\"2024-06-08T16:02:00+00:00\" \/>\n<meta property=\"article:modified_time\" content=\"2024-09-12T08:15:00+00:00\" \/>\n<meta property=\"og:image\" content=\"https:\/\/www.fcbarcelonanoticias.com\/en\/wp-content\/uploads\/sites\/2\/2024\/06\/guendogan-con-la-seleccion-de-alemania.jpeg\" \/>\n\t<meta property=\"og:image:width\" content=\"1200\" \/>\n\t<meta property=\"og:image:height\" content=\"675\" \/>\n\t<meta property=\"og:image:type\" content=\"image\/jpeg\" \/>\n<meta name=\"twitter:card\" content=\"summary_large_image\" \/>\n<meta name=\"twitter:label1\" content=\"Est. reading time\" \/>\n\t<meta name=\"twitter:data1\" content=\"3 minutes\" \/>\n<script type=\"application\/ld+json\" class=\"yoast-schema-graph\">{\"@context\":\"https:\\\/\\\/schema.org\",\"@graph\":[{\"@type\":\"Article\",\"@id\":\"https:\\\/\\\/www.fcbarcelonanoticias.com\\\/en\\\/fc-barcelona\\\/if-you-are-not-prepared-gundogan-remembers-the-controversy-with-ronald-araujo_304291_102.html#article\",\"isPartOf\":{\"@id\":\"https:\\\/\\\/www.fcbarcelonanoticias.com\\\/en\\\/fc-barcelona\\\/if-you-are-not-prepared-gundogan-remembers-the-controversy-with-ronald-araujo_304291_102.html\"},\"author\":{\"name\":\"\",\"@id\":\"\"},\"headline\":\"&#8220;If you are not ready&#8230;&#8221;: G\u00fcndogan recalls the controversy with Ronald Ara\u00fajo\",\"datePublished\":\"2024-06-08T16:02:00+00:00\",\"dateModified\":\"2024-09-12T08:15:00+00:00\",\"mainEntityOfPage\":{\"@id\":\"https:\\\/\\\/www.fcbarcelonanoticias.com\\\/en\\\/fc-barcelona\\\/if-you-are-not-prepared-gundogan-remembers-the-controversy-with-ronald-araujo_304291_102.html\"},\"wordCount\":527,\"image\":{\"@id\":\"https:\\\/\\\/www.fcbarcelonanoticias.com\\\/en\\\/fc-barcelona\\\/if-you-are-not-prepared-gundogan-remembers-the-controversy-with-ronald-araujo_304291_102.html#primaryimage\"},\"thumbnailUrl\":\"https:\\\/\\\/www.fcbarcelonanoticias.com\\\/en\\\/wp-content\\\/uploads\\\/sites\\\/2\\\/2024\\\/06\\\/guendogan-con-la-seleccion-de-alemania.jpeg\",\"keywords\":[\"Ilkay G\u00fcndogan\"],\"articleSection\":[\"FC Barcelona\"],\"inLanguage\":\"en-US\"},{\"@type\":\"WebPage\",\"@id\":\"https:\\\/\\\/www.fcbarcelonanoticias.com\\\/en\\\/fc-barcelona\\\/if-you-are-not-prepared-gundogan-remembers-the-controversy-with-ronald-araujo_304291_102.html\",\"url\":\"https:\\\/\\\/www.fcbarcelonanoticias.com\\\/en\\\/fc-barcelona\\\/if-you-are-not-prepared-gundogan-remembers-the-controversy-with-ronald-araujo_304291_102.html\",\"name\":\"\\\"If you are not prepared...\\\": G\u00fcndogan Remembers the controversy with Ronald Ara\u00fajo\",\"isPartOf\":{\"@id\":\"https:\\\/\\\/www.fcbarcelonanoticias.com\\\/en\\\/#website\"},\"primaryImageOfPage\":{\"@id\":\"https:\\\/\\\/www.fcbarcelonanoticias.com\\\/en\\\/fc-barcelona\\\/if-you-are-not-prepared-gundogan-remembers-the-controversy-with-ronald-araujo_304291_102.html#primaryimage\"},\"image\":{\"@id\":\"https:\\\/\\\/www.fcbarcelonanoticias.com\\\/en\\\/fc-barcelona\\\/if-you-are-not-prepared-gundogan-remembers-the-controversy-with-ronald-araujo_304291_102.html#primaryimage\"},\"thumbnailUrl\":\"https:\\\/\\\/www.fcbarcelonanoticias.com\\\/en\\\/wp-content\\\/uploads\\\/sites\\\/2\\\/2024\\\/06\\\/guendogan-con-la-seleccion-de-alemania.jpeg\",\"datePublished\":\"2024-06-08T16:02:00+00:00\",\"dateModified\":\"2024-09-12T08:15:00+00:00\",\"author\":{\"@id\":\"\"},\"description\":\"From the concentration of Germany for the Eurocopa, \u00cdlkay G\u00fcndogan has spoken on the 'brush' that had with Ara\u00fajo by his statements on the error of the charr\u00faa in the eliminatory of Champions League against Paris Saint-Germain\",\"breadcrumb\":{\"@id\":\"https:\\\/\\\/www.fcbarcelonanoticias.com\\\/en\\\/fc-barcelona\\\/if-you-are-not-prepared-gundogan-remembers-the-controversy-with-ronald-araujo_304291_102.html#breadcrumb\"},\"inLanguage\":\"en-US\",\"potentialAction\":[{\"@type\":\"ReadAction\",\"target\":[\"https:\\\/\\\/www.fcbarcelonanoticias.com\\\/en\\\/fc-barcelona\\\/if-you-are-not-prepared-gundogan-remembers-the-controversy-with-ronald-araujo_304291_102.html\"]}]},{\"@type\":\"ImageObject\",\"inLanguage\":\"en-US\",\"@id\":\"https:\\\/\\\/www.fcbarcelonanoticias.com\\\/en\\\/fc-barcelona\\\/if-you-are-not-prepared-gundogan-remembers-the-controversy-with-ronald-araujo_304291_102.html#primaryimage\",\"url\":\"https:\\\/\\\/www.fcbarcelonanoticias.com\\\/en\\\/wp-content\\\/uploads\\\/sites\\\/2\\\/2024\\\/06\\\/guendogan-con-la-seleccion-de-alemania.jpeg\",\"contentUrl\":\"https:\\\/\\\/www.fcbarcelonanoticias.com\\\/en\\\/wp-content\\\/uploads\\\/sites\\\/2\\\/2024\\\/06\\\/guendogan-con-la-seleccion-de-alemania.jpeg\",\"width\":1200,\"height\":675},{\"@type\":\"BreadcrumbList\",\"@id\":\"https:\\\/\\\/www.fcbarcelonanoticias.com\\\/en\\\/fc-barcelona\\\/if-you-are-not-prepared-gundogan-remembers-the-controversy-with-ronald-araujo_304291_102.html#breadcrumb\",\"itemListElement\":[{\"@type\":\"ListItem\",\"position\":1,\"name\":\"Portada\",\"item\":\"https:\\\/\\\/www.fcbarcelonanoticias.com\\\/en\\\/\"},{\"@type\":\"ListItem\",\"position\":2,\"name\":\"&#8220;If you are not ready&#8230;&#8221;: G\u00fcndogan recalls the controversy with Ronald Ara\u00fajo\"}]},{\"@type\":\"WebSite\",\"@id\":\"https:\\\/\\\/www.fcbarcelonanoticias.com\\\/en\\\/#website\",\"url\":\"https:\\\/\\\/www.fcbarcelonanoticias.com\\\/en\\\/\",\"name\":\"EN - FC Barcelona Noticias\",\"description\":\"\",\"potentialAction\":[{\"@type\":\"SearchAction\",\"target\":{\"@type\":\"EntryPoint\",\"urlTemplate\":\"https:\\\/\\\/www.fcbarcelonanoticias.com\\\/en\\\/?s={search_term_string}\"},\"query-input\":{\"@type\":\"PropertyValueSpecification\",\"valueRequired\":true,\"valueName\":\"search_term_string\"}}],\"inLanguage\":\"en-US\"}]}<\/script>\n<!-- \/ Yoast SEO plugin. -->","yoast_head_json":{"title":"\"If you are not prepared...\": G\u00fcndogan Remembers the controversy with Ronald Ara\u00fajo","description":"From the concentration of Germany for the Eurocopa, \u00cdlkay G\u00fcndogan has spoken on the 'brush' that had with Ara\u00fajo by his statements on the error of the charr\u00faa in the eliminatory of Champions League against Paris Saint-Germain","robots":{"index":"index","follow":"follow","max-snippet":"max-snippet:-1","max-image-preview":"max-image-preview:large","max-video-preview":"max-video-preview:-1"},"canonical":"https:\/\/www.fcbarcelonanoticias.com\/en\/fc-barcelona\/if-you-are-not-prepared-gundogan-remembers-the-controversy-with-ronald-araujo_304291_102.html","og_locale":"en_US","og_type":"article","og_title":"\"If you are not prepared...\": G\u00fcndogan Remembers the controversy with Ronald Ara\u00fajo","og_description":"From the concentration of Germany for the Eurocopa, \u00cdlkay G\u00fcndogan has spoken on the 'brush' that had with Ara\u00fajo by his statements on the error of the charr\u00faa in the eliminatory of Champions League against Paris Saint-Germain","og_url":"https:\/\/www.fcbarcelonanoticias.com\/en\/fc-barcelona\/if-you-are-not-prepared-gundogan-remembers-the-controversy-with-ronald-araujo_304291_102.html","og_site_name":"EN - FC Barcelona Noticias","article_published_time":"2024-06-08T16:02:00+00:00","article_modified_time":"2024-09-12T08:15:00+00:00","og_image":[{"width":1200,"height":675,"url":"https:\/\/www.fcbarcelonanoticias.com\/en\/wp-content\/uploads\/sites\/2\/2024\/06\/guendogan-con-la-seleccion-de-alemania.jpeg","type":"image\/jpeg"}],"twitter_card":"summary_large_image","twitter_misc":{"Est. reading time":"3 minutes"},"schema":{"@context":"https:\/\/schema.org","@graph":[{"@type":"Article","@id":"https:\/\/www.fcbarcelonanoticias.com\/en\/fc-barcelona\/if-you-are-not-prepared-gundogan-remembers-the-controversy-with-ronald-araujo_304291_102.html#article","isPartOf":{"@id":"https:\/\/www.fcbarcelonanoticias.com\/en\/fc-barcelona\/if-you-are-not-prepared-gundogan-remembers-the-controversy-with-ronald-araujo_304291_102.html"},"author":{"name":"","@id":""},"headline":"&#8220;If you are not ready&#8230;&#8221;: G\u00fcndogan recalls the controversy with Ronald Ara\u00fajo","datePublished":"2024-06-08T16:02:00+00:00","dateModified":"2024-09-12T08:15:00+00:00","mainEntityOfPage":{"@id":"https:\/\/www.fcbarcelonanoticias.com\/en\/fc-barcelona\/if-you-are-not-prepared-gundogan-remembers-the-controversy-with-ronald-araujo_304291_102.html"},"wordCount":527,"image":{"@id":"https:\/\/www.fcbarcelonanoticias.com\/en\/fc-barcelona\/if-you-are-not-prepared-gundogan-remembers-the-controversy-with-ronald-araujo_304291_102.html#primaryimage"},"thumbnailUrl":"https:\/\/www.fcbarcelonanoticias.com\/en\/wp-content\/uploads\/sites\/2\/2024\/06\/guendogan-con-la-seleccion-de-alemania.jpeg","keywords":["Ilkay G\u00fcndogan"],"articleSection":["FC Barcelona"],"inLanguage":"en-US"},{"@type":"WebPage","@id":"https:\/\/www.fcbarcelonanoticias.com\/en\/fc-barcelona\/if-you-are-not-prepared-gundogan-remembers-the-controversy-with-ronald-araujo_304291_102.html","url":"https:\/\/www.fcbarcelonanoticias.com\/en\/fc-barcelona\/if-you-are-not-prepared-gundogan-remembers-the-controversy-with-ronald-araujo_304291_102.html","name":"\"If you are not prepared...\": G\u00fcndogan Remembers the controversy with Ronald Ara\u00fajo","isPartOf":{"@id":"https:\/\/www.fcbarcelonanoticias.com\/en\/#website"},"primaryImageOfPage":{"@id":"https:\/\/www.fcbarcelonanoticias.com\/en\/fc-barcelona\/if-you-are-not-prepared-gundogan-remembers-the-controversy-with-ronald-araujo_304291_102.html#primaryimage"},"image":{"@id":"https:\/\/www.fcbarcelonanoticias.com\/en\/fc-barcelona\/if-you-are-not-prepared-gundogan-remembers-the-controversy-with-ronald-araujo_304291_102.html#primaryimage"},"thumbnailUrl":"https:\/\/www.fcbarcelonanoticias.com\/en\/wp-content\/uploads\/sites\/2\/2024\/06\/guendogan-con-la-seleccion-de-alemania.jpeg","datePublished":"2024-06-08T16:02:00+00:00","dateModified":"2024-09-12T08:15:00+00:00","author":{"@id":""},"description":"From the concentration of Germany for the Eurocopa, \u00cdlkay G\u00fcndogan has spoken on the 'brush' that had with Ara\u00fajo by his statements on the error of the charr\u00faa in the eliminatory of Champions League against Paris Saint-Germain","breadcrumb":{"@id":"https:\/\/www.fcbarcelonanoticias.com\/en\/fc-barcelona\/if-you-are-not-prepared-gundogan-remembers-the-controversy-with-ronald-araujo_304291_102.html#breadcrumb"},"inLanguage":"en-US","potentialAction":[{"@type":"ReadAction","target":["https:\/\/www.fcbarcelonanoticias.com\/en\/fc-barcelona\/if-you-are-not-prepared-gundogan-remembers-the-controversy-with-ronald-araujo_304291_102.html"]}]},{"@type":"ImageObject","inLanguage":"en-US","@id":"https:\/\/www.fcbarcelonanoticias.com\/en\/fc-barcelona\/if-you-are-not-prepared-gundogan-remembers-the-controversy-with-ronald-araujo_304291_102.html#primaryimage","url":"https:\/\/www.fcbarcelonanoticias.com\/en\/wp-content\/uploads\/sites\/2\/2024\/06\/guendogan-con-la-seleccion-de-alemania.jpeg","contentUrl":"https:\/\/www.fcbarcelonanoticias.com\/en\/wp-content\/uploads\/sites\/2\/2024\/06\/guendogan-con-la-seleccion-de-alemania.jpeg","width":1200,"height":675},{"@type":"BreadcrumbList","@id":"https:\/\/www.fcbarcelonanoticias.com\/en\/fc-barcelona\/if-you-are-not-prepared-gundogan-remembers-the-controversy-with-ronald-araujo_304291_102.html#breadcrumb","itemListElement":[{"@type":"ListItem","position":1,"name":"Portada","item":"https:\/\/www.fcbarcelonanoticias.com\/en\/"},{"@type":"ListItem","position":2,"name":"&#8220;If you are not ready&#8230;&#8221;: G\u00fcndogan recalls the controversy with Ronald Ara\u00fajo"}]},{"@type":"WebSite","@id":"https:\/\/www.fcbarcelonanoticias.com\/en\/#website","url":"https:\/\/www.fcbarcelonanoticias.com\/en\/","name":"EN - FC Barcelona Noticias","description":"","potentialAction":[{"@type":"SearchAction","target":{"@type":"EntryPoint","urlTemplate":"https:\/\/www.fcbarcelonanoticias.com\/en\/?s={search_term_string}"},"query-input":{"@type":"PropertyValueSpecification","valueRequired":true,"valueName":"search_term_string"}}],"inLanguage":"en-US"}]}},"_links":{"self":[{"href":"https:\/\/www.fcbarcelonanoticias.com\/en\/wp-json\/wp\/v2\/posts\/20634","targetHints":{"allow":["GET"]}}],"collection":[{"href":"https:\/\/www.fcbarcelonanoticias.com\/en\/wp-json\/wp\/v2\/posts"}],"about":[{"href":"https:\/\/www.fcbarcelonanoticias.com\/en\/wp-json\/wp\/v2\/types\/post"}],"replies":[{"embeddable":true,"href":"https:\/\/www.fcbarcelonanoticias.com\/en\/wp-json\/wp\/v2\/comments?post=20634"}],"version-history":[{"count":1,"href":"https:\/\/www.fcbarcelonanoticias.com\/en\/wp-json\/wp\/v2\/posts\/20634\/revisions"}],"predecessor-version":[{"id":104689,"href":"https:\/\/www.fcbarcelonanoticias.com\/en\/wp-json\/wp\/v2\/posts\/20634\/revisions\/104689"}],"wp:featuredmedia":[{"embeddable":true,"href":"https:\/\/www.fcbarcelonanoticias.com\/en\/wp-json\/wp\/v2\/media\/20641"}],"wp:attachment":[{"href":"https:\/\/www.fcbarcelonanoticias.com\/en\/wp-json\/wp\/v2\/media?parent=20634"}],"wp:term":[{"taxonomy":"category","embeddable":true,"href":"https:\/\/www.fcbarcelonanoticias.com\/en\/wp-json\/wp\/v2\/categories?post=20634"},{"taxonomy":"post_tag","embeddable":true,"href":"https:\/\/www.fcbarcelonanoticias.com\/en\/wp-json\/wp\/v2\/tags?post=20634"}],"curies":[{"name":"wp","href":"https:\/\/api.w.org\/{rel}","templated":true}]}}