{"id":20737,"date":"2024-11-13T01:28:00","date_gmt":"2024-11-13T00:28:00","guid":{"rendered":"https:\/\/weisetech.dev\/fc-barcelona-noticias\/en\/frenkie-jong-breaks-the-silence-on-his-physical-condition-and-reassures-barca_308578_102\/"},"modified":"2024-11-13T01:28:00","modified_gmt":"2024-11-13T00:28:00","slug":"frenkie-jong-breaks-the-silence-on-his-physical-condition-and-reassures-barca_308578_102","status":"publish","type":"post","link":"https:\/\/www.fcbarcelonanoticias.com\/en\/fc-barcelona\/frenkie-jong-breaks-the-silence-on-his-physical-condition-and-reassures-barca_308578_102.html","title":{"rendered":"Frenkie de Jong &#8216;breaks the silence&#8217; on his physical condition and reassures Bar\u00e7a"},"content":{"rendered":"<h2 class=\"wp-block-heading\">From the Netherlands, Frenkie de Jong sent a reassuring message to Barcelona fans about his physical condition<\/h2>  \r\n<div class=\"article-addons\">\r\n    <a href=\"https:\/\/www.fcbarcelonanoticias.com\/en\/calendar-fc-barcelona.html\"\r\n       target=\"_self\"\r\n       title=\"Calendar of FC Barcelona\"\r\n       class=\"blue-gredient-btn\">\r\n       \r\n        Calendar of FC Barcelona    <\/a>\r\n<\/div>   <p><a data-external=\"0\" data-intl-links-en=\"https:\/\/www.fcbarcelonanoticias.com\/en\/laliga\/disappointing-the-big-target-of-the-defeat-against-real-sociedad_308537_102.html\" data-intl-links-es=\"https:\/\/www.fcbarcelonanoticias.com\/laliga\/decepcionante-gran-senalado-en-derrota-contra-real-sociedad_308537_102.html\" href=\"https:\/\/www.fcbarcelonanoticias.com\/en\/laliga\/disappointing-the-big-target-of-the-defeat-against-real-sociedad_308537_102.html\" rel=\"follow\" target=\"_self\" title=\"Disappointing: The big target of the defeat against Real Sociedad\">Frenkie de Jong set off alarm bells at FC Barcelona last Sunday<\/a>. The Dutchman suffered a setback in the 25th minute of the match against <strong>Real Sociedad<\/strong>, when he was knocked down in the fight for the ball and felt some initial discomfort in his leg. The &#8217;21&#8217; remained on the pitch, but in the final stretch of the first half he suffered another injury, this time in his ankle, and was substituted at half-time.<\/p>  <p>The player himself feared a &#8216;relapse&#8217; of the injury that kept him off the pitch for more than five months, but after undergoing medical tests, any physical problem was ruled out. Now, the midfielder is with the <strong>Netherlands <\/strong>national team, with whom he will play the next few days of the <strong>Nations League<\/strong>, and has sent a reassuring message to Barcelona fans about his physical condition.<\/p>  <h3>Frenkie de Jong&#8217;s words<\/h3>  <p>In statements to the media of the &#8216;Oranje&#8217;, the Blaugrana footballer expressed his joy at returning to the Dutch team after more than a year of absence, and when asked about his injury he said that &#8220;<strong>I&#8217;m fine, I have some pain but I think everything will be fine<\/strong>.&#8221;<\/p>  <p>Finally, De Jong recalled how his recovery process was from the ankle injury that prevented him from playing in the last Euro Cup. &#8220;It was difficult, it was a very painful injury. I missed many games and the most important thing was the Euro Cup, of course.<strong> I started playing again. I&#8217;m growing back to 100% where I should be in terms of form and physical condition<\/strong>, so at the moment I feel good,&#8221; he concluded.<\/p> ","protected":false},"excerpt":{"rendered":"<p>From the Netherlands, Frenkie de Jong sent a reassuring message to Barcelona fans about his physical condition Frenkie de Jong set off alarm bells at FC Barcelona last Sunday. The Dutchman suffered a setback in the 25th minute of the match against Real Sociedad, when he was knocked down in the fight for the ball [&hellip;]<\/p>\n","protected":false},"author":358,"featured_media":11160,"comment_status":"closed","ping_status":"open","sticky":false,"template":"","format":"standard","meta":{"_acf_changed":false,"inline_featured_image":false,"_nextfly_llmd_date_locked":false,"footnotes":""},"categories":[111],"tags":[],"class_list":["post-20737","post","type-post","status-publish","format-standard","has-post-thumbnail","hentry","category-fc-barcelona"],"acf":[],"yoast_head":"<!-- This site is optimized with the Yoast SEO plugin v27.3 - https:\/\/yoast.com\/product\/yoast-seo-wordpress\/ -->\n<title>Frenkie de Jong &#039;breaks the silence&#039; on his physical condition and reassures Bar\u00e7a<\/title>\n<meta name=\"description\" content=\"From the Netherlands, Frenkie de Jong sent a reassuring message to Barcelona fans about his physical condition\" \/>\n<meta name=\"robots\" content=\"index, follow, max-snippet:-1, max-image-preview:large, max-video-preview:-1\" \/>\n<link rel=\"canonical\" href=\"https:\/\/www.fcbarcelonanoticias.com\/en\/fc-barcelona\/frenkie-jong-breaks-the-silence-on-his-physical-condition-and-reassures-barca_308578_102.html\" \/>\n<meta property=\"og:locale\" content=\"en_US\" \/>\n<meta property=\"og:type\" content=\"article\" \/>\n<meta property=\"og:title\" content=\"Frenkie de Jong &#039;breaks the silence&#039; on his physical condition and reassures Bar\u00e7a\" \/>\n<meta property=\"og:description\" content=\"From the Netherlands, Frenkie de Jong sent a reassuring message to Barcelona fans about his physical condition\" \/>\n<meta property=\"og:url\" content=\"https:\/\/www.fcbarcelonanoticias.com\/en\/fc-barcelona\/frenkie-jong-breaks-the-silence-on-his-physical-condition-and-reassures-barca_308578_102.html\" \/>\n<meta property=\"og:site_name\" content=\"EN - FC Barcelona Noticias\" \/>\n<meta property=\"article:published_time\" content=\"2024-11-13T00:28:00+00:00\" \/>\n<meta property=\"og:image\" content=\"https:\/\/www.fcbarcelonanoticias.com\/en\/wp-content\/uploads\/sites\/2\/2024\/06\/frenkie-de-jong-fc-barcelona.jpeg\" \/>\n\t<meta property=\"og:image:width\" content=\"1300\" \/>\n\t<meta property=\"og:image:height\" content=\"732\" \/>\n\t<meta property=\"og:image:type\" content=\"image\/jpeg\" \/>\n<meta name=\"author\" content=\"Juan Pablo Berdugo\" \/>\n<meta name=\"twitter:card\" content=\"summary_large_image\" \/>\n<meta name=\"twitter:label1\" content=\"Written by\" \/>\n\t<meta name=\"twitter:data1\" content=\"Juan Pablo Berdugo\" \/>\n\t<meta name=\"twitter:label2\" content=\"Est. reading time\" \/>\n\t<meta name=\"twitter:data2\" content=\"1 minute\" \/>\n<script type=\"application\/ld+json\" class=\"yoast-schema-graph\">{\"@context\":\"https:\\\/\\\/schema.org\",\"@graph\":[{\"@type\":\"Article\",\"@id\":\"https:\\\/\\\/www.fcbarcelonanoticias.com\\\/en\\\/fc-barcelona\\\/frenkie-jong-breaks-the-silence-on-his-physical-condition-and-reassures-barca_308578_102.html#article\",\"isPartOf\":{\"@id\":\"https:\\\/\\\/www.fcbarcelonanoticias.com\\\/en\\\/fc-barcelona\\\/frenkie-jong-breaks-the-silence-on-his-physical-condition-and-reassures-barca_308578_102.html\"},\"author\":{\"name\":\"Juan Pablo Berdugo\",\"@id\":\"https:\\\/\\\/www.fcbarcelonanoticias.com\\\/en\\\/#\\\/schema\\\/person\\\/88d756918a0a1ae9fa593b5edddd1815\"},\"headline\":\"Frenkie de Jong &#8216;breaks the silence&#8217; on his physical condition and reassures Bar\u00e7a\",\"datePublished\":\"2024-11-13T00:28:00+00:00\",\"mainEntityOfPage\":{\"@id\":\"https:\\\/\\\/www.fcbarcelonanoticias.com\\\/en\\\/fc-barcelona\\\/frenkie-jong-breaks-the-silence-on-his-physical-condition-and-reassures-barca_308578_102.html\"},\"wordCount\":302,\"image\":{\"@id\":\"https:\\\/\\\/www.fcbarcelonanoticias.com\\\/en\\\/fc-barcelona\\\/frenkie-jong-breaks-the-silence-on-his-physical-condition-and-reassures-barca_308578_102.html#primaryimage\"},\"thumbnailUrl\":\"https:\\\/\\\/www.fcbarcelonanoticias.com\\\/en\\\/wp-content\\\/uploads\\\/sites\\\/2\\\/2024\\\/06\\\/frenkie-de-jong-fc-barcelona.jpeg\",\"articleSection\":[\"FC Barcelona\"],\"inLanguage\":\"en-US\"},{\"@type\":\"WebPage\",\"@id\":\"https:\\\/\\\/www.fcbarcelonanoticias.com\\\/en\\\/fc-barcelona\\\/frenkie-jong-breaks-the-silence-on-his-physical-condition-and-reassures-barca_308578_102.html\",\"url\":\"https:\\\/\\\/www.fcbarcelonanoticias.com\\\/en\\\/fc-barcelona\\\/frenkie-jong-breaks-the-silence-on-his-physical-condition-and-reassures-barca_308578_102.html\",\"name\":\"Frenkie de Jong 'breaks the silence' on his physical condition and reassures Bar\u00e7a\",\"isPartOf\":{\"@id\":\"https:\\\/\\\/www.fcbarcelonanoticias.com\\\/en\\\/#website\"},\"primaryImageOfPage\":{\"@id\":\"https:\\\/\\\/www.fcbarcelonanoticias.com\\\/en\\\/fc-barcelona\\\/frenkie-jong-breaks-the-silence-on-his-physical-condition-and-reassures-barca_308578_102.html#primaryimage\"},\"image\":{\"@id\":\"https:\\\/\\\/www.fcbarcelonanoticias.com\\\/en\\\/fc-barcelona\\\/frenkie-jong-breaks-the-silence-on-his-physical-condition-and-reassures-barca_308578_102.html#primaryimage\"},\"thumbnailUrl\":\"https:\\\/\\\/www.fcbarcelonanoticias.com\\\/en\\\/wp-content\\\/uploads\\\/sites\\\/2\\\/2024\\\/06\\\/frenkie-de-jong-fc-barcelona.jpeg\",\"datePublished\":\"2024-11-13T00:28:00+00:00\",\"author\":{\"@id\":\"https:\\\/\\\/www.fcbarcelonanoticias.com\\\/en\\\/#\\\/schema\\\/person\\\/88d756918a0a1ae9fa593b5edddd1815\"},\"description\":\"From the Netherlands, Frenkie de Jong sent a reassuring message to Barcelona fans about his physical condition\",\"breadcrumb\":{\"@id\":\"https:\\\/\\\/www.fcbarcelonanoticias.com\\\/en\\\/fc-barcelona\\\/frenkie-jong-breaks-the-silence-on-his-physical-condition-and-reassures-barca_308578_102.html#breadcrumb\"},\"inLanguage\":\"en-US\",\"potentialAction\":[{\"@type\":\"ReadAction\",\"target\":[\"https:\\\/\\\/www.fcbarcelonanoticias.com\\\/en\\\/fc-barcelona\\\/frenkie-jong-breaks-the-silence-on-his-physical-condition-and-reassures-barca_308578_102.html\"]}]},{\"@type\":\"ImageObject\",\"inLanguage\":\"en-US\",\"@id\":\"https:\\\/\\\/www.fcbarcelonanoticias.com\\\/en\\\/fc-barcelona\\\/frenkie-jong-breaks-the-silence-on-his-physical-condition-and-reassures-barca_308578_102.html#primaryimage\",\"url\":\"https:\\\/\\\/www.fcbarcelonanoticias.com\\\/en\\\/wp-content\\\/uploads\\\/sites\\\/2\\\/2024\\\/06\\\/frenkie-de-jong-fc-barcelona.jpeg\",\"contentUrl\":\"https:\\\/\\\/www.fcbarcelonanoticias.com\\\/en\\\/wp-content\\\/uploads\\\/sites\\\/2\\\/2024\\\/06\\\/frenkie-de-jong-fc-barcelona.jpeg\",\"width\":1300,\"height\":732},{\"@type\":\"BreadcrumbList\",\"@id\":\"https:\\\/\\\/www.fcbarcelonanoticias.com\\\/en\\\/fc-barcelona\\\/frenkie-jong-breaks-the-silence-on-his-physical-condition-and-reassures-barca_308578_102.html#breadcrumb\",\"itemListElement\":[{\"@type\":\"ListItem\",\"position\":1,\"name\":\"Portada\",\"item\":\"https:\\\/\\\/www.fcbarcelonanoticias.com\\\/en\\\/\"},{\"@type\":\"ListItem\",\"position\":2,\"name\":\"Frenkie de Jong &#8216;breaks the silence&#8217; on his physical condition and reassures Bar\u00e7a\"}]},{\"@type\":\"WebSite\",\"@id\":\"https:\\\/\\\/www.fcbarcelonanoticias.com\\\/en\\\/#website\",\"url\":\"https:\\\/\\\/www.fcbarcelonanoticias.com\\\/en\\\/\",\"name\":\"EN - FC Barcelona Noticias\",\"description\":\"\",\"potentialAction\":[{\"@type\":\"SearchAction\",\"target\":{\"@type\":\"EntryPoint\",\"urlTemplate\":\"https:\\\/\\\/www.fcbarcelonanoticias.com\\\/en\\\/?s={search_term_string}\"},\"query-input\":{\"@type\":\"PropertyValueSpecification\",\"valueRequired\":true,\"valueName\":\"search_term_string\"}}],\"inLanguage\":\"en-US\"},{\"@type\":\"Person\",\"@id\":\"https:\\\/\\\/www.fcbarcelonanoticias.com\\\/en\\\/#\\\/schema\\\/person\\\/88d756918a0a1ae9fa593b5edddd1815\",\"name\":\"Juan Pablo Berdugo\",\"image\":{\"@type\":\"ImageObject\",\"inLanguage\":\"en-US\",\"@id\":\"https:\\\/\\\/secure.gravatar.com\\\/avatar\\\/?s=96&d=mm&r=g\",\"url\":\"https:\\\/\\\/secure.gravatar.com\\\/avatar\\\/?s=96&d=mm&r=g\",\"contentUrl\":\"https:\\\/\\\/secure.gravatar.com\\\/avatar\\\/?s=96&d=mm&r=g\",\"caption\":\"Juan Pablo Berdugo\"},\"description\":\"Juan Pablo Berdugo es graduado en Periodismo. Colabora con FCBN como especialista en informaci\u00f3n del primer equipo del FC Barcelona, f\u00fatbol internacional y mercado de fichajes. Destaca por su enfoque anal\u00edtico, su rigor informativo y su capacidad para detectar tendencias emergentes en el f\u00fatbol global.\",\"url\":\"https:\\\/\\\/www.fcbarcelonanoticias.com\\\/en\\\/fc-barcelona\\\/juan-pablo-berdugo_18_115.html\"}]}<\/script>\n<!-- \/ Yoast SEO plugin. -->","yoast_head_json":{"title":"Frenkie de Jong 'breaks the silence' on his physical condition and reassures Bar\u00e7a","description":"From the Netherlands, Frenkie de Jong sent a reassuring message to Barcelona fans about his physical condition","robots":{"index":"index","follow":"follow","max-snippet":"max-snippet:-1","max-image-preview":"max-image-preview:large","max-video-preview":"max-video-preview:-1"},"canonical":"https:\/\/www.fcbarcelonanoticias.com\/en\/fc-barcelona\/frenkie-jong-breaks-the-silence-on-his-physical-condition-and-reassures-barca_308578_102.html","og_locale":"en_US","og_type":"article","og_title":"Frenkie de Jong 'breaks the silence' on his physical condition and reassures Bar\u00e7a","og_description":"From the Netherlands, Frenkie de Jong sent a reassuring message to Barcelona fans about his physical condition","og_url":"https:\/\/www.fcbarcelonanoticias.com\/en\/fc-barcelona\/frenkie-jong-breaks-the-silence-on-his-physical-condition-and-reassures-barca_308578_102.html","og_site_name":"EN - FC Barcelona Noticias","article_published_time":"2024-11-13T00:28:00+00:00","og_image":[{"width":1300,"height":732,"url":"https:\/\/www.fcbarcelonanoticias.com\/en\/wp-content\/uploads\/sites\/2\/2024\/06\/frenkie-de-jong-fc-barcelona.jpeg","type":"image\/jpeg"}],"author":"Juan Pablo Berdugo","twitter_card":"summary_large_image","twitter_misc":{"Written by":"Juan Pablo Berdugo","Est. reading time":"1 minute"},"schema":{"@context":"https:\/\/schema.org","@graph":[{"@type":"Article","@id":"https:\/\/www.fcbarcelonanoticias.com\/en\/fc-barcelona\/frenkie-jong-breaks-the-silence-on-his-physical-condition-and-reassures-barca_308578_102.html#article","isPartOf":{"@id":"https:\/\/www.fcbarcelonanoticias.com\/en\/fc-barcelona\/frenkie-jong-breaks-the-silence-on-his-physical-condition-and-reassures-barca_308578_102.html"},"author":{"name":"Juan Pablo Berdugo","@id":"https:\/\/www.fcbarcelonanoticias.com\/en\/#\/schema\/person\/88d756918a0a1ae9fa593b5edddd1815"},"headline":"Frenkie de Jong &#8216;breaks the silence&#8217; on his physical condition and reassures Bar\u00e7a","datePublished":"2024-11-13T00:28:00+00:00","mainEntityOfPage":{"@id":"https:\/\/www.fcbarcelonanoticias.com\/en\/fc-barcelona\/frenkie-jong-breaks-the-silence-on-his-physical-condition-and-reassures-barca_308578_102.html"},"wordCount":302,"image":{"@id":"https:\/\/www.fcbarcelonanoticias.com\/en\/fc-barcelona\/frenkie-jong-breaks-the-silence-on-his-physical-condition-and-reassures-barca_308578_102.html#primaryimage"},"thumbnailUrl":"https:\/\/www.fcbarcelonanoticias.com\/en\/wp-content\/uploads\/sites\/2\/2024\/06\/frenkie-de-jong-fc-barcelona.jpeg","articleSection":["FC Barcelona"],"inLanguage":"en-US"},{"@type":"WebPage","@id":"https:\/\/www.fcbarcelonanoticias.com\/en\/fc-barcelona\/frenkie-jong-breaks-the-silence-on-his-physical-condition-and-reassures-barca_308578_102.html","url":"https:\/\/www.fcbarcelonanoticias.com\/en\/fc-barcelona\/frenkie-jong-breaks-the-silence-on-his-physical-condition-and-reassures-barca_308578_102.html","name":"Frenkie de Jong 'breaks the silence' on his physical condition and reassures Bar\u00e7a","isPartOf":{"@id":"https:\/\/www.fcbarcelonanoticias.com\/en\/#website"},"primaryImageOfPage":{"@id":"https:\/\/www.fcbarcelonanoticias.com\/en\/fc-barcelona\/frenkie-jong-breaks-the-silence-on-his-physical-condition-and-reassures-barca_308578_102.html#primaryimage"},"image":{"@id":"https:\/\/www.fcbarcelonanoticias.com\/en\/fc-barcelona\/frenkie-jong-breaks-the-silence-on-his-physical-condition-and-reassures-barca_308578_102.html#primaryimage"},"thumbnailUrl":"https:\/\/www.fcbarcelonanoticias.com\/en\/wp-content\/uploads\/sites\/2\/2024\/06\/frenkie-de-jong-fc-barcelona.jpeg","datePublished":"2024-11-13T00:28:00+00:00","author":{"@id":"https:\/\/www.fcbarcelonanoticias.com\/en\/#\/schema\/person\/88d756918a0a1ae9fa593b5edddd1815"},"description":"From the Netherlands, Frenkie de Jong sent a reassuring message to Barcelona fans about his physical condition","breadcrumb":{"@id":"https:\/\/www.fcbarcelonanoticias.com\/en\/fc-barcelona\/frenkie-jong-breaks-the-silence-on-his-physical-condition-and-reassures-barca_308578_102.html#breadcrumb"},"inLanguage":"en-US","potentialAction":[{"@type":"ReadAction","target":["https:\/\/www.fcbarcelonanoticias.com\/en\/fc-barcelona\/frenkie-jong-breaks-the-silence-on-his-physical-condition-and-reassures-barca_308578_102.html"]}]},{"@type":"ImageObject","inLanguage":"en-US","@id":"https:\/\/www.fcbarcelonanoticias.com\/en\/fc-barcelona\/frenkie-jong-breaks-the-silence-on-his-physical-condition-and-reassures-barca_308578_102.html#primaryimage","url":"https:\/\/www.fcbarcelonanoticias.com\/en\/wp-content\/uploads\/sites\/2\/2024\/06\/frenkie-de-jong-fc-barcelona.jpeg","contentUrl":"https:\/\/www.fcbarcelonanoticias.com\/en\/wp-content\/uploads\/sites\/2\/2024\/06\/frenkie-de-jong-fc-barcelona.jpeg","width":1300,"height":732},{"@type":"BreadcrumbList","@id":"https:\/\/www.fcbarcelonanoticias.com\/en\/fc-barcelona\/frenkie-jong-breaks-the-silence-on-his-physical-condition-and-reassures-barca_308578_102.html#breadcrumb","itemListElement":[{"@type":"ListItem","position":1,"name":"Portada","item":"https:\/\/www.fcbarcelonanoticias.com\/en\/"},{"@type":"ListItem","position":2,"name":"Frenkie de Jong &#8216;breaks the silence&#8217; on his physical condition and reassures Bar\u00e7a"}]},{"@type":"WebSite","@id":"https:\/\/www.fcbarcelonanoticias.com\/en\/#website","url":"https:\/\/www.fcbarcelonanoticias.com\/en\/","name":"EN - FC Barcelona Noticias","description":"","potentialAction":[{"@type":"SearchAction","target":{"@type":"EntryPoint","urlTemplate":"https:\/\/www.fcbarcelonanoticias.com\/en\/?s={search_term_string}"},"query-input":{"@type":"PropertyValueSpecification","valueRequired":true,"valueName":"search_term_string"}}],"inLanguage":"en-US"},{"@type":"Person","@id":"https:\/\/www.fcbarcelonanoticias.com\/en\/#\/schema\/person\/88d756918a0a1ae9fa593b5edddd1815","name":"Juan Pablo Berdugo","image":{"@type":"ImageObject","inLanguage":"en-US","@id":"https:\/\/secure.gravatar.com\/avatar\/?s=96&d=mm&r=g","url":"https:\/\/secure.gravatar.com\/avatar\/?s=96&d=mm&r=g","contentUrl":"https:\/\/secure.gravatar.com\/avatar\/?s=96&d=mm&r=g","caption":"Juan Pablo Berdugo"},"description":"Juan Pablo Berdugo es graduado en Periodismo. Colabora con FCBN como especialista en informaci\u00f3n del primer equipo del FC Barcelona, f\u00fatbol internacional y mercado de fichajes. Destaca por su enfoque anal\u00edtico, su rigor informativo y su capacidad para detectar tendencias emergentes en el f\u00fatbol global.","url":"https:\/\/www.fcbarcelonanoticias.com\/en\/fc-barcelona\/juan-pablo-berdugo_18_115.html"}]}},"_links":{"self":[{"href":"https:\/\/www.fcbarcelonanoticias.com\/en\/wp-json\/wp\/v2\/posts\/20737","targetHints":{"allow":["GET"]}}],"collection":[{"href":"https:\/\/www.fcbarcelonanoticias.com\/en\/wp-json\/wp\/v2\/posts"}],"about":[{"href":"https:\/\/www.fcbarcelonanoticias.com\/en\/wp-json\/wp\/v2\/types\/post"}],"author":[{"embeddable":true,"href":"https:\/\/www.fcbarcelonanoticias.com\/en\/wp-json\/wp\/v2\/users\/358"}],"replies":[{"embeddable":true,"href":"https:\/\/www.fcbarcelonanoticias.com\/en\/wp-json\/wp\/v2\/comments?post=20737"}],"version-history":[{"count":1,"href":"https:\/\/www.fcbarcelonanoticias.com\/en\/wp-json\/wp\/v2\/posts\/20737\/revisions"}],"predecessor-version":[{"id":105847,"href":"https:\/\/www.fcbarcelonanoticias.com\/en\/wp-json\/wp\/v2\/posts\/20737\/revisions\/105847"}],"wp:featuredmedia":[{"embeddable":true,"href":"https:\/\/www.fcbarcelonanoticias.com\/en\/wp-json\/wp\/v2\/media\/11160"}],"wp:attachment":[{"href":"https:\/\/www.fcbarcelonanoticias.com\/en\/wp-json\/wp\/v2\/media?parent=20737"}],"wp:term":[{"taxonomy":"category","embeddable":true,"href":"https:\/\/www.fcbarcelonanoticias.com\/en\/wp-json\/wp\/v2\/categories?post=20737"},{"taxonomy":"post_tag","embeddable":true,"href":"https:\/\/www.fcbarcelonanoticias.com\/en\/wp-json\/wp\/v2\/tags?post=20737"}],"curies":[{"name":"wp","href":"https:\/\/api.w.org\/{rel}","templated":true}]}}