{"id":21155,"date":"2025-01-30T18:02:00","date_gmt":"2025-01-30T17:02:00","guid":{"rendered":"https:\/\/weisetech.dev\/fc-barcelona-noticias\/en\/inigo-martinez-and-dani-olmo-updates-on-their-recoveries_310498_102\/"},"modified":"2025-01-30T18:10:00","modified_gmt":"2025-01-30T17:10:00","slug":"inigo-martinez-and-dani-olmo-updates-on-their-recoveries_310498_102","status":"publish","type":"post","link":"https:\/\/www.fcbarcelonanoticias.com\/en\/fc-barcelona\/inigo-martinez-and-dani-olmo-updates-on-their-recoveries_310498_102.html","title":{"rendered":"I\u00f1igo Mart\u00ednez and Dani Olmo: updates on their recoveries"},"content":{"rendered":"<h2 class=\"wp-block-heading\">FC Barcelona had a mixed bag in Thursday&#8217;s training regarding their injured players. I\u00f1igo Mart\u00ednez returned to the group, but Dani Olmo remains sidelined<\/h2>  \r\n<div class=\"article-addons\">\r\n    <a href=\"https:\/\/www.fcbarcelonanoticias.com\/en\/calendar-fc-barcelona.html\"\r\n       target=\"_self\"\r\n       title=\"Calendar of FC Barcelona\"\r\n       class=\"blue-gredient-btn\">\r\n       \r\n        Calendar of FC Barcelona    <\/a>\r\n<\/div>   <p>I\u00f1igo Mart\u00ednez brought good news to the FC Barcelona coaching staff during Thursday&#8217;s morning training. <a data-external=\"0\" data-intl-links-en=\"https:\/\/www.fcbarcelonanoticias.com\/en\/fc-barcelona\/inigo-martinez-knocked-out-for-4-weeks_310073_102.html\" data-intl-links-es=\"https:\/\/www.fcbarcelonanoticias.com\/fc-barcelona\/inigo-martinez-ko-por-4-semanas_310073_102.html\" href=\"https:\/\/www.fcbarcelonanoticias.com\/en\/fc-barcelona\/inigo-martinez-knocked-out-for-4-weeks_310073_102.html\" rel=\"follow\" target=\"_self\" title=\"Medical report: I\u00f1igo Mart\u00ednez, out for 4 weeks\">The center-back, out due to a tear in the biceps femoris of his right thigh<\/a> suffered on January 12 against Real Madrid, returned to work with the rest of the squad and could receive medical clearance for Sunday\u2019s match against Alav\u00e9s in Montju\u00efc (14:00 CEST). Initially, the Basque player was expected to be out for three to four weeks, but he has progressed satisfactorily from his muscle injury.<\/p>  <p>Although it is unlikely that Hansi Flick will take a risk with the &#8216;5&#8217; against Alav\u00e9s, all signs point to his return being imminent, as he trained normally in Thursday&#8217;s session. In that sense, <strong>the Ondarroa native hopes to be available on Thursday against Valencia<\/strong>. In contrast, Dani Olmo continues to be sidelined and, along with Andreas Christensen, is expected to remain in the infirmary for several more days.<\/p>  <h3>Dani Olmo, ruled out for Bar\u00e7a-Alav\u00e9s<\/h3>  <p>And indeed, <strong>the player from Terrassa is still dealing with discomfort in the soleus of his right leg and his return remains uncertain<\/strong>. What is certain is that the attacking midfielder will not be included in the squad for the match against Alav\u00e9s. However, there is still hope to have him available next Thursday for the visit to Mestalla, for the quarter-finals of the Copa del Rey (21:30 CEST).<\/p>  <p><strong>Dani has not played since January 18 against Getafe (1-1)<\/strong>, a match where he came on with 28 minutes left. Previously, he had played the full 90 minutes in the Cup against Betis (5-1) and another half hour in the Supercopa de Espa\u00f1a final, a match where I\u00f1igo got injured. For Hansi Flick, recovering both players will be a great help in managing the minutes within the squad.<\/p>  <p>In the case of the midfielder, it is crucial that he can return to playing regularly, as <a ask=\"\" be=\"\" data-external=\"0\" data-intl-links-en=\"https:\/\/www.fcbarcelonanoticias.com\/en\/fc-barcelona\/tebas-again-load-against-barca-for-the-dani-olmo-case-we-ask-not-to-be-registered_310453_102.html\" data-intl-links-es=\"https:\/\/www.fcbarcelonanoticias.com\/fc-barcelona\/tebas-vuelve-cargar-contra-barca-por-caso-dani-olmo-pedimos-no-sea-inscrito_310453_102.html\" he=\"\" href=\"https:\/\/www.fcbarcelonanoticias.com\/en\/fc-barcelona\/tebas-again-load-against-barca-for-the-dani-olmo-case-we-ask-not-to-be-registered_310453_102.html\" not=\"\" registered=\"\" rel=\"follow\" target=\"_self\" that=\"\" title=\"Tebas strikes again against Bar\u00e7a over the 'Dani Olmo case': \" we=\"\">in January he was out for two weeks due to issues with his registration<\/a>. So far, Olmo has accumulated 962 minutes of action spread over 18 appearances, with 6 goals and 3 assists. Mart\u00ednez, on the other hand, was one of Flick&#8217;s &#8216;untouchables&#8217; until his injury in the Cl\u00e1sico in Arabia, with 2,316 minutes in 27 matches where he contributed a couple of goals and assists.<\/p> ","protected":false},"excerpt":{"rendered":"<p>FC Barcelona had a mixed bag in Thursday&#8217;s training regarding their injured players. I\u00f1igo Mart\u00ednez returned to the group, but Dani Olmo remains sidelined I\u00f1igo Mart\u00ednez brought good news to the FC Barcelona coaching staff during Thursday&#8217;s morning training. The center-back, out due to a tear in the biceps femoris of his right thigh suffered [&hellip;]<\/p>\n","protected":false},"author":347,"featured_media":21158,"comment_status":"closed","ping_status":"open","sticky":false,"template":"","format":"standard","meta":{"_acf_changed":false,"inline_featured_image":false,"_nextfly_llmd_date_locked":false,"footnotes":""},"categories":[111],"tags":[],"class_list":["post-21155","post","type-post","status-publish","format-standard","has-post-thumbnail","hentry","category-fc-barcelona"],"acf":[],"yoast_head":"<!-- This site is optimized with the Yoast SEO plugin v27.3 - https:\/\/yoast.com\/product\/yoast-seo-wordpress\/ -->\n<title>I\u00f1igo Mart\u00ednez and Dani Olmo: updates on their recoveries<\/title>\n<meta name=\"description\" content=\"FC Barcelona had a mixed bag in Thursday&#039;s training regarding their injured players. I\u00f1igo Mart\u00ednez returned to the group, but Dani Olmo remains sidelined\" \/>\n<meta name=\"robots\" content=\"index, follow, max-snippet:-1, max-image-preview:large, max-video-preview:-1\" \/>\n<link rel=\"canonical\" href=\"https:\/\/www.fcbarcelonanoticias.com\/en\/fc-barcelona\/inigo-martinez-and-dani-olmo-updates-on-their-recoveries_310498_102.html\" \/>\n<meta property=\"og:locale\" content=\"en_US\" \/>\n<meta property=\"og:type\" content=\"article\" \/>\n<meta property=\"og:title\" content=\"I\u00f1igo Mart\u00ednez and Dani Olmo: updates on their recoveries\" \/>\n<meta property=\"og:description\" content=\"FC Barcelona had a mixed bag in Thursday&#039;s training regarding their injured players. I\u00f1igo Mart\u00ednez returned to the group, but Dani Olmo remains sidelined\" \/>\n<meta property=\"og:url\" content=\"https:\/\/www.fcbarcelonanoticias.com\/en\/fc-barcelona\/inigo-martinez-and-dani-olmo-updates-on-their-recoveries_310498_102.html\" \/>\n<meta property=\"og:site_name\" content=\"EN - FC Barcelona Noticias\" \/>\n<meta property=\"article:published_time\" content=\"2025-01-30T17:02:00+00:00\" \/>\n<meta property=\"article:modified_time\" content=\"2025-01-30T17:10:00+00:00\" \/>\n<meta property=\"og:image\" content=\"https:\/\/www.fcbarcelonanoticias.com\/en\/wp-content\/uploads\/sites\/2\/2025\/01\/inigo-martinez-dani-olmo-fc-barcelona.jpeg\" \/>\n\t<meta property=\"og:image:width\" content=\"1200\" \/>\n\t<meta property=\"og:image:height\" content=\"675\" \/>\n\t<meta property=\"og:image:type\" content=\"image\/jpeg\" \/>\n<meta name=\"author\" content=\"Andr\u00e9s Quiroz\" \/>\n<meta name=\"twitter:card\" content=\"summary_large_image\" \/>\n<meta name=\"twitter:label1\" content=\"Written by\" \/>\n\t<meta name=\"twitter:data1\" content=\"Andr\u00e9s Quiroz\" \/>\n\t<meta name=\"twitter:label2\" content=\"Est. reading time\" \/>\n\t<meta name=\"twitter:data2\" content=\"2 minutes\" \/>\n<script type=\"application\/ld+json\" class=\"yoast-schema-graph\">{\"@context\":\"https:\\\/\\\/schema.org\",\"@graph\":[{\"@type\":\"Article\",\"@id\":\"https:\\\/\\\/www.fcbarcelonanoticias.com\\\/en\\\/fc-barcelona\\\/inigo-martinez-and-dani-olmo-updates-on-their-recoveries_310498_102.html#article\",\"isPartOf\":{\"@id\":\"https:\\\/\\\/www.fcbarcelonanoticias.com\\\/en\\\/fc-barcelona\\\/inigo-martinez-and-dani-olmo-updates-on-their-recoveries_310498_102.html\"},\"author\":{\"name\":\"Andr\u00e9s Quiroz\",\"@id\":\"https:\\\/\\\/www.fcbarcelonanoticias.com\\\/en\\\/#\\\/schema\\\/person\\\/c2cd9f6fa1af5c0d0eccd0fefa575c88\"},\"headline\":\"I\u00f1igo Mart\u00ednez and Dani Olmo: updates on their recoveries\",\"datePublished\":\"2025-01-30T17:02:00+00:00\",\"dateModified\":\"2025-01-30T17:10:00+00:00\",\"mainEntityOfPage\":{\"@id\":\"https:\\\/\\\/www.fcbarcelonanoticias.com\\\/en\\\/fc-barcelona\\\/inigo-martinez-and-dani-olmo-updates-on-their-recoveries_310498_102.html\"},\"wordCount\":419,\"image\":{\"@id\":\"https:\\\/\\\/www.fcbarcelonanoticias.com\\\/en\\\/fc-barcelona\\\/inigo-martinez-and-dani-olmo-updates-on-their-recoveries_310498_102.html#primaryimage\"},\"thumbnailUrl\":\"https:\\\/\\\/www.fcbarcelonanoticias.com\\\/en\\\/wp-content\\\/uploads\\\/sites\\\/2\\\/2025\\\/01\\\/inigo-martinez-dani-olmo-fc-barcelona.jpeg\",\"articleSection\":[\"FC Barcelona\"],\"inLanguage\":\"en-US\"},{\"@type\":\"WebPage\",\"@id\":\"https:\\\/\\\/www.fcbarcelonanoticias.com\\\/en\\\/fc-barcelona\\\/inigo-martinez-and-dani-olmo-updates-on-their-recoveries_310498_102.html\",\"url\":\"https:\\\/\\\/www.fcbarcelonanoticias.com\\\/en\\\/fc-barcelona\\\/inigo-martinez-and-dani-olmo-updates-on-their-recoveries_310498_102.html\",\"name\":\"I\u00f1igo Mart\u00ednez and Dani Olmo: updates on their recoveries\",\"isPartOf\":{\"@id\":\"https:\\\/\\\/www.fcbarcelonanoticias.com\\\/en\\\/#website\"},\"primaryImageOfPage\":{\"@id\":\"https:\\\/\\\/www.fcbarcelonanoticias.com\\\/en\\\/fc-barcelona\\\/inigo-martinez-and-dani-olmo-updates-on-their-recoveries_310498_102.html#primaryimage\"},\"image\":{\"@id\":\"https:\\\/\\\/www.fcbarcelonanoticias.com\\\/en\\\/fc-barcelona\\\/inigo-martinez-and-dani-olmo-updates-on-their-recoveries_310498_102.html#primaryimage\"},\"thumbnailUrl\":\"https:\\\/\\\/www.fcbarcelonanoticias.com\\\/en\\\/wp-content\\\/uploads\\\/sites\\\/2\\\/2025\\\/01\\\/inigo-martinez-dani-olmo-fc-barcelona.jpeg\",\"datePublished\":\"2025-01-30T17:02:00+00:00\",\"dateModified\":\"2025-01-30T17:10:00+00:00\",\"author\":{\"@id\":\"https:\\\/\\\/www.fcbarcelonanoticias.com\\\/en\\\/#\\\/schema\\\/person\\\/c2cd9f6fa1af5c0d0eccd0fefa575c88\"},\"description\":\"FC Barcelona had a mixed bag in Thursday's training regarding their injured players. I\u00f1igo Mart\u00ednez returned to the group, but Dani Olmo remains sidelined\",\"breadcrumb\":{\"@id\":\"https:\\\/\\\/www.fcbarcelonanoticias.com\\\/en\\\/fc-barcelona\\\/inigo-martinez-and-dani-olmo-updates-on-their-recoveries_310498_102.html#breadcrumb\"},\"inLanguage\":\"en-US\",\"potentialAction\":[{\"@type\":\"ReadAction\",\"target\":[\"https:\\\/\\\/www.fcbarcelonanoticias.com\\\/en\\\/fc-barcelona\\\/inigo-martinez-and-dani-olmo-updates-on-their-recoveries_310498_102.html\"]}]},{\"@type\":\"ImageObject\",\"inLanguage\":\"en-US\",\"@id\":\"https:\\\/\\\/www.fcbarcelonanoticias.com\\\/en\\\/fc-barcelona\\\/inigo-martinez-and-dani-olmo-updates-on-their-recoveries_310498_102.html#primaryimage\",\"url\":\"https:\\\/\\\/www.fcbarcelonanoticias.com\\\/en\\\/wp-content\\\/uploads\\\/sites\\\/2\\\/2025\\\/01\\\/inigo-martinez-dani-olmo-fc-barcelona.jpeg\",\"contentUrl\":\"https:\\\/\\\/www.fcbarcelonanoticias.com\\\/en\\\/wp-content\\\/uploads\\\/sites\\\/2\\\/2025\\\/01\\\/inigo-martinez-dani-olmo-fc-barcelona.jpeg\",\"width\":1200,\"height\":675},{\"@type\":\"BreadcrumbList\",\"@id\":\"https:\\\/\\\/www.fcbarcelonanoticias.com\\\/en\\\/fc-barcelona\\\/inigo-martinez-and-dani-olmo-updates-on-their-recoveries_310498_102.html#breadcrumb\",\"itemListElement\":[{\"@type\":\"ListItem\",\"position\":1,\"name\":\"Portada\",\"item\":\"https:\\\/\\\/www.fcbarcelonanoticias.com\\\/en\\\/\"},{\"@type\":\"ListItem\",\"position\":2,\"name\":\"I\u00f1igo Mart\u00ednez and Dani Olmo: updates on their recoveries\"}]},{\"@type\":\"WebSite\",\"@id\":\"https:\\\/\\\/www.fcbarcelonanoticias.com\\\/en\\\/#website\",\"url\":\"https:\\\/\\\/www.fcbarcelonanoticias.com\\\/en\\\/\",\"name\":\"EN - FC Barcelona Noticias\",\"description\":\"\",\"potentialAction\":[{\"@type\":\"SearchAction\",\"target\":{\"@type\":\"EntryPoint\",\"urlTemplate\":\"https:\\\/\\\/www.fcbarcelonanoticias.com\\\/en\\\/?s={search_term_string}\"},\"query-input\":{\"@type\":\"PropertyValueSpecification\",\"valueRequired\":true,\"valueName\":\"search_term_string\"}}],\"inLanguage\":\"en-US\"},{\"@type\":\"Person\",\"@id\":\"https:\\\/\\\/www.fcbarcelonanoticias.com\\\/en\\\/#\\\/schema\\\/person\\\/c2cd9f6fa1af5c0d0eccd0fefa575c88\",\"name\":\"Andr\u00e9s Quiroz\",\"image\":{\"@type\":\"ImageObject\",\"inLanguage\":\"en-US\",\"@id\":\"https:\\\/\\\/secure.gravatar.com\\\/avatar\\\/?s=96&d=mm&r=g\",\"url\":\"https:\\\/\\\/secure.gravatar.com\\\/avatar\\\/?s=96&d=mm&r=g\",\"contentUrl\":\"https:\\\/\\\/secure.gravatar.com\\\/avatar\\\/?s=96&d=mm&r=g\",\"caption\":\"Andr\u00e9s Quiroz\"},\"description\":\"Licenciado en Periodismo por la Universidad de los Andes. Me encargo de analizar y compartir los contenidos m\u00e1s destacados de la\u00a0actualidad del F\u00fatbol Club Barcelona, Mercado de Fichajes y F\u00fatbol Internacional en FCBN. La informaci\u00f3n es poder, pero tambi\u00e9n conocimiento.\",\"url\":\"https:\\\/\\\/www.fcbarcelonanoticias.com\\\/en\\\/fc-barcelona\\\/andres-quiroz_17_115.html\"}]}<\/script>\n<!-- \/ Yoast SEO plugin. -->","yoast_head_json":{"title":"I\u00f1igo Mart\u00ednez and Dani Olmo: updates on their recoveries","description":"FC Barcelona had a mixed bag in Thursday's training regarding their injured players. I\u00f1igo Mart\u00ednez returned to the group, but Dani Olmo remains sidelined","robots":{"index":"index","follow":"follow","max-snippet":"max-snippet:-1","max-image-preview":"max-image-preview:large","max-video-preview":"max-video-preview:-1"},"canonical":"https:\/\/www.fcbarcelonanoticias.com\/en\/fc-barcelona\/inigo-martinez-and-dani-olmo-updates-on-their-recoveries_310498_102.html","og_locale":"en_US","og_type":"article","og_title":"I\u00f1igo Mart\u00ednez and Dani Olmo: updates on their recoveries","og_description":"FC Barcelona had a mixed bag in Thursday's training regarding their injured players. I\u00f1igo Mart\u00ednez returned to the group, but Dani Olmo remains sidelined","og_url":"https:\/\/www.fcbarcelonanoticias.com\/en\/fc-barcelona\/inigo-martinez-and-dani-olmo-updates-on-their-recoveries_310498_102.html","og_site_name":"EN - FC Barcelona Noticias","article_published_time":"2025-01-30T17:02:00+00:00","article_modified_time":"2025-01-30T17:10:00+00:00","og_image":[{"width":1200,"height":675,"url":"https:\/\/www.fcbarcelonanoticias.com\/en\/wp-content\/uploads\/sites\/2\/2025\/01\/inigo-martinez-dani-olmo-fc-barcelona.jpeg","type":"image\/jpeg"}],"author":"Andr\u00e9s Quiroz","twitter_card":"summary_large_image","twitter_misc":{"Written by":"Andr\u00e9s Quiroz","Est. reading time":"2 minutes"},"schema":{"@context":"https:\/\/schema.org","@graph":[{"@type":"Article","@id":"https:\/\/www.fcbarcelonanoticias.com\/en\/fc-barcelona\/inigo-martinez-and-dani-olmo-updates-on-their-recoveries_310498_102.html#article","isPartOf":{"@id":"https:\/\/www.fcbarcelonanoticias.com\/en\/fc-barcelona\/inigo-martinez-and-dani-olmo-updates-on-their-recoveries_310498_102.html"},"author":{"name":"Andr\u00e9s Quiroz","@id":"https:\/\/www.fcbarcelonanoticias.com\/en\/#\/schema\/person\/c2cd9f6fa1af5c0d0eccd0fefa575c88"},"headline":"I\u00f1igo Mart\u00ednez and Dani Olmo: updates on their recoveries","datePublished":"2025-01-30T17:02:00+00:00","dateModified":"2025-01-30T17:10:00+00:00","mainEntityOfPage":{"@id":"https:\/\/www.fcbarcelonanoticias.com\/en\/fc-barcelona\/inigo-martinez-and-dani-olmo-updates-on-their-recoveries_310498_102.html"},"wordCount":419,"image":{"@id":"https:\/\/www.fcbarcelonanoticias.com\/en\/fc-barcelona\/inigo-martinez-and-dani-olmo-updates-on-their-recoveries_310498_102.html#primaryimage"},"thumbnailUrl":"https:\/\/www.fcbarcelonanoticias.com\/en\/wp-content\/uploads\/sites\/2\/2025\/01\/inigo-martinez-dani-olmo-fc-barcelona.jpeg","articleSection":["FC Barcelona"],"inLanguage":"en-US"},{"@type":"WebPage","@id":"https:\/\/www.fcbarcelonanoticias.com\/en\/fc-barcelona\/inigo-martinez-and-dani-olmo-updates-on-their-recoveries_310498_102.html","url":"https:\/\/www.fcbarcelonanoticias.com\/en\/fc-barcelona\/inigo-martinez-and-dani-olmo-updates-on-their-recoveries_310498_102.html","name":"I\u00f1igo Mart\u00ednez and Dani Olmo: updates on their recoveries","isPartOf":{"@id":"https:\/\/www.fcbarcelonanoticias.com\/en\/#website"},"primaryImageOfPage":{"@id":"https:\/\/www.fcbarcelonanoticias.com\/en\/fc-barcelona\/inigo-martinez-and-dani-olmo-updates-on-their-recoveries_310498_102.html#primaryimage"},"image":{"@id":"https:\/\/www.fcbarcelonanoticias.com\/en\/fc-barcelona\/inigo-martinez-and-dani-olmo-updates-on-their-recoveries_310498_102.html#primaryimage"},"thumbnailUrl":"https:\/\/www.fcbarcelonanoticias.com\/en\/wp-content\/uploads\/sites\/2\/2025\/01\/inigo-martinez-dani-olmo-fc-barcelona.jpeg","datePublished":"2025-01-30T17:02:00+00:00","dateModified":"2025-01-30T17:10:00+00:00","author":{"@id":"https:\/\/www.fcbarcelonanoticias.com\/en\/#\/schema\/person\/c2cd9f6fa1af5c0d0eccd0fefa575c88"},"description":"FC Barcelona had a mixed bag in Thursday's training regarding their injured players. I\u00f1igo Mart\u00ednez returned to the group, but Dani Olmo remains sidelined","breadcrumb":{"@id":"https:\/\/www.fcbarcelonanoticias.com\/en\/fc-barcelona\/inigo-martinez-and-dani-olmo-updates-on-their-recoveries_310498_102.html#breadcrumb"},"inLanguage":"en-US","potentialAction":[{"@type":"ReadAction","target":["https:\/\/www.fcbarcelonanoticias.com\/en\/fc-barcelona\/inigo-martinez-and-dani-olmo-updates-on-their-recoveries_310498_102.html"]}]},{"@type":"ImageObject","inLanguage":"en-US","@id":"https:\/\/www.fcbarcelonanoticias.com\/en\/fc-barcelona\/inigo-martinez-and-dani-olmo-updates-on-their-recoveries_310498_102.html#primaryimage","url":"https:\/\/www.fcbarcelonanoticias.com\/en\/wp-content\/uploads\/sites\/2\/2025\/01\/inigo-martinez-dani-olmo-fc-barcelona.jpeg","contentUrl":"https:\/\/www.fcbarcelonanoticias.com\/en\/wp-content\/uploads\/sites\/2\/2025\/01\/inigo-martinez-dani-olmo-fc-barcelona.jpeg","width":1200,"height":675},{"@type":"BreadcrumbList","@id":"https:\/\/www.fcbarcelonanoticias.com\/en\/fc-barcelona\/inigo-martinez-and-dani-olmo-updates-on-their-recoveries_310498_102.html#breadcrumb","itemListElement":[{"@type":"ListItem","position":1,"name":"Portada","item":"https:\/\/www.fcbarcelonanoticias.com\/en\/"},{"@type":"ListItem","position":2,"name":"I\u00f1igo Mart\u00ednez and Dani Olmo: updates on their recoveries"}]},{"@type":"WebSite","@id":"https:\/\/www.fcbarcelonanoticias.com\/en\/#website","url":"https:\/\/www.fcbarcelonanoticias.com\/en\/","name":"EN - FC Barcelona Noticias","description":"","potentialAction":[{"@type":"SearchAction","target":{"@type":"EntryPoint","urlTemplate":"https:\/\/www.fcbarcelonanoticias.com\/en\/?s={search_term_string}"},"query-input":{"@type":"PropertyValueSpecification","valueRequired":true,"valueName":"search_term_string"}}],"inLanguage":"en-US"},{"@type":"Person","@id":"https:\/\/www.fcbarcelonanoticias.com\/en\/#\/schema\/person\/c2cd9f6fa1af5c0d0eccd0fefa575c88","name":"Andr\u00e9s Quiroz","image":{"@type":"ImageObject","inLanguage":"en-US","@id":"https:\/\/secure.gravatar.com\/avatar\/?s=96&d=mm&r=g","url":"https:\/\/secure.gravatar.com\/avatar\/?s=96&d=mm&r=g","contentUrl":"https:\/\/secure.gravatar.com\/avatar\/?s=96&d=mm&r=g","caption":"Andr\u00e9s Quiroz"},"description":"Licenciado en Periodismo por la Universidad de los Andes. Me encargo de analizar y compartir los contenidos m\u00e1s destacados de la\u00a0actualidad del F\u00fatbol Club Barcelona, Mercado de Fichajes y F\u00fatbol Internacional en FCBN. La informaci\u00f3n es poder, pero tambi\u00e9n conocimiento.","url":"https:\/\/www.fcbarcelonanoticias.com\/en\/fc-barcelona\/andres-quiroz_17_115.html"}]}},"_links":{"self":[{"href":"https:\/\/www.fcbarcelonanoticias.com\/en\/wp-json\/wp\/v2\/posts\/21155","targetHints":{"allow":["GET"]}}],"collection":[{"href":"https:\/\/www.fcbarcelonanoticias.com\/en\/wp-json\/wp\/v2\/posts"}],"about":[{"href":"https:\/\/www.fcbarcelonanoticias.com\/en\/wp-json\/wp\/v2\/types\/post"}],"author":[{"embeddable":true,"href":"https:\/\/www.fcbarcelonanoticias.com\/en\/wp-json\/wp\/v2\/users\/347"}],"replies":[{"embeddable":true,"href":"https:\/\/www.fcbarcelonanoticias.com\/en\/wp-json\/wp\/v2\/comments?post=21155"}],"version-history":[{"count":4,"href":"https:\/\/www.fcbarcelonanoticias.com\/en\/wp-json\/wp\/v2\/posts\/21155\/revisions"}],"predecessor-version":[{"id":21157,"href":"https:\/\/www.fcbarcelonanoticias.com\/en\/wp-json\/wp\/v2\/posts\/21155\/revisions\/21157"}],"wp:featuredmedia":[{"embeddable":true,"href":"https:\/\/www.fcbarcelonanoticias.com\/en\/wp-json\/wp\/v2\/media\/21158"}],"wp:attachment":[{"href":"https:\/\/www.fcbarcelonanoticias.com\/en\/wp-json\/wp\/v2\/media?parent=21155"}],"wp:term":[{"taxonomy":"category","embeddable":true,"href":"https:\/\/www.fcbarcelonanoticias.com\/en\/wp-json\/wp\/v2\/categories?post=21155"},{"taxonomy":"post_tag","embeddable":true,"href":"https:\/\/www.fcbarcelonanoticias.com\/en\/wp-json\/wp\/v2\/tags?post=21155"}],"curies":[{"name":"wp","href":"https:\/\/api.w.org\/{rel}","templated":true}]}}