{"id":21467,"date":"2025-08-19T18:12:00","date_gmt":"2025-08-19T16:12:00","guid":{"rendered":"https:\/\/weisetech.dev\/fc-barcelona-noticias\/en\/irregularities-at-the-camp-nou-barcelona-admits-problems-and-seeks-solutions_314229_102\/"},"modified":"2026-04-16T09:23:46","modified_gmt":"2026-04-16T07:23:46","slug":"irregularities-at-the-camp-nou-barcelona-admits-problems-and-seeks-solutions_314229_102","status":"publish","type":"post","link":"https:\/\/www.fcbarcelonanoticias.com\/en\/fc-barcelona\/irregularities-at-the-camp-nou-barcelona-admits-problems-and-seeks-solutions_314229_102.html","title":{"rendered":"Irregularities at the Camp Nou: Bar\u00e7a admits problems and seeks solutions"},"content":{"rendered":"<h2 class=\"wp-block-heading\">Camp Nou works delayed: Barcelona acknowledges errors and seeks to guarantee its return in September<\/h2>  \r\n<div class=\"article-addons\">\r\n    <a href=\"https:\/\/www.fcbarcelonanoticias.com\/en\/calendar-fc-barcelona.html\"\r\n       target=\"_self\"\r\n       title=\"Calendar of FC Barcelona\"\r\n       class=\"blue-gredient-btn\">\r\n       \r\n        Calendar of FC Barcelona    <\/a>\r\n<\/div>   <p><strong>FC Barcelona<\/strong> is still waiting to be able to <a data-external=\"0\" data-intl-links-en=\"https:\/\/www.fcbarcelonanoticias.com\/en\/fc-barcelona\/the-city-council-confirms-barca-return-to-the-camp-nou-in-phases_313940_102.html\" data-intl-links-es=\"https:\/\/www.fcbarcelonanoticias.com\/fc-barcelona\/camp-nou-regreso-fases-barcelona-confirmado_313940_102.html\" href=\"https:\/\/www.fcbarcelonanoticias.com\/en\/fc-barcelona\/the-city-council-confirms-barca-return-to-the-camp-nou-in-phases_313940_102.html\" rel=\"follow\" target=\"_self\" title=\"FC Barcelona: the City Council confirms the return to the new Spotify Camp Nou\">return to the Spotify Camp Nou<\/a> for the first home game of the 2025\/26 season, scheduled for September 14 against <strong>Valencia CF<\/strong>. A match that, barring anything unusual, should already be played in the renovated Les Corts stadium.<\/p>  <ul> <li>\ud83d\udccc<strong>THE DATA:<\/strong> the return to the <strong>Camp Nou<\/strong> is expected to occur with an initial capacity of <strong>27,000 spectators<\/strong>, segmenting the return in phases and only enabling the Tribuna and Gol Sur areas.<\/li> <\/ul> <p>However, given the magnitude of the remodeling, it is not surprising that setbacks continue to appear that could jeopardize the stadium&#8217;s reopening within the planned timeframe. According to <em>RAC1<\/em>, <strong>Bar\u00e7a<\/strong> has found that <strong>there are still deficiencies in the first phase of the works<\/strong>, specifically in the Tribuna and Gol Sur areas.<\/p>  <p>These irregularities have led the Blaugrana club to rethink its plans and request a meeting with the <strong>Barcelona City Council<\/strong> to renegotiate the delivery of the final work certificate.<\/p>  <div data-oembed-url=\"https:\/\/x.com\/FCBarcelona\/status\/1955570309488144835\"> <blockquote align=\"center\" class=\"twitter-tweet\" data-dnt=\"true\"> <p dir=\"ltr\" lang=\"en\">Culers, come with us to the Spotify Camp Nou! \ud83c\udfdf\ufe0f\ud83d\udc40 <a href=\"https:\/\/t.co\/en\/mzEMdsS1FS\">pic.twitter.com\/mzEMdsS1FS<\/a><\/p> \u2014 FC Barcelona (@FCBarcelona) <a href=\"https:\/\/twitter.com\/en\/FCBarcelona\/status\/1955570309488144835?ref_src=twsrc%5Etfw\">August 13, 2025<\/a> <\/blockquote>  <\/div>  <h2>Barcelona&#8217;s return to Camp Nou: pending improvements and permits<\/h2>  <p>According to the same source, the problems detected by the team from the Condal City directly affect security aspects, as well as other areas that <strong>require improvements to meet the minimum requirements<\/strong>. As a result, the roadmap that foresaw having the certificate ready after the Joan Gamper Trophy has been postponed, at best, until the end of August.<\/p>  <div class=\"cke-element cke-element--102\"><section class=\"c-related-article\"><figure class=\"c-image__fig\"><a href=\"https:\/\/www.fcbarcelonanoticias.com\/fc-barcelona\/avances-ilusionan-fc-barcelona-con-volver-camp-nou_314097_102.html\" title=\"Los avances que ilusionan al FC Barcelona con volver al Camp Nou\" class=\"c-image__imglink\"><picture><img decoding=\"async\" src=\"https:\/\/www.fcbarcelonanoticias.com\/wp-content\/uploads\/sites\/2\/2025\/08\/fcbn-a9f17afeeb4748c6a5f6e9fb4f9cfe26.webp\" alt=\"Los avances que ilusionan al FC Barcelona con volver al Camp Nou\" title=\"Los avances que ilusionan al FC Barcelona con volver al Camp Nou\" class=\"c-image__img\" width=\"1200\" height=\"675\" loading=\"lazy\"><\/picture><\/a>     <\/figure><div class=\"c-related-article__wrapper\">         <p class=\"c-related-article__avantitle\">Related<\/p>         <h4 class=\"c-related-article__title\">             <a href=\"https:\/\/www.fcbarcelonanoticias.com\/fc-barcelona\/avances-ilusionan-fc-barcelona-con-volver-camp-nou_314097_102.html\" title=\"The advances that excite FC Barcelona to return to the Camp Nou\" class=\"c-related-article__link\">                 The advances that excite FC Barcelona to return to the Camp Nou             <\/a>         <\/h4>     <\/div> <\/section><\/div>  <p>For now, <strong>Barcelona<\/strong> maintains the goal of reopening the <strong>Spotify Camp Nou<\/strong> on the weekend of September 14. However, the question remains whether the bureaucratic procedures to obtain the partial first occupancy permit will be completed in time, as they depend on both the city council and the security regulatory bodies.<\/p>  <h2>Is there a Plan B for Bar\u00e7a?: Montju\u00efc as an alternative to Camp Nou<\/h2>  <p>According to information from <em>RAC1<\/em>, the situation could become even more complicated for the Blaugrana. The club has even started conversations with Barcelona Serveis Municipals (BSM) to activate an alternative plan: to play both the match against <strong>Valencia CF<\/strong> and <a data-external=\"0\" data-intl-links-en=\"https:\/\/www.fcbarcelonanoticias.com\/en\/fc-barcelona\/the-return-to-the-camp-nou-conditioned-by-the-champions-league_313990_102.html\" data-intl-links-es=\"https:\/\/www.fcbarcelonanoticias.com\/fc-barcelona\/regreso-camp-nou-en-j4-pendiente-calendario-champions_313990_102.html\" href=\"https:\/\/www.fcbarcelonanoticias.com\/en\/fc-barcelona\/the-return-to-the-camp-nou-conditioned-by-the-champions-league_313990_102.html\" rel=\"follow\" target=\"_self\" title=\"The return to the Camp Nou in Matchday 4 of LaLiga, pending the Champions League schedule\">the first Champions League match<\/a> at the Estadi Ol\u00edmpic Llu\u00eds Companys <strong>(Montju\u00efc)<\/strong>.<\/p>  <p>A scenario that is a headache. In Europe, <strong>UEFA<\/strong> requires teams to communicate before August 28 \u2014the date of the group stage draw\u2014 which stadium will be their venue for the competition, a venue that must be maintained at least <strong>until the end of the group stage in January 2026<\/strong>.<\/p>  <p>In turn, the Montju\u00efc option is not free of drawbacks either. On September 12, just 48 hours before the match against <strong>Valencia CF<\/strong>, the Estadi Ol\u00edmpic will host a concert by the American singer <strong>Post Malone<\/strong>, which would complicate the logistics and preparation of the stadium to host a LaLiga match in such a short time.<\/p>  <p>In short, the return to the <strong>Camp Nou<\/strong> will depend on <strong>Barcelona<\/strong> reaching a quick agreement with the City Council to receive the final work certificate and the partial occupancy permit. A return that has become more complicated than expected and that keeps the Cul\u00e9 fans on edge.<\/p> ","protected":false},"excerpt":{"rendered":"<p>Camp Nou works delayed: Barcelona acknowledges errors and seeks to guarantee its return in September FC Barcelona is still waiting to be able to return to the Spotify Camp Nou for the first home game of the 2025\/26 season, scheduled for September 14 against Valencia CF. A match that, barring anything unusual, should already be [&hellip;]<\/p>\n","protected":false},"author":355,"featured_media":105344,"comment_status":"closed","ping_status":"open","sticky":false,"template":"","format":"standard","meta":{"_acf_changed":false,"inline_featured_image":false,"_nextfly_llmd_date_locked":false,"footnotes":""},"categories":[111],"tags":[82],"class_list":["post-21467","post","type-post","status-publish","format-standard","has-post-thumbnail","hentry","category-fc-barcelona","tag-camp-nou"],"acf":[],"yoast_head":"<!-- This site is optimized with the Yoast SEO plugin v27.3 - https:\/\/yoast.com\/product\/yoast-seo-wordpress\/ -->\n<title>Camp Nou: Problems in the works | Bar\u00e7a admits irregularities<\/title>\n<meta name=\"description\" content=\"Camp Nou works delayed: Barcelona acknowledges errors and seeks to guarantee its return in September. Discover all the details here\" \/>\n<meta name=\"robots\" content=\"index, follow, max-snippet:-1, max-image-preview:large, max-video-preview:-1\" \/>\n<link rel=\"canonical\" href=\"https:\/\/www.fcbarcelonanoticias.com\/en\/fc-barcelona\/irregularities-at-the-camp-nou-barcelona-admits-problems-and-seeks-solutions_314229_102.html\" \/>\n<meta property=\"og:locale\" content=\"en_US\" \/>\n<meta property=\"og:type\" content=\"article\" \/>\n<meta property=\"og:title\" content=\"Camp Nou: Problems in the works | Bar\u00e7a admits irregularities\" \/>\n<meta property=\"og:description\" content=\"Camp Nou works delayed: Barcelona acknowledges errors and seeks to guarantee its return in September. Discover all the details here\" \/>\n<meta property=\"og:url\" content=\"https:\/\/www.fcbarcelonanoticias.com\/en\/fc-barcelona\/irregularities-at-the-camp-nou-barcelona-admits-problems-and-seeks-solutions_314229_102.html\" \/>\n<meta property=\"og:site_name\" content=\"EN - FC Barcelona Noticias\" \/>\n<meta property=\"article:published_time\" content=\"2025-08-19T16:12:00+00:00\" \/>\n<meta property=\"article:modified_time\" content=\"2026-04-16T07:23:46+00:00\" \/>\n<meta property=\"og:image\" content=\"https:\/\/www.fcbarcelonanoticias.com\/en\/wp-content\/uploads\/sites\/2\/2025\/08\/irregularidades-en-el-camp-nou-el-barca-admite-problemas-y-busca-soluciones-2.webp\" \/>\n\t<meta property=\"og:image:width\" content=\"1200\" \/>\n\t<meta property=\"og:image:height\" content=\"675\" \/>\n\t<meta property=\"og:image:type\" content=\"image\/webp\" \/>\n<meta name=\"author\" content=\"Kevin G\u00f3mez\" \/>\n<meta name=\"twitter:card\" content=\"summary_large_image\" \/>\n<meta name=\"twitter:label1\" content=\"Written by\" \/>\n\t<meta name=\"twitter:data1\" content=\"Kevin G\u00f3mez\" \/>\n\t<meta name=\"twitter:label2\" content=\"Est. reading time\" \/>\n\t<meta name=\"twitter:data2\" content=\"3 minutes\" \/>\n<script type=\"application\/ld+json\" class=\"yoast-schema-graph\">{\"@context\":\"https:\\\/\\\/schema.org\",\"@graph\":[{\"@type\":\"Article\",\"@id\":\"https:\\\/\\\/www.fcbarcelonanoticias.com\\\/en\\\/fc-barcelona\\\/irregularities-at-the-camp-nou-barcelona-admits-problems-and-seeks-solutions_314229_102.html#article\",\"isPartOf\":{\"@id\":\"https:\\\/\\\/www.fcbarcelonanoticias.com\\\/en\\\/fc-barcelona\\\/irregularities-at-the-camp-nou-barcelona-admits-problems-and-seeks-solutions_314229_102.html\"},\"author\":{\"name\":\"Kevin G\u00f3mez\",\"@id\":\"https:\\\/\\\/www.fcbarcelonanoticias.com\\\/en\\\/#\\\/schema\\\/person\\\/991443f134df9a64c6874f96ff984c9d\"},\"headline\":\"Irregularities at the Camp Nou: Bar\u00e7a admits problems and seeks solutions\",\"datePublished\":\"2025-08-19T16:12:00+00:00\",\"dateModified\":\"2026-04-16T07:23:46+00:00\",\"mainEntityOfPage\":{\"@id\":\"https:\\\/\\\/www.fcbarcelonanoticias.com\\\/en\\\/fc-barcelona\\\/irregularities-at-the-camp-nou-barcelona-admits-problems-and-seeks-solutions_314229_102.html\"},\"wordCount\":559,\"image\":{\"@id\":\"https:\\\/\\\/www.fcbarcelonanoticias.com\\\/en\\\/fc-barcelona\\\/irregularities-at-the-camp-nou-barcelona-admits-problems-and-seeks-solutions_314229_102.html#primaryimage\"},\"thumbnailUrl\":\"https:\\\/\\\/www.fcbarcelonanoticias.com\\\/en\\\/wp-content\\\/uploads\\\/sites\\\/2\\\/2025\\\/08\\\/irregularidades-en-el-camp-nou-el-barca-admite-problemas-y-busca-soluciones-2.webp\",\"keywords\":[\"Camp Nou\"],\"articleSection\":[\"FC Barcelona\"],\"inLanguage\":\"en-US\"},{\"@type\":\"WebPage\",\"@id\":\"https:\\\/\\\/www.fcbarcelonanoticias.com\\\/en\\\/fc-barcelona\\\/irregularities-at-the-camp-nou-barcelona-admits-problems-and-seeks-solutions_314229_102.html\",\"url\":\"https:\\\/\\\/www.fcbarcelonanoticias.com\\\/en\\\/fc-barcelona\\\/irregularities-at-the-camp-nou-barcelona-admits-problems-and-seeks-solutions_314229_102.html\",\"name\":\"Camp Nou: Problems in the works | Bar\u00e7a admits irregularities\",\"isPartOf\":{\"@id\":\"https:\\\/\\\/www.fcbarcelonanoticias.com\\\/en\\\/#website\"},\"primaryImageOfPage\":{\"@id\":\"https:\\\/\\\/www.fcbarcelonanoticias.com\\\/en\\\/fc-barcelona\\\/irregularities-at-the-camp-nou-barcelona-admits-problems-and-seeks-solutions_314229_102.html#primaryimage\"},\"image\":{\"@id\":\"https:\\\/\\\/www.fcbarcelonanoticias.com\\\/en\\\/fc-barcelona\\\/irregularities-at-the-camp-nou-barcelona-admits-problems-and-seeks-solutions_314229_102.html#primaryimage\"},\"thumbnailUrl\":\"https:\\\/\\\/www.fcbarcelonanoticias.com\\\/en\\\/wp-content\\\/uploads\\\/sites\\\/2\\\/2025\\\/08\\\/irregularidades-en-el-camp-nou-el-barca-admite-problemas-y-busca-soluciones-2.webp\",\"datePublished\":\"2025-08-19T16:12:00+00:00\",\"dateModified\":\"2026-04-16T07:23:46+00:00\",\"author\":{\"@id\":\"https:\\\/\\\/www.fcbarcelonanoticias.com\\\/en\\\/#\\\/schema\\\/person\\\/991443f134df9a64c6874f96ff984c9d\"},\"description\":\"Camp Nou works delayed: Barcelona acknowledges errors and seeks to guarantee its return in September. Discover all the details here\",\"breadcrumb\":{\"@id\":\"https:\\\/\\\/www.fcbarcelonanoticias.com\\\/en\\\/fc-barcelona\\\/irregularities-at-the-camp-nou-barcelona-admits-problems-and-seeks-solutions_314229_102.html#breadcrumb\"},\"inLanguage\":\"en-US\",\"potentialAction\":[{\"@type\":\"ReadAction\",\"target\":[\"https:\\\/\\\/www.fcbarcelonanoticias.com\\\/en\\\/fc-barcelona\\\/irregularities-at-the-camp-nou-barcelona-admits-problems-and-seeks-solutions_314229_102.html\"]}]},{\"@type\":\"ImageObject\",\"inLanguage\":\"en-US\",\"@id\":\"https:\\\/\\\/www.fcbarcelonanoticias.com\\\/en\\\/fc-barcelona\\\/irregularities-at-the-camp-nou-barcelona-admits-problems-and-seeks-solutions_314229_102.html#primaryimage\",\"url\":\"https:\\\/\\\/www.fcbarcelonanoticias.com\\\/en\\\/wp-content\\\/uploads\\\/sites\\\/2\\\/2025\\\/08\\\/irregularidades-en-el-camp-nou-el-barca-admite-problemas-y-busca-soluciones-2.webp\",\"contentUrl\":\"https:\\\/\\\/www.fcbarcelonanoticias.com\\\/en\\\/wp-content\\\/uploads\\\/sites\\\/2\\\/2025\\\/08\\\/irregularidades-en-el-camp-nou-el-barca-admite-problemas-y-busca-soluciones-2.webp\",\"width\":1200,\"height\":675},{\"@type\":\"BreadcrumbList\",\"@id\":\"https:\\\/\\\/www.fcbarcelonanoticias.com\\\/en\\\/fc-barcelona\\\/irregularities-at-the-camp-nou-barcelona-admits-problems-and-seeks-solutions_314229_102.html#breadcrumb\",\"itemListElement\":[{\"@type\":\"ListItem\",\"position\":1,\"name\":\"Portada\",\"item\":\"https:\\\/\\\/www.fcbarcelonanoticias.com\\\/en\\\/\"},{\"@type\":\"ListItem\",\"position\":2,\"name\":\"Irregularities at the Camp Nou: Bar\u00e7a admits problems and seeks solutions\"}]},{\"@type\":\"WebSite\",\"@id\":\"https:\\\/\\\/www.fcbarcelonanoticias.com\\\/en\\\/#website\",\"url\":\"https:\\\/\\\/www.fcbarcelonanoticias.com\\\/en\\\/\",\"name\":\"EN - FC Barcelona Noticias\",\"description\":\"\",\"potentialAction\":[{\"@type\":\"SearchAction\",\"target\":{\"@type\":\"EntryPoint\",\"urlTemplate\":\"https:\\\/\\\/www.fcbarcelonanoticias.com\\\/en\\\/?s={search_term_string}\"},\"query-input\":{\"@type\":\"PropertyValueSpecification\",\"valueRequired\":true,\"valueName\":\"search_term_string\"}}],\"inLanguage\":\"en-US\"},{\"@type\":\"Person\",\"@id\":\"https:\\\/\\\/www.fcbarcelonanoticias.com\\\/en\\\/#\\\/schema\\\/person\\\/991443f134df9a64c6874f96ff984c9d\",\"name\":\"Kevin G\u00f3mez\",\"image\":{\"@type\":\"ImageObject\",\"inLanguage\":\"en-US\",\"@id\":\"https:\\\/\\\/secure.gravatar.com\\\/avatar\\\/?s=96&d=mm&r=g\",\"url\":\"https:\\\/\\\/secure.gravatar.com\\\/avatar\\\/?s=96&d=mm&r=g\",\"contentUrl\":\"https:\\\/\\\/secure.gravatar.com\\\/avatar\\\/?s=96&d=mm&r=g\",\"caption\":\"Kevin G\u00f3mez\"},\"description\":\"Licenciado\u00a0en Periodismo y Comunicaci\u00f3n Audiovisual. Redactor en FCBN responsable de cubrir toda\u00a0la informaci\u00f3n del FC Barcelona y las principales competiciones de\u00a0f\u00fatbol.\",\"url\":\"https:\\\/\\\/www.fcbarcelonanoticias.com\\\/en\\\/jugadores\\\/kevin-gomez_23_115.html\"}]}<\/script>\n<!-- \/ Yoast SEO plugin. -->","yoast_head_json":{"title":"Camp Nou: Problems in the works | Bar\u00e7a admits irregularities","description":"Camp Nou works delayed: Barcelona acknowledges errors and seeks to guarantee its return in September. Discover all the details here","robots":{"index":"index","follow":"follow","max-snippet":"max-snippet:-1","max-image-preview":"max-image-preview:large","max-video-preview":"max-video-preview:-1"},"canonical":"https:\/\/www.fcbarcelonanoticias.com\/en\/fc-barcelona\/irregularities-at-the-camp-nou-barcelona-admits-problems-and-seeks-solutions_314229_102.html","og_locale":"en_US","og_type":"article","og_title":"Camp Nou: Problems in the works | Bar\u00e7a admits irregularities","og_description":"Camp Nou works delayed: Barcelona acknowledges errors and seeks to guarantee its return in September. Discover all the details here","og_url":"https:\/\/www.fcbarcelonanoticias.com\/en\/fc-barcelona\/irregularities-at-the-camp-nou-barcelona-admits-problems-and-seeks-solutions_314229_102.html","og_site_name":"EN - FC Barcelona Noticias","article_published_time":"2025-08-19T16:12:00+00:00","article_modified_time":"2026-04-16T07:23:46+00:00","og_image":[{"width":1200,"height":675,"url":"https:\/\/www.fcbarcelonanoticias.com\/en\/wp-content\/uploads\/sites\/2\/2025\/08\/irregularidades-en-el-camp-nou-el-barca-admite-problemas-y-busca-soluciones-2.webp","type":"image\/webp"}],"author":"Kevin G\u00f3mez","twitter_card":"summary_large_image","twitter_misc":{"Written by":"Kevin G\u00f3mez","Est. reading time":"3 minutes"},"schema":{"@context":"https:\/\/schema.org","@graph":[{"@type":"Article","@id":"https:\/\/www.fcbarcelonanoticias.com\/en\/fc-barcelona\/irregularities-at-the-camp-nou-barcelona-admits-problems-and-seeks-solutions_314229_102.html#article","isPartOf":{"@id":"https:\/\/www.fcbarcelonanoticias.com\/en\/fc-barcelona\/irregularities-at-the-camp-nou-barcelona-admits-problems-and-seeks-solutions_314229_102.html"},"author":{"name":"Kevin G\u00f3mez","@id":"https:\/\/www.fcbarcelonanoticias.com\/en\/#\/schema\/person\/991443f134df9a64c6874f96ff984c9d"},"headline":"Irregularities at the Camp Nou: Bar\u00e7a admits problems and seeks solutions","datePublished":"2025-08-19T16:12:00+00:00","dateModified":"2026-04-16T07:23:46+00:00","mainEntityOfPage":{"@id":"https:\/\/www.fcbarcelonanoticias.com\/en\/fc-barcelona\/irregularities-at-the-camp-nou-barcelona-admits-problems-and-seeks-solutions_314229_102.html"},"wordCount":559,"image":{"@id":"https:\/\/www.fcbarcelonanoticias.com\/en\/fc-barcelona\/irregularities-at-the-camp-nou-barcelona-admits-problems-and-seeks-solutions_314229_102.html#primaryimage"},"thumbnailUrl":"https:\/\/www.fcbarcelonanoticias.com\/en\/wp-content\/uploads\/sites\/2\/2025\/08\/irregularidades-en-el-camp-nou-el-barca-admite-problemas-y-busca-soluciones-2.webp","keywords":["Camp Nou"],"articleSection":["FC Barcelona"],"inLanguage":"en-US"},{"@type":"WebPage","@id":"https:\/\/www.fcbarcelonanoticias.com\/en\/fc-barcelona\/irregularities-at-the-camp-nou-barcelona-admits-problems-and-seeks-solutions_314229_102.html","url":"https:\/\/www.fcbarcelonanoticias.com\/en\/fc-barcelona\/irregularities-at-the-camp-nou-barcelona-admits-problems-and-seeks-solutions_314229_102.html","name":"Camp Nou: Problems in the works | Bar\u00e7a admits irregularities","isPartOf":{"@id":"https:\/\/www.fcbarcelonanoticias.com\/en\/#website"},"primaryImageOfPage":{"@id":"https:\/\/www.fcbarcelonanoticias.com\/en\/fc-barcelona\/irregularities-at-the-camp-nou-barcelona-admits-problems-and-seeks-solutions_314229_102.html#primaryimage"},"image":{"@id":"https:\/\/www.fcbarcelonanoticias.com\/en\/fc-barcelona\/irregularities-at-the-camp-nou-barcelona-admits-problems-and-seeks-solutions_314229_102.html#primaryimage"},"thumbnailUrl":"https:\/\/www.fcbarcelonanoticias.com\/en\/wp-content\/uploads\/sites\/2\/2025\/08\/irregularidades-en-el-camp-nou-el-barca-admite-problemas-y-busca-soluciones-2.webp","datePublished":"2025-08-19T16:12:00+00:00","dateModified":"2026-04-16T07:23:46+00:00","author":{"@id":"https:\/\/www.fcbarcelonanoticias.com\/en\/#\/schema\/person\/991443f134df9a64c6874f96ff984c9d"},"description":"Camp Nou works delayed: Barcelona acknowledges errors and seeks to guarantee its return in September. Discover all the details here","breadcrumb":{"@id":"https:\/\/www.fcbarcelonanoticias.com\/en\/fc-barcelona\/irregularities-at-the-camp-nou-barcelona-admits-problems-and-seeks-solutions_314229_102.html#breadcrumb"},"inLanguage":"en-US","potentialAction":[{"@type":"ReadAction","target":["https:\/\/www.fcbarcelonanoticias.com\/en\/fc-barcelona\/irregularities-at-the-camp-nou-barcelona-admits-problems-and-seeks-solutions_314229_102.html"]}]},{"@type":"ImageObject","inLanguage":"en-US","@id":"https:\/\/www.fcbarcelonanoticias.com\/en\/fc-barcelona\/irregularities-at-the-camp-nou-barcelona-admits-problems-and-seeks-solutions_314229_102.html#primaryimage","url":"https:\/\/www.fcbarcelonanoticias.com\/en\/wp-content\/uploads\/sites\/2\/2025\/08\/irregularidades-en-el-camp-nou-el-barca-admite-problemas-y-busca-soluciones-2.webp","contentUrl":"https:\/\/www.fcbarcelonanoticias.com\/en\/wp-content\/uploads\/sites\/2\/2025\/08\/irregularidades-en-el-camp-nou-el-barca-admite-problemas-y-busca-soluciones-2.webp","width":1200,"height":675},{"@type":"BreadcrumbList","@id":"https:\/\/www.fcbarcelonanoticias.com\/en\/fc-barcelona\/irregularities-at-the-camp-nou-barcelona-admits-problems-and-seeks-solutions_314229_102.html#breadcrumb","itemListElement":[{"@type":"ListItem","position":1,"name":"Portada","item":"https:\/\/www.fcbarcelonanoticias.com\/en\/"},{"@type":"ListItem","position":2,"name":"Irregularities at the Camp Nou: Bar\u00e7a admits problems and seeks solutions"}]},{"@type":"WebSite","@id":"https:\/\/www.fcbarcelonanoticias.com\/en\/#website","url":"https:\/\/www.fcbarcelonanoticias.com\/en\/","name":"EN - FC Barcelona Noticias","description":"","potentialAction":[{"@type":"SearchAction","target":{"@type":"EntryPoint","urlTemplate":"https:\/\/www.fcbarcelonanoticias.com\/en\/?s={search_term_string}"},"query-input":{"@type":"PropertyValueSpecification","valueRequired":true,"valueName":"search_term_string"}}],"inLanguage":"en-US"},{"@type":"Person","@id":"https:\/\/www.fcbarcelonanoticias.com\/en\/#\/schema\/person\/991443f134df9a64c6874f96ff984c9d","name":"Kevin G\u00f3mez","image":{"@type":"ImageObject","inLanguage":"en-US","@id":"https:\/\/secure.gravatar.com\/avatar\/?s=96&d=mm&r=g","url":"https:\/\/secure.gravatar.com\/avatar\/?s=96&d=mm&r=g","contentUrl":"https:\/\/secure.gravatar.com\/avatar\/?s=96&d=mm&r=g","caption":"Kevin G\u00f3mez"},"description":"Licenciado\u00a0en Periodismo y Comunicaci\u00f3n Audiovisual. Redactor en FCBN responsable de cubrir toda\u00a0la informaci\u00f3n del FC Barcelona y las principales competiciones de\u00a0f\u00fatbol.","url":"https:\/\/www.fcbarcelonanoticias.com\/en\/jugadores\/kevin-gomez_23_115.html"}]}},"_links":{"self":[{"href":"https:\/\/www.fcbarcelonanoticias.com\/en\/wp-json\/wp\/v2\/posts\/21467","targetHints":{"allow":["GET"]}}],"collection":[{"href":"https:\/\/www.fcbarcelonanoticias.com\/en\/wp-json\/wp\/v2\/posts"}],"about":[{"href":"https:\/\/www.fcbarcelonanoticias.com\/en\/wp-json\/wp\/v2\/types\/post"}],"author":[{"embeddable":true,"href":"https:\/\/www.fcbarcelonanoticias.com\/en\/wp-json\/wp\/v2\/users\/355"}],"replies":[{"embeddable":true,"href":"https:\/\/www.fcbarcelonanoticias.com\/en\/wp-json\/wp\/v2\/comments?post=21467"}],"version-history":[{"count":3,"href":"https:\/\/www.fcbarcelonanoticias.com\/en\/wp-json\/wp\/v2\/posts\/21467\/revisions"}],"predecessor-version":[{"id":173549,"href":"https:\/\/www.fcbarcelonanoticias.com\/en\/wp-json\/wp\/v2\/posts\/21467\/revisions\/173549"}],"wp:featuredmedia":[{"embeddable":true,"href":"https:\/\/www.fcbarcelonanoticias.com\/en\/wp-json\/wp\/v2\/media\/105344"}],"wp:attachment":[{"href":"https:\/\/www.fcbarcelonanoticias.com\/en\/wp-json\/wp\/v2\/media?parent=21467"}],"wp:term":[{"taxonomy":"category","embeddable":true,"href":"https:\/\/www.fcbarcelonanoticias.com\/en\/wp-json\/wp\/v2\/categories?post=21467"},{"taxonomy":"post_tag","embeddable":true,"href":"https:\/\/www.fcbarcelonanoticias.com\/en\/wp-json\/wp\/v2\/tags?post=21467"}],"curies":[{"name":"wp","href":"https:\/\/api.w.org\/{rel}","templated":true}]}}