{"id":22026,"date":"2021-09-15T16:55:00","date_gmt":"2021-09-15T14:55:00","guid":{"rendered":"https:\/\/weisetech.dev\/fc-barcelona-noticias\/en\/joan-laporta-heads-to-the-fans-after-the-defeat-in-front-of_272747_102\/"},"modified":"2021-09-15T22:55:00","modified_gmt":"2021-09-15T20:55:00","slug":"joan-laporta-heads-to-the-fans-after-the-defeat-in-front-of_272747_102","status":"publish","type":"post","link":"https:\/\/www.fcbarcelonanoticias.com\/en\/fc-barcelona\/joan-laporta-heads-to-the-fans-after-the-defeat-in-front-of_272747_102.html","title":{"rendered":"Joan Laporta heads to the fans after the defeat in front of the Bayern"},"content":{"rendered":"<h2 class=\"wp-block-heading\">Joan Laporta has employed the social networks to ask a vote of confidence to the cul\u00e9s after the hard defeat in the first date of the League of Champions in front of the Bayern. The president also has called to have patience and continue supporting to the Barcelona team<\/h2>  \r\n<div class=\"article-addons\">\r\n    <a href=\"https:\/\/www.fcbarcelonanoticias.com\/en\/calendar-fc-barcelona.html\"\r\n       target=\"_self\"\r\n       title=\"Calendar of FC Barcelona\"\r\n       class=\"blue-gredient-btn\">\r\n       \r\n        Calendar of FC Barcelona    <\/a>\r\n<\/div>   <p>After another difficult night for the<strong> FC Barcelona<\/strong> in <strong>the Champions<\/strong>, this time in the first clash of the phase of groups in which the <strong><a data-external=\"0\" data-intl-links-en=\"https:\/\/www.fcbarcelonanoticias.com\/en\/fc-barcelona\/most-touched-players-barcelona-ridiculous-against-bayern_272741_102.html\" data-intl-links-es=\"https:\/\/www.fcbarcelonanoticias.com\/fc-barcelona\/jugadores-mas-senalados-barcelona-ridiculo-contra-bayern_272741_102.html\" href=\"https:\/\/www.fcbarcelonanoticias.com\/en\/fc-barcelona\/most-touched-players-barcelona-ridiculous-against-bayern_272741_102.html\" rel=\"follow\" target=\"_self\" title=\"Los jugadores m\u00e1s se\u00f1alados del Bar\u00e7a tras el rid\u00edculo contra el Bayern\">Bayern of Munich<\/a><\/strong> has carried the three points of the Camp Nou with a 0-3, the president, <strong>Joan Laporta<\/strong>, has asked confidence and patience to the barcelonismo.<\/p>  <p>In his message, the jerarca has manifested his indignation by the occurred, nevertheless, admits that a defeat like this was inside the possibilities: &#8220;Hello, cul\u00e9s, <strong>am so hurt and outraged like all you<\/strong> say you that what is happening is one of the stages that contemplated&#8221;.<\/p>  <p>In such sense, asked to the fans be patient and continue encouraging to the Barcelona team, especially in moments like these, in which the <strong>Bar\u00e7a<\/strong> has to raise and continue working in search of an improvement: <strong>&#8220;I ask You patience. Patience and that follow giving support to the team&#8221;<\/strong>.<\/p>  <blockquote class=\"twitter-tweet\"> <p dir=\"ltr\" lang=\"es\">A message for all the barcelonismo: confidence and support to the team. You do not have any doubt, will solve it. Visca The Bar\u00e7a! <a href=\"https:\/\/t.co\/en\/1NE6iBPybO\">pic.twitter.com\/1ne6ibpybo<\/a><\/p> \u2014 Joan Laporta Estruch? (@JoanLaportaFCB) <a href=\"https:\/\/twitter.com\/en\/JoanLaportaFCB\/status\/1438128336618889218?ref_src=twsrc%5Etfw\">September 15, 2021<\/a> <\/blockquote> <h3>Laporta Asks confidence to the cul\u00e9s<\/h3>  <p>Likewise, it has asked a vote of confidence, that will be precise so that the institution go out advance and can go back to the highest: &#8220;And also I ask you confidence in which we direct the club. <strong>We need this margin of confidence and do not have any doubt: we will fix it<\/strong>. <strong>Thank you very much And Visca the Bar\u00e7a!<\/strong>&#8220;.<\/p>  <p>With his message,<strong> Laporta<\/strong> also has transmitted tranquility to the trainer <strong><a data-external=\"0\" data-intl-links-en=\"https:\/\/www.fcbarcelonanoticias.com\/en\/club\/barcelona-maintains-confidence-koeman-despite-win-bayern_272743_102.html\" data-intl-links-es=\"https:\/\/www.fcbarcelonanoticias.com\/club\/barcelona-mantiene-confianza-koeman-pese-goleada-bayern_272743_102.html\" href=\"https:\/\/www.fcbarcelonanoticias.com\/en\/club\/barcelona-maintains-confidence-koeman-despite-win-bayern_272743_102.html\" rel=\"follow\" target=\"_self\" title=\"El Bar\u00e7a mantiene su confianza en Koeman pese a la goleada del Bayern\">Ronald Koeman<\/a><\/strong>, the one who has been duramente criticised and the speculations on his course of the club have increased after the pitido final of the meeting that closed with a victory for the <strong>Bayern of Munich<\/strong>.<\/p> ","protected":false},"excerpt":{"rendered":"<p>Joan Laporta has employed the social networks to ask a vote of confidence to the cul\u00e9s after the hard defeat in the first date of the League of Champions in front of the Bayern. The president also has called to have patience and continue supporting to the Barcelona team After another difficult night for the [&hellip;]<\/p>\n","protected":false},"author":378,"featured_media":22030,"comment_status":"closed","ping_status":"open","sticky":false,"template":"","format":"standard","meta":{"_acf_changed":false,"inline_featured_image":false,"_nextfly_llmd_date_locked":false,"footnotes":""},"categories":[111],"tags":[104,158,209],"class_list":["post-22026","post","type-post","status-publish","format-standard","has-post-thumbnail","hentry","category-fc-barcelona","tag-bayern-munich","tag-joan-laporta","tag-ronald-koeman"],"acf":[],"yoast_head":"<!-- This site is optimized with the Yoast SEO plugin v27.3 - https:\/\/yoast.com\/product\/yoast-seo-wordpress\/ -->\n<title>Joan Laporta heads to the fans after the defeat in front of...<\/title>\n<meta name=\"description\" content=\"Joan Laporta has employed the social networks to ask a vote of confidence to the cul\u00e9s after the hard defeat in the first date of the League of Campeone...\" \/>\n<meta name=\"robots\" content=\"index, follow, max-snippet:-1, max-image-preview:large, max-video-preview:-1\" \/>\n<link rel=\"canonical\" href=\"https:\/\/www.fcbarcelonanoticias.com\/en\/fc-barcelona\/joan-laporta-heads-to-the-fans-after-the-defeat-in-front-of_272747_102.html\" \/>\n<meta property=\"og:locale\" content=\"en_US\" \/>\n<meta property=\"og:type\" content=\"article\" \/>\n<meta property=\"og:title\" content=\"Joan Laporta heads to the fans after the defeat in front of...\" \/>\n<meta property=\"og:description\" content=\"Joan Laporta has employed the social networks to ask a vote of confidence to the cul\u00e9s after the hard defeat in the first date of the League of Campeone...\" \/>\n<meta property=\"og:url\" content=\"https:\/\/www.fcbarcelonanoticias.com\/en\/fc-barcelona\/joan-laporta-heads-to-the-fans-after-the-defeat-in-front-of_272747_102.html\" \/>\n<meta property=\"og:site_name\" content=\"EN - FC Barcelona Noticias\" \/>\n<meta property=\"article:published_time\" content=\"2021-09-15T14:55:00+00:00\" \/>\n<meta property=\"article:modified_time\" content=\"2021-09-15T20:55:00+00:00\" \/>\n<meta property=\"og:image\" content=\"https:\/\/www.fcbarcelonanoticias.com\/en\/wp-content\/uploads\/sites\/2\/2021\/09\/1006473108-1-1.jpeg\" \/>\n\t<meta property=\"og:image:width\" content=\"1200\" \/>\n\t<meta property=\"og:image:height\" content=\"728\" \/>\n\t<meta property=\"og:image:type\" content=\"image\/jpeg\" \/>\n<meta name=\"author\" content=\"user_4034\" \/>\n<meta name=\"twitter:card\" content=\"summary_large_image\" \/>\n<meta name=\"twitter:label1\" content=\"Written by\" \/>\n\t<meta name=\"twitter:data1\" content=\"user_4034\" \/>\n\t<meta name=\"twitter:label2\" content=\"Est. reading time\" \/>\n\t<meta name=\"twitter:data2\" content=\"2 minutes\" \/>\n<script type=\"application\/ld+json\" class=\"yoast-schema-graph\">{\"@context\":\"https:\\\/\\\/schema.org\",\"@graph\":[{\"@type\":\"Article\",\"@id\":\"https:\\\/\\\/www.fcbarcelonanoticias.com\\\/en\\\/fc-barcelona\\\/joan-laporta-heads-to-the-fans-after-the-defeat-in-front-of_272747_102.html#article\",\"isPartOf\":{\"@id\":\"https:\\\/\\\/www.fcbarcelonanoticias.com\\\/en\\\/fc-barcelona\\\/joan-laporta-heads-to-the-fans-after-the-defeat-in-front-of_272747_102.html\"},\"author\":{\"name\":\"user_4034\",\"@id\":\"https:\\\/\\\/www.fcbarcelonanoticias.com\\\/en\\\/#\\\/schema\\\/person\\\/af5ca539abaaa1bd2753d05ef7a706d0\"},\"headline\":\"Joan Laporta heads to the fans after the defeat in front of the Bayern\",\"datePublished\":\"2021-09-15T14:55:00+00:00\",\"dateModified\":\"2021-09-15T20:55:00+00:00\",\"mainEntityOfPage\":{\"@id\":\"https:\\\/\\\/www.fcbarcelonanoticias.com\\\/en\\\/fc-barcelona\\\/joan-laporta-heads-to-the-fans-after-the-defeat-in-front-of_272747_102.html\"},\"wordCount\":366,\"image\":{\"@id\":\"https:\\\/\\\/www.fcbarcelonanoticias.com\\\/en\\\/fc-barcelona\\\/joan-laporta-heads-to-the-fans-after-the-defeat-in-front-of_272747_102.html#primaryimage\"},\"thumbnailUrl\":\"https:\\\/\\\/www.fcbarcelonanoticias.com\\\/en\\\/wp-content\\\/uploads\\\/sites\\\/2\\\/2021\\\/09\\\/1006473108-1-1.jpeg\",\"keywords\":[\"Bayern Munich\",\"Joan Laporta\",\"Ronald Koeman\"],\"articleSection\":[\"FC Barcelona\"],\"inLanguage\":\"en-US\"},{\"@type\":\"WebPage\",\"@id\":\"https:\\\/\\\/www.fcbarcelonanoticias.com\\\/en\\\/fc-barcelona\\\/joan-laporta-heads-to-the-fans-after-the-defeat-in-front-of_272747_102.html\",\"url\":\"https:\\\/\\\/www.fcbarcelonanoticias.com\\\/en\\\/fc-barcelona\\\/joan-laporta-heads-to-the-fans-after-the-defeat-in-front-of_272747_102.html\",\"name\":\"Joan Laporta heads to the fans after the defeat in front of...\",\"isPartOf\":{\"@id\":\"https:\\\/\\\/www.fcbarcelonanoticias.com\\\/en\\\/#website\"},\"primaryImageOfPage\":{\"@id\":\"https:\\\/\\\/www.fcbarcelonanoticias.com\\\/en\\\/fc-barcelona\\\/joan-laporta-heads-to-the-fans-after-the-defeat-in-front-of_272747_102.html#primaryimage\"},\"image\":{\"@id\":\"https:\\\/\\\/www.fcbarcelonanoticias.com\\\/en\\\/fc-barcelona\\\/joan-laporta-heads-to-the-fans-after-the-defeat-in-front-of_272747_102.html#primaryimage\"},\"thumbnailUrl\":\"https:\\\/\\\/www.fcbarcelonanoticias.com\\\/en\\\/wp-content\\\/uploads\\\/sites\\\/2\\\/2021\\\/09\\\/1006473108-1-1.jpeg\",\"datePublished\":\"2021-09-15T14:55:00+00:00\",\"dateModified\":\"2021-09-15T20:55:00+00:00\",\"author\":{\"@id\":\"https:\\\/\\\/www.fcbarcelonanoticias.com\\\/en\\\/#\\\/schema\\\/person\\\/af5ca539abaaa1bd2753d05ef7a706d0\"},\"description\":\"Joan Laporta has employed the social networks to ask a vote of confidence to the cul\u00e9s after the hard defeat in the first date of the League of Campeone...\",\"breadcrumb\":{\"@id\":\"https:\\\/\\\/www.fcbarcelonanoticias.com\\\/en\\\/fc-barcelona\\\/joan-laporta-heads-to-the-fans-after-the-defeat-in-front-of_272747_102.html#breadcrumb\"},\"inLanguage\":\"en-US\",\"potentialAction\":[{\"@type\":\"ReadAction\",\"target\":[\"https:\\\/\\\/www.fcbarcelonanoticias.com\\\/en\\\/fc-barcelona\\\/joan-laporta-heads-to-the-fans-after-the-defeat-in-front-of_272747_102.html\"]}]},{\"@type\":\"ImageObject\",\"inLanguage\":\"en-US\",\"@id\":\"https:\\\/\\\/www.fcbarcelonanoticias.com\\\/en\\\/fc-barcelona\\\/joan-laporta-heads-to-the-fans-after-the-defeat-in-front-of_272747_102.html#primaryimage\",\"url\":\"https:\\\/\\\/www.fcbarcelonanoticias.com\\\/en\\\/wp-content\\\/uploads\\\/sites\\\/2\\\/2021\\\/09\\\/1006473108-1-1.jpeg\",\"contentUrl\":\"https:\\\/\\\/www.fcbarcelonanoticias.com\\\/en\\\/wp-content\\\/uploads\\\/sites\\\/2\\\/2021\\\/09\\\/1006473108-1-1.jpeg\",\"width\":1200,\"height\":728},{\"@type\":\"BreadcrumbList\",\"@id\":\"https:\\\/\\\/www.fcbarcelonanoticias.com\\\/en\\\/fc-barcelona\\\/joan-laporta-heads-to-the-fans-after-the-defeat-in-front-of_272747_102.html#breadcrumb\",\"itemListElement\":[{\"@type\":\"ListItem\",\"position\":1,\"name\":\"Portada\",\"item\":\"https:\\\/\\\/www.fcbarcelonanoticias.com\\\/en\\\/\"},{\"@type\":\"ListItem\",\"position\":2,\"name\":\"Joan Laporta heads to the fans after the defeat in front of the Bayern\"}]},{\"@type\":\"WebSite\",\"@id\":\"https:\\\/\\\/www.fcbarcelonanoticias.com\\\/en\\\/#website\",\"url\":\"https:\\\/\\\/www.fcbarcelonanoticias.com\\\/en\\\/\",\"name\":\"EN - FC Barcelona Noticias\",\"description\":\"\",\"potentialAction\":[{\"@type\":\"SearchAction\",\"target\":{\"@type\":\"EntryPoint\",\"urlTemplate\":\"https:\\\/\\\/www.fcbarcelonanoticias.com\\\/en\\\/?s={search_term_string}\"},\"query-input\":{\"@type\":\"PropertyValueSpecification\",\"valueRequired\":true,\"valueName\":\"search_term_string\"}}],\"inLanguage\":\"en-US\"},{\"@type\":\"Person\",\"@id\":\"https:\\\/\\\/www.fcbarcelonanoticias.com\\\/en\\\/#\\\/schema\\\/person\\\/af5ca539abaaa1bd2753d05ef7a706d0\",\"name\":\"user_4034\",\"image\":{\"@type\":\"ImageObject\",\"inLanguage\":\"en-US\",\"@id\":\"https:\\\/\\\/secure.gravatar.com\\\/avatar\\\/?s=96&d=mm&r=g\",\"url\":\"https:\\\/\\\/secure.gravatar.com\\\/avatar\\\/?s=96&d=mm&r=g\",\"contentUrl\":\"https:\\\/\\\/secure.gravatar.com\\\/avatar\\\/?s=96&d=mm&r=g\",\"caption\":\"user_4034\"},\"url\":\"https:\\\/\\\/www.fcbarcelonanoticias.com\\\/en\\\/user_4034.html\"}]}<\/script>\n<!-- \/ Yoast SEO plugin. -->","yoast_head_json":{"title":"Joan Laporta heads to the fans after the defeat in front of...","description":"Joan Laporta has employed the social networks to ask a vote of confidence to the cul\u00e9s after the hard defeat in the first date of the League of Campeone...","robots":{"index":"index","follow":"follow","max-snippet":"max-snippet:-1","max-image-preview":"max-image-preview:large","max-video-preview":"max-video-preview:-1"},"canonical":"https:\/\/www.fcbarcelonanoticias.com\/en\/fc-barcelona\/joan-laporta-heads-to-the-fans-after-the-defeat-in-front-of_272747_102.html","og_locale":"en_US","og_type":"article","og_title":"Joan Laporta heads to the fans after the defeat in front of...","og_description":"Joan Laporta has employed the social networks to ask a vote of confidence to the cul\u00e9s after the hard defeat in the first date of the League of Campeone...","og_url":"https:\/\/www.fcbarcelonanoticias.com\/en\/fc-barcelona\/joan-laporta-heads-to-the-fans-after-the-defeat-in-front-of_272747_102.html","og_site_name":"EN - FC Barcelona Noticias","article_published_time":"2021-09-15T14:55:00+00:00","article_modified_time":"2021-09-15T20:55:00+00:00","og_image":[{"width":1200,"height":728,"url":"https:\/\/www.fcbarcelonanoticias.com\/en\/wp-content\/uploads\/sites\/2\/2021\/09\/1006473108-1-1.jpeg","type":"image\/jpeg"}],"author":"user_4034","twitter_card":"summary_large_image","twitter_misc":{"Written by":"user_4034","Est. reading time":"2 minutes"},"schema":{"@context":"https:\/\/schema.org","@graph":[{"@type":"Article","@id":"https:\/\/www.fcbarcelonanoticias.com\/en\/fc-barcelona\/joan-laporta-heads-to-the-fans-after-the-defeat-in-front-of_272747_102.html#article","isPartOf":{"@id":"https:\/\/www.fcbarcelonanoticias.com\/en\/fc-barcelona\/joan-laporta-heads-to-the-fans-after-the-defeat-in-front-of_272747_102.html"},"author":{"name":"user_4034","@id":"https:\/\/www.fcbarcelonanoticias.com\/en\/#\/schema\/person\/af5ca539abaaa1bd2753d05ef7a706d0"},"headline":"Joan Laporta heads to the fans after the defeat in front of the Bayern","datePublished":"2021-09-15T14:55:00+00:00","dateModified":"2021-09-15T20:55:00+00:00","mainEntityOfPage":{"@id":"https:\/\/www.fcbarcelonanoticias.com\/en\/fc-barcelona\/joan-laporta-heads-to-the-fans-after-the-defeat-in-front-of_272747_102.html"},"wordCount":366,"image":{"@id":"https:\/\/www.fcbarcelonanoticias.com\/en\/fc-barcelona\/joan-laporta-heads-to-the-fans-after-the-defeat-in-front-of_272747_102.html#primaryimage"},"thumbnailUrl":"https:\/\/www.fcbarcelonanoticias.com\/en\/wp-content\/uploads\/sites\/2\/2021\/09\/1006473108-1-1.jpeg","keywords":["Bayern Munich","Joan Laporta","Ronald Koeman"],"articleSection":["FC Barcelona"],"inLanguage":"en-US"},{"@type":"WebPage","@id":"https:\/\/www.fcbarcelonanoticias.com\/en\/fc-barcelona\/joan-laporta-heads-to-the-fans-after-the-defeat-in-front-of_272747_102.html","url":"https:\/\/www.fcbarcelonanoticias.com\/en\/fc-barcelona\/joan-laporta-heads-to-the-fans-after-the-defeat-in-front-of_272747_102.html","name":"Joan Laporta heads to the fans after the defeat in front of...","isPartOf":{"@id":"https:\/\/www.fcbarcelonanoticias.com\/en\/#website"},"primaryImageOfPage":{"@id":"https:\/\/www.fcbarcelonanoticias.com\/en\/fc-barcelona\/joan-laporta-heads-to-the-fans-after-the-defeat-in-front-of_272747_102.html#primaryimage"},"image":{"@id":"https:\/\/www.fcbarcelonanoticias.com\/en\/fc-barcelona\/joan-laporta-heads-to-the-fans-after-the-defeat-in-front-of_272747_102.html#primaryimage"},"thumbnailUrl":"https:\/\/www.fcbarcelonanoticias.com\/en\/wp-content\/uploads\/sites\/2\/2021\/09\/1006473108-1-1.jpeg","datePublished":"2021-09-15T14:55:00+00:00","dateModified":"2021-09-15T20:55:00+00:00","author":{"@id":"https:\/\/www.fcbarcelonanoticias.com\/en\/#\/schema\/person\/af5ca539abaaa1bd2753d05ef7a706d0"},"description":"Joan Laporta has employed the social networks to ask a vote of confidence to the cul\u00e9s after the hard defeat in the first date of the League of Campeone...","breadcrumb":{"@id":"https:\/\/www.fcbarcelonanoticias.com\/en\/fc-barcelona\/joan-laporta-heads-to-the-fans-after-the-defeat-in-front-of_272747_102.html#breadcrumb"},"inLanguage":"en-US","potentialAction":[{"@type":"ReadAction","target":["https:\/\/www.fcbarcelonanoticias.com\/en\/fc-barcelona\/joan-laporta-heads-to-the-fans-after-the-defeat-in-front-of_272747_102.html"]}]},{"@type":"ImageObject","inLanguage":"en-US","@id":"https:\/\/www.fcbarcelonanoticias.com\/en\/fc-barcelona\/joan-laporta-heads-to-the-fans-after-the-defeat-in-front-of_272747_102.html#primaryimage","url":"https:\/\/www.fcbarcelonanoticias.com\/en\/wp-content\/uploads\/sites\/2\/2021\/09\/1006473108-1-1.jpeg","contentUrl":"https:\/\/www.fcbarcelonanoticias.com\/en\/wp-content\/uploads\/sites\/2\/2021\/09\/1006473108-1-1.jpeg","width":1200,"height":728},{"@type":"BreadcrumbList","@id":"https:\/\/www.fcbarcelonanoticias.com\/en\/fc-barcelona\/joan-laporta-heads-to-the-fans-after-the-defeat-in-front-of_272747_102.html#breadcrumb","itemListElement":[{"@type":"ListItem","position":1,"name":"Portada","item":"https:\/\/www.fcbarcelonanoticias.com\/en\/"},{"@type":"ListItem","position":2,"name":"Joan Laporta heads to the fans after the defeat in front of the Bayern"}]},{"@type":"WebSite","@id":"https:\/\/www.fcbarcelonanoticias.com\/en\/#website","url":"https:\/\/www.fcbarcelonanoticias.com\/en\/","name":"EN - FC Barcelona Noticias","description":"","potentialAction":[{"@type":"SearchAction","target":{"@type":"EntryPoint","urlTemplate":"https:\/\/www.fcbarcelonanoticias.com\/en\/?s={search_term_string}"},"query-input":{"@type":"PropertyValueSpecification","valueRequired":true,"valueName":"search_term_string"}}],"inLanguage":"en-US"},{"@type":"Person","@id":"https:\/\/www.fcbarcelonanoticias.com\/en\/#\/schema\/person\/af5ca539abaaa1bd2753d05ef7a706d0","name":"user_4034","image":{"@type":"ImageObject","inLanguage":"en-US","@id":"https:\/\/secure.gravatar.com\/avatar\/?s=96&d=mm&r=g","url":"https:\/\/secure.gravatar.com\/avatar\/?s=96&d=mm&r=g","contentUrl":"https:\/\/secure.gravatar.com\/avatar\/?s=96&d=mm&r=g","caption":"user_4034"},"url":"https:\/\/www.fcbarcelonanoticias.com\/en\/user_4034.html"}]}},"_links":{"self":[{"href":"https:\/\/www.fcbarcelonanoticias.com\/en\/wp-json\/wp\/v2\/posts\/22026","targetHints":{"allow":["GET"]}}],"collection":[{"href":"https:\/\/www.fcbarcelonanoticias.com\/en\/wp-json\/wp\/v2\/posts"}],"about":[{"href":"https:\/\/www.fcbarcelonanoticias.com\/en\/wp-json\/wp\/v2\/types\/post"}],"author":[{"embeddable":true,"href":"https:\/\/www.fcbarcelonanoticias.com\/en\/wp-json\/wp\/v2\/users\/378"}],"replies":[{"embeddable":true,"href":"https:\/\/www.fcbarcelonanoticias.com\/en\/wp-json\/wp\/v2\/comments?post=22026"}],"version-history":[{"count":2,"href":"https:\/\/www.fcbarcelonanoticias.com\/en\/wp-json\/wp\/v2\/posts\/22026\/revisions"}],"predecessor-version":[{"id":22028,"href":"https:\/\/www.fcbarcelonanoticias.com\/en\/wp-json\/wp\/v2\/posts\/22026\/revisions\/22028"}],"wp:featuredmedia":[{"embeddable":true,"href":"https:\/\/www.fcbarcelonanoticias.com\/en\/wp-json\/wp\/v2\/media\/22030"}],"wp:attachment":[{"href":"https:\/\/www.fcbarcelonanoticias.com\/en\/wp-json\/wp\/v2\/media?parent=22026"}],"wp:term":[{"taxonomy":"category","embeddable":true,"href":"https:\/\/www.fcbarcelonanoticias.com\/en\/wp-json\/wp\/v2\/categories?post=22026"},{"taxonomy":"post_tag","embeddable":true,"href":"https:\/\/www.fcbarcelonanoticias.com\/en\/wp-json\/wp\/v2\/tags?post=22026"}],"curies":[{"name":"wp","href":"https:\/\/api.w.org\/{rel}","templated":true}]}}