{"id":22069,"date":"2025-11-11T01:23:00","date_gmt":"2025-11-11T00:23:00","guid":{"rendered":"https:\/\/weisetech.dev\/fc-barcelona-noticias\/en\/joan-garcia-and-raphinha-two-highly-anticipated-arrivals-in-barcelona_315242_102\/"},"modified":"2026-04-06T16:25:13","modified_gmt":"2026-04-06T14:25:13","slug":"joan-garcia-and-raphinha-two-highly-anticipated-arrivals-in-barcelona_315242_102","status":"publish","type":"post","link":"https:\/\/www.fcbarcelonanoticias.com\/en\/fc-barcelona\/joan-garcia-and-raphinha-two-highly-anticipated-arrivals-in-barcelona_315242_102.html","title":{"rendered":"Joan Garc\u00eda and Raphinha: two highly anticipated arrivals in Barcelona after the break"},"content":{"rendered":"<h2 class=\"wp-block-heading\">Bar\u00e7a awaits the returns of Joan Garc\u00eda and Raphinha after the November break. Both were injured in Oviedo on September 25 and should be ready to reappear against Athletic<\/h2>  \r\n<div class=\"article-addons\">\r\n    <a href=\"https:\/\/www.fcbarcelonanoticias.com\/en\/calendar-fc-barcelona.html\"\r\n       target=\"_self\"\r\n       title=\"Calendar of FC Barcelona\"\r\n       class=\"blue-gredient-btn\">\r\n       \r\n        Calendar of FC Barcelona    <\/a>\r\n<\/div>   <p><strong>Hansi Flick&#8217;s FC Barcelona<\/strong> hopes to have <strong>Joan Garc\u00eda<\/strong> and <strong>Raphinha<\/strong> available for matchday 13 of <strong>LaLiga EA Sports 2025\/26<\/strong>, against <strong>Athletic<\/strong>. Both players will have been out for two months with the Catalan club, with the Brazilian&#8217;s recovery proving more complicated than expected.<\/p>  <p>The &#8217;11&#8217; suffered **an injury to his right hamstring** and, in principle, would be out for about three weeks. However, the winger relapsed before the Cl\u00e1sico against Real Madrid on October 26, which meant he had to spend another three weeks on the sidelines.<\/p>  <p>Garc\u00eda, for his part, completed the planned rest after undergoing surgery to treat the tear in the inner meniscus of his left knee, sustained against Oviedo. The goalkeeper was expected to be out for four to six weeks, and the club, after Gavi&#8217;s injury, did not want to risk his return.<\/p>  <h2>Joan Garc\u00eda, a relief for Bar\u00e7a&#8217;s defensive problems<\/h2>  <p>In the press conference prior to the match against Celta, Flick confirmed Bar\u00e7a&#8217;s plan with the player from Sallent. &#8220;<strong>We are very happy with his progress, it&#8217;s good, but we will wait until the break. After the break he will be back<\/strong>,&#8221; said the manager when referring to the Catalan goalkeeper.In his first 7 games with Bar\u00e7a, <strong>Joan Garc\u00eda conceded 5 goals<\/strong>, in addition to completing 3 clean sheets. <strong>Wojciech Szczesny, on the other hand, conceded 17 goals<\/strong> in 9 matches, failing to keep a clean sheet on any occasion.<\/p>  <p>Bar\u00e7a, in fact, has gone <strong>10 consecutive games conceding at least 1 goal<\/strong>, marking their worst defensive streak since 2013 (still with Tito Vilanova at the helm). The defense has been a headache in recent weeks, and with the return of the &#8217;13&#8217;, Flick hopes to give more confidence to the Bar\u00e7a backline.<\/p>  <p>Problems with pressure in attack have left the Blaugrana defense very exposed, with a high defensive line easily caught out by opponents who break the offside trap by running from their own half. <strong>Bar\u00e7a averages 1.37 goals conceded per game<\/strong> (22 in 16 matches) in 25\/26.&nbsp;<\/p>  <h2>Raphinha will give oxygen to the Blaugrana attacking trident<\/h2>  <div class=\"media media-image\" data-ck-asset-wrapper=\"\"> <div class=\"media-item\"> <img loading=\"lazy\" decoding=\"async\" alt=\"Raphinha celebrating with his teammates one of the six goals conceded by Valencia\" data-id=\"1521118\" data-resize=\"9\" height=\"563\" src=\"https:\/\/www.fcbarcelonanoticias.com\/wp-content\/uploads\/sites\/2\/2025\/11\/fcbn-2ef95e67439970984b130cdf85df4a95.webp\" title=\"Raphinha celebrating with his teammates one of the six goals conceded by Valencia\" width=\"1000\"><div class=\"media-title\">Raphinha celebrating with his teammates one of the six goals conceded by Valencia<\/div> <\/div> <\/div>  <p>Raphinha&#8217;s return, for his part, will give much more depth to the still reliable Blaugrana attack. Barcelona has scored 44 goals this season (2.75 per game), with Marcus Rashford having the most goal involvements so far (14).<\/p>  <p>The Englishman has fulfilled the mission of replacing the Brazilian winger to the letter. Although he hasn&#8217;t been as sharp in finishing, **he has scored 6 goals and leads the team in assists with 8**. As long as the &#8217;14&#8217; performs at the current level, he will have plenty of arguments to challenge Rapha for a starting spot, who, before getting injured, contributed a couple of assists and 3 goals in 7 appearances.<\/p>  <p><strong><a data-external=\"0\" data-intl-links-en=\"https:\/\/www.fcbarcelonanoticias.com\/en\/lamine-yamal-fc-barcelona-player.html\" data-intl-links-es=\"https:\/\/www.fcbarcelonanoticias.com\/lamine-yamal.html\" href=\"https:\/\/www.fcbarcelonanoticias.com\/en\/lamine-yamal-fc-barcelona-player.html\" rel=\"follow\" target=\"_self\" title=\"Lamine Yamal\">Lamine Yamal<\/a><\/strong> (6G\/6A) and <strong>Ferm\u00edn L\u00f3pez<\/strong> (6G\/4A) have done their part to maintain the potency of a Bar\u00e7a attacking trident that has <strong>Robert Lewandowski<\/strong> and <strong>Ferran Torres<\/strong> as its top scorers (7 each)<\/p>  <p>While Real Madrid depends almost exclusively on Kylian Mbapp\u00e9&#8217;s goals (he scored 18 of the team&#8217;s 34 goals, 53%), Bar\u00e7a is collectively much more reliable in its offense. It&#8217;s no coincidence that 11 different players on the squad have scored at least once this season.<\/p>  <ul> <li>In <strong>FC Barcelona News<\/strong> we tell you every detail of the blaugrana current events and the <strong><a data-external=\"0\" data-intl-links-en=\"https:\/\/www.fcbarcelonanoticias.com\/en\/tags\/injured\" data-intl-links-es=\"https:\/\/www.fcbarcelonanoticias.com\/tags\/lesionados\" href=\"https:\/\/www.fcbarcelonanoticias.com\/en\/tags\/injured.html\" rel=\"follow\" target=\"_self\" title=\"Lesionados\">evolution of all the injured players<\/a><\/strong> <\/li> <\/ul> <h2>Upcoming FC Barcelona Matches<\/h2>  <ol> <li>November 22, 2025: <strong>Barcelona vs Athletic<\/strong> (16:15 CEST), matchday 13 of LaLiga.<\/li> \t<li>November 25, 2025: <strong>Chelsea vs Barcelona<\/strong> (21:00 CEST), matchday 5 of Champions.<\/li> \t<li>November 29, 2025: <strong>Barcelona vs Alav\u00e9s<\/strong>&nbsp;(16:15 CEST), matchday 13 of LaLiga.<\/li> <\/ol> ","protected":false},"excerpt":{"rendered":"<p>Bar\u00e7a awaits the returns of Joan Garc\u00eda and Raphinha after the November break. Both were injured in Oviedo on September 25 and should be ready to reappear against Athletic Hansi Flick&#8217;s FC Barcelona hopes to have Joan Garc\u00eda and Raphinha available for matchday 13 of LaLiga EA Sports 2025\/26, against Athletic. Both players will have [&hellip;]<\/p>\n","protected":false},"author":347,"featured_media":22073,"comment_status":"closed","ping_status":"open","sticky":false,"template":"","format":"standard","meta":{"_acf_changed":false,"inline_featured_image":false,"_nextfly_llmd_date_locked":false,"footnotes":""},"categories":[111,438],"tags":[136,185,144],"class_list":["post-22069","post","type-post","status-publish","format-standard","has-post-thumbnail","hentry","category-fc-barcelona","category-joan-garcia","tag-injured","tag-joan-garcia","tag-raphinha"],"acf":[],"yoast_head":"<!-- This site is optimized with the Yoast SEO plugin v27.3 - https:\/\/yoast.com\/product\/yoast-seo-wordpress\/ -->\n<title>Joan Garc\u00eda and Raphinha: two highly anticipated arrivals in Barcelona after the break<\/title>\n<meta name=\"description\" content=\"Bar\u00e7a awaits the returns of Joan Garc\u00eda and Raphinha after the November break. Both were injured in Oviedo on September 25\" \/>\n<meta name=\"robots\" content=\"index, follow, max-snippet:-1, max-image-preview:large, max-video-preview:-1\" \/>\n<link rel=\"canonical\" href=\"https:\/\/www.fcbarcelonanoticias.com\/en\/fc-barcelona\/joan-garcia-and-raphinha-two-highly-anticipated-arrivals-in-barcelona_315242_102.html\" \/>\n<meta property=\"og:locale\" content=\"en_US\" \/>\n<meta property=\"og:type\" content=\"article\" \/>\n<meta property=\"og:title\" content=\"Joan Garc\u00eda and Raphinha: two highly anticipated arrivals in Barcelona after the break\" \/>\n<meta property=\"og:description\" content=\"Bar\u00e7a awaits the returns of Joan Garc\u00eda and Raphinha after the November break. Both were injured in Oviedo on September 25\" \/>\n<meta property=\"og:url\" content=\"https:\/\/www.fcbarcelonanoticias.com\/en\/fc-barcelona\/joan-garcia-and-raphinha-two-highly-anticipated-arrivals-in-barcelona_315242_102.html\" \/>\n<meta property=\"og:site_name\" content=\"EN - FC Barcelona Noticias\" \/>\n<meta property=\"article:published_time\" content=\"2025-11-11T00:23:00+00:00\" \/>\n<meta property=\"article:modified_time\" content=\"2026-04-06T14:25:13+00:00\" \/>\n<meta property=\"og:image\" content=\"https:\/\/www.fcbarcelonanoticias.com\/en\/wp-content\/uploads\/sites\/2\/2025\/11\/raphinha-joan-garcia-fc-barcelona-25-26.webp\" \/>\n\t<meta property=\"og:image:width\" content=\"1200\" \/>\n\t<meta property=\"og:image:height\" content=\"675\" \/>\n\t<meta property=\"og:image:type\" content=\"image\/webp\" \/>\n<meta name=\"author\" content=\"Andr\u00e9s Quiroz\" \/>\n<meta name=\"twitter:card\" content=\"summary_large_image\" \/>\n<meta name=\"twitter:label1\" content=\"Written by\" \/>\n\t<meta name=\"twitter:data1\" content=\"Andr\u00e9s Quiroz\" \/>\n\t<meta name=\"twitter:label2\" content=\"Est. reading time\" \/>\n\t<meta name=\"twitter:data2\" content=\"3 minutes\" \/>\n<script type=\"application\/ld+json\" class=\"yoast-schema-graph\">{\"@context\":\"https:\\\/\\\/schema.org\",\"@graph\":[{\"@type\":\"Article\",\"@id\":\"https:\\\/\\\/www.fcbarcelonanoticias.com\\\/en\\\/fc-barcelona\\\/joan-garcia-and-raphinha-two-highly-anticipated-arrivals-in-barcelona_315242_102.html#article\",\"isPartOf\":{\"@id\":\"https:\\\/\\\/www.fcbarcelonanoticias.com\\\/en\\\/fc-barcelona\\\/joan-garcia-and-raphinha-two-highly-anticipated-arrivals-in-barcelona_315242_102.html\"},\"author\":{\"name\":\"Andr\u00e9s Quiroz\",\"@id\":\"https:\\\/\\\/www.fcbarcelonanoticias.com\\\/en\\\/#\\\/schema\\\/person\\\/c2cd9f6fa1af5c0d0eccd0fefa575c88\"},\"headline\":\"Joan Garc\u00eda and Raphinha: two highly anticipated arrivals in Barcelona after the break\",\"datePublished\":\"2025-11-11T00:23:00+00:00\",\"dateModified\":\"2026-04-06T14:25:13+00:00\",\"mainEntityOfPage\":{\"@id\":\"https:\\\/\\\/www.fcbarcelonanoticias.com\\\/en\\\/fc-barcelona\\\/joan-garcia-and-raphinha-two-highly-anticipated-arrivals-in-barcelona_315242_102.html\"},\"wordCount\":642,\"image\":{\"@id\":\"https:\\\/\\\/www.fcbarcelonanoticias.com\\\/en\\\/fc-barcelona\\\/joan-garcia-and-raphinha-two-highly-anticipated-arrivals-in-barcelona_315242_102.html#primaryimage\"},\"thumbnailUrl\":\"https:\\\/\\\/www.fcbarcelonanoticias.com\\\/en\\\/wp-content\\\/uploads\\\/sites\\\/2\\\/2025\\\/11\\\/raphinha-joan-garcia-fc-barcelona-25-26.webp\",\"keywords\":[\"injured\",\"Joan Garc\u00eda\",\"Raphinha\"],\"articleSection\":[\"FC Barcelona\",\"Joan Garc\u00eda\"],\"inLanguage\":\"en-US\"},{\"@type\":\"WebPage\",\"@id\":\"https:\\\/\\\/www.fcbarcelonanoticias.com\\\/en\\\/fc-barcelona\\\/joan-garcia-and-raphinha-two-highly-anticipated-arrivals-in-barcelona_315242_102.html\",\"url\":\"https:\\\/\\\/www.fcbarcelonanoticias.com\\\/en\\\/fc-barcelona\\\/joan-garcia-and-raphinha-two-highly-anticipated-arrivals-in-barcelona_315242_102.html\",\"name\":\"Joan Garc\u00eda and Raphinha: two highly anticipated arrivals in Barcelona after the break\",\"isPartOf\":{\"@id\":\"https:\\\/\\\/www.fcbarcelonanoticias.com\\\/en\\\/#website\"},\"primaryImageOfPage\":{\"@id\":\"https:\\\/\\\/www.fcbarcelonanoticias.com\\\/en\\\/fc-barcelona\\\/joan-garcia-and-raphinha-two-highly-anticipated-arrivals-in-barcelona_315242_102.html#primaryimage\"},\"image\":{\"@id\":\"https:\\\/\\\/www.fcbarcelonanoticias.com\\\/en\\\/fc-barcelona\\\/joan-garcia-and-raphinha-two-highly-anticipated-arrivals-in-barcelona_315242_102.html#primaryimage\"},\"thumbnailUrl\":\"https:\\\/\\\/www.fcbarcelonanoticias.com\\\/en\\\/wp-content\\\/uploads\\\/sites\\\/2\\\/2025\\\/11\\\/raphinha-joan-garcia-fc-barcelona-25-26.webp\",\"datePublished\":\"2025-11-11T00:23:00+00:00\",\"dateModified\":\"2026-04-06T14:25:13+00:00\",\"author\":{\"@id\":\"https:\\\/\\\/www.fcbarcelonanoticias.com\\\/en\\\/#\\\/schema\\\/person\\\/c2cd9f6fa1af5c0d0eccd0fefa575c88\"},\"description\":\"Bar\u00e7a awaits the returns of Joan Garc\u00eda and Raphinha after the November break. Both were injured in Oviedo on September 25\",\"breadcrumb\":{\"@id\":\"https:\\\/\\\/www.fcbarcelonanoticias.com\\\/en\\\/fc-barcelona\\\/joan-garcia-and-raphinha-two-highly-anticipated-arrivals-in-barcelona_315242_102.html#breadcrumb\"},\"inLanguage\":\"en-US\",\"potentialAction\":[{\"@type\":\"ReadAction\",\"target\":[\"https:\\\/\\\/www.fcbarcelonanoticias.com\\\/en\\\/fc-barcelona\\\/joan-garcia-and-raphinha-two-highly-anticipated-arrivals-in-barcelona_315242_102.html\"]}]},{\"@type\":\"ImageObject\",\"inLanguage\":\"en-US\",\"@id\":\"https:\\\/\\\/www.fcbarcelonanoticias.com\\\/en\\\/fc-barcelona\\\/joan-garcia-and-raphinha-two-highly-anticipated-arrivals-in-barcelona_315242_102.html#primaryimage\",\"url\":\"https:\\\/\\\/www.fcbarcelonanoticias.com\\\/en\\\/wp-content\\\/uploads\\\/sites\\\/2\\\/2025\\\/11\\\/raphinha-joan-garcia-fc-barcelona-25-26.webp\",\"contentUrl\":\"https:\\\/\\\/www.fcbarcelonanoticias.com\\\/en\\\/wp-content\\\/uploads\\\/sites\\\/2\\\/2025\\\/11\\\/raphinha-joan-garcia-fc-barcelona-25-26.webp\",\"width\":1200,\"height\":675},{\"@type\":\"BreadcrumbList\",\"@id\":\"https:\\\/\\\/www.fcbarcelonanoticias.com\\\/en\\\/fc-barcelona\\\/joan-garcia-and-raphinha-two-highly-anticipated-arrivals-in-barcelona_315242_102.html#breadcrumb\",\"itemListElement\":[{\"@type\":\"ListItem\",\"position\":1,\"name\":\"Portada\",\"item\":\"https:\\\/\\\/www.fcbarcelonanoticias.com\\\/en\\\/\"},{\"@type\":\"ListItem\",\"position\":2,\"name\":\"Joan Garc\u00eda and Raphinha: two highly anticipated arrivals in Barcelona after the break\"}]},{\"@type\":\"WebSite\",\"@id\":\"https:\\\/\\\/www.fcbarcelonanoticias.com\\\/en\\\/#website\",\"url\":\"https:\\\/\\\/www.fcbarcelonanoticias.com\\\/en\\\/\",\"name\":\"EN - FC Barcelona Noticias\",\"description\":\"\",\"potentialAction\":[{\"@type\":\"SearchAction\",\"target\":{\"@type\":\"EntryPoint\",\"urlTemplate\":\"https:\\\/\\\/www.fcbarcelonanoticias.com\\\/en\\\/?s={search_term_string}\"},\"query-input\":{\"@type\":\"PropertyValueSpecification\",\"valueRequired\":true,\"valueName\":\"search_term_string\"}}],\"inLanguage\":\"en-US\"},{\"@type\":\"Person\",\"@id\":\"https:\\\/\\\/www.fcbarcelonanoticias.com\\\/en\\\/#\\\/schema\\\/person\\\/c2cd9f6fa1af5c0d0eccd0fefa575c88\",\"name\":\"Andr\u00e9s Quiroz\",\"image\":{\"@type\":\"ImageObject\",\"inLanguage\":\"en-US\",\"@id\":\"https:\\\/\\\/secure.gravatar.com\\\/avatar\\\/?s=96&d=mm&r=g\",\"url\":\"https:\\\/\\\/secure.gravatar.com\\\/avatar\\\/?s=96&d=mm&r=g\",\"contentUrl\":\"https:\\\/\\\/secure.gravatar.com\\\/avatar\\\/?s=96&d=mm&r=g\",\"caption\":\"Andr\u00e9s Quiroz\"},\"description\":\"Licenciado en Periodismo por la Universidad de los Andes. Me encargo de analizar y compartir los contenidos m\u00e1s destacados de la\u00a0actualidad del F\u00fatbol Club Barcelona, Mercado de Fichajes y F\u00fatbol Internacional en FCBN. La informaci\u00f3n es poder, pero tambi\u00e9n conocimiento.\",\"url\":\"https:\\\/\\\/www.fcbarcelonanoticias.com\\\/en\\\/fc-barcelona\\\/andres-quiroz_17_115.html\"}]}<\/script>\n<!-- \/ Yoast SEO plugin. -->","yoast_head_json":{"title":"Joan Garc\u00eda and Raphinha: two highly anticipated arrivals in Barcelona after the break","description":"Bar\u00e7a awaits the returns of Joan Garc\u00eda and Raphinha after the November break. Both were injured in Oviedo on September 25","robots":{"index":"index","follow":"follow","max-snippet":"max-snippet:-1","max-image-preview":"max-image-preview:large","max-video-preview":"max-video-preview:-1"},"canonical":"https:\/\/www.fcbarcelonanoticias.com\/en\/fc-barcelona\/joan-garcia-and-raphinha-two-highly-anticipated-arrivals-in-barcelona_315242_102.html","og_locale":"en_US","og_type":"article","og_title":"Joan Garc\u00eda and Raphinha: two highly anticipated arrivals in Barcelona after the break","og_description":"Bar\u00e7a awaits the returns of Joan Garc\u00eda and Raphinha after the November break. Both were injured in Oviedo on September 25","og_url":"https:\/\/www.fcbarcelonanoticias.com\/en\/fc-barcelona\/joan-garcia-and-raphinha-two-highly-anticipated-arrivals-in-barcelona_315242_102.html","og_site_name":"EN - FC Barcelona Noticias","article_published_time":"2025-11-11T00:23:00+00:00","article_modified_time":"2026-04-06T14:25:13+00:00","og_image":[{"width":1200,"height":675,"url":"https:\/\/www.fcbarcelonanoticias.com\/en\/wp-content\/uploads\/sites\/2\/2025\/11\/raphinha-joan-garcia-fc-barcelona-25-26.webp","type":"image\/webp"}],"author":"Andr\u00e9s Quiroz","twitter_card":"summary_large_image","twitter_misc":{"Written by":"Andr\u00e9s Quiroz","Est. reading time":"3 minutes"},"schema":{"@context":"https:\/\/schema.org","@graph":[{"@type":"Article","@id":"https:\/\/www.fcbarcelonanoticias.com\/en\/fc-barcelona\/joan-garcia-and-raphinha-two-highly-anticipated-arrivals-in-barcelona_315242_102.html#article","isPartOf":{"@id":"https:\/\/www.fcbarcelonanoticias.com\/en\/fc-barcelona\/joan-garcia-and-raphinha-two-highly-anticipated-arrivals-in-barcelona_315242_102.html"},"author":{"name":"Andr\u00e9s Quiroz","@id":"https:\/\/www.fcbarcelonanoticias.com\/en\/#\/schema\/person\/c2cd9f6fa1af5c0d0eccd0fefa575c88"},"headline":"Joan Garc\u00eda and Raphinha: two highly anticipated arrivals in Barcelona after the break","datePublished":"2025-11-11T00:23:00+00:00","dateModified":"2026-04-06T14:25:13+00:00","mainEntityOfPage":{"@id":"https:\/\/www.fcbarcelonanoticias.com\/en\/fc-barcelona\/joan-garcia-and-raphinha-two-highly-anticipated-arrivals-in-barcelona_315242_102.html"},"wordCount":642,"image":{"@id":"https:\/\/www.fcbarcelonanoticias.com\/en\/fc-barcelona\/joan-garcia-and-raphinha-two-highly-anticipated-arrivals-in-barcelona_315242_102.html#primaryimage"},"thumbnailUrl":"https:\/\/www.fcbarcelonanoticias.com\/en\/wp-content\/uploads\/sites\/2\/2025\/11\/raphinha-joan-garcia-fc-barcelona-25-26.webp","keywords":["injured","Joan Garc\u00eda","Raphinha"],"articleSection":["FC Barcelona","Joan Garc\u00eda"],"inLanguage":"en-US"},{"@type":"WebPage","@id":"https:\/\/www.fcbarcelonanoticias.com\/en\/fc-barcelona\/joan-garcia-and-raphinha-two-highly-anticipated-arrivals-in-barcelona_315242_102.html","url":"https:\/\/www.fcbarcelonanoticias.com\/en\/fc-barcelona\/joan-garcia-and-raphinha-two-highly-anticipated-arrivals-in-barcelona_315242_102.html","name":"Joan Garc\u00eda and Raphinha: two highly anticipated arrivals in Barcelona after the break","isPartOf":{"@id":"https:\/\/www.fcbarcelonanoticias.com\/en\/#website"},"primaryImageOfPage":{"@id":"https:\/\/www.fcbarcelonanoticias.com\/en\/fc-barcelona\/joan-garcia-and-raphinha-two-highly-anticipated-arrivals-in-barcelona_315242_102.html#primaryimage"},"image":{"@id":"https:\/\/www.fcbarcelonanoticias.com\/en\/fc-barcelona\/joan-garcia-and-raphinha-two-highly-anticipated-arrivals-in-barcelona_315242_102.html#primaryimage"},"thumbnailUrl":"https:\/\/www.fcbarcelonanoticias.com\/en\/wp-content\/uploads\/sites\/2\/2025\/11\/raphinha-joan-garcia-fc-barcelona-25-26.webp","datePublished":"2025-11-11T00:23:00+00:00","dateModified":"2026-04-06T14:25:13+00:00","author":{"@id":"https:\/\/www.fcbarcelonanoticias.com\/en\/#\/schema\/person\/c2cd9f6fa1af5c0d0eccd0fefa575c88"},"description":"Bar\u00e7a awaits the returns of Joan Garc\u00eda and Raphinha after the November break. Both were injured in Oviedo on September 25","breadcrumb":{"@id":"https:\/\/www.fcbarcelonanoticias.com\/en\/fc-barcelona\/joan-garcia-and-raphinha-two-highly-anticipated-arrivals-in-barcelona_315242_102.html#breadcrumb"},"inLanguage":"en-US","potentialAction":[{"@type":"ReadAction","target":["https:\/\/www.fcbarcelonanoticias.com\/en\/fc-barcelona\/joan-garcia-and-raphinha-two-highly-anticipated-arrivals-in-barcelona_315242_102.html"]}]},{"@type":"ImageObject","inLanguage":"en-US","@id":"https:\/\/www.fcbarcelonanoticias.com\/en\/fc-barcelona\/joan-garcia-and-raphinha-two-highly-anticipated-arrivals-in-barcelona_315242_102.html#primaryimage","url":"https:\/\/www.fcbarcelonanoticias.com\/en\/wp-content\/uploads\/sites\/2\/2025\/11\/raphinha-joan-garcia-fc-barcelona-25-26.webp","contentUrl":"https:\/\/www.fcbarcelonanoticias.com\/en\/wp-content\/uploads\/sites\/2\/2025\/11\/raphinha-joan-garcia-fc-barcelona-25-26.webp","width":1200,"height":675},{"@type":"BreadcrumbList","@id":"https:\/\/www.fcbarcelonanoticias.com\/en\/fc-barcelona\/joan-garcia-and-raphinha-two-highly-anticipated-arrivals-in-barcelona_315242_102.html#breadcrumb","itemListElement":[{"@type":"ListItem","position":1,"name":"Portada","item":"https:\/\/www.fcbarcelonanoticias.com\/en\/"},{"@type":"ListItem","position":2,"name":"Joan Garc\u00eda and Raphinha: two highly anticipated arrivals in Barcelona after the break"}]},{"@type":"WebSite","@id":"https:\/\/www.fcbarcelonanoticias.com\/en\/#website","url":"https:\/\/www.fcbarcelonanoticias.com\/en\/","name":"EN - FC Barcelona Noticias","description":"","potentialAction":[{"@type":"SearchAction","target":{"@type":"EntryPoint","urlTemplate":"https:\/\/www.fcbarcelonanoticias.com\/en\/?s={search_term_string}"},"query-input":{"@type":"PropertyValueSpecification","valueRequired":true,"valueName":"search_term_string"}}],"inLanguage":"en-US"},{"@type":"Person","@id":"https:\/\/www.fcbarcelonanoticias.com\/en\/#\/schema\/person\/c2cd9f6fa1af5c0d0eccd0fefa575c88","name":"Andr\u00e9s Quiroz","image":{"@type":"ImageObject","inLanguage":"en-US","@id":"https:\/\/secure.gravatar.com\/avatar\/?s=96&d=mm&r=g","url":"https:\/\/secure.gravatar.com\/avatar\/?s=96&d=mm&r=g","contentUrl":"https:\/\/secure.gravatar.com\/avatar\/?s=96&d=mm&r=g","caption":"Andr\u00e9s Quiroz"},"description":"Licenciado en Periodismo por la Universidad de los Andes. Me encargo de analizar y compartir los contenidos m\u00e1s destacados de la\u00a0actualidad del F\u00fatbol Club Barcelona, Mercado de Fichajes y F\u00fatbol Internacional en FCBN. La informaci\u00f3n es poder, pero tambi\u00e9n conocimiento.","url":"https:\/\/www.fcbarcelonanoticias.com\/en\/fc-barcelona\/andres-quiroz_17_115.html"}]}},"_links":{"self":[{"href":"https:\/\/www.fcbarcelonanoticias.com\/en\/wp-json\/wp\/v2\/posts\/22069","targetHints":{"allow":["GET"]}}],"collection":[{"href":"https:\/\/www.fcbarcelonanoticias.com\/en\/wp-json\/wp\/v2\/posts"}],"about":[{"href":"https:\/\/www.fcbarcelonanoticias.com\/en\/wp-json\/wp\/v2\/types\/post"}],"author":[{"embeddable":true,"href":"https:\/\/www.fcbarcelonanoticias.com\/en\/wp-json\/wp\/v2\/users\/347"}],"replies":[{"embeddable":true,"href":"https:\/\/www.fcbarcelonanoticias.com\/en\/wp-json\/wp\/v2\/comments?post=22069"}],"version-history":[{"count":2,"href":"https:\/\/www.fcbarcelonanoticias.com\/en\/wp-json\/wp\/v2\/posts\/22069\/revisions"}],"predecessor-version":[{"id":158458,"href":"https:\/\/www.fcbarcelonanoticias.com\/en\/wp-json\/wp\/v2\/posts\/22069\/revisions\/158458"}],"wp:featuredmedia":[{"embeddable":true,"href":"https:\/\/www.fcbarcelonanoticias.com\/en\/wp-json\/wp\/v2\/media\/22073"}],"wp:attachment":[{"href":"https:\/\/www.fcbarcelonanoticias.com\/en\/wp-json\/wp\/v2\/media?parent=22069"}],"wp:term":[{"taxonomy":"category","embeddable":true,"href":"https:\/\/www.fcbarcelonanoticias.com\/en\/wp-json\/wp\/v2\/categories?post=22069"},{"taxonomy":"post_tag","embeddable":true,"href":"https:\/\/www.fcbarcelonanoticias.com\/en\/wp-json\/wp\/v2\/tags?post=22069"}],"curies":[{"name":"wp","href":"https:\/\/api.w.org\/{rel}","templated":true}]}}