{"id":22169,"date":"2024-05-31T15:19:00","date_gmt":"2024-05-31T13:19:00","guid":{"rendered":"https:\/\/weisetech.dev\/fc-barcelona-noticias\/en\/joan-laporta-and-his-board-from-2003-to-2010-criminally-exonerated-in-the-negreira-case_304026_102\/"},"modified":"2024-05-31T23:44:00","modified_gmt":"2024-05-31T21:44:00","slug":"joan-laporta-and-his-board-from-2003-to-2010-criminally-exonerated-in-the-negreira-case_304026_102","status":"publish","type":"post","link":"https:\/\/www.fcbarcelonanoticias.com\/en\/fc-barcelona\/joan-laporta-and-his-board-from-2003-to-2010-criminally-exonerated-in-the-negreira-case_304026_102.html","title":{"rendered":"Joan Laporta and his Board from 2003 to 2010, criminally exonerated in the &#8216;Negreira case&#8217;"},"content":{"rendered":"<h2 class=\"wp-block-heading\">The &#8216;Negreira case&#8217; continues to be clarified and this Friday a criminal exoneration arrived for Joan Laporta and the Board of Directors that accompanied him during his first stage as president of the club<\/h2>  \r\n<div class=\"article-addons\">\r\n    <a href=\"https:\/\/www.fcbarcelonanoticias.com\/en\/calendar-fc-barcelona.html\"\r\n       target=\"_self\"\r\n       title=\"Calendar of FC Barcelona\"\r\n       class=\"blue-gredient-btn\">\r\n       \r\n        Calendar of FC Barcelona    <\/a>\r\n<\/div>   <p>The past week the Audience of Barcelona announced the decision of the judge <a data-external=\"0\" data-intl-links-en=\"https:\/\/www.fcbarcelonanoticias.com\/en\/fc-barcelona\/fcbarcelona-shows-its-satisfaction-with-the-recent-resolution-of-the-negreira-case_303807_102.html\" data-intl-links-es=\"https:\/\/www.fcbarcelonanoticias.com\/fc-barcelona\/fc-barcelona-muestra-su-satisfaccion-por-reciente-resolucion-del-caso-negreira_303807_102.html\" href=\"https:\/\/www.fcbarcelonanoticias.com\/en\/fc-barcelona\/fcbarcelona-shows-its-satisfaction-with-the-recent-resolution-of-the-negreira-case_303807_102.html\" rel=\"follow\" satisfacci=\"\" target=\"_self\" title=\"El FC Barcelona muestra su \">of the &#8216;case Negreira&#8217;<\/a> to revoke a crime of cohecho to the club and to the directors investigated by the payments to the exvicepresidente of the Technical Committee of Referees (CTA).<strong> Of this way, the Audience gives the reason to the Fiscal\u00eda Anticorrupci\u00f3n and to the defences and cancels the imputaci\u00f3n of cohecho in the case, which himself that follows keeping by the moment other crimes, between which finds the one of sportive corruption.<\/strong><\/p>  <p>In that moment informed that the investigation would continue against the rest of investigated, between which find the ex Barcelona presidents, Josep Maria Bartomeu and Sandro Rosell, and also Joan Laporta, by his first stage at the head of the Barcelona club. <strong>But this Friday has arrived a new positive news afterwards that the section 21 of the Audience of Barcelona notified that they estimate the resources of Appeal interposed against the decision of the Court of Instruction number 1 of Barcelona of 18 October 2023 to attribute the condition of investigated to the president Laporta.<\/strong><\/p>  <h2>New positive novelties for Joan Laporta and for the Bar\u00e7a<\/h2>  <p>The communiqu\u00e9 indicates that<strong> &#8220;the president Joan Laporta and all those people that were members of the managerial board of the Barcelona club during his mandate comprised between 15 June 2003 and on 30 June 2010 or that were integrated in the organisation chart of the club and had an effective responsibility in the taking of the decision to effect the payments&#8221; have remained exonerated of penal responsibility.<\/strong><\/p>  <p>This last pronouncement complements the decision of the past week to exclude the hypothesis instructor of the cohecho to the not being able to consider to Enr\u00edquez Negreira like civil servant, by what the current president of the Bar\u00e7a and the members of his directive during the period 2003-2010 will remain excluded of any penal responsibility. The car of the section 21 of the Audience of Barcelona signals that<strong> &#8220;the mandate of the Mr. Laporta, like director of the FC Barcelona, took place between 15 June and on 30 June 2010,<\/strong> <strong>being this day the last in which it exerted his charge the one who will determine the start of the computation of the term prescriptivo&#8221;, <\/strong>explains.<\/p>  <p>The resources of appeal were interposed by the Fiscal Ministry, Albert Soler, the FC Barcelona, Josep Maria Bartomeu and Joan Laporta when considering that in no case it could have crime of cohecho to the not being Enr\u00edquez Negreira civil servant of the state by his charge like vice-president of the Technical Committee of Referees of 1994 to 2018. <strong>It is necessary to remember that <a data-external=\"0\" data-intl-links-en=\"https:\/\/www.fcbarcelonanoticias.com\/en\/champions-league\/tchouameni-testimonial-presence-in-madrids-call-for-the-final-of-champions-league_304006_102.html\" data-intl-links-es=\"https:\/\/www.fcbarcelonanoticias.com\/champions-league\/tchouameni-presencia-testimonial-en-convocatoria-madrid-final-champions-league_304006_102.html\" href=\"https:\/\/www.fcbarcelonanoticias.com\/en\/champions-league\/tchouameni-testimonial-presence-in-madrids-call-for-the-final-of-champions-league_304006_102.html\" rel=\"follow\" target=\"_self\" title=\"Tchouam\u00e9ni, presencia testimonial en la convocatoria del Madrid para la final de la Champions&nbsp;League\">the Real Madrid<\/a> was one of which opuso to the admission of the quoted resource of appeal, as well as LaLiga, but have not been able to advance further of this initial idea.<\/strong><\/p> ","protected":false},"excerpt":{"rendered":"<p>The &#8216;Negreira case&#8217; continues to be clarified and this Friday a criminal exoneration arrived for Joan Laporta and the Board of Directors that accompanied him during his first stage as president of the club The past week the Audience of Barcelona announced the decision of the judge of the &#8216;case Negreira&#8217; to revoke a crime [&hellip;]<\/p>\n","protected":false},"author":345,"featured_media":17991,"comment_status":"closed","ping_status":"open","sticky":false,"template":"","format":"standard","meta":{"_acf_changed":false,"inline_featured_image":false,"_nextfly_llmd_date_locked":false,"footnotes":""},"categories":[111],"tags":[270,158],"class_list":["post-22169","post","type-post","status-publish","format-standard","has-post-thumbnail","hentry","category-fc-barcelona","tag-case-negreira","tag-joan-laporta"],"acf":[],"yoast_head":"<!-- This site is optimized with the Yoast SEO plugin v27.3 - https:\/\/yoast.com\/product\/yoast-seo-wordpress\/ -->\n<title>Joan Laporta and his Board from 2003 to 2010, criminally exonerated in the &#039;Negreira case&#039;<\/title>\n<meta name=\"description\" content=\"The &#039;Negreira case&#039; continues to be clarified and this Friday a criminal exoneration arrived for Joan Laporta and the Board of Directors that accompanied him during his first stage as president of the club\" \/>\n<meta name=\"robots\" content=\"index, follow, max-snippet:-1, max-image-preview:large, max-video-preview:-1\" \/>\n<link rel=\"canonical\" href=\"https:\/\/www.fcbarcelonanoticias.com\/en\/fc-barcelona\/joan-laporta-and-his-board-from-2003-to-2010-criminally-exonerated-in-the-negreira-case_304026_102.html\" \/>\n<meta property=\"og:locale\" content=\"en_US\" \/>\n<meta property=\"og:type\" content=\"article\" \/>\n<meta property=\"og:title\" content=\"Joan Laporta and his Board from 2003 to 2010, criminally exonerated in the &#039;Negreira case&#039;\" \/>\n<meta property=\"og:description\" content=\"The &#039;Negreira case&#039; continues to be clarified and this Friday a criminal exoneration arrived for Joan Laporta and the Board of Directors that accompanied him during his first stage as president of the club\" \/>\n<meta property=\"og:url\" content=\"https:\/\/www.fcbarcelonanoticias.com\/en\/fc-barcelona\/joan-laporta-and-his-board-from-2003-to-2010-criminally-exonerated-in-the-negreira-case_304026_102.html\" \/>\n<meta property=\"og:site_name\" content=\"EN - FC Barcelona Noticias\" \/>\n<meta property=\"article:published_time\" content=\"2024-05-31T13:19:00+00:00\" \/>\n<meta property=\"article:modified_time\" content=\"2024-05-31T21:44:00+00:00\" \/>\n<meta property=\"og:image\" content=\"https:\/\/www.fcbarcelonanoticias.com\/en\/wp-content\/uploads\/sites\/2\/2023\/07\/joan-laporta-rueda.jpeg\" \/>\n\t<meta property=\"og:image:width\" content=\"1300\" \/>\n\t<meta property=\"og:image:height\" content=\"738\" \/>\n\t<meta property=\"og:image:type\" content=\"image\/jpeg\" \/>\n<meta name=\"author\" content=\"Carlos Montenegro\" \/>\n<meta name=\"twitter:card\" content=\"summary_large_image\" \/>\n<meta name=\"twitter:label1\" content=\"Written by\" \/>\n\t<meta name=\"twitter:data1\" content=\"Carlos Montenegro\" \/>\n\t<meta name=\"twitter:label2\" content=\"Est. reading time\" \/>\n\t<meta name=\"twitter:data2\" content=\"3 minutes\" \/>\n<script type=\"application\/ld+json\" class=\"yoast-schema-graph\">{\"@context\":\"https:\\\/\\\/schema.org\",\"@graph\":[{\"@type\":\"Article\",\"@id\":\"https:\\\/\\\/www.fcbarcelonanoticias.com\\\/en\\\/fc-barcelona\\\/joan-laporta-and-his-board-from-2003-to-2010-criminally-exonerated-in-the-negreira-case_304026_102.html#article\",\"isPartOf\":{\"@id\":\"https:\\\/\\\/www.fcbarcelonanoticias.com\\\/en\\\/fc-barcelona\\\/joan-laporta-and-his-board-from-2003-to-2010-criminally-exonerated-in-the-negreira-case_304026_102.html\"},\"author\":{\"name\":\"Carlos Montenegro\",\"@id\":\"https:\\\/\\\/www.fcbarcelonanoticias.com\\\/en\\\/#\\\/schema\\\/person\\\/aa1d038709c262cb247e240f6b39bbf5\"},\"headline\":\"Joan Laporta and his Board from 2003 to 2010, criminally exonerated in the &#8216;Negreira case&#8217;\",\"datePublished\":\"2024-05-31T13:19:00+00:00\",\"dateModified\":\"2024-05-31T21:44:00+00:00\",\"mainEntityOfPage\":{\"@id\":\"https:\\\/\\\/www.fcbarcelonanoticias.com\\\/en\\\/fc-barcelona\\\/joan-laporta-and-his-board-from-2003-to-2010-criminally-exonerated-in-the-negreira-case_304026_102.html\"},\"wordCount\":516,\"image\":{\"@id\":\"https:\\\/\\\/www.fcbarcelonanoticias.com\\\/en\\\/fc-barcelona\\\/joan-laporta-and-his-board-from-2003-to-2010-criminally-exonerated-in-the-negreira-case_304026_102.html#primaryimage\"},\"thumbnailUrl\":\"https:\\\/\\\/www.fcbarcelonanoticias.com\\\/en\\\/wp-content\\\/uploads\\\/sites\\\/2\\\/2023\\\/07\\\/joan-laporta-rueda.jpeg\",\"keywords\":[\"Case Negreira\",\"Joan Laporta\"],\"articleSection\":[\"FC Barcelona\"],\"inLanguage\":\"en-US\"},{\"@type\":\"WebPage\",\"@id\":\"https:\\\/\\\/www.fcbarcelonanoticias.com\\\/en\\\/fc-barcelona\\\/joan-laporta-and-his-board-from-2003-to-2010-criminally-exonerated-in-the-negreira-case_304026_102.html\",\"url\":\"https:\\\/\\\/www.fcbarcelonanoticias.com\\\/en\\\/fc-barcelona\\\/joan-laporta-and-his-board-from-2003-to-2010-criminally-exonerated-in-the-negreira-case_304026_102.html\",\"name\":\"Joan Laporta and his Board from 2003 to 2010, criminally exonerated in the 'Negreira case'\",\"isPartOf\":{\"@id\":\"https:\\\/\\\/www.fcbarcelonanoticias.com\\\/en\\\/#website\"},\"primaryImageOfPage\":{\"@id\":\"https:\\\/\\\/www.fcbarcelonanoticias.com\\\/en\\\/fc-barcelona\\\/joan-laporta-and-his-board-from-2003-to-2010-criminally-exonerated-in-the-negreira-case_304026_102.html#primaryimage\"},\"image\":{\"@id\":\"https:\\\/\\\/www.fcbarcelonanoticias.com\\\/en\\\/fc-barcelona\\\/joan-laporta-and-his-board-from-2003-to-2010-criminally-exonerated-in-the-negreira-case_304026_102.html#primaryimage\"},\"thumbnailUrl\":\"https:\\\/\\\/www.fcbarcelonanoticias.com\\\/en\\\/wp-content\\\/uploads\\\/sites\\\/2\\\/2023\\\/07\\\/joan-laporta-rueda.jpeg\",\"datePublished\":\"2024-05-31T13:19:00+00:00\",\"dateModified\":\"2024-05-31T21:44:00+00:00\",\"author\":{\"@id\":\"https:\\\/\\\/www.fcbarcelonanoticias.com\\\/en\\\/#\\\/schema\\\/person\\\/aa1d038709c262cb247e240f6b39bbf5\"},\"description\":\"The 'Negreira case' continues to be clarified and this Friday a criminal exoneration arrived for Joan Laporta and the Board of Directors that accompanied him during his first stage as president of the club\",\"breadcrumb\":{\"@id\":\"https:\\\/\\\/www.fcbarcelonanoticias.com\\\/en\\\/fc-barcelona\\\/joan-laporta-and-his-board-from-2003-to-2010-criminally-exonerated-in-the-negreira-case_304026_102.html#breadcrumb\"},\"inLanguage\":\"en-US\",\"potentialAction\":[{\"@type\":\"ReadAction\",\"target\":[\"https:\\\/\\\/www.fcbarcelonanoticias.com\\\/en\\\/fc-barcelona\\\/joan-laporta-and-his-board-from-2003-to-2010-criminally-exonerated-in-the-negreira-case_304026_102.html\"]}]},{\"@type\":\"ImageObject\",\"inLanguage\":\"en-US\",\"@id\":\"https:\\\/\\\/www.fcbarcelonanoticias.com\\\/en\\\/fc-barcelona\\\/joan-laporta-and-his-board-from-2003-to-2010-criminally-exonerated-in-the-negreira-case_304026_102.html#primaryimage\",\"url\":\"https:\\\/\\\/www.fcbarcelonanoticias.com\\\/en\\\/wp-content\\\/uploads\\\/sites\\\/2\\\/2023\\\/07\\\/joan-laporta-rueda.jpeg\",\"contentUrl\":\"https:\\\/\\\/www.fcbarcelonanoticias.com\\\/en\\\/wp-content\\\/uploads\\\/sites\\\/2\\\/2023\\\/07\\\/joan-laporta-rueda.jpeg\",\"width\":1300,\"height\":738},{\"@type\":\"BreadcrumbList\",\"@id\":\"https:\\\/\\\/www.fcbarcelonanoticias.com\\\/en\\\/fc-barcelona\\\/joan-laporta-and-his-board-from-2003-to-2010-criminally-exonerated-in-the-negreira-case_304026_102.html#breadcrumb\",\"itemListElement\":[{\"@type\":\"ListItem\",\"position\":1,\"name\":\"Portada\",\"item\":\"https:\\\/\\\/www.fcbarcelonanoticias.com\\\/en\\\/\"},{\"@type\":\"ListItem\",\"position\":2,\"name\":\"Joan Laporta and his Board from 2003 to 2010, criminally exonerated in the &#8216;Negreira case&#8217;\"}]},{\"@type\":\"WebSite\",\"@id\":\"https:\\\/\\\/www.fcbarcelonanoticias.com\\\/en\\\/#website\",\"url\":\"https:\\\/\\\/www.fcbarcelonanoticias.com\\\/en\\\/\",\"name\":\"EN - FC Barcelona Noticias\",\"description\":\"\",\"potentialAction\":[{\"@type\":\"SearchAction\",\"target\":{\"@type\":\"EntryPoint\",\"urlTemplate\":\"https:\\\/\\\/www.fcbarcelonanoticias.com\\\/en\\\/?s={search_term_string}\"},\"query-input\":{\"@type\":\"PropertyValueSpecification\",\"valueRequired\":true,\"valueName\":\"search_term_string\"}}],\"inLanguage\":\"en-US\"},{\"@type\":\"Person\",\"@id\":\"https:\\\/\\\/www.fcbarcelonanoticias.com\\\/en\\\/#\\\/schema\\\/person\\\/aa1d038709c262cb247e240f6b39bbf5\",\"name\":\"Carlos Montenegro\",\"image\":{\"@type\":\"ImageObject\",\"inLanguage\":\"en-US\",\"@id\":\"https:\\\/\\\/secure.gravatar.com\\\/avatar\\\/?s=96&d=mm&r=g\",\"url\":\"https:\\\/\\\/secure.gravatar.com\\\/avatar\\\/?s=96&d=mm&r=g\",\"contentUrl\":\"https:\\\/\\\/secure.gravatar.com\\\/avatar\\\/?s=96&d=mm&r=g\",\"caption\":\"Carlos Montenegro\"},\"url\":\"https:\\\/\\\/www.fcbarcelonanoticias.com\\\/en\\\/carlos-montenegro_20_115.html\"}]}<\/script>\n<!-- \/ Yoast SEO plugin. -->","yoast_head_json":{"title":"Joan Laporta and his Board from 2003 to 2010, criminally exonerated in the 'Negreira case'","description":"The 'Negreira case' continues to be clarified and this Friday a criminal exoneration arrived for Joan Laporta and the Board of Directors that accompanied him during his first stage as president of the club","robots":{"index":"index","follow":"follow","max-snippet":"max-snippet:-1","max-image-preview":"max-image-preview:large","max-video-preview":"max-video-preview:-1"},"canonical":"https:\/\/www.fcbarcelonanoticias.com\/en\/fc-barcelona\/joan-laporta-and-his-board-from-2003-to-2010-criminally-exonerated-in-the-negreira-case_304026_102.html","og_locale":"en_US","og_type":"article","og_title":"Joan Laporta and his Board from 2003 to 2010, criminally exonerated in the 'Negreira case'","og_description":"The 'Negreira case' continues to be clarified and this Friday a criminal exoneration arrived for Joan Laporta and the Board of Directors that accompanied him during his first stage as president of the club","og_url":"https:\/\/www.fcbarcelonanoticias.com\/en\/fc-barcelona\/joan-laporta-and-his-board-from-2003-to-2010-criminally-exonerated-in-the-negreira-case_304026_102.html","og_site_name":"EN - FC Barcelona Noticias","article_published_time":"2024-05-31T13:19:00+00:00","article_modified_time":"2024-05-31T21:44:00+00:00","og_image":[{"width":1300,"height":738,"url":"https:\/\/www.fcbarcelonanoticias.com\/en\/wp-content\/uploads\/sites\/2\/2023\/07\/joan-laporta-rueda.jpeg","type":"image\/jpeg"}],"author":"Carlos Montenegro","twitter_card":"summary_large_image","twitter_misc":{"Written by":"Carlos Montenegro","Est. reading time":"3 minutes"},"schema":{"@context":"https:\/\/schema.org","@graph":[{"@type":"Article","@id":"https:\/\/www.fcbarcelonanoticias.com\/en\/fc-barcelona\/joan-laporta-and-his-board-from-2003-to-2010-criminally-exonerated-in-the-negreira-case_304026_102.html#article","isPartOf":{"@id":"https:\/\/www.fcbarcelonanoticias.com\/en\/fc-barcelona\/joan-laporta-and-his-board-from-2003-to-2010-criminally-exonerated-in-the-negreira-case_304026_102.html"},"author":{"name":"Carlos Montenegro","@id":"https:\/\/www.fcbarcelonanoticias.com\/en\/#\/schema\/person\/aa1d038709c262cb247e240f6b39bbf5"},"headline":"Joan Laporta and his Board from 2003 to 2010, criminally exonerated in the &#8216;Negreira case&#8217;","datePublished":"2024-05-31T13:19:00+00:00","dateModified":"2024-05-31T21:44:00+00:00","mainEntityOfPage":{"@id":"https:\/\/www.fcbarcelonanoticias.com\/en\/fc-barcelona\/joan-laporta-and-his-board-from-2003-to-2010-criminally-exonerated-in-the-negreira-case_304026_102.html"},"wordCount":516,"image":{"@id":"https:\/\/www.fcbarcelonanoticias.com\/en\/fc-barcelona\/joan-laporta-and-his-board-from-2003-to-2010-criminally-exonerated-in-the-negreira-case_304026_102.html#primaryimage"},"thumbnailUrl":"https:\/\/www.fcbarcelonanoticias.com\/en\/wp-content\/uploads\/sites\/2\/2023\/07\/joan-laporta-rueda.jpeg","keywords":["Case Negreira","Joan Laporta"],"articleSection":["FC Barcelona"],"inLanguage":"en-US"},{"@type":"WebPage","@id":"https:\/\/www.fcbarcelonanoticias.com\/en\/fc-barcelona\/joan-laporta-and-his-board-from-2003-to-2010-criminally-exonerated-in-the-negreira-case_304026_102.html","url":"https:\/\/www.fcbarcelonanoticias.com\/en\/fc-barcelona\/joan-laporta-and-his-board-from-2003-to-2010-criminally-exonerated-in-the-negreira-case_304026_102.html","name":"Joan Laporta and his Board from 2003 to 2010, criminally exonerated in the 'Negreira case'","isPartOf":{"@id":"https:\/\/www.fcbarcelonanoticias.com\/en\/#website"},"primaryImageOfPage":{"@id":"https:\/\/www.fcbarcelonanoticias.com\/en\/fc-barcelona\/joan-laporta-and-his-board-from-2003-to-2010-criminally-exonerated-in-the-negreira-case_304026_102.html#primaryimage"},"image":{"@id":"https:\/\/www.fcbarcelonanoticias.com\/en\/fc-barcelona\/joan-laporta-and-his-board-from-2003-to-2010-criminally-exonerated-in-the-negreira-case_304026_102.html#primaryimage"},"thumbnailUrl":"https:\/\/www.fcbarcelonanoticias.com\/en\/wp-content\/uploads\/sites\/2\/2023\/07\/joan-laporta-rueda.jpeg","datePublished":"2024-05-31T13:19:00+00:00","dateModified":"2024-05-31T21:44:00+00:00","author":{"@id":"https:\/\/www.fcbarcelonanoticias.com\/en\/#\/schema\/person\/aa1d038709c262cb247e240f6b39bbf5"},"description":"The 'Negreira case' continues to be clarified and this Friday a criminal exoneration arrived for Joan Laporta and the Board of Directors that accompanied him during his first stage as president of the club","breadcrumb":{"@id":"https:\/\/www.fcbarcelonanoticias.com\/en\/fc-barcelona\/joan-laporta-and-his-board-from-2003-to-2010-criminally-exonerated-in-the-negreira-case_304026_102.html#breadcrumb"},"inLanguage":"en-US","potentialAction":[{"@type":"ReadAction","target":["https:\/\/www.fcbarcelonanoticias.com\/en\/fc-barcelona\/joan-laporta-and-his-board-from-2003-to-2010-criminally-exonerated-in-the-negreira-case_304026_102.html"]}]},{"@type":"ImageObject","inLanguage":"en-US","@id":"https:\/\/www.fcbarcelonanoticias.com\/en\/fc-barcelona\/joan-laporta-and-his-board-from-2003-to-2010-criminally-exonerated-in-the-negreira-case_304026_102.html#primaryimage","url":"https:\/\/www.fcbarcelonanoticias.com\/en\/wp-content\/uploads\/sites\/2\/2023\/07\/joan-laporta-rueda.jpeg","contentUrl":"https:\/\/www.fcbarcelonanoticias.com\/en\/wp-content\/uploads\/sites\/2\/2023\/07\/joan-laporta-rueda.jpeg","width":1300,"height":738},{"@type":"BreadcrumbList","@id":"https:\/\/www.fcbarcelonanoticias.com\/en\/fc-barcelona\/joan-laporta-and-his-board-from-2003-to-2010-criminally-exonerated-in-the-negreira-case_304026_102.html#breadcrumb","itemListElement":[{"@type":"ListItem","position":1,"name":"Portada","item":"https:\/\/www.fcbarcelonanoticias.com\/en\/"},{"@type":"ListItem","position":2,"name":"Joan Laporta and his Board from 2003 to 2010, criminally exonerated in the &#8216;Negreira case&#8217;"}]},{"@type":"WebSite","@id":"https:\/\/www.fcbarcelonanoticias.com\/en\/#website","url":"https:\/\/www.fcbarcelonanoticias.com\/en\/","name":"EN - FC Barcelona Noticias","description":"","potentialAction":[{"@type":"SearchAction","target":{"@type":"EntryPoint","urlTemplate":"https:\/\/www.fcbarcelonanoticias.com\/en\/?s={search_term_string}"},"query-input":{"@type":"PropertyValueSpecification","valueRequired":true,"valueName":"search_term_string"}}],"inLanguage":"en-US"},{"@type":"Person","@id":"https:\/\/www.fcbarcelonanoticias.com\/en\/#\/schema\/person\/aa1d038709c262cb247e240f6b39bbf5","name":"Carlos Montenegro","image":{"@type":"ImageObject","inLanguage":"en-US","@id":"https:\/\/secure.gravatar.com\/avatar\/?s=96&d=mm&r=g","url":"https:\/\/secure.gravatar.com\/avatar\/?s=96&d=mm&r=g","contentUrl":"https:\/\/secure.gravatar.com\/avatar\/?s=96&d=mm&r=g","caption":"Carlos Montenegro"},"url":"https:\/\/www.fcbarcelonanoticias.com\/en\/carlos-montenegro_20_115.html"}]}},"_links":{"self":[{"href":"https:\/\/www.fcbarcelonanoticias.com\/en\/wp-json\/wp\/v2\/posts\/22169","targetHints":{"allow":["GET"]}}],"collection":[{"href":"https:\/\/www.fcbarcelonanoticias.com\/en\/wp-json\/wp\/v2\/posts"}],"about":[{"href":"https:\/\/www.fcbarcelonanoticias.com\/en\/wp-json\/wp\/v2\/types\/post"}],"author":[{"embeddable":true,"href":"https:\/\/www.fcbarcelonanoticias.com\/en\/wp-json\/wp\/v2\/users\/345"}],"replies":[{"embeddable":true,"href":"https:\/\/www.fcbarcelonanoticias.com\/en\/wp-json\/wp\/v2\/comments?post=22169"}],"version-history":[{"count":4,"href":"https:\/\/www.fcbarcelonanoticias.com\/en\/wp-json\/wp\/v2\/posts\/22169\/revisions"}],"predecessor-version":[{"id":22179,"href":"https:\/\/www.fcbarcelonanoticias.com\/en\/wp-json\/wp\/v2\/posts\/22169\/revisions\/22179"}],"wp:featuredmedia":[{"embeddable":true,"href":"https:\/\/www.fcbarcelonanoticias.com\/en\/wp-json\/wp\/v2\/media\/17991"}],"wp:attachment":[{"href":"https:\/\/www.fcbarcelonanoticias.com\/en\/wp-json\/wp\/v2\/media?parent=22169"}],"wp:term":[{"taxonomy":"category","embeddable":true,"href":"https:\/\/www.fcbarcelonanoticias.com\/en\/wp-json\/wp\/v2\/categories?post=22169"},{"taxonomy":"post_tag","embeddable":true,"href":"https:\/\/www.fcbarcelonanoticias.com\/en\/wp-json\/wp\/v2\/tags?post=22169"}],"curies":[{"name":"wp","href":"https:\/\/api.w.org\/{rel}","templated":true}]}}