{"id":22238,"date":"2025-10-10T23:25:00","date_gmt":"2025-10-10T21:25:00","guid":{"rendered":"https:\/\/weisetech.dev\/fc-barcelona-noticias\/en\/joan-garcia-and-his-recovery-ruled-out-for-clasico_314997_102\/"},"modified":"2026-04-06T16:31:20","modified_gmt":"2026-04-06T14:31:20","slug":"joan-garcia-and-his-recovery-ruled-out-for-clasico_314997_102","status":"publish","type":"post","link":"https:\/\/www.fcbarcelonanoticias.com\/en\/fc-barcelona\/joan-garcia-and-his-recovery-ruled-out-for-clasico_314997_102.html","title":{"rendered":"Joan Garc\u00eda sets a date for his return with Bar\u00e7a: will he play in the Cl\u00e1sico?"},"content":{"rendered":"<h2 class=\"wp-block-heading\">Joan Garc\u00eda accompanied the Bar\u00e7a basketball team on Friday at the Palau Blaugrana. The Bar\u00e7a goalkeeper, along with Eric Garc\u00eda, revealed how his recovery is progressing<\/h2>  \r\n<div class=\"article-addons\">\r\n    <a href=\"https:\/\/www.fcbarcelonanoticias.com\/en\/calendar-fc-barcelona.html\"\r\n       target=\"_self\"\r\n       title=\"Calendar of FC Barcelona\"\r\n       class=\"blue-gredient-btn\">\r\n       \r\n        Calendar of FC Barcelona    <\/a>\r\n<\/div>   <p><strong>Barcelona Basketball<\/strong> secured their second victory in the EuroLeague against <strong>Valencia<\/strong> at the Palau Blaugrana (108-102) with two special guests. <strong>Joan Garc\u00eda<\/strong> and <strong>Eric Garc\u00eda<\/strong> enjoyed the Catalan victory during the team&#8217;s break for the international window.<\/p>  <p>In the case of the goalkeeper, &#8217;13&#8217; continues his recovery after undergoing surgery on September 28. The player from Sallent suffered a <strong><a data-external=\"0\" data-intl-links-en=\"https:\/\/www.fcbarcelonanoticias.com\/en\/fc-barcelona\/joan-garcia-undergoes-meniscus-surgery-out-for-4-6-weeks-at-barca_314838_102.html\" data-intl-links-es=\"https:\/\/www.fcbarcelonanoticias.com\/fc-barcelona\/joan-garcia-operado-menisco-baja-barca_314838_102.html\" href=\"https:\/\/www.fcbarcelonanoticias.com\/en\/fc-barcelona\/joan-garcia-undergoes-meniscus-surgery-out-for-4-6-weeks-at-barca_314838_102.html\" rel=\"follow\" target=\"_self\" title=\"Joan Garc\u00eda pasa por quir\u00f3fano por una lesi\u00f3n de menisco: 4-6 semanas de baja\">rupture of the internal meniscus of his left knee<\/a><\/strong> and his time off was estimated at 4 to 6 weeks, according to his progress.<\/p>  <p>In a brief chat with &#8216;Movistar+&#8217;, Garc\u00eda explained how his recovery with Bar\u00e7a is progressing. Although the club has not ruled him out for the final stretch of October, thinking about <a data-external=\"0\" data-intl-links-en=\"https:\/\/www.fcbarcelonanoticias.com\/en\/laliga\/real-madrid-barcelona-special-ball-for-laliga-clasico_314883_102.html\" data-intl-links-es=\"https:\/\/www.fcbarcelonanoticias.com\/laliga\/real-madrid-vs-fc-barcelona-primer-clasico-liga-tendra-balon-exclusivo_314883_102.html\" href=\"https:\/\/www.fcbarcelonanoticias.com\/en\/laliga\/real-madrid-barcelona-special-ball-for-laliga-clasico_314883_102.html\" rel=\"follow\" target=\"_self\" title=\"Real Madrid vs FC Barcelona: el primer Cl\u00e1sico de Liga tendr\u00e1 bal\u00f3n exclusivo\">the Cl\u00e1sico against Real Madrid (October 26)<\/a>, the goalkeeper does not believe he will be ready in time for matchday 10 of LaLiga.<\/p>  <h2>Joan Garc\u00eda Would Be Out for Another Month with Bar\u00e7a<\/h2>  <p>&#8220;<strong>The knee is doing well, we&#8217;ll see how I progress, but for now, everything is going well<\/strong>,&#8221; said the 24-year-old goalkeeper regarding his physical condition. However, he made it clear that his return is not yet imminent.<\/p>  <p><strong>&#8220;In a month, more or less,&#8221; he said regarding his return to action<\/strong>. If this forecast is confirmed, Joan would reappear after the November international break. <a data-external=\"0\" data-intl-links-en=\"https:\/\/www.fcbarcelonanoticias.com\/en\/fc-barcelona\/barcelona-official-schedule-after-october-break_314989_102.html\" data-intl-links-es=\"https:\/\/www.fcbarcelonanoticias.com\/fc-barcelona\/fc-barcelona-disputara-6-partidos-22-dias-despues-paron_314989_102.html\" href=\"https:\/\/www.fcbarcelonanoticias.com\/en\/fc-barcelona\/barcelona-official-schedule-after-october-break_314989_102.html\" rel=\"follow\" target=\"_self\" title=\"El FC Barcelona disputar\u00e1 6 partidos en 22 d\u00edas despu\u00e9s del par\u00f3n\">Bar\u00e7a will play 6 matches<\/a> between October 18 and November 9, 4 in La Liga and 2 in the Champions League.<\/p>  <p>The player from Sallent missed the last 3 Bar\u00e7a matches (<strong>Real Sociedad, PSG and Sevilla<\/strong>) and will also be unavailable against Girona and Olympiacos. Considering that the first Cl\u00e1sico of the 25\/26 season is played in two weeks, it is very unlikely that the &#8217;13&#8217; will be available at the Santiago Bernab\u00e9u.<\/p>  <h2>Szczesny Must Step Up as Joan Garc\u00eda Returns<\/h2>  <div class=\"media media-image\" data-ck-asset-wrapper=\"\"> <div class=\"media-item\"> <div class=\"media media-image\" data-ck-asset-wrapper=\"\"> <div class=\"media-item\"> <img loading=\"lazy\" decoding=\"async\" alt=\"El sorprendente mensaje de Szczesny sobre Joan Garc\u00eda: &quot;no cuento con jugar el Cl\u00e1sico&quot;\" data-id=\"1525939\" data-resize=\"9\" height=\"563\" src=\"https:\/\/www.fcbarcelonanoticias.com\/wp-content\/uploads\/sites\/2\/2025\/10\/fcbn-371cb19800579213d72c6ae698d893f1.webp\" title=\"El sorprendente mensaje de Szczesny sobre Joan Garc\u00eda: &quot;no cuento con jugar el Cl\u00e1sico&quot;\" width=\"1000\"><div class=\"media-title\">Joan Garc\u00eda and Wojciech Szczesny with Bar\u00e7a.<\/div> <\/div> <\/div> <\/div> <\/div>  <p>Garc\u00eda was injured in the match against Oviedo (1-3), where he committed an error that cost a goal for the &#8216;carbayones&#8217;. Like <a data-external=\"0\" data-intl-links-en=\"https:\/\/www.fcbarcelonanoticias.com\/en\/fc-barcelona\/gavi-breaks-down-ko-for-4-5-months-with-flick-barcelona_314804_102.html\" data-intl-links-es=\"https:\/\/www.fcbarcelonanoticias.com\/fc-barcelona\/gavi-sera-baja-hasta-2026-barcelona-confirma-peores-presagios_314804_102.html\" href=\"https:\/\/www.fcbarcelonanoticias.com\/en\/fc-barcelona\/gavi-breaks-down-ko-for-4-5-months-with-flick-barcelona_314804_102.html\" rel=\"follow\" target=\"_self\" title=\"Gavi ser\u00e1 baja hasta 2026: el Barcelona confirma los peores presagios\">Gavi<\/a>, he had to undergo knee surgery to clean the meniscus, although the midfielder&#8217;s case was much more serious because it required a suture.<\/p>  <p>Thus, everything indicates that <a cl=\"\" con=\"\" cuento=\"\" data-external=\"0\" data-intl-links-en=\"https:\/\/www.fcbarcelonanoticias.com\/en\/laliga\/szczesny-hopes-joan-garcia-starts-in-clasico_314976_102.html\" data-intl-links-es=\"https:\/\/www.fcbarcelonanoticias.com\/laliga\/sorprendente-mensaje-szczesny-sobre-joan-garcia-no-cuento-con-jugar-clasico_314976_102.html\" el=\"\" href=\"https:\/\/www.fcbarcelonanoticias.com\/en\/laliga\/szczesny-hopes-joan-garcia-starts-in-clasico_314976_102.html\" jugar=\"\" no=\"\" rel=\"follow\" target=\"_self\" title=\"El sorprendente mensaje de Szczesny sobre Joan Garc\u00eda: \">Wojciech Szczesny<\/a> will remain in goal for Hansi Flick&#8217;s team for the upcoming matches. The Pole has conceded 7 goals in 3 matches, while Joan Garc\u00eda conceded 5 goals in his first 7 official appearances with Bar\u00e7a.<\/p>  <p>Although &#8216;Tek&#8217; knows he&#8217;s the Catalan goalkeeper&#8217;s substitute, he must draw on his experience to step up and regain the good form he showed in the second half of the 24\/25 season. The &#8217;35&#8217;, while having conceded many goals, has not been primarily responsible for the Bar\u00e7a&#8217;s defensive collapse in the last two matches.<\/p>  <ul> <li>In&nbsp;<strong>FC Barcelona Noticias<\/strong>&nbsp;we tell you every detail of the Bar\u00e7a news and the&nbsp;<strong><a data-external=\"0\" data-intl-links-en=\"https:\/\/www.fcbarcelonanoticias.com\/en\/tags\/injured\" data-intl-links-es=\"https:\/\/www.fcbarcelonanoticias.com\/tags\/lesionados\" href=\"https:\/\/www.fcbarcelonanoticias.com\/en\/tags\/injured.html\" rel=\"follow\" target=\"_self\" title=\"Lesionados\">evolution of all the injured players<\/a><\/strong> <\/li> <\/ul> ","protected":false},"excerpt":{"rendered":"<p>Joan Garc\u00eda accompanied the Bar\u00e7a basketball team on Friday at the Palau Blaugrana. The Bar\u00e7a goalkeeper, along with Eric Garc\u00eda, revealed how his recovery is progressing Barcelona Basketball secured their second victory in the EuroLeague against Valencia at the Palau Blaugrana (108-102) with two special guests. Joan Garc\u00eda and Eric Garc\u00eda enjoyed the Catalan victory [&hellip;]<\/p>\n","protected":false},"author":347,"featured_media":22209,"comment_status":"closed","ping_status":"open","sticky":false,"template":"","format":"standard","meta":{"_acf_changed":false,"inline_featured_image":false,"_nextfly_llmd_date_locked":false,"footnotes":""},"categories":[111,438],"tags":[53,136,185],"class_list":["post-22238","post","type-post","status-publish","format-standard","has-post-thumbnail","hentry","category-fc-barcelona","category-joan-garcia","tag-el-clasico","tag-injured","tag-joan-garcia"],"acf":[],"yoast_head":"<!-- This site is optimized with the Yoast SEO plugin v27.3 - https:\/\/yoast.com\/product\/yoast-seo-wordpress\/ -->\n<title>Joan Garc\u00eda and his recovery: ruled out for the Cl\u00e1sico?<\/title>\n<meta name=\"description\" content=\"Joan Garc\u00eda revealed how his recovery is progressing after undergoing surgery on his left knee. The goalkeeper&#039;s prognosis, for now, is not optimistic\" \/>\n<meta name=\"robots\" content=\"index, follow, max-snippet:-1, max-image-preview:large, max-video-preview:-1\" \/>\n<link rel=\"canonical\" href=\"https:\/\/www.fcbarcelonanoticias.com\/en\/fc-barcelona\/joan-garcia-and-his-recovery-ruled-out-for-clasico_314997_102.html\" \/>\n<meta property=\"og:locale\" content=\"en_US\" \/>\n<meta property=\"og:type\" content=\"article\" \/>\n<meta property=\"og:title\" content=\"Joan Garc\u00eda and his recovery: ruled out for the Cl\u00e1sico?\" \/>\n<meta property=\"og:description\" content=\"Joan Garc\u00eda revealed how his recovery is progressing after undergoing surgery on his left knee. The goalkeeper&#039;s prognosis, for now, is not optimistic\" \/>\n<meta property=\"og:url\" content=\"https:\/\/www.fcbarcelonanoticias.com\/en\/fc-barcelona\/joan-garcia-and-his-recovery-ruled-out-for-clasico_314997_102.html\" \/>\n<meta property=\"og:site_name\" content=\"EN - FC Barcelona Noticias\" \/>\n<meta property=\"article:published_time\" content=\"2025-10-10T21:25:00+00:00\" \/>\n<meta property=\"article:modified_time\" content=\"2026-04-06T14:31:20+00:00\" \/>\n<meta property=\"og:image\" content=\"https:\/\/www.fcbarcelonanoticias.com\/en\/wp-content\/uploads\/sites\/2\/2025\/10\/joan-garcia-fc-barcelona-laliga-25-26.webp\" \/>\n\t<meta property=\"og:image:width\" content=\"1200\" \/>\n\t<meta property=\"og:image:height\" content=\"675\" \/>\n\t<meta property=\"og:image:type\" content=\"image\/webp\" \/>\n<meta name=\"author\" content=\"Andr\u00e9s Quiroz\" \/>\n<meta name=\"twitter:card\" content=\"summary_large_image\" \/>\n<meta name=\"twitter:label1\" content=\"Written by\" \/>\n\t<meta name=\"twitter:data1\" content=\"Andr\u00e9s Quiroz\" \/>\n\t<meta name=\"twitter:label2\" content=\"Est. reading time\" \/>\n\t<meta name=\"twitter:data2\" content=\"2 minutes\" \/>\n<script type=\"application\/ld+json\" class=\"yoast-schema-graph\">{\"@context\":\"https:\\\/\\\/schema.org\",\"@graph\":[{\"@type\":\"Article\",\"@id\":\"https:\\\/\\\/www.fcbarcelonanoticias.com\\\/en\\\/fc-barcelona\\\/joan-garcia-and-his-recovery-ruled-out-for-clasico_314997_102.html#article\",\"isPartOf\":{\"@id\":\"https:\\\/\\\/www.fcbarcelonanoticias.com\\\/en\\\/fc-barcelona\\\/joan-garcia-and-his-recovery-ruled-out-for-clasico_314997_102.html\"},\"author\":{\"name\":\"Andr\u00e9s Quiroz\",\"@id\":\"https:\\\/\\\/www.fcbarcelonanoticias.com\\\/en\\\/#\\\/schema\\\/person\\\/c2cd9f6fa1af5c0d0eccd0fefa575c88\"},\"headline\":\"Joan Garc\u00eda sets a date for his return with Bar\u00e7a: will he play in the Cl\u00e1sico?\",\"datePublished\":\"2025-10-10T21:25:00+00:00\",\"dateModified\":\"2026-04-06T14:31:20+00:00\",\"mainEntityOfPage\":{\"@id\":\"https:\\\/\\\/www.fcbarcelonanoticias.com\\\/en\\\/fc-barcelona\\\/joan-garcia-and-his-recovery-ruled-out-for-clasico_314997_102.html\"},\"wordCount\":518,\"image\":{\"@id\":\"https:\\\/\\\/www.fcbarcelonanoticias.com\\\/en\\\/fc-barcelona\\\/joan-garcia-and-his-recovery-ruled-out-for-clasico_314997_102.html#primaryimage\"},\"thumbnailUrl\":\"https:\\\/\\\/www.fcbarcelonanoticias.com\\\/en\\\/wp-content\\\/uploads\\\/sites\\\/2\\\/2025\\\/10\\\/joan-garcia-fc-barcelona-laliga-25-26.webp\",\"keywords\":[\"El Cl\u00e1sico\",\"injured\",\"Joan Garc\u00eda\"],\"articleSection\":[\"FC Barcelona\",\"Joan Garc\u00eda\"],\"inLanguage\":\"en-US\"},{\"@type\":\"WebPage\",\"@id\":\"https:\\\/\\\/www.fcbarcelonanoticias.com\\\/en\\\/fc-barcelona\\\/joan-garcia-and-his-recovery-ruled-out-for-clasico_314997_102.html\",\"url\":\"https:\\\/\\\/www.fcbarcelonanoticias.com\\\/en\\\/fc-barcelona\\\/joan-garcia-and-his-recovery-ruled-out-for-clasico_314997_102.html\",\"name\":\"Joan Garc\u00eda and his recovery: ruled out for the Cl\u00e1sico?\",\"isPartOf\":{\"@id\":\"https:\\\/\\\/www.fcbarcelonanoticias.com\\\/en\\\/#website\"},\"primaryImageOfPage\":{\"@id\":\"https:\\\/\\\/www.fcbarcelonanoticias.com\\\/en\\\/fc-barcelona\\\/joan-garcia-and-his-recovery-ruled-out-for-clasico_314997_102.html#primaryimage\"},\"image\":{\"@id\":\"https:\\\/\\\/www.fcbarcelonanoticias.com\\\/en\\\/fc-barcelona\\\/joan-garcia-and-his-recovery-ruled-out-for-clasico_314997_102.html#primaryimage\"},\"thumbnailUrl\":\"https:\\\/\\\/www.fcbarcelonanoticias.com\\\/en\\\/wp-content\\\/uploads\\\/sites\\\/2\\\/2025\\\/10\\\/joan-garcia-fc-barcelona-laliga-25-26.webp\",\"datePublished\":\"2025-10-10T21:25:00+00:00\",\"dateModified\":\"2026-04-06T14:31:20+00:00\",\"author\":{\"@id\":\"https:\\\/\\\/www.fcbarcelonanoticias.com\\\/en\\\/#\\\/schema\\\/person\\\/c2cd9f6fa1af5c0d0eccd0fefa575c88\"},\"description\":\"Joan Garc\u00eda revealed how his recovery is progressing after undergoing surgery on his left knee. The goalkeeper's prognosis, for now, is not optimistic\",\"breadcrumb\":{\"@id\":\"https:\\\/\\\/www.fcbarcelonanoticias.com\\\/en\\\/fc-barcelona\\\/joan-garcia-and-his-recovery-ruled-out-for-clasico_314997_102.html#breadcrumb\"},\"inLanguage\":\"en-US\",\"potentialAction\":[{\"@type\":\"ReadAction\",\"target\":[\"https:\\\/\\\/www.fcbarcelonanoticias.com\\\/en\\\/fc-barcelona\\\/joan-garcia-and-his-recovery-ruled-out-for-clasico_314997_102.html\"]}]},{\"@type\":\"ImageObject\",\"inLanguage\":\"en-US\",\"@id\":\"https:\\\/\\\/www.fcbarcelonanoticias.com\\\/en\\\/fc-barcelona\\\/joan-garcia-and-his-recovery-ruled-out-for-clasico_314997_102.html#primaryimage\",\"url\":\"https:\\\/\\\/www.fcbarcelonanoticias.com\\\/en\\\/wp-content\\\/uploads\\\/sites\\\/2\\\/2025\\\/10\\\/joan-garcia-fc-barcelona-laliga-25-26.webp\",\"contentUrl\":\"https:\\\/\\\/www.fcbarcelonanoticias.com\\\/en\\\/wp-content\\\/uploads\\\/sites\\\/2\\\/2025\\\/10\\\/joan-garcia-fc-barcelona-laliga-25-26.webp\",\"width\":1200,\"height\":675},{\"@type\":\"BreadcrumbList\",\"@id\":\"https:\\\/\\\/www.fcbarcelonanoticias.com\\\/en\\\/fc-barcelona\\\/joan-garcia-and-his-recovery-ruled-out-for-clasico_314997_102.html#breadcrumb\",\"itemListElement\":[{\"@type\":\"ListItem\",\"position\":1,\"name\":\"Portada\",\"item\":\"https:\\\/\\\/www.fcbarcelonanoticias.com\\\/en\\\/\"},{\"@type\":\"ListItem\",\"position\":2,\"name\":\"Joan Garc\u00eda sets a date for his return with Bar\u00e7a: will he play in the Cl\u00e1sico?\"}]},{\"@type\":\"WebSite\",\"@id\":\"https:\\\/\\\/www.fcbarcelonanoticias.com\\\/en\\\/#website\",\"url\":\"https:\\\/\\\/www.fcbarcelonanoticias.com\\\/en\\\/\",\"name\":\"EN - FC Barcelona Noticias\",\"description\":\"\",\"potentialAction\":[{\"@type\":\"SearchAction\",\"target\":{\"@type\":\"EntryPoint\",\"urlTemplate\":\"https:\\\/\\\/www.fcbarcelonanoticias.com\\\/en\\\/?s={search_term_string}\"},\"query-input\":{\"@type\":\"PropertyValueSpecification\",\"valueRequired\":true,\"valueName\":\"search_term_string\"}}],\"inLanguage\":\"en-US\"},{\"@type\":\"Person\",\"@id\":\"https:\\\/\\\/www.fcbarcelonanoticias.com\\\/en\\\/#\\\/schema\\\/person\\\/c2cd9f6fa1af5c0d0eccd0fefa575c88\",\"name\":\"Andr\u00e9s Quiroz\",\"image\":{\"@type\":\"ImageObject\",\"inLanguage\":\"en-US\",\"@id\":\"https:\\\/\\\/secure.gravatar.com\\\/avatar\\\/?s=96&d=mm&r=g\",\"url\":\"https:\\\/\\\/secure.gravatar.com\\\/avatar\\\/?s=96&d=mm&r=g\",\"contentUrl\":\"https:\\\/\\\/secure.gravatar.com\\\/avatar\\\/?s=96&d=mm&r=g\",\"caption\":\"Andr\u00e9s Quiroz\"},\"description\":\"Licenciado en Periodismo por la Universidad de los Andes. Me encargo de analizar y compartir los contenidos m\u00e1s destacados de la\u00a0actualidad del F\u00fatbol Club Barcelona, Mercado de Fichajes y F\u00fatbol Internacional en FCBN. La informaci\u00f3n es poder, pero tambi\u00e9n conocimiento.\",\"url\":\"https:\\\/\\\/www.fcbarcelonanoticias.com\\\/en\\\/fc-barcelona\\\/andres-quiroz_17_115.html\"}]}<\/script>\n<!-- \/ Yoast SEO plugin. -->","yoast_head_json":{"title":"Joan Garc\u00eda and his recovery: ruled out for the Cl\u00e1sico?","description":"Joan Garc\u00eda revealed how his recovery is progressing after undergoing surgery on his left knee. The goalkeeper's prognosis, for now, is not optimistic","robots":{"index":"index","follow":"follow","max-snippet":"max-snippet:-1","max-image-preview":"max-image-preview:large","max-video-preview":"max-video-preview:-1"},"canonical":"https:\/\/www.fcbarcelonanoticias.com\/en\/fc-barcelona\/joan-garcia-and-his-recovery-ruled-out-for-clasico_314997_102.html","og_locale":"en_US","og_type":"article","og_title":"Joan Garc\u00eda and his recovery: ruled out for the Cl\u00e1sico?","og_description":"Joan Garc\u00eda revealed how his recovery is progressing after undergoing surgery on his left knee. The goalkeeper's prognosis, for now, is not optimistic","og_url":"https:\/\/www.fcbarcelonanoticias.com\/en\/fc-barcelona\/joan-garcia-and-his-recovery-ruled-out-for-clasico_314997_102.html","og_site_name":"EN - FC Barcelona Noticias","article_published_time":"2025-10-10T21:25:00+00:00","article_modified_time":"2026-04-06T14:31:20+00:00","og_image":[{"width":1200,"height":675,"url":"https:\/\/www.fcbarcelonanoticias.com\/en\/wp-content\/uploads\/sites\/2\/2025\/10\/joan-garcia-fc-barcelona-laliga-25-26.webp","type":"image\/webp"}],"author":"Andr\u00e9s Quiroz","twitter_card":"summary_large_image","twitter_misc":{"Written by":"Andr\u00e9s Quiroz","Est. reading time":"2 minutes"},"schema":{"@context":"https:\/\/schema.org","@graph":[{"@type":"Article","@id":"https:\/\/www.fcbarcelonanoticias.com\/en\/fc-barcelona\/joan-garcia-and-his-recovery-ruled-out-for-clasico_314997_102.html#article","isPartOf":{"@id":"https:\/\/www.fcbarcelonanoticias.com\/en\/fc-barcelona\/joan-garcia-and-his-recovery-ruled-out-for-clasico_314997_102.html"},"author":{"name":"Andr\u00e9s Quiroz","@id":"https:\/\/www.fcbarcelonanoticias.com\/en\/#\/schema\/person\/c2cd9f6fa1af5c0d0eccd0fefa575c88"},"headline":"Joan Garc\u00eda sets a date for his return with Bar\u00e7a: will he play in the Cl\u00e1sico?","datePublished":"2025-10-10T21:25:00+00:00","dateModified":"2026-04-06T14:31:20+00:00","mainEntityOfPage":{"@id":"https:\/\/www.fcbarcelonanoticias.com\/en\/fc-barcelona\/joan-garcia-and-his-recovery-ruled-out-for-clasico_314997_102.html"},"wordCount":518,"image":{"@id":"https:\/\/www.fcbarcelonanoticias.com\/en\/fc-barcelona\/joan-garcia-and-his-recovery-ruled-out-for-clasico_314997_102.html#primaryimage"},"thumbnailUrl":"https:\/\/www.fcbarcelonanoticias.com\/en\/wp-content\/uploads\/sites\/2\/2025\/10\/joan-garcia-fc-barcelona-laliga-25-26.webp","keywords":["El Cl\u00e1sico","injured","Joan Garc\u00eda"],"articleSection":["FC Barcelona","Joan Garc\u00eda"],"inLanguage":"en-US"},{"@type":"WebPage","@id":"https:\/\/www.fcbarcelonanoticias.com\/en\/fc-barcelona\/joan-garcia-and-his-recovery-ruled-out-for-clasico_314997_102.html","url":"https:\/\/www.fcbarcelonanoticias.com\/en\/fc-barcelona\/joan-garcia-and-his-recovery-ruled-out-for-clasico_314997_102.html","name":"Joan Garc\u00eda and his recovery: ruled out for the Cl\u00e1sico?","isPartOf":{"@id":"https:\/\/www.fcbarcelonanoticias.com\/en\/#website"},"primaryImageOfPage":{"@id":"https:\/\/www.fcbarcelonanoticias.com\/en\/fc-barcelona\/joan-garcia-and-his-recovery-ruled-out-for-clasico_314997_102.html#primaryimage"},"image":{"@id":"https:\/\/www.fcbarcelonanoticias.com\/en\/fc-barcelona\/joan-garcia-and-his-recovery-ruled-out-for-clasico_314997_102.html#primaryimage"},"thumbnailUrl":"https:\/\/www.fcbarcelonanoticias.com\/en\/wp-content\/uploads\/sites\/2\/2025\/10\/joan-garcia-fc-barcelona-laliga-25-26.webp","datePublished":"2025-10-10T21:25:00+00:00","dateModified":"2026-04-06T14:31:20+00:00","author":{"@id":"https:\/\/www.fcbarcelonanoticias.com\/en\/#\/schema\/person\/c2cd9f6fa1af5c0d0eccd0fefa575c88"},"description":"Joan Garc\u00eda revealed how his recovery is progressing after undergoing surgery on his left knee. The goalkeeper's prognosis, for now, is not optimistic","breadcrumb":{"@id":"https:\/\/www.fcbarcelonanoticias.com\/en\/fc-barcelona\/joan-garcia-and-his-recovery-ruled-out-for-clasico_314997_102.html#breadcrumb"},"inLanguage":"en-US","potentialAction":[{"@type":"ReadAction","target":["https:\/\/www.fcbarcelonanoticias.com\/en\/fc-barcelona\/joan-garcia-and-his-recovery-ruled-out-for-clasico_314997_102.html"]}]},{"@type":"ImageObject","inLanguage":"en-US","@id":"https:\/\/www.fcbarcelonanoticias.com\/en\/fc-barcelona\/joan-garcia-and-his-recovery-ruled-out-for-clasico_314997_102.html#primaryimage","url":"https:\/\/www.fcbarcelonanoticias.com\/en\/wp-content\/uploads\/sites\/2\/2025\/10\/joan-garcia-fc-barcelona-laliga-25-26.webp","contentUrl":"https:\/\/www.fcbarcelonanoticias.com\/en\/wp-content\/uploads\/sites\/2\/2025\/10\/joan-garcia-fc-barcelona-laliga-25-26.webp","width":1200,"height":675},{"@type":"BreadcrumbList","@id":"https:\/\/www.fcbarcelonanoticias.com\/en\/fc-barcelona\/joan-garcia-and-his-recovery-ruled-out-for-clasico_314997_102.html#breadcrumb","itemListElement":[{"@type":"ListItem","position":1,"name":"Portada","item":"https:\/\/www.fcbarcelonanoticias.com\/en\/"},{"@type":"ListItem","position":2,"name":"Joan Garc\u00eda sets a date for his return with Bar\u00e7a: will he play in the Cl\u00e1sico?"}]},{"@type":"WebSite","@id":"https:\/\/www.fcbarcelonanoticias.com\/en\/#website","url":"https:\/\/www.fcbarcelonanoticias.com\/en\/","name":"EN - FC Barcelona Noticias","description":"","potentialAction":[{"@type":"SearchAction","target":{"@type":"EntryPoint","urlTemplate":"https:\/\/www.fcbarcelonanoticias.com\/en\/?s={search_term_string}"},"query-input":{"@type":"PropertyValueSpecification","valueRequired":true,"valueName":"search_term_string"}}],"inLanguage":"en-US"},{"@type":"Person","@id":"https:\/\/www.fcbarcelonanoticias.com\/en\/#\/schema\/person\/c2cd9f6fa1af5c0d0eccd0fefa575c88","name":"Andr\u00e9s Quiroz","image":{"@type":"ImageObject","inLanguage":"en-US","@id":"https:\/\/secure.gravatar.com\/avatar\/?s=96&d=mm&r=g","url":"https:\/\/secure.gravatar.com\/avatar\/?s=96&d=mm&r=g","contentUrl":"https:\/\/secure.gravatar.com\/avatar\/?s=96&d=mm&r=g","caption":"Andr\u00e9s Quiroz"},"description":"Licenciado en Periodismo por la Universidad de los Andes. Me encargo de analizar y compartir los contenidos m\u00e1s destacados de la\u00a0actualidad del F\u00fatbol Club Barcelona, Mercado de Fichajes y F\u00fatbol Internacional en FCBN. La informaci\u00f3n es poder, pero tambi\u00e9n conocimiento.","url":"https:\/\/www.fcbarcelonanoticias.com\/en\/fc-barcelona\/andres-quiroz_17_115.html"}]}},"_links":{"self":[{"href":"https:\/\/www.fcbarcelonanoticias.com\/en\/wp-json\/wp\/v2\/posts\/22238","targetHints":{"allow":["GET"]}}],"collection":[{"href":"https:\/\/www.fcbarcelonanoticias.com\/en\/wp-json\/wp\/v2\/posts"}],"about":[{"href":"https:\/\/www.fcbarcelonanoticias.com\/en\/wp-json\/wp\/v2\/types\/post"}],"author":[{"embeddable":true,"href":"https:\/\/www.fcbarcelonanoticias.com\/en\/wp-json\/wp\/v2\/users\/347"}],"replies":[{"embeddable":true,"href":"https:\/\/www.fcbarcelonanoticias.com\/en\/wp-json\/wp\/v2\/comments?post=22238"}],"version-history":[{"count":2,"href":"https:\/\/www.fcbarcelonanoticias.com\/en\/wp-json\/wp\/v2\/posts\/22238\/revisions"}],"predecessor-version":[{"id":158467,"href":"https:\/\/www.fcbarcelonanoticias.com\/en\/wp-json\/wp\/v2\/posts\/22238\/revisions\/158467"}],"wp:featuredmedia":[{"embeddable":true,"href":"https:\/\/www.fcbarcelonanoticias.com\/en\/wp-json\/wp\/v2\/media\/22209"}],"wp:attachment":[{"href":"https:\/\/www.fcbarcelonanoticias.com\/en\/wp-json\/wp\/v2\/media?parent=22238"}],"wp:term":[{"taxonomy":"category","embeddable":true,"href":"https:\/\/www.fcbarcelonanoticias.com\/en\/wp-json\/wp\/v2\/categories?post=22238"},{"taxonomy":"post_tag","embeddable":true,"href":"https:\/\/www.fcbarcelonanoticias.com\/en\/wp-json\/wp\/v2\/tags?post=22238"}],"curies":[{"name":"wp","href":"https:\/\/api.w.org\/{rel}","templated":true}]}}