{"id":22407,"date":"2025-10-23T23:36:00","date_gmt":"2025-10-23T21:36:00","guid":{"rendered":"https:\/\/weisetech.dev\/fc-barcelona-noticias\/en\/jong-doesn-train-doubtful-for-the-clasico-against-real-madrid_315103_102\/"},"modified":"2025-10-23T23:36:00","modified_gmt":"2025-10-23T21:36:00","slug":"jong-doesn-train-doubtful-for-the-clasico-against-real-madrid_315103_102","status":"publish","type":"post","link":"https:\/\/www.fcbarcelonanoticias.com\/en\/fc-barcelona\/jong-doesn-train-doubtful-for-the-clasico-against-real-madrid_315103_102.html","title":{"rendered":"Frenkie de Jong: no training three days before the Cl\u00e1sico against Real Madrid"},"content":{"rendered":"<h2 class=\"wp-block-heading\">The Dutchman didn&#8217;t train and is doubtful for El Cl\u00e1sico at the Santiago Bernab\u00e9u. His absence would add to an increasingly long list of injuries at Bar\u00e7a.<\/h2>  \r\n<div class=\"article-addons\">\r\n    <a href=\"https:\/\/www.fcbarcelonanoticias.com\/en\/calendar-fc-barcelona.html\"\r\n       target=\"_self\"\r\n       title=\"Calendar of FC Barcelona\"\r\n       class=\"blue-gredient-btn\">\r\n       \r\n        Calendar of FC Barcelona    <\/a>\r\n<\/div>   <p><strong>F\u00fatbol Club Barcelona<\/strong> is once again looking at its infirmary with concern. Just when it seemed that the loss of players could begin to ease, a new alert is triggered a few days before the <strong>Cl\u00e1sico against Real Madrid<\/strong>, scheduled for this <strong><a data-external=\"0\" data-intl-links-en=\"https:\/\/www.fcbarcelonanoticias.com\/en\/calendar-fc-barcelona.html\" data-intl-links-es=\"https:\/\/www.fcbarcelonanoticias.com\/calendario-fcbarcelona.html\" href=\"https:\/\/www.fcbarcelonanoticias.com\/en\/calendar-fc-barcelona.html\" rel=\"follow\" target=\"_self\" title=\"Calendario FC Barcelona\">Sunday, October 26 at 4:15 p.m.<\/a><\/strong> at the Santiago Bernab\u00e9u.<\/p>  <p>However, <strong>Frenkie de Jong<\/strong> has not trained with the group this Thursday due to indisposition, and his presence in the big match is in doubt. The Dutch midfielder, a key player for <strong>Hansi Flick<\/strong> in the Bar\u00e7a midfield, had recently returned after an injury.<\/p>  <p>This new setback once again jeopardizes his availability. <strong>Bar\u00e7a<\/strong> is being cautious, but the possibility that he won&#8217;t be ready for the match against Madrid would be a major blow to the German coach&#8217;s tactical planning.<\/p>  <h2>Frenkie de Jong: A noticeable absence in Bar\u00e7a&#8217;s engine room<\/h2>  <p><strong>Frenkie de Jong<\/strong> represents balance, judgment, and hierarchy in the Bar\u00e7a midfield. His role is so crucial that <strong>Flick<\/strong> does not have a natural replacement with the same profile. If he ultimately cannot play, the coaching staff would be forced to turn to <strong>Marc Casad\u00f3<\/strong> as a possible starter at the Bernab\u00e9u, alongside <strong>Pedri and Ferm\u00edn L\u00f3pez<\/strong>. A guaranteed but atypical lineup considering the context and the demands of the match.<\/p>  <p>The Dutchman&#8217;s absence would add to an <strong><a data-external=\"0\" data-intl-links-en=\"https:\/\/www.fcbarcelonanoticias.com\/en\/tags\/injured\" data-intl-links-es=\"https:\/\/www.fcbarcelonanoticias.com\/tags\/lesionados\" href=\"https:\/\/www.fcbarcelonanoticias.com\/en\/tags\/injured.html\" rel=\"follow\" target=\"_self\" title=\"Lesionados\">injured list<\/a><\/strong> that already includes <strong>Ter Stegen, Joan Garc\u00eda, Gavi, Lewandowski, Christensen and Dani Olmo<\/strong>. In addition, <strong><a data-external=\"0\" data-intl-links-en=\"https:\/\/www.fcbarcelonanoticias.com\/en\/laliga\/laliga-competition-committee-sanctions-flick-with-1-match_315091_102.html\" data-intl-links-es=\"https:\/\/www.fcbarcelonanoticias.com\/laliga\/comite-competicion-sanciona-hansi-flick-con-1-partido-liga_315091_102.html\" href=\"https:\/\/www.fcbarcelonanoticias.com\/en\/laliga\/laliga-competition-committee-sanctions-flick-with-1-match_315091_102.html\" rel=\"follow\" target=\"_self\" title=\"El Comit\u00e9 de Competici\u00f3n sanciona a Hansi Flick con 1 partido de Liga\">Hansi Flick will not be able to sit on the bench due to suspension<\/a><\/strong>, which further aggravates the Bar\u00e7a outlook ahead of the Cl\u00e1sico.<\/p>  <h2>A virus in the Bar\u00e7a dressing room?<\/h2>  <p>In recent days, <strong>Christensen<\/strong> has also been sidelined due to an intestinal problem. The coincidence with <strong><a data-external=\"0\" data-intl-links-en=\"https:\/\/www.fcbarcelonanoticias.com\/en\/tags\/de-jong\" data-intl-links-es=\"https:\/\/www.fcbarcelonanoticias.com\/tags\/de-jong\" href=\"https:\/\/www.fcbarcelonanoticias.com\/en\/tags\/de-jong.html\" rel=\"follow\" target=\"_self\" title=\"Frenkie de Jong\">Frenkie de Jong<\/a>&#8216;s<\/strong> indisposition has aroused suspicion within the locker room about a possible viral condition that could be affecting several players. Although the club has not issued any official statement in this regard, they remain attentive to the evolution of both.<\/p>  <p><strong>Frenkie de Jong<\/strong> signed his <strong><a data-external=\"0\" data-intl-links-en=\"https:\/\/www.fcbarcelonanoticias.com\/en\/transfers\/de-jong-will-renew-until-2029-this-wednesday-with-barcelona_315024_102.html\" data-intl-links-es=\"https:\/\/www.fcbarcelonanoticias.com\/fichajes\/frenkie-de-jong-renovara-hasta-2029-con-barcelona-este-miercoles_315024_102.html\" href=\"https:\/\/www.fcbarcelonanoticias.com\/en\/transfers\/de-jong-will-renew-until-2029-this-wednesday-with-barcelona_315024_102.html\" rel=\"follow\" target=\"_self\" title=\"Frenkie de Jong renovar\u00e1 hasta 2029 con el Barcelona este mi\u00e9rcoles\">renewal with Bar\u00e7a until 2029<\/a><\/strong> just a week ago, reinforcing the present and future project in the midfield. During the signing ceremony, the Dutchman highlighted his good relationship with <strong>Christensen<\/strong>, another of the affected players. A situation that, if the absence of both is confirmed, would leave the team&#8217;s backbone very diminished in a decisive match.<\/p> ","protected":false},"excerpt":{"rendered":"<p>The Dutchman didn&#8217;t train and is doubtful for El Cl\u00e1sico at the Santiago Bernab\u00e9u. His absence would add to an increasingly long list of injuries at Bar\u00e7a. F\u00fatbol Club Barcelona is once again looking at its infirmary with concern. Just when it seemed that the loss of players could begin to ease, a new alert [&hellip;]<\/p>\n","protected":false},"author":353,"featured_media":22412,"comment_status":"closed","ping_status":"open","sticky":false,"template":"","format":"standard","meta":{"_acf_changed":false,"inline_featured_image":false,"_nextfly_llmd_date_locked":false,"footnotes":""},"categories":[111],"tags":[53,273,136],"class_list":["post-22407","post","type-post","status-publish","format-standard","has-post-thumbnail","hentry","category-fc-barcelona","tag-el-clasico","tag-de-jong","tag-injured"],"acf":[],"yoast_head":"<!-- This site is optimized with the Yoast SEO plugin v27.3 - https:\/\/yoast.com\/product\/yoast-seo-wordpress\/ -->\n<title>De Jong doesn&#039;t train: doubtful for the Cl\u00e1sico against Real Madrid<\/title>\n<meta name=\"description\" content=\"Frenkie de Jong does not train three days before the Cl\u00e1sico due to indisposition. His absence would add to the six that Bar\u00e7a already has.\" \/>\n<meta name=\"robots\" content=\"index, follow, max-snippet:-1, max-image-preview:large, max-video-preview:-1\" \/>\n<link rel=\"canonical\" href=\"https:\/\/www.fcbarcelonanoticias.com\/en\/fc-barcelona\/jong-doesn-train-doubtful-for-the-clasico-against-real-madrid_315103_102.html\" \/>\n<meta property=\"og:locale\" content=\"en_US\" \/>\n<meta property=\"og:type\" content=\"article\" \/>\n<meta property=\"og:title\" content=\"De Jong doesn&#039;t train: doubtful for the Cl\u00e1sico against Real Madrid\" \/>\n<meta property=\"og:description\" content=\"Frenkie de Jong does not train three days before the Cl\u00e1sico due to indisposition. His absence would add to the six that Bar\u00e7a already has.\" \/>\n<meta property=\"og:url\" content=\"https:\/\/www.fcbarcelonanoticias.com\/en\/fc-barcelona\/jong-doesn-train-doubtful-for-the-clasico-against-real-madrid_315103_102.html\" \/>\n<meta property=\"og:site_name\" content=\"EN - FC Barcelona Noticias\" \/>\n<meta property=\"article:published_time\" content=\"2025-10-23T21:36:00+00:00\" \/>\n<meta property=\"og:image\" content=\"https:\/\/www.fcbarcelonanoticias.com\/en\/wp-content\/uploads\/sites\/2\/2025\/10\/frenkie-de-jong-no-entrena-con-el-barcelona-1.webp\" \/>\n\t<meta property=\"og:image:width\" content=\"1200\" \/>\n\t<meta property=\"og:image:height\" content=\"675\" \/>\n\t<meta property=\"og:image:type\" content=\"image\/webp\" \/>\n<meta name=\"author\" content=\"FC Barcelona Noticias\" \/>\n<meta name=\"twitter:card\" content=\"summary_large_image\" \/>\n<meta name=\"twitter:label1\" content=\"Written by\" \/>\n\t<meta name=\"twitter:data1\" content=\"FC Barcelona Noticias\" \/>\n\t<meta name=\"twitter:label2\" content=\"Est. reading time\" \/>\n\t<meta name=\"twitter:data2\" content=\"2 minutes\" \/>\n<script type=\"application\/ld+json\" class=\"yoast-schema-graph\">{\"@context\":\"https:\\\/\\\/schema.org\",\"@graph\":[{\"@type\":\"Article\",\"@id\":\"https:\\\/\\\/www.fcbarcelonanoticias.com\\\/en\\\/fc-barcelona\\\/jong-doesn-train-doubtful-for-the-clasico-against-real-madrid_315103_102.html#article\",\"isPartOf\":{\"@id\":\"https:\\\/\\\/www.fcbarcelonanoticias.com\\\/en\\\/fc-barcelona\\\/jong-doesn-train-doubtful-for-the-clasico-against-real-madrid_315103_102.html\"},\"author\":{\"name\":\"FC Barcelona Noticias\",\"@id\":\"https:\\\/\\\/www.fcbarcelonanoticias.com\\\/en\\\/#\\\/schema\\\/person\\\/0f2810101d27606974cdb8edb54fa54b\"},\"headline\":\"Frenkie de Jong: no training three days before the Cl\u00e1sico against Real Madrid\",\"datePublished\":\"2025-10-23T21:36:00+00:00\",\"mainEntityOfPage\":{\"@id\":\"https:\\\/\\\/www.fcbarcelonanoticias.com\\\/en\\\/fc-barcelona\\\/jong-doesn-train-doubtful-for-the-clasico-against-real-madrid_315103_102.html\"},\"wordCount\":451,\"image\":{\"@id\":\"https:\\\/\\\/www.fcbarcelonanoticias.com\\\/en\\\/fc-barcelona\\\/jong-doesn-train-doubtful-for-the-clasico-against-real-madrid_315103_102.html#primaryimage\"},\"thumbnailUrl\":\"https:\\\/\\\/www.fcbarcelonanoticias.com\\\/en\\\/wp-content\\\/uploads\\\/sites\\\/2\\\/2025\\\/10\\\/frenkie-de-jong-no-entrena-con-el-barcelona-1.webp\",\"keywords\":[\"El Cl\u00e1sico\",\"Frenkie de Jong\",\"injured\"],\"articleSection\":[\"FC Barcelona\"],\"inLanguage\":\"en-US\"},{\"@type\":\"WebPage\",\"@id\":\"https:\\\/\\\/www.fcbarcelonanoticias.com\\\/en\\\/fc-barcelona\\\/jong-doesn-train-doubtful-for-the-clasico-against-real-madrid_315103_102.html\",\"url\":\"https:\\\/\\\/www.fcbarcelonanoticias.com\\\/en\\\/fc-barcelona\\\/jong-doesn-train-doubtful-for-the-clasico-against-real-madrid_315103_102.html\",\"name\":\"De Jong doesn't train: doubtful for the Cl\u00e1sico against Real Madrid\",\"isPartOf\":{\"@id\":\"https:\\\/\\\/www.fcbarcelonanoticias.com\\\/en\\\/#website\"},\"primaryImageOfPage\":{\"@id\":\"https:\\\/\\\/www.fcbarcelonanoticias.com\\\/en\\\/fc-barcelona\\\/jong-doesn-train-doubtful-for-the-clasico-against-real-madrid_315103_102.html#primaryimage\"},\"image\":{\"@id\":\"https:\\\/\\\/www.fcbarcelonanoticias.com\\\/en\\\/fc-barcelona\\\/jong-doesn-train-doubtful-for-the-clasico-against-real-madrid_315103_102.html#primaryimage\"},\"thumbnailUrl\":\"https:\\\/\\\/www.fcbarcelonanoticias.com\\\/en\\\/wp-content\\\/uploads\\\/sites\\\/2\\\/2025\\\/10\\\/frenkie-de-jong-no-entrena-con-el-barcelona-1.webp\",\"datePublished\":\"2025-10-23T21:36:00+00:00\",\"author\":{\"@id\":\"https:\\\/\\\/www.fcbarcelonanoticias.com\\\/en\\\/#\\\/schema\\\/person\\\/0f2810101d27606974cdb8edb54fa54b\"},\"description\":\"Frenkie de Jong does not train three days before the Cl\u00e1sico due to indisposition. His absence would add to the six that Bar\u00e7a already has.\",\"breadcrumb\":{\"@id\":\"https:\\\/\\\/www.fcbarcelonanoticias.com\\\/en\\\/fc-barcelona\\\/jong-doesn-train-doubtful-for-the-clasico-against-real-madrid_315103_102.html#breadcrumb\"},\"inLanguage\":\"en-US\",\"potentialAction\":[{\"@type\":\"ReadAction\",\"target\":[\"https:\\\/\\\/www.fcbarcelonanoticias.com\\\/en\\\/fc-barcelona\\\/jong-doesn-train-doubtful-for-the-clasico-against-real-madrid_315103_102.html\"]}]},{\"@type\":\"ImageObject\",\"inLanguage\":\"en-US\",\"@id\":\"https:\\\/\\\/www.fcbarcelonanoticias.com\\\/en\\\/fc-barcelona\\\/jong-doesn-train-doubtful-for-the-clasico-against-real-madrid_315103_102.html#primaryimage\",\"url\":\"https:\\\/\\\/www.fcbarcelonanoticias.com\\\/en\\\/wp-content\\\/uploads\\\/sites\\\/2\\\/2025\\\/10\\\/frenkie-de-jong-no-entrena-con-el-barcelona-1.webp\",\"contentUrl\":\"https:\\\/\\\/www.fcbarcelonanoticias.com\\\/en\\\/wp-content\\\/uploads\\\/sites\\\/2\\\/2025\\\/10\\\/frenkie-de-jong-no-entrena-con-el-barcelona-1.webp\",\"width\":1200,\"height\":675},{\"@type\":\"BreadcrumbList\",\"@id\":\"https:\\\/\\\/www.fcbarcelonanoticias.com\\\/en\\\/fc-barcelona\\\/jong-doesn-train-doubtful-for-the-clasico-against-real-madrid_315103_102.html#breadcrumb\",\"itemListElement\":[{\"@type\":\"ListItem\",\"position\":1,\"name\":\"Portada\",\"item\":\"https:\\\/\\\/www.fcbarcelonanoticias.com\\\/en\\\/\"},{\"@type\":\"ListItem\",\"position\":2,\"name\":\"Frenkie de Jong: no training three days before the Cl\u00e1sico against Real Madrid\"}]},{\"@type\":\"WebSite\",\"@id\":\"https:\\\/\\\/www.fcbarcelonanoticias.com\\\/en\\\/#website\",\"url\":\"https:\\\/\\\/www.fcbarcelonanoticias.com\\\/en\\\/\",\"name\":\"EN - FC Barcelona Noticias\",\"description\":\"\",\"potentialAction\":[{\"@type\":\"SearchAction\",\"target\":{\"@type\":\"EntryPoint\",\"urlTemplate\":\"https:\\\/\\\/www.fcbarcelonanoticias.com\\\/en\\\/?s={search_term_string}\"},\"query-input\":{\"@type\":\"PropertyValueSpecification\",\"valueRequired\":true,\"valueName\":\"search_term_string\"}}],\"inLanguage\":\"en-US\"},{\"@type\":\"Person\",\"@id\":\"https:\\\/\\\/www.fcbarcelonanoticias.com\\\/en\\\/#\\\/schema\\\/person\\\/0f2810101d27606974cdb8edb54fa54b\",\"name\":\"FC Barcelona Noticias\",\"image\":{\"@type\":\"ImageObject\",\"inLanguage\":\"en-US\",\"@id\":\"https:\\\/\\\/secure.gravatar.com\\\/avatar\\\/?s=96&d=mm&r=g\",\"url\":\"https:\\\/\\\/secure.gravatar.com\\\/avatar\\\/?s=96&d=mm&r=g\",\"contentUrl\":\"https:\\\/\\\/secure.gravatar.com\\\/avatar\\\/?s=96&d=mm&r=g\",\"caption\":\"FC Barcelona Noticias\"},\"url\":\"https:\\\/\\\/www.fcbarcelonanoticias.com\\\/en\\\/fc-barcelona\\\/fcbn-writing-fc-barcelona-news_6_115.html\"}]}<\/script>\n<!-- \/ Yoast SEO plugin. -->","yoast_head_json":{"title":"De Jong doesn't train: doubtful for the Cl\u00e1sico against Real Madrid","description":"Frenkie de Jong does not train three days before the Cl\u00e1sico due to indisposition. His absence would add to the six that Bar\u00e7a already has.","robots":{"index":"index","follow":"follow","max-snippet":"max-snippet:-1","max-image-preview":"max-image-preview:large","max-video-preview":"max-video-preview:-1"},"canonical":"https:\/\/www.fcbarcelonanoticias.com\/en\/fc-barcelona\/jong-doesn-train-doubtful-for-the-clasico-against-real-madrid_315103_102.html","og_locale":"en_US","og_type":"article","og_title":"De Jong doesn't train: doubtful for the Cl\u00e1sico against Real Madrid","og_description":"Frenkie de Jong does not train three days before the Cl\u00e1sico due to indisposition. His absence would add to the six that Bar\u00e7a already has.","og_url":"https:\/\/www.fcbarcelonanoticias.com\/en\/fc-barcelona\/jong-doesn-train-doubtful-for-the-clasico-against-real-madrid_315103_102.html","og_site_name":"EN - FC Barcelona Noticias","article_published_time":"2025-10-23T21:36:00+00:00","og_image":[{"width":1200,"height":675,"url":"https:\/\/www.fcbarcelonanoticias.com\/en\/wp-content\/uploads\/sites\/2\/2025\/10\/frenkie-de-jong-no-entrena-con-el-barcelona-1.webp","type":"image\/webp"}],"author":"FC Barcelona Noticias","twitter_card":"summary_large_image","twitter_misc":{"Written by":"FC Barcelona Noticias","Est. reading time":"2 minutes"},"schema":{"@context":"https:\/\/schema.org","@graph":[{"@type":"Article","@id":"https:\/\/www.fcbarcelonanoticias.com\/en\/fc-barcelona\/jong-doesn-train-doubtful-for-the-clasico-against-real-madrid_315103_102.html#article","isPartOf":{"@id":"https:\/\/www.fcbarcelonanoticias.com\/en\/fc-barcelona\/jong-doesn-train-doubtful-for-the-clasico-against-real-madrid_315103_102.html"},"author":{"name":"FC Barcelona Noticias","@id":"https:\/\/www.fcbarcelonanoticias.com\/en\/#\/schema\/person\/0f2810101d27606974cdb8edb54fa54b"},"headline":"Frenkie de Jong: no training three days before the Cl\u00e1sico against Real Madrid","datePublished":"2025-10-23T21:36:00+00:00","mainEntityOfPage":{"@id":"https:\/\/www.fcbarcelonanoticias.com\/en\/fc-barcelona\/jong-doesn-train-doubtful-for-the-clasico-against-real-madrid_315103_102.html"},"wordCount":451,"image":{"@id":"https:\/\/www.fcbarcelonanoticias.com\/en\/fc-barcelona\/jong-doesn-train-doubtful-for-the-clasico-against-real-madrid_315103_102.html#primaryimage"},"thumbnailUrl":"https:\/\/www.fcbarcelonanoticias.com\/en\/wp-content\/uploads\/sites\/2\/2025\/10\/frenkie-de-jong-no-entrena-con-el-barcelona-1.webp","keywords":["El Cl\u00e1sico","Frenkie de Jong","injured"],"articleSection":["FC Barcelona"],"inLanguage":"en-US"},{"@type":"WebPage","@id":"https:\/\/www.fcbarcelonanoticias.com\/en\/fc-barcelona\/jong-doesn-train-doubtful-for-the-clasico-against-real-madrid_315103_102.html","url":"https:\/\/www.fcbarcelonanoticias.com\/en\/fc-barcelona\/jong-doesn-train-doubtful-for-the-clasico-against-real-madrid_315103_102.html","name":"De Jong doesn't train: doubtful for the Cl\u00e1sico against Real Madrid","isPartOf":{"@id":"https:\/\/www.fcbarcelonanoticias.com\/en\/#website"},"primaryImageOfPage":{"@id":"https:\/\/www.fcbarcelonanoticias.com\/en\/fc-barcelona\/jong-doesn-train-doubtful-for-the-clasico-against-real-madrid_315103_102.html#primaryimage"},"image":{"@id":"https:\/\/www.fcbarcelonanoticias.com\/en\/fc-barcelona\/jong-doesn-train-doubtful-for-the-clasico-against-real-madrid_315103_102.html#primaryimage"},"thumbnailUrl":"https:\/\/www.fcbarcelonanoticias.com\/en\/wp-content\/uploads\/sites\/2\/2025\/10\/frenkie-de-jong-no-entrena-con-el-barcelona-1.webp","datePublished":"2025-10-23T21:36:00+00:00","author":{"@id":"https:\/\/www.fcbarcelonanoticias.com\/en\/#\/schema\/person\/0f2810101d27606974cdb8edb54fa54b"},"description":"Frenkie de Jong does not train three days before the Cl\u00e1sico due to indisposition. His absence would add to the six that Bar\u00e7a already has.","breadcrumb":{"@id":"https:\/\/www.fcbarcelonanoticias.com\/en\/fc-barcelona\/jong-doesn-train-doubtful-for-the-clasico-against-real-madrid_315103_102.html#breadcrumb"},"inLanguage":"en-US","potentialAction":[{"@type":"ReadAction","target":["https:\/\/www.fcbarcelonanoticias.com\/en\/fc-barcelona\/jong-doesn-train-doubtful-for-the-clasico-against-real-madrid_315103_102.html"]}]},{"@type":"ImageObject","inLanguage":"en-US","@id":"https:\/\/www.fcbarcelonanoticias.com\/en\/fc-barcelona\/jong-doesn-train-doubtful-for-the-clasico-against-real-madrid_315103_102.html#primaryimage","url":"https:\/\/www.fcbarcelonanoticias.com\/en\/wp-content\/uploads\/sites\/2\/2025\/10\/frenkie-de-jong-no-entrena-con-el-barcelona-1.webp","contentUrl":"https:\/\/www.fcbarcelonanoticias.com\/en\/wp-content\/uploads\/sites\/2\/2025\/10\/frenkie-de-jong-no-entrena-con-el-barcelona-1.webp","width":1200,"height":675},{"@type":"BreadcrumbList","@id":"https:\/\/www.fcbarcelonanoticias.com\/en\/fc-barcelona\/jong-doesn-train-doubtful-for-the-clasico-against-real-madrid_315103_102.html#breadcrumb","itemListElement":[{"@type":"ListItem","position":1,"name":"Portada","item":"https:\/\/www.fcbarcelonanoticias.com\/en\/"},{"@type":"ListItem","position":2,"name":"Frenkie de Jong: no training three days before the Cl\u00e1sico against Real Madrid"}]},{"@type":"WebSite","@id":"https:\/\/www.fcbarcelonanoticias.com\/en\/#website","url":"https:\/\/www.fcbarcelonanoticias.com\/en\/","name":"EN - FC Barcelona Noticias","description":"","potentialAction":[{"@type":"SearchAction","target":{"@type":"EntryPoint","urlTemplate":"https:\/\/www.fcbarcelonanoticias.com\/en\/?s={search_term_string}"},"query-input":{"@type":"PropertyValueSpecification","valueRequired":true,"valueName":"search_term_string"}}],"inLanguage":"en-US"},{"@type":"Person","@id":"https:\/\/www.fcbarcelonanoticias.com\/en\/#\/schema\/person\/0f2810101d27606974cdb8edb54fa54b","name":"FC Barcelona Noticias","image":{"@type":"ImageObject","inLanguage":"en-US","@id":"https:\/\/secure.gravatar.com\/avatar\/?s=96&d=mm&r=g","url":"https:\/\/secure.gravatar.com\/avatar\/?s=96&d=mm&r=g","contentUrl":"https:\/\/secure.gravatar.com\/avatar\/?s=96&d=mm&r=g","caption":"FC Barcelona Noticias"},"url":"https:\/\/www.fcbarcelonanoticias.com\/en\/fc-barcelona\/fcbn-writing-fc-barcelona-news_6_115.html"}]}},"_links":{"self":[{"href":"https:\/\/www.fcbarcelonanoticias.com\/en\/wp-json\/wp\/v2\/posts\/22407","targetHints":{"allow":["GET"]}}],"collection":[{"href":"https:\/\/www.fcbarcelonanoticias.com\/en\/wp-json\/wp\/v2\/posts"}],"about":[{"href":"https:\/\/www.fcbarcelonanoticias.com\/en\/wp-json\/wp\/v2\/types\/post"}],"author":[{"embeddable":true,"href":"https:\/\/www.fcbarcelonanoticias.com\/en\/wp-json\/wp\/v2\/users\/353"}],"replies":[{"embeddable":true,"href":"https:\/\/www.fcbarcelonanoticias.com\/en\/wp-json\/wp\/v2\/comments?post=22407"}],"version-history":[{"count":3,"href":"https:\/\/www.fcbarcelonanoticias.com\/en\/wp-json\/wp\/v2\/posts\/22407\/revisions"}],"predecessor-version":[{"id":22410,"href":"https:\/\/www.fcbarcelonanoticias.com\/en\/wp-json\/wp\/v2\/posts\/22407\/revisions\/22410"}],"wp:featuredmedia":[{"embeddable":true,"href":"https:\/\/www.fcbarcelonanoticias.com\/en\/wp-json\/wp\/v2\/media\/22412"}],"wp:attachment":[{"href":"https:\/\/www.fcbarcelonanoticias.com\/en\/wp-json\/wp\/v2\/media?parent=22407"}],"wp:term":[{"taxonomy":"category","embeddable":true,"href":"https:\/\/www.fcbarcelonanoticias.com\/en\/wp-json\/wp\/v2\/categories?post=22407"},{"taxonomy":"post_tag","embeddable":true,"href":"https:\/\/www.fcbarcelonanoticias.com\/en\/wp-json\/wp\/v2\/tags?post=22407"}],"curies":[{"name":"wp","href":"https:\/\/api.w.org\/{rel}","templated":true}]}}