{"id":22475,"date":"2024-08-29T14:33:00","date_gmt":"2024-08-29T12:33:00","guid":{"rendered":"https:\/\/weisetech.dev\/fc-barcelona-noticias\/en\/joao-cancelo-heartfelt-remembrance-of-fc-barcelona-before-heading-to-saudi-arabia_306898_102\/"},"modified":"2024-08-29T14:33:00","modified_gmt":"2024-08-29T12:33:00","slug":"joao-cancelo-heartfelt-remembrance-of-fc-barcelona-before-heading-to-saudi-arabia_306898_102","status":"publish","type":"post","link":"https:\/\/www.fcbarcelonanoticias.com\/en\/fc-barcelona\/joao-cancelo-heartfelt-remembrance-of-fc-barcelona-before-heading-to-saudi-arabia_306898_102.html","title":{"rendered":"Joao Cancelo&#8217;s heartfelt remembrance of FC Barcelona before heading to Saudi Arabia"},"content":{"rendered":"<h2 class=\"wp-block-heading\">Joao Cancelo posted an emotional farewell message to Bar\u00e7a on his Instagram account. The Portuguese, who will head to Al-Hilal, remembered the Catalan club before travelling to Saudi Arabia<\/h2>  \r\n<div class=\"article-addons\">\r\n    <a href=\"https:\/\/www.fcbarcelonanoticias.com\/en\/calendar-fc-barcelona.html\"\r\n       target=\"_self\"\r\n       title=\"Calendar of FC Barcelona\"\r\n       class=\"blue-gredient-btn\">\r\n       \r\n        Calendar of FC Barcelona    <\/a>\r\n<\/div>   <p>Joao Cancelo&#8217;s return to Barcelona is one of FC Barcelona&#8217;s &#8216;unfulfilled dreams&#8217; in this <a data-external=\"0\" data-intl-links-en=\"https:\/\/www.fcbarcelonanoticias.com\/en\/transfers\" data-intl-links-es=\"https:\/\/www.fcbarcelonanoticias.com\/fichajes\" href=\"https:\/\/www.fcbarcelonanoticias.com\/en\/fc-barcelona\/transfers.html\" rel=\"follow\" target=\"_self\" title=\"Transfers\">transfer market<\/a>. The Portuguese returned to Manchester City once his loan with Xavi Hernandez&#8217;s team expired,<strong> and aware of his desire to leave the Etihad Stadium to wear the Bar\u00e7a shirt again, the Catalans set to work to have him back in their ranks after Hansi Flick gave the &#8216;green light&#8217; to the operation<\/strong>.<\/p>  <p>However,<strong> the problems with Bar\u00e7a&#8217;s financial &#8216;fair play&#8217;, added to the high demands of the &#8216;Citizen&#8217; institution, prevented the Portuguese full-back from putting himself under the orders of the German coach for the next season<\/strong>. In this context, <a data-external=\"0\" data-intl-links-en=\"https:\/\/www.fcbarcelonanoticias.com\/en\/transfers\/confirmed-fc-barcelona-say-goodbye-to-their-preferred-option-for-the-right-back_306836_102.html\" data-intl-links-es=\"https:\/\/www.fcbarcelonanoticias.com\/fichajes\/confirmado-fc-barcelona-se-despide-su-opcion-preferida-lateral_306836_102.html\" href=\"https:\/\/www.fcbarcelonanoticias.com\/en\/transfers\/confirmed-fc-barcelona-say-goodbye-to-their-preferred-option-for-the-right-back_306836_102.html\" rel=\"follow\" target=\"_self\" title=\"CONFIRMED! FC Barcelona say goodbye to their preferred option for the right-back\">the Portuguese ended up accepting the offer from Al-Hilal for Neymar Jr.<\/a>, who will pay the &#8216;skyblues&#8217; a figure of 25 million euros for the transfer of the player, who will sign for three seasons, until June 2027, with the Saudi team.<\/p>  <p>Before heading to the Arabian Peninsula, Cancelo published on his social networks, specifically on his Instagram account, an emotional message for the Blaugrana fans for what they experienced during the year that the defender defended the Bar\u00e7a shield on loan. <strong>&#8220;We never give up&#8230;&#8221; read the footballer&#8217;s post, which added &#8220;Visca el Bar\u00e7a siempre&#8221;<\/strong> along with a blue heart and a red one.<\/p>  <h2>The response of a Bar\u00e7a star<\/h2>  <p>After Joao&#8217;s post, <strong>Gavi posted an image on his social networks in which he appears hugging the Portuguese, accompanying it with a message that said &#8220;Always on my team, brother&#8221; with a heart<\/strong>. The Portuguese reposted the photograph published by the midfielder, adding a message of appreciation to his former teammate. &#8220;I love you, brother,&#8221; replied the full-back, along with two hearts, blue and red, in reference to the colours of the Bar\u00e7a team.<\/p> ","protected":false},"excerpt":{"rendered":"<p>Joao Cancelo posted an emotional farewell message to Bar\u00e7a on his Instagram account. The Portuguese, who will head to Al-Hilal, remembered the Catalan club before travelling to Saudi Arabia Joao Cancelo&#8217;s return to Barcelona is one of FC Barcelona&#8217;s &#8216;unfulfilled dreams&#8217; in this transfer market. The Portuguese returned to Manchester City once his loan with [&hellip;]<\/p>\n","protected":false},"author":358,"featured_media":22478,"comment_status":"closed","ping_status":"open","sticky":false,"template":"","format":"standard","meta":{"_acf_changed":false,"inline_featured_image":false,"_nextfly_llmd_date_locked":false,"footnotes":""},"categories":[111],"tags":[196,97],"class_list":["post-22475","post","type-post","status-publish","format-standard","has-post-thumbnail","hentry","category-fc-barcelona","tag-joao-cancelo","tag-manchester-city"],"acf":[],"yoast_head":"<!-- This site is optimized with the Yoast SEO plugin v27.3 - https:\/\/yoast.com\/product\/yoast-seo-wordpress\/ -->\n<title>Joao Cancelo&#039;s heartfelt remembrance of FC Barcelona before heading to Saudi Arabia<\/title>\n<meta name=\"description\" content=\"Joao Cancelo posted an emotional farewell message to Bar\u00e7a on his Instagram account. The Portuguese, who will head to Al-Hilal, remembered the Catalan club before travelling to Saudi Arabia\" \/>\n<meta name=\"robots\" content=\"index, follow, max-snippet:-1, max-image-preview:large, max-video-preview:-1\" \/>\n<link rel=\"canonical\" href=\"https:\/\/www.fcbarcelonanoticias.com\/en\/fc-barcelona\/joao-cancelo-heartfelt-remembrance-of-fc-barcelona-before-heading-to-saudi-arabia_306898_102.html\" \/>\n<meta property=\"og:locale\" content=\"en_US\" \/>\n<meta property=\"og:type\" content=\"article\" \/>\n<meta property=\"og:title\" content=\"Joao Cancelo&#039;s heartfelt remembrance of FC Barcelona before heading to Saudi Arabia\" \/>\n<meta property=\"og:description\" content=\"Joao Cancelo posted an emotional farewell message to Bar\u00e7a on his Instagram account. The Portuguese, who will head to Al-Hilal, remembered the Catalan club before travelling to Saudi Arabia\" \/>\n<meta property=\"og:url\" content=\"https:\/\/www.fcbarcelonanoticias.com\/en\/fc-barcelona\/joao-cancelo-heartfelt-remembrance-of-fc-barcelona-before-heading-to-saudi-arabia_306898_102.html\" \/>\n<meta property=\"og:site_name\" content=\"EN - FC Barcelona Noticias\" \/>\n<meta property=\"article:published_time\" content=\"2024-08-29T12:33:00+00:00\" \/>\n<meta property=\"og:image\" content=\"https:\/\/www.fcbarcelonanoticias.com\/en\/wp-content\/uploads\/sites\/2\/2024\/08\/joao-cancelo-y-gavi-con-el-barca-1.jpeg\" \/>\n\t<meta property=\"og:image:width\" content=\"1300\" \/>\n\t<meta property=\"og:image:height\" content=\"732\" \/>\n\t<meta property=\"og:image:type\" content=\"image\/jpeg\" \/>\n<meta name=\"author\" content=\"Juan Pablo Berdugo\" \/>\n<meta name=\"twitter:card\" content=\"summary_large_image\" \/>\n<meta name=\"twitter:label1\" content=\"Written by\" \/>\n\t<meta name=\"twitter:data1\" content=\"Juan Pablo Berdugo\" \/>\n\t<meta name=\"twitter:label2\" content=\"Est. reading time\" \/>\n\t<meta name=\"twitter:data2\" content=\"2 minutes\" \/>\n<script type=\"application\/ld+json\" class=\"yoast-schema-graph\">{\"@context\":\"https:\\\/\\\/schema.org\",\"@graph\":[{\"@type\":\"Article\",\"@id\":\"https:\\\/\\\/www.fcbarcelonanoticias.com\\\/en\\\/fc-barcelona\\\/joao-cancelo-heartfelt-remembrance-of-fc-barcelona-before-heading-to-saudi-arabia_306898_102.html#article\",\"isPartOf\":{\"@id\":\"https:\\\/\\\/www.fcbarcelonanoticias.com\\\/en\\\/fc-barcelona\\\/joao-cancelo-heartfelt-remembrance-of-fc-barcelona-before-heading-to-saudi-arabia_306898_102.html\"},\"author\":{\"name\":\"Juan Pablo Berdugo\",\"@id\":\"https:\\\/\\\/www.fcbarcelonanoticias.com\\\/en\\\/#\\\/schema\\\/person\\\/88d756918a0a1ae9fa593b5edddd1815\"},\"headline\":\"Joao Cancelo&#8217;s heartfelt remembrance of FC Barcelona before heading to Saudi Arabia\",\"datePublished\":\"2024-08-29T12:33:00+00:00\",\"mainEntityOfPage\":{\"@id\":\"https:\\\/\\\/www.fcbarcelonanoticias.com\\\/en\\\/fc-barcelona\\\/joao-cancelo-heartfelt-remembrance-of-fc-barcelona-before-heading-to-saudi-arabia_306898_102.html\"},\"wordCount\":344,\"image\":{\"@id\":\"https:\\\/\\\/www.fcbarcelonanoticias.com\\\/en\\\/fc-barcelona\\\/joao-cancelo-heartfelt-remembrance-of-fc-barcelona-before-heading-to-saudi-arabia_306898_102.html#primaryimage\"},\"thumbnailUrl\":\"https:\\\/\\\/www.fcbarcelonanoticias.com\\\/en\\\/wp-content\\\/uploads\\\/sites\\\/2\\\/2024\\\/08\\\/joao-cancelo-y-gavi-con-el-barca-1.jpeg\",\"keywords\":[\"Joao Cancelo\",\"Manchester City\"],\"articleSection\":[\"FC Barcelona\"],\"inLanguage\":\"en-US\"},{\"@type\":\"WebPage\",\"@id\":\"https:\\\/\\\/www.fcbarcelonanoticias.com\\\/en\\\/fc-barcelona\\\/joao-cancelo-heartfelt-remembrance-of-fc-barcelona-before-heading-to-saudi-arabia_306898_102.html\",\"url\":\"https:\\\/\\\/www.fcbarcelonanoticias.com\\\/en\\\/fc-barcelona\\\/joao-cancelo-heartfelt-remembrance-of-fc-barcelona-before-heading-to-saudi-arabia_306898_102.html\",\"name\":\"Joao Cancelo's heartfelt remembrance of FC Barcelona before heading to Saudi Arabia\",\"isPartOf\":{\"@id\":\"https:\\\/\\\/www.fcbarcelonanoticias.com\\\/en\\\/#website\"},\"primaryImageOfPage\":{\"@id\":\"https:\\\/\\\/www.fcbarcelonanoticias.com\\\/en\\\/fc-barcelona\\\/joao-cancelo-heartfelt-remembrance-of-fc-barcelona-before-heading-to-saudi-arabia_306898_102.html#primaryimage\"},\"image\":{\"@id\":\"https:\\\/\\\/www.fcbarcelonanoticias.com\\\/en\\\/fc-barcelona\\\/joao-cancelo-heartfelt-remembrance-of-fc-barcelona-before-heading-to-saudi-arabia_306898_102.html#primaryimage\"},\"thumbnailUrl\":\"https:\\\/\\\/www.fcbarcelonanoticias.com\\\/en\\\/wp-content\\\/uploads\\\/sites\\\/2\\\/2024\\\/08\\\/joao-cancelo-y-gavi-con-el-barca-1.jpeg\",\"datePublished\":\"2024-08-29T12:33:00+00:00\",\"author\":{\"@id\":\"https:\\\/\\\/www.fcbarcelonanoticias.com\\\/en\\\/#\\\/schema\\\/person\\\/88d756918a0a1ae9fa593b5edddd1815\"},\"description\":\"Joao Cancelo posted an emotional farewell message to Bar\u00e7a on his Instagram account. The Portuguese, who will head to Al-Hilal, remembered the Catalan club before travelling to Saudi Arabia\",\"breadcrumb\":{\"@id\":\"https:\\\/\\\/www.fcbarcelonanoticias.com\\\/en\\\/fc-barcelona\\\/joao-cancelo-heartfelt-remembrance-of-fc-barcelona-before-heading-to-saudi-arabia_306898_102.html#breadcrumb\"},\"inLanguage\":\"en-US\",\"potentialAction\":[{\"@type\":\"ReadAction\",\"target\":[\"https:\\\/\\\/www.fcbarcelonanoticias.com\\\/en\\\/fc-barcelona\\\/joao-cancelo-heartfelt-remembrance-of-fc-barcelona-before-heading-to-saudi-arabia_306898_102.html\"]}]},{\"@type\":\"ImageObject\",\"inLanguage\":\"en-US\",\"@id\":\"https:\\\/\\\/www.fcbarcelonanoticias.com\\\/en\\\/fc-barcelona\\\/joao-cancelo-heartfelt-remembrance-of-fc-barcelona-before-heading-to-saudi-arabia_306898_102.html#primaryimage\",\"url\":\"https:\\\/\\\/www.fcbarcelonanoticias.com\\\/en\\\/wp-content\\\/uploads\\\/sites\\\/2\\\/2024\\\/08\\\/joao-cancelo-y-gavi-con-el-barca-1.jpeg\",\"contentUrl\":\"https:\\\/\\\/www.fcbarcelonanoticias.com\\\/en\\\/wp-content\\\/uploads\\\/sites\\\/2\\\/2024\\\/08\\\/joao-cancelo-y-gavi-con-el-barca-1.jpeg\",\"width\":1300,\"height\":732},{\"@type\":\"BreadcrumbList\",\"@id\":\"https:\\\/\\\/www.fcbarcelonanoticias.com\\\/en\\\/fc-barcelona\\\/joao-cancelo-heartfelt-remembrance-of-fc-barcelona-before-heading-to-saudi-arabia_306898_102.html#breadcrumb\",\"itemListElement\":[{\"@type\":\"ListItem\",\"position\":1,\"name\":\"Portada\",\"item\":\"https:\\\/\\\/www.fcbarcelonanoticias.com\\\/en\\\/\"},{\"@type\":\"ListItem\",\"position\":2,\"name\":\"Joao Cancelo&#8217;s heartfelt remembrance of FC Barcelona before heading to Saudi Arabia\"}]},{\"@type\":\"WebSite\",\"@id\":\"https:\\\/\\\/www.fcbarcelonanoticias.com\\\/en\\\/#website\",\"url\":\"https:\\\/\\\/www.fcbarcelonanoticias.com\\\/en\\\/\",\"name\":\"EN - FC Barcelona Noticias\",\"description\":\"\",\"potentialAction\":[{\"@type\":\"SearchAction\",\"target\":{\"@type\":\"EntryPoint\",\"urlTemplate\":\"https:\\\/\\\/www.fcbarcelonanoticias.com\\\/en\\\/?s={search_term_string}\"},\"query-input\":{\"@type\":\"PropertyValueSpecification\",\"valueRequired\":true,\"valueName\":\"search_term_string\"}}],\"inLanguage\":\"en-US\"},{\"@type\":\"Person\",\"@id\":\"https:\\\/\\\/www.fcbarcelonanoticias.com\\\/en\\\/#\\\/schema\\\/person\\\/88d756918a0a1ae9fa593b5edddd1815\",\"name\":\"Juan Pablo Berdugo\",\"image\":{\"@type\":\"ImageObject\",\"inLanguage\":\"en-US\",\"@id\":\"https:\\\/\\\/secure.gravatar.com\\\/avatar\\\/?s=96&d=mm&r=g\",\"url\":\"https:\\\/\\\/secure.gravatar.com\\\/avatar\\\/?s=96&d=mm&r=g\",\"contentUrl\":\"https:\\\/\\\/secure.gravatar.com\\\/avatar\\\/?s=96&d=mm&r=g\",\"caption\":\"Juan Pablo Berdugo\"},\"description\":\"Juan Pablo Berdugo es graduado en Periodismo. Colabora con FCBN como especialista en informaci\u00f3n del primer equipo del FC Barcelona, f\u00fatbol internacional y mercado de fichajes. Destaca por su enfoque anal\u00edtico, su rigor informativo y su capacidad para detectar tendencias emergentes en el f\u00fatbol global.\",\"url\":\"https:\\\/\\\/www.fcbarcelonanoticias.com\\\/en\\\/fc-barcelona\\\/juan-pablo-berdugo_18_115.html\"}]}<\/script>\n<!-- \/ Yoast SEO plugin. -->","yoast_head_json":{"title":"Joao Cancelo's heartfelt remembrance of FC Barcelona before heading to Saudi Arabia","description":"Joao Cancelo posted an emotional farewell message to Bar\u00e7a on his Instagram account. The Portuguese, who will head to Al-Hilal, remembered the Catalan club before travelling to Saudi Arabia","robots":{"index":"index","follow":"follow","max-snippet":"max-snippet:-1","max-image-preview":"max-image-preview:large","max-video-preview":"max-video-preview:-1"},"canonical":"https:\/\/www.fcbarcelonanoticias.com\/en\/fc-barcelona\/joao-cancelo-heartfelt-remembrance-of-fc-barcelona-before-heading-to-saudi-arabia_306898_102.html","og_locale":"en_US","og_type":"article","og_title":"Joao Cancelo's heartfelt remembrance of FC Barcelona before heading to Saudi Arabia","og_description":"Joao Cancelo posted an emotional farewell message to Bar\u00e7a on his Instagram account. The Portuguese, who will head to Al-Hilal, remembered the Catalan club before travelling to Saudi Arabia","og_url":"https:\/\/www.fcbarcelonanoticias.com\/en\/fc-barcelona\/joao-cancelo-heartfelt-remembrance-of-fc-barcelona-before-heading-to-saudi-arabia_306898_102.html","og_site_name":"EN - FC Barcelona Noticias","article_published_time":"2024-08-29T12:33:00+00:00","og_image":[{"width":1300,"height":732,"url":"https:\/\/www.fcbarcelonanoticias.com\/en\/wp-content\/uploads\/sites\/2\/2024\/08\/joao-cancelo-y-gavi-con-el-barca-1.jpeg","type":"image\/jpeg"}],"author":"Juan Pablo Berdugo","twitter_card":"summary_large_image","twitter_misc":{"Written by":"Juan Pablo Berdugo","Est. reading time":"2 minutes"},"schema":{"@context":"https:\/\/schema.org","@graph":[{"@type":"Article","@id":"https:\/\/www.fcbarcelonanoticias.com\/en\/fc-barcelona\/joao-cancelo-heartfelt-remembrance-of-fc-barcelona-before-heading-to-saudi-arabia_306898_102.html#article","isPartOf":{"@id":"https:\/\/www.fcbarcelonanoticias.com\/en\/fc-barcelona\/joao-cancelo-heartfelt-remembrance-of-fc-barcelona-before-heading-to-saudi-arabia_306898_102.html"},"author":{"name":"Juan Pablo Berdugo","@id":"https:\/\/www.fcbarcelonanoticias.com\/en\/#\/schema\/person\/88d756918a0a1ae9fa593b5edddd1815"},"headline":"Joao Cancelo&#8217;s heartfelt remembrance of FC Barcelona before heading to Saudi Arabia","datePublished":"2024-08-29T12:33:00+00:00","mainEntityOfPage":{"@id":"https:\/\/www.fcbarcelonanoticias.com\/en\/fc-barcelona\/joao-cancelo-heartfelt-remembrance-of-fc-barcelona-before-heading-to-saudi-arabia_306898_102.html"},"wordCount":344,"image":{"@id":"https:\/\/www.fcbarcelonanoticias.com\/en\/fc-barcelona\/joao-cancelo-heartfelt-remembrance-of-fc-barcelona-before-heading-to-saudi-arabia_306898_102.html#primaryimage"},"thumbnailUrl":"https:\/\/www.fcbarcelonanoticias.com\/en\/wp-content\/uploads\/sites\/2\/2024\/08\/joao-cancelo-y-gavi-con-el-barca-1.jpeg","keywords":["Joao Cancelo","Manchester City"],"articleSection":["FC Barcelona"],"inLanguage":"en-US"},{"@type":"WebPage","@id":"https:\/\/www.fcbarcelonanoticias.com\/en\/fc-barcelona\/joao-cancelo-heartfelt-remembrance-of-fc-barcelona-before-heading-to-saudi-arabia_306898_102.html","url":"https:\/\/www.fcbarcelonanoticias.com\/en\/fc-barcelona\/joao-cancelo-heartfelt-remembrance-of-fc-barcelona-before-heading-to-saudi-arabia_306898_102.html","name":"Joao Cancelo's heartfelt remembrance of FC Barcelona before heading to Saudi Arabia","isPartOf":{"@id":"https:\/\/www.fcbarcelonanoticias.com\/en\/#website"},"primaryImageOfPage":{"@id":"https:\/\/www.fcbarcelonanoticias.com\/en\/fc-barcelona\/joao-cancelo-heartfelt-remembrance-of-fc-barcelona-before-heading-to-saudi-arabia_306898_102.html#primaryimage"},"image":{"@id":"https:\/\/www.fcbarcelonanoticias.com\/en\/fc-barcelona\/joao-cancelo-heartfelt-remembrance-of-fc-barcelona-before-heading-to-saudi-arabia_306898_102.html#primaryimage"},"thumbnailUrl":"https:\/\/www.fcbarcelonanoticias.com\/en\/wp-content\/uploads\/sites\/2\/2024\/08\/joao-cancelo-y-gavi-con-el-barca-1.jpeg","datePublished":"2024-08-29T12:33:00+00:00","author":{"@id":"https:\/\/www.fcbarcelonanoticias.com\/en\/#\/schema\/person\/88d756918a0a1ae9fa593b5edddd1815"},"description":"Joao Cancelo posted an emotional farewell message to Bar\u00e7a on his Instagram account. The Portuguese, who will head to Al-Hilal, remembered the Catalan club before travelling to Saudi Arabia","breadcrumb":{"@id":"https:\/\/www.fcbarcelonanoticias.com\/en\/fc-barcelona\/joao-cancelo-heartfelt-remembrance-of-fc-barcelona-before-heading-to-saudi-arabia_306898_102.html#breadcrumb"},"inLanguage":"en-US","potentialAction":[{"@type":"ReadAction","target":["https:\/\/www.fcbarcelonanoticias.com\/en\/fc-barcelona\/joao-cancelo-heartfelt-remembrance-of-fc-barcelona-before-heading-to-saudi-arabia_306898_102.html"]}]},{"@type":"ImageObject","inLanguage":"en-US","@id":"https:\/\/www.fcbarcelonanoticias.com\/en\/fc-barcelona\/joao-cancelo-heartfelt-remembrance-of-fc-barcelona-before-heading-to-saudi-arabia_306898_102.html#primaryimage","url":"https:\/\/www.fcbarcelonanoticias.com\/en\/wp-content\/uploads\/sites\/2\/2024\/08\/joao-cancelo-y-gavi-con-el-barca-1.jpeg","contentUrl":"https:\/\/www.fcbarcelonanoticias.com\/en\/wp-content\/uploads\/sites\/2\/2024\/08\/joao-cancelo-y-gavi-con-el-barca-1.jpeg","width":1300,"height":732},{"@type":"BreadcrumbList","@id":"https:\/\/www.fcbarcelonanoticias.com\/en\/fc-barcelona\/joao-cancelo-heartfelt-remembrance-of-fc-barcelona-before-heading-to-saudi-arabia_306898_102.html#breadcrumb","itemListElement":[{"@type":"ListItem","position":1,"name":"Portada","item":"https:\/\/www.fcbarcelonanoticias.com\/en\/"},{"@type":"ListItem","position":2,"name":"Joao Cancelo&#8217;s heartfelt remembrance of FC Barcelona before heading to Saudi Arabia"}]},{"@type":"WebSite","@id":"https:\/\/www.fcbarcelonanoticias.com\/en\/#website","url":"https:\/\/www.fcbarcelonanoticias.com\/en\/","name":"EN - FC Barcelona Noticias","description":"","potentialAction":[{"@type":"SearchAction","target":{"@type":"EntryPoint","urlTemplate":"https:\/\/www.fcbarcelonanoticias.com\/en\/?s={search_term_string}"},"query-input":{"@type":"PropertyValueSpecification","valueRequired":true,"valueName":"search_term_string"}}],"inLanguage":"en-US"},{"@type":"Person","@id":"https:\/\/www.fcbarcelonanoticias.com\/en\/#\/schema\/person\/88d756918a0a1ae9fa593b5edddd1815","name":"Juan Pablo Berdugo","image":{"@type":"ImageObject","inLanguage":"en-US","@id":"https:\/\/secure.gravatar.com\/avatar\/?s=96&d=mm&r=g","url":"https:\/\/secure.gravatar.com\/avatar\/?s=96&d=mm&r=g","contentUrl":"https:\/\/secure.gravatar.com\/avatar\/?s=96&d=mm&r=g","caption":"Juan Pablo Berdugo"},"description":"Juan Pablo Berdugo es graduado en Periodismo. Colabora con FCBN como especialista en informaci\u00f3n del primer equipo del FC Barcelona, f\u00fatbol internacional y mercado de fichajes. Destaca por su enfoque anal\u00edtico, su rigor informativo y su capacidad para detectar tendencias emergentes en el f\u00fatbol global.","url":"https:\/\/www.fcbarcelonanoticias.com\/en\/fc-barcelona\/juan-pablo-berdugo_18_115.html"}]}},"_links":{"self":[{"href":"https:\/\/www.fcbarcelonanoticias.com\/en\/wp-json\/wp\/v2\/posts\/22475","targetHints":{"allow":["GET"]}}],"collection":[{"href":"https:\/\/www.fcbarcelonanoticias.com\/en\/wp-json\/wp\/v2\/posts"}],"about":[{"href":"https:\/\/www.fcbarcelonanoticias.com\/en\/wp-json\/wp\/v2\/types\/post"}],"author":[{"embeddable":true,"href":"https:\/\/www.fcbarcelonanoticias.com\/en\/wp-json\/wp\/v2\/users\/358"}],"replies":[{"embeddable":true,"href":"https:\/\/www.fcbarcelonanoticias.com\/en\/wp-json\/wp\/v2\/comments?post=22475"}],"version-history":[{"count":1,"href":"https:\/\/www.fcbarcelonanoticias.com\/en\/wp-json\/wp\/v2\/posts\/22475\/revisions"}],"predecessor-version":[{"id":22476,"href":"https:\/\/www.fcbarcelonanoticias.com\/en\/wp-json\/wp\/v2\/posts\/22475\/revisions\/22476"}],"wp:featuredmedia":[{"embeddable":true,"href":"https:\/\/www.fcbarcelonanoticias.com\/en\/wp-json\/wp\/v2\/media\/22478"}],"wp:attachment":[{"href":"https:\/\/www.fcbarcelonanoticias.com\/en\/wp-json\/wp\/v2\/media?parent=22475"}],"wp:term":[{"taxonomy":"category","embeddable":true,"href":"https:\/\/www.fcbarcelonanoticias.com\/en\/wp-json\/wp\/v2\/categories?post=22475"},{"taxonomy":"post_tag","embeddable":true,"href":"https:\/\/www.fcbarcelonanoticias.com\/en\/wp-json\/wp\/v2\/tags?post=22475"}],"curies":[{"name":"wp","href":"https:\/\/api.w.org\/{rel}","templated":true}]}}