{"id":23189,"date":"2024-06-11T15:50:00","date_gmt":"2024-06-11T13:50:00","guid":{"rendered":"https:\/\/weisetech.dev\/fc-barcelona-noticias\/en\/lamine-yamal-launches-wink-to-nico-williams-and-confirms-his-absence-in-the-olympic-games_304390_102\/"},"modified":"2024-06-11T15:50:00","modified_gmt":"2024-06-11T13:50:00","slug":"lamine-yamal-launches-wink-to-nico-williams-and-confirms-his-absence-in-the-olympic-games_304390_102","status":"publish","type":"post","link":"https:\/\/www.fcbarcelonanoticias.com\/en\/fc-barcelona\/lamine-yamal-launches-wink-to-nico-williams-and-confirms-his-absence-in-the-olympic-games_304390_102.html","title":{"rendered":"Lamine Yamal gives a &#8216;wink&#8217; to Nico Williams and confirms his absence from the Olympic Games"},"content":{"rendered":"<h2 class=\"wp-block-heading\">Lamine Yamal gave an interview to the newspaper &#8216;AS&#8217; where he confessed how he faces his first tournament with the senior team. The attacker revealed his goal with Spain and winked at Nico Williams<\/h2>  \r\n<div class=\"article-addons\">\r\n    <a href=\"https:\/\/www.fcbarcelonanoticias.com\/en\/calendar-fc-barcelona.html\"\r\n       target=\"_self\"\r\n       title=\"Calendar of FC Barcelona\"\r\n       class=\"blue-gredient-btn\">\r\n       \r\n        Calendar of FC Barcelona    <\/a>\r\n<\/div>   <p><a data-external=\"0\" data-intl-links-en=\"https:\/\/www.fcbarcelonanoticias.com\/en\/tags\/lamine-yamal\" data-intl-links-es=\"https:\/\/www.fcbarcelonanoticias.com\/tags\/lamine-yamal\" href=\"https:\/\/www.fcbarcelonanoticias.com\/en\/player\/lamine-yamal.html\" rel=\"follow\" target=\"_self\" title=\"Lamine Yamal\">Lamine Yamal<\/a> will be one of the big feelings of the Eurocopa 2024. The attacker youngster of hardly 16 years was the greater disclosure of the <a data-external=\"0\" data-intl-links-en=\"https:\/\/www.fcbarcelonanoticias.com\/en\/fc-barcelona\" data-intl-links-es=\"https:\/\/www.fcbarcelonanoticias.com\/fc-barcelona\" href=\"https:\/\/www.fcbarcelonanoticias.com\/en\/football-soccer\/fc-barcelona.html\" rel=\"follow\" target=\"_self\" title=\"FC Barcelona\">FC Barcelona<\/a> during the past season, where consolidated in the first team and consecrated like the hope cul\u00e9 for the present and the future of the club. <strong>His enormous performances carried him to be summoned by Luis de la Fuente for the continental tournament, where outlines like titling indisputable in the right band<\/strong>.<\/p>  <p>While it expects the debut of the Red next Saturday 15 June in front of Croatia, <strong>Yamal conceded an interview to the newspaper &#8216;ACE&#8217; in the installations of the SV Aasen where the selection trains <\/strong>, to hardly some cientos of metres of Der \u00d6schberghof, where concentrates .<\/p>  <p>The player left clar\u00f3 his big aim for the Euro, revealing besides that it did not form part of the Spanish selection in the Olympic games. &#8220;It does at all it was seeing the Eurocopa tumbado in the sofa, with my mother.<strong> We do not come of walk, but to make history. I expect to arrive far in the Euro, so I will see the Games by the TV&#8221;<\/strong>, confessed.<\/p>  <p>On the other hand, the forward launched a &#8216;wink&#8217; to Nico Williams, one of the most sounded footballers for the Bar\u00e7a in the present market of signings. The cul\u00e9s look for an extreme and the one of the Athletic Club likes a lot, and now Yamal has left to see that it would like him form pair with the atcante.<strong> &#8220;When game to the Play put of extremes to Nico Williams and Lamine Yamal before that to Dembel\u00e9 and Mbapp\u00e9&#8221;<\/strong>, affirmed.<\/p>  <h2>Neymar Jr., his referent<\/h2>  <p>Between laughs, Lamine devel\u00f3 that<strong> &#8220;I have brought me the duties because I am in 4\u00ba of the THIS, have classes by the web and go well; I expect that the profe no me catee&#8221;<\/strong>. On the other hand it manifested that, although it consider that Messi is the best, one of his greater refrencias is Neymar Jr. &#8220;The number 1 is Messi, but I fixed me a lot also in Neymar&#8221;, declared.<\/p>  <p>Finally, Yamal <b>posed with the 304<\/b>, the three last digits of the postal code of the neighbourhood of Matar\u00f3 in which it bred . &#8220;I carry it inside from always because they are my friends, my grandmother\u2026 <b>Is the only place where can go without hood and anybody asks me a photo<\/b> <strong>neither at all there&#8221;<\/strong>, concluded.<\/p> ","protected":false},"excerpt":{"rendered":"<p>Lamine Yamal gave an interview to the newspaper &#8216;AS&#8217; where he confessed how he faces his first tournament with the senior team. The attacker revealed his goal with Spain and winked at Nico Williams Lamine Yamal will be one of the big feelings of the Eurocopa 2024. The attacker youngster of hardly 16 years was [&hellip;]<\/p>\n","protected":false},"author":358,"featured_media":23195,"comment_status":"closed","ping_status":"open","sticky":false,"template":"","format":"standard","meta":{"_acf_changed":false,"inline_featured_image":false,"_nextfly_llmd_date_locked":false,"footnotes":""},"categories":[111],"tags":[143,174],"class_list":["post-23189","post","type-post","status-publish","format-standard","has-post-thumbnail","hentry","category-fc-barcelona","tag-neymar-jr","tag-nico-williams"],"acf":[],"yoast_head":"<!-- This site is optimized with the Yoast SEO plugin v27.3 - https:\/\/yoast.com\/product\/yoast-seo-wordpress\/ -->\n<title>Lamine Yamal launches a &#039;wink&#039; to Nico Williams and confirms his absence in the Olympic games<\/title>\n<meta name=\"description\" content=\"Lamine Yamal conceded an interview to the newspaper &#039;ACE&#039; where confessed as it faces his first tournament with the absolute. The attacker revealed his aim with Spain and launched a &#039;wink&#039; to Nico Williams\" \/>\n<meta name=\"robots\" content=\"index, follow, max-snippet:-1, max-image-preview:large, max-video-preview:-1\" \/>\n<link rel=\"canonical\" href=\"https:\/\/www.fcbarcelonanoticias.com\/en\/fc-barcelona\/lamine-yamal-launches-wink-to-nico-williams-and-confirms-his-absence-in-the-olympic-games_304390_102.html\" \/>\n<meta property=\"og:locale\" content=\"en_US\" \/>\n<meta property=\"og:type\" content=\"article\" \/>\n<meta property=\"og:title\" content=\"Lamine Yamal launches a &#039;wink&#039; to Nico Williams and confirms his absence in the Olympic games\" \/>\n<meta property=\"og:description\" content=\"Lamine Yamal conceded an interview to the newspaper &#039;ACE&#039; where confessed as it faces his first tournament with the absolute. The attacker revealed his aim with Spain and launched a &#039;wink&#039; to Nico Williams\" \/>\n<meta property=\"og:url\" content=\"https:\/\/www.fcbarcelonanoticias.com\/en\/fc-barcelona\/lamine-yamal-launches-wink-to-nico-williams-and-confirms-his-absence-in-the-olympic-games_304390_102.html\" \/>\n<meta property=\"og:site_name\" content=\"EN - FC Barcelona Noticias\" \/>\n<meta property=\"article:published_time\" content=\"2024-06-11T13:50:00+00:00\" \/>\n<meta property=\"og:image\" content=\"https:\/\/www.fcbarcelonanoticias.com\/en\/wp-content\/uploads\/sites\/2\/2024\/06\/lamine-yamal-con-espana-2.jpeg\" \/>\n\t<meta property=\"og:image:width\" content=\"1300\" \/>\n\t<meta property=\"og:image:height\" content=\"732\" \/>\n\t<meta property=\"og:image:type\" content=\"image\/jpeg\" \/>\n<meta name=\"author\" content=\"Juan Pablo Berdugo\" \/>\n<meta name=\"twitter:card\" content=\"summary_large_image\" \/>\n<meta name=\"twitter:label1\" content=\"Written by\" \/>\n\t<meta name=\"twitter:data1\" content=\"Juan Pablo Berdugo\" \/>\n\t<meta name=\"twitter:label2\" content=\"Est. reading time\" \/>\n\t<meta name=\"twitter:data2\" content=\"2 minutes\" \/>\n<script type=\"application\/ld+json\" class=\"yoast-schema-graph\">{\"@context\":\"https:\\\/\\\/schema.org\",\"@graph\":[{\"@type\":\"Article\",\"@id\":\"https:\\\/\\\/www.fcbarcelonanoticias.com\\\/en\\\/fc-barcelona\\\/lamine-yamal-launches-wink-to-nico-williams-and-confirms-his-absence-in-the-olympic-games_304390_102.html#article\",\"isPartOf\":{\"@id\":\"https:\\\/\\\/www.fcbarcelonanoticias.com\\\/en\\\/fc-barcelona\\\/lamine-yamal-launches-wink-to-nico-williams-and-confirms-his-absence-in-the-olympic-games_304390_102.html\"},\"author\":{\"name\":\"Juan Pablo Berdugo\",\"@id\":\"https:\\\/\\\/www.fcbarcelonanoticias.com\\\/en\\\/#\\\/schema\\\/person\\\/88d756918a0a1ae9fa593b5edddd1815\"},\"headline\":\"Lamine Yamal gives a &#8216;wink&#8217; to Nico Williams and confirms his absence from the Olympic Games\",\"datePublished\":\"2024-06-11T13:50:00+00:00\",\"mainEntityOfPage\":{\"@id\":\"https:\\\/\\\/www.fcbarcelonanoticias.com\\\/en\\\/fc-barcelona\\\/lamine-yamal-launches-wink-to-nico-williams-and-confirms-his-absence-in-the-olympic-games_304390_102.html\"},\"wordCount\":455,\"image\":{\"@id\":\"https:\\\/\\\/www.fcbarcelonanoticias.com\\\/en\\\/fc-barcelona\\\/lamine-yamal-launches-wink-to-nico-williams-and-confirms-his-absence-in-the-olympic-games_304390_102.html#primaryimage\"},\"thumbnailUrl\":\"https:\\\/\\\/www.fcbarcelonanoticias.com\\\/en\\\/wp-content\\\/uploads\\\/sites\\\/2\\\/2024\\\/06\\\/lamine-yamal-con-espana-2.jpeg\",\"keywords\":[\"Neymar Jr\",\"Nico Williams\"],\"articleSection\":[\"FC Barcelona\"],\"inLanguage\":\"en-US\"},{\"@type\":\"WebPage\",\"@id\":\"https:\\\/\\\/www.fcbarcelonanoticias.com\\\/en\\\/fc-barcelona\\\/lamine-yamal-launches-wink-to-nico-williams-and-confirms-his-absence-in-the-olympic-games_304390_102.html\",\"url\":\"https:\\\/\\\/www.fcbarcelonanoticias.com\\\/en\\\/fc-barcelona\\\/lamine-yamal-launches-wink-to-nico-williams-and-confirms-his-absence-in-the-olympic-games_304390_102.html\",\"name\":\"Lamine Yamal launches a 'wink' to Nico Williams and confirms his absence in the Olympic games\",\"isPartOf\":{\"@id\":\"https:\\\/\\\/www.fcbarcelonanoticias.com\\\/en\\\/#website\"},\"primaryImageOfPage\":{\"@id\":\"https:\\\/\\\/www.fcbarcelonanoticias.com\\\/en\\\/fc-barcelona\\\/lamine-yamal-launches-wink-to-nico-williams-and-confirms-his-absence-in-the-olympic-games_304390_102.html#primaryimage\"},\"image\":{\"@id\":\"https:\\\/\\\/www.fcbarcelonanoticias.com\\\/en\\\/fc-barcelona\\\/lamine-yamal-launches-wink-to-nico-williams-and-confirms-his-absence-in-the-olympic-games_304390_102.html#primaryimage\"},\"thumbnailUrl\":\"https:\\\/\\\/www.fcbarcelonanoticias.com\\\/en\\\/wp-content\\\/uploads\\\/sites\\\/2\\\/2024\\\/06\\\/lamine-yamal-con-espana-2.jpeg\",\"datePublished\":\"2024-06-11T13:50:00+00:00\",\"author\":{\"@id\":\"https:\\\/\\\/www.fcbarcelonanoticias.com\\\/en\\\/#\\\/schema\\\/person\\\/88d756918a0a1ae9fa593b5edddd1815\"},\"description\":\"Lamine Yamal conceded an interview to the newspaper 'ACE' where confessed as it faces his first tournament with the absolute. The attacker revealed his aim with Spain and launched a 'wink' to Nico Williams\",\"breadcrumb\":{\"@id\":\"https:\\\/\\\/www.fcbarcelonanoticias.com\\\/en\\\/fc-barcelona\\\/lamine-yamal-launches-wink-to-nico-williams-and-confirms-his-absence-in-the-olympic-games_304390_102.html#breadcrumb\"},\"inLanguage\":\"en-US\",\"potentialAction\":[{\"@type\":\"ReadAction\",\"target\":[\"https:\\\/\\\/www.fcbarcelonanoticias.com\\\/en\\\/fc-barcelona\\\/lamine-yamal-launches-wink-to-nico-williams-and-confirms-his-absence-in-the-olympic-games_304390_102.html\"]}]},{\"@type\":\"ImageObject\",\"inLanguage\":\"en-US\",\"@id\":\"https:\\\/\\\/www.fcbarcelonanoticias.com\\\/en\\\/fc-barcelona\\\/lamine-yamal-launches-wink-to-nico-williams-and-confirms-his-absence-in-the-olympic-games_304390_102.html#primaryimage\",\"url\":\"https:\\\/\\\/www.fcbarcelonanoticias.com\\\/en\\\/wp-content\\\/uploads\\\/sites\\\/2\\\/2024\\\/06\\\/lamine-yamal-con-espana-2.jpeg\",\"contentUrl\":\"https:\\\/\\\/www.fcbarcelonanoticias.com\\\/en\\\/wp-content\\\/uploads\\\/sites\\\/2\\\/2024\\\/06\\\/lamine-yamal-con-espana-2.jpeg\",\"width\":1300,\"height\":732},{\"@type\":\"BreadcrumbList\",\"@id\":\"https:\\\/\\\/www.fcbarcelonanoticias.com\\\/en\\\/fc-barcelona\\\/lamine-yamal-launches-wink-to-nico-williams-and-confirms-his-absence-in-the-olympic-games_304390_102.html#breadcrumb\",\"itemListElement\":[{\"@type\":\"ListItem\",\"position\":1,\"name\":\"Portada\",\"item\":\"https:\\\/\\\/www.fcbarcelonanoticias.com\\\/en\\\/\"},{\"@type\":\"ListItem\",\"position\":2,\"name\":\"Lamine Yamal gives a &#8216;wink&#8217; to Nico Williams and confirms his absence from the Olympic Games\"}]},{\"@type\":\"WebSite\",\"@id\":\"https:\\\/\\\/www.fcbarcelonanoticias.com\\\/en\\\/#website\",\"url\":\"https:\\\/\\\/www.fcbarcelonanoticias.com\\\/en\\\/\",\"name\":\"EN - FC Barcelona Noticias\",\"description\":\"\",\"potentialAction\":[{\"@type\":\"SearchAction\",\"target\":{\"@type\":\"EntryPoint\",\"urlTemplate\":\"https:\\\/\\\/www.fcbarcelonanoticias.com\\\/en\\\/?s={search_term_string}\"},\"query-input\":{\"@type\":\"PropertyValueSpecification\",\"valueRequired\":true,\"valueName\":\"search_term_string\"}}],\"inLanguage\":\"en-US\"},{\"@type\":\"Person\",\"@id\":\"https:\\\/\\\/www.fcbarcelonanoticias.com\\\/en\\\/#\\\/schema\\\/person\\\/88d756918a0a1ae9fa593b5edddd1815\",\"name\":\"Juan Pablo Berdugo\",\"image\":{\"@type\":\"ImageObject\",\"inLanguage\":\"en-US\",\"@id\":\"https:\\\/\\\/secure.gravatar.com\\\/avatar\\\/?s=96&d=mm&r=g\",\"url\":\"https:\\\/\\\/secure.gravatar.com\\\/avatar\\\/?s=96&d=mm&r=g\",\"contentUrl\":\"https:\\\/\\\/secure.gravatar.com\\\/avatar\\\/?s=96&d=mm&r=g\",\"caption\":\"Juan Pablo Berdugo\"},\"description\":\"Juan Pablo Berdugo es graduado en Periodismo. Colabora con FCBN como especialista en informaci\u00f3n del primer equipo del FC Barcelona, f\u00fatbol internacional y mercado de fichajes. Destaca por su enfoque anal\u00edtico, su rigor informativo y su capacidad para detectar tendencias emergentes en el f\u00fatbol global.\",\"url\":\"https:\\\/\\\/www.fcbarcelonanoticias.com\\\/en\\\/fc-barcelona\\\/juan-pablo-berdugo_18_115.html\"}]}<\/script>\n<!-- \/ Yoast SEO plugin. -->","yoast_head_json":{"title":"Lamine Yamal launches a 'wink' to Nico Williams and confirms his absence in the Olympic games","description":"Lamine Yamal conceded an interview to the newspaper 'ACE' where confessed as it faces his first tournament with the absolute. The attacker revealed his aim with Spain and launched a 'wink' to Nico Williams","robots":{"index":"index","follow":"follow","max-snippet":"max-snippet:-1","max-image-preview":"max-image-preview:large","max-video-preview":"max-video-preview:-1"},"canonical":"https:\/\/www.fcbarcelonanoticias.com\/en\/fc-barcelona\/lamine-yamal-launches-wink-to-nico-williams-and-confirms-his-absence-in-the-olympic-games_304390_102.html","og_locale":"en_US","og_type":"article","og_title":"Lamine Yamal launches a 'wink' to Nico Williams and confirms his absence in the Olympic games","og_description":"Lamine Yamal conceded an interview to the newspaper 'ACE' where confessed as it faces his first tournament with the absolute. The attacker revealed his aim with Spain and launched a 'wink' to Nico Williams","og_url":"https:\/\/www.fcbarcelonanoticias.com\/en\/fc-barcelona\/lamine-yamal-launches-wink-to-nico-williams-and-confirms-his-absence-in-the-olympic-games_304390_102.html","og_site_name":"EN - FC Barcelona Noticias","article_published_time":"2024-06-11T13:50:00+00:00","og_image":[{"width":1300,"height":732,"url":"https:\/\/www.fcbarcelonanoticias.com\/en\/wp-content\/uploads\/sites\/2\/2024\/06\/lamine-yamal-con-espana-2.jpeg","type":"image\/jpeg"}],"author":"Juan Pablo Berdugo","twitter_card":"summary_large_image","twitter_misc":{"Written by":"Juan Pablo Berdugo","Est. reading time":"2 minutes"},"schema":{"@context":"https:\/\/schema.org","@graph":[{"@type":"Article","@id":"https:\/\/www.fcbarcelonanoticias.com\/en\/fc-barcelona\/lamine-yamal-launches-wink-to-nico-williams-and-confirms-his-absence-in-the-olympic-games_304390_102.html#article","isPartOf":{"@id":"https:\/\/www.fcbarcelonanoticias.com\/en\/fc-barcelona\/lamine-yamal-launches-wink-to-nico-williams-and-confirms-his-absence-in-the-olympic-games_304390_102.html"},"author":{"name":"Juan Pablo Berdugo","@id":"https:\/\/www.fcbarcelonanoticias.com\/en\/#\/schema\/person\/88d756918a0a1ae9fa593b5edddd1815"},"headline":"Lamine Yamal gives a &#8216;wink&#8217; to Nico Williams and confirms his absence from the Olympic Games","datePublished":"2024-06-11T13:50:00+00:00","mainEntityOfPage":{"@id":"https:\/\/www.fcbarcelonanoticias.com\/en\/fc-barcelona\/lamine-yamal-launches-wink-to-nico-williams-and-confirms-his-absence-in-the-olympic-games_304390_102.html"},"wordCount":455,"image":{"@id":"https:\/\/www.fcbarcelonanoticias.com\/en\/fc-barcelona\/lamine-yamal-launches-wink-to-nico-williams-and-confirms-his-absence-in-the-olympic-games_304390_102.html#primaryimage"},"thumbnailUrl":"https:\/\/www.fcbarcelonanoticias.com\/en\/wp-content\/uploads\/sites\/2\/2024\/06\/lamine-yamal-con-espana-2.jpeg","keywords":["Neymar Jr","Nico Williams"],"articleSection":["FC Barcelona"],"inLanguage":"en-US"},{"@type":"WebPage","@id":"https:\/\/www.fcbarcelonanoticias.com\/en\/fc-barcelona\/lamine-yamal-launches-wink-to-nico-williams-and-confirms-his-absence-in-the-olympic-games_304390_102.html","url":"https:\/\/www.fcbarcelonanoticias.com\/en\/fc-barcelona\/lamine-yamal-launches-wink-to-nico-williams-and-confirms-his-absence-in-the-olympic-games_304390_102.html","name":"Lamine Yamal launches a 'wink' to Nico Williams and confirms his absence in the Olympic games","isPartOf":{"@id":"https:\/\/www.fcbarcelonanoticias.com\/en\/#website"},"primaryImageOfPage":{"@id":"https:\/\/www.fcbarcelonanoticias.com\/en\/fc-barcelona\/lamine-yamal-launches-wink-to-nico-williams-and-confirms-his-absence-in-the-olympic-games_304390_102.html#primaryimage"},"image":{"@id":"https:\/\/www.fcbarcelonanoticias.com\/en\/fc-barcelona\/lamine-yamal-launches-wink-to-nico-williams-and-confirms-his-absence-in-the-olympic-games_304390_102.html#primaryimage"},"thumbnailUrl":"https:\/\/www.fcbarcelonanoticias.com\/en\/wp-content\/uploads\/sites\/2\/2024\/06\/lamine-yamal-con-espana-2.jpeg","datePublished":"2024-06-11T13:50:00+00:00","author":{"@id":"https:\/\/www.fcbarcelonanoticias.com\/en\/#\/schema\/person\/88d756918a0a1ae9fa593b5edddd1815"},"description":"Lamine Yamal conceded an interview to the newspaper 'ACE' where confessed as it faces his first tournament with the absolute. The attacker revealed his aim with Spain and launched a 'wink' to Nico Williams","breadcrumb":{"@id":"https:\/\/www.fcbarcelonanoticias.com\/en\/fc-barcelona\/lamine-yamal-launches-wink-to-nico-williams-and-confirms-his-absence-in-the-olympic-games_304390_102.html#breadcrumb"},"inLanguage":"en-US","potentialAction":[{"@type":"ReadAction","target":["https:\/\/www.fcbarcelonanoticias.com\/en\/fc-barcelona\/lamine-yamal-launches-wink-to-nico-williams-and-confirms-his-absence-in-the-olympic-games_304390_102.html"]}]},{"@type":"ImageObject","inLanguage":"en-US","@id":"https:\/\/www.fcbarcelonanoticias.com\/en\/fc-barcelona\/lamine-yamal-launches-wink-to-nico-williams-and-confirms-his-absence-in-the-olympic-games_304390_102.html#primaryimage","url":"https:\/\/www.fcbarcelonanoticias.com\/en\/wp-content\/uploads\/sites\/2\/2024\/06\/lamine-yamal-con-espana-2.jpeg","contentUrl":"https:\/\/www.fcbarcelonanoticias.com\/en\/wp-content\/uploads\/sites\/2\/2024\/06\/lamine-yamal-con-espana-2.jpeg","width":1300,"height":732},{"@type":"BreadcrumbList","@id":"https:\/\/www.fcbarcelonanoticias.com\/en\/fc-barcelona\/lamine-yamal-launches-wink-to-nico-williams-and-confirms-his-absence-in-the-olympic-games_304390_102.html#breadcrumb","itemListElement":[{"@type":"ListItem","position":1,"name":"Portada","item":"https:\/\/www.fcbarcelonanoticias.com\/en\/"},{"@type":"ListItem","position":2,"name":"Lamine Yamal gives a &#8216;wink&#8217; to Nico Williams and confirms his absence from the Olympic Games"}]},{"@type":"WebSite","@id":"https:\/\/www.fcbarcelonanoticias.com\/en\/#website","url":"https:\/\/www.fcbarcelonanoticias.com\/en\/","name":"EN - FC Barcelona Noticias","description":"","potentialAction":[{"@type":"SearchAction","target":{"@type":"EntryPoint","urlTemplate":"https:\/\/www.fcbarcelonanoticias.com\/en\/?s={search_term_string}"},"query-input":{"@type":"PropertyValueSpecification","valueRequired":true,"valueName":"search_term_string"}}],"inLanguage":"en-US"},{"@type":"Person","@id":"https:\/\/www.fcbarcelonanoticias.com\/en\/#\/schema\/person\/88d756918a0a1ae9fa593b5edddd1815","name":"Juan Pablo Berdugo","image":{"@type":"ImageObject","inLanguage":"en-US","@id":"https:\/\/secure.gravatar.com\/avatar\/?s=96&d=mm&r=g","url":"https:\/\/secure.gravatar.com\/avatar\/?s=96&d=mm&r=g","contentUrl":"https:\/\/secure.gravatar.com\/avatar\/?s=96&d=mm&r=g","caption":"Juan Pablo Berdugo"},"description":"Juan Pablo Berdugo es graduado en Periodismo. Colabora con FCBN como especialista en informaci\u00f3n del primer equipo del FC Barcelona, f\u00fatbol internacional y mercado de fichajes. Destaca por su enfoque anal\u00edtico, su rigor informativo y su capacidad para detectar tendencias emergentes en el f\u00fatbol global.","url":"https:\/\/www.fcbarcelonanoticias.com\/en\/fc-barcelona\/juan-pablo-berdugo_18_115.html"}]}},"_links":{"self":[{"href":"https:\/\/www.fcbarcelonanoticias.com\/en\/wp-json\/wp\/v2\/posts\/23189","targetHints":{"allow":["GET"]}}],"collection":[{"href":"https:\/\/www.fcbarcelonanoticias.com\/en\/wp-json\/wp\/v2\/posts"}],"about":[{"href":"https:\/\/www.fcbarcelonanoticias.com\/en\/wp-json\/wp\/v2\/types\/post"}],"author":[{"embeddable":true,"href":"https:\/\/www.fcbarcelonanoticias.com\/en\/wp-json\/wp\/v2\/users\/358"}],"replies":[{"embeddable":true,"href":"https:\/\/www.fcbarcelonanoticias.com\/en\/wp-json\/wp\/v2\/comments?post=23189"}],"version-history":[{"count":3,"href":"https:\/\/www.fcbarcelonanoticias.com\/en\/wp-json\/wp\/v2\/posts\/23189\/revisions"}],"predecessor-version":[{"id":23192,"href":"https:\/\/www.fcbarcelonanoticias.com\/en\/wp-json\/wp\/v2\/posts\/23189\/revisions\/23192"}],"wp:featuredmedia":[{"embeddable":true,"href":"https:\/\/www.fcbarcelonanoticias.com\/en\/wp-json\/wp\/v2\/media\/23195"}],"wp:attachment":[{"href":"https:\/\/www.fcbarcelonanoticias.com\/en\/wp-json\/wp\/v2\/media?parent=23189"}],"wp:term":[{"taxonomy":"category","embeddable":true,"href":"https:\/\/www.fcbarcelonanoticias.com\/en\/wp-json\/wp\/v2\/categories?post=23189"},{"taxonomy":"post_tag","embeddable":true,"href":"https:\/\/www.fcbarcelonanoticias.com\/en\/wp-json\/wp\/v2\/tags?post=23189"}],"curies":[{"name":"wp","href":"https:\/\/api.w.org\/{rel}","templated":true}]}}