{"id":23205,"date":"2024-06-20T19:25:00","date_gmt":"2024-06-20T17:25:00","guid":{"rendered":"https:\/\/weisetech.dev\/fc-barcelona-noticias\/en\/lamine-yamal-receives-new-recognition-by-his-big-season-in-the-fc-barcelona_304696_102\/"},"modified":"2024-06-20T19:25:00","modified_gmt":"2024-06-20T17:25:00","slug":"lamine-yamal-receives-new-recognition-by-his-big-season-in-the-fc-barcelona_304696_102","status":"publish","type":"post","link":"https:\/\/www.fcbarcelonanoticias.com\/en\/fc-barcelona\/lamine-yamal-receives-new-recognition-by-his-big-season-in-the-fc-barcelona_304696_102.html","title":{"rendered":"Lamine Yamal receives new recognition for his great season at FC Barcelona"},"content":{"rendered":"<h2 class=\"wp-block-heading\">Lamine Yamal&#8217;s great season has been rewarded with new recognition. The player has been awarded the Aldo Rovira, an award that recognizes the best Bar\u00e7a player of the 23\/24 campaign.<\/h2>  \r\n<div class=\"article-addons\">\r\n    <a href=\"https:\/\/www.fcbarcelonanoticias.com\/en\/calendar-fc-barcelona.html\"\r\n       target=\"_self\"\r\n       title=\"Calendar of FC Barcelona\"\r\n       class=\"blue-gredient-btn\">\r\n       \r\n        Calendar of FC Barcelona    <\/a>\r\n<\/div>   <p><a data-external=\"0\" data-intl-links-en=\"https:\/\/www.fcbarcelonanoticias.com\/en\/tags\/lamine-yamal\" data-intl-links-es=\"https:\/\/www.fcbarcelonanoticias.com\/tags\/lamine-yamal\" href=\"https:\/\/www.fcbarcelonanoticias.com\/en\/player\/lamine-yamal.html\" rel=\"follow\" target=\"_self\" title=\"Lamine Yamal\">Lamine Yamal<\/a> was the big disclosure of the season no only in <a data-external=\"0\" data-intl-links-en=\"https:\/\/www.fcbarcelonanoticias.com\/en\/fc-barcelona\" data-intl-links-es=\"https:\/\/www.fcbarcelonanoticias.com\/fc-barcelona\" href=\"https:\/\/www.fcbarcelonanoticias.com\/en\/football-soccer\/fc-barcelona.html\" rel=\"follow\" target=\"_self\" title=\"FC Barcelona\">the FC Barcelona<\/a>, but in the Spanish football. <strong>The &#8216;irruption&#8217; of the elder &#8216;jewel&#8217; of the Masia was recompensada with the prize Aldo Rovira, that recognises to the best Barcelona footballer of the season 2023\/24<\/strong>. The award is delivered by the ex director of the club, Josep Llu\u00eds Rovira, that honours the memory of his son, died in an accident of circulation in the 2009, with this prize.<\/p>  <p>The jury of the condecoraci\u00f3n has wanted to stand out the spectacular campaign made by the young Spanish footballer, that consolidated in the first team like the maximum esperaza of the cul\u00e9s for the future. The impact of the extreme in the group was immediate, <strong>turning into one of the best players of the team of Xavi Hern\u00e1ndez to his 16 years<\/strong>.<\/p>  <p>By his part, <strong>Aitana Bonmart\u00ed also was recognised with the award when being considered the best footballer of the feminine section of the FC Barcelona<\/strong>. The jury rewarded to the leader of the team directed until this year by Jonatan Gir\u00e1ldez, that has won this season a historical p\u00f3ker of titles: Champions, League, Glass of the Queen and Supercopa of Spain.<\/p>  <p><strong>It is the first time that Lamine Yamal is recognised with the trophy Aldo Rovira<\/strong>, beginning his legacy and looking for reach to Lionel Messi, that did with the prize six times while vesti\u00f3 the T-shirt blaugrana. In the meantime, Bonmart\u00ed repeats the award that already received the past campaign, equalising to Alexia Putellas like the more winners of the recognition.<\/p>  <h2>The list of winners<\/h2>  <ol> <li>Season 2009\/10: Leo Messi<\/li> \t<li>Season 2010\/11: Leo Messi<\/li> \t<li>Season 2011\/12: \u00c9ric Abidal<\/li> \t<li>Season 2012\/13: Leo Messi<\/li> \t<li>Season 2013\/14: Javier Mascherano<\/li> \t<li>Season 2014\/15: Leo Messi<\/li> \t<li>Season 2015\/16: Luis Su\u00e1rez<\/li> \t<li>Season 2016\/17: Leo Messi<\/li> \t<li>Season 2017\/18: Leo Messi<\/li> \t<li>Season 2018\/19: Gerard Hammered<\/li> \t<li>Season 2019\/20: Marc-Andr\u00e9 ter Stegen<\/li> \t<li>Season 2020\/21: Pedri and Alexia Putellas<\/li> \t<li>Season 2021\/22: Gavi and Alexia Putellas<\/li> \t<li>Season 2022\/23: Marc-Andr\u00e9 ter Stegen and Aitana Bonmat\u00ed<\/li> \t<li><strong>Season 2023\/24: Lamine Yamal and Aitana Bonmat\u00ed<\/strong><\/li> <\/ol> ","protected":false},"excerpt":{"rendered":"<p>Lamine Yamal&#8217;s great season has been rewarded with new recognition. The player has been awarded the Aldo Rovira, an award that recognizes the best Bar\u00e7a player of the 23\/24 campaign. Lamine Yamal was the big disclosure of the season no only in the FC Barcelona, but in the Spanish football. The &#8216;irruption&#8217; of the elder [&hellip;]<\/p>\n","protected":false},"author":358,"featured_media":20877,"comment_status":"closed","ping_status":"open","sticky":false,"template":"","format":"standard","meta":{"_acf_changed":false,"inline_featured_image":false,"_nextfly_llmd_date_locked":false,"footnotes":""},"categories":[111],"tags":[],"class_list":["post-23205","post","type-post","status-publish","format-standard","has-post-thumbnail","hentry","category-fc-barcelona"],"acf":[],"yoast_head":"<!-- This site is optimized with the Yoast SEO plugin v27.3 - https:\/\/yoast.com\/product\/yoast-seo-wordpress\/ -->\n<title>Lamine Yamal receives a new recognition by his big season in the FC Barcelona<\/title>\n<meta name=\"description\" content=\"The big season of Lamine Yamala has seen recompensada with a new recognition. The player has been rewarded with Aldo Rovira, award that recognises to the best player of the Bar\u00e7a of the campaign 23\/24\" \/>\n<meta name=\"robots\" content=\"index, follow, max-snippet:-1, max-image-preview:large, max-video-preview:-1\" \/>\n<link rel=\"canonical\" href=\"https:\/\/www.fcbarcelonanoticias.com\/en\/fc-barcelona\/lamine-yamal-receives-new-recognition-by-his-big-season-in-the-fc-barcelona_304696_102.html\" \/>\n<meta property=\"og:locale\" content=\"en_US\" \/>\n<meta property=\"og:type\" content=\"article\" \/>\n<meta property=\"og:title\" content=\"Lamine Yamal receives a new recognition by his big season in the FC Barcelona\" \/>\n<meta property=\"og:description\" content=\"The big season of Lamine Yamala has seen recompensada with a new recognition. The player has been rewarded with Aldo Rovira, award that recognises to the best player of the Bar\u00e7a of the campaign 23\/24\" \/>\n<meta property=\"og:url\" content=\"https:\/\/www.fcbarcelonanoticias.com\/en\/fc-barcelona\/lamine-yamal-receives-new-recognition-by-his-big-season-in-the-fc-barcelona_304696_102.html\" \/>\n<meta property=\"og:site_name\" content=\"EN - FC Barcelona Noticias\" \/>\n<meta property=\"article:published_time\" content=\"2024-06-20T17:25:00+00:00\" \/>\n<meta property=\"og:image\" content=\"https:\/\/www.fcbarcelonanoticias.com\/en\/wp-content\/uploads\/sites\/2\/2024\/06\/lamine-yamal-en-el-duelo-entre-el-fc-barcelona-y-la-real-sociedad-en-laliga-ea-sports.png\" \/>\n\t<meta property=\"og:image:width\" content=\"1300\" \/>\n\t<meta property=\"og:image:height\" content=\"732\" \/>\n\t<meta property=\"og:image:type\" content=\"image\/png\" \/>\n<meta name=\"author\" content=\"Juan Pablo Berdugo\" \/>\n<meta name=\"twitter:card\" content=\"summary_large_image\" \/>\n<meta name=\"twitter:label1\" content=\"Written by\" \/>\n\t<meta name=\"twitter:data1\" content=\"Juan Pablo Berdugo\" \/>\n\t<meta name=\"twitter:label2\" content=\"Est. reading time\" \/>\n\t<meta name=\"twitter:data2\" content=\"2 minutes\" \/>\n<script type=\"application\/ld+json\" class=\"yoast-schema-graph\">{\"@context\":\"https:\\\/\\\/schema.org\",\"@graph\":[{\"@type\":\"Article\",\"@id\":\"https:\\\/\\\/www.fcbarcelonanoticias.com\\\/en\\\/fc-barcelona\\\/lamine-yamal-receives-new-recognition-by-his-big-season-in-the-fc-barcelona_304696_102.html#article\",\"isPartOf\":{\"@id\":\"https:\\\/\\\/www.fcbarcelonanoticias.com\\\/en\\\/fc-barcelona\\\/lamine-yamal-receives-new-recognition-by-his-big-season-in-the-fc-barcelona_304696_102.html\"},\"author\":{\"name\":\"Juan Pablo Berdugo\",\"@id\":\"https:\\\/\\\/www.fcbarcelonanoticias.com\\\/en\\\/#\\\/schema\\\/person\\\/88d756918a0a1ae9fa593b5edddd1815\"},\"headline\":\"Lamine Yamal receives new recognition for his great season at FC Barcelona\",\"datePublished\":\"2024-06-20T17:25:00+00:00\",\"mainEntityOfPage\":{\"@id\":\"https:\\\/\\\/www.fcbarcelonanoticias.com\\\/en\\\/fc-barcelona\\\/lamine-yamal-receives-new-recognition-by-his-big-season-in-the-fc-barcelona_304696_102.html\"},\"wordCount\":372,\"image\":{\"@id\":\"https:\\\/\\\/www.fcbarcelonanoticias.com\\\/en\\\/fc-barcelona\\\/lamine-yamal-receives-new-recognition-by-his-big-season-in-the-fc-barcelona_304696_102.html#primaryimage\"},\"thumbnailUrl\":\"https:\\\/\\\/www.fcbarcelonanoticias.com\\\/en\\\/wp-content\\\/uploads\\\/sites\\\/2\\\/2024\\\/06\\\/lamine-yamal-en-el-duelo-entre-el-fc-barcelona-y-la-real-sociedad-en-laliga-ea-sports.png\",\"articleSection\":[\"FC Barcelona\"],\"inLanguage\":\"en-US\"},{\"@type\":\"WebPage\",\"@id\":\"https:\\\/\\\/www.fcbarcelonanoticias.com\\\/en\\\/fc-barcelona\\\/lamine-yamal-receives-new-recognition-by-his-big-season-in-the-fc-barcelona_304696_102.html\",\"url\":\"https:\\\/\\\/www.fcbarcelonanoticias.com\\\/en\\\/fc-barcelona\\\/lamine-yamal-receives-new-recognition-by-his-big-season-in-the-fc-barcelona_304696_102.html\",\"name\":\"Lamine Yamal receives a new recognition by his big season in the FC Barcelona\",\"isPartOf\":{\"@id\":\"https:\\\/\\\/www.fcbarcelonanoticias.com\\\/en\\\/#website\"},\"primaryImageOfPage\":{\"@id\":\"https:\\\/\\\/www.fcbarcelonanoticias.com\\\/en\\\/fc-barcelona\\\/lamine-yamal-receives-new-recognition-by-his-big-season-in-the-fc-barcelona_304696_102.html#primaryimage\"},\"image\":{\"@id\":\"https:\\\/\\\/www.fcbarcelonanoticias.com\\\/en\\\/fc-barcelona\\\/lamine-yamal-receives-new-recognition-by-his-big-season-in-the-fc-barcelona_304696_102.html#primaryimage\"},\"thumbnailUrl\":\"https:\\\/\\\/www.fcbarcelonanoticias.com\\\/en\\\/wp-content\\\/uploads\\\/sites\\\/2\\\/2024\\\/06\\\/lamine-yamal-en-el-duelo-entre-el-fc-barcelona-y-la-real-sociedad-en-laliga-ea-sports.png\",\"datePublished\":\"2024-06-20T17:25:00+00:00\",\"author\":{\"@id\":\"https:\\\/\\\/www.fcbarcelonanoticias.com\\\/en\\\/#\\\/schema\\\/person\\\/88d756918a0a1ae9fa593b5edddd1815\"},\"description\":\"The big season of Lamine Yamala has seen recompensada with a new recognition. The player has been rewarded with Aldo Rovira, award that recognises to the best player of the Bar\u00e7a of the campaign 23\\\/24\",\"breadcrumb\":{\"@id\":\"https:\\\/\\\/www.fcbarcelonanoticias.com\\\/en\\\/fc-barcelona\\\/lamine-yamal-receives-new-recognition-by-his-big-season-in-the-fc-barcelona_304696_102.html#breadcrumb\"},\"inLanguage\":\"en-US\",\"potentialAction\":[{\"@type\":\"ReadAction\",\"target\":[\"https:\\\/\\\/www.fcbarcelonanoticias.com\\\/en\\\/fc-barcelona\\\/lamine-yamal-receives-new-recognition-by-his-big-season-in-the-fc-barcelona_304696_102.html\"]}]},{\"@type\":\"ImageObject\",\"inLanguage\":\"en-US\",\"@id\":\"https:\\\/\\\/www.fcbarcelonanoticias.com\\\/en\\\/fc-barcelona\\\/lamine-yamal-receives-new-recognition-by-his-big-season-in-the-fc-barcelona_304696_102.html#primaryimage\",\"url\":\"https:\\\/\\\/www.fcbarcelonanoticias.com\\\/en\\\/wp-content\\\/uploads\\\/sites\\\/2\\\/2024\\\/06\\\/lamine-yamal-en-el-duelo-entre-el-fc-barcelona-y-la-real-sociedad-en-laliga-ea-sports.png\",\"contentUrl\":\"https:\\\/\\\/www.fcbarcelonanoticias.com\\\/en\\\/wp-content\\\/uploads\\\/sites\\\/2\\\/2024\\\/06\\\/lamine-yamal-en-el-duelo-entre-el-fc-barcelona-y-la-real-sociedad-en-laliga-ea-sports.png\",\"width\":1300,\"height\":732},{\"@type\":\"BreadcrumbList\",\"@id\":\"https:\\\/\\\/www.fcbarcelonanoticias.com\\\/en\\\/fc-barcelona\\\/lamine-yamal-receives-new-recognition-by-his-big-season-in-the-fc-barcelona_304696_102.html#breadcrumb\",\"itemListElement\":[{\"@type\":\"ListItem\",\"position\":1,\"name\":\"Portada\",\"item\":\"https:\\\/\\\/www.fcbarcelonanoticias.com\\\/en\\\/\"},{\"@type\":\"ListItem\",\"position\":2,\"name\":\"Lamine Yamal receives new recognition for his great season at FC Barcelona\"}]},{\"@type\":\"WebSite\",\"@id\":\"https:\\\/\\\/www.fcbarcelonanoticias.com\\\/en\\\/#website\",\"url\":\"https:\\\/\\\/www.fcbarcelonanoticias.com\\\/en\\\/\",\"name\":\"EN - FC Barcelona Noticias\",\"description\":\"\",\"potentialAction\":[{\"@type\":\"SearchAction\",\"target\":{\"@type\":\"EntryPoint\",\"urlTemplate\":\"https:\\\/\\\/www.fcbarcelonanoticias.com\\\/en\\\/?s={search_term_string}\"},\"query-input\":{\"@type\":\"PropertyValueSpecification\",\"valueRequired\":true,\"valueName\":\"search_term_string\"}}],\"inLanguage\":\"en-US\"},{\"@type\":\"Person\",\"@id\":\"https:\\\/\\\/www.fcbarcelonanoticias.com\\\/en\\\/#\\\/schema\\\/person\\\/88d756918a0a1ae9fa593b5edddd1815\",\"name\":\"Juan Pablo Berdugo\",\"image\":{\"@type\":\"ImageObject\",\"inLanguage\":\"en-US\",\"@id\":\"https:\\\/\\\/secure.gravatar.com\\\/avatar\\\/?s=96&d=mm&r=g\",\"url\":\"https:\\\/\\\/secure.gravatar.com\\\/avatar\\\/?s=96&d=mm&r=g\",\"contentUrl\":\"https:\\\/\\\/secure.gravatar.com\\\/avatar\\\/?s=96&d=mm&r=g\",\"caption\":\"Juan Pablo Berdugo\"},\"description\":\"Juan Pablo Berdugo es graduado en Periodismo. Colabora con FCBN como especialista en informaci\u00f3n del primer equipo del FC Barcelona, f\u00fatbol internacional y mercado de fichajes. Destaca por su enfoque anal\u00edtico, su rigor informativo y su capacidad para detectar tendencias emergentes en el f\u00fatbol global.\",\"url\":\"https:\\\/\\\/www.fcbarcelonanoticias.com\\\/en\\\/fc-barcelona\\\/juan-pablo-berdugo_18_115.html\"}]}<\/script>\n<!-- \/ Yoast SEO plugin. -->","yoast_head_json":{"title":"Lamine Yamal receives a new recognition by his big season in the FC Barcelona","description":"The big season of Lamine Yamala has seen recompensada with a new recognition. The player has been rewarded with Aldo Rovira, award that recognises to the best player of the Bar\u00e7a of the campaign 23\/24","robots":{"index":"index","follow":"follow","max-snippet":"max-snippet:-1","max-image-preview":"max-image-preview:large","max-video-preview":"max-video-preview:-1"},"canonical":"https:\/\/www.fcbarcelonanoticias.com\/en\/fc-barcelona\/lamine-yamal-receives-new-recognition-by-his-big-season-in-the-fc-barcelona_304696_102.html","og_locale":"en_US","og_type":"article","og_title":"Lamine Yamal receives a new recognition by his big season in the FC Barcelona","og_description":"The big season of Lamine Yamala has seen recompensada with a new recognition. The player has been rewarded with Aldo Rovira, award that recognises to the best player of the Bar\u00e7a of the campaign 23\/24","og_url":"https:\/\/www.fcbarcelonanoticias.com\/en\/fc-barcelona\/lamine-yamal-receives-new-recognition-by-his-big-season-in-the-fc-barcelona_304696_102.html","og_site_name":"EN - FC Barcelona Noticias","article_published_time":"2024-06-20T17:25:00+00:00","og_image":[{"width":1300,"height":732,"url":"https:\/\/www.fcbarcelonanoticias.com\/en\/wp-content\/uploads\/sites\/2\/2024\/06\/lamine-yamal-en-el-duelo-entre-el-fc-barcelona-y-la-real-sociedad-en-laliga-ea-sports.png","type":"image\/png"}],"author":"Juan Pablo Berdugo","twitter_card":"summary_large_image","twitter_misc":{"Written by":"Juan Pablo Berdugo","Est. reading time":"2 minutes"},"schema":{"@context":"https:\/\/schema.org","@graph":[{"@type":"Article","@id":"https:\/\/www.fcbarcelonanoticias.com\/en\/fc-barcelona\/lamine-yamal-receives-new-recognition-by-his-big-season-in-the-fc-barcelona_304696_102.html#article","isPartOf":{"@id":"https:\/\/www.fcbarcelonanoticias.com\/en\/fc-barcelona\/lamine-yamal-receives-new-recognition-by-his-big-season-in-the-fc-barcelona_304696_102.html"},"author":{"name":"Juan Pablo Berdugo","@id":"https:\/\/www.fcbarcelonanoticias.com\/en\/#\/schema\/person\/88d756918a0a1ae9fa593b5edddd1815"},"headline":"Lamine Yamal receives new recognition for his great season at FC Barcelona","datePublished":"2024-06-20T17:25:00+00:00","mainEntityOfPage":{"@id":"https:\/\/www.fcbarcelonanoticias.com\/en\/fc-barcelona\/lamine-yamal-receives-new-recognition-by-his-big-season-in-the-fc-barcelona_304696_102.html"},"wordCount":372,"image":{"@id":"https:\/\/www.fcbarcelonanoticias.com\/en\/fc-barcelona\/lamine-yamal-receives-new-recognition-by-his-big-season-in-the-fc-barcelona_304696_102.html#primaryimage"},"thumbnailUrl":"https:\/\/www.fcbarcelonanoticias.com\/en\/wp-content\/uploads\/sites\/2\/2024\/06\/lamine-yamal-en-el-duelo-entre-el-fc-barcelona-y-la-real-sociedad-en-laliga-ea-sports.png","articleSection":["FC Barcelona"],"inLanguage":"en-US"},{"@type":"WebPage","@id":"https:\/\/www.fcbarcelonanoticias.com\/en\/fc-barcelona\/lamine-yamal-receives-new-recognition-by-his-big-season-in-the-fc-barcelona_304696_102.html","url":"https:\/\/www.fcbarcelonanoticias.com\/en\/fc-barcelona\/lamine-yamal-receives-new-recognition-by-his-big-season-in-the-fc-barcelona_304696_102.html","name":"Lamine Yamal receives a new recognition by his big season in the FC Barcelona","isPartOf":{"@id":"https:\/\/www.fcbarcelonanoticias.com\/en\/#website"},"primaryImageOfPage":{"@id":"https:\/\/www.fcbarcelonanoticias.com\/en\/fc-barcelona\/lamine-yamal-receives-new-recognition-by-his-big-season-in-the-fc-barcelona_304696_102.html#primaryimage"},"image":{"@id":"https:\/\/www.fcbarcelonanoticias.com\/en\/fc-barcelona\/lamine-yamal-receives-new-recognition-by-his-big-season-in-the-fc-barcelona_304696_102.html#primaryimage"},"thumbnailUrl":"https:\/\/www.fcbarcelonanoticias.com\/en\/wp-content\/uploads\/sites\/2\/2024\/06\/lamine-yamal-en-el-duelo-entre-el-fc-barcelona-y-la-real-sociedad-en-laliga-ea-sports.png","datePublished":"2024-06-20T17:25:00+00:00","author":{"@id":"https:\/\/www.fcbarcelonanoticias.com\/en\/#\/schema\/person\/88d756918a0a1ae9fa593b5edddd1815"},"description":"The big season of Lamine Yamala has seen recompensada with a new recognition. The player has been rewarded with Aldo Rovira, award that recognises to the best player of the Bar\u00e7a of the campaign 23\/24","breadcrumb":{"@id":"https:\/\/www.fcbarcelonanoticias.com\/en\/fc-barcelona\/lamine-yamal-receives-new-recognition-by-his-big-season-in-the-fc-barcelona_304696_102.html#breadcrumb"},"inLanguage":"en-US","potentialAction":[{"@type":"ReadAction","target":["https:\/\/www.fcbarcelonanoticias.com\/en\/fc-barcelona\/lamine-yamal-receives-new-recognition-by-his-big-season-in-the-fc-barcelona_304696_102.html"]}]},{"@type":"ImageObject","inLanguage":"en-US","@id":"https:\/\/www.fcbarcelonanoticias.com\/en\/fc-barcelona\/lamine-yamal-receives-new-recognition-by-his-big-season-in-the-fc-barcelona_304696_102.html#primaryimage","url":"https:\/\/www.fcbarcelonanoticias.com\/en\/wp-content\/uploads\/sites\/2\/2024\/06\/lamine-yamal-en-el-duelo-entre-el-fc-barcelona-y-la-real-sociedad-en-laliga-ea-sports.png","contentUrl":"https:\/\/www.fcbarcelonanoticias.com\/en\/wp-content\/uploads\/sites\/2\/2024\/06\/lamine-yamal-en-el-duelo-entre-el-fc-barcelona-y-la-real-sociedad-en-laliga-ea-sports.png","width":1300,"height":732},{"@type":"BreadcrumbList","@id":"https:\/\/www.fcbarcelonanoticias.com\/en\/fc-barcelona\/lamine-yamal-receives-new-recognition-by-his-big-season-in-the-fc-barcelona_304696_102.html#breadcrumb","itemListElement":[{"@type":"ListItem","position":1,"name":"Portada","item":"https:\/\/www.fcbarcelonanoticias.com\/en\/"},{"@type":"ListItem","position":2,"name":"Lamine Yamal receives new recognition for his great season at FC Barcelona"}]},{"@type":"WebSite","@id":"https:\/\/www.fcbarcelonanoticias.com\/en\/#website","url":"https:\/\/www.fcbarcelonanoticias.com\/en\/","name":"EN - FC Barcelona Noticias","description":"","potentialAction":[{"@type":"SearchAction","target":{"@type":"EntryPoint","urlTemplate":"https:\/\/www.fcbarcelonanoticias.com\/en\/?s={search_term_string}"},"query-input":{"@type":"PropertyValueSpecification","valueRequired":true,"valueName":"search_term_string"}}],"inLanguage":"en-US"},{"@type":"Person","@id":"https:\/\/www.fcbarcelonanoticias.com\/en\/#\/schema\/person\/88d756918a0a1ae9fa593b5edddd1815","name":"Juan Pablo Berdugo","image":{"@type":"ImageObject","inLanguage":"en-US","@id":"https:\/\/secure.gravatar.com\/avatar\/?s=96&d=mm&r=g","url":"https:\/\/secure.gravatar.com\/avatar\/?s=96&d=mm&r=g","contentUrl":"https:\/\/secure.gravatar.com\/avatar\/?s=96&d=mm&r=g","caption":"Juan Pablo Berdugo"},"description":"Juan Pablo Berdugo es graduado en Periodismo. Colabora con FCBN como especialista en informaci\u00f3n del primer equipo del FC Barcelona, f\u00fatbol internacional y mercado de fichajes. Destaca por su enfoque anal\u00edtico, su rigor informativo y su capacidad para detectar tendencias emergentes en el f\u00fatbol global.","url":"https:\/\/www.fcbarcelonanoticias.com\/en\/fc-barcelona\/juan-pablo-berdugo_18_115.html"}]}},"_links":{"self":[{"href":"https:\/\/www.fcbarcelonanoticias.com\/en\/wp-json\/wp\/v2\/posts\/23205","targetHints":{"allow":["GET"]}}],"collection":[{"href":"https:\/\/www.fcbarcelonanoticias.com\/en\/wp-json\/wp\/v2\/posts"}],"about":[{"href":"https:\/\/www.fcbarcelonanoticias.com\/en\/wp-json\/wp\/v2\/types\/post"}],"author":[{"embeddable":true,"href":"https:\/\/www.fcbarcelonanoticias.com\/en\/wp-json\/wp\/v2\/users\/358"}],"replies":[{"embeddable":true,"href":"https:\/\/www.fcbarcelonanoticias.com\/en\/wp-json\/wp\/v2\/comments?post=23205"}],"version-history":[{"count":1,"href":"https:\/\/www.fcbarcelonanoticias.com\/en\/wp-json\/wp\/v2\/posts\/23205\/revisions"}],"predecessor-version":[{"id":23206,"href":"https:\/\/www.fcbarcelonanoticias.com\/en\/wp-json\/wp\/v2\/posts\/23205\/revisions\/23206"}],"wp:featuredmedia":[{"embeddable":true,"href":"https:\/\/www.fcbarcelonanoticias.com\/en\/wp-json\/wp\/v2\/media\/20877"}],"wp:attachment":[{"href":"https:\/\/www.fcbarcelonanoticias.com\/en\/wp-json\/wp\/v2\/media?parent=23205"}],"wp:term":[{"taxonomy":"category","embeddable":true,"href":"https:\/\/www.fcbarcelonanoticias.com\/en\/wp-json\/wp\/v2\/categories?post=23205"},{"taxonomy":"post_tag","embeddable":true,"href":"https:\/\/www.fcbarcelonanoticias.com\/en\/wp-json\/wp\/v2\/tags?post=23205"}],"curies":[{"name":"wp","href":"https:\/\/api.w.org\/{rel}","templated":true}]}}