{"id":23350,"date":"2025-03-19T15:20:00","date_gmt":"2025-03-19T14:20:00","guid":{"rendered":"https:\/\/weisetech.dev\/fc-barcelona-noticias\/en\/lamine-yamal-keeps-the-suspense-about-his-future-at-fc-barcelona_311589_102\/"},"modified":"2025-03-19T15:22:00","modified_gmt":"2025-03-19T14:22:00","slug":"lamine-yamal-keeps-the-suspense-about-his-future-at-fc-barcelona_311589_102","status":"publish","type":"post","link":"https:\/\/www.fcbarcelonanoticias.com\/en\/fc-barcelona\/lamine-yamal-keeps-the-suspense-about-his-future-at-fc-barcelona_311589_102.html","title":{"rendered":"Lamine Yamal keeps the suspense about his future at FC Barcelona"},"content":{"rendered":"<h2 class=\"wp-block-heading\">Lamine Yamal confessed that he has put his renewal on hold as his focus is on winning titles with Bar\u00e7a. Additionally, he revealed his big goal for this season<\/h2>  \r\n<div class=\"article-addons\">\r\n    <a href=\"https:\/\/www.fcbarcelonanoticias.com\/en\/calendar-fc-barcelona.html\"\r\n       target=\"_self\"\r\n       title=\"Calendar of FC Barcelona\"\r\n       class=\"blue-gredient-btn\">\r\n       \r\n        Calendar of FC Barcelona    <\/a>\r\n<\/div>   <p>The file of <strong><a data-external=\"0\" data-intl-links-en=\"https:\/\/www.fcbarcelonanoticias.com\/en\/football\/lamine-yamal-uncovered-his-life-with-fame-barca-and-the-ballon-or-dream_311577_102.html\" data-intl-links-es=\"https:\/\/www.fcbarcelonanoticias.com\/futbol\/lamine-yamal-descubierto-su-vida-con-fama-barca-sueno-balon-oro_311577_102.html\" href=\"https:\/\/www.fcbarcelonanoticias.com\/en\/football\/lamine-yamal-uncovered-his-life-with-fame-barca-and-the-ballon-or-dream_311577_102.html\" rel=\"follow\" target=\"_self\" title=\"Lamine Yamal, uncovered: his life with fame, Bar\u00e7a and the dream of the Ballon d'Or\">Lamine Yamal<\/a><\/strong> is the top priority of <strong>FC Barcelona<\/strong>. The current contract of the Rocafonda star expires in 2026 and the intention of the blue entity is to extend it until 2030, adjusting his salary to his new status as a star. The negotiations are on track<strong> and everything indicates that they will have a happy ending<\/strong>. However, the forward has chosen to maintain a &#8216;strategic silence&#8217; when it comes to speaking about his future.<\/p>  <p>&#8220;I think that right now no one is thinking about that, that we are all focused on finishing the season with titles. <strong>Right now, I only have in mind to play and win with Bar\u00e7a<\/strong>. Now comes the decisive phase of the season and in my mind, that&#8217;s all there is. I won\u2019t talk about the renewal until the end of the season,&#8221; concluded the winger when asked about the extension of his contract in an interview granted to&nbsp;&#8216;AS&#8217; from the Spain concentration in Las Rozas.<\/p>  <blockquote> <p>&#8220;I won\u2019t talk about the renewal until the end of the season&#8221;<\/p> <\/blockquote>  <p>The player&#8217;s focus on lifting a title with Bar\u00e7a this season is total, which is why he also does not allow himself to think about the Ballon d&#8217;Or without first prioritizing the interests of the team. &#8220;The first thing is for Bar\u00e7a to win titles and everything else will come. <strong>It\u2019s something that usually comes with collective titles, which is why I am in more of a hurry<\/strong>,&#8221; Lamine stated emphatically.<\/p>  <p>In that sense, a few days ago, an Artificial Intelligence prediction surfaced claiming that the youth player will win the recognition of the best player in the world in 2029 as a Bar\u00e7a player, although it also stated that he will win it&nbsp;two more times,<b> <\/b>in 2035 and 2037&#8230; \u00a1with Real Madrid!. &#8220;Regarding 2029, I hope to win it before, because that would mean I have won the Champions League with Bar\u00e7a and the World Cup with Spain, which are my two big dreams. <strong>As for the other thing the AI says, well, it hasn\u2019t gotten anything right. It\u2019s wrong<\/strong>,&#8221; said <strong>Yamal<\/strong> regarding that.<\/p>  <h2>The fight for LaLiga and his goal for this season<\/h2>  <p>About the Bar\u00e7a-Madrid clash in LaLiga, Lamine confessed that &#8220;<strong>I think it will be decided in favor of the team that makes fewer mistakes<\/strong>. Both Bar\u00e7a and Madrid are world-class teams that drop few points and are in a good moment. I believe that the Cl\u00e1sico in May, in Montju\u00efc, will be very important&#8230; just as the one we played on Sunday at the Metropolitano against Atl\u00e9tico was important.&#8221;<\/p>  <p>&#8220;I also want to point out that <strong>sometimes leagues are decided in matches that you lose unexpectedly<\/strong>. It happened to us in December, against Betis or Legan\u00e9s. Had we won those, we would now have a good lead. But the fact is that we have reached March tied on points, although we have one game less, and that\u2019s why the Montju\u00efc Cl\u00e1sico could be key in this League,&#8221; he added.<\/p>  <blockquote> <p>&#8220;Our goal is the treble&#8221;<\/p> <\/blockquote>  <p>When asked whether he would prefer the double (La Liga and Cup) or the Champions League, Lamine showed his ambition and stated that his goal is to go for the treble. &#8220;I think that right now for any Bar\u00e7a fan, the Champions League is the most special title, but our goal is the treble. Now, if I have to choose, then the European Cup,&#8221; he explained.<\/p>  <h2>Lamine&#8217;s evolution as a player<\/h2>  <p>According to a study by the&nbsp;CIES Football Observatory, <strong>Yamal&nbsp;<\/strong>is the second-best ranked player in terms of offensive performance. In this regard, the forward stated that &#8220;I don\u2019t like statistics. You can go past ten opponents, pass it to another, that other one to one more and not get anything clean from the play&#8230; I\u2019m more about watching the whole match and analyzing each player\u2019s contribution to the team. <strong>Statistics do not reflect football as it is<\/strong>&#8220;.<\/p>  <p>Finally, regarding his growth as a footballer, Lamine revealed that he is still far from reaching his peak. &#8220;I have evolved in my game. And <strong>of course I still have room to grow, because I am a young player and still have a lot to learn<\/strong>. At first, when you are starting in the first team, at the elite level, you don\u2019t want to lose the ball and you do everything easy. But then you gain confidence and want to do more things, enjoy and be creative,&#8221; he concluded.<\/p> ","protected":false},"excerpt":{"rendered":"<p>Lamine Yamal confessed that he has put his renewal on hold as his focus is on winning titles with Bar\u00e7a. Additionally, he revealed his big goal for this season The file of Lamine Yamal is the top priority of FC Barcelona. The current contract of the Rocafonda star expires in 2026 and the intention of [&hellip;]<\/p>\n","protected":false},"author":358,"featured_media":23355,"comment_status":"closed","ping_status":"open","sticky":false,"template":"","format":"standard","meta":{"_acf_changed":false,"inline_featured_image":false,"_nextfly_llmd_date_locked":false,"footnotes":""},"categories":[111],"tags":[],"class_list":["post-23350","post","type-post","status-publish","format-standard","has-post-thumbnail","hentry","category-fc-barcelona"],"acf":[],"yoast_head":"<!-- This site is optimized with the Yoast SEO plugin v27.3 - https:\/\/yoast.com\/product\/yoast-seo-wordpress\/ -->\n<title>Lamine Yamal keeps the suspense about his future at FC Barcelona<\/title>\n<meta name=\"description\" content=\"Lamine Yamal confessed that he has put his renewal on hold as his focus is on winning titles with Bar\u00e7a. Additionally, he revealed his big goal for this season\" \/>\n<meta name=\"robots\" content=\"index, follow, max-snippet:-1, max-image-preview:large, max-video-preview:-1\" \/>\n<link rel=\"canonical\" href=\"https:\/\/www.fcbarcelonanoticias.com\/en\/fc-barcelona\/lamine-yamal-keeps-the-suspense-about-his-future-at-fc-barcelona_311589_102.html\" \/>\n<meta property=\"og:locale\" content=\"en_US\" \/>\n<meta property=\"og:type\" content=\"article\" \/>\n<meta property=\"og:title\" content=\"Lamine Yamal keeps the suspense about his future at FC Barcelona\" \/>\n<meta property=\"og:description\" content=\"Lamine Yamal confessed that he has put his renewal on hold as his focus is on winning titles with Bar\u00e7a. Additionally, he revealed his big goal for this season\" \/>\n<meta property=\"og:url\" content=\"https:\/\/www.fcbarcelonanoticias.com\/en\/fc-barcelona\/lamine-yamal-keeps-the-suspense-about-his-future-at-fc-barcelona_311589_102.html\" \/>\n<meta property=\"og:site_name\" content=\"EN - FC Barcelona Noticias\" \/>\n<meta property=\"article:published_time\" content=\"2025-03-19T14:20:00+00:00\" \/>\n<meta property=\"article:modified_time\" content=\"2025-03-19T14:22:00+00:00\" \/>\n<meta property=\"og:image\" content=\"https:\/\/www.fcbarcelonanoticias.com\/en\/wp-content\/uploads\/sites\/2\/2025\/03\/fc-barcelona-v-rayo-vallecano-la-liga-ea-sports-9-1-1.webp\" \/>\n\t<meta property=\"og:image:width\" content=\"1200\" \/>\n\t<meta property=\"og:image:height\" content=\"675\" \/>\n\t<meta property=\"og:image:type\" content=\"image\/webp\" \/>\n<meta name=\"author\" content=\"Juan Pablo Berdugo\" \/>\n<meta name=\"twitter:card\" content=\"summary_large_image\" \/>\n<meta name=\"twitter:label1\" content=\"Written by\" \/>\n\t<meta name=\"twitter:data1\" content=\"Juan Pablo Berdugo\" \/>\n\t<meta name=\"twitter:label2\" content=\"Est. reading time\" \/>\n\t<meta name=\"twitter:data2\" content=\"4 minutes\" \/>\n<script type=\"application\/ld+json\" class=\"yoast-schema-graph\">{\"@context\":\"https:\\\/\\\/schema.org\",\"@graph\":[{\"@type\":\"Article\",\"@id\":\"https:\\\/\\\/www.fcbarcelonanoticias.com\\\/en\\\/fc-barcelona\\\/lamine-yamal-keeps-the-suspense-about-his-future-at-fc-barcelona_311589_102.html#article\",\"isPartOf\":{\"@id\":\"https:\\\/\\\/www.fcbarcelonanoticias.com\\\/en\\\/fc-barcelona\\\/lamine-yamal-keeps-the-suspense-about-his-future-at-fc-barcelona_311589_102.html\"},\"author\":{\"name\":\"Juan Pablo Berdugo\",\"@id\":\"https:\\\/\\\/www.fcbarcelonanoticias.com\\\/en\\\/#\\\/schema\\\/person\\\/88d756918a0a1ae9fa593b5edddd1815\"},\"headline\":\"Lamine Yamal keeps the suspense about his future at FC Barcelona\",\"datePublished\":\"2025-03-19T14:20:00+00:00\",\"dateModified\":\"2025-03-19T14:22:00+00:00\",\"mainEntityOfPage\":{\"@id\":\"https:\\\/\\\/www.fcbarcelonanoticias.com\\\/en\\\/fc-barcelona\\\/lamine-yamal-keeps-the-suspense-about-his-future-at-fc-barcelona_311589_102.html\"},\"wordCount\":812,\"image\":{\"@id\":\"https:\\\/\\\/www.fcbarcelonanoticias.com\\\/en\\\/fc-barcelona\\\/lamine-yamal-keeps-the-suspense-about-his-future-at-fc-barcelona_311589_102.html#primaryimage\"},\"thumbnailUrl\":\"https:\\\/\\\/www.fcbarcelonanoticias.com\\\/en\\\/wp-content\\\/uploads\\\/sites\\\/2\\\/2025\\\/03\\\/fc-barcelona-v-rayo-vallecano-la-liga-ea-sports-9-1-1.webp\",\"articleSection\":[\"FC Barcelona\"],\"inLanguage\":\"en-US\"},{\"@type\":\"WebPage\",\"@id\":\"https:\\\/\\\/www.fcbarcelonanoticias.com\\\/en\\\/fc-barcelona\\\/lamine-yamal-keeps-the-suspense-about-his-future-at-fc-barcelona_311589_102.html\",\"url\":\"https:\\\/\\\/www.fcbarcelonanoticias.com\\\/en\\\/fc-barcelona\\\/lamine-yamal-keeps-the-suspense-about-his-future-at-fc-barcelona_311589_102.html\",\"name\":\"Lamine Yamal keeps the suspense about his future at FC Barcelona\",\"isPartOf\":{\"@id\":\"https:\\\/\\\/www.fcbarcelonanoticias.com\\\/en\\\/#website\"},\"primaryImageOfPage\":{\"@id\":\"https:\\\/\\\/www.fcbarcelonanoticias.com\\\/en\\\/fc-barcelona\\\/lamine-yamal-keeps-the-suspense-about-his-future-at-fc-barcelona_311589_102.html#primaryimage\"},\"image\":{\"@id\":\"https:\\\/\\\/www.fcbarcelonanoticias.com\\\/en\\\/fc-barcelona\\\/lamine-yamal-keeps-the-suspense-about-his-future-at-fc-barcelona_311589_102.html#primaryimage\"},\"thumbnailUrl\":\"https:\\\/\\\/www.fcbarcelonanoticias.com\\\/en\\\/wp-content\\\/uploads\\\/sites\\\/2\\\/2025\\\/03\\\/fc-barcelona-v-rayo-vallecano-la-liga-ea-sports-9-1-1.webp\",\"datePublished\":\"2025-03-19T14:20:00+00:00\",\"dateModified\":\"2025-03-19T14:22:00+00:00\",\"author\":{\"@id\":\"https:\\\/\\\/www.fcbarcelonanoticias.com\\\/en\\\/#\\\/schema\\\/person\\\/88d756918a0a1ae9fa593b5edddd1815\"},\"description\":\"Lamine Yamal confessed that he has put his renewal on hold as his focus is on winning titles with Bar\u00e7a. Additionally, he revealed his big goal for this season\",\"breadcrumb\":{\"@id\":\"https:\\\/\\\/www.fcbarcelonanoticias.com\\\/en\\\/fc-barcelona\\\/lamine-yamal-keeps-the-suspense-about-his-future-at-fc-barcelona_311589_102.html#breadcrumb\"},\"inLanguage\":\"en-US\",\"potentialAction\":[{\"@type\":\"ReadAction\",\"target\":[\"https:\\\/\\\/www.fcbarcelonanoticias.com\\\/en\\\/fc-barcelona\\\/lamine-yamal-keeps-the-suspense-about-his-future-at-fc-barcelona_311589_102.html\"]}]},{\"@type\":\"ImageObject\",\"inLanguage\":\"en-US\",\"@id\":\"https:\\\/\\\/www.fcbarcelonanoticias.com\\\/en\\\/fc-barcelona\\\/lamine-yamal-keeps-the-suspense-about-his-future-at-fc-barcelona_311589_102.html#primaryimage\",\"url\":\"https:\\\/\\\/www.fcbarcelonanoticias.com\\\/en\\\/wp-content\\\/uploads\\\/sites\\\/2\\\/2025\\\/03\\\/fc-barcelona-v-rayo-vallecano-la-liga-ea-sports-9-1-1.webp\",\"contentUrl\":\"https:\\\/\\\/www.fcbarcelonanoticias.com\\\/en\\\/wp-content\\\/uploads\\\/sites\\\/2\\\/2025\\\/03\\\/fc-barcelona-v-rayo-vallecano-la-liga-ea-sports-9-1-1.webp\",\"width\":1200,\"height\":675},{\"@type\":\"BreadcrumbList\",\"@id\":\"https:\\\/\\\/www.fcbarcelonanoticias.com\\\/en\\\/fc-barcelona\\\/lamine-yamal-keeps-the-suspense-about-his-future-at-fc-barcelona_311589_102.html#breadcrumb\",\"itemListElement\":[{\"@type\":\"ListItem\",\"position\":1,\"name\":\"Portada\",\"item\":\"https:\\\/\\\/www.fcbarcelonanoticias.com\\\/en\\\/\"},{\"@type\":\"ListItem\",\"position\":2,\"name\":\"Lamine Yamal keeps the suspense about his future at FC Barcelona\"}]},{\"@type\":\"WebSite\",\"@id\":\"https:\\\/\\\/www.fcbarcelonanoticias.com\\\/en\\\/#website\",\"url\":\"https:\\\/\\\/www.fcbarcelonanoticias.com\\\/en\\\/\",\"name\":\"EN - FC Barcelona Noticias\",\"description\":\"\",\"potentialAction\":[{\"@type\":\"SearchAction\",\"target\":{\"@type\":\"EntryPoint\",\"urlTemplate\":\"https:\\\/\\\/www.fcbarcelonanoticias.com\\\/en\\\/?s={search_term_string}\"},\"query-input\":{\"@type\":\"PropertyValueSpecification\",\"valueRequired\":true,\"valueName\":\"search_term_string\"}}],\"inLanguage\":\"en-US\"},{\"@type\":\"Person\",\"@id\":\"https:\\\/\\\/www.fcbarcelonanoticias.com\\\/en\\\/#\\\/schema\\\/person\\\/88d756918a0a1ae9fa593b5edddd1815\",\"name\":\"Juan Pablo Berdugo\",\"image\":{\"@type\":\"ImageObject\",\"inLanguage\":\"en-US\",\"@id\":\"https:\\\/\\\/secure.gravatar.com\\\/avatar\\\/?s=96&d=mm&r=g\",\"url\":\"https:\\\/\\\/secure.gravatar.com\\\/avatar\\\/?s=96&d=mm&r=g\",\"contentUrl\":\"https:\\\/\\\/secure.gravatar.com\\\/avatar\\\/?s=96&d=mm&r=g\",\"caption\":\"Juan Pablo Berdugo\"},\"description\":\"Juan Pablo Berdugo es graduado en Periodismo. Colabora con FCBN como especialista en informaci\u00f3n del primer equipo del FC Barcelona, f\u00fatbol internacional y mercado de fichajes. Destaca por su enfoque anal\u00edtico, su rigor informativo y su capacidad para detectar tendencias emergentes en el f\u00fatbol global.\",\"url\":\"https:\\\/\\\/www.fcbarcelonanoticias.com\\\/en\\\/fc-barcelona\\\/juan-pablo-berdugo_18_115.html\"}]}<\/script>\n<!-- \/ Yoast SEO plugin. -->","yoast_head_json":{"title":"Lamine Yamal keeps the suspense about his future at FC Barcelona","description":"Lamine Yamal confessed that he has put his renewal on hold as his focus is on winning titles with Bar\u00e7a. Additionally, he revealed his big goal for this season","robots":{"index":"index","follow":"follow","max-snippet":"max-snippet:-1","max-image-preview":"max-image-preview:large","max-video-preview":"max-video-preview:-1"},"canonical":"https:\/\/www.fcbarcelonanoticias.com\/en\/fc-barcelona\/lamine-yamal-keeps-the-suspense-about-his-future-at-fc-barcelona_311589_102.html","og_locale":"en_US","og_type":"article","og_title":"Lamine Yamal keeps the suspense about his future at FC Barcelona","og_description":"Lamine Yamal confessed that he has put his renewal on hold as his focus is on winning titles with Bar\u00e7a. Additionally, he revealed his big goal for this season","og_url":"https:\/\/www.fcbarcelonanoticias.com\/en\/fc-barcelona\/lamine-yamal-keeps-the-suspense-about-his-future-at-fc-barcelona_311589_102.html","og_site_name":"EN - FC Barcelona Noticias","article_published_time":"2025-03-19T14:20:00+00:00","article_modified_time":"2025-03-19T14:22:00+00:00","og_image":[{"width":1200,"height":675,"url":"https:\/\/www.fcbarcelonanoticias.com\/en\/wp-content\/uploads\/sites\/2\/2025\/03\/fc-barcelona-v-rayo-vallecano-la-liga-ea-sports-9-1-1.webp","type":"image\/webp"}],"author":"Juan Pablo Berdugo","twitter_card":"summary_large_image","twitter_misc":{"Written by":"Juan Pablo Berdugo","Est. reading time":"4 minutes"},"schema":{"@context":"https:\/\/schema.org","@graph":[{"@type":"Article","@id":"https:\/\/www.fcbarcelonanoticias.com\/en\/fc-barcelona\/lamine-yamal-keeps-the-suspense-about-his-future-at-fc-barcelona_311589_102.html#article","isPartOf":{"@id":"https:\/\/www.fcbarcelonanoticias.com\/en\/fc-barcelona\/lamine-yamal-keeps-the-suspense-about-his-future-at-fc-barcelona_311589_102.html"},"author":{"name":"Juan Pablo Berdugo","@id":"https:\/\/www.fcbarcelonanoticias.com\/en\/#\/schema\/person\/88d756918a0a1ae9fa593b5edddd1815"},"headline":"Lamine Yamal keeps the suspense about his future at FC Barcelona","datePublished":"2025-03-19T14:20:00+00:00","dateModified":"2025-03-19T14:22:00+00:00","mainEntityOfPage":{"@id":"https:\/\/www.fcbarcelonanoticias.com\/en\/fc-barcelona\/lamine-yamal-keeps-the-suspense-about-his-future-at-fc-barcelona_311589_102.html"},"wordCount":812,"image":{"@id":"https:\/\/www.fcbarcelonanoticias.com\/en\/fc-barcelona\/lamine-yamal-keeps-the-suspense-about-his-future-at-fc-barcelona_311589_102.html#primaryimage"},"thumbnailUrl":"https:\/\/www.fcbarcelonanoticias.com\/en\/wp-content\/uploads\/sites\/2\/2025\/03\/fc-barcelona-v-rayo-vallecano-la-liga-ea-sports-9-1-1.webp","articleSection":["FC Barcelona"],"inLanguage":"en-US"},{"@type":"WebPage","@id":"https:\/\/www.fcbarcelonanoticias.com\/en\/fc-barcelona\/lamine-yamal-keeps-the-suspense-about-his-future-at-fc-barcelona_311589_102.html","url":"https:\/\/www.fcbarcelonanoticias.com\/en\/fc-barcelona\/lamine-yamal-keeps-the-suspense-about-his-future-at-fc-barcelona_311589_102.html","name":"Lamine Yamal keeps the suspense about his future at FC Barcelona","isPartOf":{"@id":"https:\/\/www.fcbarcelonanoticias.com\/en\/#website"},"primaryImageOfPage":{"@id":"https:\/\/www.fcbarcelonanoticias.com\/en\/fc-barcelona\/lamine-yamal-keeps-the-suspense-about-his-future-at-fc-barcelona_311589_102.html#primaryimage"},"image":{"@id":"https:\/\/www.fcbarcelonanoticias.com\/en\/fc-barcelona\/lamine-yamal-keeps-the-suspense-about-his-future-at-fc-barcelona_311589_102.html#primaryimage"},"thumbnailUrl":"https:\/\/www.fcbarcelonanoticias.com\/en\/wp-content\/uploads\/sites\/2\/2025\/03\/fc-barcelona-v-rayo-vallecano-la-liga-ea-sports-9-1-1.webp","datePublished":"2025-03-19T14:20:00+00:00","dateModified":"2025-03-19T14:22:00+00:00","author":{"@id":"https:\/\/www.fcbarcelonanoticias.com\/en\/#\/schema\/person\/88d756918a0a1ae9fa593b5edddd1815"},"description":"Lamine Yamal confessed that he has put his renewal on hold as his focus is on winning titles with Bar\u00e7a. Additionally, he revealed his big goal for this season","breadcrumb":{"@id":"https:\/\/www.fcbarcelonanoticias.com\/en\/fc-barcelona\/lamine-yamal-keeps-the-suspense-about-his-future-at-fc-barcelona_311589_102.html#breadcrumb"},"inLanguage":"en-US","potentialAction":[{"@type":"ReadAction","target":["https:\/\/www.fcbarcelonanoticias.com\/en\/fc-barcelona\/lamine-yamal-keeps-the-suspense-about-his-future-at-fc-barcelona_311589_102.html"]}]},{"@type":"ImageObject","inLanguage":"en-US","@id":"https:\/\/www.fcbarcelonanoticias.com\/en\/fc-barcelona\/lamine-yamal-keeps-the-suspense-about-his-future-at-fc-barcelona_311589_102.html#primaryimage","url":"https:\/\/www.fcbarcelonanoticias.com\/en\/wp-content\/uploads\/sites\/2\/2025\/03\/fc-barcelona-v-rayo-vallecano-la-liga-ea-sports-9-1-1.webp","contentUrl":"https:\/\/www.fcbarcelonanoticias.com\/en\/wp-content\/uploads\/sites\/2\/2025\/03\/fc-barcelona-v-rayo-vallecano-la-liga-ea-sports-9-1-1.webp","width":1200,"height":675},{"@type":"BreadcrumbList","@id":"https:\/\/www.fcbarcelonanoticias.com\/en\/fc-barcelona\/lamine-yamal-keeps-the-suspense-about-his-future-at-fc-barcelona_311589_102.html#breadcrumb","itemListElement":[{"@type":"ListItem","position":1,"name":"Portada","item":"https:\/\/www.fcbarcelonanoticias.com\/en\/"},{"@type":"ListItem","position":2,"name":"Lamine Yamal keeps the suspense about his future at FC Barcelona"}]},{"@type":"WebSite","@id":"https:\/\/www.fcbarcelonanoticias.com\/en\/#website","url":"https:\/\/www.fcbarcelonanoticias.com\/en\/","name":"EN - FC Barcelona Noticias","description":"","potentialAction":[{"@type":"SearchAction","target":{"@type":"EntryPoint","urlTemplate":"https:\/\/www.fcbarcelonanoticias.com\/en\/?s={search_term_string}"},"query-input":{"@type":"PropertyValueSpecification","valueRequired":true,"valueName":"search_term_string"}}],"inLanguage":"en-US"},{"@type":"Person","@id":"https:\/\/www.fcbarcelonanoticias.com\/en\/#\/schema\/person\/88d756918a0a1ae9fa593b5edddd1815","name":"Juan Pablo Berdugo","image":{"@type":"ImageObject","inLanguage":"en-US","@id":"https:\/\/secure.gravatar.com\/avatar\/?s=96&d=mm&r=g","url":"https:\/\/secure.gravatar.com\/avatar\/?s=96&d=mm&r=g","contentUrl":"https:\/\/secure.gravatar.com\/avatar\/?s=96&d=mm&r=g","caption":"Juan Pablo Berdugo"},"description":"Juan Pablo Berdugo es graduado en Periodismo. Colabora con FCBN como especialista en informaci\u00f3n del primer equipo del FC Barcelona, f\u00fatbol internacional y mercado de fichajes. Destaca por su enfoque anal\u00edtico, su rigor informativo y su capacidad para detectar tendencias emergentes en el f\u00fatbol global.","url":"https:\/\/www.fcbarcelonanoticias.com\/en\/fc-barcelona\/juan-pablo-berdugo_18_115.html"}]}},"_links":{"self":[{"href":"https:\/\/www.fcbarcelonanoticias.com\/en\/wp-json\/wp\/v2\/posts\/23350","targetHints":{"allow":["GET"]}}],"collection":[{"href":"https:\/\/www.fcbarcelonanoticias.com\/en\/wp-json\/wp\/v2\/posts"}],"about":[{"href":"https:\/\/www.fcbarcelonanoticias.com\/en\/wp-json\/wp\/v2\/types\/post"}],"author":[{"embeddable":true,"href":"https:\/\/www.fcbarcelonanoticias.com\/en\/wp-json\/wp\/v2\/users\/358"}],"replies":[{"embeddable":true,"href":"https:\/\/www.fcbarcelonanoticias.com\/en\/wp-json\/wp\/v2\/comments?post=23350"}],"version-history":[{"count":1,"href":"https:\/\/www.fcbarcelonanoticias.com\/en\/wp-json\/wp\/v2\/posts\/23350\/revisions"}],"predecessor-version":[{"id":23352,"href":"https:\/\/www.fcbarcelonanoticias.com\/en\/wp-json\/wp\/v2\/posts\/23350\/revisions\/23352"}],"wp:featuredmedia":[{"embeddable":true,"href":"https:\/\/www.fcbarcelonanoticias.com\/en\/wp-json\/wp\/v2\/media\/23355"}],"wp:attachment":[{"href":"https:\/\/www.fcbarcelonanoticias.com\/en\/wp-json\/wp\/v2\/media?parent=23350"}],"wp:term":[{"taxonomy":"category","embeddable":true,"href":"https:\/\/www.fcbarcelonanoticias.com\/en\/wp-json\/wp\/v2\/categories?post=23350"},{"taxonomy":"post_tag","embeddable":true,"href":"https:\/\/www.fcbarcelonanoticias.com\/en\/wp-json\/wp\/v2\/tags?post=23350"}],"curies":[{"name":"wp","href":"https:\/\/api.w.org\/{rel}","templated":true}]}}