{"id":23369,"date":"2024-10-08T23:40:00","date_gmt":"2024-10-08T21:40:00","guid":{"rendered":"https:\/\/weisetech.dev\/fc-barcelona-noticias\/en\/lamine-yamal-puts-an-end-to-the-alaves-controversy-and-pays-tribute-to-robert-lewandowski_307800_102\/"},"modified":"2024-10-08T23:40:00","modified_gmt":"2024-10-08T21:40:00","slug":"lamine-yamal-puts-an-end-to-the-alaves-controversy-and-pays-tribute-to-robert-lewandowski_307800_102","status":"publish","type":"post","link":"https:\/\/www.fcbarcelonanoticias.com\/en\/fc-barcelona\/lamine-yamal-puts-an-end-to-the-alaves-controversy-and-pays-tribute-to-robert-lewandowski_307800_102.html","title":{"rendered":"Lamine Yamal &#8216;puts an end&#8217; to the Alav\u00e9s controversy and pays tribute to Robert Lewandowski"},"content":{"rendered":"<h2 class=\"wp-block-heading\">Lamine Yamal has spoken out about his &#8216;anger&#8217; at being substituted at Alav\u00e9s. The &#8217;19&#8217; also praised Lewandowski and spoke about Bar\u00e7a&#8217;s great present<\/h2>  \r\n<div class=\"article-addons\">\r\n    <a href=\"https:\/\/www.fcbarcelonanoticias.com\/en\/calendar-fc-barcelona.html\"\r\n       target=\"_self\"\r\n       title=\"Calendar of FC Barcelona\"\r\n       class=\"blue-gredient-btn\">\r\n       \r\n        Calendar of FC Barcelona    <\/a>\r\n<\/div>   <p><a data-external=\"0\" data-intl-links-en=\"https:\/\/www.fcbarcelonanoticias.com\/en\/football-soccer\/dates-and-times-of-all-the-matches-of-fc-barcelona-players-with-their-national-teams_307763_102.html\" data-intl-links-es=\"https:\/\/www.fcbarcelonanoticias.com\/futbol\/fechas-horarios-partidos-jugadores-fc-barcelona-selecciones-nacionales_307763_102.html\" href=\"https:\/\/www.fcbarcelonanoticias.com\/en\/football-soccer\/dates-and-times-of-all-the-matches-of-fc-barcelona-players-with-their-national-teams_307763_102.html\" rel=\"follow\" target=\"_self\" title=\"Dates and times of all the matches of FC Barcelona players with their national teams\">Lamine Yamal is preparing to face a new FIFA date, being a fundamental pillar of Luis de la Fuente&#8217;s Spain<\/a>. Precisely in the concentration of the Roja, the star of <strong>FC Barcelona <\/strong>has attended the microphones of &#8216;Radio Nacional&#8217; to review how these last months have been since he won the <strong>Eurocup <\/strong>and consolidated himself as one of the great sensations of world football.<\/p>  <h2>His present with the Spanish national team<\/h2>  <p>A little more than a year after his first call-up with the Spanish team, the <strong>Rocafonda <\/strong>native assured that &#8220;the truth is that it has gone by very quickly and it seems like it has been two days. I prefer it to go quickly if it goes like this.&#8221;<\/p>  <blockquote> <p>&#8220;I am coping well with fame, I am enjoying it, having the life of a footballer and working in what you like is good&#8221;<\/p> <\/blockquote>  <p>This notoriety has been multiplied since his definitive explosion in the <strong>Eurocup<\/strong>, a situation that generated the increase in his popularity. &#8220;It&#8217;s true that there are more people who recognise me but with the happiness we had I didn&#8217;t care (after winning the Euro Cup). <strong>But I&#8217;m doing well. I do everything at home, so I&#8217;m not having many problems<\/strong>,&#8221; he said.<\/p>  <p>Being one of the great figures of <strong>Bar\u00e7a <\/strong>at just 17 years old, the forward revealed that it is his mother who keeps him grounded. &#8220;<strong>Whenever I have to talk about something it is with my mother<\/strong>, she calls me before training and at night. But my father and my friends are also there, who are the ones I spend my day to day with, I go to them when I have to talk,&#8221; he commented.<\/p>  <h2>Lamine &#8216;ended&#8217; the Alav\u00e9s controversy<\/h2>  <p><a data-external=\"0\" data-intl-links-en=\"https:\/\/www.fcbarcelonanoticias.com\/en\/fc-barcelona\/justified-the-reason-behind-lamine-yamal-anger-after-being-substituted-against-alaves_307768_102.html\" data-intl-links-es=\"https:\/\/www.fcbarcelonanoticias.com\/fc-barcelona\/justificado-razon-detras-enfado-lamine-yamal-ser-sustituido-alaves_307768_102.html\" href=\"https:\/\/www.fcbarcelonanoticias.com\/en\/fc-barcelona\/justified-the-reason-behind-lamine-yamal-anger-after-being-substituted-against-alaves_307768_102.html\" rel=\"follow\" target=\"_self\" title=\"Justified? The reason behind Lamine Yamal's anger after being substituted against Alav\u00e9s\">Lamine also came forward after his apparent annoyance at being substituted in Mendizorroza against Alav\u00e9s<\/a>. An annoyance that, according to the player himself, had to do with his performance and not with the change.<\/p>  <blockquote> <p>&#8220;No, I think that more than being angry, it was because I was not happy with my game. I demand a lot from myself and that is the line I must follow to play at 100%&#8221;<\/p> <\/blockquote>  <p>He also revealed that <strong>Hansi Flick<\/strong> spoke to him after this event. &#8220;<strong>He asked me why I was like that, whether it was because of the change or because of my game<\/strong>. I could have helped the team, I told him that I would be 100% for the next game. He is very close to everyone, to those who play more or less, veterans, he gives a lot of confidence and that is noticeable in the team,&#8221; he said.<\/p>  <p>The youth player stressed that they feel good on the pitch and that he hopes they continue playing like this. &#8220;We are enjoying it a lot and it shows. <strong>We are happy with the freedom and the model of the mister&#8217;s game and above all for winning<\/strong>, because otherwise people would not be happy. The style of play is demanding, yes, but in the end when you go to press and steal, you have control. It is more physical than last year,&#8221; he said.<\/p>  <p>Finally, he was full of praise for <strong>Robert Lewandowski <\/strong>after the Pole&#8217;s spectacular start to the season in front of goal, stating that he hopes he will take the title of top scorer in LaLiga. &#8220;<strong>Everything you give him, he scores. We are very happy for him. Hopefully he will be the top scorer<\/strong>,&#8221; he concluded.<\/p> ","protected":false},"excerpt":{"rendered":"<p>Lamine Yamal has spoken out about his &#8216;anger&#8217; at being substituted at Alav\u00e9s. The &#8217;19&#8217; also praised Lewandowski and spoke about Bar\u00e7a&#8217;s great present Lamine Yamal is preparing to face a new FIFA date, being a fundamental pillar of Luis de la Fuente&#8217;s Spain. Precisely in the concentration of the Roja, the star of FC [&hellip;]<\/p>\n","protected":false},"author":358,"featured_media":106081,"comment_status":"closed","ping_status":"open","sticky":false,"template":"","format":"standard","meta":{"_acf_changed":false,"inline_featured_image":false,"_nextfly_llmd_date_locked":false,"footnotes":""},"categories":[111],"tags":[87],"class_list":["post-23369","post","type-post","status-publish","format-standard","has-post-thumbnail","hentry","category-fc-barcelona","tag-hansi-flick"],"acf":[],"yoast_head":"<!-- This site is optimized with the Yoast SEO plugin v27.3 - https:\/\/yoast.com\/product\/yoast-seo-wordpress\/ -->\n<title>Lamine Yamal &#039;puts an end&#039; to the Alav\u00e9s controversy and pays tribute to Robert Lewandowski<\/title>\n<meta name=\"description\" content=\"Lamine Yamal has spoken out about his &#039;anger&#039; at being substituted at Alav\u00e9s. The &#039;19&#039; also praised Lewandowski and spoke about Bar\u00e7a&#039;s great present\" \/>\n<meta name=\"robots\" content=\"index, follow, max-snippet:-1, max-image-preview:large, max-video-preview:-1\" \/>\n<link rel=\"canonical\" href=\"https:\/\/www.fcbarcelonanoticias.com\/en\/fc-barcelona\/lamine-yamal-puts-an-end-to-the-alaves-controversy-and-pays-tribute-to-robert-lewandowski_307800_102.html\" \/>\n<meta property=\"og:locale\" content=\"en_US\" \/>\n<meta property=\"og:type\" content=\"article\" \/>\n<meta property=\"og:title\" content=\"Lamine Yamal &#039;puts an end&#039; to the Alav\u00e9s controversy and pays tribute to Robert Lewandowski\" \/>\n<meta property=\"og:description\" content=\"Lamine Yamal has spoken out about his &#039;anger&#039; at being substituted at Alav\u00e9s. The &#039;19&#039; also praised Lewandowski and spoke about Bar\u00e7a&#039;s great present\" \/>\n<meta property=\"og:url\" content=\"https:\/\/www.fcbarcelonanoticias.com\/en\/fc-barcelona\/lamine-yamal-puts-an-end-to-the-alaves-controversy-and-pays-tribute-to-robert-lewandowski_307800_102.html\" \/>\n<meta property=\"og:site_name\" content=\"EN - FC Barcelona Noticias\" \/>\n<meta property=\"article:published_time\" content=\"2024-10-08T21:40:00+00:00\" \/>\n<meta property=\"og:image\" content=\"https:\/\/www.fcbarcelonanoticias.com\/en\/wp-content\/uploads\/sites\/2\/2024\/10\/lamine-yamal-barcelona-5.jpeg\" \/>\n\t<meta property=\"og:image:width\" content=\"1250\" \/>\n\t<meta property=\"og:image:height\" content=\"730\" \/>\n\t<meta property=\"og:image:type\" content=\"image\/jpeg\" \/>\n<meta name=\"author\" content=\"Juan Pablo Berdugo\" \/>\n<meta name=\"twitter:card\" content=\"summary_large_image\" \/>\n<meta name=\"twitter:label1\" content=\"Written by\" \/>\n\t<meta name=\"twitter:data1\" content=\"Juan Pablo Berdugo\" \/>\n\t<meta name=\"twitter:label2\" content=\"Est. reading time\" \/>\n\t<meta name=\"twitter:data2\" content=\"3 minutes\" \/>\n<script type=\"application\/ld+json\" class=\"yoast-schema-graph\">{\"@context\":\"https:\\\/\\\/schema.org\",\"@graph\":[{\"@type\":\"Article\",\"@id\":\"https:\\\/\\\/www.fcbarcelonanoticias.com\\\/en\\\/fc-barcelona\\\/lamine-yamal-puts-an-end-to-the-alaves-controversy-and-pays-tribute-to-robert-lewandowski_307800_102.html#article\",\"isPartOf\":{\"@id\":\"https:\\\/\\\/www.fcbarcelonanoticias.com\\\/en\\\/fc-barcelona\\\/lamine-yamal-puts-an-end-to-the-alaves-controversy-and-pays-tribute-to-robert-lewandowski_307800_102.html\"},\"author\":{\"name\":\"Juan Pablo Berdugo\",\"@id\":\"https:\\\/\\\/www.fcbarcelonanoticias.com\\\/en\\\/#\\\/schema\\\/person\\\/88d756918a0a1ae9fa593b5edddd1815\"},\"headline\":\"Lamine Yamal &#8216;puts an end&#8217; to the Alav\u00e9s controversy and pays tribute to Robert Lewandowski\",\"datePublished\":\"2024-10-08T21:40:00+00:00\",\"mainEntityOfPage\":{\"@id\":\"https:\\\/\\\/www.fcbarcelonanoticias.com\\\/en\\\/fc-barcelona\\\/lamine-yamal-puts-an-end-to-the-alaves-controversy-and-pays-tribute-to-robert-lewandowski_307800_102.html\"},\"wordCount\":625,\"image\":{\"@id\":\"https:\\\/\\\/www.fcbarcelonanoticias.com\\\/en\\\/fc-barcelona\\\/lamine-yamal-puts-an-end-to-the-alaves-controversy-and-pays-tribute-to-robert-lewandowski_307800_102.html#primaryimage\"},\"thumbnailUrl\":\"https:\\\/\\\/www.fcbarcelonanoticias.com\\\/en\\\/wp-content\\\/uploads\\\/sites\\\/2\\\/2024\\\/10\\\/lamine-yamal-barcelona-5.jpeg\",\"keywords\":[\"Hansi Flick\"],\"articleSection\":[\"FC Barcelona\"],\"inLanguage\":\"en-US\"},{\"@type\":\"WebPage\",\"@id\":\"https:\\\/\\\/www.fcbarcelonanoticias.com\\\/en\\\/fc-barcelona\\\/lamine-yamal-puts-an-end-to-the-alaves-controversy-and-pays-tribute-to-robert-lewandowski_307800_102.html\",\"url\":\"https:\\\/\\\/www.fcbarcelonanoticias.com\\\/en\\\/fc-barcelona\\\/lamine-yamal-puts-an-end-to-the-alaves-controversy-and-pays-tribute-to-robert-lewandowski_307800_102.html\",\"name\":\"Lamine Yamal 'puts an end' to the Alav\u00e9s controversy and pays tribute to Robert Lewandowski\",\"isPartOf\":{\"@id\":\"https:\\\/\\\/www.fcbarcelonanoticias.com\\\/en\\\/#website\"},\"primaryImageOfPage\":{\"@id\":\"https:\\\/\\\/www.fcbarcelonanoticias.com\\\/en\\\/fc-barcelona\\\/lamine-yamal-puts-an-end-to-the-alaves-controversy-and-pays-tribute-to-robert-lewandowski_307800_102.html#primaryimage\"},\"image\":{\"@id\":\"https:\\\/\\\/www.fcbarcelonanoticias.com\\\/en\\\/fc-barcelona\\\/lamine-yamal-puts-an-end-to-the-alaves-controversy-and-pays-tribute-to-robert-lewandowski_307800_102.html#primaryimage\"},\"thumbnailUrl\":\"https:\\\/\\\/www.fcbarcelonanoticias.com\\\/en\\\/wp-content\\\/uploads\\\/sites\\\/2\\\/2024\\\/10\\\/lamine-yamal-barcelona-5.jpeg\",\"datePublished\":\"2024-10-08T21:40:00+00:00\",\"author\":{\"@id\":\"https:\\\/\\\/www.fcbarcelonanoticias.com\\\/en\\\/#\\\/schema\\\/person\\\/88d756918a0a1ae9fa593b5edddd1815\"},\"description\":\"Lamine Yamal has spoken out about his 'anger' at being substituted at Alav\u00e9s. The '19' also praised Lewandowski and spoke about Bar\u00e7a's great present\",\"breadcrumb\":{\"@id\":\"https:\\\/\\\/www.fcbarcelonanoticias.com\\\/en\\\/fc-barcelona\\\/lamine-yamal-puts-an-end-to-the-alaves-controversy-and-pays-tribute-to-robert-lewandowski_307800_102.html#breadcrumb\"},\"inLanguage\":\"en-US\",\"potentialAction\":[{\"@type\":\"ReadAction\",\"target\":[\"https:\\\/\\\/www.fcbarcelonanoticias.com\\\/en\\\/fc-barcelona\\\/lamine-yamal-puts-an-end-to-the-alaves-controversy-and-pays-tribute-to-robert-lewandowski_307800_102.html\"]}]},{\"@type\":\"ImageObject\",\"inLanguage\":\"en-US\",\"@id\":\"https:\\\/\\\/www.fcbarcelonanoticias.com\\\/en\\\/fc-barcelona\\\/lamine-yamal-puts-an-end-to-the-alaves-controversy-and-pays-tribute-to-robert-lewandowski_307800_102.html#primaryimage\",\"url\":\"https:\\\/\\\/www.fcbarcelonanoticias.com\\\/en\\\/wp-content\\\/uploads\\\/sites\\\/2\\\/2024\\\/10\\\/lamine-yamal-barcelona-5.jpeg\",\"contentUrl\":\"https:\\\/\\\/www.fcbarcelonanoticias.com\\\/en\\\/wp-content\\\/uploads\\\/sites\\\/2\\\/2024\\\/10\\\/lamine-yamal-barcelona-5.jpeg\",\"width\":1250,\"height\":730},{\"@type\":\"BreadcrumbList\",\"@id\":\"https:\\\/\\\/www.fcbarcelonanoticias.com\\\/en\\\/fc-barcelona\\\/lamine-yamal-puts-an-end-to-the-alaves-controversy-and-pays-tribute-to-robert-lewandowski_307800_102.html#breadcrumb\",\"itemListElement\":[{\"@type\":\"ListItem\",\"position\":1,\"name\":\"Portada\",\"item\":\"https:\\\/\\\/www.fcbarcelonanoticias.com\\\/en\\\/\"},{\"@type\":\"ListItem\",\"position\":2,\"name\":\"Lamine Yamal &#8216;puts an end&#8217; to the Alav\u00e9s controversy and pays tribute to Robert Lewandowski\"}]},{\"@type\":\"WebSite\",\"@id\":\"https:\\\/\\\/www.fcbarcelonanoticias.com\\\/en\\\/#website\",\"url\":\"https:\\\/\\\/www.fcbarcelonanoticias.com\\\/en\\\/\",\"name\":\"EN - FC Barcelona Noticias\",\"description\":\"\",\"potentialAction\":[{\"@type\":\"SearchAction\",\"target\":{\"@type\":\"EntryPoint\",\"urlTemplate\":\"https:\\\/\\\/www.fcbarcelonanoticias.com\\\/en\\\/?s={search_term_string}\"},\"query-input\":{\"@type\":\"PropertyValueSpecification\",\"valueRequired\":true,\"valueName\":\"search_term_string\"}}],\"inLanguage\":\"en-US\"},{\"@type\":\"Person\",\"@id\":\"https:\\\/\\\/www.fcbarcelonanoticias.com\\\/en\\\/#\\\/schema\\\/person\\\/88d756918a0a1ae9fa593b5edddd1815\",\"name\":\"Juan Pablo Berdugo\",\"image\":{\"@type\":\"ImageObject\",\"inLanguage\":\"en-US\",\"@id\":\"https:\\\/\\\/secure.gravatar.com\\\/avatar\\\/?s=96&d=mm&r=g\",\"url\":\"https:\\\/\\\/secure.gravatar.com\\\/avatar\\\/?s=96&d=mm&r=g\",\"contentUrl\":\"https:\\\/\\\/secure.gravatar.com\\\/avatar\\\/?s=96&d=mm&r=g\",\"caption\":\"Juan Pablo Berdugo\"},\"description\":\"Juan Pablo Berdugo es graduado en Periodismo. Colabora con FCBN como especialista en informaci\u00f3n del primer equipo del FC Barcelona, f\u00fatbol internacional y mercado de fichajes. Destaca por su enfoque anal\u00edtico, su rigor informativo y su capacidad para detectar tendencias emergentes en el f\u00fatbol global.\",\"url\":\"https:\\\/\\\/www.fcbarcelonanoticias.com\\\/en\\\/fc-barcelona\\\/juan-pablo-berdugo_18_115.html\"}]}<\/script>\n<!-- \/ Yoast SEO plugin. -->","yoast_head_json":{"title":"Lamine Yamal 'puts an end' to the Alav\u00e9s controversy and pays tribute to Robert Lewandowski","description":"Lamine Yamal has spoken out about his 'anger' at being substituted at Alav\u00e9s. The '19' also praised Lewandowski and spoke about Bar\u00e7a's great present","robots":{"index":"index","follow":"follow","max-snippet":"max-snippet:-1","max-image-preview":"max-image-preview:large","max-video-preview":"max-video-preview:-1"},"canonical":"https:\/\/www.fcbarcelonanoticias.com\/en\/fc-barcelona\/lamine-yamal-puts-an-end-to-the-alaves-controversy-and-pays-tribute-to-robert-lewandowski_307800_102.html","og_locale":"en_US","og_type":"article","og_title":"Lamine Yamal 'puts an end' to the Alav\u00e9s controversy and pays tribute to Robert Lewandowski","og_description":"Lamine Yamal has spoken out about his 'anger' at being substituted at Alav\u00e9s. The '19' also praised Lewandowski and spoke about Bar\u00e7a's great present","og_url":"https:\/\/www.fcbarcelonanoticias.com\/en\/fc-barcelona\/lamine-yamal-puts-an-end-to-the-alaves-controversy-and-pays-tribute-to-robert-lewandowski_307800_102.html","og_site_name":"EN - FC Barcelona Noticias","article_published_time":"2024-10-08T21:40:00+00:00","og_image":[{"width":1250,"height":730,"url":"https:\/\/www.fcbarcelonanoticias.com\/en\/wp-content\/uploads\/sites\/2\/2024\/10\/lamine-yamal-barcelona-5.jpeg","type":"image\/jpeg"}],"author":"Juan Pablo Berdugo","twitter_card":"summary_large_image","twitter_misc":{"Written by":"Juan Pablo Berdugo","Est. reading time":"3 minutes"},"schema":{"@context":"https:\/\/schema.org","@graph":[{"@type":"Article","@id":"https:\/\/www.fcbarcelonanoticias.com\/en\/fc-barcelona\/lamine-yamal-puts-an-end-to-the-alaves-controversy-and-pays-tribute-to-robert-lewandowski_307800_102.html#article","isPartOf":{"@id":"https:\/\/www.fcbarcelonanoticias.com\/en\/fc-barcelona\/lamine-yamal-puts-an-end-to-the-alaves-controversy-and-pays-tribute-to-robert-lewandowski_307800_102.html"},"author":{"name":"Juan Pablo Berdugo","@id":"https:\/\/www.fcbarcelonanoticias.com\/en\/#\/schema\/person\/88d756918a0a1ae9fa593b5edddd1815"},"headline":"Lamine Yamal &#8216;puts an end&#8217; to the Alav\u00e9s controversy and pays tribute to Robert Lewandowski","datePublished":"2024-10-08T21:40:00+00:00","mainEntityOfPage":{"@id":"https:\/\/www.fcbarcelonanoticias.com\/en\/fc-barcelona\/lamine-yamal-puts-an-end-to-the-alaves-controversy-and-pays-tribute-to-robert-lewandowski_307800_102.html"},"wordCount":625,"image":{"@id":"https:\/\/www.fcbarcelonanoticias.com\/en\/fc-barcelona\/lamine-yamal-puts-an-end-to-the-alaves-controversy-and-pays-tribute-to-robert-lewandowski_307800_102.html#primaryimage"},"thumbnailUrl":"https:\/\/www.fcbarcelonanoticias.com\/en\/wp-content\/uploads\/sites\/2\/2024\/10\/lamine-yamal-barcelona-5.jpeg","keywords":["Hansi Flick"],"articleSection":["FC Barcelona"],"inLanguage":"en-US"},{"@type":"WebPage","@id":"https:\/\/www.fcbarcelonanoticias.com\/en\/fc-barcelona\/lamine-yamal-puts-an-end-to-the-alaves-controversy-and-pays-tribute-to-robert-lewandowski_307800_102.html","url":"https:\/\/www.fcbarcelonanoticias.com\/en\/fc-barcelona\/lamine-yamal-puts-an-end-to-the-alaves-controversy-and-pays-tribute-to-robert-lewandowski_307800_102.html","name":"Lamine Yamal 'puts an end' to the Alav\u00e9s controversy and pays tribute to Robert Lewandowski","isPartOf":{"@id":"https:\/\/www.fcbarcelonanoticias.com\/en\/#website"},"primaryImageOfPage":{"@id":"https:\/\/www.fcbarcelonanoticias.com\/en\/fc-barcelona\/lamine-yamal-puts-an-end-to-the-alaves-controversy-and-pays-tribute-to-robert-lewandowski_307800_102.html#primaryimage"},"image":{"@id":"https:\/\/www.fcbarcelonanoticias.com\/en\/fc-barcelona\/lamine-yamal-puts-an-end-to-the-alaves-controversy-and-pays-tribute-to-robert-lewandowski_307800_102.html#primaryimage"},"thumbnailUrl":"https:\/\/www.fcbarcelonanoticias.com\/en\/wp-content\/uploads\/sites\/2\/2024\/10\/lamine-yamal-barcelona-5.jpeg","datePublished":"2024-10-08T21:40:00+00:00","author":{"@id":"https:\/\/www.fcbarcelonanoticias.com\/en\/#\/schema\/person\/88d756918a0a1ae9fa593b5edddd1815"},"description":"Lamine Yamal has spoken out about his 'anger' at being substituted at Alav\u00e9s. The '19' also praised Lewandowski and spoke about Bar\u00e7a's great present","breadcrumb":{"@id":"https:\/\/www.fcbarcelonanoticias.com\/en\/fc-barcelona\/lamine-yamal-puts-an-end-to-the-alaves-controversy-and-pays-tribute-to-robert-lewandowski_307800_102.html#breadcrumb"},"inLanguage":"en-US","potentialAction":[{"@type":"ReadAction","target":["https:\/\/www.fcbarcelonanoticias.com\/en\/fc-barcelona\/lamine-yamal-puts-an-end-to-the-alaves-controversy-and-pays-tribute-to-robert-lewandowski_307800_102.html"]}]},{"@type":"ImageObject","inLanguage":"en-US","@id":"https:\/\/www.fcbarcelonanoticias.com\/en\/fc-barcelona\/lamine-yamal-puts-an-end-to-the-alaves-controversy-and-pays-tribute-to-robert-lewandowski_307800_102.html#primaryimage","url":"https:\/\/www.fcbarcelonanoticias.com\/en\/wp-content\/uploads\/sites\/2\/2024\/10\/lamine-yamal-barcelona-5.jpeg","contentUrl":"https:\/\/www.fcbarcelonanoticias.com\/en\/wp-content\/uploads\/sites\/2\/2024\/10\/lamine-yamal-barcelona-5.jpeg","width":1250,"height":730},{"@type":"BreadcrumbList","@id":"https:\/\/www.fcbarcelonanoticias.com\/en\/fc-barcelona\/lamine-yamal-puts-an-end-to-the-alaves-controversy-and-pays-tribute-to-robert-lewandowski_307800_102.html#breadcrumb","itemListElement":[{"@type":"ListItem","position":1,"name":"Portada","item":"https:\/\/www.fcbarcelonanoticias.com\/en\/"},{"@type":"ListItem","position":2,"name":"Lamine Yamal &#8216;puts an end&#8217; to the Alav\u00e9s controversy and pays tribute to Robert Lewandowski"}]},{"@type":"WebSite","@id":"https:\/\/www.fcbarcelonanoticias.com\/en\/#website","url":"https:\/\/www.fcbarcelonanoticias.com\/en\/","name":"EN - FC Barcelona Noticias","description":"","potentialAction":[{"@type":"SearchAction","target":{"@type":"EntryPoint","urlTemplate":"https:\/\/www.fcbarcelonanoticias.com\/en\/?s={search_term_string}"},"query-input":{"@type":"PropertyValueSpecification","valueRequired":true,"valueName":"search_term_string"}}],"inLanguage":"en-US"},{"@type":"Person","@id":"https:\/\/www.fcbarcelonanoticias.com\/en\/#\/schema\/person\/88d756918a0a1ae9fa593b5edddd1815","name":"Juan Pablo Berdugo","image":{"@type":"ImageObject","inLanguage":"en-US","@id":"https:\/\/secure.gravatar.com\/avatar\/?s=96&d=mm&r=g","url":"https:\/\/secure.gravatar.com\/avatar\/?s=96&d=mm&r=g","contentUrl":"https:\/\/secure.gravatar.com\/avatar\/?s=96&d=mm&r=g","caption":"Juan Pablo Berdugo"},"description":"Juan Pablo Berdugo es graduado en Periodismo. Colabora con FCBN como especialista en informaci\u00f3n del primer equipo del FC Barcelona, f\u00fatbol internacional y mercado de fichajes. Destaca por su enfoque anal\u00edtico, su rigor informativo y su capacidad para detectar tendencias emergentes en el f\u00fatbol global.","url":"https:\/\/www.fcbarcelonanoticias.com\/en\/fc-barcelona\/juan-pablo-berdugo_18_115.html"}]}},"_links":{"self":[{"href":"https:\/\/www.fcbarcelonanoticias.com\/en\/wp-json\/wp\/v2\/posts\/23369","targetHints":{"allow":["GET"]}}],"collection":[{"href":"https:\/\/www.fcbarcelonanoticias.com\/en\/wp-json\/wp\/v2\/posts"}],"about":[{"href":"https:\/\/www.fcbarcelonanoticias.com\/en\/wp-json\/wp\/v2\/types\/post"}],"author":[{"embeddable":true,"href":"https:\/\/www.fcbarcelonanoticias.com\/en\/wp-json\/wp\/v2\/users\/358"}],"replies":[{"embeddable":true,"href":"https:\/\/www.fcbarcelonanoticias.com\/en\/wp-json\/wp\/v2\/comments?post=23369"}],"version-history":[{"count":1,"href":"https:\/\/www.fcbarcelonanoticias.com\/en\/wp-json\/wp\/v2\/posts\/23369\/revisions"}],"predecessor-version":[{"id":106080,"href":"https:\/\/www.fcbarcelonanoticias.com\/en\/wp-json\/wp\/v2\/posts\/23369\/revisions\/106080"}],"wp:featuredmedia":[{"embeddable":true,"href":"https:\/\/www.fcbarcelonanoticias.com\/en\/wp-json\/wp\/v2\/media\/106081"}],"wp:attachment":[{"href":"https:\/\/www.fcbarcelonanoticias.com\/en\/wp-json\/wp\/v2\/media?parent=23369"}],"wp:term":[{"taxonomy":"category","embeddable":true,"href":"https:\/\/www.fcbarcelonanoticias.com\/en\/wp-json\/wp\/v2\/categories?post=23369"},{"taxonomy":"post_tag","embeddable":true,"href":"https:\/\/www.fcbarcelonanoticias.com\/en\/wp-json\/wp\/v2\/tags?post=23369"}],"curies":[{"name":"wp","href":"https:\/\/api.w.org\/{rel}","templated":true}]}}