{"id":23740,"date":"2025-12-12T21:39:00","date_gmt":"2025-12-12T20:39:00","guid":{"rendered":"https:\/\/weisetech.dev\/fc-barcelona-noticias\/en\/laporta-clarifies-the-situation-of-joan-garcia-and-rashford-will-they-be-able-to-play-against-mallorca_314145_102\/"},"modified":"2025-12-12T21:39:00","modified_gmt":"2025-12-12T20:39:00","slug":"laporta-and-2-former-barca-coaches-testify-in-negreira-case_315507_102","status":"publish","type":"post","link":"https:\/\/www.fcbarcelonanoticias.com\/en\/fc-barcelona\/laporta-and-2-former-barca-coaches-testify-in-negreira-case_315507_102.html","title":{"rendered":"Laporta, Ernesto Valverde, and Luis Enrique testify in the &#8216;Negreira case&#8217;"},"content":{"rendered":"<h2 class=\"wp-block-heading\">The investigation into the &#8216;Negreira case&#8217; continues its course and, on Friday, three new witnesses gave their statements: president Joan Laporta and former Bar\u00e7a coaches Luis Enrique and Ernesto Valverde<\/h2>  \r\n<div class=\"article-addons\">\r\n    <a href=\"https:\/\/www.fcbarcelonanoticias.com\/en\/calendar-fc-barcelona.html\"\r\n       target=\"_self\"\r\n       title=\"Calendar of FC Barcelona\"\r\n       class=\"blue-gredient-btn\">\r\n       \r\n        Calendar of FC Barcelona    <\/a>\r\n<\/div>   <p>Three new witnesses were summoned on Friday to the<strong> Ciutat de la Just\u00edcia in Barcelona<\/strong> to give statements on the &#8216;Negreira case&#8217;: president <a data-external=\"0\" data-intl-links-en=\"https:\/\/www.fcbarcelonanoticias.com\/en\/tags\/joan-laporta\" data-intl-links-es=\"https:\/\/www.fcbarcelonanoticias.com\/tags\/joan-laporta\" href=\"https:\/\/www.fcbarcelonanoticias.com\/en\/tags\/joan-laporta.html\" rel=\"follow\" target=\"_self\" title=\"Joan Laporta\">Joan Laporta<\/a> and the Bar\u00e7a coaches between 2014 and 2020, <a data-external=\"0\" data-intl-links-en=\"https:\/\/www.fcbarcelonanoticias.com\/en\/tags\/luis-enrique\" data-intl-links-es=\"https:\/\/www.fcbarcelonanoticias.com\/tags\/luis-enrique\" href=\"https:\/\/www.fcbarcelonanoticias.com\/en\/tags\/luis-enrique.html\" rel=\"follow\" target=\"_self\" title=\"Luis Enrique\">Luis Enrique<\/a> and <a data-external=\"0\" data-intl-links-en=\"https:\/\/www.fcbarcelonanoticias.com\/en\/tags\/ernesto-valverde\" data-intl-links-es=\"https:\/\/www.fcbarcelonanoticias.com\/tags\/ernesto-valverde\" href=\"https:\/\/www.fcbarcelonanoticias.com\/en\/tags\/ernesto-valverde.html\" rel=\"follow\" target=\"_self\" title=\"Ernesto Valverde\">Ernesto Valverde<\/a>.<\/p>  <p>The three testified in the morning, although only the Bar\u00e7a president did so in person. Both &#8216;Lucho&#8217; and &#8216;Txingurri&#8217; attended the appointment with justice via <strong>telematics<\/strong>, from Paris and Bilbao, respectively.<\/p>  <p>Laporta spent about an hour testifying before Judge <strong>Alejandra Gil<\/strong>, making it clear that President <strong>Joan Gaspart<\/strong> never spoke to him about the matter, nor did he have knowledge or control over the amounts paid to the former vice president of the Technical Committee of Referees (CTA), Jos\u00e9 Mar\u00eda Enr\u00edquez Negreira. The reason is that, at that time (2003-2011), minor payments did not go through the Board.<\/p>  <h2>Laporta provided details of the reports prepared by Negreira<\/h2>  <p>Regarding the statement by the president of FC Barcelona, the program &#8216;Qu\u00e8 T&#8217;hi Jugues&#8217; on the &#8216;SER&#8217; network assured that the leader provided details with extreme &#8220;<strong>argumentative solvency<\/strong>&#8221; about the club&#8217;s relationship with the former vice-president of the CTA during his first term, as well as the content of the referee reports paid for by Bar\u00e7a.<\/p>  <p>According to Laporta, the only reports found correspond to the 2014-2018 period, because all club documentation is deleted from the archive every five years. In this regard, he explained that these reports &#8220;<strong>were in boxes at the back of a closet<\/strong>&#8221; and that he never had direct contact with Jos\u00e9 Mar\u00eda Enr\u00edquez Negreira or his son, Javier Enr\u00edquez<\/p>  <p>The Bar\u00e7a president <strong>learned of the reports in 2003 and considered them &#8220;very elaborate documents&#8221;<\/strong> and, therefore, useful for the sports department, although the first-team coaches claim to be unaware of their existence and content.<\/p>  <p>Regarding the increase in payments to the former refereeing director, Laporta stated he was unaware of the reason, although he suspects it was due to the increase in matches and competitions played each seasonIn this regard, Jan reiterated that **Bar\u00e7a never aimed to profit from these reports** to alter the competition through interference in decisions or referee appointments<\/p>  <h2>Luis Enrique and Ernesto Valverde Never Had Access to the Reports<\/h2>  <p>Luis Enrique and Ernesto Valverde, for their part, agreed in their statements that they had not received the referee reports during their respective tenures at the helm of the Bar\u00e7a team. The Asturian, in fact, assured that neither during his time with the reserve team (2008-11) nor later with the first team (2014-17) was he aware of these documents.<\/p>  <p>&#8220;**It&#8217;s already known that in football, when you win, they say the referees favor you, and when you lose, they say they&#8217;re against you**,&#8221; said &#8216;Lucho&#8217; regarding possible favorable refereeing decisions for Bar\u00e7a during his tenure, a period in which the team won 6 national titles, including a couple of consecutive Leagues and three Copa del Rey in a row, in addition to a Super Cup.Valverde, for his part, stated: &#8220;<strong>neither I nor anyone on my staff were offered referee reports. Nor did I need them<\/strong>&#8220;. He also denied having witnessed any refereeing favors during his two and a half seasons at Can Bar\u00e7a.<\/p>  <p>The &#8216;Txingurri&#8217;, however, admitted that Athletic also prepares similar reports, although it is something that does not directly concern the coaching staff. The Basque coach won two La Ligas, one Copa del Rey, and one Spanish Super Cup between the summer of 2017 and January 2020, when he was dismissed from his post.<\/p>  <p>Prior to Laporta, Luis Enrique and Valverde also testified, weeks ago, Josep Maria Bartomeu, Sandro Rosell, \u00d2scar Grau and Enr\u00edquez Negreira&#8217;s son, Javier Enr\u00edquez. For now, there is no evidence confirming refereeing favors to the Barcelona team while the club paid the former vice president of the CTA around 7.3 million euros (2001-2018)<\/p> ","protected":false},"excerpt":{"rendered":"<p>The investigation into the &#8216;Negreira case&#8217; continues its course and, on Friday, three new witnesses gave their statements: president Joan Laporta and former Bar\u00e7a coaches Luis Enrique and Ernesto Valverde Three new witnesses were summoned on Friday to the Ciutat de la Just\u00edcia in Barcelona to give statements on the &#8216;Negreira case&#8217;: president Joan Laporta [&hellip;]<\/p>\n","protected":false},"author":347,"featured_media":5117,"comment_status":"closed","ping_status":"open","sticky":false,"template":"","format":"standard","meta":{"_acf_changed":false,"inline_featured_image":false,"_nextfly_llmd_date_locked":false,"footnotes":""},"categories":[111],"tags":[270,218,158,148],"class_list":["post-23740","post","type-post","status-publish","format-standard","has-post-thumbnail","hentry","category-fc-barcelona","tag-case-negreira","tag-ernesto-valverde","tag-joan-laporta","tag-luis-enrique"],"acf":[],"yoast_head":"<!-- This site is optimized with the Yoast SEO plugin v27.3 - https:\/\/yoast.com\/product\/yoast-seo-wordpress\/ -->\n<title>Laporta and 2 former Bar\u00e7a coaches testify in the Negreira case<\/title>\n<meta name=\"description\" content=\"The investigation into the &#039;Negreira case&#039; continues, and on Friday, three new witnesses testified on behalf of Bar\u00e7a\" \/>\n<meta name=\"robots\" content=\"index, follow, max-snippet:-1, max-image-preview:large, max-video-preview:-1\" \/>\n<link rel=\"canonical\" href=\"https:\/\/www.fcbarcelonanoticias.com\/en\/fc-barcelona\/laporta-and-2-former-barca-coaches-testify-in-negreira-case_315507_102.html\" \/>\n<meta property=\"og:locale\" content=\"en_US\" \/>\n<meta property=\"og:type\" content=\"article\" \/>\n<meta property=\"og:title\" content=\"Laporta and 2 former Bar\u00e7a coaches testify in the Negreira case\" \/>\n<meta property=\"og:description\" content=\"The investigation into the &#039;Negreira case&#039; continues, and on Friday, three new witnesses testified on behalf of Bar\u00e7a\" \/>\n<meta property=\"og:url\" content=\"https:\/\/www.fcbarcelonanoticias.com\/en\/fc-barcelona\/laporta-and-2-former-barca-coaches-testify-in-negreira-case_315507_102.html\" \/>\n<meta property=\"og:site_name\" content=\"EN - FC Barcelona Noticias\" \/>\n<meta property=\"article:published_time\" content=\"2025-12-12T20:39:00+00:00\" \/>\n<meta property=\"og:image\" content=\"https:\/\/www.fcbarcelonanoticias.com\/en\/wp-content\/uploads\/sites\/2\/2025\/04\/joan-laporta-fc-barcelona.jpeg\" \/>\n\t<meta property=\"og:image:width\" content=\"1200\" \/>\n\t<meta property=\"og:image:height\" content=\"675\" \/>\n\t<meta property=\"og:image:type\" content=\"image\/jpeg\" \/>\n<meta name=\"author\" content=\"Andr\u00e9s Quiroz\" \/>\n<meta name=\"twitter:card\" content=\"summary_large_image\" \/>\n<meta name=\"twitter:label1\" content=\"Written by\" \/>\n\t<meta name=\"twitter:data1\" content=\"Andr\u00e9s Quiroz\" \/>\n\t<meta name=\"twitter:label2\" content=\"Est. reading time\" \/>\n\t<meta name=\"twitter:data2\" content=\"3 minutes\" \/>\n<script type=\"application\/ld+json\" class=\"yoast-schema-graph\">{\"@context\":\"https:\\\/\\\/schema.org\",\"@graph\":[{\"@type\":\"Article\",\"@id\":\"https:\\\/\\\/www.fcbarcelonanoticias.com\\\/en\\\/fc-barcelona\\\/laporta-and-2-former-barca-coaches-testify-in-negreira-case_315507_102.html#article\",\"isPartOf\":{\"@id\":\"https:\\\/\\\/www.fcbarcelonanoticias.com\\\/en\\\/fc-barcelona\\\/laporta-and-2-former-barca-coaches-testify-in-negreira-case_315507_102.html\"},\"author\":{\"name\":\"Andr\u00e9s Quiroz\",\"@id\":\"https:\\\/\\\/www.fcbarcelonanoticias.com\\\/en\\\/#\\\/schema\\\/person\\\/c2cd9f6fa1af5c0d0eccd0fefa575c88\"},\"headline\":\"Laporta, Ernesto Valverde, and Luis Enrique testify in the &#8216;Negreira case&#8217;\",\"datePublished\":\"2025-12-12T20:39:00+00:00\",\"mainEntityOfPage\":{\"@id\":\"https:\\\/\\\/www.fcbarcelonanoticias.com\\\/en\\\/fc-barcelona\\\/laporta-and-2-former-barca-coaches-testify-in-negreira-case_315507_102.html\"},\"wordCount\":689,\"image\":{\"@id\":\"https:\\\/\\\/www.fcbarcelonanoticias.com\\\/en\\\/fc-barcelona\\\/laporta-and-2-former-barca-coaches-testify-in-negreira-case_315507_102.html#primaryimage\"},\"thumbnailUrl\":\"https:\\\/\\\/www.fcbarcelonanoticias.com\\\/en\\\/wp-content\\\/uploads\\\/sites\\\/2\\\/2025\\\/04\\\/joan-laporta-fc-barcelona.jpeg\",\"keywords\":[\"Case Negreira\",\"Ernesto Valverde\",\"Joan Laporta\",\"Luis Enrique\"],\"articleSection\":[\"FC Barcelona\"],\"inLanguage\":\"en-US\"},{\"@type\":\"WebPage\",\"@id\":\"https:\\\/\\\/www.fcbarcelonanoticias.com\\\/en\\\/fc-barcelona\\\/laporta-and-2-former-barca-coaches-testify-in-negreira-case_315507_102.html\",\"url\":\"https:\\\/\\\/www.fcbarcelonanoticias.com\\\/en\\\/fc-barcelona\\\/laporta-and-2-former-barca-coaches-testify-in-negreira-case_315507_102.html\",\"name\":\"Laporta and 2 former Bar\u00e7a coaches testify in the Negreira case\",\"isPartOf\":{\"@id\":\"https:\\\/\\\/www.fcbarcelonanoticias.com\\\/en\\\/#website\"},\"primaryImageOfPage\":{\"@id\":\"https:\\\/\\\/www.fcbarcelonanoticias.com\\\/en\\\/fc-barcelona\\\/laporta-and-2-former-barca-coaches-testify-in-negreira-case_315507_102.html#primaryimage\"},\"image\":{\"@id\":\"https:\\\/\\\/www.fcbarcelonanoticias.com\\\/en\\\/fc-barcelona\\\/laporta-and-2-former-barca-coaches-testify-in-negreira-case_315507_102.html#primaryimage\"},\"thumbnailUrl\":\"https:\\\/\\\/www.fcbarcelonanoticias.com\\\/en\\\/wp-content\\\/uploads\\\/sites\\\/2\\\/2025\\\/04\\\/joan-laporta-fc-barcelona.jpeg\",\"datePublished\":\"2025-12-12T20:39:00+00:00\",\"author\":{\"@id\":\"https:\\\/\\\/www.fcbarcelonanoticias.com\\\/en\\\/#\\\/schema\\\/person\\\/c2cd9f6fa1af5c0d0eccd0fefa575c88\"},\"description\":\"The investigation into the 'Negreira case' continues, and on Friday, three new witnesses testified on behalf of Bar\u00e7a\",\"breadcrumb\":{\"@id\":\"https:\\\/\\\/www.fcbarcelonanoticias.com\\\/en\\\/fc-barcelona\\\/laporta-and-2-former-barca-coaches-testify-in-negreira-case_315507_102.html#breadcrumb\"},\"inLanguage\":\"en-US\",\"potentialAction\":[{\"@type\":\"ReadAction\",\"target\":[\"https:\\\/\\\/www.fcbarcelonanoticias.com\\\/en\\\/fc-barcelona\\\/laporta-and-2-former-barca-coaches-testify-in-negreira-case_315507_102.html\"]}]},{\"@type\":\"ImageObject\",\"inLanguage\":\"en-US\",\"@id\":\"https:\\\/\\\/www.fcbarcelonanoticias.com\\\/en\\\/fc-barcelona\\\/laporta-and-2-former-barca-coaches-testify-in-negreira-case_315507_102.html#primaryimage\",\"url\":\"https:\\\/\\\/www.fcbarcelonanoticias.com\\\/en\\\/wp-content\\\/uploads\\\/sites\\\/2\\\/2025\\\/04\\\/joan-laporta-fc-barcelona.jpeg\",\"contentUrl\":\"https:\\\/\\\/www.fcbarcelonanoticias.com\\\/en\\\/wp-content\\\/uploads\\\/sites\\\/2\\\/2025\\\/04\\\/joan-laporta-fc-barcelona.jpeg\",\"width\":1200,\"height\":675},{\"@type\":\"BreadcrumbList\",\"@id\":\"https:\\\/\\\/www.fcbarcelonanoticias.com\\\/en\\\/fc-barcelona\\\/laporta-and-2-former-barca-coaches-testify-in-negreira-case_315507_102.html#breadcrumb\",\"itemListElement\":[{\"@type\":\"ListItem\",\"position\":1,\"name\":\"Portada\",\"item\":\"https:\\\/\\\/www.fcbarcelonanoticias.com\\\/en\\\/\"},{\"@type\":\"ListItem\",\"position\":2,\"name\":\"Laporta, Ernesto Valverde, and Luis Enrique testify in the &#8216;Negreira case&#8217;\"}]},{\"@type\":\"WebSite\",\"@id\":\"https:\\\/\\\/www.fcbarcelonanoticias.com\\\/en\\\/#website\",\"url\":\"https:\\\/\\\/www.fcbarcelonanoticias.com\\\/en\\\/\",\"name\":\"EN - FC Barcelona Noticias\",\"description\":\"\",\"potentialAction\":[{\"@type\":\"SearchAction\",\"target\":{\"@type\":\"EntryPoint\",\"urlTemplate\":\"https:\\\/\\\/www.fcbarcelonanoticias.com\\\/en\\\/?s={search_term_string}\"},\"query-input\":{\"@type\":\"PropertyValueSpecification\",\"valueRequired\":true,\"valueName\":\"search_term_string\"}}],\"inLanguage\":\"en-US\"},{\"@type\":\"Person\",\"@id\":\"https:\\\/\\\/www.fcbarcelonanoticias.com\\\/en\\\/#\\\/schema\\\/person\\\/c2cd9f6fa1af5c0d0eccd0fefa575c88\",\"name\":\"Andr\u00e9s Quiroz\",\"image\":{\"@type\":\"ImageObject\",\"inLanguage\":\"en-US\",\"@id\":\"https:\\\/\\\/secure.gravatar.com\\\/avatar\\\/?s=96&d=mm&r=g\",\"url\":\"https:\\\/\\\/secure.gravatar.com\\\/avatar\\\/?s=96&d=mm&r=g\",\"contentUrl\":\"https:\\\/\\\/secure.gravatar.com\\\/avatar\\\/?s=96&d=mm&r=g\",\"caption\":\"Andr\u00e9s Quiroz\"},\"description\":\"Licenciado en Periodismo por la Universidad de los Andes. Me encargo de analizar y compartir los contenidos m\u00e1s destacados de la\u00a0actualidad del F\u00fatbol Club Barcelona, Mercado de Fichajes y F\u00fatbol Internacional en FCBN. La informaci\u00f3n es poder, pero tambi\u00e9n conocimiento.\",\"url\":\"https:\\\/\\\/www.fcbarcelonanoticias.com\\\/en\\\/fc-barcelona\\\/andres-quiroz_17_115.html\"}]}<\/script>\n<!-- \/ Yoast SEO plugin. -->","yoast_head_json":{"title":"Laporta and 2 former Bar\u00e7a coaches testify in the Negreira case","description":"The investigation into the 'Negreira case' continues, and on Friday, three new witnesses testified on behalf of Bar\u00e7a","robots":{"index":"index","follow":"follow","max-snippet":"max-snippet:-1","max-image-preview":"max-image-preview:large","max-video-preview":"max-video-preview:-1"},"canonical":"https:\/\/www.fcbarcelonanoticias.com\/en\/fc-barcelona\/laporta-and-2-former-barca-coaches-testify-in-negreira-case_315507_102.html","og_locale":"en_US","og_type":"article","og_title":"Laporta and 2 former Bar\u00e7a coaches testify in the Negreira case","og_description":"The investigation into the 'Negreira case' continues, and on Friday, three new witnesses testified on behalf of Bar\u00e7a","og_url":"https:\/\/www.fcbarcelonanoticias.com\/en\/fc-barcelona\/laporta-and-2-former-barca-coaches-testify-in-negreira-case_315507_102.html","og_site_name":"EN - FC Barcelona Noticias","article_published_time":"2025-12-12T20:39:00+00:00","og_image":[{"width":1200,"height":675,"url":"https:\/\/www.fcbarcelonanoticias.com\/en\/wp-content\/uploads\/sites\/2\/2025\/04\/joan-laporta-fc-barcelona.jpeg","type":"image\/jpeg"}],"author":"Andr\u00e9s Quiroz","twitter_card":"summary_large_image","twitter_misc":{"Written by":"Andr\u00e9s Quiroz","Est. reading time":"3 minutes"},"schema":{"@context":"https:\/\/schema.org","@graph":[{"@type":"Article","@id":"https:\/\/www.fcbarcelonanoticias.com\/en\/fc-barcelona\/laporta-and-2-former-barca-coaches-testify-in-negreira-case_315507_102.html#article","isPartOf":{"@id":"https:\/\/www.fcbarcelonanoticias.com\/en\/fc-barcelona\/laporta-and-2-former-barca-coaches-testify-in-negreira-case_315507_102.html"},"author":{"name":"Andr\u00e9s Quiroz","@id":"https:\/\/www.fcbarcelonanoticias.com\/en\/#\/schema\/person\/c2cd9f6fa1af5c0d0eccd0fefa575c88"},"headline":"Laporta, Ernesto Valverde, and Luis Enrique testify in the &#8216;Negreira case&#8217;","datePublished":"2025-12-12T20:39:00+00:00","mainEntityOfPage":{"@id":"https:\/\/www.fcbarcelonanoticias.com\/en\/fc-barcelona\/laporta-and-2-former-barca-coaches-testify-in-negreira-case_315507_102.html"},"wordCount":689,"image":{"@id":"https:\/\/www.fcbarcelonanoticias.com\/en\/fc-barcelona\/laporta-and-2-former-barca-coaches-testify-in-negreira-case_315507_102.html#primaryimage"},"thumbnailUrl":"https:\/\/www.fcbarcelonanoticias.com\/en\/wp-content\/uploads\/sites\/2\/2025\/04\/joan-laporta-fc-barcelona.jpeg","keywords":["Case Negreira","Ernesto Valverde","Joan Laporta","Luis Enrique"],"articleSection":["FC Barcelona"],"inLanguage":"en-US"},{"@type":"WebPage","@id":"https:\/\/www.fcbarcelonanoticias.com\/en\/fc-barcelona\/laporta-and-2-former-barca-coaches-testify-in-negreira-case_315507_102.html","url":"https:\/\/www.fcbarcelonanoticias.com\/en\/fc-barcelona\/laporta-and-2-former-barca-coaches-testify-in-negreira-case_315507_102.html","name":"Laporta and 2 former Bar\u00e7a coaches testify in the Negreira case","isPartOf":{"@id":"https:\/\/www.fcbarcelonanoticias.com\/en\/#website"},"primaryImageOfPage":{"@id":"https:\/\/www.fcbarcelonanoticias.com\/en\/fc-barcelona\/laporta-and-2-former-barca-coaches-testify-in-negreira-case_315507_102.html#primaryimage"},"image":{"@id":"https:\/\/www.fcbarcelonanoticias.com\/en\/fc-barcelona\/laporta-and-2-former-barca-coaches-testify-in-negreira-case_315507_102.html#primaryimage"},"thumbnailUrl":"https:\/\/www.fcbarcelonanoticias.com\/en\/wp-content\/uploads\/sites\/2\/2025\/04\/joan-laporta-fc-barcelona.jpeg","datePublished":"2025-12-12T20:39:00+00:00","author":{"@id":"https:\/\/www.fcbarcelonanoticias.com\/en\/#\/schema\/person\/c2cd9f6fa1af5c0d0eccd0fefa575c88"},"description":"The investigation into the 'Negreira case' continues, and on Friday, three new witnesses testified on behalf of Bar\u00e7a","breadcrumb":{"@id":"https:\/\/www.fcbarcelonanoticias.com\/en\/fc-barcelona\/laporta-and-2-former-barca-coaches-testify-in-negreira-case_315507_102.html#breadcrumb"},"inLanguage":"en-US","potentialAction":[{"@type":"ReadAction","target":["https:\/\/www.fcbarcelonanoticias.com\/en\/fc-barcelona\/laporta-and-2-former-barca-coaches-testify-in-negreira-case_315507_102.html"]}]},{"@type":"ImageObject","inLanguage":"en-US","@id":"https:\/\/www.fcbarcelonanoticias.com\/en\/fc-barcelona\/laporta-and-2-former-barca-coaches-testify-in-negreira-case_315507_102.html#primaryimage","url":"https:\/\/www.fcbarcelonanoticias.com\/en\/wp-content\/uploads\/sites\/2\/2025\/04\/joan-laporta-fc-barcelona.jpeg","contentUrl":"https:\/\/www.fcbarcelonanoticias.com\/en\/wp-content\/uploads\/sites\/2\/2025\/04\/joan-laporta-fc-barcelona.jpeg","width":1200,"height":675},{"@type":"BreadcrumbList","@id":"https:\/\/www.fcbarcelonanoticias.com\/en\/fc-barcelona\/laporta-and-2-former-barca-coaches-testify-in-negreira-case_315507_102.html#breadcrumb","itemListElement":[{"@type":"ListItem","position":1,"name":"Portada","item":"https:\/\/www.fcbarcelonanoticias.com\/en\/"},{"@type":"ListItem","position":2,"name":"Laporta, Ernesto Valverde, and Luis Enrique testify in the &#8216;Negreira case&#8217;"}]},{"@type":"WebSite","@id":"https:\/\/www.fcbarcelonanoticias.com\/en\/#website","url":"https:\/\/www.fcbarcelonanoticias.com\/en\/","name":"EN - FC Barcelona Noticias","description":"","potentialAction":[{"@type":"SearchAction","target":{"@type":"EntryPoint","urlTemplate":"https:\/\/www.fcbarcelonanoticias.com\/en\/?s={search_term_string}"},"query-input":{"@type":"PropertyValueSpecification","valueRequired":true,"valueName":"search_term_string"}}],"inLanguage":"en-US"},{"@type":"Person","@id":"https:\/\/www.fcbarcelonanoticias.com\/en\/#\/schema\/person\/c2cd9f6fa1af5c0d0eccd0fefa575c88","name":"Andr\u00e9s Quiroz","image":{"@type":"ImageObject","inLanguage":"en-US","@id":"https:\/\/secure.gravatar.com\/avatar\/?s=96&d=mm&r=g","url":"https:\/\/secure.gravatar.com\/avatar\/?s=96&d=mm&r=g","contentUrl":"https:\/\/secure.gravatar.com\/avatar\/?s=96&d=mm&r=g","caption":"Andr\u00e9s Quiroz"},"description":"Licenciado en Periodismo por la Universidad de los Andes. Me encargo de analizar y compartir los contenidos m\u00e1s destacados de la\u00a0actualidad del F\u00fatbol Club Barcelona, Mercado de Fichajes y F\u00fatbol Internacional en FCBN. La informaci\u00f3n es poder, pero tambi\u00e9n conocimiento.","url":"https:\/\/www.fcbarcelonanoticias.com\/en\/fc-barcelona\/andres-quiroz_17_115.html"}]}},"_links":{"self":[{"href":"https:\/\/www.fcbarcelonanoticias.com\/en\/wp-json\/wp\/v2\/posts\/23740","targetHints":{"allow":["GET"]}}],"collection":[{"href":"https:\/\/www.fcbarcelonanoticias.com\/en\/wp-json\/wp\/v2\/posts"}],"about":[{"href":"https:\/\/www.fcbarcelonanoticias.com\/en\/wp-json\/wp\/v2\/types\/post"}],"author":[{"embeddable":true,"href":"https:\/\/www.fcbarcelonanoticias.com\/en\/wp-json\/wp\/v2\/users\/347"}],"replies":[{"embeddable":true,"href":"https:\/\/www.fcbarcelonanoticias.com\/en\/wp-json\/wp\/v2\/comments?post=23740"}],"version-history":[{"count":2,"href":"https:\/\/www.fcbarcelonanoticias.com\/en\/wp-json\/wp\/v2\/posts\/23740\/revisions"}],"predecessor-version":[{"id":23742,"href":"https:\/\/www.fcbarcelonanoticias.com\/en\/wp-json\/wp\/v2\/posts\/23740\/revisions\/23742"}],"wp:featuredmedia":[{"embeddable":true,"href":"https:\/\/www.fcbarcelonanoticias.com\/en\/wp-json\/wp\/v2\/media\/5117"}],"wp:attachment":[{"href":"https:\/\/www.fcbarcelonanoticias.com\/en\/wp-json\/wp\/v2\/media?parent=23740"}],"wp:term":[{"taxonomy":"category","embeddable":true,"href":"https:\/\/www.fcbarcelonanoticias.com\/en\/wp-json\/wp\/v2\/categories?post=23740"},{"taxonomy":"post_tag","embeddable":true,"href":"https:\/\/www.fcbarcelonanoticias.com\/en\/wp-json\/wp\/v2\/tags?post=23740"}],"curies":[{"name":"wp","href":"https:\/\/api.w.org\/{rel}","templated":true}]}}