{"id":23743,"date":"2024-11-11T00:24:00","date_gmt":"2024-11-10T23:24:00","guid":{"rendered":"https:\/\/weisetech.dev\/fc-barcelona-noticias\/en\/laminedependencia-if-yamal-is-not-a-holder-fc-barcelona-loses_308530_102\/"},"modified":"2024-11-11T01:38:00","modified_gmt":"2024-11-11T00:38:00","slug":"laminedependencia-if-yamal-is-not-a-holder-fc-barcelona-loses_308530_102","status":"publish","type":"post","link":"https:\/\/www.fcbarcelonanoticias.com\/en\/fc-barcelona\/laminedependencia-if-yamal-is-not-a-holder-fc-barcelona-loses_308530_102.html","title":{"rendered":"&#8216;Laminedependencia&#8217;: If Yamal is not a starter, FC Barcelona loses"},"content":{"rendered":"<h2 class=\"wp-block-heading\">The &#8216;Laminedependencia&#8217; is beginning to be increasingly evident in FC Barcelona. As against Osasuna, Yamal was left out of the XI and the cul\u00e9s lost against Real Sociedad (1-0)<\/h2>  \r\n<div class=\"article-addons\">\r\n    <a href=\"https:\/\/www.fcbarcelonanoticias.com\/en\/calendar-fc-barcelona.html\"\r\n       target=\"_self\"\r\n       title=\"Calendar of FC Barcelona\"\r\n       class=\"blue-gredient-btn\">\r\n       \r\n        Calendar of FC Barcelona    <\/a>\r\n<\/div>   <p>FC Barcelona suffered its second defeat in LaLiga 2024\/25 in San Sebasti\u00e1n against Real Sociedad (1-0). <strong>Hansi Flick could not count on Lamine Yamal due to a bruise on his right ankle<\/strong> and the Catalans completed their worst game of the season, failing to score for the first time in the last 30 games.<\/p>  <p>In that sense, the &#8216;Laminedependence&#8217; of the Bar\u00e7a team is beginning to be worrying. <strong>The &#8217;19&#8217; had only stayed on the bench in Pamplona, \u200b\u200bagainst Osasuna (4-2)<\/strong>, the only defeat in the tournament until the visit to the Reale Arena. That day, the man from Matar\u00f3 entered in the 60th minute and scored the second Bar\u00e7a goal. In Anoeta, however, he could not even be among the substitutes.<\/p>  <p>Previously, <strong>Bar\u00e7a had only lost in the Champions League debut, against Monaco<\/strong>. Lamine started and scored in the Principality, but the early expulsion of Eric Garc\u00eda tipped the balance in favor of the Gauls (2-1).<\/p>  <h3>Bar\u00e7a&#8217;s attack loses its key weapon without Lamine Yamal<\/h3>  <p>Against Real Sociedad, one of the most alarming symptoms of the cul\u00e9&#8217;s dependence on Yamal was the lack of depth in the rival field. Not counting the goal disallowed by Robert Lewandowski in the 15th minute, due to an absurd VAR error, <strong>Bar\u00e7a left San Sebasti\u00e1n without finishing on goal<\/strong>.<\/p>  <p>The last time that Bar\u00e7a had completed a League match without shots on goal was <strong>on September 24, 2014<\/strong>. It was during the visit of the team then led by Luis Enrique to M\u00e1laga (0-0), a duel where the cul\u00e9s lacked depth despite having 69% ball possession.<\/p>  <p><strong>In Anoeta, the context was very similar, since the Bar\u00e7a team had 70% possession, 6 corners and 11 shots<\/strong>, but none of them were able to demand \u00c1lex Remiro. Both Lewandowski and Raphinha were erratic, as was Ferm\u00edn L\u00f3pez who barely came into play.<\/p>  <p>Dani Olmo came on at halftime for Frenkie de Jong, but he couldn&#8217;t change the face of a Barcelona that was totally clouded in attack.<strong> The good work of the San Sebastian defense, together with the impeccable work of Mart\u00edn Zubimendi as a pivot<\/strong>, neutralized a Bar\u00e7a that had just scored 29 goals in its last seven games in all competitions.<\/p> ","protected":false},"excerpt":{"rendered":"<p>The &#8216;Laminedependencia&#8217; is beginning to be increasingly evident in FC Barcelona. As against Osasuna, Yamal was left out of the XI and the cul\u00e9s lost against Real Sociedad (1-0) FC Barcelona suffered its second defeat in LaLiga 2024\/25 in San Sebasti\u00e1n against Real Sociedad (1-0). Hansi Flick could not count on Lamine Yamal due to [&hellip;]<\/p>\n","protected":false},"author":347,"featured_media":23747,"comment_status":"closed","ping_status":"open","sticky":false,"template":"","format":"standard","meta":{"_acf_changed":false,"inline_featured_image":false,"_nextfly_llmd_date_locked":false,"footnotes":""},"categories":[111],"tags":[83,157],"class_list":["post-23743","post","type-post","status-publish","format-standard","has-post-thumbnail","hentry","category-fc-barcelona","tag-fc-barcelona-vs-real-sociedad","tag-statistics"],"acf":[],"yoast_head":"<!-- This site is optimized with the Yoast SEO plugin v27.3 - https:\/\/yoast.com\/product\/yoast-seo-wordpress\/ -->\n<title>&#039;Laminedependencia&#039;: If Yamal is not a starter, FC Barcelona loses<\/title>\n<meta name=\"description\" content=\"The &#039;Laminedependencia&#039; is beginning to be increasingly evident in FC Barcelona. As against Osasuna, Yamal was left out of the XI and the cul\u00e9s lost against Real Sociedad (1-0)\" \/>\n<meta name=\"robots\" content=\"index, follow, max-snippet:-1, max-image-preview:large, max-video-preview:-1\" \/>\n<link rel=\"canonical\" href=\"https:\/\/www.fcbarcelonanoticias.com\/en\/fc-barcelona\/laminedependencia-if-yamal-is-not-a-holder-fc-barcelona-loses_308530_102.html\" \/>\n<meta property=\"og:locale\" content=\"en_US\" \/>\n<meta property=\"og:type\" content=\"article\" \/>\n<meta property=\"og:title\" content=\"&#039;Laminedependencia&#039;: If Yamal is not a starter, FC Barcelona loses\" \/>\n<meta property=\"og:description\" content=\"The &#039;Laminedependencia&#039; is beginning to be increasingly evident in FC Barcelona. As against Osasuna, Yamal was left out of the XI and the cul\u00e9s lost against Real Sociedad (1-0)\" \/>\n<meta property=\"og:url\" content=\"https:\/\/www.fcbarcelonanoticias.com\/en\/fc-barcelona\/laminedependencia-if-yamal-is-not-a-holder-fc-barcelona-loses_308530_102.html\" \/>\n<meta property=\"og:site_name\" content=\"EN - FC Barcelona Noticias\" \/>\n<meta property=\"article:published_time\" content=\"2024-11-10T23:24:00+00:00\" \/>\n<meta property=\"article:modified_time\" content=\"2024-11-11T00:38:00+00:00\" \/>\n<meta property=\"og:image\" content=\"https:\/\/www.fcbarcelonanoticias.com\/en\/wp-content\/uploads\/sites\/2\/2024\/11\/lamine-yamal-fc-barcelona-2.jpeg\" \/>\n\t<meta property=\"og:image:width\" content=\"1250\" \/>\n\t<meta property=\"og:image:height\" content=\"730\" \/>\n\t<meta property=\"og:image:type\" content=\"image\/jpeg\" \/>\n<meta name=\"author\" content=\"Andr\u00e9s Quiroz\" \/>\n<meta name=\"twitter:card\" content=\"summary_large_image\" \/>\n<meta name=\"twitter:label1\" content=\"Written by\" \/>\n\t<meta name=\"twitter:data1\" content=\"Andr\u00e9s Quiroz\" \/>\n\t<meta name=\"twitter:label2\" content=\"Est. reading time\" \/>\n\t<meta name=\"twitter:data2\" content=\"2 minutes\" \/>\n<script type=\"application\/ld+json\" class=\"yoast-schema-graph\">{\"@context\":\"https:\\\/\\\/schema.org\",\"@graph\":[{\"@type\":\"Article\",\"@id\":\"https:\\\/\\\/www.fcbarcelonanoticias.com\\\/en\\\/fc-barcelona\\\/laminedependencia-if-yamal-is-not-a-holder-fc-barcelona-loses_308530_102.html#article\",\"isPartOf\":{\"@id\":\"https:\\\/\\\/www.fcbarcelonanoticias.com\\\/en\\\/fc-barcelona\\\/laminedependencia-if-yamal-is-not-a-holder-fc-barcelona-loses_308530_102.html\"},\"author\":{\"name\":\"Andr\u00e9s Quiroz\",\"@id\":\"https:\\\/\\\/www.fcbarcelonanoticias.com\\\/en\\\/#\\\/schema\\\/person\\\/c2cd9f6fa1af5c0d0eccd0fefa575c88\"},\"headline\":\"&#8216;Laminedependencia&#8217;: If Yamal is not a starter, FC Barcelona loses\",\"datePublished\":\"2024-11-10T23:24:00+00:00\",\"dateModified\":\"2024-11-11T00:38:00+00:00\",\"mainEntityOfPage\":{\"@id\":\"https:\\\/\\\/www.fcbarcelonanoticias.com\\\/en\\\/fc-barcelona\\\/laminedependencia-if-yamal-is-not-a-holder-fc-barcelona-loses_308530_102.html\"},\"wordCount\":417,\"image\":{\"@id\":\"https:\\\/\\\/www.fcbarcelonanoticias.com\\\/en\\\/fc-barcelona\\\/laminedependencia-if-yamal-is-not-a-holder-fc-barcelona-loses_308530_102.html#primaryimage\"},\"thumbnailUrl\":\"https:\\\/\\\/www.fcbarcelonanoticias.com\\\/en\\\/wp-content\\\/uploads\\\/sites\\\/2\\\/2024\\\/11\\\/lamine-yamal-fc-barcelona-2.jpeg\",\"keywords\":[\"FC Barcelona vs Real Sociedad\",\"Statistics\"],\"articleSection\":[\"FC Barcelona\"],\"inLanguage\":\"en-US\"},{\"@type\":\"WebPage\",\"@id\":\"https:\\\/\\\/www.fcbarcelonanoticias.com\\\/en\\\/fc-barcelona\\\/laminedependencia-if-yamal-is-not-a-holder-fc-barcelona-loses_308530_102.html\",\"url\":\"https:\\\/\\\/www.fcbarcelonanoticias.com\\\/en\\\/fc-barcelona\\\/laminedependencia-if-yamal-is-not-a-holder-fc-barcelona-loses_308530_102.html\",\"name\":\"'Laminedependencia': If Yamal is not a starter, FC Barcelona loses\",\"isPartOf\":{\"@id\":\"https:\\\/\\\/www.fcbarcelonanoticias.com\\\/en\\\/#website\"},\"primaryImageOfPage\":{\"@id\":\"https:\\\/\\\/www.fcbarcelonanoticias.com\\\/en\\\/fc-barcelona\\\/laminedependencia-if-yamal-is-not-a-holder-fc-barcelona-loses_308530_102.html#primaryimage\"},\"image\":{\"@id\":\"https:\\\/\\\/www.fcbarcelonanoticias.com\\\/en\\\/fc-barcelona\\\/laminedependencia-if-yamal-is-not-a-holder-fc-barcelona-loses_308530_102.html#primaryimage\"},\"thumbnailUrl\":\"https:\\\/\\\/www.fcbarcelonanoticias.com\\\/en\\\/wp-content\\\/uploads\\\/sites\\\/2\\\/2024\\\/11\\\/lamine-yamal-fc-barcelona-2.jpeg\",\"datePublished\":\"2024-11-10T23:24:00+00:00\",\"dateModified\":\"2024-11-11T00:38:00+00:00\",\"author\":{\"@id\":\"https:\\\/\\\/www.fcbarcelonanoticias.com\\\/en\\\/#\\\/schema\\\/person\\\/c2cd9f6fa1af5c0d0eccd0fefa575c88\"},\"description\":\"The 'Laminedependencia' is beginning to be increasingly evident in FC Barcelona. As against Osasuna, Yamal was left out of the XI and the cul\u00e9s lost against Real Sociedad (1-0)\",\"breadcrumb\":{\"@id\":\"https:\\\/\\\/www.fcbarcelonanoticias.com\\\/en\\\/fc-barcelona\\\/laminedependencia-if-yamal-is-not-a-holder-fc-barcelona-loses_308530_102.html#breadcrumb\"},\"inLanguage\":\"en-US\",\"potentialAction\":[{\"@type\":\"ReadAction\",\"target\":[\"https:\\\/\\\/www.fcbarcelonanoticias.com\\\/en\\\/fc-barcelona\\\/laminedependencia-if-yamal-is-not-a-holder-fc-barcelona-loses_308530_102.html\"]}]},{\"@type\":\"ImageObject\",\"inLanguage\":\"en-US\",\"@id\":\"https:\\\/\\\/www.fcbarcelonanoticias.com\\\/en\\\/fc-barcelona\\\/laminedependencia-if-yamal-is-not-a-holder-fc-barcelona-loses_308530_102.html#primaryimage\",\"url\":\"https:\\\/\\\/www.fcbarcelonanoticias.com\\\/en\\\/wp-content\\\/uploads\\\/sites\\\/2\\\/2024\\\/11\\\/lamine-yamal-fc-barcelona-2.jpeg\",\"contentUrl\":\"https:\\\/\\\/www.fcbarcelonanoticias.com\\\/en\\\/wp-content\\\/uploads\\\/sites\\\/2\\\/2024\\\/11\\\/lamine-yamal-fc-barcelona-2.jpeg\",\"width\":1250,\"height\":730},{\"@type\":\"BreadcrumbList\",\"@id\":\"https:\\\/\\\/www.fcbarcelonanoticias.com\\\/en\\\/fc-barcelona\\\/laminedependencia-if-yamal-is-not-a-holder-fc-barcelona-loses_308530_102.html#breadcrumb\",\"itemListElement\":[{\"@type\":\"ListItem\",\"position\":1,\"name\":\"Portada\",\"item\":\"https:\\\/\\\/www.fcbarcelonanoticias.com\\\/en\\\/\"},{\"@type\":\"ListItem\",\"position\":2,\"name\":\"&#8216;Laminedependencia&#8217;: If Yamal is not a starter, FC Barcelona loses\"}]},{\"@type\":\"WebSite\",\"@id\":\"https:\\\/\\\/www.fcbarcelonanoticias.com\\\/en\\\/#website\",\"url\":\"https:\\\/\\\/www.fcbarcelonanoticias.com\\\/en\\\/\",\"name\":\"EN - FC Barcelona Noticias\",\"description\":\"\",\"potentialAction\":[{\"@type\":\"SearchAction\",\"target\":{\"@type\":\"EntryPoint\",\"urlTemplate\":\"https:\\\/\\\/www.fcbarcelonanoticias.com\\\/en\\\/?s={search_term_string}\"},\"query-input\":{\"@type\":\"PropertyValueSpecification\",\"valueRequired\":true,\"valueName\":\"search_term_string\"}}],\"inLanguage\":\"en-US\"},{\"@type\":\"Person\",\"@id\":\"https:\\\/\\\/www.fcbarcelonanoticias.com\\\/en\\\/#\\\/schema\\\/person\\\/c2cd9f6fa1af5c0d0eccd0fefa575c88\",\"name\":\"Andr\u00e9s Quiroz\",\"image\":{\"@type\":\"ImageObject\",\"inLanguage\":\"en-US\",\"@id\":\"https:\\\/\\\/secure.gravatar.com\\\/avatar\\\/?s=96&d=mm&r=g\",\"url\":\"https:\\\/\\\/secure.gravatar.com\\\/avatar\\\/?s=96&d=mm&r=g\",\"contentUrl\":\"https:\\\/\\\/secure.gravatar.com\\\/avatar\\\/?s=96&d=mm&r=g\",\"caption\":\"Andr\u00e9s Quiroz\"},\"description\":\"Licenciado en Periodismo por la Universidad de los Andes. Me encargo de analizar y compartir los contenidos m\u00e1s destacados de la\u00a0actualidad del F\u00fatbol Club Barcelona, Mercado de Fichajes y F\u00fatbol Internacional en FCBN. La informaci\u00f3n es poder, pero tambi\u00e9n conocimiento.\",\"url\":\"https:\\\/\\\/www.fcbarcelonanoticias.com\\\/en\\\/fc-barcelona\\\/andres-quiroz_17_115.html\"}]}<\/script>\n<!-- \/ Yoast SEO plugin. -->","yoast_head_json":{"title":"'Laminedependencia': If Yamal is not a starter, FC Barcelona loses","description":"The 'Laminedependencia' is beginning to be increasingly evident in FC Barcelona. As against Osasuna, Yamal was left out of the XI and the cul\u00e9s lost against Real Sociedad (1-0)","robots":{"index":"index","follow":"follow","max-snippet":"max-snippet:-1","max-image-preview":"max-image-preview:large","max-video-preview":"max-video-preview:-1"},"canonical":"https:\/\/www.fcbarcelonanoticias.com\/en\/fc-barcelona\/laminedependencia-if-yamal-is-not-a-holder-fc-barcelona-loses_308530_102.html","og_locale":"en_US","og_type":"article","og_title":"'Laminedependencia': If Yamal is not a starter, FC Barcelona loses","og_description":"The 'Laminedependencia' is beginning to be increasingly evident in FC Barcelona. As against Osasuna, Yamal was left out of the XI and the cul\u00e9s lost against Real Sociedad (1-0)","og_url":"https:\/\/www.fcbarcelonanoticias.com\/en\/fc-barcelona\/laminedependencia-if-yamal-is-not-a-holder-fc-barcelona-loses_308530_102.html","og_site_name":"EN - FC Barcelona Noticias","article_published_time":"2024-11-10T23:24:00+00:00","article_modified_time":"2024-11-11T00:38:00+00:00","og_image":[{"width":1250,"height":730,"url":"https:\/\/www.fcbarcelonanoticias.com\/en\/wp-content\/uploads\/sites\/2\/2024\/11\/lamine-yamal-fc-barcelona-2.jpeg","type":"image\/jpeg"}],"author":"Andr\u00e9s Quiroz","twitter_card":"summary_large_image","twitter_misc":{"Written by":"Andr\u00e9s Quiroz","Est. reading time":"2 minutes"},"schema":{"@context":"https:\/\/schema.org","@graph":[{"@type":"Article","@id":"https:\/\/www.fcbarcelonanoticias.com\/en\/fc-barcelona\/laminedependencia-if-yamal-is-not-a-holder-fc-barcelona-loses_308530_102.html#article","isPartOf":{"@id":"https:\/\/www.fcbarcelonanoticias.com\/en\/fc-barcelona\/laminedependencia-if-yamal-is-not-a-holder-fc-barcelona-loses_308530_102.html"},"author":{"name":"Andr\u00e9s Quiroz","@id":"https:\/\/www.fcbarcelonanoticias.com\/en\/#\/schema\/person\/c2cd9f6fa1af5c0d0eccd0fefa575c88"},"headline":"&#8216;Laminedependencia&#8217;: If Yamal is not a starter, FC Barcelona loses","datePublished":"2024-11-10T23:24:00+00:00","dateModified":"2024-11-11T00:38:00+00:00","mainEntityOfPage":{"@id":"https:\/\/www.fcbarcelonanoticias.com\/en\/fc-barcelona\/laminedependencia-if-yamal-is-not-a-holder-fc-barcelona-loses_308530_102.html"},"wordCount":417,"image":{"@id":"https:\/\/www.fcbarcelonanoticias.com\/en\/fc-barcelona\/laminedependencia-if-yamal-is-not-a-holder-fc-barcelona-loses_308530_102.html#primaryimage"},"thumbnailUrl":"https:\/\/www.fcbarcelonanoticias.com\/en\/wp-content\/uploads\/sites\/2\/2024\/11\/lamine-yamal-fc-barcelona-2.jpeg","keywords":["FC Barcelona vs Real Sociedad","Statistics"],"articleSection":["FC Barcelona"],"inLanguage":"en-US"},{"@type":"WebPage","@id":"https:\/\/www.fcbarcelonanoticias.com\/en\/fc-barcelona\/laminedependencia-if-yamal-is-not-a-holder-fc-barcelona-loses_308530_102.html","url":"https:\/\/www.fcbarcelonanoticias.com\/en\/fc-barcelona\/laminedependencia-if-yamal-is-not-a-holder-fc-barcelona-loses_308530_102.html","name":"'Laminedependencia': If Yamal is not a starter, FC Barcelona loses","isPartOf":{"@id":"https:\/\/www.fcbarcelonanoticias.com\/en\/#website"},"primaryImageOfPage":{"@id":"https:\/\/www.fcbarcelonanoticias.com\/en\/fc-barcelona\/laminedependencia-if-yamal-is-not-a-holder-fc-barcelona-loses_308530_102.html#primaryimage"},"image":{"@id":"https:\/\/www.fcbarcelonanoticias.com\/en\/fc-barcelona\/laminedependencia-if-yamal-is-not-a-holder-fc-barcelona-loses_308530_102.html#primaryimage"},"thumbnailUrl":"https:\/\/www.fcbarcelonanoticias.com\/en\/wp-content\/uploads\/sites\/2\/2024\/11\/lamine-yamal-fc-barcelona-2.jpeg","datePublished":"2024-11-10T23:24:00+00:00","dateModified":"2024-11-11T00:38:00+00:00","author":{"@id":"https:\/\/www.fcbarcelonanoticias.com\/en\/#\/schema\/person\/c2cd9f6fa1af5c0d0eccd0fefa575c88"},"description":"The 'Laminedependencia' is beginning to be increasingly evident in FC Barcelona. As against Osasuna, Yamal was left out of the XI and the cul\u00e9s lost against Real Sociedad (1-0)","breadcrumb":{"@id":"https:\/\/www.fcbarcelonanoticias.com\/en\/fc-barcelona\/laminedependencia-if-yamal-is-not-a-holder-fc-barcelona-loses_308530_102.html#breadcrumb"},"inLanguage":"en-US","potentialAction":[{"@type":"ReadAction","target":["https:\/\/www.fcbarcelonanoticias.com\/en\/fc-barcelona\/laminedependencia-if-yamal-is-not-a-holder-fc-barcelona-loses_308530_102.html"]}]},{"@type":"ImageObject","inLanguage":"en-US","@id":"https:\/\/www.fcbarcelonanoticias.com\/en\/fc-barcelona\/laminedependencia-if-yamal-is-not-a-holder-fc-barcelona-loses_308530_102.html#primaryimage","url":"https:\/\/www.fcbarcelonanoticias.com\/en\/wp-content\/uploads\/sites\/2\/2024\/11\/lamine-yamal-fc-barcelona-2.jpeg","contentUrl":"https:\/\/www.fcbarcelonanoticias.com\/en\/wp-content\/uploads\/sites\/2\/2024\/11\/lamine-yamal-fc-barcelona-2.jpeg","width":1250,"height":730},{"@type":"BreadcrumbList","@id":"https:\/\/www.fcbarcelonanoticias.com\/en\/fc-barcelona\/laminedependencia-if-yamal-is-not-a-holder-fc-barcelona-loses_308530_102.html#breadcrumb","itemListElement":[{"@type":"ListItem","position":1,"name":"Portada","item":"https:\/\/www.fcbarcelonanoticias.com\/en\/"},{"@type":"ListItem","position":2,"name":"&#8216;Laminedependencia&#8217;: If Yamal is not a starter, FC Barcelona loses"}]},{"@type":"WebSite","@id":"https:\/\/www.fcbarcelonanoticias.com\/en\/#website","url":"https:\/\/www.fcbarcelonanoticias.com\/en\/","name":"EN - FC Barcelona Noticias","description":"","potentialAction":[{"@type":"SearchAction","target":{"@type":"EntryPoint","urlTemplate":"https:\/\/www.fcbarcelonanoticias.com\/en\/?s={search_term_string}"},"query-input":{"@type":"PropertyValueSpecification","valueRequired":true,"valueName":"search_term_string"}}],"inLanguage":"en-US"},{"@type":"Person","@id":"https:\/\/www.fcbarcelonanoticias.com\/en\/#\/schema\/person\/c2cd9f6fa1af5c0d0eccd0fefa575c88","name":"Andr\u00e9s Quiroz","image":{"@type":"ImageObject","inLanguage":"en-US","@id":"https:\/\/secure.gravatar.com\/avatar\/?s=96&d=mm&r=g","url":"https:\/\/secure.gravatar.com\/avatar\/?s=96&d=mm&r=g","contentUrl":"https:\/\/secure.gravatar.com\/avatar\/?s=96&d=mm&r=g","caption":"Andr\u00e9s Quiroz"},"description":"Licenciado en Periodismo por la Universidad de los Andes. Me encargo de analizar y compartir los contenidos m\u00e1s destacados de la\u00a0actualidad del F\u00fatbol Club Barcelona, Mercado de Fichajes y F\u00fatbol Internacional en FCBN. La informaci\u00f3n es poder, pero tambi\u00e9n conocimiento.","url":"https:\/\/www.fcbarcelonanoticias.com\/en\/fc-barcelona\/andres-quiroz_17_115.html"}]}},"_links":{"self":[{"href":"https:\/\/www.fcbarcelonanoticias.com\/en\/wp-json\/wp\/v2\/posts\/23743","targetHints":{"allow":["GET"]}}],"collection":[{"href":"https:\/\/www.fcbarcelonanoticias.com\/en\/wp-json\/wp\/v2\/posts"}],"about":[{"href":"https:\/\/www.fcbarcelonanoticias.com\/en\/wp-json\/wp\/v2\/types\/post"}],"author":[{"embeddable":true,"href":"https:\/\/www.fcbarcelonanoticias.com\/en\/wp-json\/wp\/v2\/users\/347"}],"replies":[{"embeddable":true,"href":"https:\/\/www.fcbarcelonanoticias.com\/en\/wp-json\/wp\/v2\/comments?post=23743"}],"version-history":[{"count":1,"href":"https:\/\/www.fcbarcelonanoticias.com\/en\/wp-json\/wp\/v2\/posts\/23743\/revisions"}],"predecessor-version":[{"id":23746,"href":"https:\/\/www.fcbarcelonanoticias.com\/en\/wp-json\/wp\/v2\/posts\/23743\/revisions\/23746"}],"wp:featuredmedia":[{"embeddable":true,"href":"https:\/\/www.fcbarcelonanoticias.com\/en\/wp-json\/wp\/v2\/media\/23747"}],"wp:attachment":[{"href":"https:\/\/www.fcbarcelonanoticias.com\/en\/wp-json\/wp\/v2\/media?parent=23743"}],"wp:term":[{"taxonomy":"category","embeddable":true,"href":"https:\/\/www.fcbarcelonanoticias.com\/en\/wp-json\/wp\/v2\/categories?post=23743"},{"taxonomy":"post_tag","embeddable":true,"href":"https:\/\/www.fcbarcelonanoticias.com\/en\/wp-json\/wp\/v2\/tags?post=23743"}],"curies":[{"name":"wp","href":"https:\/\/api.w.org\/{rel}","templated":true}]}}