{"id":23757,"date":"2024-02-02T12:20:00","date_gmt":"2024-02-02T11:20:00","guid":{"rendered":"https:\/\/weisetech.dev\/fc-barcelona-noticias\/en\/laporta-accuses-to-the-madrid-of-cynicism-and-leaves-clear-that-always-is-favoured-by-the-arbitration_300483_102\/"},"modified":"2024-02-02T15:34:00","modified_gmt":"2024-02-02T14:34:00","slug":"laporta-accuses-to-the-madrid-of-cynicism-and-leaves-clear-that-always-is-favoured-by-the-arbitration_300483_102","status":"publish","type":"post","link":"https:\/\/www.fcbarcelonanoticias.com\/en\/fc-barcelona\/laporta-accuses-to-the-madrid-of-cynicism-and-leaves-clear-that-always-is-favoured-by-the-arbitration_300483_102.html","title":{"rendered":"Laporta accuses Madrid of &#8220;cynicism&#8221; and makes it clear that &#8220;they are always favoured by refereeing"},"content":{"rendered":"<h2 class=\"wp-block-heading\">Joan Laporta spoke this Friday in an extensive interview and did not hesitate to go into the past of the constant attacks that Bar\u00e7a receives from Real Madrid due to the refereeing controversies and the &#8216;Negreira case&#8217;<\/h2>  \r\n<div class=\"article-addons\">\r\n    <a href=\"https:\/\/www.fcbarcelonanoticias.com\/en\/calendar-fc-barcelona.html\"\r\n       target=\"_self\"\r\n       title=\"Calendar of FC Barcelona\"\r\n       class=\"blue-gredient-btn\">\r\n       \r\n        Calendar of FC Barcelona    <\/a>\r\n<\/div>   <p><a data-external=\"0\" data-intl-links-en=\"https:\/\/www.fcbarcelonanoticias.com\/en\/transfers\/laporta-would-have-explored-bringing-rijkaard-back-to-barca-as-replacement-for-xavi_300433_102.html\" data-intl-links-es=\"https:\/\/www.fcbarcelonanoticias.com\/fichajes\/laporta-habria-sondeado-traer-vuelta-rijkaard-barca-como-relevo-xavi_300433_102.html\" href=\"https:\/\/www.fcbarcelonanoticias.com\/en\/transfers\/laporta-would-have-explored-bringing-rijkaard-back-to-barca-as-replacement-for-xavi_300433_102.html\" rel=\"follow\" target=\"_self\" title=\"Laporta habr\u00eda sondeado traer de vuelta a Rijkaard al Bar\u00e7a como relevo de Xavi\">The president of the FC Barcelona, Joan Laporta<\/a>, reported that the Real Madrid is making &#8220;an exercise of cynicism&#8221; with the &#8216;Case Negreira'&#8221;, of the that is one of the private prosecutions,<strong> when ensuring that the judge that instructs the cause &#8220;has extended the period of instruction to instances&#8221; of the white club.<\/strong> This situation seems to have bothered enormously to the maximum mandator of the Barcelona club, the one who this Friday spoke in &#8216;RAC 1&#8217; and did not doubt in &#8216;rajar&#8217; against of the merengues, and of course, of Florentino P\u00e9rez.<\/p>  <p>&#8220;The judge now has extended the period of instruction of the &#8216;Case Negreira&#8217; to instances of the Real Madrid. This is an exercise of unprecedented cynicism and that do not accept. Like the Real Madrid is in the procedure, allows him urge to the judge that lengthen it.&#8221; asever\u00f3 The president of the Catalan club. <strong>Besides, Laporta ensured that the headline of the court of instruction number 1 of Barcelona, Joaqu\u00edn Aguirre, has decided prorrogar the instruction of the case because, in his opinion, &#8220;carries a year without finding at all&#8221;, highlighted. <\/strong><\/p>  <h2>The Bar\u00e7a has insisted again in that it has done all legal with Negreira<\/h2>  <p>In this sense, insisted Laporta in that the Boat, that paid to the exdirigente of the CTA Enr\u00edquez Negreira and to his son near of 7 million euros between the years 2001 and 2018, hired some &#8220;referee&#8217;s technical services&#8221; and that in no case this reward served to pay to referees. <strong>&#8220;Of the 23 referees that have gone through the summary (of the case) all have said the same: that the gentleman (Enr\u00edquez) Negreira did not have the capacity to do this (buy referees). I trust still in the justice and am safe that the Boat will go out innocent&#8221;, remarked.<\/strong><\/p>  <p>&#8220;We pay by some referee&#8217;s reports, no to buy parties. I did not know neither to Negreira personally. The advice comes of the period of N\u00fa\u00f1ez. We already have showed that it is a referee&#8217;s advice&#8221;, cleared the maximum mandator of group cul\u00e9. <strong>Finally, Laporta continued with his indignation and ensured that it does not like him at all the operation of &#8216;Real Madrid TV&#8217;, lining of &#8220;shame&#8221; the work that make.<\/strong><\/p>  <h2>Laporta Does not doubt in &#8216;load&#8217; against of the television of the Madrid<\/h2>  <p>&#8220;The of Real Madrid TV is a shame. If have a bit of decency, do not know how allow it to him. The FEF would have to go in. <strong>Therefore they ask the extension of the instruction, because they want to keep us under suspicion to keep his paraphernalia of pressure of the referees. Recently we saw a shame in the party of the Almer\u00eda. <\/strong>And they go saying that the referees help to the Bar\u00e7a. We are very angered and do not accept this&#8221;, sentenced Laporta.<\/p> ","protected":false},"excerpt":{"rendered":"<p>Joan Laporta spoke this Friday in an extensive interview and did not hesitate to go into the past of the constant attacks that Bar\u00e7a receives from Real Madrid due to the refereeing controversies and the &#8216;Negreira case&#8217; The president of the FC Barcelona, Joan Laporta, reported that the Real Madrid is making &#8220;an exercise of [&hellip;]<\/p>\n","protected":false},"author":345,"featured_media":23759,"comment_status":"closed","ping_status":"open","sticky":false,"template":"","format":"standard","meta":{"_acf_changed":false,"inline_featured_image":false,"_nextfly_llmd_date_locked":false,"footnotes":""},"categories":[111],"tags":[177,158,190],"class_list":["post-23757","post","type-post","status-publish","format-standard","has-post-thumbnail","hentry","category-fc-barcelona","tag-florentino-perez","tag-joan-laporta","tag-referees"],"acf":[],"yoast_head":"<!-- This site is optimized with the Yoast SEO plugin v27.3 - https:\/\/yoast.com\/product\/yoast-seo-wordpress\/ -->\n<title>Laporta accuses Madrid of &quot;cynicism&quot; and makes it clear that &quot;they are always favoured by refereeing&quot;<\/title>\n<meta name=\"description\" content=\"Joan Laporta spoke this Friday in an extensive interview and did not hesitate to go into the past of the constant attacks that Bar\u00e7a receives from Real Madrid due to the refereeing controversies and the &#039;Negreira case&#039;\" \/>\n<meta name=\"robots\" content=\"index, follow, max-snippet:-1, max-image-preview:large, max-video-preview:-1\" \/>\n<link rel=\"canonical\" href=\"https:\/\/www.fcbarcelonanoticias.com\/en\/fc-barcelona\/laporta-accuses-to-the-madrid-of-cynicism-and-leaves-clear-that-always-is-favoured-by-the-arbitration_300483_102.html\" \/>\n<meta property=\"og:locale\" content=\"en_US\" \/>\n<meta property=\"og:type\" content=\"article\" \/>\n<meta property=\"og:title\" content=\"Laporta accuses Madrid of &quot;cynicism&quot; and makes it clear that &quot;they are always favoured by refereeing&quot;\" \/>\n<meta property=\"og:description\" content=\"Joan Laporta spoke this Friday in an extensive interview and did not hesitate to go into the past of the constant attacks that Bar\u00e7a receives from Real Madrid due to the refereeing controversies and the &#039;Negreira case&#039;\" \/>\n<meta property=\"og:url\" content=\"https:\/\/www.fcbarcelonanoticias.com\/en\/fc-barcelona\/laporta-accuses-to-the-madrid-of-cynicism-and-leaves-clear-that-always-is-favoured-by-the-arbitration_300483_102.html\" \/>\n<meta property=\"og:site_name\" content=\"EN - FC Barcelona Noticias\" \/>\n<meta property=\"article:published_time\" content=\"2024-02-02T11:20:00+00:00\" \/>\n<meta property=\"article:modified_time\" content=\"2024-02-02T14:34:00+00:00\" \/>\n<meta property=\"og:image\" content=\"https:\/\/www.fcbarcelonanoticias.com\/en\/wp-content\/uploads\/sites\/2\/2024\/02\/joan-laporta-acto3.jpeg\" \/>\n\t<meta property=\"og:image:width\" content=\"1300\" \/>\n\t<meta property=\"og:image:height\" content=\"736\" \/>\n\t<meta property=\"og:image:type\" content=\"image\/jpeg\" \/>\n<meta name=\"author\" content=\"Carlos Montenegro\" \/>\n<meta name=\"twitter:card\" content=\"summary_large_image\" \/>\n<meta name=\"twitter:label1\" content=\"Written by\" \/>\n\t<meta name=\"twitter:data1\" content=\"Carlos Montenegro\" \/>\n\t<meta name=\"twitter:label2\" content=\"Est. reading time\" \/>\n\t<meta name=\"twitter:data2\" content=\"3 minutes\" \/>\n<script type=\"application\/ld+json\" class=\"yoast-schema-graph\">{\"@context\":\"https:\\\/\\\/schema.org\",\"@graph\":[{\"@type\":\"Article\",\"@id\":\"https:\\\/\\\/www.fcbarcelonanoticias.com\\\/en\\\/fc-barcelona\\\/laporta-accuses-to-the-madrid-of-cynicism-and-leaves-clear-that-always-is-favoured-by-the-arbitration_300483_102.html#article\",\"isPartOf\":{\"@id\":\"https:\\\/\\\/www.fcbarcelonanoticias.com\\\/en\\\/fc-barcelona\\\/laporta-accuses-to-the-madrid-of-cynicism-and-leaves-clear-that-always-is-favoured-by-the-arbitration_300483_102.html\"},\"author\":{\"name\":\"Carlos Montenegro\",\"@id\":\"https:\\\/\\\/www.fcbarcelonanoticias.com\\\/en\\\/#\\\/schema\\\/person\\\/aa1d038709c262cb247e240f6b39bbf5\"},\"headline\":\"Laporta accuses Madrid of &#8220;cynicism&#8221; and makes it clear that &#8220;they are always favoured by refereeing\",\"datePublished\":\"2024-02-02T11:20:00+00:00\",\"dateModified\":\"2024-02-02T14:34:00+00:00\",\"mainEntityOfPage\":{\"@id\":\"https:\\\/\\\/www.fcbarcelonanoticias.com\\\/en\\\/fc-barcelona\\\/laporta-accuses-to-the-madrid-of-cynicism-and-leaves-clear-that-always-is-favoured-by-the-arbitration_300483_102.html\"},\"wordCount\":531,\"image\":{\"@id\":\"https:\\\/\\\/www.fcbarcelonanoticias.com\\\/en\\\/fc-barcelona\\\/laporta-accuses-to-the-madrid-of-cynicism-and-leaves-clear-that-always-is-favoured-by-the-arbitration_300483_102.html#primaryimage\"},\"thumbnailUrl\":\"https:\\\/\\\/www.fcbarcelonanoticias.com\\\/en\\\/wp-content\\\/uploads\\\/sites\\\/2\\\/2024\\\/02\\\/joan-laporta-acto3.jpeg\",\"keywords\":[\"Florentino P\u00e9rez\",\"Joan Laporta\",\"Referees\"],\"articleSection\":[\"FC Barcelona\"],\"inLanguage\":\"en-US\"},{\"@type\":\"WebPage\",\"@id\":\"https:\\\/\\\/www.fcbarcelonanoticias.com\\\/en\\\/fc-barcelona\\\/laporta-accuses-to-the-madrid-of-cynicism-and-leaves-clear-that-always-is-favoured-by-the-arbitration_300483_102.html\",\"url\":\"https:\\\/\\\/www.fcbarcelonanoticias.com\\\/en\\\/fc-barcelona\\\/laporta-accuses-to-the-madrid-of-cynicism-and-leaves-clear-that-always-is-favoured-by-the-arbitration_300483_102.html\",\"name\":\"Laporta accuses Madrid of \\\"cynicism\\\" and makes it clear that \\\"they are always favoured by refereeing\\\"\",\"isPartOf\":{\"@id\":\"https:\\\/\\\/www.fcbarcelonanoticias.com\\\/en\\\/#website\"},\"primaryImageOfPage\":{\"@id\":\"https:\\\/\\\/www.fcbarcelonanoticias.com\\\/en\\\/fc-barcelona\\\/laporta-accuses-to-the-madrid-of-cynicism-and-leaves-clear-that-always-is-favoured-by-the-arbitration_300483_102.html#primaryimage\"},\"image\":{\"@id\":\"https:\\\/\\\/www.fcbarcelonanoticias.com\\\/en\\\/fc-barcelona\\\/laporta-accuses-to-the-madrid-of-cynicism-and-leaves-clear-that-always-is-favoured-by-the-arbitration_300483_102.html#primaryimage\"},\"thumbnailUrl\":\"https:\\\/\\\/www.fcbarcelonanoticias.com\\\/en\\\/wp-content\\\/uploads\\\/sites\\\/2\\\/2024\\\/02\\\/joan-laporta-acto3.jpeg\",\"datePublished\":\"2024-02-02T11:20:00+00:00\",\"dateModified\":\"2024-02-02T14:34:00+00:00\",\"author\":{\"@id\":\"https:\\\/\\\/www.fcbarcelonanoticias.com\\\/en\\\/#\\\/schema\\\/person\\\/aa1d038709c262cb247e240f6b39bbf5\"},\"description\":\"Joan Laporta spoke this Friday in an extensive interview and did not hesitate to go into the past of the constant attacks that Bar\u00e7a receives from Real Madrid due to the refereeing controversies and the 'Negreira case'\",\"breadcrumb\":{\"@id\":\"https:\\\/\\\/www.fcbarcelonanoticias.com\\\/en\\\/fc-barcelona\\\/laporta-accuses-to-the-madrid-of-cynicism-and-leaves-clear-that-always-is-favoured-by-the-arbitration_300483_102.html#breadcrumb\"},\"inLanguage\":\"en-US\",\"potentialAction\":[{\"@type\":\"ReadAction\",\"target\":[\"https:\\\/\\\/www.fcbarcelonanoticias.com\\\/en\\\/fc-barcelona\\\/laporta-accuses-to-the-madrid-of-cynicism-and-leaves-clear-that-always-is-favoured-by-the-arbitration_300483_102.html\"]}]},{\"@type\":\"ImageObject\",\"inLanguage\":\"en-US\",\"@id\":\"https:\\\/\\\/www.fcbarcelonanoticias.com\\\/en\\\/fc-barcelona\\\/laporta-accuses-to-the-madrid-of-cynicism-and-leaves-clear-that-always-is-favoured-by-the-arbitration_300483_102.html#primaryimage\",\"url\":\"https:\\\/\\\/www.fcbarcelonanoticias.com\\\/en\\\/wp-content\\\/uploads\\\/sites\\\/2\\\/2024\\\/02\\\/joan-laporta-acto3.jpeg\",\"contentUrl\":\"https:\\\/\\\/www.fcbarcelonanoticias.com\\\/en\\\/wp-content\\\/uploads\\\/sites\\\/2\\\/2024\\\/02\\\/joan-laporta-acto3.jpeg\",\"width\":1300,\"height\":736},{\"@type\":\"BreadcrumbList\",\"@id\":\"https:\\\/\\\/www.fcbarcelonanoticias.com\\\/en\\\/fc-barcelona\\\/laporta-accuses-to-the-madrid-of-cynicism-and-leaves-clear-that-always-is-favoured-by-the-arbitration_300483_102.html#breadcrumb\",\"itemListElement\":[{\"@type\":\"ListItem\",\"position\":1,\"name\":\"Portada\",\"item\":\"https:\\\/\\\/www.fcbarcelonanoticias.com\\\/en\\\/\"},{\"@type\":\"ListItem\",\"position\":2,\"name\":\"Laporta accuses Madrid of &#8220;cynicism&#8221; and makes it clear that &#8220;they are always favoured by refereeing\"}]},{\"@type\":\"WebSite\",\"@id\":\"https:\\\/\\\/www.fcbarcelonanoticias.com\\\/en\\\/#website\",\"url\":\"https:\\\/\\\/www.fcbarcelonanoticias.com\\\/en\\\/\",\"name\":\"EN - FC Barcelona Noticias\",\"description\":\"\",\"potentialAction\":[{\"@type\":\"SearchAction\",\"target\":{\"@type\":\"EntryPoint\",\"urlTemplate\":\"https:\\\/\\\/www.fcbarcelonanoticias.com\\\/en\\\/?s={search_term_string}\"},\"query-input\":{\"@type\":\"PropertyValueSpecification\",\"valueRequired\":true,\"valueName\":\"search_term_string\"}}],\"inLanguage\":\"en-US\"},{\"@type\":\"Person\",\"@id\":\"https:\\\/\\\/www.fcbarcelonanoticias.com\\\/en\\\/#\\\/schema\\\/person\\\/aa1d038709c262cb247e240f6b39bbf5\",\"name\":\"Carlos Montenegro\",\"image\":{\"@type\":\"ImageObject\",\"inLanguage\":\"en-US\",\"@id\":\"https:\\\/\\\/secure.gravatar.com\\\/avatar\\\/?s=96&d=mm&r=g\",\"url\":\"https:\\\/\\\/secure.gravatar.com\\\/avatar\\\/?s=96&d=mm&r=g\",\"contentUrl\":\"https:\\\/\\\/secure.gravatar.com\\\/avatar\\\/?s=96&d=mm&r=g\",\"caption\":\"Carlos Montenegro\"},\"url\":\"https:\\\/\\\/www.fcbarcelonanoticias.com\\\/en\\\/carlos-montenegro_20_115.html\"}]}<\/script>\n<!-- \/ Yoast SEO plugin. -->","yoast_head_json":{"title":"Laporta accuses Madrid of \"cynicism\" and makes it clear that \"they are always favoured by refereeing\"","description":"Joan Laporta spoke this Friday in an extensive interview and did not hesitate to go into the past of the constant attacks that Bar\u00e7a receives from Real Madrid due to the refereeing controversies and the 'Negreira case'","robots":{"index":"index","follow":"follow","max-snippet":"max-snippet:-1","max-image-preview":"max-image-preview:large","max-video-preview":"max-video-preview:-1"},"canonical":"https:\/\/www.fcbarcelonanoticias.com\/en\/fc-barcelona\/laporta-accuses-to-the-madrid-of-cynicism-and-leaves-clear-that-always-is-favoured-by-the-arbitration_300483_102.html","og_locale":"en_US","og_type":"article","og_title":"Laporta accuses Madrid of \"cynicism\" and makes it clear that \"they are always favoured by refereeing\"","og_description":"Joan Laporta spoke this Friday in an extensive interview and did not hesitate to go into the past of the constant attacks that Bar\u00e7a receives from Real Madrid due to the refereeing controversies and the 'Negreira case'","og_url":"https:\/\/www.fcbarcelonanoticias.com\/en\/fc-barcelona\/laporta-accuses-to-the-madrid-of-cynicism-and-leaves-clear-that-always-is-favoured-by-the-arbitration_300483_102.html","og_site_name":"EN - FC Barcelona Noticias","article_published_time":"2024-02-02T11:20:00+00:00","article_modified_time":"2024-02-02T14:34:00+00:00","og_image":[{"width":1300,"height":736,"url":"https:\/\/www.fcbarcelonanoticias.com\/en\/wp-content\/uploads\/sites\/2\/2024\/02\/joan-laporta-acto3.jpeg","type":"image\/jpeg"}],"author":"Carlos Montenegro","twitter_card":"summary_large_image","twitter_misc":{"Written by":"Carlos Montenegro","Est. reading time":"3 minutes"},"schema":{"@context":"https:\/\/schema.org","@graph":[{"@type":"Article","@id":"https:\/\/www.fcbarcelonanoticias.com\/en\/fc-barcelona\/laporta-accuses-to-the-madrid-of-cynicism-and-leaves-clear-that-always-is-favoured-by-the-arbitration_300483_102.html#article","isPartOf":{"@id":"https:\/\/www.fcbarcelonanoticias.com\/en\/fc-barcelona\/laporta-accuses-to-the-madrid-of-cynicism-and-leaves-clear-that-always-is-favoured-by-the-arbitration_300483_102.html"},"author":{"name":"Carlos Montenegro","@id":"https:\/\/www.fcbarcelonanoticias.com\/en\/#\/schema\/person\/aa1d038709c262cb247e240f6b39bbf5"},"headline":"Laporta accuses Madrid of &#8220;cynicism&#8221; and makes it clear that &#8220;they are always favoured by refereeing","datePublished":"2024-02-02T11:20:00+00:00","dateModified":"2024-02-02T14:34:00+00:00","mainEntityOfPage":{"@id":"https:\/\/www.fcbarcelonanoticias.com\/en\/fc-barcelona\/laporta-accuses-to-the-madrid-of-cynicism-and-leaves-clear-that-always-is-favoured-by-the-arbitration_300483_102.html"},"wordCount":531,"image":{"@id":"https:\/\/www.fcbarcelonanoticias.com\/en\/fc-barcelona\/laporta-accuses-to-the-madrid-of-cynicism-and-leaves-clear-that-always-is-favoured-by-the-arbitration_300483_102.html#primaryimage"},"thumbnailUrl":"https:\/\/www.fcbarcelonanoticias.com\/en\/wp-content\/uploads\/sites\/2\/2024\/02\/joan-laporta-acto3.jpeg","keywords":["Florentino P\u00e9rez","Joan Laporta","Referees"],"articleSection":["FC Barcelona"],"inLanguage":"en-US"},{"@type":"WebPage","@id":"https:\/\/www.fcbarcelonanoticias.com\/en\/fc-barcelona\/laporta-accuses-to-the-madrid-of-cynicism-and-leaves-clear-that-always-is-favoured-by-the-arbitration_300483_102.html","url":"https:\/\/www.fcbarcelonanoticias.com\/en\/fc-barcelona\/laporta-accuses-to-the-madrid-of-cynicism-and-leaves-clear-that-always-is-favoured-by-the-arbitration_300483_102.html","name":"Laporta accuses Madrid of \"cynicism\" and makes it clear that \"they are always favoured by refereeing\"","isPartOf":{"@id":"https:\/\/www.fcbarcelonanoticias.com\/en\/#website"},"primaryImageOfPage":{"@id":"https:\/\/www.fcbarcelonanoticias.com\/en\/fc-barcelona\/laporta-accuses-to-the-madrid-of-cynicism-and-leaves-clear-that-always-is-favoured-by-the-arbitration_300483_102.html#primaryimage"},"image":{"@id":"https:\/\/www.fcbarcelonanoticias.com\/en\/fc-barcelona\/laporta-accuses-to-the-madrid-of-cynicism-and-leaves-clear-that-always-is-favoured-by-the-arbitration_300483_102.html#primaryimage"},"thumbnailUrl":"https:\/\/www.fcbarcelonanoticias.com\/en\/wp-content\/uploads\/sites\/2\/2024\/02\/joan-laporta-acto3.jpeg","datePublished":"2024-02-02T11:20:00+00:00","dateModified":"2024-02-02T14:34:00+00:00","author":{"@id":"https:\/\/www.fcbarcelonanoticias.com\/en\/#\/schema\/person\/aa1d038709c262cb247e240f6b39bbf5"},"description":"Joan Laporta spoke this Friday in an extensive interview and did not hesitate to go into the past of the constant attacks that Bar\u00e7a receives from Real Madrid due to the refereeing controversies and the 'Negreira case'","breadcrumb":{"@id":"https:\/\/www.fcbarcelonanoticias.com\/en\/fc-barcelona\/laporta-accuses-to-the-madrid-of-cynicism-and-leaves-clear-that-always-is-favoured-by-the-arbitration_300483_102.html#breadcrumb"},"inLanguage":"en-US","potentialAction":[{"@type":"ReadAction","target":["https:\/\/www.fcbarcelonanoticias.com\/en\/fc-barcelona\/laporta-accuses-to-the-madrid-of-cynicism-and-leaves-clear-that-always-is-favoured-by-the-arbitration_300483_102.html"]}]},{"@type":"ImageObject","inLanguage":"en-US","@id":"https:\/\/www.fcbarcelonanoticias.com\/en\/fc-barcelona\/laporta-accuses-to-the-madrid-of-cynicism-and-leaves-clear-that-always-is-favoured-by-the-arbitration_300483_102.html#primaryimage","url":"https:\/\/www.fcbarcelonanoticias.com\/en\/wp-content\/uploads\/sites\/2\/2024\/02\/joan-laporta-acto3.jpeg","contentUrl":"https:\/\/www.fcbarcelonanoticias.com\/en\/wp-content\/uploads\/sites\/2\/2024\/02\/joan-laporta-acto3.jpeg","width":1300,"height":736},{"@type":"BreadcrumbList","@id":"https:\/\/www.fcbarcelonanoticias.com\/en\/fc-barcelona\/laporta-accuses-to-the-madrid-of-cynicism-and-leaves-clear-that-always-is-favoured-by-the-arbitration_300483_102.html#breadcrumb","itemListElement":[{"@type":"ListItem","position":1,"name":"Portada","item":"https:\/\/www.fcbarcelonanoticias.com\/en\/"},{"@type":"ListItem","position":2,"name":"Laporta accuses Madrid of &#8220;cynicism&#8221; and makes it clear that &#8220;they are always favoured by refereeing"}]},{"@type":"WebSite","@id":"https:\/\/www.fcbarcelonanoticias.com\/en\/#website","url":"https:\/\/www.fcbarcelonanoticias.com\/en\/","name":"EN - FC Barcelona Noticias","description":"","potentialAction":[{"@type":"SearchAction","target":{"@type":"EntryPoint","urlTemplate":"https:\/\/www.fcbarcelonanoticias.com\/en\/?s={search_term_string}"},"query-input":{"@type":"PropertyValueSpecification","valueRequired":true,"valueName":"search_term_string"}}],"inLanguage":"en-US"},{"@type":"Person","@id":"https:\/\/www.fcbarcelonanoticias.com\/en\/#\/schema\/person\/aa1d038709c262cb247e240f6b39bbf5","name":"Carlos Montenegro","image":{"@type":"ImageObject","inLanguage":"en-US","@id":"https:\/\/secure.gravatar.com\/avatar\/?s=96&d=mm&r=g","url":"https:\/\/secure.gravatar.com\/avatar\/?s=96&d=mm&r=g","contentUrl":"https:\/\/secure.gravatar.com\/avatar\/?s=96&d=mm&r=g","caption":"Carlos Montenegro"},"url":"https:\/\/www.fcbarcelonanoticias.com\/en\/carlos-montenegro_20_115.html"}]}},"_links":{"self":[{"href":"https:\/\/www.fcbarcelonanoticias.com\/en\/wp-json\/wp\/v2\/posts\/23757","targetHints":{"allow":["GET"]}}],"collection":[{"href":"https:\/\/www.fcbarcelonanoticias.com\/en\/wp-json\/wp\/v2\/posts"}],"about":[{"href":"https:\/\/www.fcbarcelonanoticias.com\/en\/wp-json\/wp\/v2\/types\/post"}],"author":[{"embeddable":true,"href":"https:\/\/www.fcbarcelonanoticias.com\/en\/wp-json\/wp\/v2\/users\/345"}],"replies":[{"embeddable":true,"href":"https:\/\/www.fcbarcelonanoticias.com\/en\/wp-json\/wp\/v2\/comments?post=23757"}],"version-history":[{"count":1,"href":"https:\/\/www.fcbarcelonanoticias.com\/en\/wp-json\/wp\/v2\/posts\/23757\/revisions"}],"predecessor-version":[{"id":106137,"href":"https:\/\/www.fcbarcelonanoticias.com\/en\/wp-json\/wp\/v2\/posts\/23757\/revisions\/106137"}],"wp:featuredmedia":[{"embeddable":true,"href":"https:\/\/www.fcbarcelonanoticias.com\/en\/wp-json\/wp\/v2\/media\/23759"}],"wp:attachment":[{"href":"https:\/\/www.fcbarcelonanoticias.com\/en\/wp-json\/wp\/v2\/media?parent=23757"}],"wp:term":[{"taxonomy":"category","embeddable":true,"href":"https:\/\/www.fcbarcelonanoticias.com\/en\/wp-json\/wp\/v2\/categories?post=23757"},{"taxonomy":"post_tag","embeddable":true,"href":"https:\/\/www.fcbarcelonanoticias.com\/en\/wp-json\/wp\/v2\/tags?post=23757"}],"curies":[{"name":"wp","href":"https:\/\/api.w.org\/{rel}","templated":true}]}}