{"id":23761,"date":"2024-01-24T08:59:00","date_gmt":"2024-01-24T07:59:00","guid":{"rendered":"https:\/\/weisetech.dev\/fc-barcelona-noticias\/en\/laporta-cracks-against-the-use-of-var-and-confirms-that-right-now-it-is-kidnapped_300198_102\/"},"modified":"2024-01-24T13:39:00","modified_gmt":"2024-01-24T12:39:00","slug":"laporta-cracks-against-the-use-of-var-and-confirms-that-right-now-it-is-kidnapped_300198_102","status":"publish","type":"post","link":"https:\/\/www.fcbarcelonanoticias.com\/en\/fc-barcelona\/laporta-cracks-against-the-use-of-var-and-confirms-that-right-now-it-is-kidnapped_300198_102.html","title":{"rendered":"Laporta &#8216;cracks&#8217; against the use of VAR and confirms that right now &#8220;it is kidnapped&#8221;"},"content":{"rendered":"<h2 class=\"wp-block-heading\">VAR arrived in 2018 to try to minimise refereeing controversies as much as possible and in the middle of 2024 the Bar\u00e7a president is clear that, at least in Spain, the system is being mismanaged<\/h2>  \r\n<div class=\"article-addons\">\r\n    <a href=\"https:\/\/www.fcbarcelonanoticias.com\/en\/calendar-fc-barcelona.html\"\r\n       target=\"_self\"\r\n       title=\"Calendar of FC Barcelona\"\r\n       class=\"blue-gredient-btn\">\r\n       \r\n        Calendar of FC Barcelona    <\/a>\r\n<\/div>   <p>In the middle of a new controversial and crisis in the Spanish football, in this case by the arbitration and especially by the handle that had <a data-external=\"0\" data-intl-links-en=\"https:\/\/www.fcbarcelonanoticias.com\/en\/international-football\/the-rfef-confirms-its-complaint-for-the-leak-of-the-var-audios-of-madrid-almeria_300185_102.html\" data-intl-links-es=\"https:\/\/www.fcbarcelonanoticias.com\/futbol-internacional\/rfef-confirma-su-denuncia-por-filtracion-audios-var-madrid-almeria_300185_102.html\" href=\"https:\/\/www.fcbarcelonanoticias.com\/en\/international-football\/the-rfef-confirms-its-complaint-for-the-leak-of-the-var-audios-of-madrid-almeria_300185_102.html\" rel=\"follow\" target=\"_self\" title=\"La RFEF confirma su denuncia por la filtraci\u00f3n de los audios VAR del Madrid-Almer\u00eda\">the VAR in the Real Madrid-Almer\u00eda<\/a> of the past Sunday. <strong>Inside this context Joan Laporta continues showing his posture inflexible with regard to commenting some situations with which finds at variance <a competici=\"\" data-external=\"0\" data-intl-links-en=\"https:\/\/www.fcbarcelonanoticias.com\/en\/fc-barcelona\/laporta-raises-his-voice-against-madrid-the-competition-cannot-be-adulterated-any-more_300187_102.html\" data-intl-links-es=\"https:\/\/www.fcbarcelonanoticias.com\/fc-barcelona\/laporta-alza-voz-contra-madrid-competicion-no-se-puede-adulterar-mas_300187_102.html\" href=\"https:\/\/www.fcbarcelonanoticias.com\/en\/fc-barcelona\/laporta-raises-his-voice-against-madrid-the-competition-cannot-be-adulterated-any-more_300187_102.html\" la=\"\" rel=\"follow\" target=\"_self\" title=\"Laporta alza la voz contra el Madrid: \">like president of the FC Barcelona<\/a>. <\/strong><\/p>  <p>The maximum Barcelona mandator has offered a wide interview in &#8216;Sportive World&#8217;, &#8216;loading&#8217; against the arbitration while it confirms that, although &#8220;it will be very difficult&#8221;, his team still can &#8220;win LaLiga&#8221;. &#8220;The VAR, that is an instrument that comes to help to the referees, is converting , by the bad use that is doing of him, in a problem&#8221;, explained Laporta, <strong>the one who added that &#8220;the VAR is kidnapped, as abused to base of some pressures that is effecting our rival of continuous form and constant, that no longer is punctual but from already does time are making &#8220;, insisted.<\/strong><\/p>  <h2>The VAR is being a very bad instrument used<\/h2>  <p>&#8220;This party in the Bernab\u00e9u rearbitr\u00f3 from the VAR and all the decisions that took were contrary to which had taken the referee&#8221;, said Laporta in his more recent interview. Likewise, the president of the Bar\u00e7a ensured that<strong> &#8220;had some feelings very, very found, because you arrive to Benito Villamar\u00edn in a party that for us was key. If we won in the Villamar\u00edn could even until recortar distances as far as produced with our rivals.<\/strong><\/p>  <h2>The staff of the Bar\u00e7a, increasingly focused<\/h2>  <p>&#8220;Besides, have two parties been still in house and thought &#8216;this party is the key&#8217;, is the one who play was and now come Osasuna and Villarreal. The team every time is stronger, are increasingly merged&#8221;, signalled the Catalan. <strong>&#8220;There is like a plot of union in the changing room and only not speaking of union by the fact to coexist, but to help us the ones to the others. When there is a player that is happening it with some difficulties the others have to help him&#8221;, stood out Laporta with regard to the present of the staff of the Bar\u00e7a. <\/strong><\/p> ","protected":false},"excerpt":{"rendered":"<p>VAR arrived in 2018 to try to minimise refereeing controversies as much as possible and in the middle of 2024 the Bar\u00e7a president is clear that, at least in Spain, the system is being mismanaged In the middle of a new controversial and crisis in the Spanish football, in this case by the arbitration and [&hellip;]<\/p>\n","protected":false},"author":345,"featured_media":14491,"comment_status":"closed","ping_status":"open","sticky":false,"template":"","format":"standard","meta":{"_acf_changed":false,"inline_featured_image":false,"_nextfly_llmd_date_locked":false,"footnotes":""},"categories":[111],"tags":[99,158,190,95,194],"class_list":["post-23761","post","type-post","status-publish","format-standard","has-post-thumbnail","hentry","category-fc-barcelona","tag-javier-thebes","tag-joan-laporta","tag-referees","tag-rfef","tag-var"],"acf":[],"yoast_head":"<!-- This site is optimized with the Yoast SEO plugin v27.3 - https:\/\/yoast.com\/product\/yoast-seo-wordpress\/ -->\n<title>Laporta &#039;cracks&#039; against the use of VAR and confirms that right now &quot;it is kidnapped&quot;<\/title>\n<meta name=\"description\" content=\"VAR arrived in 2018 to try to minimise refereeing controversies as much as possible and in the middle of 2024 the Bar\u00e7a president is clear that, at least in Spain, the system is being mismanaged\" \/>\n<meta name=\"robots\" content=\"index, follow, max-snippet:-1, max-image-preview:large, max-video-preview:-1\" \/>\n<link rel=\"canonical\" href=\"https:\/\/www.fcbarcelonanoticias.com\/en\/fc-barcelona\/laporta-cracks-against-the-use-of-var-and-confirms-that-right-now-it-is-kidnapped_300198_102.html\" \/>\n<meta property=\"og:locale\" content=\"en_US\" \/>\n<meta property=\"og:type\" content=\"article\" \/>\n<meta property=\"og:title\" content=\"Laporta &#039;cracks&#039; against the use of VAR and confirms that right now &quot;it is kidnapped&quot;\" \/>\n<meta property=\"og:description\" content=\"VAR arrived in 2018 to try to minimise refereeing controversies as much as possible and in the middle of 2024 the Bar\u00e7a president is clear that, at least in Spain, the system is being mismanaged\" \/>\n<meta property=\"og:url\" content=\"https:\/\/www.fcbarcelonanoticias.com\/en\/fc-barcelona\/laporta-cracks-against-the-use-of-var-and-confirms-that-right-now-it-is-kidnapped_300198_102.html\" \/>\n<meta property=\"og:site_name\" content=\"EN - FC Barcelona Noticias\" \/>\n<meta property=\"article:published_time\" content=\"2024-01-24T07:59:00+00:00\" \/>\n<meta property=\"article:modified_time\" content=\"2024-01-24T12:39:00+00:00\" \/>\n<meta property=\"og:image\" content=\"https:\/\/www.fcbarcelonanoticias.com\/en\/wp-content\/uploads\/sites\/2\/2023\/09\/joan-laporta-rueda2.jpeg\" \/>\n\t<meta property=\"og:image:width\" content=\"1300\" \/>\n\t<meta property=\"og:image:height\" content=\"733\" \/>\n\t<meta property=\"og:image:type\" content=\"image\/jpeg\" \/>\n<meta name=\"author\" content=\"Carlos Montenegro\" \/>\n<meta name=\"twitter:card\" content=\"summary_large_image\" \/>\n<meta name=\"twitter:label1\" content=\"Written by\" \/>\n\t<meta name=\"twitter:data1\" content=\"Carlos Montenegro\" \/>\n\t<meta name=\"twitter:label2\" content=\"Est. reading time\" \/>\n\t<meta name=\"twitter:data2\" content=\"2 minutes\" \/>\n<script type=\"application\/ld+json\" class=\"yoast-schema-graph\">{\"@context\":\"https:\\\/\\\/schema.org\",\"@graph\":[{\"@type\":\"Article\",\"@id\":\"https:\\\/\\\/www.fcbarcelonanoticias.com\\\/en\\\/fc-barcelona\\\/laporta-cracks-against-the-use-of-var-and-confirms-that-right-now-it-is-kidnapped_300198_102.html#article\",\"isPartOf\":{\"@id\":\"https:\\\/\\\/www.fcbarcelonanoticias.com\\\/en\\\/fc-barcelona\\\/laporta-cracks-against-the-use-of-var-and-confirms-that-right-now-it-is-kidnapped_300198_102.html\"},\"author\":{\"name\":\"Carlos Montenegro\",\"@id\":\"https:\\\/\\\/www.fcbarcelonanoticias.com\\\/en\\\/#\\\/schema\\\/person\\\/aa1d038709c262cb247e240f6b39bbf5\"},\"headline\":\"Laporta &#8216;cracks&#8217; against the use of VAR and confirms that right now &#8220;it is kidnapped&#8221;\",\"datePublished\":\"2024-01-24T07:59:00+00:00\",\"dateModified\":\"2024-01-24T12:39:00+00:00\",\"mainEntityOfPage\":{\"@id\":\"https:\\\/\\\/www.fcbarcelonanoticias.com\\\/en\\\/fc-barcelona\\\/laporta-cracks-against-the-use-of-var-and-confirms-that-right-now-it-is-kidnapped_300198_102.html\"},\"wordCount\":413,\"image\":{\"@id\":\"https:\\\/\\\/www.fcbarcelonanoticias.com\\\/en\\\/fc-barcelona\\\/laporta-cracks-against-the-use-of-var-and-confirms-that-right-now-it-is-kidnapped_300198_102.html#primaryimage\"},\"thumbnailUrl\":\"https:\\\/\\\/www.fcbarcelonanoticias.com\\\/en\\\/wp-content\\\/uploads\\\/sites\\\/2\\\/2023\\\/09\\\/joan-laporta-rueda2.jpeg\",\"keywords\":[\"Javier Thebes\",\"Joan Laporta\",\"Referees\",\"RFEF\",\"VAR\"],\"articleSection\":[\"FC Barcelona\"],\"inLanguage\":\"en-US\"},{\"@type\":\"WebPage\",\"@id\":\"https:\\\/\\\/www.fcbarcelonanoticias.com\\\/en\\\/fc-barcelona\\\/laporta-cracks-against-the-use-of-var-and-confirms-that-right-now-it-is-kidnapped_300198_102.html\",\"url\":\"https:\\\/\\\/www.fcbarcelonanoticias.com\\\/en\\\/fc-barcelona\\\/laporta-cracks-against-the-use-of-var-and-confirms-that-right-now-it-is-kidnapped_300198_102.html\",\"name\":\"Laporta 'cracks' against the use of VAR and confirms that right now \\\"it is kidnapped\\\"\",\"isPartOf\":{\"@id\":\"https:\\\/\\\/www.fcbarcelonanoticias.com\\\/en\\\/#website\"},\"primaryImageOfPage\":{\"@id\":\"https:\\\/\\\/www.fcbarcelonanoticias.com\\\/en\\\/fc-barcelona\\\/laporta-cracks-against-the-use-of-var-and-confirms-that-right-now-it-is-kidnapped_300198_102.html#primaryimage\"},\"image\":{\"@id\":\"https:\\\/\\\/www.fcbarcelonanoticias.com\\\/en\\\/fc-barcelona\\\/laporta-cracks-against-the-use-of-var-and-confirms-that-right-now-it-is-kidnapped_300198_102.html#primaryimage\"},\"thumbnailUrl\":\"https:\\\/\\\/www.fcbarcelonanoticias.com\\\/en\\\/wp-content\\\/uploads\\\/sites\\\/2\\\/2023\\\/09\\\/joan-laporta-rueda2.jpeg\",\"datePublished\":\"2024-01-24T07:59:00+00:00\",\"dateModified\":\"2024-01-24T12:39:00+00:00\",\"author\":{\"@id\":\"https:\\\/\\\/www.fcbarcelonanoticias.com\\\/en\\\/#\\\/schema\\\/person\\\/aa1d038709c262cb247e240f6b39bbf5\"},\"description\":\"VAR arrived in 2018 to try to minimise refereeing controversies as much as possible and in the middle of 2024 the Bar\u00e7a president is clear that, at least in Spain, the system is being mismanaged\",\"breadcrumb\":{\"@id\":\"https:\\\/\\\/www.fcbarcelonanoticias.com\\\/en\\\/fc-barcelona\\\/laporta-cracks-against-the-use-of-var-and-confirms-that-right-now-it-is-kidnapped_300198_102.html#breadcrumb\"},\"inLanguage\":\"en-US\",\"potentialAction\":[{\"@type\":\"ReadAction\",\"target\":[\"https:\\\/\\\/www.fcbarcelonanoticias.com\\\/en\\\/fc-barcelona\\\/laporta-cracks-against-the-use-of-var-and-confirms-that-right-now-it-is-kidnapped_300198_102.html\"]}]},{\"@type\":\"ImageObject\",\"inLanguage\":\"en-US\",\"@id\":\"https:\\\/\\\/www.fcbarcelonanoticias.com\\\/en\\\/fc-barcelona\\\/laporta-cracks-against-the-use-of-var-and-confirms-that-right-now-it-is-kidnapped_300198_102.html#primaryimage\",\"url\":\"https:\\\/\\\/www.fcbarcelonanoticias.com\\\/en\\\/wp-content\\\/uploads\\\/sites\\\/2\\\/2023\\\/09\\\/joan-laporta-rueda2.jpeg\",\"contentUrl\":\"https:\\\/\\\/www.fcbarcelonanoticias.com\\\/en\\\/wp-content\\\/uploads\\\/sites\\\/2\\\/2023\\\/09\\\/joan-laporta-rueda2.jpeg\",\"width\":1300,\"height\":733},{\"@type\":\"BreadcrumbList\",\"@id\":\"https:\\\/\\\/www.fcbarcelonanoticias.com\\\/en\\\/fc-barcelona\\\/laporta-cracks-against-the-use-of-var-and-confirms-that-right-now-it-is-kidnapped_300198_102.html#breadcrumb\",\"itemListElement\":[{\"@type\":\"ListItem\",\"position\":1,\"name\":\"Portada\",\"item\":\"https:\\\/\\\/www.fcbarcelonanoticias.com\\\/en\\\/\"},{\"@type\":\"ListItem\",\"position\":2,\"name\":\"Laporta &#8216;cracks&#8217; against the use of VAR and confirms that right now &#8220;it is kidnapped&#8221;\"}]},{\"@type\":\"WebSite\",\"@id\":\"https:\\\/\\\/www.fcbarcelonanoticias.com\\\/en\\\/#website\",\"url\":\"https:\\\/\\\/www.fcbarcelonanoticias.com\\\/en\\\/\",\"name\":\"EN - FC Barcelona Noticias\",\"description\":\"\",\"potentialAction\":[{\"@type\":\"SearchAction\",\"target\":{\"@type\":\"EntryPoint\",\"urlTemplate\":\"https:\\\/\\\/www.fcbarcelonanoticias.com\\\/en\\\/?s={search_term_string}\"},\"query-input\":{\"@type\":\"PropertyValueSpecification\",\"valueRequired\":true,\"valueName\":\"search_term_string\"}}],\"inLanguage\":\"en-US\"},{\"@type\":\"Person\",\"@id\":\"https:\\\/\\\/www.fcbarcelonanoticias.com\\\/en\\\/#\\\/schema\\\/person\\\/aa1d038709c262cb247e240f6b39bbf5\",\"name\":\"Carlos Montenegro\",\"image\":{\"@type\":\"ImageObject\",\"inLanguage\":\"en-US\",\"@id\":\"https:\\\/\\\/secure.gravatar.com\\\/avatar\\\/?s=96&d=mm&r=g\",\"url\":\"https:\\\/\\\/secure.gravatar.com\\\/avatar\\\/?s=96&d=mm&r=g\",\"contentUrl\":\"https:\\\/\\\/secure.gravatar.com\\\/avatar\\\/?s=96&d=mm&r=g\",\"caption\":\"Carlos Montenegro\"},\"url\":\"https:\\\/\\\/www.fcbarcelonanoticias.com\\\/en\\\/carlos-montenegro_20_115.html\"}]}<\/script>\n<!-- \/ Yoast SEO plugin. -->","yoast_head_json":{"title":"Laporta 'cracks' against the use of VAR and confirms that right now \"it is kidnapped\"","description":"VAR arrived in 2018 to try to minimise refereeing controversies as much as possible and in the middle of 2024 the Bar\u00e7a president is clear that, at least in Spain, the system is being mismanaged","robots":{"index":"index","follow":"follow","max-snippet":"max-snippet:-1","max-image-preview":"max-image-preview:large","max-video-preview":"max-video-preview:-1"},"canonical":"https:\/\/www.fcbarcelonanoticias.com\/en\/fc-barcelona\/laporta-cracks-against-the-use-of-var-and-confirms-that-right-now-it-is-kidnapped_300198_102.html","og_locale":"en_US","og_type":"article","og_title":"Laporta 'cracks' against the use of VAR and confirms that right now \"it is kidnapped\"","og_description":"VAR arrived in 2018 to try to minimise refereeing controversies as much as possible and in the middle of 2024 the Bar\u00e7a president is clear that, at least in Spain, the system is being mismanaged","og_url":"https:\/\/www.fcbarcelonanoticias.com\/en\/fc-barcelona\/laporta-cracks-against-the-use-of-var-and-confirms-that-right-now-it-is-kidnapped_300198_102.html","og_site_name":"EN - FC Barcelona Noticias","article_published_time":"2024-01-24T07:59:00+00:00","article_modified_time":"2024-01-24T12:39:00+00:00","og_image":[{"width":1300,"height":733,"url":"https:\/\/www.fcbarcelonanoticias.com\/en\/wp-content\/uploads\/sites\/2\/2023\/09\/joan-laporta-rueda2.jpeg","type":"image\/jpeg"}],"author":"Carlos Montenegro","twitter_card":"summary_large_image","twitter_misc":{"Written by":"Carlos Montenegro","Est. reading time":"2 minutes"},"schema":{"@context":"https:\/\/schema.org","@graph":[{"@type":"Article","@id":"https:\/\/www.fcbarcelonanoticias.com\/en\/fc-barcelona\/laporta-cracks-against-the-use-of-var-and-confirms-that-right-now-it-is-kidnapped_300198_102.html#article","isPartOf":{"@id":"https:\/\/www.fcbarcelonanoticias.com\/en\/fc-barcelona\/laporta-cracks-against-the-use-of-var-and-confirms-that-right-now-it-is-kidnapped_300198_102.html"},"author":{"name":"Carlos Montenegro","@id":"https:\/\/www.fcbarcelonanoticias.com\/en\/#\/schema\/person\/aa1d038709c262cb247e240f6b39bbf5"},"headline":"Laporta &#8216;cracks&#8217; against the use of VAR and confirms that right now &#8220;it is kidnapped&#8221;","datePublished":"2024-01-24T07:59:00+00:00","dateModified":"2024-01-24T12:39:00+00:00","mainEntityOfPage":{"@id":"https:\/\/www.fcbarcelonanoticias.com\/en\/fc-barcelona\/laporta-cracks-against-the-use-of-var-and-confirms-that-right-now-it-is-kidnapped_300198_102.html"},"wordCount":413,"image":{"@id":"https:\/\/www.fcbarcelonanoticias.com\/en\/fc-barcelona\/laporta-cracks-against-the-use-of-var-and-confirms-that-right-now-it-is-kidnapped_300198_102.html#primaryimage"},"thumbnailUrl":"https:\/\/www.fcbarcelonanoticias.com\/en\/wp-content\/uploads\/sites\/2\/2023\/09\/joan-laporta-rueda2.jpeg","keywords":["Javier Thebes","Joan Laporta","Referees","RFEF","VAR"],"articleSection":["FC Barcelona"],"inLanguage":"en-US"},{"@type":"WebPage","@id":"https:\/\/www.fcbarcelonanoticias.com\/en\/fc-barcelona\/laporta-cracks-against-the-use-of-var-and-confirms-that-right-now-it-is-kidnapped_300198_102.html","url":"https:\/\/www.fcbarcelonanoticias.com\/en\/fc-barcelona\/laporta-cracks-against-the-use-of-var-and-confirms-that-right-now-it-is-kidnapped_300198_102.html","name":"Laporta 'cracks' against the use of VAR and confirms that right now \"it is kidnapped\"","isPartOf":{"@id":"https:\/\/www.fcbarcelonanoticias.com\/en\/#website"},"primaryImageOfPage":{"@id":"https:\/\/www.fcbarcelonanoticias.com\/en\/fc-barcelona\/laporta-cracks-against-the-use-of-var-and-confirms-that-right-now-it-is-kidnapped_300198_102.html#primaryimage"},"image":{"@id":"https:\/\/www.fcbarcelonanoticias.com\/en\/fc-barcelona\/laporta-cracks-against-the-use-of-var-and-confirms-that-right-now-it-is-kidnapped_300198_102.html#primaryimage"},"thumbnailUrl":"https:\/\/www.fcbarcelonanoticias.com\/en\/wp-content\/uploads\/sites\/2\/2023\/09\/joan-laporta-rueda2.jpeg","datePublished":"2024-01-24T07:59:00+00:00","dateModified":"2024-01-24T12:39:00+00:00","author":{"@id":"https:\/\/www.fcbarcelonanoticias.com\/en\/#\/schema\/person\/aa1d038709c262cb247e240f6b39bbf5"},"description":"VAR arrived in 2018 to try to minimise refereeing controversies as much as possible and in the middle of 2024 the Bar\u00e7a president is clear that, at least in Spain, the system is being mismanaged","breadcrumb":{"@id":"https:\/\/www.fcbarcelonanoticias.com\/en\/fc-barcelona\/laporta-cracks-against-the-use-of-var-and-confirms-that-right-now-it-is-kidnapped_300198_102.html#breadcrumb"},"inLanguage":"en-US","potentialAction":[{"@type":"ReadAction","target":["https:\/\/www.fcbarcelonanoticias.com\/en\/fc-barcelona\/laporta-cracks-against-the-use-of-var-and-confirms-that-right-now-it-is-kidnapped_300198_102.html"]}]},{"@type":"ImageObject","inLanguage":"en-US","@id":"https:\/\/www.fcbarcelonanoticias.com\/en\/fc-barcelona\/laporta-cracks-against-the-use-of-var-and-confirms-that-right-now-it-is-kidnapped_300198_102.html#primaryimage","url":"https:\/\/www.fcbarcelonanoticias.com\/en\/wp-content\/uploads\/sites\/2\/2023\/09\/joan-laporta-rueda2.jpeg","contentUrl":"https:\/\/www.fcbarcelonanoticias.com\/en\/wp-content\/uploads\/sites\/2\/2023\/09\/joan-laporta-rueda2.jpeg","width":1300,"height":733},{"@type":"BreadcrumbList","@id":"https:\/\/www.fcbarcelonanoticias.com\/en\/fc-barcelona\/laporta-cracks-against-the-use-of-var-and-confirms-that-right-now-it-is-kidnapped_300198_102.html#breadcrumb","itemListElement":[{"@type":"ListItem","position":1,"name":"Portada","item":"https:\/\/www.fcbarcelonanoticias.com\/en\/"},{"@type":"ListItem","position":2,"name":"Laporta &#8216;cracks&#8217; against the use of VAR and confirms that right now &#8220;it is kidnapped&#8221;"}]},{"@type":"WebSite","@id":"https:\/\/www.fcbarcelonanoticias.com\/en\/#website","url":"https:\/\/www.fcbarcelonanoticias.com\/en\/","name":"EN - FC Barcelona Noticias","description":"","potentialAction":[{"@type":"SearchAction","target":{"@type":"EntryPoint","urlTemplate":"https:\/\/www.fcbarcelonanoticias.com\/en\/?s={search_term_string}"},"query-input":{"@type":"PropertyValueSpecification","valueRequired":true,"valueName":"search_term_string"}}],"inLanguage":"en-US"},{"@type":"Person","@id":"https:\/\/www.fcbarcelonanoticias.com\/en\/#\/schema\/person\/aa1d038709c262cb247e240f6b39bbf5","name":"Carlos Montenegro","image":{"@type":"ImageObject","inLanguage":"en-US","@id":"https:\/\/secure.gravatar.com\/avatar\/?s=96&d=mm&r=g","url":"https:\/\/secure.gravatar.com\/avatar\/?s=96&d=mm&r=g","contentUrl":"https:\/\/secure.gravatar.com\/avatar\/?s=96&d=mm&r=g","caption":"Carlos Montenegro"},"url":"https:\/\/www.fcbarcelonanoticias.com\/en\/carlos-montenegro_20_115.html"}]}},"_links":{"self":[{"href":"https:\/\/www.fcbarcelonanoticias.com\/en\/wp-json\/wp\/v2\/posts\/23761","targetHints":{"allow":["GET"]}}],"collection":[{"href":"https:\/\/www.fcbarcelonanoticias.com\/en\/wp-json\/wp\/v2\/posts"}],"about":[{"href":"https:\/\/www.fcbarcelonanoticias.com\/en\/wp-json\/wp\/v2\/types\/post"}],"author":[{"embeddable":true,"href":"https:\/\/www.fcbarcelonanoticias.com\/en\/wp-json\/wp\/v2\/users\/345"}],"replies":[{"embeddable":true,"href":"https:\/\/www.fcbarcelonanoticias.com\/en\/wp-json\/wp\/v2\/comments?post=23761"}],"version-history":[{"count":1,"href":"https:\/\/www.fcbarcelonanoticias.com\/en\/wp-json\/wp\/v2\/posts\/23761\/revisions"}],"predecessor-version":[{"id":23762,"href":"https:\/\/www.fcbarcelonanoticias.com\/en\/wp-json\/wp\/v2\/posts\/23761\/revisions\/23762"}],"wp:featuredmedia":[{"embeddable":true,"href":"https:\/\/www.fcbarcelonanoticias.com\/en\/wp-json\/wp\/v2\/media\/14491"}],"wp:attachment":[{"href":"https:\/\/www.fcbarcelonanoticias.com\/en\/wp-json\/wp\/v2\/media?parent=23761"}],"wp:term":[{"taxonomy":"category","embeddable":true,"href":"https:\/\/www.fcbarcelonanoticias.com\/en\/wp-json\/wp\/v2\/categories?post=23761"},{"taxonomy":"post_tag","embeddable":true,"href":"https:\/\/www.fcbarcelonanoticias.com\/en\/wp-json\/wp\/v2\/tags?post=23761"}],"curies":[{"name":"wp","href":"https:\/\/api.w.org\/{rel}","templated":true}]}}