{"id":23822,"date":"2022-08-03T23:02:00","date_gmt":"2022-08-03T21:02:00","guid":{"rendered":"https:\/\/weisetech.dev\/fc-barcelona-noticias\/en\/laporta-insists-in-putting-to-of-jong-against-the-sword-and-the_282863_102\/"},"modified":"2022-08-03T23:37:00","modified_gmt":"2022-08-03T21:37:00","slug":"laporta-insists-in-putting-to-of-jong-against-the-sword-and-the_282863_102","status":"publish","type":"post","link":"https:\/\/www.fcbarcelonanoticias.com\/en\/fc-barcelona\/laporta-insists-in-putting-to-of-jong-against-the-sword-and-the_282863_102.html","title":{"rendered":"Laporta insists on putting De Jong against a rock and a hard place"},"content":{"rendered":"<h2 class=\"wp-block-heading\">Joan Laporta spoke with &#8216;The New York Times&#8217; about the current situation at FC Barcelona and did not hesitate to &#8216;get wet&#8217; about the &#8216;Frenkie case&#8217;. For the president, the Dutchman must lower his salary if he wants to stay at the club<\/h2>  \r\n<div class=\"article-addons\">\r\n    <a href=\"https:\/\/www.fcbarcelonanoticias.com\/en\/calendar-fc-barcelona.html\"\r\n       target=\"_self\"\r\n       title=\"Calendar of FC Barcelona\"\r\n       class=\"blue-gredient-btn\">\r\n       \r\n        Calendar of FC Barcelona    <\/a>\r\n<\/div>   <p>Frenkie Of Jong follows without resolving his future in <a data-external=\"0\" data-intl-links-en=\"https:\/\/www.fcbarcelonanoticias.com\/en\/transfers\/it-goes-out-to-the-light-the-commission-that-the-barca-paid-to-the-agent-of_282848_102.html\" data-intl-links-es=\"https:\/\/www.fcbarcelonanoticias.com\/fichajes\/sale-luz-comision-barcelona-pago-agente-lewandowski_282848_102.html\" href=\"https:\/\/www.fcbarcelonanoticias.com\/en\/transfers\/it-goes-out-to-the-light-the-commission-that-the-barca-paid-to-the-agent-of_282848_102.html\" rel=\"follow\" target=\"_self\" title=\"Sale a la luz la comisi\u00f3n que el Bar\u00e7a pag\u00f3 al agente de Lewandowski\">the FC Barcelona<\/a>. In spite of the offers of the Manchester United and the interest of Chelsea, <strong>the Dutch keeps firm his posture to continue in the club, still when the directive headed by Joan Laporta seems determined to sell him<\/strong>. In this regard, the mandator cul\u00e9 left clear that, if the midfield player wishes to remain, will have to flexibilizar his economic aspirations.<\/p>  <p>In an interview with &#8216;The New York Times&#8217;, <strong>Laporta admitted his &#8220;love&#8221; by Frenkie<\/strong>, the one who still has four remaining years of agreement with the Bar\u00e7a. However, <strong>the president cul\u00e9 argued that the player of 25 years &#8220;has to help to the club&#8221;<\/strong>, since, so that his continuity do not affect the finances of the institution, the ideal is that it go down his index card. In 2019, Of Jong signed until 2026 by, initially, 14 &#8216;kilos&#8217; net to the year, a quantity that, in this moment, to the club does him very difficult pay.<\/p>  <p>If the one of Arkel remains with his current index card, &#8216;MARK&#8217; detailed that <strong>the Bar\u00e7a will have to pay him 73 &#8216;kilos&#8217; net in wage by the four remaining seasons in his agreement (18+18+18+19) <\/strong>and 15,58M corresponding to a variable of fidelity (2,88+9,7+0+3 in the next four years). In total, <strong>Frenkie ingresar\u00e1 88,58 million euros if it fulfils his original agreement<\/strong>. From here that so much the directive like the technical body follow ponderando his exit like the best form to avoid this enormous cost to the club.<\/p>  <p><strong>&#8220;I do not know if it will remain . It remains long and still they can happen a lot of things&#8221;<\/strong>, said <a data-external=\"0\" data-intl-links-en=\"https:\/\/www.fcbarcelonanoticias.com\/en\/transfers\/meeting-on-the-way-xavi-will-discuss-with-alemany-cruyff-pending-folders_282858_102.html\" data-intl-links-es=\"https:\/\/www.fcbarcelonanoticias.com\/fichajes\/reunion-en-camino-xavi-discutira-con-alemany-cruyff-carpetas-pendientes_282858_102.html\" href=\"https:\/\/www.fcbarcelonanoticias.com\/en\/transfers\/meeting-on-the-way-xavi-will-discuss-with-alemany-cruyff-pending-folders_282858_102.html\" rel=\"follow\" target=\"_self\" title=\"\u00a1Reuni\u00f3n en camino! Xavi discutir\u00e1 con Alemany y Cruyff las 'carpetas' pendientes\">Xavi Hern\u00e1dez<\/a> on the &#8216;case Frenkie&#8217; in the middle of turns it American. Besides, the technician egarense ensured that put to the Dutch of head office does not have at all that see with presumptive &#8216;signals&#8217; to force the exit of the midfield player. <strong>&#8220;I do not need to send signals in the field, because I speak directly with the footballers&#8221;<\/strong>, sustained the m\u00edster.<\/p>  <h3>Laporta Defends the strategy of the &#8216;crowbars&#8217;<\/h3>  <p>To these heights, the <a data-external=\"0\" data-intl-links-en=\"https:\/\/www.fcbarcelonanoticias.com\/en\/transfers\/barcelona-continues-to-trust-in-signing-bernardo-silva-despite-interest-in-paris_282853_102.html\" data-intl-links-es=\"https:\/\/www.fcbarcelonanoticias.com\/fichajes\/barcelona-sigue-confiando-en-fichar-bernardo-silva-pese-interes-parisino_282853_102.html\" href=\"https:\/\/www.fcbarcelonanoticias.com\/en\/transfers\/barcelona-continues-to-trust-in-signing-bernardo-silva-despite-interest-in-paris_282853_102.html\" rel=\"follow\" target=\"_self\" title=\"El Bar\u00e7a sigue confiando en fichar a Bernardo Silva pese al inter\u00e9s parisino\">Bar\u00e7a<\/a> keeps on being the club that more has spent in signings in the market of summer, all this thanks to the activation of the &#8216;crowbars&#8217; financial that promised Laporta. In this regard, the president commented: <strong>&#8220;I am not player, take risks calculated.<\/strong> <strong>In my previous stage (2003-2010) put the very high expectations and succeeded<\/strong>. And afterwards, the fans all over the world, around 400 millions, need successes&#8221;, explained the mandator.<\/p>  <p>From here that, <strong>from now on, everything depend on Xavi Hern\u00e1ndez and a team reinforced in all his lines.<\/strong> Although the staff is not closed, the technician egarense already begins to outline his eleven for the first compasses of a season that will be very demanding in the sportive. <strong>It will be Frenkie of Jong in the plans of Xavi? It will be necessary to expect at the end of the market to resolve one of the &#8216;serials&#8217; that subtract him to the club <\/strong>regarding players refers . In the meantime, Chelsea expects, at last, concretise a signing this without that the Bar\u00e7a interpose in his plans.<\/p> ","protected":false},"excerpt":{"rendered":"<p>Joan Laporta spoke with &#8216;The New York Times&#8217; about the current situation at FC Barcelona and did not hesitate to &#8216;get wet&#8217; about the &#8216;Frenkie case&#8217;. For the president, the Dutchman must lower his salary if he wants to stay at the club Frenkie Of Jong follows without resolving his future in the FC Barcelona. [&hellip;]<\/p>\n","protected":false},"author":347,"featured_media":5117,"comment_status":"closed","ping_status":"open","sticky":false,"template":"","format":"standard","meta":{"_acf_changed":false,"inline_featured_image":false,"_nextfly_llmd_date_locked":false,"footnotes":""},"categories":[111],"tags":[158],"class_list":["post-23822","post","type-post","status-publish","format-standard","has-post-thumbnail","hentry","category-fc-barcelona","tag-joan-laporta"],"acf":[],"yoast_head":"<!-- This site is optimized with the Yoast SEO plugin v27.3 - https:\/\/yoast.com\/product\/yoast-seo-wordpress\/ -->\n<title>Laporta insists on putting De Jong against a rock and a hard place<\/title>\n<meta name=\"description\" content=\"Joan Laporta conversed with &#039;The New York Times&#039; on the actuality of the FC Barcelona and did not doubt in &#039;wet&#039; on the &#039;case Frenkie&#039;. For the mandator, the ne...\" \/>\n<meta name=\"robots\" content=\"index, follow, max-snippet:-1, max-image-preview:large, max-video-preview:-1\" \/>\n<link rel=\"canonical\" href=\"https:\/\/www.fcbarcelonanoticias.com\/en\/fc-barcelona\/laporta-insists-in-putting-to-of-jong-against-the-sword-and-the_282863_102.html\" \/>\n<meta property=\"og:locale\" content=\"en_US\" \/>\n<meta property=\"og:type\" content=\"article\" \/>\n<meta property=\"og:title\" content=\"Laporta insists on putting De Jong against a rock and a hard place\" \/>\n<meta property=\"og:description\" content=\"Joan Laporta conversed with &#039;The New York Times&#039; on the actuality of the FC Barcelona and did not doubt in &#039;wet&#039; on the &#039;case Frenkie&#039;. For the mandator, the ne...\" \/>\n<meta property=\"og:url\" content=\"https:\/\/www.fcbarcelonanoticias.com\/en\/fc-barcelona\/laporta-insists-in-putting-to-of-jong-against-the-sword-and-the_282863_102.html\" \/>\n<meta property=\"og:site_name\" content=\"EN - FC Barcelona Noticias\" \/>\n<meta property=\"article:published_time\" content=\"2022-08-03T21:02:00+00:00\" \/>\n<meta property=\"article:modified_time\" content=\"2022-08-03T21:37:00+00:00\" \/>\n<meta property=\"og:image\" content=\"https:\/\/www.fcbarcelonanoticias.com\/en\/wp-content\/uploads\/sites\/2\/2025\/04\/joan-laporta-fc-barcelona.jpeg\" \/>\n\t<meta property=\"og:image:width\" content=\"1200\" \/>\n\t<meta property=\"og:image:height\" content=\"675\" \/>\n\t<meta property=\"og:image:type\" content=\"image\/jpeg\" \/>\n<meta name=\"author\" content=\"Andr\u00e9s Quiroz\" \/>\n<meta name=\"twitter:card\" content=\"summary_large_image\" \/>\n<meta name=\"twitter:label1\" content=\"Written by\" \/>\n\t<meta name=\"twitter:data1\" content=\"Andr\u00e9s Quiroz\" \/>\n\t<meta name=\"twitter:label2\" content=\"Est. reading time\" \/>\n\t<meta name=\"twitter:data2\" content=\"3 minutes\" \/>\n<script type=\"application\/ld+json\" class=\"yoast-schema-graph\">{\"@context\":\"https:\\\/\\\/schema.org\",\"@graph\":[{\"@type\":\"Article\",\"@id\":\"https:\\\/\\\/www.fcbarcelonanoticias.com\\\/en\\\/fc-barcelona\\\/laporta-insists-in-putting-to-of-jong-against-the-sword-and-the_282863_102.html#article\",\"isPartOf\":{\"@id\":\"https:\\\/\\\/www.fcbarcelonanoticias.com\\\/en\\\/fc-barcelona\\\/laporta-insists-in-putting-to-of-jong-against-the-sword-and-the_282863_102.html\"},\"author\":{\"name\":\"Andr\u00e9s Quiroz\",\"@id\":\"https:\\\/\\\/www.fcbarcelonanoticias.com\\\/en\\\/#\\\/schema\\\/person\\\/c2cd9f6fa1af5c0d0eccd0fefa575c88\"},\"headline\":\"Laporta insists on putting De Jong against a rock and a hard place\",\"datePublished\":\"2022-08-03T21:02:00+00:00\",\"dateModified\":\"2022-08-03T21:37:00+00:00\",\"mainEntityOfPage\":{\"@id\":\"https:\\\/\\\/www.fcbarcelonanoticias.com\\\/en\\\/fc-barcelona\\\/laporta-insists-in-putting-to-of-jong-against-the-sword-and-the_282863_102.html\"},\"wordCount\":585,\"image\":{\"@id\":\"https:\\\/\\\/www.fcbarcelonanoticias.com\\\/en\\\/fc-barcelona\\\/laporta-insists-in-putting-to-of-jong-against-the-sword-and-the_282863_102.html#primaryimage\"},\"thumbnailUrl\":\"https:\\\/\\\/www.fcbarcelonanoticias.com\\\/en\\\/wp-content\\\/uploads\\\/sites\\\/2\\\/2025\\\/04\\\/joan-laporta-fc-barcelona.jpeg\",\"keywords\":[\"Joan Laporta\"],\"articleSection\":[\"FC Barcelona\"],\"inLanguage\":\"en-US\"},{\"@type\":\"WebPage\",\"@id\":\"https:\\\/\\\/www.fcbarcelonanoticias.com\\\/en\\\/fc-barcelona\\\/laporta-insists-in-putting-to-of-jong-against-the-sword-and-the_282863_102.html\",\"url\":\"https:\\\/\\\/www.fcbarcelonanoticias.com\\\/en\\\/fc-barcelona\\\/laporta-insists-in-putting-to-of-jong-against-the-sword-and-the_282863_102.html\",\"name\":\"Laporta insists on putting De Jong against a rock and a hard place\",\"isPartOf\":{\"@id\":\"https:\\\/\\\/www.fcbarcelonanoticias.com\\\/en\\\/#website\"},\"primaryImageOfPage\":{\"@id\":\"https:\\\/\\\/www.fcbarcelonanoticias.com\\\/en\\\/fc-barcelona\\\/laporta-insists-in-putting-to-of-jong-against-the-sword-and-the_282863_102.html#primaryimage\"},\"image\":{\"@id\":\"https:\\\/\\\/www.fcbarcelonanoticias.com\\\/en\\\/fc-barcelona\\\/laporta-insists-in-putting-to-of-jong-against-the-sword-and-the_282863_102.html#primaryimage\"},\"thumbnailUrl\":\"https:\\\/\\\/www.fcbarcelonanoticias.com\\\/en\\\/wp-content\\\/uploads\\\/sites\\\/2\\\/2025\\\/04\\\/joan-laporta-fc-barcelona.jpeg\",\"datePublished\":\"2022-08-03T21:02:00+00:00\",\"dateModified\":\"2022-08-03T21:37:00+00:00\",\"author\":{\"@id\":\"https:\\\/\\\/www.fcbarcelonanoticias.com\\\/en\\\/#\\\/schema\\\/person\\\/c2cd9f6fa1af5c0d0eccd0fefa575c88\"},\"description\":\"Joan Laporta conversed with 'The New York Times' on the actuality of the FC Barcelona and did not doubt in 'wet' on the 'case Frenkie'. For the mandator, the ne...\",\"breadcrumb\":{\"@id\":\"https:\\\/\\\/www.fcbarcelonanoticias.com\\\/en\\\/fc-barcelona\\\/laporta-insists-in-putting-to-of-jong-against-the-sword-and-the_282863_102.html#breadcrumb\"},\"inLanguage\":\"en-US\",\"potentialAction\":[{\"@type\":\"ReadAction\",\"target\":[\"https:\\\/\\\/www.fcbarcelonanoticias.com\\\/en\\\/fc-barcelona\\\/laporta-insists-in-putting-to-of-jong-against-the-sword-and-the_282863_102.html\"]}]},{\"@type\":\"ImageObject\",\"inLanguage\":\"en-US\",\"@id\":\"https:\\\/\\\/www.fcbarcelonanoticias.com\\\/en\\\/fc-barcelona\\\/laporta-insists-in-putting-to-of-jong-against-the-sword-and-the_282863_102.html#primaryimage\",\"url\":\"https:\\\/\\\/www.fcbarcelonanoticias.com\\\/en\\\/wp-content\\\/uploads\\\/sites\\\/2\\\/2025\\\/04\\\/joan-laporta-fc-barcelona.jpeg\",\"contentUrl\":\"https:\\\/\\\/www.fcbarcelonanoticias.com\\\/en\\\/wp-content\\\/uploads\\\/sites\\\/2\\\/2025\\\/04\\\/joan-laporta-fc-barcelona.jpeg\",\"width\":1200,\"height\":675},{\"@type\":\"BreadcrumbList\",\"@id\":\"https:\\\/\\\/www.fcbarcelonanoticias.com\\\/en\\\/fc-barcelona\\\/laporta-insists-in-putting-to-of-jong-against-the-sword-and-the_282863_102.html#breadcrumb\",\"itemListElement\":[{\"@type\":\"ListItem\",\"position\":1,\"name\":\"Portada\",\"item\":\"https:\\\/\\\/www.fcbarcelonanoticias.com\\\/en\\\/\"},{\"@type\":\"ListItem\",\"position\":2,\"name\":\"Laporta insists on putting De Jong against a rock and a hard place\"}]},{\"@type\":\"WebSite\",\"@id\":\"https:\\\/\\\/www.fcbarcelonanoticias.com\\\/en\\\/#website\",\"url\":\"https:\\\/\\\/www.fcbarcelonanoticias.com\\\/en\\\/\",\"name\":\"EN - FC Barcelona Noticias\",\"description\":\"\",\"potentialAction\":[{\"@type\":\"SearchAction\",\"target\":{\"@type\":\"EntryPoint\",\"urlTemplate\":\"https:\\\/\\\/www.fcbarcelonanoticias.com\\\/en\\\/?s={search_term_string}\"},\"query-input\":{\"@type\":\"PropertyValueSpecification\",\"valueRequired\":true,\"valueName\":\"search_term_string\"}}],\"inLanguage\":\"en-US\"},{\"@type\":\"Person\",\"@id\":\"https:\\\/\\\/www.fcbarcelonanoticias.com\\\/en\\\/#\\\/schema\\\/person\\\/c2cd9f6fa1af5c0d0eccd0fefa575c88\",\"name\":\"Andr\u00e9s Quiroz\",\"image\":{\"@type\":\"ImageObject\",\"inLanguage\":\"en-US\",\"@id\":\"https:\\\/\\\/secure.gravatar.com\\\/avatar\\\/?s=96&d=mm&r=g\",\"url\":\"https:\\\/\\\/secure.gravatar.com\\\/avatar\\\/?s=96&d=mm&r=g\",\"contentUrl\":\"https:\\\/\\\/secure.gravatar.com\\\/avatar\\\/?s=96&d=mm&r=g\",\"caption\":\"Andr\u00e9s Quiroz\"},\"description\":\"Licenciado en Periodismo por la Universidad de los Andes. Me encargo de analizar y compartir los contenidos m\u00e1s destacados de la\u00a0actualidad del F\u00fatbol Club Barcelona, Mercado de Fichajes y F\u00fatbol Internacional en FCBN. La informaci\u00f3n es poder, pero tambi\u00e9n conocimiento.\",\"url\":\"https:\\\/\\\/www.fcbarcelonanoticias.com\\\/en\\\/fc-barcelona\\\/andres-quiroz_17_115.html\"}]}<\/script>\n<!-- \/ Yoast SEO plugin. -->","yoast_head_json":{"title":"Laporta insists on putting De Jong against a rock and a hard place","description":"Joan Laporta conversed with 'The New York Times' on the actuality of the FC Barcelona and did not doubt in 'wet' on the 'case Frenkie'. For the mandator, the ne...","robots":{"index":"index","follow":"follow","max-snippet":"max-snippet:-1","max-image-preview":"max-image-preview:large","max-video-preview":"max-video-preview:-1"},"canonical":"https:\/\/www.fcbarcelonanoticias.com\/en\/fc-barcelona\/laporta-insists-in-putting-to-of-jong-against-the-sword-and-the_282863_102.html","og_locale":"en_US","og_type":"article","og_title":"Laporta insists on putting De Jong against a rock and a hard place","og_description":"Joan Laporta conversed with 'The New York Times' on the actuality of the FC Barcelona and did not doubt in 'wet' on the 'case Frenkie'. For the mandator, the ne...","og_url":"https:\/\/www.fcbarcelonanoticias.com\/en\/fc-barcelona\/laporta-insists-in-putting-to-of-jong-against-the-sword-and-the_282863_102.html","og_site_name":"EN - FC Barcelona Noticias","article_published_time":"2022-08-03T21:02:00+00:00","article_modified_time":"2022-08-03T21:37:00+00:00","og_image":[{"width":1200,"height":675,"url":"https:\/\/www.fcbarcelonanoticias.com\/en\/wp-content\/uploads\/sites\/2\/2025\/04\/joan-laporta-fc-barcelona.jpeg","type":"image\/jpeg"}],"author":"Andr\u00e9s Quiroz","twitter_card":"summary_large_image","twitter_misc":{"Written by":"Andr\u00e9s Quiroz","Est. reading time":"3 minutes"},"schema":{"@context":"https:\/\/schema.org","@graph":[{"@type":"Article","@id":"https:\/\/www.fcbarcelonanoticias.com\/en\/fc-barcelona\/laporta-insists-in-putting-to-of-jong-against-the-sword-and-the_282863_102.html#article","isPartOf":{"@id":"https:\/\/www.fcbarcelonanoticias.com\/en\/fc-barcelona\/laporta-insists-in-putting-to-of-jong-against-the-sword-and-the_282863_102.html"},"author":{"name":"Andr\u00e9s Quiroz","@id":"https:\/\/www.fcbarcelonanoticias.com\/en\/#\/schema\/person\/c2cd9f6fa1af5c0d0eccd0fefa575c88"},"headline":"Laporta insists on putting De Jong against a rock and a hard place","datePublished":"2022-08-03T21:02:00+00:00","dateModified":"2022-08-03T21:37:00+00:00","mainEntityOfPage":{"@id":"https:\/\/www.fcbarcelonanoticias.com\/en\/fc-barcelona\/laporta-insists-in-putting-to-of-jong-against-the-sword-and-the_282863_102.html"},"wordCount":585,"image":{"@id":"https:\/\/www.fcbarcelonanoticias.com\/en\/fc-barcelona\/laporta-insists-in-putting-to-of-jong-against-the-sword-and-the_282863_102.html#primaryimage"},"thumbnailUrl":"https:\/\/www.fcbarcelonanoticias.com\/en\/wp-content\/uploads\/sites\/2\/2025\/04\/joan-laporta-fc-barcelona.jpeg","keywords":["Joan Laporta"],"articleSection":["FC Barcelona"],"inLanguage":"en-US"},{"@type":"WebPage","@id":"https:\/\/www.fcbarcelonanoticias.com\/en\/fc-barcelona\/laporta-insists-in-putting-to-of-jong-against-the-sword-and-the_282863_102.html","url":"https:\/\/www.fcbarcelonanoticias.com\/en\/fc-barcelona\/laporta-insists-in-putting-to-of-jong-against-the-sword-and-the_282863_102.html","name":"Laporta insists on putting De Jong against a rock and a hard place","isPartOf":{"@id":"https:\/\/www.fcbarcelonanoticias.com\/en\/#website"},"primaryImageOfPage":{"@id":"https:\/\/www.fcbarcelonanoticias.com\/en\/fc-barcelona\/laporta-insists-in-putting-to-of-jong-against-the-sword-and-the_282863_102.html#primaryimage"},"image":{"@id":"https:\/\/www.fcbarcelonanoticias.com\/en\/fc-barcelona\/laporta-insists-in-putting-to-of-jong-against-the-sword-and-the_282863_102.html#primaryimage"},"thumbnailUrl":"https:\/\/www.fcbarcelonanoticias.com\/en\/wp-content\/uploads\/sites\/2\/2025\/04\/joan-laporta-fc-barcelona.jpeg","datePublished":"2022-08-03T21:02:00+00:00","dateModified":"2022-08-03T21:37:00+00:00","author":{"@id":"https:\/\/www.fcbarcelonanoticias.com\/en\/#\/schema\/person\/c2cd9f6fa1af5c0d0eccd0fefa575c88"},"description":"Joan Laporta conversed with 'The New York Times' on the actuality of the FC Barcelona and did not doubt in 'wet' on the 'case Frenkie'. For the mandator, the ne...","breadcrumb":{"@id":"https:\/\/www.fcbarcelonanoticias.com\/en\/fc-barcelona\/laporta-insists-in-putting-to-of-jong-against-the-sword-and-the_282863_102.html#breadcrumb"},"inLanguage":"en-US","potentialAction":[{"@type":"ReadAction","target":["https:\/\/www.fcbarcelonanoticias.com\/en\/fc-barcelona\/laporta-insists-in-putting-to-of-jong-against-the-sword-and-the_282863_102.html"]}]},{"@type":"ImageObject","inLanguage":"en-US","@id":"https:\/\/www.fcbarcelonanoticias.com\/en\/fc-barcelona\/laporta-insists-in-putting-to-of-jong-against-the-sword-and-the_282863_102.html#primaryimage","url":"https:\/\/www.fcbarcelonanoticias.com\/en\/wp-content\/uploads\/sites\/2\/2025\/04\/joan-laporta-fc-barcelona.jpeg","contentUrl":"https:\/\/www.fcbarcelonanoticias.com\/en\/wp-content\/uploads\/sites\/2\/2025\/04\/joan-laporta-fc-barcelona.jpeg","width":1200,"height":675},{"@type":"BreadcrumbList","@id":"https:\/\/www.fcbarcelonanoticias.com\/en\/fc-barcelona\/laporta-insists-in-putting-to-of-jong-against-the-sword-and-the_282863_102.html#breadcrumb","itemListElement":[{"@type":"ListItem","position":1,"name":"Portada","item":"https:\/\/www.fcbarcelonanoticias.com\/en\/"},{"@type":"ListItem","position":2,"name":"Laporta insists on putting De Jong against a rock and a hard place"}]},{"@type":"WebSite","@id":"https:\/\/www.fcbarcelonanoticias.com\/en\/#website","url":"https:\/\/www.fcbarcelonanoticias.com\/en\/","name":"EN - FC Barcelona Noticias","description":"","potentialAction":[{"@type":"SearchAction","target":{"@type":"EntryPoint","urlTemplate":"https:\/\/www.fcbarcelonanoticias.com\/en\/?s={search_term_string}"},"query-input":{"@type":"PropertyValueSpecification","valueRequired":true,"valueName":"search_term_string"}}],"inLanguage":"en-US"},{"@type":"Person","@id":"https:\/\/www.fcbarcelonanoticias.com\/en\/#\/schema\/person\/c2cd9f6fa1af5c0d0eccd0fefa575c88","name":"Andr\u00e9s Quiroz","image":{"@type":"ImageObject","inLanguage":"en-US","@id":"https:\/\/secure.gravatar.com\/avatar\/?s=96&d=mm&r=g","url":"https:\/\/secure.gravatar.com\/avatar\/?s=96&d=mm&r=g","contentUrl":"https:\/\/secure.gravatar.com\/avatar\/?s=96&d=mm&r=g","caption":"Andr\u00e9s Quiroz"},"description":"Licenciado en Periodismo por la Universidad de los Andes. Me encargo de analizar y compartir los contenidos m\u00e1s destacados de la\u00a0actualidad del F\u00fatbol Club Barcelona, Mercado de Fichajes y F\u00fatbol Internacional en FCBN. La informaci\u00f3n es poder, pero tambi\u00e9n conocimiento.","url":"https:\/\/www.fcbarcelonanoticias.com\/en\/fc-barcelona\/andres-quiroz_17_115.html"}]}},"_links":{"self":[{"href":"https:\/\/www.fcbarcelonanoticias.com\/en\/wp-json\/wp\/v2\/posts\/23822","targetHints":{"allow":["GET"]}}],"collection":[{"href":"https:\/\/www.fcbarcelonanoticias.com\/en\/wp-json\/wp\/v2\/posts"}],"about":[{"href":"https:\/\/www.fcbarcelonanoticias.com\/en\/wp-json\/wp\/v2\/types\/post"}],"author":[{"embeddable":true,"href":"https:\/\/www.fcbarcelonanoticias.com\/en\/wp-json\/wp\/v2\/users\/347"}],"replies":[{"embeddable":true,"href":"https:\/\/www.fcbarcelonanoticias.com\/en\/wp-json\/wp\/v2\/comments?post=23822"}],"version-history":[{"count":1,"href":"https:\/\/www.fcbarcelonanoticias.com\/en\/wp-json\/wp\/v2\/posts\/23822\/revisions"}],"predecessor-version":[{"id":23823,"href":"https:\/\/www.fcbarcelonanoticias.com\/en\/wp-json\/wp\/v2\/posts\/23822\/revisions\/23823"}],"wp:featuredmedia":[{"embeddable":true,"href":"https:\/\/www.fcbarcelonanoticias.com\/en\/wp-json\/wp\/v2\/media\/5117"}],"wp:attachment":[{"href":"https:\/\/www.fcbarcelonanoticias.com\/en\/wp-json\/wp\/v2\/media?parent=23822"}],"wp:term":[{"taxonomy":"category","embeddable":true,"href":"https:\/\/www.fcbarcelonanoticias.com\/en\/wp-json\/wp\/v2\/categories?post=23822"},{"taxonomy":"post_tag","embeddable":true,"href":"https:\/\/www.fcbarcelonanoticias.com\/en\/wp-json\/wp\/v2\/tags?post=23822"}],"curies":[{"name":"wp","href":"https:\/\/api.w.org\/{rel}","templated":true}]}}