{"id":23881,"date":"2024-03-21T20:30:00","date_gmt":"2024-03-21T19:30:00","guid":{"rendered":"https:\/\/weisetech.dev\/fc-barcelona-noticias\/en\/laporta-explodes-against-real-madrid-and-florentino-perez_315574_102\/"},"modified":"2024-03-22T09:48:00","modified_gmt":"2024-03-22T08:48:00","slug":"laporta-leaves-clear-that-mbappe-will-distort-the-changing-room-in-the-madrid-and-will-force-to-do-nbsp-a-nbsp-sale_301926_102","status":"publish","type":"post","link":"https:\/\/www.fcbarcelonanoticias.com\/en\/fc-barcelona\/laporta-leaves-clear-that-mbappe-will-distort-the-changing-room-in-the-madrid-and-will-force-to-do-nbsp-a-nbsp-sale_301926_102.html","title":{"rendered":"Laporta makes it clear that Mbapp\u00e9 will &#8220;distort the locker room&#8221; at Madrid and force a sale"},"content":{"rendered":"<h2 class=\"wp-block-heading\">Joan Laporta has spoken openly about the possible arrival of Kylian Mbapp\u00e9 to Real Madrid, with the option that the club chaired by Florentino P\u00e9rez will be forced to make financial efforts for his signing<\/h2>  \r\n<div class=\"article-addons\">\r\n    <a href=\"https:\/\/www.fcbarcelonanoticias.com\/en\/calendar-fc-barcelona.html\"\r\n       target=\"_self\"\r\n       title=\"Calendar of FC Barcelona\"\r\n       class=\"blue-gredient-btn\">\r\n       \r\n        Calendar of FC Barcelona    <\/a>\r\n<\/div>   <p><strong>Joan Laporta has aimed, openly, that does not concern him that Kylian Mbapp\u00e9 land in the Real Madrid in this market of signings estival.<\/strong> As it comes informing in the last months, the player will abandon the Paris Saint-Germain when it finish the season and everything seems to indicate to that recalar\u00e1 in Santiago Bernab\u00e9u like free agent. It is a &#8216;danger&#8217; by his high level, that dinamizar\u00e1 surely LaLiga.<\/p>  <p><strong>In <a data-external=\"0\" data-intl-links-en=\"https:\/\/www.fcbarcelonanoticias.com\/en\/fc-barcelona\" data-intl-links-es=\"https:\/\/www.fcbarcelonanoticias.com\/fc-barcelona\" href=\"https:\/\/www.fcbarcelonanoticias.com\/en\/football-soccer\/fc-barcelona.html\" rel=\"follow\" target=\"_self\" title=\"FC Barcelona\">the FC Barcelona<\/a> do not have fear, neither much less envies.<\/strong> The maximum Barcelona mandator has offered an interview to &#8216;Sportive World&#8217; and, in an advance published, has left clear that, in his opinion, neither the operation is closed and, in case to concretise , could generate problems in the changing room of the Real Madrid, where already are &#8216;stars&#8217; as Jude Bellingham, Vinicius Jr or Rodrygo Goes.<\/p>  <h2>Laporta Speaks of the &#8216;case Mbapp\u00e9&#8217;<\/h2>  <p><strong>&#8220;It envies to the Madrid with Mbapp\u00e9? No for nothing, for nothing. Besides, that do not know if they will do it or will not do it. Already we will see&#8221;,<\/strong> it has been the answer &#8216;cutting&#8217; of a Laporta that understands that will have a problem with the left extreme, where is used to to play Vinicius Jr, although it has remained showed in this season with the Paris Saint-Germain that the one of Bondy never splits by the band and that Luis Enrique has positioned him more like a &#8216;9&#8217; in the area.<\/p>  <p>Laporta Has recalcado, in question, that &#8220;here have a problem. It is necessary to sell to some player (if it arrives Mbapp\u00e9), no?<strong> Because they do not go to play the two in the same place and besides are players very marked&#8221;<\/strong>, suggesting that &#8220;speaking of the figures that will have, this distorts the safe changing room. This does not go of gift&#8221;, sentenced.<\/p>  <h2>Thebes had cleared the situation of Mbapp\u00e9 and the Real Madrid<\/h2>  <p>The true is that of this has spoken Javier Thebes in the last days. After analysing the accounts of the Real Madrid, from LaLiga understand that the club is in conditions of fichar so much to Mbapp\u00e9 as to another player, remembering that Alphoso Davies is in the diary:<strong> &#8220;The Real Madrid has a lot of Fair Play for fichar to Mbapp\u00e9 and to another. I do not know the quantity that will have agreed with Mbapp\u00e9,<\/strong> because I am convinced that it has it fact, the journalists that cover to the Madrid give it by s\u00faper fact, the Premier that is the another market to the that could attend is in a moment, and goes to be during a time, to organise with the Fair Play financial, have seen it in the market of January&#8221;.<\/p> ","protected":false},"excerpt":{"rendered":"<p>Joan Laporta has spoken openly about the possible arrival of Kylian Mbapp\u00e9 to Real Madrid, with the option that the club chaired by Florentino P\u00e9rez will be forced to make financial efforts for his signing Joan Laporta has aimed, openly, that does not concern him that Kylian Mbapp\u00e9 land in the Real Madrid in this [&hellip;]<\/p>\n","protected":false},"author":0,"featured_media":377,"comment_status":"closed","ping_status":"open","sticky":false,"template":"","format":"standard","meta":{"_acf_changed":false,"inline_featured_image":false,"_nextfly_llmd_date_locked":false,"footnotes":""},"categories":[449,106],"tags":[158,171],"class_list":["post-23881","post","type-post","status-publish","format-standard","has-post-thumbnail","hentry","category-transfers-2","category-transfers","tag-joan-laporta","tag-mbappe"],"acf":[],"yoast_head":"<!-- This site is optimized with the Yoast SEO plugin v27.3 - https:\/\/yoast.com\/product\/yoast-seo-wordpress\/ -->\n<title>Laporta Leaves clear that Mbapp\u00e9 &quot;will distort the changing room&quot; in the Madrid and will force to do&nbsp;a&nbsp;sale<\/title>\n<meta name=\"description\" content=\"Joan Laporta has spoken openly on the possible arrival of Kylian Mbapp\u00e9 to the Real Madrid, with the option that the club chaired by Florentino P\u00e9rez see in the obligation to do economic efforts by his signing\" \/>\n<meta name=\"robots\" content=\"index, follow, max-snippet:-1, max-image-preview:large, max-video-preview:-1\" \/>\n<link rel=\"canonical\" href=\"https:\/\/www.fcbarcelonanoticias.com\/en\/fc-barcelona\/laporta-leaves-clear-that-mbappe-will-distort-the-changing-room-in-the-madrid-and-will-force-to-do-nbsp-a-nbsp-sale_301926_102.html\" \/>\n<meta property=\"og:locale\" content=\"en_US\" \/>\n<meta property=\"og:type\" content=\"article\" \/>\n<meta property=\"og:title\" content=\"Laporta Leaves clear that Mbapp\u00e9 &quot;will distort the changing room&quot; in the Madrid and will force to do&nbsp;a&nbsp;sale\" \/>\n<meta property=\"og:description\" content=\"Joan Laporta has spoken openly on the possible arrival of Kylian Mbapp\u00e9 to the Real Madrid, with the option that the club chaired by Florentino P\u00e9rez see in the obligation to do economic efforts by his signing\" \/>\n<meta property=\"og:url\" content=\"https:\/\/www.fcbarcelonanoticias.com\/en\/fc-barcelona\/laporta-leaves-clear-that-mbappe-will-distort-the-changing-room-in-the-madrid-and-will-force-to-do-nbsp-a-nbsp-sale_301926_102.html\" \/>\n<meta property=\"og:site_name\" content=\"EN - FC Barcelona Noticias\" \/>\n<meta property=\"article:published_time\" content=\"2024-03-21T19:30:00+00:00\" \/>\n<meta property=\"article:modified_time\" content=\"2024-03-22T08:48:00+00:00\" \/>\n<meta property=\"og:image\" content=\"https:\/\/www.fcbarcelonanoticias.com\/en\/wp-content\/uploads\/sites\/2\/2022\/10\/joan-laporta-presidente-del-fc-barcelona.jpeg\" \/>\n\t<meta property=\"og:image:width\" content=\"1200\" \/>\n\t<meta property=\"og:image:height\" content=\"675\" \/>\n\t<meta property=\"og:image:type\" content=\"image\/jpeg\" \/>\n<meta name=\"twitter:card\" content=\"summary_large_image\" \/>\n<meta name=\"twitter:label1\" content=\"Est. reading time\" \/>\n\t<meta name=\"twitter:data1\" content=\"2 minutes\" \/>\n<script type=\"application\/ld+json\" class=\"yoast-schema-graph\">{\"@context\":\"https:\\\/\\\/schema.org\",\"@graph\":[{\"@type\":\"Article\",\"@id\":\"https:\\\/\\\/www.fcbarcelonanoticias.com\\\/en\\\/fc-barcelona\\\/laporta-leaves-clear-that-mbappe-will-distort-the-changing-room-in-the-madrid-and-will-force-to-do-nbsp-a-nbsp-sale_301926_102.html#article\",\"isPartOf\":{\"@id\":\"https:\\\/\\\/www.fcbarcelonanoticias.com\\\/en\\\/fc-barcelona\\\/laporta-leaves-clear-that-mbappe-will-distort-the-changing-room-in-the-madrid-and-will-force-to-do-nbsp-a-nbsp-sale_301926_102.html\"},\"author\":{\"name\":\"\",\"@id\":\"\"},\"headline\":\"Laporta makes it clear that Mbapp\u00e9 will &#8220;distort the locker room&#8221; at Madrid and force a sale\",\"datePublished\":\"2024-03-21T19:30:00+00:00\",\"dateModified\":\"2024-03-22T08:48:00+00:00\",\"mainEntityOfPage\":{\"@id\":\"https:\\\/\\\/www.fcbarcelonanoticias.com\\\/en\\\/fc-barcelona\\\/laporta-leaves-clear-that-mbappe-will-distort-the-changing-room-in-the-madrid-and-will-force-to-do-nbsp-a-nbsp-sale_301926_102.html\"},\"wordCount\":504,\"image\":{\"@id\":\"https:\\\/\\\/www.fcbarcelonanoticias.com\\\/en\\\/fc-barcelona\\\/laporta-leaves-clear-that-mbappe-will-distort-the-changing-room-in-the-madrid-and-will-force-to-do-nbsp-a-nbsp-sale_301926_102.html#primaryimage\"},\"thumbnailUrl\":\"https:\\\/\\\/www.fcbarcelonanoticias.com\\\/en\\\/wp-content\\\/uploads\\\/sites\\\/2\\\/2022\\\/10\\\/joan-laporta-presidente-del-fc-barcelona.jpeg\",\"keywords\":[\"Joan Laporta\",\"Mbapp\u00e9\"],\"articleSection\":[\"Transfers\",\"Transfers\"],\"inLanguage\":\"en-US\"},{\"@type\":\"WebPage\",\"@id\":\"https:\\\/\\\/www.fcbarcelonanoticias.com\\\/en\\\/fc-barcelona\\\/laporta-leaves-clear-that-mbappe-will-distort-the-changing-room-in-the-madrid-and-will-force-to-do-nbsp-a-nbsp-sale_301926_102.html\",\"url\":\"https:\\\/\\\/www.fcbarcelonanoticias.com\\\/en\\\/fc-barcelona\\\/laporta-leaves-clear-that-mbappe-will-distort-the-changing-room-in-the-madrid-and-will-force-to-do-nbsp-a-nbsp-sale_301926_102.html\",\"name\":\"Laporta Leaves clear that Mbapp\u00e9 \\\"will distort the changing room\\\" in the Madrid and will force to do&nbsp;a&nbsp;sale\",\"isPartOf\":{\"@id\":\"https:\\\/\\\/www.fcbarcelonanoticias.com\\\/en\\\/#website\"},\"primaryImageOfPage\":{\"@id\":\"https:\\\/\\\/www.fcbarcelonanoticias.com\\\/en\\\/fc-barcelona\\\/laporta-leaves-clear-that-mbappe-will-distort-the-changing-room-in-the-madrid-and-will-force-to-do-nbsp-a-nbsp-sale_301926_102.html#primaryimage\"},\"image\":{\"@id\":\"https:\\\/\\\/www.fcbarcelonanoticias.com\\\/en\\\/fc-barcelona\\\/laporta-leaves-clear-that-mbappe-will-distort-the-changing-room-in-the-madrid-and-will-force-to-do-nbsp-a-nbsp-sale_301926_102.html#primaryimage\"},\"thumbnailUrl\":\"https:\\\/\\\/www.fcbarcelonanoticias.com\\\/en\\\/wp-content\\\/uploads\\\/sites\\\/2\\\/2022\\\/10\\\/joan-laporta-presidente-del-fc-barcelona.jpeg\",\"datePublished\":\"2024-03-21T19:30:00+00:00\",\"dateModified\":\"2024-03-22T08:48:00+00:00\",\"author\":{\"@id\":\"\"},\"description\":\"Joan Laporta has spoken openly on the possible arrival of Kylian Mbapp\u00e9 to the Real Madrid, with the option that the club chaired by Florentino P\u00e9rez see in the obligation to do economic efforts by his signing\",\"breadcrumb\":{\"@id\":\"https:\\\/\\\/www.fcbarcelonanoticias.com\\\/en\\\/fc-barcelona\\\/laporta-leaves-clear-that-mbappe-will-distort-the-changing-room-in-the-madrid-and-will-force-to-do-nbsp-a-nbsp-sale_301926_102.html#breadcrumb\"},\"inLanguage\":\"en-US\",\"potentialAction\":[{\"@type\":\"ReadAction\",\"target\":[\"https:\\\/\\\/www.fcbarcelonanoticias.com\\\/en\\\/fc-barcelona\\\/laporta-leaves-clear-that-mbappe-will-distort-the-changing-room-in-the-madrid-and-will-force-to-do-nbsp-a-nbsp-sale_301926_102.html\"]}]},{\"@type\":\"ImageObject\",\"inLanguage\":\"en-US\",\"@id\":\"https:\\\/\\\/www.fcbarcelonanoticias.com\\\/en\\\/fc-barcelona\\\/laporta-leaves-clear-that-mbappe-will-distort-the-changing-room-in-the-madrid-and-will-force-to-do-nbsp-a-nbsp-sale_301926_102.html#primaryimage\",\"url\":\"https:\\\/\\\/www.fcbarcelonanoticias.com\\\/en\\\/wp-content\\\/uploads\\\/sites\\\/2\\\/2022\\\/10\\\/joan-laporta-presidente-del-fc-barcelona.jpeg\",\"contentUrl\":\"https:\\\/\\\/www.fcbarcelonanoticias.com\\\/en\\\/wp-content\\\/uploads\\\/sites\\\/2\\\/2022\\\/10\\\/joan-laporta-presidente-del-fc-barcelona.jpeg\",\"width\":1200,\"height\":675},{\"@type\":\"BreadcrumbList\",\"@id\":\"https:\\\/\\\/www.fcbarcelonanoticias.com\\\/en\\\/fc-barcelona\\\/laporta-leaves-clear-that-mbappe-will-distort-the-changing-room-in-the-madrid-and-will-force-to-do-nbsp-a-nbsp-sale_301926_102.html#breadcrumb\",\"itemListElement\":[{\"@type\":\"ListItem\",\"position\":1,\"name\":\"Portada\",\"item\":\"https:\\\/\\\/www.fcbarcelonanoticias.com\\\/en\\\/\"},{\"@type\":\"ListItem\",\"position\":2,\"name\":\"Laporta makes it clear that Mbapp\u00e9 will &#8220;distort the locker room&#8221; at Madrid and force a sale\"}]},{\"@type\":\"WebSite\",\"@id\":\"https:\\\/\\\/www.fcbarcelonanoticias.com\\\/en\\\/#website\",\"url\":\"https:\\\/\\\/www.fcbarcelonanoticias.com\\\/en\\\/\",\"name\":\"EN - FC Barcelona Noticias\",\"description\":\"\",\"potentialAction\":[{\"@type\":\"SearchAction\",\"target\":{\"@type\":\"EntryPoint\",\"urlTemplate\":\"https:\\\/\\\/www.fcbarcelonanoticias.com\\\/en\\\/?s={search_term_string}\"},\"query-input\":{\"@type\":\"PropertyValueSpecification\",\"valueRequired\":true,\"valueName\":\"search_term_string\"}}],\"inLanguage\":\"en-US\"}]}<\/script>\n<!-- \/ Yoast SEO plugin. -->","yoast_head_json":{"title":"Laporta Leaves clear that Mbapp\u00e9 \"will distort the changing room\" in the Madrid and will force to do&nbsp;a&nbsp;sale","description":"Joan Laporta has spoken openly on the possible arrival of Kylian Mbapp\u00e9 to the Real Madrid, with the option that the club chaired by Florentino P\u00e9rez see in the obligation to do economic efforts by his signing","robots":{"index":"index","follow":"follow","max-snippet":"max-snippet:-1","max-image-preview":"max-image-preview:large","max-video-preview":"max-video-preview:-1"},"canonical":"https:\/\/www.fcbarcelonanoticias.com\/en\/fc-barcelona\/laporta-leaves-clear-that-mbappe-will-distort-the-changing-room-in-the-madrid-and-will-force-to-do-nbsp-a-nbsp-sale_301926_102.html","og_locale":"en_US","og_type":"article","og_title":"Laporta Leaves clear that Mbapp\u00e9 \"will distort the changing room\" in the Madrid and will force to do&nbsp;a&nbsp;sale","og_description":"Joan Laporta has spoken openly on the possible arrival of Kylian Mbapp\u00e9 to the Real Madrid, with the option that the club chaired by Florentino P\u00e9rez see in the obligation to do economic efforts by his signing","og_url":"https:\/\/www.fcbarcelonanoticias.com\/en\/fc-barcelona\/laporta-leaves-clear-that-mbappe-will-distort-the-changing-room-in-the-madrid-and-will-force-to-do-nbsp-a-nbsp-sale_301926_102.html","og_site_name":"EN - FC Barcelona Noticias","article_published_time":"2024-03-21T19:30:00+00:00","article_modified_time":"2024-03-22T08:48:00+00:00","og_image":[{"width":1200,"height":675,"url":"https:\/\/www.fcbarcelonanoticias.com\/en\/wp-content\/uploads\/sites\/2\/2022\/10\/joan-laporta-presidente-del-fc-barcelona.jpeg","type":"image\/jpeg"}],"twitter_card":"summary_large_image","twitter_misc":{"Est. reading time":"2 minutes"},"schema":{"@context":"https:\/\/schema.org","@graph":[{"@type":"Article","@id":"https:\/\/www.fcbarcelonanoticias.com\/en\/fc-barcelona\/laporta-leaves-clear-that-mbappe-will-distort-the-changing-room-in-the-madrid-and-will-force-to-do-nbsp-a-nbsp-sale_301926_102.html#article","isPartOf":{"@id":"https:\/\/www.fcbarcelonanoticias.com\/en\/fc-barcelona\/laporta-leaves-clear-that-mbappe-will-distort-the-changing-room-in-the-madrid-and-will-force-to-do-nbsp-a-nbsp-sale_301926_102.html"},"author":{"name":"","@id":""},"headline":"Laporta makes it clear that Mbapp\u00e9 will &#8220;distort the locker room&#8221; at Madrid and force a sale","datePublished":"2024-03-21T19:30:00+00:00","dateModified":"2024-03-22T08:48:00+00:00","mainEntityOfPage":{"@id":"https:\/\/www.fcbarcelonanoticias.com\/en\/fc-barcelona\/laporta-leaves-clear-that-mbappe-will-distort-the-changing-room-in-the-madrid-and-will-force-to-do-nbsp-a-nbsp-sale_301926_102.html"},"wordCount":504,"image":{"@id":"https:\/\/www.fcbarcelonanoticias.com\/en\/fc-barcelona\/laporta-leaves-clear-that-mbappe-will-distort-the-changing-room-in-the-madrid-and-will-force-to-do-nbsp-a-nbsp-sale_301926_102.html#primaryimage"},"thumbnailUrl":"https:\/\/www.fcbarcelonanoticias.com\/en\/wp-content\/uploads\/sites\/2\/2022\/10\/joan-laporta-presidente-del-fc-barcelona.jpeg","keywords":["Joan Laporta","Mbapp\u00e9"],"articleSection":["Transfers","Transfers"],"inLanguage":"en-US"},{"@type":"WebPage","@id":"https:\/\/www.fcbarcelonanoticias.com\/en\/fc-barcelona\/laporta-leaves-clear-that-mbappe-will-distort-the-changing-room-in-the-madrid-and-will-force-to-do-nbsp-a-nbsp-sale_301926_102.html","url":"https:\/\/www.fcbarcelonanoticias.com\/en\/fc-barcelona\/laporta-leaves-clear-that-mbappe-will-distort-the-changing-room-in-the-madrid-and-will-force-to-do-nbsp-a-nbsp-sale_301926_102.html","name":"Laporta Leaves clear that Mbapp\u00e9 \"will distort the changing room\" in the Madrid and will force to do&nbsp;a&nbsp;sale","isPartOf":{"@id":"https:\/\/www.fcbarcelonanoticias.com\/en\/#website"},"primaryImageOfPage":{"@id":"https:\/\/www.fcbarcelonanoticias.com\/en\/fc-barcelona\/laporta-leaves-clear-that-mbappe-will-distort-the-changing-room-in-the-madrid-and-will-force-to-do-nbsp-a-nbsp-sale_301926_102.html#primaryimage"},"image":{"@id":"https:\/\/www.fcbarcelonanoticias.com\/en\/fc-barcelona\/laporta-leaves-clear-that-mbappe-will-distort-the-changing-room-in-the-madrid-and-will-force-to-do-nbsp-a-nbsp-sale_301926_102.html#primaryimage"},"thumbnailUrl":"https:\/\/www.fcbarcelonanoticias.com\/en\/wp-content\/uploads\/sites\/2\/2022\/10\/joan-laporta-presidente-del-fc-barcelona.jpeg","datePublished":"2024-03-21T19:30:00+00:00","dateModified":"2024-03-22T08:48:00+00:00","author":{"@id":""},"description":"Joan Laporta has spoken openly on the possible arrival of Kylian Mbapp\u00e9 to the Real Madrid, with the option that the club chaired by Florentino P\u00e9rez see in the obligation to do economic efforts by his signing","breadcrumb":{"@id":"https:\/\/www.fcbarcelonanoticias.com\/en\/fc-barcelona\/laporta-leaves-clear-that-mbappe-will-distort-the-changing-room-in-the-madrid-and-will-force-to-do-nbsp-a-nbsp-sale_301926_102.html#breadcrumb"},"inLanguage":"en-US","potentialAction":[{"@type":"ReadAction","target":["https:\/\/www.fcbarcelonanoticias.com\/en\/fc-barcelona\/laporta-leaves-clear-that-mbappe-will-distort-the-changing-room-in-the-madrid-and-will-force-to-do-nbsp-a-nbsp-sale_301926_102.html"]}]},{"@type":"ImageObject","inLanguage":"en-US","@id":"https:\/\/www.fcbarcelonanoticias.com\/en\/fc-barcelona\/laporta-leaves-clear-that-mbappe-will-distort-the-changing-room-in-the-madrid-and-will-force-to-do-nbsp-a-nbsp-sale_301926_102.html#primaryimage","url":"https:\/\/www.fcbarcelonanoticias.com\/en\/wp-content\/uploads\/sites\/2\/2022\/10\/joan-laporta-presidente-del-fc-barcelona.jpeg","contentUrl":"https:\/\/www.fcbarcelonanoticias.com\/en\/wp-content\/uploads\/sites\/2\/2022\/10\/joan-laporta-presidente-del-fc-barcelona.jpeg","width":1200,"height":675},{"@type":"BreadcrumbList","@id":"https:\/\/www.fcbarcelonanoticias.com\/en\/fc-barcelona\/laporta-leaves-clear-that-mbappe-will-distort-the-changing-room-in-the-madrid-and-will-force-to-do-nbsp-a-nbsp-sale_301926_102.html#breadcrumb","itemListElement":[{"@type":"ListItem","position":1,"name":"Portada","item":"https:\/\/www.fcbarcelonanoticias.com\/en\/"},{"@type":"ListItem","position":2,"name":"Laporta makes it clear that Mbapp\u00e9 will &#8220;distort the locker room&#8221; at Madrid and force a sale"}]},{"@type":"WebSite","@id":"https:\/\/www.fcbarcelonanoticias.com\/en\/#website","url":"https:\/\/www.fcbarcelonanoticias.com\/en\/","name":"EN - FC Barcelona Noticias","description":"","potentialAction":[{"@type":"SearchAction","target":{"@type":"EntryPoint","urlTemplate":"https:\/\/www.fcbarcelonanoticias.com\/en\/?s={search_term_string}"},"query-input":{"@type":"PropertyValueSpecification","valueRequired":true,"valueName":"search_term_string"}}],"inLanguage":"en-US"}]}},"_links":{"self":[{"href":"https:\/\/www.fcbarcelonanoticias.com\/en\/wp-json\/wp\/v2\/posts\/23881","targetHints":{"allow":["GET"]}}],"collection":[{"href":"https:\/\/www.fcbarcelonanoticias.com\/en\/wp-json\/wp\/v2\/posts"}],"about":[{"href":"https:\/\/www.fcbarcelonanoticias.com\/en\/wp-json\/wp\/v2\/types\/post"}],"replies":[{"embeddable":true,"href":"https:\/\/www.fcbarcelonanoticias.com\/en\/wp-json\/wp\/v2\/comments?post=23881"}],"version-history":[{"count":1,"href":"https:\/\/www.fcbarcelonanoticias.com\/en\/wp-json\/wp\/v2\/posts\/23881\/revisions"}],"predecessor-version":[{"id":23882,"href":"https:\/\/www.fcbarcelonanoticias.com\/en\/wp-json\/wp\/v2\/posts\/23881\/revisions\/23882"}],"wp:featuredmedia":[{"embeddable":true,"href":"https:\/\/www.fcbarcelonanoticias.com\/en\/wp-json\/wp\/v2\/media\/377"}],"wp:attachment":[{"href":"https:\/\/www.fcbarcelonanoticias.com\/en\/wp-json\/wp\/v2\/media?parent=23881"}],"wp:term":[{"taxonomy":"category","embeddable":true,"href":"https:\/\/www.fcbarcelonanoticias.com\/en\/wp-json\/wp\/v2\/categories?post=23881"},{"taxonomy":"post_tag","embeddable":true,"href":"https:\/\/www.fcbarcelonanoticias.com\/en\/wp-json\/wp\/v2\/tags?post=23881"}],"curies":[{"name":"wp","href":"https:\/\/api.w.org\/{rel}","templated":true}]}}