{"id":23910,"date":"2025-10-19T17:44:00","date_gmt":"2025-10-19T15:44:00","guid":{"rendered":"https:\/\/weisetech.dev\/fc-barcelona-noticias\/en\/laporta-obtains-majority-support-at-barcelona-assembly_315060_102\/"},"modified":"2025-10-19T17:46:00","modified_gmt":"2025-10-19T15:46:00","slug":"laporta-obtains-majority-support-at-barcelona-assembly_315060_102","status":"publish","type":"post","link":"https:\/\/www.fcbarcelonanoticias.com\/en\/fc-barcelona\/laporta-obtains-majority-support-at-barcelona-assembly_315060_102.html","title":{"rendered":"Bar\u00e7a&#8217;s Assembly approves the 24\/25 accounts and the 25\/26 budget"},"content":{"rendered":"<h2 class=\"wp-block-heading\">A quorum of 553 members approved the Barcelona board&#8217;s accounts for the 24\/25 financial year, along with the 25\/26 budget, at the club&#8217;s ordinary general assembly. The approval rate was 84.7%<\/h2>  \r\n<div class=\"article-addons\">\r\n    <a href=\"https:\/\/www.fcbarcelonanoticias.com\/en\/calendar-fc-barcelona.html\"\r\n       target=\"_self\"\r\n       title=\"Calendar of FC Barcelona\"\r\n       class=\"blue-gredient-btn\">\r\n       \r\n        Calendar of FC Barcelona    <\/a>\r\n<\/div>   <p><strong>FC Barcelona<\/strong> held a new ordinary general assembly where the club&#8217;s members learned the details of the management led by <strong><a data-external=\"0\" data-intl-links-en=\"https:\/\/www.fcbarcelonanoticias.com\/en\/tags\/joan-laporta\" data-intl-links-es=\"https:\/\/www.fcbarcelonanoticias.com\/tags\/joan-laporta\" href=\"https:\/\/www.fcbarcelonanoticias.com\/en\/tags\/joan-laporta.html\" rel=\"follow\" target=\"_self\" title=\"Joan Laporta\">Joan Laporta<\/a><\/strong>. Faced with a low attendance of delegates, a vote was held to approve the accounts for the 2024\/25 financial year and the official budget for 2025\/26.<\/p>  <p>In total, there was a quorum of 553 members in the vote held on Saturday. According to the 494 votes counted, <strong>the final balance sheet for last season had 83.4% support<\/strong>, with a total of:<\/p>  <ol> <li>412 votes in favor<\/li> \t<li>84 votes against<\/li> \t<li>31 blank votes<\/li> <\/ol> <p>For its part, the 25\/26 budget was supported by <strong>84.7% of the delegates<\/strong>, with a total of 494 votes registered. The balance, with a quorum of 506 members, was:<\/p>  <ol> <li>418 votes in favor<\/li> \t<li>55 votes against<\/li> \t<li>21 blank votes<\/li> <\/ol> <h2>Bar\u00e7a&#8217;s accounts for the 24\/25 and 25\/26 seasons, in detail<\/h2>  <p>For the 24\/25 financial year, <strong>total operating income was 994 million euros<\/strong>, with a balance of 2 million in profits from ordinary management. Operating expenses reached \u20ac965M, resulting in a financial result of -\u20ac27M.<\/p>  <p>Considering that operating income had a variation of +\u20ac81M and operating expenses also grew by \u20ac54M, <strong>the general balance sheet showed losses in the order of 17 million euros<\/strong>. This despite reaching the Champions League semi-finals for the first time since 2019 and achieving the <a data-external=\"0\" data-intl-links-en=\"https:\/\/www.fcbarcelonanoticias.com\/en\/fc-barcelona\/barcelona-national-treble-liga-copa-and-super-cup_312658_102.html\" data-intl-links-es=\"https:\/\/www.fcbarcelonanoticias.com\/fc-barcelona\/barcelona-gana-triplete-nacional-liga-copa-supercopa_312658_102.html\" href=\"https:\/\/www.fcbarcelonanoticias.com\/en\/fc-barcelona\/barcelona-national-treble-liga-copa-and-super-cup_312658_102.html\" rel=\"follow\" target=\"_self\" title=\"El Barcelona gana TRIPLETE NACIONAL 2024\/25: Liga, Copa y Supercopa\">national treble<\/a> in Spain.<\/p>  <p>Regarding the 25\/26 budget, <strong>the board projects revenues in the order of 1,075 million<\/strong>, boosted by an additional \u20ac50M thanks to the return to the Spotify Camp Nou in its phase 1B (45,000 spectators), along with another 200 &#8216;kilos&#8217; derived from BLM (Bar\u00e7a Licensing &amp; Merchandising).<\/p>  <p>In that regard, <strong>the ordinary profit is projected at 5 million euros<\/strong>, which would achieve a third consecutive year with positive figures. This is provided that the first male and female teams continue to reap good results in Europe.<\/p>  <table align=\"center\" border=\"1\" cellpadding=\"1\" cellspacing=\"1\" style=\"width:100%;\"> <caption>FC BARCELONA ECONOMIC RESULTS<\/caption> \t<thead><tr> <th scope=\"col\">Indicator<\/th> \t\t\t<th scope=\"col\">Financial Year 24\/25<\/th> \t\t\t<th scope=\"col\">Financial Year 25\/26<\/th> \t\t<\/tr><\/thead> <tbody> <tr> <td style=\"text-align: center;\">Operating Income<\/td> \t\t\t<td style=\"text-align: center;\">\u20ac994M<\/td> \t\t\t<td style=\"text-align: center;\">\u20ac1,075M<\/td> \t\t<\/tr> <tr> <td style=\"text-align: center;\">Operating Expenses<\/td> \t\t\t<td style=\"text-align: center;\">-\u20ac965M<\/td> \t\t\t<td style=\"text-align: center;\">-\u20ac1,019M<\/td> \t\t<\/tr> <tr> <td style=\"text-align: center;\">Financial Result<\/td> \t\t\t<td style=\"text-align: center;\">-\u20ac27M<\/td> \t\t\t<td style=\"text-align: center;\">-\u20ac23M<\/td> \t\t<\/tr> <tr> <td style=\"text-align: center;\">Ordinary Profit<\/td> \t\t\t<td style=\"text-align: center;\">\u20ac2M<\/td> \t\t\t<td style=\"text-align: center;\">\u20ac5M<\/td> \t\t<\/tr> <tr> <td style=\"text-align: center;\">Net Result<\/td> \t\t\t<td style=\"text-align: center;\">-\u20ac17M<\/td> \t\t\t<td style=\"text-align: center;\">\u20ac4M<\/td> \t\t<\/tr> <\/tbody> <\/table> <h2>Joan Laporta, satisfied with the results of his management<\/h2>  <p>Once the results of the voting were known, Joan Laporta thanked the delegate members for their support, in addition to valuing the results obtained during the last year of management.<\/p>  <p>The president emphasized the benefits of <strong>70 million in Hospitality services<\/strong>, in addition to &#8220;<strong>the reduction of the sports payroll to 54% of the club&#8217;s income<\/strong>,&#8221; which was 98% after his return to the Bar\u00e7a presidency in 2021. In this regard, he congratulated Deco and all the staff of collaborators of the sports and financial leadership of the club.<\/p>  <p>Likewise, he boasted about the remodeling of the <a data-external=\"0\" data-intl-links-en=\"https:\/\/www.fcbarcelonanoticias.com\/en\/fc-barcelona\/barcelona-receives-first-occupancy-license-for-camp-nou_315039_102.html\" data-intl-links-es=\"https:\/\/www.fcbarcelonanoticias.com\/fc-barcelona\/camp-nou-barcelona-ya-cuenta-con-licencia-primera-ocupacion-fase-1a_315039_102.html\" href=\"https:\/\/www.fcbarcelonanoticias.com\/en\/fc-barcelona\/barcelona-receives-first-occupancy-license-for-camp-nou_315039_102.html\" rel=\"follow\" target=\"_self\" title=\"CAMP NOU: Bar\u00e7a already has the first occupancy license for phase 1A\">Spotify Camp Nou<\/a>, which will soon become &#8220;<strong>the best stadium in Europe<\/strong>&#8220;. In this regard, he also thanked the vice president, Elena Fort, and the mayor of Barcelona, Jaume Collboni, for contributing to the construction of the Espai Bar\u00e7a, complying with all legal protocols.<\/p>  <blockquote> <p>&#8220;We have had the courage to reactivate a project that had been stopped, because it was absolutely necessary for the economic viability of the club.&#8221;<\/p> <\/blockquote>  <ul> <li>\ud83d\udc49Check out more news about the Bar\u00e7a team in our section dedicated to&nbsp;<strong><a data-external=\"0\" data-intl-links-en=\"https:\/\/www.fcbarcelonanoticias.com\/en\/fc-barcelona\" data-intl-links-es=\"https:\/\/www.fcbarcelonanoticias.com\/fc-barcelona\" href=\"https:\/\/www.fcbarcelonanoticias.com\/en\/football-soccer\/fc-barcelona.html\" rel=\"follow\" target=\"_self\" title=\"FC Barcelona\">F\u00fatbol Club Barcelona<\/a><\/strong>.<\/li> <\/ul> <p>&nbsp;<\/p> ","protected":false},"excerpt":{"rendered":"<p>A quorum of 553 members approved the Barcelona board&#8217;s accounts for the 24\/25 financial year, along with the 25\/26 budget, at the club&#8217;s ordinary general assembly. The approval rate was 84.7% FC Barcelona held a new ordinary general assembly where the club&#8217;s members learned the details of the management led by Joan Laporta. Faced with [&hellip;]<\/p>\n","protected":false},"author":347,"featured_media":23913,"comment_status":"closed","ping_status":"open","sticky":false,"template":"","format":"standard","meta":{"_acf_changed":false,"inline_featured_image":false,"_nextfly_llmd_date_locked":false,"footnotes":""},"categories":[111],"tags":[82,335,158],"class_list":["post-23910","post","type-post","status-publish","format-standard","has-post-thumbnail","hentry","category-fc-barcelona","tag-camp-nou","tag-deco","tag-joan-laporta"],"acf":[],"yoast_head":"<!-- This site is optimized with the Yoast SEO plugin v27.3 - https:\/\/yoast.com\/product\/yoast-seo-wordpress\/ -->\n<title>Laporta Obtains Majority Support at Bar\u00e7a Assembly<\/title>\n<meta name=\"description\" content=\"A quorum of 553 delegate members approved the Barcelona board&#039;s accounts for the 24\/25 financial year, along with the 25\/26 budget\" \/>\n<meta name=\"robots\" content=\"index, follow, max-snippet:-1, max-image-preview:large, max-video-preview:-1\" \/>\n<link rel=\"canonical\" href=\"https:\/\/www.fcbarcelonanoticias.com\/en\/fc-barcelona\/laporta-obtains-majority-support-at-barcelona-assembly_315060_102.html\" \/>\n<meta property=\"og:locale\" content=\"en_US\" \/>\n<meta property=\"og:type\" content=\"article\" \/>\n<meta property=\"og:title\" content=\"Laporta Obtains Majority Support at Bar\u00e7a Assembly\" \/>\n<meta property=\"og:description\" content=\"A quorum of 553 delegate members approved the Barcelona board&#039;s accounts for the 24\/25 financial year, along with the 25\/26 budget\" \/>\n<meta property=\"og:url\" content=\"https:\/\/www.fcbarcelonanoticias.com\/en\/fc-barcelona\/laporta-obtains-majority-support-at-barcelona-assembly_315060_102.html\" \/>\n<meta property=\"og:site_name\" content=\"EN - FC Barcelona Noticias\" \/>\n<meta property=\"article:published_time\" content=\"2025-10-19T15:44:00+00:00\" \/>\n<meta property=\"article:modified_time\" content=\"2025-10-19T15:46:00+00:00\" \/>\n<meta property=\"og:image\" content=\"https:\/\/www.fcbarcelonanoticias.com\/en\/wp-content\/uploads\/sites\/2\/2025\/10\/asamblea-general-ordinaria-2025-fc-barcelona-1.webp\" \/>\n\t<meta property=\"og:image:width\" content=\"1200\" \/>\n\t<meta property=\"og:image:height\" content=\"675\" \/>\n\t<meta property=\"og:image:type\" content=\"image\/webp\" \/>\n<meta name=\"author\" content=\"Andr\u00e9s Quiroz\" \/>\n<meta name=\"twitter:card\" content=\"summary_large_image\" \/>\n<meta name=\"twitter:label1\" content=\"Written by\" \/>\n\t<meta name=\"twitter:data1\" content=\"Andr\u00e9s Quiroz\" \/>\n\t<meta name=\"twitter:label2\" content=\"Est. reading time\" \/>\n\t<meta name=\"twitter:data2\" content=\"3 minutes\" \/>\n<script type=\"application\/ld+json\" class=\"yoast-schema-graph\">{\"@context\":\"https:\\\/\\\/schema.org\",\"@graph\":[{\"@type\":\"Article\",\"@id\":\"https:\\\/\\\/www.fcbarcelonanoticias.com\\\/en\\\/fc-barcelona\\\/laporta-obtains-majority-support-at-barcelona-assembly_315060_102.html#article\",\"isPartOf\":{\"@id\":\"https:\\\/\\\/www.fcbarcelonanoticias.com\\\/en\\\/fc-barcelona\\\/laporta-obtains-majority-support-at-barcelona-assembly_315060_102.html\"},\"author\":{\"name\":\"Andr\u00e9s Quiroz\",\"@id\":\"https:\\\/\\\/www.fcbarcelonanoticias.com\\\/en\\\/#\\\/schema\\\/person\\\/c2cd9f6fa1af5c0d0eccd0fefa575c88\"},\"headline\":\"Bar\u00e7a&#8217;s Assembly approves the 24\\\/25 accounts and the 25\\\/26 budget\",\"datePublished\":\"2025-10-19T15:44:00+00:00\",\"dateModified\":\"2025-10-19T15:46:00+00:00\",\"mainEntityOfPage\":{\"@id\":\"https:\\\/\\\/www.fcbarcelonanoticias.com\\\/en\\\/fc-barcelona\\\/laporta-obtains-majority-support-at-barcelona-assembly_315060_102.html\"},\"wordCount\":555,\"image\":{\"@id\":\"https:\\\/\\\/www.fcbarcelonanoticias.com\\\/en\\\/fc-barcelona\\\/laporta-obtains-majority-support-at-barcelona-assembly_315060_102.html#primaryimage\"},\"thumbnailUrl\":\"https:\\\/\\\/www.fcbarcelonanoticias.com\\\/en\\\/wp-content\\\/uploads\\\/sites\\\/2\\\/2025\\\/10\\\/asamblea-general-ordinaria-2025-fc-barcelona-1.webp\",\"keywords\":[\"Camp Nou\",\"Deco\",\"Joan Laporta\"],\"articleSection\":[\"FC Barcelona\"],\"inLanguage\":\"en-US\"},{\"@type\":\"WebPage\",\"@id\":\"https:\\\/\\\/www.fcbarcelonanoticias.com\\\/en\\\/fc-barcelona\\\/laporta-obtains-majority-support-at-barcelona-assembly_315060_102.html\",\"url\":\"https:\\\/\\\/www.fcbarcelonanoticias.com\\\/en\\\/fc-barcelona\\\/laporta-obtains-majority-support-at-barcelona-assembly_315060_102.html\",\"name\":\"Laporta Obtains Majority Support at Bar\u00e7a Assembly\",\"isPartOf\":{\"@id\":\"https:\\\/\\\/www.fcbarcelonanoticias.com\\\/en\\\/#website\"},\"primaryImageOfPage\":{\"@id\":\"https:\\\/\\\/www.fcbarcelonanoticias.com\\\/en\\\/fc-barcelona\\\/laporta-obtains-majority-support-at-barcelona-assembly_315060_102.html#primaryimage\"},\"image\":{\"@id\":\"https:\\\/\\\/www.fcbarcelonanoticias.com\\\/en\\\/fc-barcelona\\\/laporta-obtains-majority-support-at-barcelona-assembly_315060_102.html#primaryimage\"},\"thumbnailUrl\":\"https:\\\/\\\/www.fcbarcelonanoticias.com\\\/en\\\/wp-content\\\/uploads\\\/sites\\\/2\\\/2025\\\/10\\\/asamblea-general-ordinaria-2025-fc-barcelona-1.webp\",\"datePublished\":\"2025-10-19T15:44:00+00:00\",\"dateModified\":\"2025-10-19T15:46:00+00:00\",\"author\":{\"@id\":\"https:\\\/\\\/www.fcbarcelonanoticias.com\\\/en\\\/#\\\/schema\\\/person\\\/c2cd9f6fa1af5c0d0eccd0fefa575c88\"},\"description\":\"A quorum of 553 delegate members approved the Barcelona board's accounts for the 24\\\/25 financial year, along with the 25\\\/26 budget\",\"breadcrumb\":{\"@id\":\"https:\\\/\\\/www.fcbarcelonanoticias.com\\\/en\\\/fc-barcelona\\\/laporta-obtains-majority-support-at-barcelona-assembly_315060_102.html#breadcrumb\"},\"inLanguage\":\"en-US\",\"potentialAction\":[{\"@type\":\"ReadAction\",\"target\":[\"https:\\\/\\\/www.fcbarcelonanoticias.com\\\/en\\\/fc-barcelona\\\/laporta-obtains-majority-support-at-barcelona-assembly_315060_102.html\"]}]},{\"@type\":\"ImageObject\",\"inLanguage\":\"en-US\",\"@id\":\"https:\\\/\\\/www.fcbarcelonanoticias.com\\\/en\\\/fc-barcelona\\\/laporta-obtains-majority-support-at-barcelona-assembly_315060_102.html#primaryimage\",\"url\":\"https:\\\/\\\/www.fcbarcelonanoticias.com\\\/en\\\/wp-content\\\/uploads\\\/sites\\\/2\\\/2025\\\/10\\\/asamblea-general-ordinaria-2025-fc-barcelona-1.webp\",\"contentUrl\":\"https:\\\/\\\/www.fcbarcelonanoticias.com\\\/en\\\/wp-content\\\/uploads\\\/sites\\\/2\\\/2025\\\/10\\\/asamblea-general-ordinaria-2025-fc-barcelona-1.webp\",\"width\":1200,\"height\":675},{\"@type\":\"BreadcrumbList\",\"@id\":\"https:\\\/\\\/www.fcbarcelonanoticias.com\\\/en\\\/fc-barcelona\\\/laporta-obtains-majority-support-at-barcelona-assembly_315060_102.html#breadcrumb\",\"itemListElement\":[{\"@type\":\"ListItem\",\"position\":1,\"name\":\"Portada\",\"item\":\"https:\\\/\\\/www.fcbarcelonanoticias.com\\\/en\\\/\"},{\"@type\":\"ListItem\",\"position\":2,\"name\":\"Bar\u00e7a&#8217;s Assembly approves the 24\\\/25 accounts and the 25\\\/26 budget\"}]},{\"@type\":\"WebSite\",\"@id\":\"https:\\\/\\\/www.fcbarcelonanoticias.com\\\/en\\\/#website\",\"url\":\"https:\\\/\\\/www.fcbarcelonanoticias.com\\\/en\\\/\",\"name\":\"EN - FC Barcelona Noticias\",\"description\":\"\",\"potentialAction\":[{\"@type\":\"SearchAction\",\"target\":{\"@type\":\"EntryPoint\",\"urlTemplate\":\"https:\\\/\\\/www.fcbarcelonanoticias.com\\\/en\\\/?s={search_term_string}\"},\"query-input\":{\"@type\":\"PropertyValueSpecification\",\"valueRequired\":true,\"valueName\":\"search_term_string\"}}],\"inLanguage\":\"en-US\"},{\"@type\":\"Person\",\"@id\":\"https:\\\/\\\/www.fcbarcelonanoticias.com\\\/en\\\/#\\\/schema\\\/person\\\/c2cd9f6fa1af5c0d0eccd0fefa575c88\",\"name\":\"Andr\u00e9s Quiroz\",\"image\":{\"@type\":\"ImageObject\",\"inLanguage\":\"en-US\",\"@id\":\"https:\\\/\\\/secure.gravatar.com\\\/avatar\\\/?s=96&d=mm&r=g\",\"url\":\"https:\\\/\\\/secure.gravatar.com\\\/avatar\\\/?s=96&d=mm&r=g\",\"contentUrl\":\"https:\\\/\\\/secure.gravatar.com\\\/avatar\\\/?s=96&d=mm&r=g\",\"caption\":\"Andr\u00e9s Quiroz\"},\"description\":\"Licenciado en Periodismo por la Universidad de los Andes. Me encargo de analizar y compartir los contenidos m\u00e1s destacados de la\u00a0actualidad del F\u00fatbol Club Barcelona, Mercado de Fichajes y F\u00fatbol Internacional en FCBN. La informaci\u00f3n es poder, pero tambi\u00e9n conocimiento.\",\"url\":\"https:\\\/\\\/www.fcbarcelonanoticias.com\\\/en\\\/fc-barcelona\\\/andres-quiroz_17_115.html\"}]}<\/script>\n<!-- \/ Yoast SEO plugin. -->","yoast_head_json":{"title":"Laporta Obtains Majority Support at Bar\u00e7a Assembly","description":"A quorum of 553 delegate members approved the Barcelona board's accounts for the 24\/25 financial year, along with the 25\/26 budget","robots":{"index":"index","follow":"follow","max-snippet":"max-snippet:-1","max-image-preview":"max-image-preview:large","max-video-preview":"max-video-preview:-1"},"canonical":"https:\/\/www.fcbarcelonanoticias.com\/en\/fc-barcelona\/laporta-obtains-majority-support-at-barcelona-assembly_315060_102.html","og_locale":"en_US","og_type":"article","og_title":"Laporta Obtains Majority Support at Bar\u00e7a Assembly","og_description":"A quorum of 553 delegate members approved the Barcelona board's accounts for the 24\/25 financial year, along with the 25\/26 budget","og_url":"https:\/\/www.fcbarcelonanoticias.com\/en\/fc-barcelona\/laporta-obtains-majority-support-at-barcelona-assembly_315060_102.html","og_site_name":"EN - FC Barcelona Noticias","article_published_time":"2025-10-19T15:44:00+00:00","article_modified_time":"2025-10-19T15:46:00+00:00","og_image":[{"width":1200,"height":675,"url":"https:\/\/www.fcbarcelonanoticias.com\/en\/wp-content\/uploads\/sites\/2\/2025\/10\/asamblea-general-ordinaria-2025-fc-barcelona-1.webp","type":"image\/webp"}],"author":"Andr\u00e9s Quiroz","twitter_card":"summary_large_image","twitter_misc":{"Written by":"Andr\u00e9s Quiroz","Est. reading time":"3 minutes"},"schema":{"@context":"https:\/\/schema.org","@graph":[{"@type":"Article","@id":"https:\/\/www.fcbarcelonanoticias.com\/en\/fc-barcelona\/laporta-obtains-majority-support-at-barcelona-assembly_315060_102.html#article","isPartOf":{"@id":"https:\/\/www.fcbarcelonanoticias.com\/en\/fc-barcelona\/laporta-obtains-majority-support-at-barcelona-assembly_315060_102.html"},"author":{"name":"Andr\u00e9s Quiroz","@id":"https:\/\/www.fcbarcelonanoticias.com\/en\/#\/schema\/person\/c2cd9f6fa1af5c0d0eccd0fefa575c88"},"headline":"Bar\u00e7a&#8217;s Assembly approves the 24\/25 accounts and the 25\/26 budget","datePublished":"2025-10-19T15:44:00+00:00","dateModified":"2025-10-19T15:46:00+00:00","mainEntityOfPage":{"@id":"https:\/\/www.fcbarcelonanoticias.com\/en\/fc-barcelona\/laporta-obtains-majority-support-at-barcelona-assembly_315060_102.html"},"wordCount":555,"image":{"@id":"https:\/\/www.fcbarcelonanoticias.com\/en\/fc-barcelona\/laporta-obtains-majority-support-at-barcelona-assembly_315060_102.html#primaryimage"},"thumbnailUrl":"https:\/\/www.fcbarcelonanoticias.com\/en\/wp-content\/uploads\/sites\/2\/2025\/10\/asamblea-general-ordinaria-2025-fc-barcelona-1.webp","keywords":["Camp Nou","Deco","Joan Laporta"],"articleSection":["FC Barcelona"],"inLanguage":"en-US"},{"@type":"WebPage","@id":"https:\/\/www.fcbarcelonanoticias.com\/en\/fc-barcelona\/laporta-obtains-majority-support-at-barcelona-assembly_315060_102.html","url":"https:\/\/www.fcbarcelonanoticias.com\/en\/fc-barcelona\/laporta-obtains-majority-support-at-barcelona-assembly_315060_102.html","name":"Laporta Obtains Majority Support at Bar\u00e7a Assembly","isPartOf":{"@id":"https:\/\/www.fcbarcelonanoticias.com\/en\/#website"},"primaryImageOfPage":{"@id":"https:\/\/www.fcbarcelonanoticias.com\/en\/fc-barcelona\/laporta-obtains-majority-support-at-barcelona-assembly_315060_102.html#primaryimage"},"image":{"@id":"https:\/\/www.fcbarcelonanoticias.com\/en\/fc-barcelona\/laporta-obtains-majority-support-at-barcelona-assembly_315060_102.html#primaryimage"},"thumbnailUrl":"https:\/\/www.fcbarcelonanoticias.com\/en\/wp-content\/uploads\/sites\/2\/2025\/10\/asamblea-general-ordinaria-2025-fc-barcelona-1.webp","datePublished":"2025-10-19T15:44:00+00:00","dateModified":"2025-10-19T15:46:00+00:00","author":{"@id":"https:\/\/www.fcbarcelonanoticias.com\/en\/#\/schema\/person\/c2cd9f6fa1af5c0d0eccd0fefa575c88"},"description":"A quorum of 553 delegate members approved the Barcelona board's accounts for the 24\/25 financial year, along with the 25\/26 budget","breadcrumb":{"@id":"https:\/\/www.fcbarcelonanoticias.com\/en\/fc-barcelona\/laporta-obtains-majority-support-at-barcelona-assembly_315060_102.html#breadcrumb"},"inLanguage":"en-US","potentialAction":[{"@type":"ReadAction","target":["https:\/\/www.fcbarcelonanoticias.com\/en\/fc-barcelona\/laporta-obtains-majority-support-at-barcelona-assembly_315060_102.html"]}]},{"@type":"ImageObject","inLanguage":"en-US","@id":"https:\/\/www.fcbarcelonanoticias.com\/en\/fc-barcelona\/laporta-obtains-majority-support-at-barcelona-assembly_315060_102.html#primaryimage","url":"https:\/\/www.fcbarcelonanoticias.com\/en\/wp-content\/uploads\/sites\/2\/2025\/10\/asamblea-general-ordinaria-2025-fc-barcelona-1.webp","contentUrl":"https:\/\/www.fcbarcelonanoticias.com\/en\/wp-content\/uploads\/sites\/2\/2025\/10\/asamblea-general-ordinaria-2025-fc-barcelona-1.webp","width":1200,"height":675},{"@type":"BreadcrumbList","@id":"https:\/\/www.fcbarcelonanoticias.com\/en\/fc-barcelona\/laporta-obtains-majority-support-at-barcelona-assembly_315060_102.html#breadcrumb","itemListElement":[{"@type":"ListItem","position":1,"name":"Portada","item":"https:\/\/www.fcbarcelonanoticias.com\/en\/"},{"@type":"ListItem","position":2,"name":"Bar\u00e7a&#8217;s Assembly approves the 24\/25 accounts and the 25\/26 budget"}]},{"@type":"WebSite","@id":"https:\/\/www.fcbarcelonanoticias.com\/en\/#website","url":"https:\/\/www.fcbarcelonanoticias.com\/en\/","name":"EN - FC Barcelona Noticias","description":"","potentialAction":[{"@type":"SearchAction","target":{"@type":"EntryPoint","urlTemplate":"https:\/\/www.fcbarcelonanoticias.com\/en\/?s={search_term_string}"},"query-input":{"@type":"PropertyValueSpecification","valueRequired":true,"valueName":"search_term_string"}}],"inLanguage":"en-US"},{"@type":"Person","@id":"https:\/\/www.fcbarcelonanoticias.com\/en\/#\/schema\/person\/c2cd9f6fa1af5c0d0eccd0fefa575c88","name":"Andr\u00e9s Quiroz","image":{"@type":"ImageObject","inLanguage":"en-US","@id":"https:\/\/secure.gravatar.com\/avatar\/?s=96&d=mm&r=g","url":"https:\/\/secure.gravatar.com\/avatar\/?s=96&d=mm&r=g","contentUrl":"https:\/\/secure.gravatar.com\/avatar\/?s=96&d=mm&r=g","caption":"Andr\u00e9s Quiroz"},"description":"Licenciado en Periodismo por la Universidad de los Andes. Me encargo de analizar y compartir los contenidos m\u00e1s destacados de la\u00a0actualidad del F\u00fatbol Club Barcelona, Mercado de Fichajes y F\u00fatbol Internacional en FCBN. La informaci\u00f3n es poder, pero tambi\u00e9n conocimiento.","url":"https:\/\/www.fcbarcelonanoticias.com\/en\/fc-barcelona\/andres-quiroz_17_115.html"}]}},"_links":{"self":[{"href":"https:\/\/www.fcbarcelonanoticias.com\/en\/wp-json\/wp\/v2\/posts\/23910","targetHints":{"allow":["GET"]}}],"collection":[{"href":"https:\/\/www.fcbarcelonanoticias.com\/en\/wp-json\/wp\/v2\/posts"}],"about":[{"href":"https:\/\/www.fcbarcelonanoticias.com\/en\/wp-json\/wp\/v2\/types\/post"}],"author":[{"embeddable":true,"href":"https:\/\/www.fcbarcelonanoticias.com\/en\/wp-json\/wp\/v2\/users\/347"}],"replies":[{"embeddable":true,"href":"https:\/\/www.fcbarcelonanoticias.com\/en\/wp-json\/wp\/v2\/comments?post=23910"}],"version-history":[{"count":1,"href":"https:\/\/www.fcbarcelonanoticias.com\/en\/wp-json\/wp\/v2\/posts\/23910\/revisions"}],"predecessor-version":[{"id":106200,"href":"https:\/\/www.fcbarcelonanoticias.com\/en\/wp-json\/wp\/v2\/posts\/23910\/revisions\/106200"}],"wp:featuredmedia":[{"embeddable":true,"href":"https:\/\/www.fcbarcelonanoticias.com\/en\/wp-json\/wp\/v2\/media\/23913"}],"wp:attachment":[{"href":"https:\/\/www.fcbarcelonanoticias.com\/en\/wp-json\/wp\/v2\/media?parent=23910"}],"wp:term":[{"taxonomy":"category","embeddable":true,"href":"https:\/\/www.fcbarcelonanoticias.com\/en\/wp-json\/wp\/v2\/categories?post=23910"},{"taxonomy":"post_tag","embeddable":true,"href":"https:\/\/www.fcbarcelonanoticias.com\/en\/wp-json\/wp\/v2\/tags?post=23910"}],"curies":[{"name":"wp","href":"https:\/\/api.w.org\/{rel}","templated":true}]}}