{"id":23919,"date":"2025-11-28T17:54:00","date_gmt":"2025-11-28T16:54:00","guid":{"rendered":"https:\/\/weisetech.dev\/fc-barcelona-noticias\/en\/laporta-explosive-against-florentino-and-paternal-with-araujo_315350_102\/"},"modified":"2025-11-28T17:54:00","modified_gmt":"2025-11-28T16:54:00","slug":"laporta-explosive-against-florentino-and-paternal-with-araujo_315350_102","status":"publish","type":"post","link":"https:\/\/www.fcbarcelonanoticias.com\/en\/fc-barcelona\/laporta-explosive-against-florentino-and-paternal-with-araujo_315350_102.html","title":{"rendered":"Joan Laporta: explosive against Florentino and Real Madrid supporters; paternal with Araujo"},"content":{"rendered":"<h2 class=\"wp-block-heading\">Joan Laporta responded to Florentino P\u00e9rez after the Real Madrid president&#8217;s attack on the club over the &#8216;Negreira case&#8217;. The Bar\u00e7a president recalled the refereeing assistance that, the previous matchday, prevented the &#8216;Merengue&#8217; from losing in Elche<\/h2>  \r\n<div class=\"article-addons\">\r\n    <a href=\"https:\/\/www.fcbarcelonanoticias.com\/en\/calendar-fc-barcelona.html\"\r\n       target=\"_self\"\r\n       title=\"Calendar of FC Barcelona\"\r\n       class=\"blue-gredient-btn\">\r\n       \r\n        Calendar of FC Barcelona    <\/a>\r\n<\/div>   <p><strong>Joan Laporta<\/strong> harshly criticized <strong>Florentino P\u00e9rez<\/strong> and <strong>Real Madrid<\/strong> during the presentation of the book &#8216;Principado azulgrana: a country with a Bar\u00e7a feeling&#8217;. At an event held in Andorra, the Bar\u00e7a president defended <strong>FC Barcelona<\/strong> following Florentino&#8217;s criticisms <a data-external=\"0\" data-intl-links-en=\"https:\/\/www.fcbarcelonanoticias.com\/en\/real-madrid\/florentino-perez-lashes-out-at-barca-over-negreira-case_315307_102.html\" data-intl-links-es=\"https:\/\/www.fcbarcelonanoticias.com\/real-madrid\/florentino-perez-carga-contra-barca-mantiene-guerra-abierta-con-uefa-laliga_315307_102.html\" href=\"https:\/\/www.fcbarcelonanoticias.com\/en\/real-madrid\/florentino-perez-lashes-out-at-barca-over-negreira-case_315307_102.html\" rel=\"follow\" target=\"_self\" title=\"Florentino P\u00e9rez carga contra el Bar\u00e7a y mantiene la guerra abierta con UEFA y LaLiga\">during the last Madrid assembly<\/a>.<\/p>  <p>&#8220;(Florentino&#8217;s words) **denote the &#8216;Barcelonitis&#8217; that Madrid has. It seems they have to talk about Bar\u00e7a to justify I don&#8217;t know what**. They are present at all times in the judicial process of the &#8216;Negreira Case&#8217;, which they are stretching like chewing gum because they know there&#8217;s nothing,&#8221; &#8216;Jan&#8217; began.<\/p>  <p>In that sense, he added: &#8220;but it&#8217;s a way of justifying something that isn&#8217;t true: <strong>Bar\u00e7a has never bought a referee and referees generally don&#8217;t favor Bar\u00e7a. They&#8217;ve always favored Madrid<\/strong>&#8220;. In this regard, he recalled the two &#8216;Merengue&#8217; goals against Elche (2-2), which <a data-external=\"0\" data-intl-links-en=\"https:\/\/www.fcbarcelonanoticias.com\/en\/laliga\/all-refereeing-controversies-and-reactions-from-elche-madrid_315314_102.html\" data-intl-links-es=\"https:\/\/www.fcbarcelonanoticias.com\/laliga\/dos-goles-real-madrid-elche-debieron-ser-anulados-por-var_315314_102.html\" href=\"https:\/\/www.fcbarcelonanoticias.com\/en\/laliga\/all-refereeing-controversies-and-reactions-from-elche-madrid_315314_102.html\" rel=\"follow\" target=\"_self\" title=\"Los dos goles del Real Madrid en Elche debieron ser anulados por el VAR\">should have been disallowed by VAR<\/a>&#8220;.<\/p>  <p>From my point of view, it&#8217;s clear that Bellingham touched the ball with his arm, which facilitated the goal; and in the other instance, Vinicius broke I\u00f1aki&#8217;s nose. <strong>Those two goals should not have stood, and Bar\u00e7a would now be leading LaLiga<\/strong>,&#8221; argued Laporta.<\/p>  <h2>&#8216;RMTV&#8217; Harassment, Madrid&#8217;s Panic and Persecution in LaLiga<\/h2>  <p>The Bar\u00e7a president also criticized the harassment of referees by &#8216;Real Madrid TV&#8217;, whose reports aim to influence refereeing decisions each matchday. &#8220;<strong>What their television says is worthy of study. I understand the sociological Real Madrid fanbase that exists, but let them not give us little lessons<\/strong> and not discredit us,&#8221; he added.<\/p>  <p>Likewise, Laporta believes that Madrid suffers from **a &#8220;persecutory mania&#8221; due to the prestige and titles won by Bar\u00e7a between 2004 and 2015**, all through their own merit. Furthermore, he insists that the &#8220;Barcelonitis&#8221; of Florentino and the white leadership denotes a distraction strategy to cover up their shortcomings, as well as the good moment of the Blaugrana team.<\/p>  <p>&#8220;**Perhaps they are panicking because Bar\u00e7a is re-emerging and we could have a splendid period that they want to minimize or discredit**, but we will not allow it,&#8221; the Bar\u00e7a president stated.<\/p>  <blockquote> <p>&#8220;If they are installed in Barcelona, I&#8217;m delighted, because generally those are times when Bar\u00e7a is successful and triumphs&#8221;<\/p> <\/blockquote>  <h2>Defense of Ronald Araujo and Calmness After Defeat Against Chelsea<\/h2>  <p>Joan Laporta also reviewed the current situation of Hansi Flick&#8217;s team. The president expressed his confidence in recovering the bulk of the squad in the coming weeks, although <strong>Ferm\u00edn L\u00f3pez <\/strong>will be out for about 15 days. Regarding the defeat against Chelsea, the leader believes it will be &#8220;a turning point&#8221; to see the best Bar\u00e7a again.<\/p>  <p>&#8220;Many times in our history, a bad result has catapulted us into a good season of success. I am sure it will be like this,&#8221; Laporta stated, who also backed <strong>Ronald Araujo<\/strong>. For the president, the Uruguayan center-back has the unconditional support of the club and the locker room.<\/p>  <p>&#8220;He has been criticized a lot, and I don&#8217;t think it&#8217;s fair. He gives his all on the field. He is our captain. I want to tell him that we are with him, that we win and lose together. We are a team, there is no single person responsible for victories or defeats,&#8221; Laporta pointed out.<\/p>  <blockquote> <p>&#8220;We are in the process of recovery. Joy has settled in among Barcelona fans&#8230; and perhaps that will cause panic in Real Madrid, in case we recover a splendid era. We already started it last season&#8221;<\/p> <\/blockquote>  <ul> <li>\ud83d\udc49Consult more FC Barcelona news in our section dedicated to&nbsp;<strong><a data-external=\"0\" data-intl-links-en=\"https:\/\/www.fcbarcelonanoticias.com\/en\/fc-barcelona\" data-intl-links-es=\"https:\/\/www.fcbarcelonanoticias.com\/fc-barcelona\" href=\"https:\/\/www.fcbarcelonanoticias.com\/en\/football-soccer\/fc-barcelona.html\" rel=\"follow\" target=\"_self\" title=\"FC Barcelona\">Football Club Barcelona<\/a><\/strong>.<\/li> <\/ul> ","protected":false},"excerpt":{"rendered":"<p>Joan Laporta responded to Florentino P\u00e9rez after the Real Madrid president&#8217;s attack on the club over the &#8216;Negreira case&#8217;. The Bar\u00e7a president recalled the refereeing assistance that, the previous matchday, prevented the &#8216;Merengue&#8217; from losing in Elche Joan Laporta harshly criticized Florentino P\u00e9rez and Real Madrid during the presentation of the book &#8216;Principado azulgrana: a [&hellip;]<\/p>\n","protected":false},"author":347,"featured_media":23920,"comment_status":"closed","ping_status":"open","sticky":false,"template":"","format":"standard","meta":{"_acf_changed":false,"inline_featured_image":false,"_nextfly_llmd_date_locked":false,"footnotes":""},"categories":[111],"tags":[177,158,285,460],"class_list":["post-23919","post","type-post","status-publish","format-standard","has-post-thumbnail","hentry","category-fc-barcelona","tag-florentino-perez","tag-joan-laporta","tag-ronald-araujo","tag-ronald-araujo-2"],"acf":[],"yoast_head":"<!-- This site is optimized with the Yoast SEO plugin v27.3 - https:\/\/yoast.com\/product\/yoast-seo-wordpress\/ -->\n<title>Laporta: explosive against Florentino and paternal with Araujo<\/title>\n<meta name=\"description\" content=\"Joan Laporta responded to Florentino P\u00e9rez and backed Ronald Araujo at an event in Andorra. Discover what the Bar\u00e7a president said\" \/>\n<meta name=\"robots\" content=\"index, follow, max-snippet:-1, max-image-preview:large, max-video-preview:-1\" \/>\n<link rel=\"canonical\" href=\"https:\/\/www.fcbarcelonanoticias.com\/en\/fc-barcelona\/laporta-explosive-against-florentino-and-paternal-with-araujo_315350_102.html\" \/>\n<meta property=\"og:locale\" content=\"en_US\" \/>\n<meta property=\"og:type\" content=\"article\" \/>\n<meta property=\"og:title\" content=\"Laporta: explosive against Florentino and paternal with Araujo\" \/>\n<meta property=\"og:description\" content=\"Joan Laporta responded to Florentino P\u00e9rez and backed Ronald Araujo at an event in Andorra. Discover what the Bar\u00e7a president said\" \/>\n<meta property=\"og:url\" content=\"https:\/\/www.fcbarcelonanoticias.com\/en\/fc-barcelona\/laporta-explosive-against-florentino-and-paternal-with-araujo_315350_102.html\" \/>\n<meta property=\"og:site_name\" content=\"EN - FC Barcelona Noticias\" \/>\n<meta property=\"article:published_time\" content=\"2025-11-28T16:54:00+00:00\" \/>\n<meta property=\"og:image\" content=\"https:\/\/www.fcbarcelonanoticias.com\/en\/wp-content\/uploads\/sites\/2\/2025\/11\/joan-laporta-florentino-perez-clasico-laliga.webp\" \/>\n\t<meta property=\"og:image:width\" content=\"1200\" \/>\n\t<meta property=\"og:image:height\" content=\"675\" \/>\n\t<meta property=\"og:image:type\" content=\"image\/webp\" \/>\n<meta name=\"author\" content=\"Andr\u00e9s Quiroz\" \/>\n<meta name=\"twitter:card\" content=\"summary_large_image\" \/>\n<meta name=\"twitter:label1\" content=\"Written by\" \/>\n\t<meta name=\"twitter:data1\" content=\"Andr\u00e9s Quiroz\" \/>\n\t<meta name=\"twitter:label2\" content=\"Est. reading time\" \/>\n\t<meta name=\"twitter:data2\" content=\"3 minutes\" \/>\n<script type=\"application\/ld+json\" class=\"yoast-schema-graph\">{\"@context\":\"https:\\\/\\\/schema.org\",\"@graph\":[{\"@type\":\"Article\",\"@id\":\"https:\\\/\\\/www.fcbarcelonanoticias.com\\\/en\\\/fc-barcelona\\\/laporta-explosive-against-florentino-and-paternal-with-araujo_315350_102.html#article\",\"isPartOf\":{\"@id\":\"https:\\\/\\\/www.fcbarcelonanoticias.com\\\/en\\\/fc-barcelona\\\/laporta-explosive-against-florentino-and-paternal-with-araujo_315350_102.html\"},\"author\":{\"name\":\"Andr\u00e9s Quiroz\",\"@id\":\"https:\\\/\\\/www.fcbarcelonanoticias.com\\\/en\\\/#\\\/schema\\\/person\\\/c2cd9f6fa1af5c0d0eccd0fefa575c88\"},\"headline\":\"Joan Laporta: explosive against Florentino and Real Madrid supporters; paternal with Araujo\",\"datePublished\":\"2025-11-28T16:54:00+00:00\",\"mainEntityOfPage\":{\"@id\":\"https:\\\/\\\/www.fcbarcelonanoticias.com\\\/en\\\/fc-barcelona\\\/laporta-explosive-against-florentino-and-paternal-with-araujo_315350_102.html\"},\"wordCount\":660,\"image\":{\"@id\":\"https:\\\/\\\/www.fcbarcelonanoticias.com\\\/en\\\/fc-barcelona\\\/laporta-explosive-against-florentino-and-paternal-with-araujo_315350_102.html#primaryimage\"},\"thumbnailUrl\":\"https:\\\/\\\/www.fcbarcelonanoticias.com\\\/en\\\/wp-content\\\/uploads\\\/sites\\\/2\\\/2025\\\/11\\\/joan-laporta-florentino-perez-clasico-laliga.webp\",\"keywords\":[\"Florentino P\u00e9rez\",\"Joan Laporta\",\"Ronald Araujo\",\"Ronald Araujo\"],\"articleSection\":[\"FC Barcelona\"],\"inLanguage\":\"en-US\"},{\"@type\":\"WebPage\",\"@id\":\"https:\\\/\\\/www.fcbarcelonanoticias.com\\\/en\\\/fc-barcelona\\\/laporta-explosive-against-florentino-and-paternal-with-araujo_315350_102.html\",\"url\":\"https:\\\/\\\/www.fcbarcelonanoticias.com\\\/en\\\/fc-barcelona\\\/laporta-explosive-against-florentino-and-paternal-with-araujo_315350_102.html\",\"name\":\"Laporta: explosive against Florentino and paternal with Araujo\",\"isPartOf\":{\"@id\":\"https:\\\/\\\/www.fcbarcelonanoticias.com\\\/en\\\/#website\"},\"primaryImageOfPage\":{\"@id\":\"https:\\\/\\\/www.fcbarcelonanoticias.com\\\/en\\\/fc-barcelona\\\/laporta-explosive-against-florentino-and-paternal-with-araujo_315350_102.html#primaryimage\"},\"image\":{\"@id\":\"https:\\\/\\\/www.fcbarcelonanoticias.com\\\/en\\\/fc-barcelona\\\/laporta-explosive-against-florentino-and-paternal-with-araujo_315350_102.html#primaryimage\"},\"thumbnailUrl\":\"https:\\\/\\\/www.fcbarcelonanoticias.com\\\/en\\\/wp-content\\\/uploads\\\/sites\\\/2\\\/2025\\\/11\\\/joan-laporta-florentino-perez-clasico-laliga.webp\",\"datePublished\":\"2025-11-28T16:54:00+00:00\",\"author\":{\"@id\":\"https:\\\/\\\/www.fcbarcelonanoticias.com\\\/en\\\/#\\\/schema\\\/person\\\/c2cd9f6fa1af5c0d0eccd0fefa575c88\"},\"description\":\"Joan Laporta responded to Florentino P\u00e9rez and backed Ronald Araujo at an event in Andorra. Discover what the Bar\u00e7a president said\",\"breadcrumb\":{\"@id\":\"https:\\\/\\\/www.fcbarcelonanoticias.com\\\/en\\\/fc-barcelona\\\/laporta-explosive-against-florentino-and-paternal-with-araujo_315350_102.html#breadcrumb\"},\"inLanguage\":\"en-US\",\"potentialAction\":[{\"@type\":\"ReadAction\",\"target\":[\"https:\\\/\\\/www.fcbarcelonanoticias.com\\\/en\\\/fc-barcelona\\\/laporta-explosive-against-florentino-and-paternal-with-araujo_315350_102.html\"]}]},{\"@type\":\"ImageObject\",\"inLanguage\":\"en-US\",\"@id\":\"https:\\\/\\\/www.fcbarcelonanoticias.com\\\/en\\\/fc-barcelona\\\/laporta-explosive-against-florentino-and-paternal-with-araujo_315350_102.html#primaryimage\",\"url\":\"https:\\\/\\\/www.fcbarcelonanoticias.com\\\/en\\\/wp-content\\\/uploads\\\/sites\\\/2\\\/2025\\\/11\\\/joan-laporta-florentino-perez-clasico-laliga.webp\",\"contentUrl\":\"https:\\\/\\\/www.fcbarcelonanoticias.com\\\/en\\\/wp-content\\\/uploads\\\/sites\\\/2\\\/2025\\\/11\\\/joan-laporta-florentino-perez-clasico-laliga.webp\",\"width\":1200,\"height\":675},{\"@type\":\"BreadcrumbList\",\"@id\":\"https:\\\/\\\/www.fcbarcelonanoticias.com\\\/en\\\/fc-barcelona\\\/laporta-explosive-against-florentino-and-paternal-with-araujo_315350_102.html#breadcrumb\",\"itemListElement\":[{\"@type\":\"ListItem\",\"position\":1,\"name\":\"Portada\",\"item\":\"https:\\\/\\\/www.fcbarcelonanoticias.com\\\/en\\\/\"},{\"@type\":\"ListItem\",\"position\":2,\"name\":\"Joan Laporta: explosive against Florentino and Real Madrid supporters; paternal with Araujo\"}]},{\"@type\":\"WebSite\",\"@id\":\"https:\\\/\\\/www.fcbarcelonanoticias.com\\\/en\\\/#website\",\"url\":\"https:\\\/\\\/www.fcbarcelonanoticias.com\\\/en\\\/\",\"name\":\"EN - FC Barcelona Noticias\",\"description\":\"\",\"potentialAction\":[{\"@type\":\"SearchAction\",\"target\":{\"@type\":\"EntryPoint\",\"urlTemplate\":\"https:\\\/\\\/www.fcbarcelonanoticias.com\\\/en\\\/?s={search_term_string}\"},\"query-input\":{\"@type\":\"PropertyValueSpecification\",\"valueRequired\":true,\"valueName\":\"search_term_string\"}}],\"inLanguage\":\"en-US\"},{\"@type\":\"Person\",\"@id\":\"https:\\\/\\\/www.fcbarcelonanoticias.com\\\/en\\\/#\\\/schema\\\/person\\\/c2cd9f6fa1af5c0d0eccd0fefa575c88\",\"name\":\"Andr\u00e9s Quiroz\",\"image\":{\"@type\":\"ImageObject\",\"inLanguage\":\"en-US\",\"@id\":\"https:\\\/\\\/secure.gravatar.com\\\/avatar\\\/?s=96&d=mm&r=g\",\"url\":\"https:\\\/\\\/secure.gravatar.com\\\/avatar\\\/?s=96&d=mm&r=g\",\"contentUrl\":\"https:\\\/\\\/secure.gravatar.com\\\/avatar\\\/?s=96&d=mm&r=g\",\"caption\":\"Andr\u00e9s Quiroz\"},\"description\":\"Licenciado en Periodismo por la Universidad de los Andes. Me encargo de analizar y compartir los contenidos m\u00e1s destacados de la\u00a0actualidad del F\u00fatbol Club Barcelona, Mercado de Fichajes y F\u00fatbol Internacional en FCBN. La informaci\u00f3n es poder, pero tambi\u00e9n conocimiento.\",\"url\":\"https:\\\/\\\/www.fcbarcelonanoticias.com\\\/en\\\/fc-barcelona\\\/andres-quiroz_17_115.html\"}]}<\/script>\n<!-- \/ Yoast SEO plugin. -->","yoast_head_json":{"title":"Laporta: explosive against Florentino and paternal with Araujo","description":"Joan Laporta responded to Florentino P\u00e9rez and backed Ronald Araujo at an event in Andorra. Discover what the Bar\u00e7a president said","robots":{"index":"index","follow":"follow","max-snippet":"max-snippet:-1","max-image-preview":"max-image-preview:large","max-video-preview":"max-video-preview:-1"},"canonical":"https:\/\/www.fcbarcelonanoticias.com\/en\/fc-barcelona\/laporta-explosive-against-florentino-and-paternal-with-araujo_315350_102.html","og_locale":"en_US","og_type":"article","og_title":"Laporta: explosive against Florentino and paternal with Araujo","og_description":"Joan Laporta responded to Florentino P\u00e9rez and backed Ronald Araujo at an event in Andorra. Discover what the Bar\u00e7a president said","og_url":"https:\/\/www.fcbarcelonanoticias.com\/en\/fc-barcelona\/laporta-explosive-against-florentino-and-paternal-with-araujo_315350_102.html","og_site_name":"EN - FC Barcelona Noticias","article_published_time":"2025-11-28T16:54:00+00:00","og_image":[{"width":1200,"height":675,"url":"https:\/\/www.fcbarcelonanoticias.com\/en\/wp-content\/uploads\/sites\/2\/2025\/11\/joan-laporta-florentino-perez-clasico-laliga.webp","type":"image\/webp"}],"author":"Andr\u00e9s Quiroz","twitter_card":"summary_large_image","twitter_misc":{"Written by":"Andr\u00e9s Quiroz","Est. reading time":"3 minutes"},"schema":{"@context":"https:\/\/schema.org","@graph":[{"@type":"Article","@id":"https:\/\/www.fcbarcelonanoticias.com\/en\/fc-barcelona\/laporta-explosive-against-florentino-and-paternal-with-araujo_315350_102.html#article","isPartOf":{"@id":"https:\/\/www.fcbarcelonanoticias.com\/en\/fc-barcelona\/laporta-explosive-against-florentino-and-paternal-with-araujo_315350_102.html"},"author":{"name":"Andr\u00e9s Quiroz","@id":"https:\/\/www.fcbarcelonanoticias.com\/en\/#\/schema\/person\/c2cd9f6fa1af5c0d0eccd0fefa575c88"},"headline":"Joan Laporta: explosive against Florentino and Real Madrid supporters; paternal with Araujo","datePublished":"2025-11-28T16:54:00+00:00","mainEntityOfPage":{"@id":"https:\/\/www.fcbarcelonanoticias.com\/en\/fc-barcelona\/laporta-explosive-against-florentino-and-paternal-with-araujo_315350_102.html"},"wordCount":660,"image":{"@id":"https:\/\/www.fcbarcelonanoticias.com\/en\/fc-barcelona\/laporta-explosive-against-florentino-and-paternal-with-araujo_315350_102.html#primaryimage"},"thumbnailUrl":"https:\/\/www.fcbarcelonanoticias.com\/en\/wp-content\/uploads\/sites\/2\/2025\/11\/joan-laporta-florentino-perez-clasico-laliga.webp","keywords":["Florentino P\u00e9rez","Joan Laporta","Ronald Araujo","Ronald Araujo"],"articleSection":["FC Barcelona"],"inLanguage":"en-US"},{"@type":"WebPage","@id":"https:\/\/www.fcbarcelonanoticias.com\/en\/fc-barcelona\/laporta-explosive-against-florentino-and-paternal-with-araujo_315350_102.html","url":"https:\/\/www.fcbarcelonanoticias.com\/en\/fc-barcelona\/laporta-explosive-against-florentino-and-paternal-with-araujo_315350_102.html","name":"Laporta: explosive against Florentino and paternal with Araujo","isPartOf":{"@id":"https:\/\/www.fcbarcelonanoticias.com\/en\/#website"},"primaryImageOfPage":{"@id":"https:\/\/www.fcbarcelonanoticias.com\/en\/fc-barcelona\/laporta-explosive-against-florentino-and-paternal-with-araujo_315350_102.html#primaryimage"},"image":{"@id":"https:\/\/www.fcbarcelonanoticias.com\/en\/fc-barcelona\/laporta-explosive-against-florentino-and-paternal-with-araujo_315350_102.html#primaryimage"},"thumbnailUrl":"https:\/\/www.fcbarcelonanoticias.com\/en\/wp-content\/uploads\/sites\/2\/2025\/11\/joan-laporta-florentino-perez-clasico-laliga.webp","datePublished":"2025-11-28T16:54:00+00:00","author":{"@id":"https:\/\/www.fcbarcelonanoticias.com\/en\/#\/schema\/person\/c2cd9f6fa1af5c0d0eccd0fefa575c88"},"description":"Joan Laporta responded to Florentino P\u00e9rez and backed Ronald Araujo at an event in Andorra. Discover what the Bar\u00e7a president said","breadcrumb":{"@id":"https:\/\/www.fcbarcelonanoticias.com\/en\/fc-barcelona\/laporta-explosive-against-florentino-and-paternal-with-araujo_315350_102.html#breadcrumb"},"inLanguage":"en-US","potentialAction":[{"@type":"ReadAction","target":["https:\/\/www.fcbarcelonanoticias.com\/en\/fc-barcelona\/laporta-explosive-against-florentino-and-paternal-with-araujo_315350_102.html"]}]},{"@type":"ImageObject","inLanguage":"en-US","@id":"https:\/\/www.fcbarcelonanoticias.com\/en\/fc-barcelona\/laporta-explosive-against-florentino-and-paternal-with-araujo_315350_102.html#primaryimage","url":"https:\/\/www.fcbarcelonanoticias.com\/en\/wp-content\/uploads\/sites\/2\/2025\/11\/joan-laporta-florentino-perez-clasico-laliga.webp","contentUrl":"https:\/\/www.fcbarcelonanoticias.com\/en\/wp-content\/uploads\/sites\/2\/2025\/11\/joan-laporta-florentino-perez-clasico-laliga.webp","width":1200,"height":675},{"@type":"BreadcrumbList","@id":"https:\/\/www.fcbarcelonanoticias.com\/en\/fc-barcelona\/laporta-explosive-against-florentino-and-paternal-with-araujo_315350_102.html#breadcrumb","itemListElement":[{"@type":"ListItem","position":1,"name":"Portada","item":"https:\/\/www.fcbarcelonanoticias.com\/en\/"},{"@type":"ListItem","position":2,"name":"Joan Laporta: explosive against Florentino and Real Madrid supporters; paternal with Araujo"}]},{"@type":"WebSite","@id":"https:\/\/www.fcbarcelonanoticias.com\/en\/#website","url":"https:\/\/www.fcbarcelonanoticias.com\/en\/","name":"EN - FC Barcelona Noticias","description":"","potentialAction":[{"@type":"SearchAction","target":{"@type":"EntryPoint","urlTemplate":"https:\/\/www.fcbarcelonanoticias.com\/en\/?s={search_term_string}"},"query-input":{"@type":"PropertyValueSpecification","valueRequired":true,"valueName":"search_term_string"}}],"inLanguage":"en-US"},{"@type":"Person","@id":"https:\/\/www.fcbarcelonanoticias.com\/en\/#\/schema\/person\/c2cd9f6fa1af5c0d0eccd0fefa575c88","name":"Andr\u00e9s Quiroz","image":{"@type":"ImageObject","inLanguage":"en-US","@id":"https:\/\/secure.gravatar.com\/avatar\/?s=96&d=mm&r=g","url":"https:\/\/secure.gravatar.com\/avatar\/?s=96&d=mm&r=g","contentUrl":"https:\/\/secure.gravatar.com\/avatar\/?s=96&d=mm&r=g","caption":"Andr\u00e9s Quiroz"},"description":"Licenciado en Periodismo por la Universidad de los Andes. Me encargo de analizar y compartir los contenidos m\u00e1s destacados de la\u00a0actualidad del F\u00fatbol Club Barcelona, Mercado de Fichajes y F\u00fatbol Internacional en FCBN. La informaci\u00f3n es poder, pero tambi\u00e9n conocimiento.","url":"https:\/\/www.fcbarcelonanoticias.com\/en\/fc-barcelona\/andres-quiroz_17_115.html"}]}},"_links":{"self":[{"href":"https:\/\/www.fcbarcelonanoticias.com\/en\/wp-json\/wp\/v2\/posts\/23919","targetHints":{"allow":["GET"]}}],"collection":[{"href":"https:\/\/www.fcbarcelonanoticias.com\/en\/wp-json\/wp\/v2\/posts"}],"about":[{"href":"https:\/\/www.fcbarcelonanoticias.com\/en\/wp-json\/wp\/v2\/types\/post"}],"author":[{"embeddable":true,"href":"https:\/\/www.fcbarcelonanoticias.com\/en\/wp-json\/wp\/v2\/users\/347"}],"replies":[{"embeddable":true,"href":"https:\/\/www.fcbarcelonanoticias.com\/en\/wp-json\/wp\/v2\/comments?post=23919"}],"version-history":[{"count":1,"href":"https:\/\/www.fcbarcelonanoticias.com\/en\/wp-json\/wp\/v2\/posts\/23919\/revisions"}],"predecessor-version":[{"id":106175,"href":"https:\/\/www.fcbarcelonanoticias.com\/en\/wp-json\/wp\/v2\/posts\/23919\/revisions\/106175"}],"wp:featuredmedia":[{"embeddable":true,"href":"https:\/\/www.fcbarcelonanoticias.com\/en\/wp-json\/wp\/v2\/media\/23920"}],"wp:attachment":[{"href":"https:\/\/www.fcbarcelonanoticias.com\/en\/wp-json\/wp\/v2\/media?parent=23919"}],"wp:term":[{"taxonomy":"category","embeddable":true,"href":"https:\/\/www.fcbarcelonanoticias.com\/en\/wp-json\/wp\/v2\/categories?post=23919"},{"taxonomy":"post_tag","embeddable":true,"href":"https:\/\/www.fcbarcelonanoticias.com\/en\/wp-json\/wp\/v2\/tags?post=23919"}],"curies":[{"name":"wp","href":"https:\/\/api.w.org\/{rel}","templated":true}]}}