{"id":24021,"date":"2024-01-23T20:26:00","date_gmt":"2024-01-23T19:26:00","guid":{"rendered":"https:\/\/weisetech.dev\/fc-barcelona-noticias\/en\/laporta-responds-to-de-jong-and-is-candid-about-super-league_314983_102-2\/"},"modified":"2024-01-24T08:59:00","modified_gmt":"2024-01-24T07:59:00","slug":"laporta-raises-his-voice-against-madrid-the-competition-cannot-be-adulterated-any-more_300187_102","status":"publish","type":"post","link":"https:\/\/www.fcbarcelonanoticias.com\/en\/fc-barcelona\/laporta-raises-his-voice-against-madrid-the-competition-cannot-be-adulterated-any-more_300187_102.html","title":{"rendered":"Laporta raises his voice against Madrid: &#8220;The competition cannot be adulterated any more&#8221;"},"content":{"rendered":"<h2 class=\"wp-block-heading\">The controversial refereeing in the match between Real Madrid and Almer\u00eda has generated a large amount of criticism and complaints from various sectors.  One of them has been FC Barcelona, \u200b\u200bwhich through Joan Laporta, has begun to demand explanations and that measures be taken in this regard<\/h2>  \r\n<div class=\"article-addons\">\r\n    <a href=\"https:\/\/www.fcbarcelonanoticias.com\/en\/calendar-fc-barcelona.html\"\r\n       target=\"_self\"\r\n       title=\"Calendar of FC Barcelona\"\r\n       class=\"blue-gredient-btn\">\r\n       \r\n        Calendar of FC Barcelona    <\/a>\r\n<\/div>   <p>Joan Laporta, president of the FC Barcelona, <strong>has been one of the main critical voices in relation with the controversial arbitration<\/strong> observed the past Sunday in Santiago Bernab\u00e9u in profit of the Real Madrid. In the commitment in front of the UD Almer\u00eda, <a data-external=\"0\" data-intl-links-en=\"https:\/\/www.fcbarcelonanoticias.com\/en\/real-madrid\/scandal-at-the-bernabeu-the-3-controversial-decisions-in-which-the-var-helped-madrid_300118_102.html\" data-intl-links-es=\"https:\/\/www.fcbarcelonanoticias.com\/real-madrid\/escandalo-en-bernabeu-3-polemicas-decisiones-en-var-ayudo-madrid_300118_102.html\" href=\"https:\/\/www.fcbarcelonanoticias.com\/en\/real-madrid\/scandal-at-the-bernabeu-the-3-controversial-decisions-in-which-the-var-helped-madrid_300118_102.html\" rel=\"follow\" target=\"_self\" title=\"\u00a1Esc\u00e1ndalo en el Bernab\u00e9u! Las 3 pol\u00e9micas decisiones en las que el VAR ayud\u00f3 al Madrid\">the cast merengue received three favourable decisions<\/a> in played truly questionable. These events, <a data-external=\"0\" data-intl-links-en=\"https:\/\/www.fcbarcelonanoticias.com\/en\/international-football\/the-rfef-confirms-its-complaint-for-the-leak-of-the-var-audios-of-madrid-almeria_300185_102.html\" data-intl-links-es=\"https:\/\/www.fcbarcelonanoticias.com\/futbol-internacional\/rfef-confirma-su-denuncia-por-filtracion-audios-var-madrid-almeria_300185_102.html\" href=\"https:\/\/www.fcbarcelonanoticias.com\/en\/international-football\/the-rfef-confirms-its-complaint-for-the-leak-of-the-var-audios-of-madrid-almeria_300185_102.html\" rel=\"follow\" target=\"_self\" title=\"La RFEF confirma su denuncia por la filtraci\u00f3n de los audios VAR del Madrid-Almer\u00eda\">added to the recent audios filtered<\/a>, have put in entredicho the impartiality of the referee&#8217;s community of LaLiga and have caused an increase in the criticisms and cuestionamientos.<\/p>  <h2>The catchword of Joan Laporta to the RFEF<\/h2>  <p>The mandator cul\u00e9, <strong>the one who yesterday described the referee&#8217;s performance like &#8220;a shame&#8221;<\/strong> <strong>and announced that it had presented a formal complaint to the RFEF<\/strong>, took advantage of an interview with &#8216;Sportive World&#8217; to expose the reasons that carried it to converse with Pedro Rocha and express his dissatisfaction, as well as the one of the picture cul\u00e9, in regard to the recent exert of the referees in the local contest Spanish.<\/p>  <p>Under this premise, Laporta urged to the RFEF to take measures to brake the bullying that the judges are suffering by part of Real Madrid TV and his videos that put low scrutiny to the referees that pitar\u00e1n in commitments in which it will participate the white square. &#8220;The Technical Committee of Referees depends on the Spanish Federation. <strong>It has said me that the past, happened is and that think to take letters in the subject. Also it has said me that the referees do not feel presionados, has wanted to me reassure in this sense<\/strong>&#8220;, commented.<\/p>  <h2>The &#8216;war&#8217; of the FC Barcelona against the referee&#8217;s controversies in LaLiga<\/h2>  <p>To his time, the Catalan reiterated the message of Xavi Hern\u00e1ndez, the one who signalled that the Barcelona group is doing the things well, but that it will be complicated to reach the aims in LaLiga <a data-external=\"0\" data-intl-links-en=\"https:\/\/www.fcbarcelonanoticias.com\/en\/fc-barcelona\/the-5-serious-errors-by-referees-against-barca-that-xavi-and-the-club-will-not-forget_300156_102.html\" data-intl-links-es=\"https:\/\/www.fcbarcelonanoticias.com\/fc-barcelona\/5-errores-graves-arbitros-contra-barca-xavi-club-no-olvidan_300156_102.html\" href=\"https:\/\/www.fcbarcelonanoticias.com\/en\/fc-barcelona\/the-5-serious-errors-by-referees-against-barca-that-xavi-and-the-club-will-not-forget_300156_102.html\" rel=\"follow\" target=\"_self\" title=\"Los 5 errores graves de \u00e1rbitros contra el Bar\u00e7a que Xavi y el club no olvidan\">if they persist these small irregularities<\/a>. &#8220;In the staff the players are doing very good work, surpassing a series of obstacles. The football is epic, histories of superaci\u00f3n, be coherent. I think that are working in this sense. We are working well. I am safe that they will see the fruits in the field regarding the game, also regarding the results. <strong>But clear, can not adulterate the competition more with decisions like the ones of the Sunday happened in the Bernab\u00e9u<\/strong>&#8220;, sustained.<\/p>  <p>In this sense, the maximum representative of the entity blaugrana also stood out that the competition is adulterated and that this is not a recent problem, but it carries time occurring. &#8220;We carry analysing the subject and <strong>already are a series of points that has achieved our rival benefiting of referee&#8217;s decisions<\/strong>. Now well, also I have to say we are accustomed to this, eh? Already of always we struggle against the elements, that know which are. But it is that this time were being too evident and therefore our formal complaint to the Federation&#8221;, limited.<\/p>  <p>Joan Laporta left clear that, in addition to the institution, also has presented formally the complaint to the RFEF when darse of how affected the referee&#8217;s controversy of the Bernab\u00e9u to the spirit of the changing room cul\u00e9. &#8220;It concerns me the morals of our players, because when finish the party of Benito Villamar\u00edn, where did a good game and are proud of how was because they marked goals, <strong>saw to the players concerned by the of the Bernab\u00e9u. And clear, like club, have to take letters in the subject<\/strong>&#8220;, emphasized.<\/p>  <h2>Laporta And the wrong decisions by the VAR in the Madrid-Almer\u00eda<\/h2>  <p>Finally, the Barcelona mandator explained why, in his opinion, the decisions of the VAR in the party Madrid-Almer\u00eda were made a mistake. &#8220;<strong>Apart from that the two goals of the Madrid were preceded, the first of a fault and the another of a big zamorana, in the goal cancelled to the Almer\u00eda see that Bellingham holds on to the T-shirt to the contrary player.<\/strong> There is a detail that for which have played to the football think that this is illustrative: when Bellingham is in the floor looks like this askance to the referee, as saying &#8216;to see if I have deceived it or have not deceived it&#8217; and the played afterwards follows and is a goal, for me, legal&#8221;, concluded.<\/p> ","protected":false},"excerpt":{"rendered":"<p>The controversial refereeing in the match between Real Madrid and Almer\u00eda has generated a large amount of criticism and complaints from various sectors. One of them has been FC Barcelona, \u200b\u200bwhich through Joan Laporta, has begun to demand explanations and that measures be taken in this regard Joan Laporta, president of the FC Barcelona, has [&hellip;]<\/p>\n","protected":false},"author":355,"featured_media":7131,"comment_status":"closed","ping_status":"open","sticky":false,"template":"","format":"standard","meta":{"_acf_changed":false,"inline_featured_image":false,"_nextfly_llmd_date_locked":false,"footnotes":""},"categories":[111],"tags":[158,95],"class_list":["post-24021","post","type-post","status-publish","format-standard","has-post-thumbnail","hentry","category-fc-barcelona","tag-joan-laporta","tag-rfef"],"acf":[],"yoast_head":"<!-- This site is optimized with the Yoast SEO plugin v27.3 - https:\/\/yoast.com\/product\/yoast-seo-wordpress\/ -->\n<title>Laporta raises his voice against Madrid: &quot;The competition cannot be adulterated any more&quot;<\/title>\n<meta name=\"description\" content=\"The controversial refereeing in the match between Real Madrid and Almer\u00eda has generated a large amount of criticism and complaints from various sectors. One of them has been FC Barcelona, \u200b\u200bwhich through Joan Laporta, has begun to demand explanations and that measures be taken in this regard\" \/>\n<meta name=\"robots\" content=\"index, follow, max-snippet:-1, max-image-preview:large, max-video-preview:-1\" \/>\n<link rel=\"canonical\" href=\"https:\/\/www.fcbarcelonanoticias.com\/en\/fc-barcelona\/laporta-raises-his-voice-against-madrid-the-competition-cannot-be-adulterated-any-more_300187_102.html\" \/>\n<meta property=\"og:locale\" content=\"en_US\" \/>\n<meta property=\"og:type\" content=\"article\" \/>\n<meta property=\"og:title\" content=\"Laporta raises his voice against Madrid: &quot;The competition cannot be adulterated any more&quot;\" \/>\n<meta property=\"og:description\" content=\"The controversial refereeing in the match between Real Madrid and Almer\u00eda has generated a large amount of criticism and complaints from various sectors. One of them has been FC Barcelona, \u200b\u200bwhich through Joan Laporta, has begun to demand explanations and that measures be taken in this regard\" \/>\n<meta property=\"og:url\" content=\"https:\/\/www.fcbarcelonanoticias.com\/en\/fc-barcelona\/laporta-raises-his-voice-against-madrid-the-competition-cannot-be-adulterated-any-more_300187_102.html\" \/>\n<meta property=\"og:site_name\" content=\"EN - FC Barcelona Noticias\" \/>\n<meta property=\"article:published_time\" content=\"2024-01-23T19:26:00+00:00\" \/>\n<meta property=\"article:modified_time\" content=\"2024-01-24T07:59:00+00:00\" \/>\n<meta property=\"og:image\" content=\"https:\/\/www.fcbarcelonanoticias.com\/en\/wp-content\/uploads\/sites\/2\/2023\/05\/joan-laporta-rueda3.jpeg\" \/>\n\t<meta property=\"og:image:width\" content=\"1300\" \/>\n\t<meta property=\"og:image:height\" content=\"732\" \/>\n\t<meta property=\"og:image:type\" content=\"image\/jpeg\" \/>\n<meta name=\"author\" content=\"Kevin G\u00f3mez\" \/>\n<meta name=\"twitter:card\" content=\"summary_large_image\" \/>\n<meta name=\"twitter:label1\" content=\"Written by\" \/>\n\t<meta name=\"twitter:data1\" content=\"Kevin G\u00f3mez\" \/>\n\t<meta name=\"twitter:label2\" content=\"Est. reading time\" \/>\n\t<meta name=\"twitter:data2\" content=\"4 minutes\" \/>\n<script type=\"application\/ld+json\" class=\"yoast-schema-graph\">{\"@context\":\"https:\\\/\\\/schema.org\",\"@graph\":[{\"@type\":\"Article\",\"@id\":\"https:\\\/\\\/www.fcbarcelonanoticias.com\\\/en\\\/fc-barcelona\\\/laporta-raises-his-voice-against-madrid-the-competition-cannot-be-adulterated-any-more_300187_102.html#article\",\"isPartOf\":{\"@id\":\"https:\\\/\\\/www.fcbarcelonanoticias.com\\\/en\\\/fc-barcelona\\\/laporta-raises-his-voice-against-madrid-the-competition-cannot-be-adulterated-any-more_300187_102.html\"},\"author\":{\"name\":\"Kevin G\u00f3mez\",\"@id\":\"https:\\\/\\\/www.fcbarcelonanoticias.com\\\/en\\\/#\\\/schema\\\/person\\\/991443f134df9a64c6874f96ff984c9d\"},\"headline\":\"Laporta raises his voice against Madrid: &#8220;The competition cannot be adulterated any more&#8221;\",\"datePublished\":\"2024-01-23T19:26:00+00:00\",\"dateModified\":\"2024-01-24T07:59:00+00:00\",\"mainEntityOfPage\":{\"@id\":\"https:\\\/\\\/www.fcbarcelonanoticias.com\\\/en\\\/fc-barcelona\\\/laporta-raises-his-voice-against-madrid-the-competition-cannot-be-adulterated-any-more_300187_102.html\"},\"wordCount\":789,\"image\":{\"@id\":\"https:\\\/\\\/www.fcbarcelonanoticias.com\\\/en\\\/fc-barcelona\\\/laporta-raises-his-voice-against-madrid-the-competition-cannot-be-adulterated-any-more_300187_102.html#primaryimage\"},\"thumbnailUrl\":\"https:\\\/\\\/www.fcbarcelonanoticias.com\\\/en\\\/wp-content\\\/uploads\\\/sites\\\/2\\\/2023\\\/05\\\/joan-laporta-rueda3.jpeg\",\"keywords\":[\"Joan Laporta\",\"RFEF\"],\"articleSection\":[\"FC Barcelona\"],\"inLanguage\":\"en-US\"},{\"@type\":\"WebPage\",\"@id\":\"https:\\\/\\\/www.fcbarcelonanoticias.com\\\/en\\\/fc-barcelona\\\/laporta-raises-his-voice-against-madrid-the-competition-cannot-be-adulterated-any-more_300187_102.html\",\"url\":\"https:\\\/\\\/www.fcbarcelonanoticias.com\\\/en\\\/fc-barcelona\\\/laporta-raises-his-voice-against-madrid-the-competition-cannot-be-adulterated-any-more_300187_102.html\",\"name\":\"Laporta raises his voice against Madrid: \\\"The competition cannot be adulterated any more\\\"\",\"isPartOf\":{\"@id\":\"https:\\\/\\\/www.fcbarcelonanoticias.com\\\/en\\\/#website\"},\"primaryImageOfPage\":{\"@id\":\"https:\\\/\\\/www.fcbarcelonanoticias.com\\\/en\\\/fc-barcelona\\\/laporta-raises-his-voice-against-madrid-the-competition-cannot-be-adulterated-any-more_300187_102.html#primaryimage\"},\"image\":{\"@id\":\"https:\\\/\\\/www.fcbarcelonanoticias.com\\\/en\\\/fc-barcelona\\\/laporta-raises-his-voice-against-madrid-the-competition-cannot-be-adulterated-any-more_300187_102.html#primaryimage\"},\"thumbnailUrl\":\"https:\\\/\\\/www.fcbarcelonanoticias.com\\\/en\\\/wp-content\\\/uploads\\\/sites\\\/2\\\/2023\\\/05\\\/joan-laporta-rueda3.jpeg\",\"datePublished\":\"2024-01-23T19:26:00+00:00\",\"dateModified\":\"2024-01-24T07:59:00+00:00\",\"author\":{\"@id\":\"https:\\\/\\\/www.fcbarcelonanoticias.com\\\/en\\\/#\\\/schema\\\/person\\\/991443f134df9a64c6874f96ff984c9d\"},\"description\":\"The controversial refereeing in the match between Real Madrid and Almer\u00eda has generated a large amount of criticism and complaints from various sectors. One of them has been FC Barcelona, \u200b\u200bwhich through Joan Laporta, has begun to demand explanations and that measures be taken in this regard\",\"breadcrumb\":{\"@id\":\"https:\\\/\\\/www.fcbarcelonanoticias.com\\\/en\\\/fc-barcelona\\\/laporta-raises-his-voice-against-madrid-the-competition-cannot-be-adulterated-any-more_300187_102.html#breadcrumb\"},\"inLanguage\":\"en-US\",\"potentialAction\":[{\"@type\":\"ReadAction\",\"target\":[\"https:\\\/\\\/www.fcbarcelonanoticias.com\\\/en\\\/fc-barcelona\\\/laporta-raises-his-voice-against-madrid-the-competition-cannot-be-adulterated-any-more_300187_102.html\"]}]},{\"@type\":\"ImageObject\",\"inLanguage\":\"en-US\",\"@id\":\"https:\\\/\\\/www.fcbarcelonanoticias.com\\\/en\\\/fc-barcelona\\\/laporta-raises-his-voice-against-madrid-the-competition-cannot-be-adulterated-any-more_300187_102.html#primaryimage\",\"url\":\"https:\\\/\\\/www.fcbarcelonanoticias.com\\\/en\\\/wp-content\\\/uploads\\\/sites\\\/2\\\/2023\\\/05\\\/joan-laporta-rueda3.jpeg\",\"contentUrl\":\"https:\\\/\\\/www.fcbarcelonanoticias.com\\\/en\\\/wp-content\\\/uploads\\\/sites\\\/2\\\/2023\\\/05\\\/joan-laporta-rueda3.jpeg\",\"width\":1300,\"height\":732},{\"@type\":\"BreadcrumbList\",\"@id\":\"https:\\\/\\\/www.fcbarcelonanoticias.com\\\/en\\\/fc-barcelona\\\/laporta-raises-his-voice-against-madrid-the-competition-cannot-be-adulterated-any-more_300187_102.html#breadcrumb\",\"itemListElement\":[{\"@type\":\"ListItem\",\"position\":1,\"name\":\"Portada\",\"item\":\"https:\\\/\\\/www.fcbarcelonanoticias.com\\\/en\\\/\"},{\"@type\":\"ListItem\",\"position\":2,\"name\":\"Laporta raises his voice against Madrid: &#8220;The competition cannot be adulterated any more&#8221;\"}]},{\"@type\":\"WebSite\",\"@id\":\"https:\\\/\\\/www.fcbarcelonanoticias.com\\\/en\\\/#website\",\"url\":\"https:\\\/\\\/www.fcbarcelonanoticias.com\\\/en\\\/\",\"name\":\"EN - FC Barcelona Noticias\",\"description\":\"\",\"potentialAction\":[{\"@type\":\"SearchAction\",\"target\":{\"@type\":\"EntryPoint\",\"urlTemplate\":\"https:\\\/\\\/www.fcbarcelonanoticias.com\\\/en\\\/?s={search_term_string}\"},\"query-input\":{\"@type\":\"PropertyValueSpecification\",\"valueRequired\":true,\"valueName\":\"search_term_string\"}}],\"inLanguage\":\"en-US\"},{\"@type\":\"Person\",\"@id\":\"https:\\\/\\\/www.fcbarcelonanoticias.com\\\/en\\\/#\\\/schema\\\/person\\\/991443f134df9a64c6874f96ff984c9d\",\"name\":\"Kevin G\u00f3mez\",\"image\":{\"@type\":\"ImageObject\",\"inLanguage\":\"en-US\",\"@id\":\"https:\\\/\\\/secure.gravatar.com\\\/avatar\\\/?s=96&d=mm&r=g\",\"url\":\"https:\\\/\\\/secure.gravatar.com\\\/avatar\\\/?s=96&d=mm&r=g\",\"contentUrl\":\"https:\\\/\\\/secure.gravatar.com\\\/avatar\\\/?s=96&d=mm&r=g\",\"caption\":\"Kevin G\u00f3mez\"},\"description\":\"Licenciado\u00a0en Periodismo y Comunicaci\u00f3n Audiovisual. Redactor en FCBN responsable de cubrir toda\u00a0la informaci\u00f3n del FC Barcelona y las principales competiciones de\u00a0f\u00fatbol.\",\"url\":\"https:\\\/\\\/www.fcbarcelonanoticias.com\\\/en\\\/jugadores\\\/kevin-gomez_23_115.html\"}]}<\/script>\n<!-- \/ Yoast SEO plugin. -->","yoast_head_json":{"title":"Laporta raises his voice against Madrid: \"The competition cannot be adulterated any more\"","description":"The controversial refereeing in the match between Real Madrid and Almer\u00eda has generated a large amount of criticism and complaints from various sectors. One of them has been FC Barcelona, \u200b\u200bwhich through Joan Laporta, has begun to demand explanations and that measures be taken in this regard","robots":{"index":"index","follow":"follow","max-snippet":"max-snippet:-1","max-image-preview":"max-image-preview:large","max-video-preview":"max-video-preview:-1"},"canonical":"https:\/\/www.fcbarcelonanoticias.com\/en\/fc-barcelona\/laporta-raises-his-voice-against-madrid-the-competition-cannot-be-adulterated-any-more_300187_102.html","og_locale":"en_US","og_type":"article","og_title":"Laporta raises his voice against Madrid: \"The competition cannot be adulterated any more\"","og_description":"The controversial refereeing in the match between Real Madrid and Almer\u00eda has generated a large amount of criticism and complaints from various sectors. One of them has been FC Barcelona, \u200b\u200bwhich through Joan Laporta, has begun to demand explanations and that measures be taken in this regard","og_url":"https:\/\/www.fcbarcelonanoticias.com\/en\/fc-barcelona\/laporta-raises-his-voice-against-madrid-the-competition-cannot-be-adulterated-any-more_300187_102.html","og_site_name":"EN - FC Barcelona Noticias","article_published_time":"2024-01-23T19:26:00+00:00","article_modified_time":"2024-01-24T07:59:00+00:00","og_image":[{"width":1300,"height":732,"url":"https:\/\/www.fcbarcelonanoticias.com\/en\/wp-content\/uploads\/sites\/2\/2023\/05\/joan-laporta-rueda3.jpeg","type":"image\/jpeg"}],"author":"Kevin G\u00f3mez","twitter_card":"summary_large_image","twitter_misc":{"Written by":"Kevin G\u00f3mez","Est. reading time":"4 minutes"},"schema":{"@context":"https:\/\/schema.org","@graph":[{"@type":"Article","@id":"https:\/\/www.fcbarcelonanoticias.com\/en\/fc-barcelona\/laporta-raises-his-voice-against-madrid-the-competition-cannot-be-adulterated-any-more_300187_102.html#article","isPartOf":{"@id":"https:\/\/www.fcbarcelonanoticias.com\/en\/fc-barcelona\/laporta-raises-his-voice-against-madrid-the-competition-cannot-be-adulterated-any-more_300187_102.html"},"author":{"name":"Kevin G\u00f3mez","@id":"https:\/\/www.fcbarcelonanoticias.com\/en\/#\/schema\/person\/991443f134df9a64c6874f96ff984c9d"},"headline":"Laporta raises his voice against Madrid: &#8220;The competition cannot be adulterated any more&#8221;","datePublished":"2024-01-23T19:26:00+00:00","dateModified":"2024-01-24T07:59:00+00:00","mainEntityOfPage":{"@id":"https:\/\/www.fcbarcelonanoticias.com\/en\/fc-barcelona\/laporta-raises-his-voice-against-madrid-the-competition-cannot-be-adulterated-any-more_300187_102.html"},"wordCount":789,"image":{"@id":"https:\/\/www.fcbarcelonanoticias.com\/en\/fc-barcelona\/laporta-raises-his-voice-against-madrid-the-competition-cannot-be-adulterated-any-more_300187_102.html#primaryimage"},"thumbnailUrl":"https:\/\/www.fcbarcelonanoticias.com\/en\/wp-content\/uploads\/sites\/2\/2023\/05\/joan-laporta-rueda3.jpeg","keywords":["Joan Laporta","RFEF"],"articleSection":["FC Barcelona"],"inLanguage":"en-US"},{"@type":"WebPage","@id":"https:\/\/www.fcbarcelonanoticias.com\/en\/fc-barcelona\/laporta-raises-his-voice-against-madrid-the-competition-cannot-be-adulterated-any-more_300187_102.html","url":"https:\/\/www.fcbarcelonanoticias.com\/en\/fc-barcelona\/laporta-raises-his-voice-against-madrid-the-competition-cannot-be-adulterated-any-more_300187_102.html","name":"Laporta raises his voice against Madrid: \"The competition cannot be adulterated any more\"","isPartOf":{"@id":"https:\/\/www.fcbarcelonanoticias.com\/en\/#website"},"primaryImageOfPage":{"@id":"https:\/\/www.fcbarcelonanoticias.com\/en\/fc-barcelona\/laporta-raises-his-voice-against-madrid-the-competition-cannot-be-adulterated-any-more_300187_102.html#primaryimage"},"image":{"@id":"https:\/\/www.fcbarcelonanoticias.com\/en\/fc-barcelona\/laporta-raises-his-voice-against-madrid-the-competition-cannot-be-adulterated-any-more_300187_102.html#primaryimage"},"thumbnailUrl":"https:\/\/www.fcbarcelonanoticias.com\/en\/wp-content\/uploads\/sites\/2\/2023\/05\/joan-laporta-rueda3.jpeg","datePublished":"2024-01-23T19:26:00+00:00","dateModified":"2024-01-24T07:59:00+00:00","author":{"@id":"https:\/\/www.fcbarcelonanoticias.com\/en\/#\/schema\/person\/991443f134df9a64c6874f96ff984c9d"},"description":"The controversial refereeing in the match between Real Madrid and Almer\u00eda has generated a large amount of criticism and complaints from various sectors. One of them has been FC Barcelona, \u200b\u200bwhich through Joan Laporta, has begun to demand explanations and that measures be taken in this regard","breadcrumb":{"@id":"https:\/\/www.fcbarcelonanoticias.com\/en\/fc-barcelona\/laporta-raises-his-voice-against-madrid-the-competition-cannot-be-adulterated-any-more_300187_102.html#breadcrumb"},"inLanguage":"en-US","potentialAction":[{"@type":"ReadAction","target":["https:\/\/www.fcbarcelonanoticias.com\/en\/fc-barcelona\/laporta-raises-his-voice-against-madrid-the-competition-cannot-be-adulterated-any-more_300187_102.html"]}]},{"@type":"ImageObject","inLanguage":"en-US","@id":"https:\/\/www.fcbarcelonanoticias.com\/en\/fc-barcelona\/laporta-raises-his-voice-against-madrid-the-competition-cannot-be-adulterated-any-more_300187_102.html#primaryimage","url":"https:\/\/www.fcbarcelonanoticias.com\/en\/wp-content\/uploads\/sites\/2\/2023\/05\/joan-laporta-rueda3.jpeg","contentUrl":"https:\/\/www.fcbarcelonanoticias.com\/en\/wp-content\/uploads\/sites\/2\/2023\/05\/joan-laporta-rueda3.jpeg","width":1300,"height":732},{"@type":"BreadcrumbList","@id":"https:\/\/www.fcbarcelonanoticias.com\/en\/fc-barcelona\/laporta-raises-his-voice-against-madrid-the-competition-cannot-be-adulterated-any-more_300187_102.html#breadcrumb","itemListElement":[{"@type":"ListItem","position":1,"name":"Portada","item":"https:\/\/www.fcbarcelonanoticias.com\/en\/"},{"@type":"ListItem","position":2,"name":"Laporta raises his voice against Madrid: &#8220;The competition cannot be adulterated any more&#8221;"}]},{"@type":"WebSite","@id":"https:\/\/www.fcbarcelonanoticias.com\/en\/#website","url":"https:\/\/www.fcbarcelonanoticias.com\/en\/","name":"EN - FC Barcelona Noticias","description":"","potentialAction":[{"@type":"SearchAction","target":{"@type":"EntryPoint","urlTemplate":"https:\/\/www.fcbarcelonanoticias.com\/en\/?s={search_term_string}"},"query-input":{"@type":"PropertyValueSpecification","valueRequired":true,"valueName":"search_term_string"}}],"inLanguage":"en-US"},{"@type":"Person","@id":"https:\/\/www.fcbarcelonanoticias.com\/en\/#\/schema\/person\/991443f134df9a64c6874f96ff984c9d","name":"Kevin G\u00f3mez","image":{"@type":"ImageObject","inLanguage":"en-US","@id":"https:\/\/secure.gravatar.com\/avatar\/?s=96&d=mm&r=g","url":"https:\/\/secure.gravatar.com\/avatar\/?s=96&d=mm&r=g","contentUrl":"https:\/\/secure.gravatar.com\/avatar\/?s=96&d=mm&r=g","caption":"Kevin G\u00f3mez"},"description":"Licenciado\u00a0en Periodismo y Comunicaci\u00f3n Audiovisual. Redactor en FCBN responsable de cubrir toda\u00a0la informaci\u00f3n del FC Barcelona y las principales competiciones de\u00a0f\u00fatbol.","url":"https:\/\/www.fcbarcelonanoticias.com\/en\/jugadores\/kevin-gomez_23_115.html"}]}},"_links":{"self":[{"href":"https:\/\/www.fcbarcelonanoticias.com\/en\/wp-json\/wp\/v2\/posts\/24021","targetHints":{"allow":["GET"]}}],"collection":[{"href":"https:\/\/www.fcbarcelonanoticias.com\/en\/wp-json\/wp\/v2\/posts"}],"about":[{"href":"https:\/\/www.fcbarcelonanoticias.com\/en\/wp-json\/wp\/v2\/types\/post"}],"author":[{"embeddable":true,"href":"https:\/\/www.fcbarcelonanoticias.com\/en\/wp-json\/wp\/v2\/users\/355"}],"replies":[{"embeddable":true,"href":"https:\/\/www.fcbarcelonanoticias.com\/en\/wp-json\/wp\/v2\/comments?post=24021"}],"version-history":[{"count":1,"href":"https:\/\/www.fcbarcelonanoticias.com\/en\/wp-json\/wp\/v2\/posts\/24021\/revisions"}],"predecessor-version":[{"id":24022,"href":"https:\/\/www.fcbarcelonanoticias.com\/en\/wp-json\/wp\/v2\/posts\/24021\/revisions\/24022"}],"wp:featuredmedia":[{"embeddable":true,"href":"https:\/\/www.fcbarcelonanoticias.com\/en\/wp-json\/wp\/v2\/media\/7131"}],"wp:attachment":[{"href":"https:\/\/www.fcbarcelonanoticias.com\/en\/wp-json\/wp\/v2\/media?parent=24021"}],"wp:term":[{"taxonomy":"category","embeddable":true,"href":"https:\/\/www.fcbarcelonanoticias.com\/en\/wp-json\/wp\/v2\/categories?post=24021"},{"taxonomy":"post_tag","embeddable":true,"href":"https:\/\/www.fcbarcelonanoticias.com\/en\/wp-json\/wp\/v2\/tags?post=24021"}],"curies":[{"name":"wp","href":"https:\/\/api.w.org\/{rel}","templated":true}]}}