{"id":24148,"date":"2018-07-29T05:45:00","date_gmt":"2018-07-29T03:45:00","guid":{"rendered":"https:\/\/weisetech.dev\/fc-barcelona-noticias\/en\/lenglet-and-arthur-in-the-first-eleven-headline-of-the-barca-2018-19_215036_102\/"},"modified":"2018-07-29T06:54:00","modified_gmt":"2018-07-29T04:54:00","slug":"lenglet-and-arthur-in-the-first-eleven-headline-of-the-barca-2018-19_215036_102","status":"publish","type":"post","link":"https:\/\/www.fcbarcelonanoticias.com\/en\/fc-barcelona\/lenglet-and-arthur-in-the-first-eleven-headline-of-the-barca-2018-19_215036_102.html","title":{"rendered":"Lenglet And Arthur, in the first eleven headline of the Bar\u00e7a 2018-19"},"content":{"rendered":"<h2 class=\"wp-block-heading\">Two of the three new signings of the FC Barcelona for the next season, Lenglet and Arthur, formed part of the alignment of the Barcelona group in front of the Tottenham in Rose Bowl Stadium. Valverde Did not give &#8216;ball&#8217; to Digne, that can go to the Everton<\/h2>  \r\n<div class=\"article-addons\">\r\n    <a href=\"https:\/\/www.fcbarcelonanoticias.com\/en\/calendar-fc-barcelona.html\"\r\n       target=\"_self\"\r\n       title=\"Calendar of FC Barcelona\"\r\n       class=\"blue-gredient-btn\">\r\n       \r\n        Calendar of FC Barcelona    <\/a>\r\n<\/div>   <p>The trainer of the FC Barcelona, <strong>Ernesto Valverde<\/strong>, gave an opportunity in the first official alignment of the pre-season 2018, against the Tottenham Hostpur, to <a href=\"https:\/\/www.fcbarcelonanoticias.com\/en\/fc-barcelona\/asi-es-el-perfil-de-los-nuevos-fichajes-del-barcelona-2018-19_214917_102.html\"><strong>two of the three new signings cul\u00e9s<\/strong><\/a> of face to the next season, as they are <strong>Cl\u00e9ment Lenglet and Arthur Melo<\/strong>.<\/p> <p>The French and the Brazilian appeared of start in front of the &#8216;spurs&#8217;, offering continuously and showing a good performance during his first minutes with the elastic Barcelona. The rest of the eleven was composed by players with situations of all type, <strong>some of them already consecrated and others that have the future still in the air<\/strong>.<\/p> <p><strong>Jasper Cillessen occupied the goal of the <a href=\"https:\/\/www.fcbarcelonanoticias.com\/en\/futbol\/fc-barcelona.html\">FC Barcelona<\/a><\/strong>, when having  been training from some days before that Marc-Andr\u00e9 Ter Stegen. The FC Barcelona trusts the Dutch goalkeeper, and in spite of the rumours that appear in the press, the initial plan is to remain with his services of face also to the next campaign, seen his big performance.<\/p> <p>In defence, beside Lenglet, occupied the three remaining positions <strong>Marlon Santos, Semedo and Miranda<\/strong>. Marlon finds  in the pigeonhole of exit and probably the Bar\u00e7a look for him a traspaso, whereas Semedo will struggle this next campaign for being headline in the right side, and <strong>Juan Miranda is possible that have minutes in the first team if Lucas Digne<\/strong> <strong>does the cases<\/strong>.<\/p> <h2>Arthur and Munir, goleadores with the Bar\u00e7a<\/h2> <p>In the centre of the field, <strong>Sergi Roberto exerted of defensive pivote beside Arthur and Andr\u00e9 Gomes, of interiors<\/strong>, although the Portuguese had to leave of early form to the changing rooms, lesionado. <strong>Arthur Melo surprised in the minute 28 of party<\/strong> with an authentic golazo from out of the area, the one who went his letter of presentation for all the barcelonistas.<\/p> <p>In attack, finally, the first selected of Valverde were <strong>Rafinha Alc\u00e1ntara<\/strong>, author of two assistances of goal in the first-half (to Munir and Arthur), <strong>Munir The Haddadi, author of the first goal of the meeting<\/strong>, and Denis Su\u00e1rez that also it left  lesionado, unfortunately, in the first minutes of meeting, leaving his place to Carles P\u00e9rez in the eleven.<\/p> <p><strong>Alignment of the Barcelona:<\/strong> Cillessen; Semedo, Marlon, Lenglet, Miranda; Sergi Roberto, Arthur, Andr\u00e9 Gomes; Rafinha, Munir and Denis.<\/p> <p><strong>Alignment of the Tottenham:<\/strong>&nbsp;Gazzaniga, Aurier, Carter-Vickers, Davies, Walker-Peters, Masters, Sissoko, Eriksen, Lucas, Are, Llorente.<\/p> ","protected":false},"excerpt":{"rendered":"<p>Two of the three new signings of the FC Barcelona for the next season, Lenglet and Arthur, formed part of the alignment of the Barcelona group in front of the Tottenham in Rose Bowl Stadium. Valverde Did not give &#8216;ball&#8217; to Digne, that can go to the Everton The trainer of the FC Barcelona, Ernesto [&hellip;]<\/p>\n","protected":false},"author":357,"featured_media":24151,"comment_status":"closed","ping_status":"open","sticky":false,"template":"","format":"standard","meta":{"_acf_changed":false,"inline_featured_image":false,"_nextfly_llmd_date_locked":false,"footnotes":""},"categories":[111],"tags":[201],"class_list":["post-24148","post","type-post","status-publish","format-standard","has-post-thumbnail","hentry","category-fc-barcelona","tag-lineups"],"acf":[],"yoast_head":"<!-- This site is optimized with the Yoast SEO plugin v27.3 - https:\/\/yoast.com\/product\/yoast-seo-wordpress\/ -->\n<title>Lenglet And Arthur, in the first eleven headline of the Barcelona 2018-19<\/title>\n<meta name=\"description\" content=\"Two of the three new signings of the FC Barcelona for the next season, Lenglet and Arthur, formed part of the alignment of the group...\" \/>\n<meta name=\"robots\" content=\"index, follow, max-snippet:-1, max-image-preview:large, max-video-preview:-1\" \/>\n<link rel=\"canonical\" href=\"https:\/\/www.fcbarcelonanoticias.com\/en\/fc-barcelona\/lenglet-and-arthur-in-the-first-eleven-headline-of-the-barca-2018-19_215036_102.html\" \/>\n<meta property=\"og:locale\" content=\"en_US\" \/>\n<meta property=\"og:type\" content=\"article\" \/>\n<meta property=\"og:title\" content=\"Lenglet And Arthur, in the first eleven headline of the Barcelona 2018-19\" \/>\n<meta property=\"og:description\" content=\"Two of the three new signings of the FC Barcelona for the next season, Lenglet and Arthur, formed part of the alignment of the group...\" \/>\n<meta property=\"og:url\" content=\"https:\/\/www.fcbarcelonanoticias.com\/en\/fc-barcelona\/lenglet-and-arthur-in-the-first-eleven-headline-of-the-barca-2018-19_215036_102.html\" \/>\n<meta property=\"og:site_name\" content=\"EN - FC Barcelona Noticias\" \/>\n<meta property=\"article:published_time\" content=\"2018-07-29T03:45:00+00:00\" \/>\n<meta property=\"article:modified_time\" content=\"2018-07-29T04:54:00+00:00\" \/>\n<meta property=\"og:image\" content=\"https:\/\/www.fcbarcelonanoticias.com\/en\/wp-content\/uploads\/sites\/2\/2018\/07\/lenglet-260932-1.jpeg\" \/>\n\t<meta property=\"og:image:width\" content=\"760\" \/>\n\t<meta property=\"og:image:height\" content=\"428\" \/>\n\t<meta property=\"og:image:type\" content=\"image\/jpeg\" \/>\n<meta name=\"author\" content=\"Erika Moya\" \/>\n<meta name=\"twitter:card\" content=\"summary_large_image\" \/>\n<meta name=\"twitter:label1\" content=\"Written by\" \/>\n\t<meta name=\"twitter:data1\" content=\"Erika Moya\" \/>\n\t<meta name=\"twitter:label2\" content=\"Est. reading time\" \/>\n\t<meta name=\"twitter:data2\" content=\"2 minutes\" \/>\n<script type=\"application\/ld+json\" class=\"yoast-schema-graph\">{\"@context\":\"https:\\\/\\\/schema.org\",\"@graph\":[{\"@type\":\"Article\",\"@id\":\"https:\\\/\\\/www.fcbarcelonanoticias.com\\\/en\\\/fc-barcelona\\\/lenglet-and-arthur-in-the-first-eleven-headline-of-the-barca-2018-19_215036_102.html#article\",\"isPartOf\":{\"@id\":\"https:\\\/\\\/www.fcbarcelonanoticias.com\\\/en\\\/fc-barcelona\\\/lenglet-and-arthur-in-the-first-eleven-headline-of-the-barca-2018-19_215036_102.html\"},\"author\":{\"name\":\"Erika Moya\",\"@id\":\"https:\\\/\\\/www.fcbarcelonanoticias.com\\\/en\\\/#\\\/schema\\\/person\\\/5dc3a41c52ab542cf24a2fbe3489c561\"},\"headline\":\"Lenglet And Arthur, in the first eleven headline of the Bar\u00e7a 2018-19\",\"datePublished\":\"2018-07-29T03:45:00+00:00\",\"dateModified\":\"2018-07-29T04:54:00+00:00\",\"mainEntityOfPage\":{\"@id\":\"https:\\\/\\\/www.fcbarcelonanoticias.com\\\/en\\\/fc-barcelona\\\/lenglet-and-arthur-in-the-first-eleven-headline-of-the-barca-2018-19_215036_102.html\"},\"wordCount\":453,\"image\":{\"@id\":\"https:\\\/\\\/www.fcbarcelonanoticias.com\\\/en\\\/fc-barcelona\\\/lenglet-and-arthur-in-the-first-eleven-headline-of-the-barca-2018-19_215036_102.html#primaryimage\"},\"thumbnailUrl\":\"https:\\\/\\\/www.fcbarcelonanoticias.com\\\/en\\\/wp-content\\\/uploads\\\/sites\\\/2\\\/2018\\\/07\\\/lenglet-260932-1.jpeg\",\"keywords\":[\"FC Barcelona Lineups\"],\"articleSection\":[\"FC Barcelona\"],\"inLanguage\":\"en-US\"},{\"@type\":\"WebPage\",\"@id\":\"https:\\\/\\\/www.fcbarcelonanoticias.com\\\/en\\\/fc-barcelona\\\/lenglet-and-arthur-in-the-first-eleven-headline-of-the-barca-2018-19_215036_102.html\",\"url\":\"https:\\\/\\\/www.fcbarcelonanoticias.com\\\/en\\\/fc-barcelona\\\/lenglet-and-arthur-in-the-first-eleven-headline-of-the-barca-2018-19_215036_102.html\",\"name\":\"Lenglet And Arthur, in the first eleven headline of the Barcelona 2018-19\",\"isPartOf\":{\"@id\":\"https:\\\/\\\/www.fcbarcelonanoticias.com\\\/en\\\/#website\"},\"primaryImageOfPage\":{\"@id\":\"https:\\\/\\\/www.fcbarcelonanoticias.com\\\/en\\\/fc-barcelona\\\/lenglet-and-arthur-in-the-first-eleven-headline-of-the-barca-2018-19_215036_102.html#primaryimage\"},\"image\":{\"@id\":\"https:\\\/\\\/www.fcbarcelonanoticias.com\\\/en\\\/fc-barcelona\\\/lenglet-and-arthur-in-the-first-eleven-headline-of-the-barca-2018-19_215036_102.html#primaryimage\"},\"thumbnailUrl\":\"https:\\\/\\\/www.fcbarcelonanoticias.com\\\/en\\\/wp-content\\\/uploads\\\/sites\\\/2\\\/2018\\\/07\\\/lenglet-260932-1.jpeg\",\"datePublished\":\"2018-07-29T03:45:00+00:00\",\"dateModified\":\"2018-07-29T04:54:00+00:00\",\"author\":{\"@id\":\"https:\\\/\\\/www.fcbarcelonanoticias.com\\\/en\\\/#\\\/schema\\\/person\\\/5dc3a41c52ab542cf24a2fbe3489c561\"},\"description\":\"Two of the three new signings of the FC Barcelona for the next season, Lenglet and Arthur, formed part of the alignment of the group...\",\"breadcrumb\":{\"@id\":\"https:\\\/\\\/www.fcbarcelonanoticias.com\\\/en\\\/fc-barcelona\\\/lenglet-and-arthur-in-the-first-eleven-headline-of-the-barca-2018-19_215036_102.html#breadcrumb\"},\"inLanguage\":\"en-US\",\"potentialAction\":[{\"@type\":\"ReadAction\",\"target\":[\"https:\\\/\\\/www.fcbarcelonanoticias.com\\\/en\\\/fc-barcelona\\\/lenglet-and-arthur-in-the-first-eleven-headline-of-the-barca-2018-19_215036_102.html\"]}]},{\"@type\":\"ImageObject\",\"inLanguage\":\"en-US\",\"@id\":\"https:\\\/\\\/www.fcbarcelonanoticias.com\\\/en\\\/fc-barcelona\\\/lenglet-and-arthur-in-the-first-eleven-headline-of-the-barca-2018-19_215036_102.html#primaryimage\",\"url\":\"https:\\\/\\\/www.fcbarcelonanoticias.com\\\/en\\\/wp-content\\\/uploads\\\/sites\\\/2\\\/2018\\\/07\\\/lenglet-260932-1.jpeg\",\"contentUrl\":\"https:\\\/\\\/www.fcbarcelonanoticias.com\\\/en\\\/wp-content\\\/uploads\\\/sites\\\/2\\\/2018\\\/07\\\/lenglet-260932-1.jpeg\",\"width\":760,\"height\":428},{\"@type\":\"BreadcrumbList\",\"@id\":\"https:\\\/\\\/www.fcbarcelonanoticias.com\\\/en\\\/fc-barcelona\\\/lenglet-and-arthur-in-the-first-eleven-headline-of-the-barca-2018-19_215036_102.html#breadcrumb\",\"itemListElement\":[{\"@type\":\"ListItem\",\"position\":1,\"name\":\"Portada\",\"item\":\"https:\\\/\\\/www.fcbarcelonanoticias.com\\\/en\\\/\"},{\"@type\":\"ListItem\",\"position\":2,\"name\":\"Lenglet And Arthur, in the first eleven headline of the Bar\u00e7a 2018-19\"}]},{\"@type\":\"WebSite\",\"@id\":\"https:\\\/\\\/www.fcbarcelonanoticias.com\\\/en\\\/#website\",\"url\":\"https:\\\/\\\/www.fcbarcelonanoticias.com\\\/en\\\/\",\"name\":\"EN - FC Barcelona Noticias\",\"description\":\"\",\"potentialAction\":[{\"@type\":\"SearchAction\",\"target\":{\"@type\":\"EntryPoint\",\"urlTemplate\":\"https:\\\/\\\/www.fcbarcelonanoticias.com\\\/en\\\/?s={search_term_string}\"},\"query-input\":{\"@type\":\"PropertyValueSpecification\",\"valueRequired\":true,\"valueName\":\"search_term_string\"}}],\"inLanguage\":\"en-US\"},{\"@type\":\"Person\",\"@id\":\"https:\\\/\\\/www.fcbarcelonanoticias.com\\\/en\\\/#\\\/schema\\\/person\\\/5dc3a41c52ab542cf24a2fbe3489c561\",\"name\":\"Erika Moya\",\"image\":{\"@type\":\"ImageObject\",\"inLanguage\":\"en-US\",\"@id\":\"https:\\\/\\\/secure.gravatar.com\\\/avatar\\\/?s=96&d=mm&r=g\",\"url\":\"https:\\\/\\\/secure.gravatar.com\\\/avatar\\\/?s=96&d=mm&r=g\",\"contentUrl\":\"https:\\\/\\\/secure.gravatar.com\\\/avatar\\\/?s=96&d=mm&r=g\",\"caption\":\"Erika Moya\"},\"description\":\"Erika est\u00e1 estudiando Periodismo y llega a FCBN con el objetivo de cubrir la actualidad del F\u00fatbol Femenino, con especial cari\u00f1o\u00a0a todo lo que rodea al Bar\u00e7a Femenino. Apasionada del deporte, combina su formaci\u00f3n acad\u00e9mica con su labor divulgativa.\",\"url\":\"https:\\\/\\\/www.fcbarcelonanoticias.com\\\/en\\\/fc-barcelona\\\/erika-moya_29_115.html\"}]}<\/script>\n<!-- \/ Yoast SEO plugin. -->","yoast_head_json":{"title":"Lenglet And Arthur, in the first eleven headline of the Barcelona 2018-19","description":"Two of the three new signings of the FC Barcelona for the next season, Lenglet and Arthur, formed part of the alignment of the group...","robots":{"index":"index","follow":"follow","max-snippet":"max-snippet:-1","max-image-preview":"max-image-preview:large","max-video-preview":"max-video-preview:-1"},"canonical":"https:\/\/www.fcbarcelonanoticias.com\/en\/fc-barcelona\/lenglet-and-arthur-in-the-first-eleven-headline-of-the-barca-2018-19_215036_102.html","og_locale":"en_US","og_type":"article","og_title":"Lenglet And Arthur, in the first eleven headline of the Barcelona 2018-19","og_description":"Two of the three new signings of the FC Barcelona for the next season, Lenglet and Arthur, formed part of the alignment of the group...","og_url":"https:\/\/www.fcbarcelonanoticias.com\/en\/fc-barcelona\/lenglet-and-arthur-in-the-first-eleven-headline-of-the-barca-2018-19_215036_102.html","og_site_name":"EN - FC Barcelona Noticias","article_published_time":"2018-07-29T03:45:00+00:00","article_modified_time":"2018-07-29T04:54:00+00:00","og_image":[{"width":760,"height":428,"url":"https:\/\/www.fcbarcelonanoticias.com\/en\/wp-content\/uploads\/sites\/2\/2018\/07\/lenglet-260932-1.jpeg","type":"image\/jpeg"}],"author":"Erika Moya","twitter_card":"summary_large_image","twitter_misc":{"Written by":"Erika Moya","Est. reading time":"2 minutes"},"schema":{"@context":"https:\/\/schema.org","@graph":[{"@type":"Article","@id":"https:\/\/www.fcbarcelonanoticias.com\/en\/fc-barcelona\/lenglet-and-arthur-in-the-first-eleven-headline-of-the-barca-2018-19_215036_102.html#article","isPartOf":{"@id":"https:\/\/www.fcbarcelonanoticias.com\/en\/fc-barcelona\/lenglet-and-arthur-in-the-first-eleven-headline-of-the-barca-2018-19_215036_102.html"},"author":{"name":"Erika Moya","@id":"https:\/\/www.fcbarcelonanoticias.com\/en\/#\/schema\/person\/5dc3a41c52ab542cf24a2fbe3489c561"},"headline":"Lenglet And Arthur, in the first eleven headline of the Bar\u00e7a 2018-19","datePublished":"2018-07-29T03:45:00+00:00","dateModified":"2018-07-29T04:54:00+00:00","mainEntityOfPage":{"@id":"https:\/\/www.fcbarcelonanoticias.com\/en\/fc-barcelona\/lenglet-and-arthur-in-the-first-eleven-headline-of-the-barca-2018-19_215036_102.html"},"wordCount":453,"image":{"@id":"https:\/\/www.fcbarcelonanoticias.com\/en\/fc-barcelona\/lenglet-and-arthur-in-the-first-eleven-headline-of-the-barca-2018-19_215036_102.html#primaryimage"},"thumbnailUrl":"https:\/\/www.fcbarcelonanoticias.com\/en\/wp-content\/uploads\/sites\/2\/2018\/07\/lenglet-260932-1.jpeg","keywords":["FC Barcelona Lineups"],"articleSection":["FC Barcelona"],"inLanguage":"en-US"},{"@type":"WebPage","@id":"https:\/\/www.fcbarcelonanoticias.com\/en\/fc-barcelona\/lenglet-and-arthur-in-the-first-eleven-headline-of-the-barca-2018-19_215036_102.html","url":"https:\/\/www.fcbarcelonanoticias.com\/en\/fc-barcelona\/lenglet-and-arthur-in-the-first-eleven-headline-of-the-barca-2018-19_215036_102.html","name":"Lenglet And Arthur, in the first eleven headline of the Barcelona 2018-19","isPartOf":{"@id":"https:\/\/www.fcbarcelonanoticias.com\/en\/#website"},"primaryImageOfPage":{"@id":"https:\/\/www.fcbarcelonanoticias.com\/en\/fc-barcelona\/lenglet-and-arthur-in-the-first-eleven-headline-of-the-barca-2018-19_215036_102.html#primaryimage"},"image":{"@id":"https:\/\/www.fcbarcelonanoticias.com\/en\/fc-barcelona\/lenglet-and-arthur-in-the-first-eleven-headline-of-the-barca-2018-19_215036_102.html#primaryimage"},"thumbnailUrl":"https:\/\/www.fcbarcelonanoticias.com\/en\/wp-content\/uploads\/sites\/2\/2018\/07\/lenglet-260932-1.jpeg","datePublished":"2018-07-29T03:45:00+00:00","dateModified":"2018-07-29T04:54:00+00:00","author":{"@id":"https:\/\/www.fcbarcelonanoticias.com\/en\/#\/schema\/person\/5dc3a41c52ab542cf24a2fbe3489c561"},"description":"Two of the three new signings of the FC Barcelona for the next season, Lenglet and Arthur, formed part of the alignment of the group...","breadcrumb":{"@id":"https:\/\/www.fcbarcelonanoticias.com\/en\/fc-barcelona\/lenglet-and-arthur-in-the-first-eleven-headline-of-the-barca-2018-19_215036_102.html#breadcrumb"},"inLanguage":"en-US","potentialAction":[{"@type":"ReadAction","target":["https:\/\/www.fcbarcelonanoticias.com\/en\/fc-barcelona\/lenglet-and-arthur-in-the-first-eleven-headline-of-the-barca-2018-19_215036_102.html"]}]},{"@type":"ImageObject","inLanguage":"en-US","@id":"https:\/\/www.fcbarcelonanoticias.com\/en\/fc-barcelona\/lenglet-and-arthur-in-the-first-eleven-headline-of-the-barca-2018-19_215036_102.html#primaryimage","url":"https:\/\/www.fcbarcelonanoticias.com\/en\/wp-content\/uploads\/sites\/2\/2018\/07\/lenglet-260932-1.jpeg","contentUrl":"https:\/\/www.fcbarcelonanoticias.com\/en\/wp-content\/uploads\/sites\/2\/2018\/07\/lenglet-260932-1.jpeg","width":760,"height":428},{"@type":"BreadcrumbList","@id":"https:\/\/www.fcbarcelonanoticias.com\/en\/fc-barcelona\/lenglet-and-arthur-in-the-first-eleven-headline-of-the-barca-2018-19_215036_102.html#breadcrumb","itemListElement":[{"@type":"ListItem","position":1,"name":"Portada","item":"https:\/\/www.fcbarcelonanoticias.com\/en\/"},{"@type":"ListItem","position":2,"name":"Lenglet And Arthur, in the first eleven headline of the Bar\u00e7a 2018-19"}]},{"@type":"WebSite","@id":"https:\/\/www.fcbarcelonanoticias.com\/en\/#website","url":"https:\/\/www.fcbarcelonanoticias.com\/en\/","name":"EN - FC Barcelona Noticias","description":"","potentialAction":[{"@type":"SearchAction","target":{"@type":"EntryPoint","urlTemplate":"https:\/\/www.fcbarcelonanoticias.com\/en\/?s={search_term_string}"},"query-input":{"@type":"PropertyValueSpecification","valueRequired":true,"valueName":"search_term_string"}}],"inLanguage":"en-US"},{"@type":"Person","@id":"https:\/\/www.fcbarcelonanoticias.com\/en\/#\/schema\/person\/5dc3a41c52ab542cf24a2fbe3489c561","name":"Erika Moya","image":{"@type":"ImageObject","inLanguage":"en-US","@id":"https:\/\/secure.gravatar.com\/avatar\/?s=96&d=mm&r=g","url":"https:\/\/secure.gravatar.com\/avatar\/?s=96&d=mm&r=g","contentUrl":"https:\/\/secure.gravatar.com\/avatar\/?s=96&d=mm&r=g","caption":"Erika Moya"},"description":"Erika est\u00e1 estudiando Periodismo y llega a FCBN con el objetivo de cubrir la actualidad del F\u00fatbol Femenino, con especial cari\u00f1o\u00a0a todo lo que rodea al Bar\u00e7a Femenino. Apasionada del deporte, combina su formaci\u00f3n acad\u00e9mica con su labor divulgativa.","url":"https:\/\/www.fcbarcelonanoticias.com\/en\/fc-barcelona\/erika-moya_29_115.html"}]}},"_links":{"self":[{"href":"https:\/\/www.fcbarcelonanoticias.com\/en\/wp-json\/wp\/v2\/posts\/24148","targetHints":{"allow":["GET"]}}],"collection":[{"href":"https:\/\/www.fcbarcelonanoticias.com\/en\/wp-json\/wp\/v2\/posts"}],"about":[{"href":"https:\/\/www.fcbarcelonanoticias.com\/en\/wp-json\/wp\/v2\/types\/post"}],"author":[{"embeddable":true,"href":"https:\/\/www.fcbarcelonanoticias.com\/en\/wp-json\/wp\/v2\/users\/357"}],"replies":[{"embeddable":true,"href":"https:\/\/www.fcbarcelonanoticias.com\/en\/wp-json\/wp\/v2\/comments?post=24148"}],"version-history":[{"count":1,"href":"https:\/\/www.fcbarcelonanoticias.com\/en\/wp-json\/wp\/v2\/posts\/24148\/revisions"}],"predecessor-version":[{"id":106348,"href":"https:\/\/www.fcbarcelonanoticias.com\/en\/wp-json\/wp\/v2\/posts\/24148\/revisions\/106348"}],"wp:featuredmedia":[{"embeddable":true,"href":"https:\/\/www.fcbarcelonanoticias.com\/en\/wp-json\/wp\/v2\/media\/24151"}],"wp:attachment":[{"href":"https:\/\/www.fcbarcelonanoticias.com\/en\/wp-json\/wp\/v2\/media?parent=24148"}],"wp:term":[{"taxonomy":"category","embeddable":true,"href":"https:\/\/www.fcbarcelonanoticias.com\/en\/wp-json\/wp\/v2\/categories?post=24148"},{"taxonomy":"post_tag","embeddable":true,"href":"https:\/\/www.fcbarcelonanoticias.com\/en\/wp-json\/wp\/v2\/tags?post=24148"}],"curies":[{"name":"wp","href":"https:\/\/api.w.org\/{rel}","templated":true}]}}