{"id":24558,"date":"2025-08-19T19:54:00","date_gmt":"2025-08-19T17:54:00","guid":{"rendered":"https:\/\/weisetech.dev\/fc-barcelona-noticias\/en\/lewandowski-prepares-to-shine-in-levante-will-he-be-starter_314231_102\/"},"modified":"2025-08-20T00:20:00","modified_gmt":"2025-08-19T22:20:00","slug":"lewandowski-prepares-to-shine-in-levante-will-he-be-starter_314231_102","status":"publish","type":"post","link":"https:\/\/www.fcbarcelonanoticias.com\/en\/fc-barcelona\/lewandowski-prepares-to-shine-in-levante-will-he-be-starter_314231_102.html","title":{"rendered":"The return of the Pichichi! Lewandowski prepares to shine against Levante"},"content":{"rendered":"<h2 class=\"wp-block-heading\">The return of the Pichichi! Lewandowski prepares to shine against Levante. The Pole seems to be overcoming his problems in the biceps femoris of his left thigh<\/h2>  \r\n<div class=\"article-addons\">\r\n    <a href=\"https:\/\/www.fcbarcelonanoticias.com\/en\/calendar-fc-barcelona.html\"\r\n       target=\"_self\"\r\n       title=\"Calendar of FC Barcelona\"\r\n       class=\"blue-gredient-btn\">\r\n       \r\n        Calendar of FC Barcelona    <\/a>\r\n<\/div>   <p>Good news for <strong>FC Barcelona.<\/strong> <strong>Robert Lewandowski<\/strong> was able to finish almost the entire training session with his teammates on Tuesday, only missing the final part. The Polish striker wants to get in shape to be able to arrive to this Saturday&#8217;s match against <strong>Levante UD<\/strong> at the Ciutat de Val\u00e8ncia Stadium.<\/p>  <p>The &#8216;9&#8217; of the &#8216;Azulgrana&#8217; comes from overcoming a <strong><a data-external=\"0\" data-intl-links-en=\"https:\/\/www.fcbarcelonanoticias.com\/en\/fc-barcelona\/lewandowski-continues-to-train-apart-from-the-group_314132_102.html\" data-intl-links-es=\"https:\/\/www.fcbarcelonanoticias.com\/fc-barcelona\/lewandowski-sigue-margen-comparte-sensaciones-cuerpo-tecnico_314132_102.html\" href=\"https:\/\/www.fcbarcelonanoticias.com\/en\/laliga\/lewandowski-continues-to-train-apart-from-the-group_314132_102.html\" rel=\"follow\" target=\"_self\" title=\"Lewandowski continues to train apart from the group\">muscle injury in the biceps femoris of his left thigh<\/a><\/strong>&nbsp;that prevented him from being in the game in the Joan Gamper Trophy against Como and in the league debut against <strong>RCD Mallorca<\/strong> in Son Moix. In that sense,&nbsp;<strong>Hansi Flick<\/strong> hopes to be able to count on his goalscorer as soon as possible.<\/p>  <h2>Lewandowski seeks to overcome his top scorer mark of 24\/25<\/h2>  <p>Lewandowski is the main goal card that Bar\u00e7a has had in recent seasons. In the last year, the contribution of the Polish gunner was fundamental, <strong>scoring 42 goals for the Blaugrana team<\/strong>. Of those 42 goals, 27 were for LaLiga, 3 for Copa del Rey, 1 for the Spanish Super Cup and 11 for the Champions League.<\/p>  <p>The experienced striker <strong>has one more year left on his contract with Bar\u00e7a<\/strong> and could be released at the end of the season. 25\/26 may be the last dance of the &#8216;9&#8217; wearing the &#8216;Cul\u00e9&#8217; shirt.<\/p>  <p>In principle, <strong>the fans hope that he can once again exceed 30 goals this year<\/strong>, a record that the attacker has become accustomed to. 23\/24 was the season where he had less scoring effectiveness, scoring 26 goals.<\/p>  <h2>Ferran Torres will fight for the starting position with Lewandowski<\/h2>  <p>The main alternative to Lewandowski has responded to Flick. <strong>Ferran Torres<\/strong> was the starter against Mallorca in Son Moix and took the opportunity by making himself present on the scoreboard. On the other hand, <strong><a data-external=\"0\" data-intl-links-en=\"https:\/\/www.fcbarcelonanoticias.com\/en\/football\/rashford-reveals-how-he-feels-at-barca-and-his-vision-on-lamine-yamal-and-hansi-flick_314213_102.html\" data-intl-links-es=\"https:\/\/www.fcbarcelonanoticias.com\/futbol\/rashford-barca-objetivos-mentalidad-ganadora_314213_102.html\" href=\"https:\/\/www.fcbarcelonanoticias.com\/en\/football\/rashford-reveals-how-he-feels-at-barca-and-his-vision-on-lamine-yamal-and-hansi-flick_314213_102.html\" rel=\"follow\" target=\"_self\" title=\"Rashford reveals how he feels at Bar\u00e7a and his vision on Lamine Yamal and Hansi Flick\">Marcus Rashford<\/a><\/strong>, the other possible substitute, made his debut with Bar\u00e7a by entering for Torres, having 22 minutes of participation.<\/p>  <p>The German coach always prioritizes the current situation of each player and, if he sees that the &#8216;9&#8217; is not 100% for the second match against Levante UD, it is unlikely that he will be the starting striker. So far, the &#8216;Shark&#8217; takes the lead for his performance on the opening day.<\/p> ","protected":false},"excerpt":{"rendered":"<p>The return of the Pichichi! Lewandowski prepares to shine against Levante. The Pole seems to be overcoming his problems in the biceps femoris of his left thigh Good news for FC Barcelona. Robert Lewandowski was able to finish almost the entire training session with his teammates on Tuesday, only missing the final part. The Polish [&hellip;]<\/p>\n","protected":false},"author":362,"featured_media":24560,"comment_status":"closed","ping_status":"open","sticky":false,"template":"","format":"standard","meta":{"_acf_changed":false,"inline_featured_image":false,"_nextfly_llmd_date_locked":false,"footnotes":""},"categories":[448,114],"tags":[368,136,462,152],"class_list":["post-24558","post","type-post","status-publish","format-standard","has-post-thumbnail","hentry","category-laliga-2","category-laliga","tag-fc-barcelona-vs-levante","tag-injured","tag-robert-lewandowski-2","tag-robert-lewandowski"],"acf":[],"yoast_head":"<!-- This site is optimized with the Yoast SEO plugin v27.3 - https:\/\/yoast.com\/product\/yoast-seo-wordpress\/ -->\n<title>Lewandowski prepares to shine in Levante: will he be a starter?<\/title>\n<meta name=\"description\" content=\"Robert Lewandowski aspires to be in the starting XI next Saturday against Levante. The Pole seems to be overcoming his problems in his left thigh\" \/>\n<meta name=\"robots\" content=\"index, follow, max-snippet:-1, max-image-preview:large, max-video-preview:-1\" \/>\n<link rel=\"canonical\" href=\"https:\/\/www.fcbarcelonanoticias.com\/en\/fc-barcelona\/lewandowski-prepares-to-shine-in-levante-will-he-be-starter_314231_102.html\" \/>\n<meta property=\"og:locale\" content=\"en_US\" \/>\n<meta property=\"og:type\" content=\"article\" \/>\n<meta property=\"og:title\" content=\"Lewandowski prepares to shine in Levante: will he be a starter?\" \/>\n<meta property=\"og:description\" content=\"Robert Lewandowski aspires to be in the starting XI next Saturday against Levante. The Pole seems to be overcoming his problems in his left thigh\" \/>\n<meta property=\"og:url\" content=\"https:\/\/www.fcbarcelonanoticias.com\/en\/fc-barcelona\/lewandowski-prepares-to-shine-in-levante-will-he-be-starter_314231_102.html\" \/>\n<meta property=\"og:site_name\" content=\"EN - FC Barcelona Noticias\" \/>\n<meta property=\"article:published_time\" content=\"2025-08-19T17:54:00+00:00\" \/>\n<meta property=\"article:modified_time\" content=\"2025-08-19T22:20:00+00:00\" \/>\n<meta property=\"og:image\" content=\"https:\/\/www.fcbarcelonanoticias.com\/en\/wp-content\/uploads\/sites\/2\/2025\/08\/robert-lewandowski-entrenamiento-agosto-2025-1.webp\" \/>\n\t<meta property=\"og:image:width\" content=\"1200\" \/>\n\t<meta property=\"og:image:height\" content=\"675\" \/>\n\t<meta property=\"og:image:type\" content=\"image\/webp\" \/>\n<meta name=\"author\" content=\"Reinaldo David\" \/>\n<meta name=\"twitter:card\" content=\"summary_large_image\" \/>\n<meta name=\"twitter:label1\" content=\"Written by\" \/>\n\t<meta name=\"twitter:data1\" content=\"Reinaldo David\" \/>\n\t<meta name=\"twitter:label2\" content=\"Est. reading time\" \/>\n\t<meta name=\"twitter:data2\" content=\"2 minutes\" \/>\n<script type=\"application\/ld+json\" class=\"yoast-schema-graph\">{\"@context\":\"https:\\\/\\\/schema.org\",\"@graph\":[{\"@type\":\"Article\",\"@id\":\"https:\\\/\\\/www.fcbarcelonanoticias.com\\\/en\\\/fc-barcelona\\\/lewandowski-prepares-to-shine-in-levante-will-he-be-starter_314231_102.html#article\",\"isPartOf\":{\"@id\":\"https:\\\/\\\/www.fcbarcelonanoticias.com\\\/en\\\/fc-barcelona\\\/lewandowski-prepares-to-shine-in-levante-will-he-be-starter_314231_102.html\"},\"author\":{\"name\":\"Reinaldo David\",\"@id\":\"https:\\\/\\\/www.fcbarcelonanoticias.com\\\/en\\\/#\\\/schema\\\/person\\\/f7c2a90edfe1134cfd813911ba5c0178\"},\"headline\":\"The return of the Pichichi! Lewandowski prepares to shine against Levante\",\"datePublished\":\"2025-08-19T17:54:00+00:00\",\"dateModified\":\"2025-08-19T22:20:00+00:00\",\"mainEntityOfPage\":{\"@id\":\"https:\\\/\\\/www.fcbarcelonanoticias.com\\\/en\\\/fc-barcelona\\\/lewandowski-prepares-to-shine-in-levante-will-he-be-starter_314231_102.html\"},\"wordCount\":400,\"image\":{\"@id\":\"https:\\\/\\\/www.fcbarcelonanoticias.com\\\/en\\\/fc-barcelona\\\/lewandowski-prepares-to-shine-in-levante-will-he-be-starter_314231_102.html#primaryimage\"},\"thumbnailUrl\":\"https:\\\/\\\/www.fcbarcelonanoticias.com\\\/en\\\/wp-content\\\/uploads\\\/sites\\\/2\\\/2025\\\/08\\\/robert-lewandowski-entrenamiento-agosto-2025-1.webp\",\"keywords\":[\"FC Barcelona vs Levante\",\"injured\",\"Robert Lewandowski\",\"Robert Lewandowski\"],\"articleSection\":[\"LaLiga\",\"LaLiga\"],\"inLanguage\":\"en-US\"},{\"@type\":\"WebPage\",\"@id\":\"https:\\\/\\\/www.fcbarcelonanoticias.com\\\/en\\\/fc-barcelona\\\/lewandowski-prepares-to-shine-in-levante-will-he-be-starter_314231_102.html\",\"url\":\"https:\\\/\\\/www.fcbarcelonanoticias.com\\\/en\\\/fc-barcelona\\\/lewandowski-prepares-to-shine-in-levante-will-he-be-starter_314231_102.html\",\"name\":\"Lewandowski prepares to shine in Levante: will he be a starter?\",\"isPartOf\":{\"@id\":\"https:\\\/\\\/www.fcbarcelonanoticias.com\\\/en\\\/#website\"},\"primaryImageOfPage\":{\"@id\":\"https:\\\/\\\/www.fcbarcelonanoticias.com\\\/en\\\/fc-barcelona\\\/lewandowski-prepares-to-shine-in-levante-will-he-be-starter_314231_102.html#primaryimage\"},\"image\":{\"@id\":\"https:\\\/\\\/www.fcbarcelonanoticias.com\\\/en\\\/fc-barcelona\\\/lewandowski-prepares-to-shine-in-levante-will-he-be-starter_314231_102.html#primaryimage\"},\"thumbnailUrl\":\"https:\\\/\\\/www.fcbarcelonanoticias.com\\\/en\\\/wp-content\\\/uploads\\\/sites\\\/2\\\/2025\\\/08\\\/robert-lewandowski-entrenamiento-agosto-2025-1.webp\",\"datePublished\":\"2025-08-19T17:54:00+00:00\",\"dateModified\":\"2025-08-19T22:20:00+00:00\",\"author\":{\"@id\":\"https:\\\/\\\/www.fcbarcelonanoticias.com\\\/en\\\/#\\\/schema\\\/person\\\/f7c2a90edfe1134cfd813911ba5c0178\"},\"description\":\"Robert Lewandowski aspires to be in the starting XI next Saturday against Levante. The Pole seems to be overcoming his problems in his left thigh\",\"breadcrumb\":{\"@id\":\"https:\\\/\\\/www.fcbarcelonanoticias.com\\\/en\\\/fc-barcelona\\\/lewandowski-prepares-to-shine-in-levante-will-he-be-starter_314231_102.html#breadcrumb\"},\"inLanguage\":\"en-US\",\"potentialAction\":[{\"@type\":\"ReadAction\",\"target\":[\"https:\\\/\\\/www.fcbarcelonanoticias.com\\\/en\\\/fc-barcelona\\\/lewandowski-prepares-to-shine-in-levante-will-he-be-starter_314231_102.html\"]}]},{\"@type\":\"ImageObject\",\"inLanguage\":\"en-US\",\"@id\":\"https:\\\/\\\/www.fcbarcelonanoticias.com\\\/en\\\/fc-barcelona\\\/lewandowski-prepares-to-shine-in-levante-will-he-be-starter_314231_102.html#primaryimage\",\"url\":\"https:\\\/\\\/www.fcbarcelonanoticias.com\\\/en\\\/wp-content\\\/uploads\\\/sites\\\/2\\\/2025\\\/08\\\/robert-lewandowski-entrenamiento-agosto-2025-1.webp\",\"contentUrl\":\"https:\\\/\\\/www.fcbarcelonanoticias.com\\\/en\\\/wp-content\\\/uploads\\\/sites\\\/2\\\/2025\\\/08\\\/robert-lewandowski-entrenamiento-agosto-2025-1.webp\",\"width\":1200,\"height\":675},{\"@type\":\"BreadcrumbList\",\"@id\":\"https:\\\/\\\/www.fcbarcelonanoticias.com\\\/en\\\/fc-barcelona\\\/lewandowski-prepares-to-shine-in-levante-will-he-be-starter_314231_102.html#breadcrumb\",\"itemListElement\":[{\"@type\":\"ListItem\",\"position\":1,\"name\":\"Portada\",\"item\":\"https:\\\/\\\/www.fcbarcelonanoticias.com\\\/en\\\/\"},{\"@type\":\"ListItem\",\"position\":2,\"name\":\"The return of the Pichichi! Lewandowski prepares to shine against Levante\"}]},{\"@type\":\"WebSite\",\"@id\":\"https:\\\/\\\/www.fcbarcelonanoticias.com\\\/en\\\/#website\",\"url\":\"https:\\\/\\\/www.fcbarcelonanoticias.com\\\/en\\\/\",\"name\":\"EN - FC Barcelona Noticias\",\"description\":\"\",\"potentialAction\":[{\"@type\":\"SearchAction\",\"target\":{\"@type\":\"EntryPoint\",\"urlTemplate\":\"https:\\\/\\\/www.fcbarcelonanoticias.com\\\/en\\\/?s={search_term_string}\"},\"query-input\":{\"@type\":\"PropertyValueSpecification\",\"valueRequired\":true,\"valueName\":\"search_term_string\"}}],\"inLanguage\":\"en-US\"},{\"@type\":\"Person\",\"@id\":\"https:\\\/\\\/www.fcbarcelonanoticias.com\\\/en\\\/#\\\/schema\\\/person\\\/f7c2a90edfe1134cfd813911ba5c0178\",\"name\":\"Reinaldo David\",\"image\":{\"@type\":\"ImageObject\",\"inLanguage\":\"en-US\",\"@id\":\"https:\\\/\\\/secure.gravatar.com\\\/avatar\\\/?s=96&d=mm&r=g\",\"url\":\"https:\\\/\\\/secure.gravatar.com\\\/avatar\\\/?s=96&d=mm&r=g\",\"contentUrl\":\"https:\\\/\\\/secure.gravatar.com\\\/avatar\\\/?s=96&d=mm&r=g\",\"caption\":\"Reinaldo David\"},\"description\":\"Licenciado en Periodismo y redactor en\u00a0FCBN. Encargado de traerte todos los d\u00edas\u00a0la \u00faltima hora del Bar\u00e7a y del mercado de traspasos. Analista de LaLiga, la Champions, la Copa del Rey tambi\u00e9n de las principales ligas y competiciones europeas.\",\"url\":\"https:\\\/\\\/www.fcbarcelonanoticias.com\\\/en\\\/reinaldo-david_37_115.html\"}]}<\/script>\n<!-- \/ Yoast SEO plugin. -->","yoast_head_json":{"title":"Lewandowski prepares to shine in Levante: will he be a starter?","description":"Robert Lewandowski aspires to be in the starting XI next Saturday against Levante. The Pole seems to be overcoming his problems in his left thigh","robots":{"index":"index","follow":"follow","max-snippet":"max-snippet:-1","max-image-preview":"max-image-preview:large","max-video-preview":"max-video-preview:-1"},"canonical":"https:\/\/www.fcbarcelonanoticias.com\/en\/fc-barcelona\/lewandowski-prepares-to-shine-in-levante-will-he-be-starter_314231_102.html","og_locale":"en_US","og_type":"article","og_title":"Lewandowski prepares to shine in Levante: will he be a starter?","og_description":"Robert Lewandowski aspires to be in the starting XI next Saturday against Levante. The Pole seems to be overcoming his problems in his left thigh","og_url":"https:\/\/www.fcbarcelonanoticias.com\/en\/fc-barcelona\/lewandowski-prepares-to-shine-in-levante-will-he-be-starter_314231_102.html","og_site_name":"EN - FC Barcelona Noticias","article_published_time":"2025-08-19T17:54:00+00:00","article_modified_time":"2025-08-19T22:20:00+00:00","og_image":[{"width":1200,"height":675,"url":"https:\/\/www.fcbarcelonanoticias.com\/en\/wp-content\/uploads\/sites\/2\/2025\/08\/robert-lewandowski-entrenamiento-agosto-2025-1.webp","type":"image\/webp"}],"author":"Reinaldo David","twitter_card":"summary_large_image","twitter_misc":{"Written by":"Reinaldo David","Est. reading time":"2 minutes"},"schema":{"@context":"https:\/\/schema.org","@graph":[{"@type":"Article","@id":"https:\/\/www.fcbarcelonanoticias.com\/en\/fc-barcelona\/lewandowski-prepares-to-shine-in-levante-will-he-be-starter_314231_102.html#article","isPartOf":{"@id":"https:\/\/www.fcbarcelonanoticias.com\/en\/fc-barcelona\/lewandowski-prepares-to-shine-in-levante-will-he-be-starter_314231_102.html"},"author":{"name":"Reinaldo David","@id":"https:\/\/www.fcbarcelonanoticias.com\/en\/#\/schema\/person\/f7c2a90edfe1134cfd813911ba5c0178"},"headline":"The return of the Pichichi! Lewandowski prepares to shine against Levante","datePublished":"2025-08-19T17:54:00+00:00","dateModified":"2025-08-19T22:20:00+00:00","mainEntityOfPage":{"@id":"https:\/\/www.fcbarcelonanoticias.com\/en\/fc-barcelona\/lewandowski-prepares-to-shine-in-levante-will-he-be-starter_314231_102.html"},"wordCount":400,"image":{"@id":"https:\/\/www.fcbarcelonanoticias.com\/en\/fc-barcelona\/lewandowski-prepares-to-shine-in-levante-will-he-be-starter_314231_102.html#primaryimage"},"thumbnailUrl":"https:\/\/www.fcbarcelonanoticias.com\/en\/wp-content\/uploads\/sites\/2\/2025\/08\/robert-lewandowski-entrenamiento-agosto-2025-1.webp","keywords":["FC Barcelona vs Levante","injured","Robert Lewandowski","Robert Lewandowski"],"articleSection":["LaLiga","LaLiga"],"inLanguage":"en-US"},{"@type":"WebPage","@id":"https:\/\/www.fcbarcelonanoticias.com\/en\/fc-barcelona\/lewandowski-prepares-to-shine-in-levante-will-he-be-starter_314231_102.html","url":"https:\/\/www.fcbarcelonanoticias.com\/en\/fc-barcelona\/lewandowski-prepares-to-shine-in-levante-will-he-be-starter_314231_102.html","name":"Lewandowski prepares to shine in Levante: will he be a starter?","isPartOf":{"@id":"https:\/\/www.fcbarcelonanoticias.com\/en\/#website"},"primaryImageOfPage":{"@id":"https:\/\/www.fcbarcelonanoticias.com\/en\/fc-barcelona\/lewandowski-prepares-to-shine-in-levante-will-he-be-starter_314231_102.html#primaryimage"},"image":{"@id":"https:\/\/www.fcbarcelonanoticias.com\/en\/fc-barcelona\/lewandowski-prepares-to-shine-in-levante-will-he-be-starter_314231_102.html#primaryimage"},"thumbnailUrl":"https:\/\/www.fcbarcelonanoticias.com\/en\/wp-content\/uploads\/sites\/2\/2025\/08\/robert-lewandowski-entrenamiento-agosto-2025-1.webp","datePublished":"2025-08-19T17:54:00+00:00","dateModified":"2025-08-19T22:20:00+00:00","author":{"@id":"https:\/\/www.fcbarcelonanoticias.com\/en\/#\/schema\/person\/f7c2a90edfe1134cfd813911ba5c0178"},"description":"Robert Lewandowski aspires to be in the starting XI next Saturday against Levante. The Pole seems to be overcoming his problems in his left thigh","breadcrumb":{"@id":"https:\/\/www.fcbarcelonanoticias.com\/en\/fc-barcelona\/lewandowski-prepares-to-shine-in-levante-will-he-be-starter_314231_102.html#breadcrumb"},"inLanguage":"en-US","potentialAction":[{"@type":"ReadAction","target":["https:\/\/www.fcbarcelonanoticias.com\/en\/fc-barcelona\/lewandowski-prepares-to-shine-in-levante-will-he-be-starter_314231_102.html"]}]},{"@type":"ImageObject","inLanguage":"en-US","@id":"https:\/\/www.fcbarcelonanoticias.com\/en\/fc-barcelona\/lewandowski-prepares-to-shine-in-levante-will-he-be-starter_314231_102.html#primaryimage","url":"https:\/\/www.fcbarcelonanoticias.com\/en\/wp-content\/uploads\/sites\/2\/2025\/08\/robert-lewandowski-entrenamiento-agosto-2025-1.webp","contentUrl":"https:\/\/www.fcbarcelonanoticias.com\/en\/wp-content\/uploads\/sites\/2\/2025\/08\/robert-lewandowski-entrenamiento-agosto-2025-1.webp","width":1200,"height":675},{"@type":"BreadcrumbList","@id":"https:\/\/www.fcbarcelonanoticias.com\/en\/fc-barcelona\/lewandowski-prepares-to-shine-in-levante-will-he-be-starter_314231_102.html#breadcrumb","itemListElement":[{"@type":"ListItem","position":1,"name":"Portada","item":"https:\/\/www.fcbarcelonanoticias.com\/en\/"},{"@type":"ListItem","position":2,"name":"The return of the Pichichi! Lewandowski prepares to shine against Levante"}]},{"@type":"WebSite","@id":"https:\/\/www.fcbarcelonanoticias.com\/en\/#website","url":"https:\/\/www.fcbarcelonanoticias.com\/en\/","name":"EN - FC Barcelona Noticias","description":"","potentialAction":[{"@type":"SearchAction","target":{"@type":"EntryPoint","urlTemplate":"https:\/\/www.fcbarcelonanoticias.com\/en\/?s={search_term_string}"},"query-input":{"@type":"PropertyValueSpecification","valueRequired":true,"valueName":"search_term_string"}}],"inLanguage":"en-US"},{"@type":"Person","@id":"https:\/\/www.fcbarcelonanoticias.com\/en\/#\/schema\/person\/f7c2a90edfe1134cfd813911ba5c0178","name":"Reinaldo David","image":{"@type":"ImageObject","inLanguage":"en-US","@id":"https:\/\/secure.gravatar.com\/avatar\/?s=96&d=mm&r=g","url":"https:\/\/secure.gravatar.com\/avatar\/?s=96&d=mm&r=g","contentUrl":"https:\/\/secure.gravatar.com\/avatar\/?s=96&d=mm&r=g","caption":"Reinaldo David"},"description":"Licenciado en Periodismo y redactor en\u00a0FCBN. Encargado de traerte todos los d\u00edas\u00a0la \u00faltima hora del Bar\u00e7a y del mercado de traspasos. Analista de LaLiga, la Champions, la Copa del Rey tambi\u00e9n de las principales ligas y competiciones europeas.","url":"https:\/\/www.fcbarcelonanoticias.com\/en\/reinaldo-david_37_115.html"}]}},"_links":{"self":[{"href":"https:\/\/www.fcbarcelonanoticias.com\/en\/wp-json\/wp\/v2\/posts\/24558","targetHints":{"allow":["GET"]}}],"collection":[{"href":"https:\/\/www.fcbarcelonanoticias.com\/en\/wp-json\/wp\/v2\/posts"}],"about":[{"href":"https:\/\/www.fcbarcelonanoticias.com\/en\/wp-json\/wp\/v2\/types\/post"}],"author":[{"embeddable":true,"href":"https:\/\/www.fcbarcelonanoticias.com\/en\/wp-json\/wp\/v2\/users\/362"}],"replies":[{"embeddable":true,"href":"https:\/\/www.fcbarcelonanoticias.com\/en\/wp-json\/wp\/v2\/comments?post=24558"}],"version-history":[{"count":1,"href":"https:\/\/www.fcbarcelonanoticias.com\/en\/wp-json\/wp\/v2\/posts\/24558\/revisions"}],"predecessor-version":[{"id":24559,"href":"https:\/\/www.fcbarcelonanoticias.com\/en\/wp-json\/wp\/v2\/posts\/24558\/revisions\/24559"}],"wp:featuredmedia":[{"embeddable":true,"href":"https:\/\/www.fcbarcelonanoticias.com\/en\/wp-json\/wp\/v2\/media\/24560"}],"wp:attachment":[{"href":"https:\/\/www.fcbarcelonanoticias.com\/en\/wp-json\/wp\/v2\/media?parent=24558"}],"wp:term":[{"taxonomy":"category","embeddable":true,"href":"https:\/\/www.fcbarcelonanoticias.com\/en\/wp-json\/wp\/v2\/categories?post=24558"},{"taxonomy":"post_tag","embeddable":true,"href":"https:\/\/www.fcbarcelonanoticias.com\/en\/wp-json\/wp\/v2\/tags?post=24558"}],"curies":[{"name":"wp","href":"https:\/\/api.w.org\/{rel}","templated":true}]}}