{"id":24589,"date":"2025-10-27T16:27:00","date_gmt":"2025-10-27T15:27:00","guid":{"rendered":"https:\/\/weisetech.dev\/fc-barcelona-noticias\/en\/lewandowski-returns-to-training-and-aims-for-barcelona-elche_315131_102\/"},"modified":"2026-03-27T11:30:42","modified_gmt":"2026-03-27T10:30:42","slug":"lewandowski-returns-to-training-and-aims-for-barcelona-elche_315131_102","status":"publish","type":"post","link":"https:\/\/www.fcbarcelonanoticias.com\/en\/fc-barcelona\/lewandowski-returns-to-training-and-aims-for-barcelona-elche_315131_102.html","title":{"rendered":"Good news! Lewandowski returns to training and is aiming for the Bar\u00e7a-Elche match"},"content":{"rendered":"<h2 class=\"wp-block-heading\">Bar\u00e7a held the post-Cl\u00e1sico recovery session this Monday with an expected return: Robert Lewandowski worked with the group and hopes to be medically cleared soon<\/h2>  \r\n<div class=\"article-addons\">\r\n    <a href=\"https:\/\/www.fcbarcelonanoticias.com\/en\/calendar-fc-barcelona.html\"\r\n       target=\"_self\"\r\n       title=\"Calendar of FC Barcelona\"\r\n       class=\"blue-gredient-btn\">\r\n       \r\n        Calendar of FC Barcelona    <\/a>\r\n<\/div>   <p><strong>Robert Lewandowski<\/strong> was the main novelty of Monday&#8217;s work day at the Ciutat Esportiva Joan Gamper. The <a data-external=\"0\" data-intl-links-en=\"https:\/\/www.fcbarcelonanoticias.com\/en\/fc-barcelona-squad.html\" data-intl-links-es=\"https:\/\/www.fcbarcelonanoticias.com\/jugadores-fcbarcelona.html\" href=\"https:\/\/www.fcbarcelonanoticias.com\/en\/fc-barcelona-squad.html\" rel=\"follow\" target=\"_self\" title=\"Plantilla del FC Barcelona 2025-26\">FC Barcelona squad<\/a> carried out the usual recovery session after <strong>the visit to Real Madrid (2-1)<\/strong>, where several Bar\u00e7a players worked exclusively in the gym.<\/p>  <p>The one who did return to the field was &#8216;Lewy&#8217;. The Pole was out for the last three games due to a muscle tear in the femoral biceps of his left leg suffered after the last break. Initially, <a data-external=\"0\" data-intl-links-en=\"https:\/\/www.fcbarcelonanoticias.com\/en\/fc-barcelona\/lewandowski-injured-how-many-games-will-9-miss_315020_102.html\" data-intl-links-es=\"https:\/\/www.fcbarcelonanoticias.com\/fc-barcelona\/lewandowski-lesionado-cuantos-partidos-se-perdera-9_315020_102.html\" href=\"https:\/\/www.fcbarcelonanoticias.com\/en\/fc-barcelona\/lewandowski-injured-how-many-games-will-9-miss_315020_102.html\" rel=\"follow\" target=\"_self\" title=\"\u00a1Lewandowski lesionado! \u00bfCu\u00e1ntos partidos se perder\u00e1 el '9'?\">his absence was feared for 4 to 6 weeks<\/a>, but the &#8216;9&#8217; has managed to shorten his recovery to only 15 days.<\/p>  <h2>When will Lewandowski play for Bar\u00e7a again?<\/h2>  <p>At least, those are the feelings he leaves with upon his return to work. <strong>Hansi Flick<\/strong> could recover him in time for the <a data-external=\"0\" data-intl-links-en=\"https:\/\/www.fcbarcelonanoticias.com\/en\/laliga\/barcelona-elche-schedule-and-tv-laliga-2025-26-md11_314969_102.html\" data-intl-links-es=\"https:\/\/www.fcbarcelonanoticias.com\/laliga\/horario-tv-barcelona-elche-laliga-2025-26-j11_314969_102.html\" href=\"https:\/\/www.fcbarcelonanoticias.com\/en\/laliga\/barcelona-elche-schedule-and-tv-laliga-2025-26-md11_314969_102.html\" rel=\"follow\" target=\"_self\" title=\"Horario y TV del Barcelona - Elche: LaLiga 2025\/26 J11\">Bar\u00e7a-Elche<\/a> match next Sunday, November 2, at Montju\u00efc (6:30 PM CEST), as long as he manages to train normally during the week.<\/p>  <p>Bar\u00e7a will have a day off this Tuesday and will begin preparations for matchday 11 of LaLiga on Wednesday. Taking into account <a data-external=\"0\" data-intl-links-en=\"https:\/\/www.fcbarcelonanoticias.com\/en\/laliga\/clasico-injuries-raphinha-relapses-kounde-is-also-doubtful_315104_102.html\" data-intl-links-es=\"https:\/\/www.fcbarcelonanoticias.com\/laliga\/barca-aprietos-raphinha-recae-lesion-kounde-tambien-duda-clasico_315104_102.html\" href=\"https:\/\/www.fcbarcelonanoticias.com\/en\/laliga\/clasico-injuries-raphinha-relapses-kounde-is-also-doubtful_315104_102.html\" rel=\"follow\" target=\"_self\" title=\"El Bar\u00e7a en aprietos: Raphinha recae de su lesi\u00f3n y se pierde el cl\u00e1sico\">Raphinha&#8217;s<\/a> relapse last week, the coaching staff will not take risks with Lewandowski or <a data-external=\"0\" data-intl-links-en=\"https:\/\/www.fcbarcelonanoticias.com\/en\/football\/fuente-contradicts-the-rfef-regarding-dani-olmo-injury_315009_102.html\" data-intl-links-es=\"https:\/\/www.fcbarcelonanoticias.com\/futbol\/lesion-dani-olmo-luis-fuente-contradice-rfef_315009_102.html\" href=\"https:\/\/www.fcbarcelonanoticias.com\/en\/football\/fuente-contradicts-the-rfef-regarding-dani-olmo-injury_315009_102.html\" rel=\"follow\" target=\"_self\" title=\"Lesi\u00f3n de Dani Olmo: Luis de la Fuente contradice a la RFEF\">Dani Olmo<\/a>, another who could receive medical clearance this week.<\/p>  <p>The Bar\u00e7a team missed both the &#8216;9&#8217; and the &#8217;20&#8217; in the Cl\u00e1sico, a match where the team lacked depth and ideas in attack. Before getting injured, Robert scored 4 goals in 9 matches (7 in La Liga and 2 in the Champions League), this being <a data-external=\"0\" data-intl-links-en=\"https:\/\/www.fcbarcelonanoticias.com\/en\/fc-barcelona\/lewandowski-registers-his-worst-start-to-season-with-barcelona_314957_102.html\" data-intl-links-es=\"https:\/\/www.fcbarcelonanoticias.com\/fc-barcelona\/robert-lewandowski-registra-peor-comienzo-temporada-con-barcelona_314957_102.html\" href=\"https:\/\/www.fcbarcelonanoticias.com\/en\/fc-barcelona\/lewandowski-registers-his-worst-start-to-season-with-barcelona_314957_102.html\" rel=\"follow\" target=\"_self\" title=\"Robert Lewandowski registra su peor comienzo de temporada con el Bar\u00e7a\">his worst start to the season<\/a> as a Bar\u00e7a player.<\/p>  <p>During the October break, Lewandowski was a substitute in Poland&#8217;s friendly against New Zealand (10\/09), but <strong>he started and scored a goal in the victory against Lithuania<\/strong> (10\/12). That day he played 90 minutes despite suffering from muscle discomfort and, after his return to Catalonia, he suffered a muscle tear.<\/p>  <ul> <li>In&nbsp;<strong>FC Barcelona Noticias<\/strong>&nbsp;we tell you every detail of the Bar\u00e7a news and the&nbsp;<strong><a data-external=\"0\" data-intl-links-en=\"https:\/\/www.fcbarcelonanoticias.com\/en\/tags\/injured\" data-intl-links-es=\"https:\/\/www.fcbarcelonanoticias.com\/tags\/lesionados\" href=\"https:\/\/www.fcbarcelonanoticias.com\/en\/tags\/injured.html\" rel=\"follow\" target=\"_self\" title=\"Lesionados\">evolution of all the injured players<\/a><\/strong> <\/li> <\/ul> <h2>Flick Needs to Recover Lewandowski&#8217;s Best Form in November<\/h2>  <div class=\"media media-image\" data-ck-asset-wrapper=\"\"> <div class=\"media-item\"> <img loading=\"lazy\" decoding=\"async\" alt=\"Lewandowski Legend: 990 matches, 700 goals, and 193 assists\" data-id=\"1524090\" data-resize=\"9\" height=\"563\" src=\"https:\/\/www.fcbarcelonanoticias.com\/wp-content\/uploads\/sites\/2\/2025\/10\/fcbn-71cea61db4d8c3fb72e908a8731a1294.webp\" title=\"Leyenda Lewandowski: 990 partidos, 700 goles y 193 asistencias\" width=\"1000\"><div class=\"media-title\">Lewandowski Legend: 990 matches, 700 goals, and 193 assists<\/div> <\/div> <\/div>  <p>&#8216;Lewy&#8217; had already suffered a muscular mishap in the final stretch of the preseason, which is why he was a substitute in the first 3 matchdays of La Liga. <strong>Ferran Torres, Marcus Rashford, and Toni Fern\u00e1ndez<\/strong> have been the alternatives used by Flick as area references, with the &#8216;Shark&#8217; being the one who has given the best results so far.<\/p>  <p>The &#8216;7&#8217; scored 5 goals in Bar\u00e7a&#8217;s first 10 games, but <strong>he also returned from the break with an overload<\/strong> that sidelined him against Girona and Olympiacos. Against Real Madrid, the player from Foi\u00f3s returned to the starting XI, but he was far from his best in the 74 minutes he was on the field.<\/p>  <p>In that sense, the return of Robert Lewandowski represents excellent news for a Barcelona that needs to recover all of its attacking players to reverse the team&#8217;s poor collective form. <strong>The Blaugrana have accumulated 3 defeats in their last 5 matches<\/strong>, making it the team&#8217;s second-worst run since Hansi Flick&#8217;s arrival.<\/p>  <p><strong>Between November and December 2024, the Azulgrana team only won 1 of 7 league matchdays<\/strong>, with 4 defeats and 2 draws. In between, though, they added a pair of Champions League victories. &#8216;Lewy&#8217; was Bar\u00e7a&#8217;s top scorer in the 24\/25 season with 42 goals, completing his best season in a Cul\u00e9 shirt.<\/p>  <h2>FC Barcelona&#8217;s Upcoming Matches<\/h2>  <ol> <li>Sunday 11\/02\/2025: <strong>Barcelona vs Elche<\/strong> (LaLiga, matchday 11 at Montju\u00efc at 18:30 CEST).<\/li> \t<li>Wednesday 11\/05\/2025: <strong>Bruges vs Barcelona<\/strong> (Champions League, matchday 4 in Belgium at 21:00 CEST).<\/li> \t<li>Sunday 11\/09\/2025: <strong>Celta vs Barcelona<\/strong> (LaLiga, matchday 12 in Vigo at 21:00 CEST).<\/li> <\/ol> ","protected":false},"excerpt":{"rendered":"<p>Bar\u00e7a held the post-Cl\u00e1sico recovery session this Monday with an expected return: Robert Lewandowski worked with the group and hopes to be medically cleared soon Robert Lewandowski was the main novelty of Monday&#8217;s work day at the Ciutat Esportiva Joan Gamper. The FC Barcelona squad carried out the usual recovery session after the visit to [&hellip;]<\/p>\n","protected":false},"author":347,"featured_media":24592,"comment_status":"closed","ping_status":"open","sticky":false,"template":"","format":"standard","meta":{"_acf_changed":false,"inline_featured_image":false,"_nextfly_llmd_date_locked":false,"footnotes":""},"categories":[111],"tags":[347,136,462,152],"class_list":["post-24589","post","type-post","status-publish","format-standard","has-post-thumbnail","hentry","category-fc-barcelona","tag-elche-cf","tag-injured","tag-robert-lewandowski-2","tag-robert-lewandowski"],"acf":[],"yoast_head":"<!-- This site is optimized with the Yoast SEO plugin v27.3 - https:\/\/yoast.com\/product\/yoast-seo-wordpress\/ -->\n<title>Lewandowski returns to training and aims for Barcelona-Elche<\/title>\n<meta name=\"description\" content=\"Robert Lewandowski worked alongside the group and hopes to receive medical clearance soon. When will the Pole play again?\" \/>\n<meta name=\"robots\" content=\"index, follow, max-snippet:-1, max-image-preview:large, max-video-preview:-1\" \/>\n<link rel=\"canonical\" href=\"https:\/\/www.fcbarcelonanoticias.com\/en\/fc-barcelona\/lewandowski-returns-to-training-and-aims-for-barcelona-elche_315131_102.html\" \/>\n<meta property=\"og:locale\" content=\"en_US\" \/>\n<meta property=\"og:type\" content=\"article\" \/>\n<meta property=\"og:title\" content=\"Lewandowski returns to training and aims for Barcelona-Elche\" \/>\n<meta property=\"og:description\" content=\"Robert Lewandowski worked alongside the group and hopes to receive medical clearance soon. When will the Pole play again?\" \/>\n<meta property=\"og:url\" content=\"https:\/\/www.fcbarcelonanoticias.com\/en\/fc-barcelona\/lewandowski-returns-to-training-and-aims-for-barcelona-elche_315131_102.html\" \/>\n<meta property=\"og:site_name\" content=\"EN - FC Barcelona Noticias\" \/>\n<meta property=\"article:published_time\" content=\"2025-10-27T15:27:00+00:00\" \/>\n<meta property=\"article:modified_time\" content=\"2026-03-27T10:30:42+00:00\" \/>\n<meta property=\"og:image\" content=\"https:\/\/www.fcbarcelonanoticias.com\/en\/wp-content\/uploads\/sites\/2\/2025\/10\/robert-lewandowski-champions-25-26-1.webp\" \/>\n\t<meta property=\"og:image:width\" content=\"1200\" \/>\n\t<meta property=\"og:image:height\" content=\"675\" \/>\n\t<meta property=\"og:image:type\" content=\"image\/webp\" \/>\n<meta name=\"author\" content=\"Andr\u00e9s Quiroz\" \/>\n<meta name=\"twitter:card\" content=\"summary_large_image\" \/>\n<meta name=\"twitter:label1\" content=\"Written by\" \/>\n\t<meta name=\"twitter:data1\" content=\"Andr\u00e9s Quiroz\" \/>\n\t<meta name=\"twitter:label2\" content=\"Est. reading time\" \/>\n\t<meta name=\"twitter:data2\" content=\"3 minutes\" \/>\n<script type=\"application\/ld+json\" class=\"yoast-schema-graph\">{\"@context\":\"https:\\\/\\\/schema.org\",\"@graph\":[{\"@type\":\"Article\",\"@id\":\"https:\\\/\\\/www.fcbarcelonanoticias.com\\\/en\\\/fc-barcelona\\\/lewandowski-returns-to-training-and-aims-for-barcelona-elche_315131_102.html#article\",\"isPartOf\":{\"@id\":\"https:\\\/\\\/www.fcbarcelonanoticias.com\\\/en\\\/fc-barcelona\\\/lewandowski-returns-to-training-and-aims-for-barcelona-elche_315131_102.html\"},\"author\":{\"name\":\"Andr\u00e9s Quiroz\",\"@id\":\"https:\\\/\\\/www.fcbarcelonanoticias.com\\\/en\\\/#\\\/schema\\\/person\\\/c2cd9f6fa1af5c0d0eccd0fefa575c88\"},\"headline\":\"Good news! Lewandowski returns to training and is aiming for the Bar\u00e7a-Elche match\",\"datePublished\":\"2025-10-27T15:27:00+00:00\",\"dateModified\":\"2026-03-27T10:30:42+00:00\",\"mainEntityOfPage\":{\"@id\":\"https:\\\/\\\/www.fcbarcelonanoticias.com\\\/en\\\/fc-barcelona\\\/lewandowski-returns-to-training-and-aims-for-barcelona-elche_315131_102.html\"},\"wordCount\":633,\"image\":{\"@id\":\"https:\\\/\\\/www.fcbarcelonanoticias.com\\\/en\\\/fc-barcelona\\\/lewandowski-returns-to-training-and-aims-for-barcelona-elche_315131_102.html#primaryimage\"},\"thumbnailUrl\":\"https:\\\/\\\/www.fcbarcelonanoticias.com\\\/en\\\/wp-content\\\/uploads\\\/sites\\\/2\\\/2025\\\/10\\\/robert-lewandowski-champions-25-26-1.webp\",\"keywords\":[\"Elche CF\",\"injured\",\"Robert Lewandowski\",\"Robert Lewandowski\"],\"articleSection\":[\"FC Barcelona\"],\"inLanguage\":\"en-US\"},{\"@type\":\"WebPage\",\"@id\":\"https:\\\/\\\/www.fcbarcelonanoticias.com\\\/en\\\/fc-barcelona\\\/lewandowski-returns-to-training-and-aims-for-barcelona-elche_315131_102.html\",\"url\":\"https:\\\/\\\/www.fcbarcelonanoticias.com\\\/en\\\/fc-barcelona\\\/lewandowski-returns-to-training-and-aims-for-barcelona-elche_315131_102.html\",\"name\":\"Lewandowski returns to training and aims for Barcelona-Elche\",\"isPartOf\":{\"@id\":\"https:\\\/\\\/www.fcbarcelonanoticias.com\\\/en\\\/#website\"},\"primaryImageOfPage\":{\"@id\":\"https:\\\/\\\/www.fcbarcelonanoticias.com\\\/en\\\/fc-barcelona\\\/lewandowski-returns-to-training-and-aims-for-barcelona-elche_315131_102.html#primaryimage\"},\"image\":{\"@id\":\"https:\\\/\\\/www.fcbarcelonanoticias.com\\\/en\\\/fc-barcelona\\\/lewandowski-returns-to-training-and-aims-for-barcelona-elche_315131_102.html#primaryimage\"},\"thumbnailUrl\":\"https:\\\/\\\/www.fcbarcelonanoticias.com\\\/en\\\/wp-content\\\/uploads\\\/sites\\\/2\\\/2025\\\/10\\\/robert-lewandowski-champions-25-26-1.webp\",\"datePublished\":\"2025-10-27T15:27:00+00:00\",\"dateModified\":\"2026-03-27T10:30:42+00:00\",\"author\":{\"@id\":\"https:\\\/\\\/www.fcbarcelonanoticias.com\\\/en\\\/#\\\/schema\\\/person\\\/c2cd9f6fa1af5c0d0eccd0fefa575c88\"},\"description\":\"Robert Lewandowski worked alongside the group and hopes to receive medical clearance soon. When will the Pole play again?\",\"breadcrumb\":{\"@id\":\"https:\\\/\\\/www.fcbarcelonanoticias.com\\\/en\\\/fc-barcelona\\\/lewandowski-returns-to-training-and-aims-for-barcelona-elche_315131_102.html#breadcrumb\"},\"inLanguage\":\"en-US\",\"potentialAction\":[{\"@type\":\"ReadAction\",\"target\":[\"https:\\\/\\\/www.fcbarcelonanoticias.com\\\/en\\\/fc-barcelona\\\/lewandowski-returns-to-training-and-aims-for-barcelona-elche_315131_102.html\"]}]},{\"@type\":\"ImageObject\",\"inLanguage\":\"en-US\",\"@id\":\"https:\\\/\\\/www.fcbarcelonanoticias.com\\\/en\\\/fc-barcelona\\\/lewandowski-returns-to-training-and-aims-for-barcelona-elche_315131_102.html#primaryimage\",\"url\":\"https:\\\/\\\/www.fcbarcelonanoticias.com\\\/en\\\/wp-content\\\/uploads\\\/sites\\\/2\\\/2025\\\/10\\\/robert-lewandowski-champions-25-26-1.webp\",\"contentUrl\":\"https:\\\/\\\/www.fcbarcelonanoticias.com\\\/en\\\/wp-content\\\/uploads\\\/sites\\\/2\\\/2025\\\/10\\\/robert-lewandowski-champions-25-26-1.webp\",\"width\":1200,\"height\":675},{\"@type\":\"BreadcrumbList\",\"@id\":\"https:\\\/\\\/www.fcbarcelonanoticias.com\\\/en\\\/fc-barcelona\\\/lewandowski-returns-to-training-and-aims-for-barcelona-elche_315131_102.html#breadcrumb\",\"itemListElement\":[{\"@type\":\"ListItem\",\"position\":1,\"name\":\"Portada\",\"item\":\"https:\\\/\\\/www.fcbarcelonanoticias.com\\\/en\\\/\"},{\"@type\":\"ListItem\",\"position\":2,\"name\":\"Good news! Lewandowski returns to training and is aiming for the Bar\u00e7a-Elche match\"}]},{\"@type\":\"WebSite\",\"@id\":\"https:\\\/\\\/www.fcbarcelonanoticias.com\\\/en\\\/#website\",\"url\":\"https:\\\/\\\/www.fcbarcelonanoticias.com\\\/en\\\/\",\"name\":\"EN - FC Barcelona Noticias\",\"description\":\"\",\"potentialAction\":[{\"@type\":\"SearchAction\",\"target\":{\"@type\":\"EntryPoint\",\"urlTemplate\":\"https:\\\/\\\/www.fcbarcelonanoticias.com\\\/en\\\/?s={search_term_string}\"},\"query-input\":{\"@type\":\"PropertyValueSpecification\",\"valueRequired\":true,\"valueName\":\"search_term_string\"}}],\"inLanguage\":\"en-US\"},{\"@type\":\"Person\",\"@id\":\"https:\\\/\\\/www.fcbarcelonanoticias.com\\\/en\\\/#\\\/schema\\\/person\\\/c2cd9f6fa1af5c0d0eccd0fefa575c88\",\"name\":\"Andr\u00e9s Quiroz\",\"image\":{\"@type\":\"ImageObject\",\"inLanguage\":\"en-US\",\"@id\":\"https:\\\/\\\/secure.gravatar.com\\\/avatar\\\/?s=96&d=mm&r=g\",\"url\":\"https:\\\/\\\/secure.gravatar.com\\\/avatar\\\/?s=96&d=mm&r=g\",\"contentUrl\":\"https:\\\/\\\/secure.gravatar.com\\\/avatar\\\/?s=96&d=mm&r=g\",\"caption\":\"Andr\u00e9s Quiroz\"},\"description\":\"Licenciado en Periodismo por la Universidad de los Andes. Me encargo de analizar y compartir los contenidos m\u00e1s destacados de la\u00a0actualidad del F\u00fatbol Club Barcelona, Mercado de Fichajes y F\u00fatbol Internacional en FCBN. La informaci\u00f3n es poder, pero tambi\u00e9n conocimiento.\",\"url\":\"https:\\\/\\\/www.fcbarcelonanoticias.com\\\/en\\\/fc-barcelona\\\/andres-quiroz_17_115.html\"}]}<\/script>\n<!-- \/ Yoast SEO plugin. -->","yoast_head_json":{"title":"Lewandowski returns to training and aims for Barcelona-Elche","description":"Robert Lewandowski worked alongside the group and hopes to receive medical clearance soon. When will the Pole play again?","robots":{"index":"index","follow":"follow","max-snippet":"max-snippet:-1","max-image-preview":"max-image-preview:large","max-video-preview":"max-video-preview:-1"},"canonical":"https:\/\/www.fcbarcelonanoticias.com\/en\/fc-barcelona\/lewandowski-returns-to-training-and-aims-for-barcelona-elche_315131_102.html","og_locale":"en_US","og_type":"article","og_title":"Lewandowski returns to training and aims for Barcelona-Elche","og_description":"Robert Lewandowski worked alongside the group and hopes to receive medical clearance soon. When will the Pole play again?","og_url":"https:\/\/www.fcbarcelonanoticias.com\/en\/fc-barcelona\/lewandowski-returns-to-training-and-aims-for-barcelona-elche_315131_102.html","og_site_name":"EN - FC Barcelona Noticias","article_published_time":"2025-10-27T15:27:00+00:00","article_modified_time":"2026-03-27T10:30:42+00:00","og_image":[{"width":1200,"height":675,"url":"https:\/\/www.fcbarcelonanoticias.com\/en\/wp-content\/uploads\/sites\/2\/2025\/10\/robert-lewandowski-champions-25-26-1.webp","type":"image\/webp"}],"author":"Andr\u00e9s Quiroz","twitter_card":"summary_large_image","twitter_misc":{"Written by":"Andr\u00e9s Quiroz","Est. reading time":"3 minutes"},"schema":{"@context":"https:\/\/schema.org","@graph":[{"@type":"Article","@id":"https:\/\/www.fcbarcelonanoticias.com\/en\/fc-barcelona\/lewandowski-returns-to-training-and-aims-for-barcelona-elche_315131_102.html#article","isPartOf":{"@id":"https:\/\/www.fcbarcelonanoticias.com\/en\/fc-barcelona\/lewandowski-returns-to-training-and-aims-for-barcelona-elche_315131_102.html"},"author":{"name":"Andr\u00e9s Quiroz","@id":"https:\/\/www.fcbarcelonanoticias.com\/en\/#\/schema\/person\/c2cd9f6fa1af5c0d0eccd0fefa575c88"},"headline":"Good news! Lewandowski returns to training and is aiming for the Bar\u00e7a-Elche match","datePublished":"2025-10-27T15:27:00+00:00","dateModified":"2026-03-27T10:30:42+00:00","mainEntityOfPage":{"@id":"https:\/\/www.fcbarcelonanoticias.com\/en\/fc-barcelona\/lewandowski-returns-to-training-and-aims-for-barcelona-elche_315131_102.html"},"wordCount":633,"image":{"@id":"https:\/\/www.fcbarcelonanoticias.com\/en\/fc-barcelona\/lewandowski-returns-to-training-and-aims-for-barcelona-elche_315131_102.html#primaryimage"},"thumbnailUrl":"https:\/\/www.fcbarcelonanoticias.com\/en\/wp-content\/uploads\/sites\/2\/2025\/10\/robert-lewandowski-champions-25-26-1.webp","keywords":["Elche CF","injured","Robert Lewandowski","Robert Lewandowski"],"articleSection":["FC Barcelona"],"inLanguage":"en-US"},{"@type":"WebPage","@id":"https:\/\/www.fcbarcelonanoticias.com\/en\/fc-barcelona\/lewandowski-returns-to-training-and-aims-for-barcelona-elche_315131_102.html","url":"https:\/\/www.fcbarcelonanoticias.com\/en\/fc-barcelona\/lewandowski-returns-to-training-and-aims-for-barcelona-elche_315131_102.html","name":"Lewandowski returns to training and aims for Barcelona-Elche","isPartOf":{"@id":"https:\/\/www.fcbarcelonanoticias.com\/en\/#website"},"primaryImageOfPage":{"@id":"https:\/\/www.fcbarcelonanoticias.com\/en\/fc-barcelona\/lewandowski-returns-to-training-and-aims-for-barcelona-elche_315131_102.html#primaryimage"},"image":{"@id":"https:\/\/www.fcbarcelonanoticias.com\/en\/fc-barcelona\/lewandowski-returns-to-training-and-aims-for-barcelona-elche_315131_102.html#primaryimage"},"thumbnailUrl":"https:\/\/www.fcbarcelonanoticias.com\/en\/wp-content\/uploads\/sites\/2\/2025\/10\/robert-lewandowski-champions-25-26-1.webp","datePublished":"2025-10-27T15:27:00+00:00","dateModified":"2026-03-27T10:30:42+00:00","author":{"@id":"https:\/\/www.fcbarcelonanoticias.com\/en\/#\/schema\/person\/c2cd9f6fa1af5c0d0eccd0fefa575c88"},"description":"Robert Lewandowski worked alongside the group and hopes to receive medical clearance soon. When will the Pole play again?","breadcrumb":{"@id":"https:\/\/www.fcbarcelonanoticias.com\/en\/fc-barcelona\/lewandowski-returns-to-training-and-aims-for-barcelona-elche_315131_102.html#breadcrumb"},"inLanguage":"en-US","potentialAction":[{"@type":"ReadAction","target":["https:\/\/www.fcbarcelonanoticias.com\/en\/fc-barcelona\/lewandowski-returns-to-training-and-aims-for-barcelona-elche_315131_102.html"]}]},{"@type":"ImageObject","inLanguage":"en-US","@id":"https:\/\/www.fcbarcelonanoticias.com\/en\/fc-barcelona\/lewandowski-returns-to-training-and-aims-for-barcelona-elche_315131_102.html#primaryimage","url":"https:\/\/www.fcbarcelonanoticias.com\/en\/wp-content\/uploads\/sites\/2\/2025\/10\/robert-lewandowski-champions-25-26-1.webp","contentUrl":"https:\/\/www.fcbarcelonanoticias.com\/en\/wp-content\/uploads\/sites\/2\/2025\/10\/robert-lewandowski-champions-25-26-1.webp","width":1200,"height":675},{"@type":"BreadcrumbList","@id":"https:\/\/www.fcbarcelonanoticias.com\/en\/fc-barcelona\/lewandowski-returns-to-training-and-aims-for-barcelona-elche_315131_102.html#breadcrumb","itemListElement":[{"@type":"ListItem","position":1,"name":"Portada","item":"https:\/\/www.fcbarcelonanoticias.com\/en\/"},{"@type":"ListItem","position":2,"name":"Good news! Lewandowski returns to training and is aiming for the Bar\u00e7a-Elche match"}]},{"@type":"WebSite","@id":"https:\/\/www.fcbarcelonanoticias.com\/en\/#website","url":"https:\/\/www.fcbarcelonanoticias.com\/en\/","name":"EN - FC Barcelona Noticias","description":"","potentialAction":[{"@type":"SearchAction","target":{"@type":"EntryPoint","urlTemplate":"https:\/\/www.fcbarcelonanoticias.com\/en\/?s={search_term_string}"},"query-input":{"@type":"PropertyValueSpecification","valueRequired":true,"valueName":"search_term_string"}}],"inLanguage":"en-US"},{"@type":"Person","@id":"https:\/\/www.fcbarcelonanoticias.com\/en\/#\/schema\/person\/c2cd9f6fa1af5c0d0eccd0fefa575c88","name":"Andr\u00e9s Quiroz","image":{"@type":"ImageObject","inLanguage":"en-US","@id":"https:\/\/secure.gravatar.com\/avatar\/?s=96&d=mm&r=g","url":"https:\/\/secure.gravatar.com\/avatar\/?s=96&d=mm&r=g","contentUrl":"https:\/\/secure.gravatar.com\/avatar\/?s=96&d=mm&r=g","caption":"Andr\u00e9s Quiroz"},"description":"Licenciado en Periodismo por la Universidad de los Andes. Me encargo de analizar y compartir los contenidos m\u00e1s destacados de la\u00a0actualidad del F\u00fatbol Club Barcelona, Mercado de Fichajes y F\u00fatbol Internacional en FCBN. La informaci\u00f3n es poder, pero tambi\u00e9n conocimiento.","url":"https:\/\/www.fcbarcelonanoticias.com\/en\/fc-barcelona\/andres-quiroz_17_115.html"}]}},"_links":{"self":[{"href":"https:\/\/www.fcbarcelonanoticias.com\/en\/wp-json\/wp\/v2\/posts\/24589","targetHints":{"allow":["GET"]}}],"collection":[{"href":"https:\/\/www.fcbarcelonanoticias.com\/en\/wp-json\/wp\/v2\/posts"}],"about":[{"href":"https:\/\/www.fcbarcelonanoticias.com\/en\/wp-json\/wp\/v2\/types\/post"}],"author":[{"embeddable":true,"href":"https:\/\/www.fcbarcelonanoticias.com\/en\/wp-json\/wp\/v2\/users\/347"}],"replies":[{"embeddable":true,"href":"https:\/\/www.fcbarcelonanoticias.com\/en\/wp-json\/wp\/v2\/comments?post=24589"}],"version-history":[{"count":2,"href":"https:\/\/www.fcbarcelonanoticias.com\/en\/wp-json\/wp\/v2\/posts\/24589\/revisions"}],"predecessor-version":[{"id":158506,"href":"https:\/\/www.fcbarcelonanoticias.com\/en\/wp-json\/wp\/v2\/posts\/24589\/revisions\/158506"}],"wp:featuredmedia":[{"embeddable":true,"href":"https:\/\/www.fcbarcelonanoticias.com\/en\/wp-json\/wp\/v2\/media\/24592"}],"wp:attachment":[{"href":"https:\/\/www.fcbarcelonanoticias.com\/en\/wp-json\/wp\/v2\/media?parent=24589"}],"wp:term":[{"taxonomy":"category","embeddable":true,"href":"https:\/\/www.fcbarcelonanoticias.com\/en\/wp-json\/wp\/v2\/categories?post=24589"},{"taxonomy":"post_tag","embeddable":true,"href":"https:\/\/www.fcbarcelonanoticias.com\/en\/wp-json\/wp\/v2\/tags?post=24589"}],"curies":[{"name":"wp","href":"https:\/\/api.w.org\/{rel}","templated":true}]}}