{"id":24886,"date":"2017-04-09T14:13:00","date_gmt":"2017-04-09T12:13:00","guid":{"rendered":"https:\/\/weisetech.dev\/fc-barcelona-noticias\/en\/list-of-summoned-of-the-barca-in-front-of-the-juventus-ida-1-4_198740_102\/"},"modified":"2026-04-16T09:39:50","modified_gmt":"2026-04-16T07:39:50","slug":"list-of-summoned-of-the-barca-in-front-of-the-juventus-ida-1-4_198740_102","status":"publish","type":"post","link":"https:\/\/www.fcbarcelonanoticias.com\/en\/fc-barcelona\/list-of-summoned-of-the-barca-in-front-of-the-juventus-ida-1-4_198740_102.html","title":{"rendered":"List of summoned of the Bar\u00e7a in front of the Juventus (Ida 1\/4)"},"content":{"rendered":"<h2 class=\"wp-block-heading\">The technical body of Luis Enrique has decided to carry to all the staff, lesionados and sanctioned included, for the dispute of the gone of quarter-finals of UEFA\u00a0Champions League against the Juventus of Tur\u00edn, this next Tuesday in Italian earths<\/h2>  \r\n<div class=\"article-addons\">\r\n    <a href=\"https:\/\/www.fcbarcelonanoticias.com\/en\/calendar-fc-barcelona.html\"\r\n       target=\"_self\"\r\n       title=\"Calendar of FC Barcelona\"\r\n       class=\"blue-gredient-btn\">\r\n       \r\n        Calendar of FC Barcelona    <\/a>\r\n<\/div>   <p>The <strong>FC Barcelona&nbsp;<\/strong>will contest this <strong><a href=\"https:\/\/www.fcbarcelonanoticias.com\/champions-league\/las-fechas-de-la-eliminatoria-barca-juventus-de-champions_198069_102.html\">Tuesday 11 April, from the 20.45 hours<\/a><\/strong>, the important duel in front of the Juventus&nbsp;in Tur\u00edn.<strong>&nbsp;<\/strong>A party in which the cul\u00e9s will have like big objective begin to desequilibrar the scales to his favour in the eliminatory of quarter-finals of&nbsp;<a href=\"https:\/\/www.fcbarcelonanoticias.com\/champions-league-calendario-y-resultados.html\"><strong>UEFA Champions League 2016-17<\/strong><\/a>. And for this, the ones of Luis Enrique will displace  in mass to Italian earths, sanctioned and lesionados included.<\/p> <p><strong>Luis Enrique will have his hard core<\/strong>, to exception of the sanctioned<strong>&nbsp;Sergio Busquets<\/strong>, having elaborated an announcement that will allow to the FC Barcelona complete an alignment of gala, in spite of the absence of the player of Bad\u00eda.<\/p> <p>Besides, <strong>Luis Enrique has wanted to carry also to two players of the filial<\/strong> because of the accumulation of absences in the centre of the field, Carles Ale\u00f1\u00e1 and \u00c1lex Carbonell, that already were summoned against the M\u00e1laga this past Saturday. <strong>Ale\u00f1\u00e1<\/strong>, in fact, played against Granada and Seville recently, having of some minutes of game to give rest to the &#8220;indisputable&#8221; headlines.<\/p> <h2><span style=\"font-size: 1.5em;\">The announcement of the Bar\u00e7a in front of the Juventus:<\/span><\/h2> <p>Ter Stegen, Cillessen, Masip, Gerard Hammered, Rakitic, Busquets, Andr\u00e9s Iniesta, Andr\u00e9 Gomes, Luis Su\u00e1rez, Leo Messi, Neymar Jr, Rafinha, Mascherano, Paco Alc\u00e1cer, Jordi Alba, Lucas Digne, Sergi Roberto, Burn Turan, Samuel Umtiti, Denis Su\u00e1rez, Aleix Vidal, Mathieu, Ale\u00f1\u00e1 (28) and Carbonell (30).<\/p> <p>In attack the Bar\u00e7a will go back to bet by <strong>Luis Su\u00e1rez,&nbsp;<a href=\"https:\/\/www.fcbarcelonanoticias.com\/en\/jugadores\/lionel-messi.html\">Leo Messi<\/a> and Neymar,&nbsp;<\/strong>whereas the rest of positions will be also occupied by the components of the eleven of gala of the team cul\u00e9. In the centre of the field Iniesta and Rakitic will be intocables, whereas  desconoce to day of today who will finish occupying the position of Sergio Busquets.<\/p> <p>From &#8220;FCBN&#8221; take advantage of to remember you that <strong>you can buy the entrances for this commitment<\/strong>, as well as for the rest of meetings of the season 2016-2017, <a href=\"https:\/\/www.fcbarcelonanoticias.com\/entradas-fcbarcelona.html\"><strong>through this link<\/strong><\/a>.<\/p> ","protected":false},"excerpt":{"rendered":"<p>The technical body of Luis Enrique has decided to carry to all the staff, lesionados and sanctioned included, for the dispute of the gone of quarter-finals of UEFA\u00a0Champions League against the Juventus of Tur\u00edn, this next Tuesday in Italian earths The FC Barcelona&nbsp;will contest this Tuesday 11 April, from the 20.45 hours, the important duel [&hellip;]<\/p>\n","protected":false},"author":366,"featured_media":24887,"comment_status":"closed","ping_status":"open","sticky":false,"template":"","format":"standard","meta":{"_acf_changed":false,"inline_featured_image":false,"_nextfly_llmd_date_locked":false,"footnotes":""},"categories":[111],"tags":[184,105,148],"class_list":["post-24886","post","type-post","status-publish","format-standard","has-post-thumbnail","hentry","category-fc-barcelona","tag-fc-barcelona-squad-lists","tag-juventus","tag-luis-enrique"],"acf":[],"yoast_head":"<!-- This site is optimized with the Yoast SEO plugin v27.3 - https:\/\/yoast.com\/product\/yoast-seo-wordpress\/ -->\n<title>List of summoned of the Bar\u00e7a in front of the Juventus (Ida 1\/4 Champions)<\/title>\n<meta name=\"description\" content=\"The technical body of Luis Enrique has decided to carry to all the staff, lesionados and sanctioned included, for the dispute of the gone of chambers...\" \/>\n<meta name=\"robots\" content=\"index, follow, max-snippet:-1, max-image-preview:large, max-video-preview:-1\" \/>\n<link rel=\"canonical\" href=\"https:\/\/www.fcbarcelonanoticias.com\/en\/fc-barcelona\/list-of-summoned-of-the-barca-in-front-of-the-juventus-ida-1-4_198740_102.html\" \/>\n<meta property=\"og:locale\" content=\"en_US\" \/>\n<meta property=\"og:type\" content=\"article\" \/>\n<meta property=\"og:title\" content=\"List of summoned of the Bar\u00e7a in front of the Juventus (Ida 1\/4 Champions)\" \/>\n<meta property=\"og:description\" content=\"The technical body of Luis Enrique has decided to carry to all the staff, lesionados and sanctioned included, for the dispute of the gone of chambers...\" \/>\n<meta property=\"og:url\" content=\"https:\/\/www.fcbarcelonanoticias.com\/en\/fc-barcelona\/list-of-summoned-of-the-barca-in-front-of-the-juventus-ida-1-4_198740_102.html\" \/>\n<meta property=\"og:site_name\" content=\"EN - FC Barcelona Noticias\" \/>\n<meta property=\"article:published_time\" content=\"2017-04-09T12:13:00+00:00\" \/>\n<meta property=\"article:modified_time\" content=\"2026-04-16T07:39:50+00:00\" \/>\n<meta property=\"og:image\" content=\"https:\/\/www.fcbarcelonanoticias.com\/en\/wp-content\/uploads\/sites\/2\/2017\/04\/fc-barcelona-214973.jpeg\" \/>\n\t<meta property=\"og:image:width\" content=\"761\" \/>\n\t<meta property=\"og:image:height\" content=\"428\" \/>\n\t<meta property=\"og:image:type\" content=\"image\/jpeg\" \/>\n<meta name=\"author\" content=\"Carlos Dom\u00ednguez\" \/>\n<meta name=\"twitter:card\" content=\"summary_large_image\" \/>\n<meta name=\"twitter:label1\" content=\"Written by\" \/>\n\t<meta name=\"twitter:data1\" content=\"Carlos Dom\u00ednguez\" \/>\n\t<meta name=\"twitter:label2\" content=\"Est. reading time\" \/>\n\t<meta name=\"twitter:data2\" content=\"2 minutes\" \/>\n<script type=\"application\/ld+json\" class=\"yoast-schema-graph\">{\"@context\":\"https:\\\/\\\/schema.org\",\"@graph\":[{\"@type\":\"Article\",\"@id\":\"https:\\\/\\\/www.fcbarcelonanoticias.com\\\/en\\\/fc-barcelona\\\/list-of-summoned-of-the-barca-in-front-of-the-juventus-ida-1-4_198740_102.html#article\",\"isPartOf\":{\"@id\":\"https:\\\/\\\/www.fcbarcelonanoticias.com\\\/en\\\/fc-barcelona\\\/list-of-summoned-of-the-barca-in-front-of-the-juventus-ida-1-4_198740_102.html\"},\"author\":{\"name\":\"Carlos Dom\u00ednguez\",\"@id\":\"https:\\\/\\\/www.fcbarcelonanoticias.com\\\/en\\\/#\\\/schema\\\/person\\\/888e29b17b79c70d1c617d8a7bc9b8c6\"},\"headline\":\"List of summoned of the Bar\u00e7a in front of the Juventus (Ida 1\\\/4)\",\"datePublished\":\"2017-04-09T12:13:00+00:00\",\"dateModified\":\"2026-04-16T07:39:50+00:00\",\"mainEntityOfPage\":{\"@id\":\"https:\\\/\\\/www.fcbarcelonanoticias.com\\\/en\\\/fc-barcelona\\\/list-of-summoned-of-the-barca-in-front-of-the-juventus-ida-1-4_198740_102.html\"},\"wordCount\":391,\"image\":{\"@id\":\"https:\\\/\\\/www.fcbarcelonanoticias.com\\\/en\\\/fc-barcelona\\\/list-of-summoned-of-the-barca-in-front-of-the-juventus-ida-1-4_198740_102.html#primaryimage\"},\"thumbnailUrl\":\"https:\\\/\\\/www.fcbarcelonanoticias.com\\\/en\\\/wp-content\\\/uploads\\\/sites\\\/2\\\/2017\\\/04\\\/fc-barcelona-214973.jpeg\",\"keywords\":[\"FC Barcelona Squad Lists\",\"Juventus\",\"Luis Enrique\"],\"articleSection\":[\"FC Barcelona\"],\"inLanguage\":\"en-US\"},{\"@type\":\"WebPage\",\"@id\":\"https:\\\/\\\/www.fcbarcelonanoticias.com\\\/en\\\/fc-barcelona\\\/list-of-summoned-of-the-barca-in-front-of-the-juventus-ida-1-4_198740_102.html\",\"url\":\"https:\\\/\\\/www.fcbarcelonanoticias.com\\\/en\\\/fc-barcelona\\\/list-of-summoned-of-the-barca-in-front-of-the-juventus-ida-1-4_198740_102.html\",\"name\":\"List of summoned of the Bar\u00e7a in front of the Juventus (Ida 1\\\/4 Champions)\",\"isPartOf\":{\"@id\":\"https:\\\/\\\/www.fcbarcelonanoticias.com\\\/en\\\/#website\"},\"primaryImageOfPage\":{\"@id\":\"https:\\\/\\\/www.fcbarcelonanoticias.com\\\/en\\\/fc-barcelona\\\/list-of-summoned-of-the-barca-in-front-of-the-juventus-ida-1-4_198740_102.html#primaryimage\"},\"image\":{\"@id\":\"https:\\\/\\\/www.fcbarcelonanoticias.com\\\/en\\\/fc-barcelona\\\/list-of-summoned-of-the-barca-in-front-of-the-juventus-ida-1-4_198740_102.html#primaryimage\"},\"thumbnailUrl\":\"https:\\\/\\\/www.fcbarcelonanoticias.com\\\/en\\\/wp-content\\\/uploads\\\/sites\\\/2\\\/2017\\\/04\\\/fc-barcelona-214973.jpeg\",\"datePublished\":\"2017-04-09T12:13:00+00:00\",\"dateModified\":\"2026-04-16T07:39:50+00:00\",\"author\":{\"@id\":\"https:\\\/\\\/www.fcbarcelonanoticias.com\\\/en\\\/#\\\/schema\\\/person\\\/888e29b17b79c70d1c617d8a7bc9b8c6\"},\"description\":\"The technical body of Luis Enrique has decided to carry to all the staff, lesionados and sanctioned included, for the dispute of the gone of chambers...\",\"breadcrumb\":{\"@id\":\"https:\\\/\\\/www.fcbarcelonanoticias.com\\\/en\\\/fc-barcelona\\\/list-of-summoned-of-the-barca-in-front-of-the-juventus-ida-1-4_198740_102.html#breadcrumb\"},\"inLanguage\":\"en-US\",\"potentialAction\":[{\"@type\":\"ReadAction\",\"target\":[\"https:\\\/\\\/www.fcbarcelonanoticias.com\\\/en\\\/fc-barcelona\\\/list-of-summoned-of-the-barca-in-front-of-the-juventus-ida-1-4_198740_102.html\"]}]},{\"@type\":\"ImageObject\",\"inLanguage\":\"en-US\",\"@id\":\"https:\\\/\\\/www.fcbarcelonanoticias.com\\\/en\\\/fc-barcelona\\\/list-of-summoned-of-the-barca-in-front-of-the-juventus-ida-1-4_198740_102.html#primaryimage\",\"url\":\"https:\\\/\\\/www.fcbarcelonanoticias.com\\\/en\\\/wp-content\\\/uploads\\\/sites\\\/2\\\/2017\\\/04\\\/fc-barcelona-214973.jpeg\",\"contentUrl\":\"https:\\\/\\\/www.fcbarcelonanoticias.com\\\/en\\\/wp-content\\\/uploads\\\/sites\\\/2\\\/2017\\\/04\\\/fc-barcelona-214973.jpeg\",\"width\":761,\"height\":428},{\"@type\":\"BreadcrumbList\",\"@id\":\"https:\\\/\\\/www.fcbarcelonanoticias.com\\\/en\\\/fc-barcelona\\\/list-of-summoned-of-the-barca-in-front-of-the-juventus-ida-1-4_198740_102.html#breadcrumb\",\"itemListElement\":[{\"@type\":\"ListItem\",\"position\":1,\"name\":\"Portada\",\"item\":\"https:\\\/\\\/www.fcbarcelonanoticias.com\\\/en\\\/\"},{\"@type\":\"ListItem\",\"position\":2,\"name\":\"List of summoned of the Bar\u00e7a in front of the Juventus (Ida 1\\\/4)\"}]},{\"@type\":\"WebSite\",\"@id\":\"https:\\\/\\\/www.fcbarcelonanoticias.com\\\/en\\\/#website\",\"url\":\"https:\\\/\\\/www.fcbarcelonanoticias.com\\\/en\\\/\",\"name\":\"EN - FC Barcelona Noticias\",\"description\":\"\",\"potentialAction\":[{\"@type\":\"SearchAction\",\"target\":{\"@type\":\"EntryPoint\",\"urlTemplate\":\"https:\\\/\\\/www.fcbarcelonanoticias.com\\\/en\\\/?s={search_term_string}\"},\"query-input\":{\"@type\":\"PropertyValueSpecification\",\"valueRequired\":true,\"valueName\":\"search_term_string\"}}],\"inLanguage\":\"en-US\"},{\"@type\":\"Person\",\"@id\":\"https:\\\/\\\/www.fcbarcelonanoticias.com\\\/en\\\/#\\\/schema\\\/person\\\/888e29b17b79c70d1c617d8a7bc9b8c6\",\"name\":\"Carlos Dom\u00ednguez\",\"image\":{\"@type\":\"ImageObject\",\"inLanguage\":\"en-US\",\"@id\":\"https:\\\/\\\/secure.gravatar.com\\\/avatar\\\/?s=96&d=mm&r=g\",\"url\":\"https:\\\/\\\/secure.gravatar.com\\\/avatar\\\/?s=96&d=mm&r=g\",\"contentUrl\":\"https:\\\/\\\/secure.gravatar.com\\\/avatar\\\/?s=96&d=mm&r=g\",\"caption\":\"Carlos Dom\u00ednguez\"},\"url\":\"https:\\\/\\\/www.fcbarcelonanoticias.com\\\/en\\\/carlos-dominguez_2_115.html\"}]}<\/script>\n<!-- \/ Yoast SEO plugin. -->","yoast_head_json":{"title":"List of summoned of the Bar\u00e7a in front of the Juventus (Ida 1\/4 Champions)","description":"The technical body of Luis Enrique has decided to carry to all the staff, lesionados and sanctioned included, for the dispute of the gone of chambers...","robots":{"index":"index","follow":"follow","max-snippet":"max-snippet:-1","max-image-preview":"max-image-preview:large","max-video-preview":"max-video-preview:-1"},"canonical":"https:\/\/www.fcbarcelonanoticias.com\/en\/fc-barcelona\/list-of-summoned-of-the-barca-in-front-of-the-juventus-ida-1-4_198740_102.html","og_locale":"en_US","og_type":"article","og_title":"List of summoned of the Bar\u00e7a in front of the Juventus (Ida 1\/4 Champions)","og_description":"The technical body of Luis Enrique has decided to carry to all the staff, lesionados and sanctioned included, for the dispute of the gone of chambers...","og_url":"https:\/\/www.fcbarcelonanoticias.com\/en\/fc-barcelona\/list-of-summoned-of-the-barca-in-front-of-the-juventus-ida-1-4_198740_102.html","og_site_name":"EN - FC Barcelona Noticias","article_published_time":"2017-04-09T12:13:00+00:00","article_modified_time":"2026-04-16T07:39:50+00:00","og_image":[{"width":761,"height":428,"url":"https:\/\/www.fcbarcelonanoticias.com\/en\/wp-content\/uploads\/sites\/2\/2017\/04\/fc-barcelona-214973.jpeg","type":"image\/jpeg"}],"author":"Carlos Dom\u00ednguez","twitter_card":"summary_large_image","twitter_misc":{"Written by":"Carlos Dom\u00ednguez","Est. reading time":"2 minutes"},"schema":{"@context":"https:\/\/schema.org","@graph":[{"@type":"Article","@id":"https:\/\/www.fcbarcelonanoticias.com\/en\/fc-barcelona\/list-of-summoned-of-the-barca-in-front-of-the-juventus-ida-1-4_198740_102.html#article","isPartOf":{"@id":"https:\/\/www.fcbarcelonanoticias.com\/en\/fc-barcelona\/list-of-summoned-of-the-barca-in-front-of-the-juventus-ida-1-4_198740_102.html"},"author":{"name":"Carlos Dom\u00ednguez","@id":"https:\/\/www.fcbarcelonanoticias.com\/en\/#\/schema\/person\/888e29b17b79c70d1c617d8a7bc9b8c6"},"headline":"List of summoned of the Bar\u00e7a in front of the Juventus (Ida 1\/4)","datePublished":"2017-04-09T12:13:00+00:00","dateModified":"2026-04-16T07:39:50+00:00","mainEntityOfPage":{"@id":"https:\/\/www.fcbarcelonanoticias.com\/en\/fc-barcelona\/list-of-summoned-of-the-barca-in-front-of-the-juventus-ida-1-4_198740_102.html"},"wordCount":391,"image":{"@id":"https:\/\/www.fcbarcelonanoticias.com\/en\/fc-barcelona\/list-of-summoned-of-the-barca-in-front-of-the-juventus-ida-1-4_198740_102.html#primaryimage"},"thumbnailUrl":"https:\/\/www.fcbarcelonanoticias.com\/en\/wp-content\/uploads\/sites\/2\/2017\/04\/fc-barcelona-214973.jpeg","keywords":["FC Barcelona Squad Lists","Juventus","Luis Enrique"],"articleSection":["FC Barcelona"],"inLanguage":"en-US"},{"@type":"WebPage","@id":"https:\/\/www.fcbarcelonanoticias.com\/en\/fc-barcelona\/list-of-summoned-of-the-barca-in-front-of-the-juventus-ida-1-4_198740_102.html","url":"https:\/\/www.fcbarcelonanoticias.com\/en\/fc-barcelona\/list-of-summoned-of-the-barca-in-front-of-the-juventus-ida-1-4_198740_102.html","name":"List of summoned of the Bar\u00e7a in front of the Juventus (Ida 1\/4 Champions)","isPartOf":{"@id":"https:\/\/www.fcbarcelonanoticias.com\/en\/#website"},"primaryImageOfPage":{"@id":"https:\/\/www.fcbarcelonanoticias.com\/en\/fc-barcelona\/list-of-summoned-of-the-barca-in-front-of-the-juventus-ida-1-4_198740_102.html#primaryimage"},"image":{"@id":"https:\/\/www.fcbarcelonanoticias.com\/en\/fc-barcelona\/list-of-summoned-of-the-barca-in-front-of-the-juventus-ida-1-4_198740_102.html#primaryimage"},"thumbnailUrl":"https:\/\/www.fcbarcelonanoticias.com\/en\/wp-content\/uploads\/sites\/2\/2017\/04\/fc-barcelona-214973.jpeg","datePublished":"2017-04-09T12:13:00+00:00","dateModified":"2026-04-16T07:39:50+00:00","author":{"@id":"https:\/\/www.fcbarcelonanoticias.com\/en\/#\/schema\/person\/888e29b17b79c70d1c617d8a7bc9b8c6"},"description":"The technical body of Luis Enrique has decided to carry to all the staff, lesionados and sanctioned included, for the dispute of the gone of chambers...","breadcrumb":{"@id":"https:\/\/www.fcbarcelonanoticias.com\/en\/fc-barcelona\/list-of-summoned-of-the-barca-in-front-of-the-juventus-ida-1-4_198740_102.html#breadcrumb"},"inLanguage":"en-US","potentialAction":[{"@type":"ReadAction","target":["https:\/\/www.fcbarcelonanoticias.com\/en\/fc-barcelona\/list-of-summoned-of-the-barca-in-front-of-the-juventus-ida-1-4_198740_102.html"]}]},{"@type":"ImageObject","inLanguage":"en-US","@id":"https:\/\/www.fcbarcelonanoticias.com\/en\/fc-barcelona\/list-of-summoned-of-the-barca-in-front-of-the-juventus-ida-1-4_198740_102.html#primaryimage","url":"https:\/\/www.fcbarcelonanoticias.com\/en\/wp-content\/uploads\/sites\/2\/2017\/04\/fc-barcelona-214973.jpeg","contentUrl":"https:\/\/www.fcbarcelonanoticias.com\/en\/wp-content\/uploads\/sites\/2\/2017\/04\/fc-barcelona-214973.jpeg","width":761,"height":428},{"@type":"BreadcrumbList","@id":"https:\/\/www.fcbarcelonanoticias.com\/en\/fc-barcelona\/list-of-summoned-of-the-barca-in-front-of-the-juventus-ida-1-4_198740_102.html#breadcrumb","itemListElement":[{"@type":"ListItem","position":1,"name":"Portada","item":"https:\/\/www.fcbarcelonanoticias.com\/en\/"},{"@type":"ListItem","position":2,"name":"List of summoned of the Bar\u00e7a in front of the Juventus (Ida 1\/4)"}]},{"@type":"WebSite","@id":"https:\/\/www.fcbarcelonanoticias.com\/en\/#website","url":"https:\/\/www.fcbarcelonanoticias.com\/en\/","name":"EN - FC Barcelona Noticias","description":"","potentialAction":[{"@type":"SearchAction","target":{"@type":"EntryPoint","urlTemplate":"https:\/\/www.fcbarcelonanoticias.com\/en\/?s={search_term_string}"},"query-input":{"@type":"PropertyValueSpecification","valueRequired":true,"valueName":"search_term_string"}}],"inLanguage":"en-US"},{"@type":"Person","@id":"https:\/\/www.fcbarcelonanoticias.com\/en\/#\/schema\/person\/888e29b17b79c70d1c617d8a7bc9b8c6","name":"Carlos Dom\u00ednguez","image":{"@type":"ImageObject","inLanguage":"en-US","@id":"https:\/\/secure.gravatar.com\/avatar\/?s=96&d=mm&r=g","url":"https:\/\/secure.gravatar.com\/avatar\/?s=96&d=mm&r=g","contentUrl":"https:\/\/secure.gravatar.com\/avatar\/?s=96&d=mm&r=g","caption":"Carlos Dom\u00ednguez"},"url":"https:\/\/www.fcbarcelonanoticias.com\/en\/carlos-dominguez_2_115.html"}]}},"_links":{"self":[{"href":"https:\/\/www.fcbarcelonanoticias.com\/en\/wp-json\/wp\/v2\/posts\/24886","targetHints":{"allow":["GET"]}}],"collection":[{"href":"https:\/\/www.fcbarcelonanoticias.com\/en\/wp-json\/wp\/v2\/posts"}],"about":[{"href":"https:\/\/www.fcbarcelonanoticias.com\/en\/wp-json\/wp\/v2\/types\/post"}],"author":[{"embeddable":true,"href":"https:\/\/www.fcbarcelonanoticias.com\/en\/wp-json\/wp\/v2\/users\/366"}],"replies":[{"embeddable":true,"href":"https:\/\/www.fcbarcelonanoticias.com\/en\/wp-json\/wp\/v2\/comments?post=24886"}],"version-history":[{"count":4,"href":"https:\/\/www.fcbarcelonanoticias.com\/en\/wp-json\/wp\/v2\/posts\/24886\/revisions"}],"predecessor-version":[{"id":178130,"href":"https:\/\/www.fcbarcelonanoticias.com\/en\/wp-json\/wp\/v2\/posts\/24886\/revisions\/178130"}],"wp:featuredmedia":[{"embeddable":true,"href":"https:\/\/www.fcbarcelonanoticias.com\/en\/wp-json\/wp\/v2\/media\/24887"}],"wp:attachment":[{"href":"https:\/\/www.fcbarcelonanoticias.com\/en\/wp-json\/wp\/v2\/media?parent=24886"}],"wp:term":[{"taxonomy":"category","embeddable":true,"href":"https:\/\/www.fcbarcelonanoticias.com\/en\/wp-json\/wp\/v2\/categories?post=24886"},{"taxonomy":"post_tag","embeddable":true,"href":"https:\/\/www.fcbarcelonanoticias.com\/en\/wp-json\/wp\/v2\/tags?post=24886"}],"curies":[{"name":"wp","href":"https:\/\/api.w.org\/{rel}","templated":true}]}}